{"id":76095,"date":"2025-08-22T08:33:40","date_gmt":"2025-08-22T11:33:40","guid":{"rendered":"https:\/\/noticiasribeiraopreto.com.br\/index.php\/2025\/08\/22\/operacao-da-pf-fecha-fabrica-de-fuzis-no-interior-de-sp\/"},"modified":"2025-08-22T08:33:40","modified_gmt":"2025-08-22T11:33:40","slug":"operacao-da-pf-fecha-fabrica-de-fuzis-no-interior-de-sp","status":"publish","type":"post","link":"https:\/\/noticiasribeiraopreto.com.br\/index.php\/2025\/08\/22\/operacao-da-pf-fecha-fabrica-de-fuzis-no-interior-de-sp\/","title":{"rendered":"Opera\u00e7\u00e3o da PF fecha f\u00e1brica de fuzis no interior de SP"},"content":{"rendered":"<div class='code-block code-block-1' style='margin: 8px 0 8px auto; text-align: right; display: block; clear: both;'>\n<p><a href=\"https:\/\/wa.link\/vpicfd\"><img data-recalc-dims=\"1\" class=\"wp-image-4922\" style=\"aspect-ratio: 2.0253164556962027; width: 561px; height: auto;\" src=\"https:\/\/i0.wp.com\/ismaelcolosi.com.br\/wp-content\/uploads\/2023\/11\/grupo-de-empregos-whatsapp-e-facebook-ismael-colosi-vagas.jpg?ssl=1\" alt=\"\" \/><\/a><\/p>\n<!-- \/wp:image -->\n<\/div>\n<p> <br \/>\n<\/p>\n<div id=\"post-436268\">\n<header class=\"entry-header penci-entry-header penci-title-center\">\n<p>\n\t\t\t\t\t\t\t\t\t<span class=\"entry-meta-item penci-posted-on\"><i class=\"fa fa-clock-o\"\/><time class=\"entry-date published\" datetime=\"2025-08-22T08:28:11-03:00\">22 de agosto de 2025 08:28<\/time><time class=\"updated\" datetime=\"2025-08-22T08:31:54-03:00\">22 de agosto de 2025 08:31<\/time><\/span><span class=\"entry-meta-item penci-post-countview\"><span class=\"entry-meta-item penci-post-countview penci_post-meta_item\"><i class=\"fa fa-eye\"\/><span class=\"penci-post-countview-number penci-post-countview-p436268\">0<\/span><\/span><\/span>\t\t\t\t\t\t\t\t<\/p>\n<p><!-- .entry-meta --><br \/>\n\t\t\t\t\t\t\t\t<span class=\"penci-social-buttons penci-social-share-footer\"><span class=\"penci-social-share-text\">Compartilhar<\/span><a href=\"#\" class=\"penci-post-like penci_post-meta_item  single-like-button penci-social-item like\" data-post_id=\"436268\" title=\"Like\" data-like=\"Like\" data-unlike=\"Unlike\"><i class=\"fa fa-thumbs-o-up\"\/><span class=\"penci-share-number\">0<\/span><\/a><i class=\"fa fa-facebook\"\/><a class=\"penci-social-item twitter\" target=\"_blank\" rel=\"noopener\" title=\"\" href=\"https:\/\/twitter.com\/intent\/tweet?text=Opera\u00e7\u00e3o%20da%20PF%20fecha%20%20%20f\u00e1brica%20de%20fuzis%20no%20interior%20de%20SP%20-%20https:\/\/www.tribunaribeirao.com.br\/operacao-fecha-fabrica-de-fuzis\/\"><i class=\"fa fa-twitter\"\/><\/a><i class=\"fa fa-linkedin\"\/><i class=\"fa fa-whatsapp\"\/><i class=\"fa fa-telegram\"\/><i class=\"fa fa-envelope\"\/><\/span>\t\t\t\t\t\t\t<\/header>\n<p><!-- .entry-header --><\/p>\n<div class=\"penci-entry-content entry-content\">\n<p><span class=\"TextRun SCXW116385428 BCX2\" lang=\"PT-BR\" xml:lang=\"PT-BR\" data-contrast=\"auto\"><span class=\"NormalTextRun SCXW116385428 BCX2\">A Pol\u00edcia Federal (PF) <\/span><span class=\"NormalTextRun SCXW116385428 BCX2\">e a Militar (PM) <\/span><span class=\"NormalTextRun SCXW116385428 BCX2\">prende<\/span><span class=\"NormalTextRun SCXW116385428 BCX2\">ram<\/span><span class=\"NormalTextRun SCXW116385428 BCX2\">, <\/span><span class=\"NormalTextRun SCXW116385428 BCX2\">na cidade paulista de <\/span><span class=\"NormalTextRun SCXW116385428 BCX2\">Americana, dois homens suspeitos de fabricar fuzis para organiza\u00e7\u00f5es criminosas. As deten\u00e7\u00f5es ocorreram na quarta-feira<\/span><span class=\"NormalTextRun SCXW116385428 BCX2\">, 20 de agosto, <\/span><span class=\"NormalTextRun SCXW116385428 BCX2\">enquanto eles descarregavam pe\u00e7as usadas no armamento em uma casa. <\/span><\/span><span class=\"LineBreakBlob BlobObject DragDrop SCXW116385428 BCX2\"><span class=\"SCXW116385428 BCX2\">\u00a0<\/span><br class=\"SCXW116385428 BCX2\"\/><\/span><span class=\"LineBreakBlob BlobObject DragDrop SCXW116385428 BCX2\"><span class=\"SCXW116385428 BCX2\">\u00a0<\/span><br class=\"SCXW116385428 BCX2\"\/><\/span><span class=\"TextRun SCXW116385428 BCX2\" lang=\"PT-BR\" xml:lang=\"PT-BR\" data-contrast=\"auto\"><span class=\"NormalTextRun SCXW116385428 BCX2\">Um dos presos, de 38 anos, mora em Campinas, e o outro, de 33 anos, \u00e9 morador de S\u00e3o Jo\u00e3o da Boa Vista.<\/span> <span class=\"NormalTextRun SCXW116385428 BCX2\">As investiga\u00e7\u00f5es come\u00e7aram h\u00e1 dez dias, depois que a PF recebeu informa\u00e7\u00f5es sobre uma f\u00e1brica ilegal de armas de fogo, usando equipamentos industriais de alta precis\u00e3o. <\/span><\/span><span class=\"LineBreakBlob BlobObject DragDrop SCXW116385428 BCX2\"><span class=\"SCXW116385428 BCX2\">\u00a0<\/span><br class=\"SCXW116385428 BCX2\"\/><\/span><span class=\"LineBreakBlob BlobObject DragDrop SCXW116385428 BCX2\"><span class=\"SCXW116385428 BCX2\">\u00a0<\/span><br class=\"SCXW116385428 BCX2\"\/><\/span><span class=\"TextRun SCXW116385428 BCX2\" lang=\"PT-BR\" xml:lang=\"PT-BR\" data-contrast=\"auto\"><span class=\"NormalTextRun SCXW116385428 BCX2\">De acordo com o delegado chefe da Pol\u00edcia Federal em Campinas, Edson Geraldo de Souza, as pe\u00e7as apreendidas poderiam montar pelo menos 40 fuzis.\u00a0<\/span> <span class=\"NormalTextRun SCXW116385428 BCX2\">A f\u00e1brica ilegal funcionava em Santa B\u00e1rbara D\u2019Oeste<\/span><span class=\"NormalTextRun SCXW116385428 BCX2\">, cidade vizinha a Americana. <\/span><\/span><span class=\"LineBreakBlob BlobObject DragDrop SCXW116385428 BCX2\"><span class=\"SCXW116385428 BCX2\">\u00a0<\/span><br class=\"SCXW116385428 BCX2\"\/><\/span><span class=\"LineBreakBlob BlobObject DragDrop SCXW116385428 BCX2\"><span class=\"SCXW116385428 BCX2\">\u00a0<\/span><br class=\"SCXW116385428 BCX2\"\/><\/span><span class=\"TextRun SCXW116385428 BCX2\" lang=\"PT-BR\" xml:lang=\"PT-BR\" data-contrast=\"auto\"><span class=\"NormalTextRun SCXW116385428 BCX2\">Segundo a PM, dois home<\/span><span class=\"NormalTextRun SCXW116385428 BCX2\">ns<\/span><span class=\"NormalTextRun SCXW116385428 BCX2\"> foram abordados em dois ve\u00edculos suspeitos de transportar armamentos. A pol\u00edcia j\u00e1 tinha a den\u00fancia e encontrou pe\u00e7as de fuzil dentro dos carros.<\/span> <span class=\"NormalTextRun SCXW116385428 BCX2\">Questionados, eles informaram aos policiais que trabalhavam em uma esp\u00e9cie de f\u00e1brica de armas e levariam o armamento para fazer acabamento de pintura.\u00a0<\/span> <\/span><span class=\"LineBreakBlob BlobObject DragDrop SCXW116385428 BCX2\"><span class=\"SCXW116385428 BCX2\">\u00a0<\/span><br class=\"SCXW116385428 BCX2\"\/><\/span><span class=\"LineBreakBlob BlobObject DragDrop SCXW116385428 BCX2\"><span class=\"SCXW116385428 BCX2\">\u00a0<\/span><br class=\"SCXW116385428 BCX2\"\/><\/span><span class=\"TextRun SCXW116385428 BCX2\" lang=\"PT-BR\" xml:lang=\"PT-BR\" data-contrast=\"auto\"><span class=\"NormalTextRun SCXW116385428 BCX2\">A pol\u00edcia foi at\u00e9 o im\u00f3vel e encontrou mais de 40 <\/span><span class=\"NormalTextRun SCXW116385428 BCX2\">armas j\u00e1 prontas,<\/span><span class=\"NormalTextRun SCXW116385428 BCX2\"> em fase de acabamento.\u00a0<\/span> <span class=\"NormalTextRun SCXW116385428 BCX2\">Uma equipe se deslocou at\u00e9 o endere\u00e7o e localizou diversos maquin\u00e1rios e \u201cmoldes\u201d utilizados na fabrica\u00e7\u00e3o dos armamentos.<\/span> <span class=\"NormalTextRun SCXW116385428 BCX2\">Os dois homens foram presos e todo material encontrado foi apreendido e enviado \u00e0 sede da delegacia da Pol\u00edcia Federal de Campinas<\/span><\/span><span class=\"LineBreakBlob BlobObject DragDrop SCXW116385428 BCX2\"><span class=\"SCXW116385428 BCX2\">\u00a0<\/span><br class=\"SCXW116385428 BCX2\"\/><\/span><span class=\"LineBreakBlob BlobObject DragDrop SCXW116385428 BCX2\"><span class=\"SCXW116385428 BCX2\">\u00a0<\/span><br class=\"SCXW116385428 BCX2\"\/><\/span><span class=\"TextRun SCXW116385428 BCX2\" lang=\"PT-BR\" xml:lang=\"PT-BR\" data-contrast=\"auto\"><span class=\"NormalTextRun SCXW116385428 BCX2\">F<\/span><span class=\"NormalTextRun SCXW116385428 BCX2\">oi elaborado flagrante por posse e com\u00e9rcio ilegal de arma de fogo<\/span><span class=\"NormalTextRun SCXW116385428 BCX2\">, que envolvem <\/span><span class=\"NormalTextRun SCXW116385428 BCX2\">de <\/span><span class=\"NormalTextRun SCXW116385428 BCX2\">f<\/span><span class=\"NormalTextRun SCXW116385428 BCX2\">abrica\u00e7\u00e3o de arma<\/span><span class=\"NormalTextRun SCXW116385428 BCX2\">s<\/span><span class=\"NormalTextRun SCXW116385428 BCX2\"> de fogo sem autoriza\u00e7\u00e3o.<\/span><span class=\"NormalTextRun SCXW116385428 BCX2\">\u00a0 <\/span><span class=\"NormalTextRun SCXW116385428 BCX2\">As penas podem chegar a 18 anos de pris\u00e3o. Depois da den\u00fancia, os policiais notaram uma \u201cmovimenta\u00e7\u00e3o at\u00edpica\u201d na f\u00e1brica que, supostamente, funcionava como unidade de produ\u00e7\u00e3o de pe\u00e7as aeron\u00e1uticas.<\/span> <\/span><span class=\"LineBreakBlob BlobObject DragDrop SCXW116385428 BCX2\"><span class=\"SCXW116385428 BCX2\">\u00a0<\/span><br class=\"SCXW116385428 BCX2\"\/><\/span><span class=\"LineBreakBlob BlobObject DragDrop SCXW116385428 BCX2\"><span class=\"SCXW116385428 BCX2\">\u00a0<\/span><br class=\"SCXW116385428 BCX2\"\/><\/span><span class=\"TextRun SCXW116385428 BCX2\" lang=\"PT-BR\" xml:lang=\"PT-BR\" data-contrast=\"auto\"><span class=\"NormalTextRun SCXW116385428 BCX2\">\u201cN\u00f3s vimos uma movimenta\u00e7\u00e3o noturna, uma falta de movimenta\u00e7\u00e3o durante o dia e n\u00f3s come\u00e7amos a acompanhar ali o que acontecia\u201d, explica Souza.<\/span> <span class=\"NormalTextRun SCXW116385428 BCX2\">A equipe acompanhou os investigados at\u00e9 a casa em Americana e constatou que as caixas que estavam sendo descarregadas no local continham pe\u00e7as de fuzis. <\/span><\/span><span class=\"LineBreakBlob BlobObject DragDrop SCXW116385428 BCX2\"><span class=\"SCXW116385428 BCX2\">\u00a0<\/span><br class=\"SCXW116385428 BCX2\"\/><\/span><span class=\"LineBreakBlob BlobObject DragDrop SCXW116385428 BCX2\"><span class=\"SCXW116385428 BCX2\">\u00a0<\/span><br class=\"SCXW116385428 BCX2\"\/><\/span><span class=\"TextRun SCXW116385428 BCX2\" lang=\"PT-BR\" xml:lang=\"PT-BR\" data-contrast=\"auto\"><span class=\"NormalTextRun SCXW116385428 BCX2\">No im\u00f3vel, al\u00e9m de fuzis, foram encontradas muni\u00e7\u00f5es e outras pe\u00e7as de armas de fogo.<\/span> <span class=\"NormalTextRun SCXW116385428 BCX2\">Os suspeitos disseram aos policiais que fabricavam r\u00e9plicas do armamento, para vend\u00ea-las para compradores em diversos estados do Brasil.<\/span> <span class=\"NormalTextRun SCXW116385428 BCX2\">A Pol\u00edcia Federal informou que vai continuar as investiga\u00e7\u00f5es para identificar outros envolvidos no crime<\/span><span class=\"NormalTextRun SCXW116385428 BCX2\">.<\/span><\/span><span class=\"LineBreakBlob BlobObject DragDrop SCXW116385428 BCX2\"><span class=\"SCXW116385428 BCX2\">\u00a0<\/span><br class=\"SCXW116385428 BCX2\"\/><\/span><\/p>\n<\/div>\n<p><!-- .entry-content --><\/p>\n<footer class=\"penci-entry-footer\">\n\t\t\t\t\t\t\t\t<span class=\"penci-social-buttons penci-social-share-footer\"><span class=\"penci-social-share-text\">Compartilhar<\/span><a href=\"#\" class=\"penci-post-like penci_post-meta_item  single-like-button penci-social-item like\" data-post_id=\"436268\" title=\"Like\" data-like=\"Like\" data-unlike=\"Unlike\"><i class=\"fa fa-thumbs-o-up\"\/><span class=\"penci-share-number\">0<\/span><\/a><i class=\"fa fa-facebook\"\/><a class=\"penci-social-item twitter\" target=\"_blank\" rel=\"noopener\" title=\"\" href=\"https:\/\/twitter.com\/intent\/tweet?text=Opera\u00e7\u00e3o%20da%20PF%20fecha%20%20%20f\u00e1brica%20de%20fuzis%20no%20interior%20de%20SP%20-%20https:\/\/www.tribunaribeirao.com.br\/operacao-fecha-fabrica-de-fuzis\/\"><i class=\"fa fa-twitter\"\/><\/a><i class=\"fa fa-linkedin\"\/><i class=\"fa fa-whatsapp\"\/><i class=\"fa fa-telegram\"\/><i class=\"fa fa-envelope\"\/><\/span>\t\t\t\t\t\t\t<\/footer>\n<p><!-- .entry-footer -->\n\t\t\t\t\t\t<\/div>\n<p><script async src=\"\/\/platform.twitter.com\/widgets.js\" charset=\"utf-8\"><\/script><br \/>\n<br \/><br \/>\n<br \/><a href=\"https:\/\/www.tribunaribeirao.com.br\/operacao-fecha-fabrica-de-fuzis\/\">Source link <\/a><\/p>\n<!-- CONTENT END 1 -->\n","protected":false},"excerpt":{"rendered":"<p>22 de agosto de 2025 08:2822 de agosto de 2025 08:310 Compartilhar0 A Pol\u00edcia Federal (PF) e a Militar (PM) prenderam, na cidade paulista de&#8230;<\/p>\n","protected":false},"author":1,"featured_media":76096,"comment_status":"open","ping_status":"open","sticky":false,"template":"","format":"standard","meta":{"advanced_seo_description":"","jetpack_seo_html_title":"","jetpack_seo_noindex":false,"jetpack_post_was_ever_published":false,"_jetpack_newsletter_access":"","_jetpack_dont_email_post_to_subs":false,"_jetpack_newsletter_tier_id":0,"_jetpack_memberships_contains_paywalled_content":false,"_jetpack_memberships_contains_paid_content":false,"footnotes":"","jetpack_publicize_message":"","jetpack_publicize_feature_enabled":true,"jetpack_social_post_already_shared":true,"jetpack_social_options":{"image_generator_settings":{"template":"highway","default_image_id":0,"font":"","enabled":false},"version":2}},"categories":[11],"tags":[],"class_list":["post-76095","post","type-post","status-publish","format-standard","has-post-thumbnail","hentry","category-noticias-de-ribeirao-preto-sp-e-regiao-ismael-colosi"],"jetpack_publicize_connections":[],"jetpack_featured_media_url":"https:\/\/i0.wp.com\/noticiasribeiraopreto.com.br\/wp-content\/uploads\/2025\/08\/armas-.jpeg?fit=768%2C576&ssl=1","jetpack-related-posts":[{"id":55366,"url":"https:\/\/noticiasribeiraopreto.com.br\/index.php\/2024\/08\/01\/vai-ter-frente-fria-em-agosto-confira-a-previsao-no-estado-de-sp\/","url_meta":{"origin":76095,"position":0},"title":"Vai ter frente fria em agosto? Confira a previs\u00e3o no estado de SP","author":"noticiasribeiraopreto.com.br","date":"1 de August de 2024","format":false,"excerpt":"O m\u00eas de agosto come\u00e7a com previs\u00e3o de avan\u00e7o de frentes frias em dire\u00e7\u00e3o ao Sudeste na primeira quinzena. J\u00e1 na segunda quinzena, a meteorologia indica tempo seco e calor acima da m\u00e9dia, que podem atingir parte do estado de S\u00e3o Paulo. Segundo a Meteored, o avan\u00e7o de frentes frias\u2026","rel":"","context":"In &quot;Not\u00edcias de Ribeir\u00e3o Preto-SP e Regi\u00e3o&quot;","block_context":{"text":"Not\u00edcias de Ribeir\u00e3o Preto-SP e Regi\u00e3o","link":"https:\/\/noticiasribeiraopreto.com.br\/index.php\/category\/noticias-de-ribeirao-preto-sp-e-regiao-ismael-colosi\/"},"img":{"alt_text":"","src":"https:\/\/i0.wp.com\/noticiasribeiraopreto.com.br\/wp-content\/uploads\/2024\/08\/RIBEIRAO-PRETO.jpg?fit=1200%2C708&ssl=1&resize=350%2C200","width":350,"height":200,"srcset":"https:\/\/i0.wp.com\/noticiasribeiraopreto.com.br\/wp-content\/uploads\/2024\/08\/RIBEIRAO-PRETO.jpg?fit=1200%2C708&ssl=1&resize=350%2C200 1x, https:\/\/i0.wp.com\/noticiasribeiraopreto.com.br\/wp-content\/uploads\/2024\/08\/RIBEIRAO-PRETO.jpg?fit=1200%2C708&ssl=1&resize=525%2C300 1.5x, https:\/\/i0.wp.com\/noticiasribeiraopreto.com.br\/wp-content\/uploads\/2024\/08\/RIBEIRAO-PRETO.jpg?fit=1200%2C708&ssl=1&resize=700%2C400 2x, https:\/\/i0.wp.com\/noticiasribeiraopreto.com.br\/wp-content\/uploads\/2024\/08\/RIBEIRAO-PRETO.jpg?fit=1200%2C708&ssl=1&resize=1050%2C600 3x"},"classes":[]},{"id":75976,"url":"https:\/\/noticiasribeiraopreto.com.br\/index.php\/2025\/08\/19\/festa-do-peao-de-barretos-confira-programacao-completa-de-shows-e-rodeio\/","url_meta":{"origin":76095,"position":1},"title":"Festa do Pe\u00e3o de Barretos: Confira programa\u00e7\u00e3o completa de shows e rodeio","author":"noticiasribeiraopreto.com.br","date":"19 de August de 2025","format":false,"excerpt":"Come\u00e7ou a contagem regressiva para a edi\u00e7\u00e3o de 2025 da 70\u00aa Festa do Pe\u00e3o de Barretos. O maior evento de rodeio da Am\u00e9rica Latina acontece entre os dias 21 e 31 de agosto, no Parque do Pe\u00e3o, em Barretos. A festa re\u00fane competi\u00e7\u00f5es esportivas, v\u00e1rios shows, gastronomia t\u00edpica com op\u00e7\u00f5es\u2026","rel":"","context":"In &quot;Not\u00edcias de Ribeir\u00e3o Preto-SP e Regi\u00e3o&quot;","block_context":{"text":"Not\u00edcias de Ribeir\u00e3o Preto-SP e Regi\u00e3o","link":"https:\/\/noticiasribeiraopreto.com.br\/index.php\/category\/noticias-de-ribeirao-preto-sp-e-regiao-ismael-colosi\/"},"img":{"alt_text":"","src":"https:\/\/i0.wp.com\/noticiasribeiraopreto.com.br\/wp-content\/uploads\/2025\/07\/Imagem-do-WhatsApp-de-2025-07-01-as-16.18.28_57460c98_2025-07-01_19-43-10.webp.webp?fit=1200%2C800&ssl=1&resize=350%2C200","width":350,"height":200,"srcset":"https:\/\/i0.wp.com\/noticiasribeiraopreto.com.br\/wp-content\/uploads\/2025\/07\/Imagem-do-WhatsApp-de-2025-07-01-as-16.18.28_57460c98_2025-07-01_19-43-10.webp.webp?fit=1200%2C800&ssl=1&resize=350%2C200 1x, https:\/\/i0.wp.com\/noticiasribeiraopreto.com.br\/wp-content\/uploads\/2025\/07\/Imagem-do-WhatsApp-de-2025-07-01-as-16.18.28_57460c98_2025-07-01_19-43-10.webp.webp?fit=1200%2C800&ssl=1&resize=525%2C300 1.5x, https:\/\/i0.wp.com\/noticiasribeiraopreto.com.br\/wp-content\/uploads\/2025\/07\/Imagem-do-WhatsApp-de-2025-07-01-as-16.18.28_57460c98_2025-07-01_19-43-10.webp.webp?fit=1200%2C800&ssl=1&resize=700%2C400 2x, https:\/\/i0.wp.com\/noticiasribeiraopreto.com.br\/wp-content\/uploads\/2025\/07\/Imagem-do-WhatsApp-de-2025-07-01-as-16.18.28_57460c98_2025-07-01_19-43-10.webp.webp?fit=1200%2C800&ssl=1&resize=1050%2C600 3x"},"classes":[]},{"id":55762,"url":"https:\/\/noticiasribeiraopreto.com.br\/index.php\/2024\/08\/06\/desenvolve-sp-abre-concurso-publico-com-cinco-vagas-e-salarios-de-r-7-mil\/","url_meta":{"origin":76095,"position":2},"title":"Desenvolve-SP abre concurso p\u00fablico com cinco vagas e sal\u00e1rios de R$ 7 mil","author":"noticiasribeiraopreto.com.br","date":"6 de August de 2024","format":false,"excerpt":"A Desenvolve-SP abriu concurso p\u00fablico com cinco vagas. As vagas s\u00e3o de n\u00edvel superior e os sal\u00e1rios para os cargos variam entre R$ 4,6 mil e R$ 7 mil. As inscri\u00e7\u00f5es devem ser realizadas no per\u00edodo entre 10h do dia 7 de agosto e 23h59 do dia 29 de agosto\u2026","rel":"","context":"In &quot;Not\u00edcias de Ribeir\u00e3o Preto-SP e Regi\u00e3o&quot;","block_context":{"text":"Not\u00edcias de Ribeir\u00e3o Preto-SP e Regi\u00e3o","link":"https:\/\/noticiasribeiraopreto.com.br\/index.php\/category\/noticias-de-ribeirao-preto-sp-e-regiao-ismael-colosi\/"},"img":{"alt_text":"","src":"https:\/\/i0.wp.com\/noticiasribeiraopreto.com.br\/wp-content\/uploads\/2024\/08\/Copia-de-Copia-de-TAMANHO-EXATO-PARA-FOTOS-NO-SISTEMA-NOVO-6_2024-06-11_13-40-15_jpg_2024-06-11_13-40-15.webp.webp?fit=1200%2C675&ssl=1&resize=350%2C200","width":350,"height":200,"srcset":"https:\/\/i0.wp.com\/noticiasribeiraopreto.com.br\/wp-content\/uploads\/2024\/08\/Copia-de-Copia-de-TAMANHO-EXATO-PARA-FOTOS-NO-SISTEMA-NOVO-6_2024-06-11_13-40-15_jpg_2024-06-11_13-40-15.webp.webp?fit=1200%2C675&ssl=1&resize=350%2C200 1x, https:\/\/i0.wp.com\/noticiasribeiraopreto.com.br\/wp-content\/uploads\/2024\/08\/Copia-de-Copia-de-TAMANHO-EXATO-PARA-FOTOS-NO-SISTEMA-NOVO-6_2024-06-11_13-40-15_jpg_2024-06-11_13-40-15.webp.webp?fit=1200%2C675&ssl=1&resize=525%2C300 1.5x, https:\/\/i0.wp.com\/noticiasribeiraopreto.com.br\/wp-content\/uploads\/2024\/08\/Copia-de-Copia-de-TAMANHO-EXATO-PARA-FOTOS-NO-SISTEMA-NOVO-6_2024-06-11_13-40-15_jpg_2024-06-11_13-40-15.webp.webp?fit=1200%2C675&ssl=1&resize=700%2C400 2x, https:\/\/i0.wp.com\/noticiasribeiraopreto.com.br\/wp-content\/uploads\/2024\/08\/Copia-de-Copia-de-TAMANHO-EXATO-PARA-FOTOS-NO-SISTEMA-NOVO-6_2024-06-11_13-40-15_jpg_2024-06-11_13-40-15.webp.webp?fit=1200%2C675&ssl=1&resize=1050%2C600 3x"},"classes":[]},{"id":76028,"url":"https:\/\/noticiasribeiraopreto.com.br\/index.php\/2025\/08\/20\/instabilidade-tira-do-ar-consulta-de-dados-sobre-qualidade-do-ar-em-ribeirao-entenda\/","url_meta":{"origin":76095,"position":3},"title":"Instabilidade tira do ar consulta de dados sobre qualidade do ar em Ribeir\u00e3o; Entenda","author":"noticiasribeiraopreto.com.br","date":"20 de August de 2025","format":false,"excerpt":"Com a chegada do veranico, per\u00edodo em que as temperaturas ficam acima da m\u00e9dia mesmo no inverno, a qualidade do ar em Ribeir\u00e3o Preto pode ser prejudicada. Nesta semana, por\u00e9m, quem tentou acompanhar os \u00edndices de monitoramento encontrou dificuldades, j\u00e1 que a aba do site da Cetesb (Companhia Ambiental do\u2026","rel":"","context":"In &quot;Not\u00edcias de Ribeir\u00e3o Preto-SP e Regi\u00e3o&quot;","block_context":{"text":"Not\u00edcias de Ribeir\u00e3o Preto-SP e Regi\u00e3o","link":"https:\/\/noticiasribeiraopreto.com.br\/index.php\/category\/noticias-de-ribeirao-preto-sp-e-regiao-ismael-colosi\/"},"img":{"alt_text":"","src":"https:\/\/i0.wp.com\/noticiasribeiraopreto.com.br\/wp-content\/uploads\/2025\/08\/Copia-de-Copia-de-Copia-de-TAMANHO-EXATO-PARA-FOTOS-NO-SISTEMA-NOVO-2025-08-20T190609.455_2025-08-20_22-06-17.webp.webp?fit=1200%2C675&ssl=1&resize=350%2C200","width":350,"height":200,"srcset":"https:\/\/i0.wp.com\/noticiasribeiraopreto.com.br\/wp-content\/uploads\/2025\/08\/Copia-de-Copia-de-Copia-de-TAMANHO-EXATO-PARA-FOTOS-NO-SISTEMA-NOVO-2025-08-20T190609.455_2025-08-20_22-06-17.webp.webp?fit=1200%2C675&ssl=1&resize=350%2C200 1x, https:\/\/i0.wp.com\/noticiasribeiraopreto.com.br\/wp-content\/uploads\/2025\/08\/Copia-de-Copia-de-Copia-de-TAMANHO-EXATO-PARA-FOTOS-NO-SISTEMA-NOVO-2025-08-20T190609.455_2025-08-20_22-06-17.webp.webp?fit=1200%2C675&ssl=1&resize=525%2C300 1.5x, https:\/\/i0.wp.com\/noticiasribeiraopreto.com.br\/wp-content\/uploads\/2025\/08\/Copia-de-Copia-de-Copia-de-TAMANHO-EXATO-PARA-FOTOS-NO-SISTEMA-NOVO-2025-08-20T190609.455_2025-08-20_22-06-17.webp.webp?fit=1200%2C675&ssl=1&resize=700%2C400 2x, https:\/\/i0.wp.com\/noticiasribeiraopreto.com.br\/wp-content\/uploads\/2025\/08\/Copia-de-Copia-de-Copia-de-TAMANHO-EXATO-PARA-FOTOS-NO-SISTEMA-NOVO-2025-08-20T190609.455_2025-08-20_22-06-17.webp.webp?fit=1200%2C675&ssl=1&resize=1050%2C600 3x"},"classes":[]},{"id":56966,"url":"https:\/\/noticiasribeiraopreto.com.br\/index.php\/2024\/08\/19\/vai-fazer-mais-frio-em-agosto-veja-a-previsao-do-tempo-para-o-interior-de-sp\/","url_meta":{"origin":76095,"position":4},"title":"Vai fazer mais frio em agosto? Veja a previs\u00e3o do tempo para o interior de SP","author":"noticiasribeiraopreto.com.br","date":"19 de August de 2024","format":false,"excerpt":"Ap\u00f3s uma forte onda de frio que estabeleceu recordes de baixas temperaturas na primeira quinzena do m\u00eas de agosto, o calor voltou a afetar diversas regi\u00f5es do interior de S\u00e3o Paulo. Entretanto, essa onda de calor n\u00e3o vai durar muito, pois o frio j\u00e1 tem data marcada para retornar, de\u2026","rel":"","context":"In &quot;Not\u00edcias de Ribeir\u00e3o Preto-SP e Regi\u00e3o&quot;","block_context":{"text":"Not\u00edcias de Ribeir\u00e3o Preto-SP e Regi\u00e3o","link":"https:\/\/noticiasribeiraopreto.com.br\/index.php\/category\/noticias-de-ribeirao-preto-sp-e-regiao-ismael-colosi\/"},"img":{"alt_text":"","src":"https:\/\/i0.wp.com\/noticiasribeiraopreto.com.br\/wp-content\/uploads\/2024\/08\/frente_fria_-_foto_guilherme_sircili_5.jpg_231334169.png?fit=600%2C400&ssl=1&resize=350%2C200","width":350,"height":200,"srcset":"https:\/\/i0.wp.com\/noticiasribeiraopreto.com.br\/wp-content\/uploads\/2024\/08\/frente_fria_-_foto_guilherme_sircili_5.jpg_231334169.png?fit=600%2C400&ssl=1&resize=350%2C200 1x, https:\/\/i0.wp.com\/noticiasribeiraopreto.com.br\/wp-content\/uploads\/2024\/08\/frente_fria_-_foto_guilherme_sircili_5.jpg_231334169.png?fit=600%2C400&ssl=1&resize=525%2C300 1.5x"},"classes":[]},{"id":75331,"url":"https:\/\/noticiasribeiraopreto.com.br\/index.php\/2025\/08\/07\/confessionario-tribuna-ribeirao-41\/","url_meta":{"origin":76095,"position":5},"title":"Confession\u00e1rio &#8211; Tribuna Ribeir\u00e3o","author":"noticiasribeiraopreto.com.br","date":"7 de August de 2025","format":false,"excerpt":"7 de agosto de 2025 08:456 de agosto de 2025 20:371 Compartilhar0 De pai pra filho\u2026 O acordo RECRA X SESC foi ou n\u00e3o um neg\u00f3cio mais ou menos assim? Voc\u00ea me d\u00e1 sua casa por 99 anos e eu me comprometo a varrer a frente da minha e da\u2026","rel":"","context":"In &quot;Not\u00edcias de Ribeir\u00e3o Preto-SP e Regi\u00e3o&quot;","block_context":{"text":"Not\u00edcias de Ribeir\u00e3o Preto-SP e Regi\u00e3o","link":"https:\/\/noticiasribeiraopreto.com.br\/index.php\/category\/noticias-de-ribeirao-preto-sp-e-regiao-ismael-colosi\/"},"img":{"alt_text":"","src":"https:\/\/i0.wp.com\/noticiasribeiraopreto.com.br\/wp-content\/uploads\/2025\/08\/sesc.jpeg?fit=1200%2C675&ssl=1&resize=350%2C200","width":350,"height":200,"srcset":"https:\/\/i0.wp.com\/noticiasribeiraopreto.com.br\/wp-content\/uploads\/2025\/08\/sesc.jpeg?fit=1200%2C675&ssl=1&resize=350%2C200 1x, https:\/\/i0.wp.com\/noticiasribeiraopreto.com.br\/wp-content\/uploads\/2025\/08\/sesc.jpeg?fit=1200%2C675&ssl=1&resize=525%2C300 1.5x, https:\/\/i0.wp.com\/noticiasribeiraopreto.com.br\/wp-content\/uploads\/2025\/08\/sesc.jpeg?fit=1200%2C675&ssl=1&resize=700%2C400 2x, https:\/\/i0.wp.com\/noticiasribeiraopreto.com.br\/wp-content\/uploads\/2025\/08\/sesc.jpeg?fit=1200%2C675&ssl=1&resize=1050%2C600 3x"},"classes":[]}],"jetpack_sharing_enabled":true,"jetpack_shortlink":"https:\/\/wp.me\/peQAOb-jNl","_links":{"self":[{"href":"https:\/\/noticiasribeiraopreto.com.br\/index.php\/wp-json\/wp\/v2\/posts\/76095","targetHints":{"allow":["GET"]}}],"collection":[{"href":"https:\/\/noticiasribeiraopreto.com.br\/index.php\/wp-json\/wp\/v2\/posts"}],"about":[{"href":"https:\/\/noticiasribeiraopreto.com.br\/index.php\/wp-json\/wp\/v2\/types\/post"}],"author":[{"embeddable":true,"href":"https:\/\/noticiasribeiraopreto.com.br\/index.php\/wp-json\/wp\/v2\/users\/1"}],"replies":[{"embeddable":true,"href":"https:\/\/noticiasribeiraopreto.com.br\/index.php\/wp-json\/wp\/v2\/comments?post=76095"}],"version-history":[{"count":0,"href":"https:\/\/noticiasribeiraopreto.com.br\/index.php\/wp-json\/wp\/v2\/posts\/76095\/revisions"}],"wp:featuredmedia":[{"embeddable":true,"href":"https:\/\/noticiasribeiraopreto.com.br\/index.php\/wp-json\/wp\/v2\/media\/76096"}],"wp:attachment":[{"href":"https:\/\/noticiasribeiraopreto.com.br\/index.php\/wp-json\/wp\/v2\/media?parent=76095"}],"wp:term":[{"taxonomy":"category","embeddable":true,"href":"https:\/\/noticiasribeiraopreto.com.br\/index.php\/wp-json\/wp\/v2\/categories?post=76095"},{"taxonomy":"post_tag","embeddable":true,"href":"https:\/\/noticiasribeiraopreto.com.br\/index.php\/wp-json\/wp\/v2\/tags?post=76095"}],"curies":[{"name":"wp","href":"https:\/\/api.w.org\/{rel}","templated":true}]}}