{"id":76097,"date":"2025-08-22T08:52:37","date_gmt":"2025-08-22T11:52:37","guid":{"rendered":"https:\/\/noticiasribeiraopreto.com.br\/index.php\/2025\/08\/22\/concurso-2-904-da-mega-sena-acumula-confira-os-numeros\/"},"modified":"2025-08-22T08:52:37","modified_gmt":"2025-08-22T11:52:37","slug":"concurso-2-904-da-mega-sena-acumula-confira-os-numeros","status":"publish","type":"post","link":"https:\/\/noticiasribeiraopreto.com.br\/index.php\/2025\/08\/22\/concurso-2-904-da-mega-sena-acumula-confira-os-numeros\/","title":{"rendered":"Concurso 2.904 da Mega-Sena acumula; confira os n\u00fameros"},"content":{"rendered":"<div class='code-block code-block-1' style='margin: 8px 0 8px auto; text-align: right; display: block; clear: both;'>\n<p><a href=\"https:\/\/wa.link\/vpicfd\"><img data-recalc-dims=\"1\" class=\"wp-image-4922\" style=\"aspect-ratio: 2.0253164556962027; width: 561px; height: auto;\" src=\"https:\/\/i0.wp.com\/ismaelcolosi.com.br\/wp-content\/uploads\/2023\/11\/grupo-de-empregos-whatsapp-e-facebook-ismael-colosi-vagas.jpg?ssl=1\" alt=\"\" \/><\/a><\/p>\n<!-- \/wp:image -->\n<\/div>\n<p> <br \/>\n<\/p>\n<div id=\"post-436272\">\n<header class=\"entry-header penci-entry-header penci-title-center\">\n<p>\n\t\t\t\t\t\t\t\t\t<span class=\"entry-meta-item penci-posted-on\"><i class=\"fa fa-clock-o\"\/><time class=\"entry-date published\" datetime=\"2025-08-22T08:48:03-03:00\">22 de agosto de 2025 08:48<\/time><time class=\"updated\" datetime=\"2025-08-22T08:49:14-03:00\">22 de agosto de 2025 08:49<\/time><\/span><span class=\"entry-meta-item penci-post-countview\"><span class=\"entry-meta-item penci-post-countview penci_post-meta_item\"><i class=\"fa fa-eye\"\/><span class=\"penci-post-countview-number penci-post-countview-p436272\">0<\/span><\/span><\/span>\t\t\t\t\t\t\t\t<\/p>\n<p><!-- .entry-meta --><br \/>\n\t\t\t\t\t\t\t\t<span class=\"penci-social-buttons penci-social-share-footer\"><span class=\"penci-social-share-text\">Compartilhar<\/span><a href=\"#\" class=\"penci-post-like penci_post-meta_item  single-like-button penci-social-item like\" data-post_id=\"436272\" title=\"Like\" data-like=\"Like\" data-unlike=\"Unlike\"><i class=\"fa fa-thumbs-o-up\"\/><span class=\"penci-share-number\">0<\/span><\/a><i class=\"fa fa-facebook\"\/><a class=\"penci-social-item twitter\" target=\"_blank\" rel=\"noopener\" title=\"\" href=\"https:\/\/twitter.com\/intent\/tweet?text=Concurso%202.904%20da%20Mega-Sena%20acumula%20confira%20os%20n\u00fameros%20-%20https:\/\/www.tribunaribeirao.com.br\/concurso-2-904-da-mega-sena-acumula-confira-os-numeros\/\"><i class=\"fa fa-twitter\"\/><\/a><i class=\"fa fa-linkedin\"\/><i class=\"fa fa-whatsapp\"\/><i class=\"fa fa-telegram\"\/><i class=\"fa fa-envelope\"\/><\/span>\t\t\t\t\t\t\t<\/header>\n<p><!-- .entry-header --><\/p>\n<div class=\"penci-entry-content entry-content\">\n<div class=\"tdb-block-inner td-fix-index\">\n<p>Nenhum apostador acertou as seis dezenas do concurso 2.904 da Mega-Sena, realizado nesta quinta-feira (21). O pr\u00eamio acumulou e est\u00e1 estimado em R$ 28 milh\u00f5es para o pr\u00f3ximo sorteio.<\/p>\n<p>Os n\u00fameros sorteados foram: 02 \u2013 37 \u2013 38 \u2013 46 \u2013 52 \u2013 55.<\/p>\n<ul class=\"wp-block-list\">\n<li>10 apostas acertaram cinco dezenas e ir\u00e3o receber R$ 110.552,20 cada<\/li>\n<li>1.190 apostas acertaram quatro dezenas e ir\u00e3o receber R$ 1.531,33 cada<\/li>\n<\/ul>\n<p><strong>Jaboticabal<\/strong> \u2013 Na \u00faltima ter\u00e7a-feira uma aposta de Jaboticabal,\u00a0 levou uma<mark class=\"has-inline-color has-black-color\"> \u201cbolada\u201d de R$ 262.441,10<\/mark> no sorteio da <a href=\"https:\/\/loterias.caixa.gov.br\/Paginas\/Mega-Sena.aspx\" target=\"_blank\" rel=\"noopener\" data-type=\"link\" data-id=\"https:\/\/loterias.caixa.gov.br\/Paginas\/Mega-Sena.aspx\">Mega-Sena<\/a>,(2903)\u00a0 O pr\u00eamio principal, de R$ 63 milh\u00f5es, saiu para uma aposta de Caxias, no Maranh\u00e3o.<\/p>\n<p><strong>Apostas<\/strong><\/p>\n<p>Para o pr\u00f3ximo concurso (2.905), as apostas podem ser feitas at\u00e9 as 19h (hor\u00e1rio de Bras\u00edlia) deste s\u00e1bado (23), em qualquer lot\u00e9rica do pa\u00eds ou pela internet, no site ou aplicativo da Caixa.<\/p>\n<p>A aposta simples, com seis dezenas, custa R$ 6.<\/p>\n<\/div>\n<\/div>\n<p><!-- .entry-content --><\/p>\n<footer class=\"penci-entry-footer\">\n\t\t\t\t\t\t\t\t<span class=\"penci-social-buttons penci-social-share-footer\"><span class=\"penci-social-share-text\">Compartilhar<\/span><a href=\"#\" class=\"penci-post-like penci_post-meta_item  single-like-button penci-social-item like\" data-post_id=\"436272\" title=\"Like\" data-like=\"Like\" data-unlike=\"Unlike\"><i class=\"fa fa-thumbs-o-up\"\/><span class=\"penci-share-number\">0<\/span><\/a><i class=\"fa fa-facebook\"\/><a class=\"penci-social-item twitter\" target=\"_blank\" rel=\"noopener\" title=\"\" href=\"https:\/\/twitter.com\/intent\/tweet?text=Concurso%202.904%20da%20Mega-Sena%20acumula%20confira%20os%20n\u00fameros%20-%20https:\/\/www.tribunaribeirao.com.br\/concurso-2-904-da-mega-sena-acumula-confira-os-numeros\/\"><i class=\"fa fa-twitter\"\/><\/a><i class=\"fa fa-linkedin\"\/><i class=\"fa fa-whatsapp\"\/><i class=\"fa fa-telegram\"\/><i class=\"fa fa-envelope\"\/><\/span>\t\t\t\t\t\t\t<\/footer>\n<p><!-- .entry-footer -->\n\t\t\t\t\t\t<\/div>\n<p><script async src=\"\/\/platform.twitter.com\/widgets.js\" charset=\"utf-8\"><\/script><br \/>\n<br \/><br \/>\n<br \/><a href=\"https:\/\/www.tribunaribeirao.com.br\/concurso-2-904-da-mega-sena-acumula-confira-os-numeros\/\">Source link <\/a><\/p>\n<!-- CONTENT END 1 -->\n","protected":false},"excerpt":{"rendered":"<p>22 de agosto de 2025 08:4822 de agosto de 2025 08:490 Compartilhar0 Nenhum apostador acertou as seis dezenas do concurso 2.904 da Mega-Sena, realizado nesta&#8230;<\/p>\n","protected":false},"author":1,"featured_media":76098,"comment_status":"open","ping_status":"open","sticky":false,"template":"","format":"standard","meta":{"advanced_seo_description":"","jetpack_seo_html_title":"","jetpack_seo_noindex":false,"jetpack_post_was_ever_published":false,"_jetpack_newsletter_access":"","_jetpack_dont_email_post_to_subs":false,"_jetpack_newsletter_tier_id":0,"_jetpack_memberships_contains_paywalled_content":false,"_jetpack_memberships_contains_paid_content":false,"footnotes":"","jetpack_publicize_message":"","jetpack_publicize_feature_enabled":true,"jetpack_social_post_already_shared":true,"jetpack_social_options":{"image_generator_settings":{"template":"highway","default_image_id":0,"font":"","enabled":false},"version":2}},"categories":[11],"tags":[],"class_list":["post-76097","post","type-post","status-publish","format-standard","has-post-thumbnail","hentry","category-noticias-de-ribeirao-preto-sp-e-regiao-ismael-colosi"],"jetpack_publicize_connections":[],"jetpack_featured_media_url":"https:\/\/i0.wp.com\/noticiasribeiraopreto.com.br\/wp-content\/uploads\/2025\/08\/mega-sena.jpg?fit=700%2C421&ssl=1","jetpack-related-posts":[{"id":75976,"url":"https:\/\/noticiasribeiraopreto.com.br\/index.php\/2025\/08\/19\/festa-do-peao-de-barretos-confira-programacao-completa-de-shows-e-rodeio\/","url_meta":{"origin":76097,"position":0},"title":"Festa do Pe\u00e3o de Barretos: Confira programa\u00e7\u00e3o completa de shows e rodeio","author":"noticiasribeiraopreto.com.br","date":"19 de August de 2025","format":false,"excerpt":"Come\u00e7ou a contagem regressiva para a edi\u00e7\u00e3o de 2025 da 70\u00aa Festa do Pe\u00e3o de Barretos. O maior evento de rodeio da Am\u00e9rica Latina acontece entre os dias 21 e 31 de agosto, no Parque do Pe\u00e3o, em Barretos. A festa re\u00fane competi\u00e7\u00f5es esportivas, v\u00e1rios shows, gastronomia t\u00edpica com op\u00e7\u00f5es\u2026","rel":"","context":"In &quot;Not\u00edcias de Ribeir\u00e3o Preto-SP e Regi\u00e3o&quot;","block_context":{"text":"Not\u00edcias de Ribeir\u00e3o Preto-SP e Regi\u00e3o","link":"https:\/\/noticiasribeiraopreto.com.br\/index.php\/category\/noticias-de-ribeirao-preto-sp-e-regiao-ismael-colosi\/"},"img":{"alt_text":"","src":"https:\/\/i0.wp.com\/noticiasribeiraopreto.com.br\/wp-content\/uploads\/2025\/07\/Imagem-do-WhatsApp-de-2025-07-01-as-16.18.28_57460c98_2025-07-01_19-43-10.webp.webp?fit=1200%2C800&ssl=1&resize=350%2C200","width":350,"height":200,"srcset":"https:\/\/i0.wp.com\/noticiasribeiraopreto.com.br\/wp-content\/uploads\/2025\/07\/Imagem-do-WhatsApp-de-2025-07-01-as-16.18.28_57460c98_2025-07-01_19-43-10.webp.webp?fit=1200%2C800&ssl=1&resize=350%2C200 1x, https:\/\/i0.wp.com\/noticiasribeiraopreto.com.br\/wp-content\/uploads\/2025\/07\/Imagem-do-WhatsApp-de-2025-07-01-as-16.18.28_57460c98_2025-07-01_19-43-10.webp.webp?fit=1200%2C800&ssl=1&resize=525%2C300 1.5x, https:\/\/i0.wp.com\/noticiasribeiraopreto.com.br\/wp-content\/uploads\/2025\/07\/Imagem-do-WhatsApp-de-2025-07-01-as-16.18.28_57460c98_2025-07-01_19-43-10.webp.webp?fit=1200%2C800&ssl=1&resize=700%2C400 2x, https:\/\/i0.wp.com\/noticiasribeiraopreto.com.br\/wp-content\/uploads\/2025\/07\/Imagem-do-WhatsApp-de-2025-07-01-as-16.18.28_57460c98_2025-07-01_19-43-10.webp.webp?fit=1200%2C800&ssl=1&resize=1050%2C600 3x"},"classes":[]},{"id":55868,"url":"https:\/\/noticiasribeiraopreto.com.br\/index.php\/2024\/08\/07\/brasileiros-comemoram-governo-anuncia-pagamento-de-confirmado-pelo-governo-em-todo-o-pais-veja-como-receber\/","url_meta":{"origin":76097,"position":1},"title":"Brasileiros Comemoram! Governo Anuncia Pagamento de Confirmado pelo Governo em Todo o Pa\u00eds; Veja como receber","author":"noticiasribeiraopreto.com.br","date":"7 de August de 2024","format":false,"excerpt":"O dep\u00f3sito de R$ 102 ser\u00e1 feito novamente para mais de 5,81 milh\u00f5es de fam\u00edlias. O pagamento j\u00e1 foi confirmado e a data foi anunciada pelo Governo Federal. Esse valor contribui para a compra de necessidades na casa dos brasileiros. Est\u00e1 confirmado que o pagamento de R$ 102 em todo\u2026","rel":"","context":"In &quot;Dinheiro e Investimento&quot;","block_context":{"text":"Dinheiro e Investimento","link":"https:\/\/noticiasribeiraopreto.com.br\/index.php\/category\/dinheiro-e-investimento-como-fazer-como-ganhar\/"},"img":{"alt_text":"","src":"https:\/\/i0.wp.com\/noticiasribeiraopreto.com.br\/wp-content\/uploads\/2024\/08\/pagamento-de-r-102.webp.webp?fit=1200%2C630&ssl=1&resize=350%2C200","width":350,"height":200,"srcset":"https:\/\/i0.wp.com\/noticiasribeiraopreto.com.br\/wp-content\/uploads\/2024\/08\/pagamento-de-r-102.webp.webp?fit=1200%2C630&ssl=1&resize=350%2C200 1x, https:\/\/i0.wp.com\/noticiasribeiraopreto.com.br\/wp-content\/uploads\/2024\/08\/pagamento-de-r-102.webp.webp?fit=1200%2C630&ssl=1&resize=525%2C300 1.5x, https:\/\/i0.wp.com\/noticiasribeiraopreto.com.br\/wp-content\/uploads\/2024\/08\/pagamento-de-r-102.webp.webp?fit=1200%2C630&ssl=1&resize=700%2C400 2x, https:\/\/i0.wp.com\/noticiasribeiraopreto.com.br\/wp-content\/uploads\/2024\/08\/pagamento-de-r-102.webp.webp?fit=1200%2C630&ssl=1&resize=1050%2C600 3x"},"classes":[]},{"id":55616,"url":"https:\/\/noticiasribeiraopreto.com.br\/index.php\/2024\/08\/03\/atencao-beneficiarios-bolsa-familia-divulga-calendario-do-mes-de-agosto-para-os-nis-1-2-3-4-5-6-7-8-9-e-0-confira-as-datas-de-pagamento-2\/","url_meta":{"origin":76097,"position":2},"title":"Aten\u00e7\u00e3o benefici\u00e1rios! Bolsa fam\u00edlia divulga calend\u00e1rio do m\u00eas de Agosto para os NIS 1, 2, 3, 4, 5, 6, 7, 8, 9 e 0; Confira as datas de pagamento","author":"noticiasribeiraopreto.com.br","date":"3 de August de 2024","format":false,"excerpt":"O Bolsa Fam\u00edlia, programa de transfer\u00eancia de renda do governo federal brasileiro, continua sendo uma ferramenta importante para milh\u00f5es de fam\u00edlias em situa\u00e7\u00e3o de vulnerabilidade econ\u00f4mica. Para fornecer assist\u00eancia financeira mensal, o programa prev\u00ea pagamentos de acordo com um calend\u00e1rio espec\u00edfico, que inclui benef\u00edcios adicionais em determinadas ocasi\u00f5es. Para receber\u2026","rel":"","context":"In &quot;Dinheiro e Investimento&quot;","block_context":{"text":"Dinheiro e Investimento","link":"https:\/\/noticiasribeiraopreto.com.br\/index.php\/category\/dinheiro-e-investimento-como-fazer-como-ganhar\/"},"img":{"alt_text":"","src":"https:\/\/i0.wp.com\/noticiasribeiraopreto.com.br\/wp-content\/uploads\/2024\/07\/reuniao-semanal-equipe-borcelle.webp.webp?fit=1200%2C630&ssl=1&resize=350%2C200","width":350,"height":200,"srcset":"https:\/\/i0.wp.com\/noticiasribeiraopreto.com.br\/wp-content\/uploads\/2024\/07\/reuniao-semanal-equipe-borcelle.webp.webp?fit=1200%2C630&ssl=1&resize=350%2C200 1x, https:\/\/i0.wp.com\/noticiasribeiraopreto.com.br\/wp-content\/uploads\/2024\/07\/reuniao-semanal-equipe-borcelle.webp.webp?fit=1200%2C630&ssl=1&resize=525%2C300 1.5x, https:\/\/i0.wp.com\/noticiasribeiraopreto.com.br\/wp-content\/uploads\/2024\/07\/reuniao-semanal-equipe-borcelle.webp.webp?fit=1200%2C630&ssl=1&resize=700%2C400 2x, https:\/\/i0.wp.com\/noticiasribeiraopreto.com.br\/wp-content\/uploads\/2024\/07\/reuniao-semanal-equipe-borcelle.webp.webp?fit=1200%2C630&ssl=1&resize=1050%2C600 3x"},"classes":[]},{"id":76028,"url":"https:\/\/noticiasribeiraopreto.com.br\/index.php\/2025\/08\/20\/instabilidade-tira-do-ar-consulta-de-dados-sobre-qualidade-do-ar-em-ribeirao-entenda\/","url_meta":{"origin":76097,"position":3},"title":"Instabilidade tira do ar consulta de dados sobre qualidade do ar em Ribeir\u00e3o; Entenda","author":"noticiasribeiraopreto.com.br","date":"20 de August de 2025","format":false,"excerpt":"Com a chegada do veranico, per\u00edodo em que as temperaturas ficam acima da m\u00e9dia mesmo no inverno, a qualidade do ar em Ribeir\u00e3o Preto pode ser prejudicada. Nesta semana, por\u00e9m, quem tentou acompanhar os \u00edndices de monitoramento encontrou dificuldades, j\u00e1 que a aba do site da Cetesb (Companhia Ambiental do\u2026","rel":"","context":"In &quot;Not\u00edcias de Ribeir\u00e3o Preto-SP e Regi\u00e3o&quot;","block_context":{"text":"Not\u00edcias de Ribeir\u00e3o Preto-SP e Regi\u00e3o","link":"https:\/\/noticiasribeiraopreto.com.br\/index.php\/category\/noticias-de-ribeirao-preto-sp-e-regiao-ismael-colosi\/"},"img":{"alt_text":"","src":"https:\/\/i0.wp.com\/noticiasribeiraopreto.com.br\/wp-content\/uploads\/2025\/08\/Copia-de-Copia-de-Copia-de-TAMANHO-EXATO-PARA-FOTOS-NO-SISTEMA-NOVO-2025-08-20T190609.455_2025-08-20_22-06-17.webp.webp?fit=1200%2C675&ssl=1&resize=350%2C200","width":350,"height":200,"srcset":"https:\/\/i0.wp.com\/noticiasribeiraopreto.com.br\/wp-content\/uploads\/2025\/08\/Copia-de-Copia-de-Copia-de-TAMANHO-EXATO-PARA-FOTOS-NO-SISTEMA-NOVO-2025-08-20T190609.455_2025-08-20_22-06-17.webp.webp?fit=1200%2C675&ssl=1&resize=350%2C200 1x, https:\/\/i0.wp.com\/noticiasribeiraopreto.com.br\/wp-content\/uploads\/2025\/08\/Copia-de-Copia-de-Copia-de-TAMANHO-EXATO-PARA-FOTOS-NO-SISTEMA-NOVO-2025-08-20T190609.455_2025-08-20_22-06-17.webp.webp?fit=1200%2C675&ssl=1&resize=525%2C300 1.5x, https:\/\/i0.wp.com\/noticiasribeiraopreto.com.br\/wp-content\/uploads\/2025\/08\/Copia-de-Copia-de-Copia-de-TAMANHO-EXATO-PARA-FOTOS-NO-SISTEMA-NOVO-2025-08-20T190609.455_2025-08-20_22-06-17.webp.webp?fit=1200%2C675&ssl=1&resize=700%2C400 2x, https:\/\/i0.wp.com\/noticiasribeiraopreto.com.br\/wp-content\/uploads\/2025\/08\/Copia-de-Copia-de-Copia-de-TAMANHO-EXATO-PARA-FOTOS-NO-SISTEMA-NOVO-2025-08-20T190609.455_2025-08-20_22-06-17.webp.webp?fit=1200%2C675&ssl=1&resize=1050%2C600 3x"},"classes":[]},{"id":56613,"url":"https:\/\/noticiasribeiraopreto.com.br\/index.php\/2024\/08\/15\/ribeirao-preto-recebe-festival-nacional-de-teatro-veja-a-programacao\/","url_meta":{"origin":76097,"position":4},"title":"Ribeir\u00e3o Preto recebe Festival Nacional de Teatro; Veja a programa\u00e7\u00e3o","author":"noticiasribeiraopreto.com.br","date":"15 de August de 2024","format":false,"excerpt":"A 8\u00aa edi\u00e7\u00e3o do Festival Nacional de Teatro chega a Ribeir\u00e3o Preto nesta sexta-feira (16) e segue at\u00e9 o dia 1\u00ba de setembro. S\u00e3o 35 espet\u00e1culos, nove oficinas e tr\u00eas performances, no Teatro Municipal, parques, pra\u00e7as e outros teatros da cidade. Toda a programa\u00e7\u00e3o \u00e9 gratuita. A novidade deste ano\u2026","rel":"","context":"In &quot;Not\u00edcias de Ribeir\u00e3o Preto-SP e Regi\u00e3o&quot;","block_context":{"text":"Not\u00edcias de Ribeir\u00e3o Preto-SP e Regi\u00e3o","link":"https:\/\/noticiasribeiraopreto.com.br\/index.php\/category\/noticias-de-ribeirao-preto-sp-e-regiao-ismael-colosi\/"},"img":{"alt_text":"","src":"https:\/\/i0.wp.com\/noticiasribeiraopreto.com.br\/wp-content\/uploads\/2024\/08\/Copia-de-Copia-de-Copia-de-TAMANHO-EXATO-PARA-FOTOS-NO-SISTEMA-NOVO-2_2024-08-15_12-44-51_jpg_2024-08-15_12-44-51.webp.webp?fit=1200%2C675&ssl=1&resize=350%2C200","width":350,"height":200,"srcset":"https:\/\/i0.wp.com\/noticiasribeiraopreto.com.br\/wp-content\/uploads\/2024\/08\/Copia-de-Copia-de-Copia-de-TAMANHO-EXATO-PARA-FOTOS-NO-SISTEMA-NOVO-2_2024-08-15_12-44-51_jpg_2024-08-15_12-44-51.webp.webp?fit=1200%2C675&ssl=1&resize=350%2C200 1x, https:\/\/i0.wp.com\/noticiasribeiraopreto.com.br\/wp-content\/uploads\/2024\/08\/Copia-de-Copia-de-Copia-de-TAMANHO-EXATO-PARA-FOTOS-NO-SISTEMA-NOVO-2_2024-08-15_12-44-51_jpg_2024-08-15_12-44-51.webp.webp?fit=1200%2C675&ssl=1&resize=525%2C300 1.5x, https:\/\/i0.wp.com\/noticiasribeiraopreto.com.br\/wp-content\/uploads\/2024\/08\/Copia-de-Copia-de-Copia-de-TAMANHO-EXATO-PARA-FOTOS-NO-SISTEMA-NOVO-2_2024-08-15_12-44-51_jpg_2024-08-15_12-44-51.webp.webp?fit=1200%2C675&ssl=1&resize=700%2C400 2x, https:\/\/i0.wp.com\/noticiasribeiraopreto.com.br\/wp-content\/uploads\/2024\/08\/Copia-de-Copia-de-Copia-de-TAMANHO-EXATO-PARA-FOTOS-NO-SISTEMA-NOVO-2_2024-08-15_12-44-51_jpg_2024-08-15_12-44-51.webp.webp?fit=1200%2C675&ssl=1&resize=1050%2C600 3x"},"classes":[]},{"id":75514,"url":"https:\/\/noticiasribeiraopreto.com.br\/index.php\/2025\/08\/10\/por-que-o-dia-dos-pais-e-celebrado-no-segundo-domingo-de-agosto-entenda-a-data\/","url_meta":{"origin":76097,"position":5},"title":"Por que o Dia dos Pais \u00e9 celebrado no segundo domingo de agosto? Entenda a data","author":"noticiasribeiraopreto.com.br","date":"10 de August de 2025","format":false,"excerpt":"Neste domingo (10), \u00e9 celebrado o Dia dos Pais. Mas por que a data sempre cai no segundo domingo de agosto no Brasil? Diferente de outros pa\u00edses, que comemoram em junho, o Brasil adotou agosto por uma combina\u00e7\u00e3o de fatores comerciais e culturais que remontam \u00e0 d\u00e9cada de 1950. Entenda\u2026","rel":"","context":"In &quot;Not\u00edcias de Ribeir\u00e3o Preto-SP e Regi\u00e3o&quot;","block_context":{"text":"Not\u00edcias de Ribeir\u00e3o Preto-SP e Regi\u00e3o","link":"https:\/\/noticiasribeiraopreto.com.br\/index.php\/category\/noticias-de-ribeirao-preto-sp-e-regiao-ismael-colosi\/"},"img":{"alt_text":"","src":"https:\/\/i0.wp.com\/noticiasribeiraopreto.com.br\/wp-content\/uploads\/2025\/08\/Copia-de-Copia-de-Copia-de-TAMANHO-EXATO-PARA-FOTOS-NO-SISTEMA-NOVO-2025-08-10T104556.920_2025-08-10_13-46-03.webp.webp?fit=1200%2C675&ssl=1&resize=350%2C200","width":350,"height":200,"srcset":"https:\/\/i0.wp.com\/noticiasribeiraopreto.com.br\/wp-content\/uploads\/2025\/08\/Copia-de-Copia-de-Copia-de-TAMANHO-EXATO-PARA-FOTOS-NO-SISTEMA-NOVO-2025-08-10T104556.920_2025-08-10_13-46-03.webp.webp?fit=1200%2C675&ssl=1&resize=350%2C200 1x, https:\/\/i0.wp.com\/noticiasribeiraopreto.com.br\/wp-content\/uploads\/2025\/08\/Copia-de-Copia-de-Copia-de-TAMANHO-EXATO-PARA-FOTOS-NO-SISTEMA-NOVO-2025-08-10T104556.920_2025-08-10_13-46-03.webp.webp?fit=1200%2C675&ssl=1&resize=525%2C300 1.5x, https:\/\/i0.wp.com\/noticiasribeiraopreto.com.br\/wp-content\/uploads\/2025\/08\/Copia-de-Copia-de-Copia-de-TAMANHO-EXATO-PARA-FOTOS-NO-SISTEMA-NOVO-2025-08-10T104556.920_2025-08-10_13-46-03.webp.webp?fit=1200%2C675&ssl=1&resize=700%2C400 2x, https:\/\/i0.wp.com\/noticiasribeiraopreto.com.br\/wp-content\/uploads\/2025\/08\/Copia-de-Copia-de-Copia-de-TAMANHO-EXATO-PARA-FOTOS-NO-SISTEMA-NOVO-2025-08-10T104556.920_2025-08-10_13-46-03.webp.webp?fit=1200%2C675&ssl=1&resize=1050%2C600 3x"},"classes":[]}],"jetpack_sharing_enabled":true,"jetpack_shortlink":"https:\/\/wp.me\/peQAOb-jNn","_links":{"self":[{"href":"https:\/\/noticiasribeiraopreto.com.br\/index.php\/wp-json\/wp\/v2\/posts\/76097","targetHints":{"allow":["GET"]}}],"collection":[{"href":"https:\/\/noticiasribeiraopreto.com.br\/index.php\/wp-json\/wp\/v2\/posts"}],"about":[{"href":"https:\/\/noticiasribeiraopreto.com.br\/index.php\/wp-json\/wp\/v2\/types\/post"}],"author":[{"embeddable":true,"href":"https:\/\/noticiasribeiraopreto.com.br\/index.php\/wp-json\/wp\/v2\/users\/1"}],"replies":[{"embeddable":true,"href":"https:\/\/noticiasribeiraopreto.com.br\/index.php\/wp-json\/wp\/v2\/comments?post=76097"}],"version-history":[{"count":0,"href":"https:\/\/noticiasribeiraopreto.com.br\/index.php\/wp-json\/wp\/v2\/posts\/76097\/revisions"}],"wp:featuredmedia":[{"embeddable":true,"href":"https:\/\/noticiasribeiraopreto.com.br\/index.php\/wp-json\/wp\/v2\/media\/76098"}],"wp:attachment":[{"href":"https:\/\/noticiasribeiraopreto.com.br\/index.php\/wp-json\/wp\/v2\/media?parent=76097"}],"wp:term":[{"taxonomy":"category","embeddable":true,"href":"https:\/\/noticiasribeiraopreto.com.br\/index.php\/wp-json\/wp\/v2\/categories?post=76097"},{"taxonomy":"post_tag","embeddable":true,"href":"https:\/\/noticiasribeiraopreto.com.br\/index.php\/wp-json\/wp\/v2\/tags?post=76097"}],"curies":[{"name":"wp","href":"https:\/\/api.w.org\/{rel}","templated":true}]}}