{"id":76099,"date":"2025-08-22T09:02:27","date_gmt":"2025-08-22T12:02:27","guid":{"rendered":"https:\/\/noticiasribeiraopreto.com.br\/index.php\/2025\/08\/22\/reservatorio-inaugurado-do-saerp-beneficiara-40-mil-pessoas\/"},"modified":"2025-08-22T09:02:27","modified_gmt":"2025-08-22T12:02:27","slug":"reservatorio-inaugurado-do-saerp-beneficiara-40-mil-pessoas","status":"publish","type":"post","link":"https:\/\/noticiasribeiraopreto.com.br\/index.php\/2025\/08\/22\/reservatorio-inaugurado-do-saerp-beneficiara-40-mil-pessoas\/","title":{"rendered":"Reservat\u00f3rio inaugurado do Saerp beneficiar\u00e1 40 mil pessoas"},"content":{"rendered":"<div class='code-block code-block-1' style='margin: 8px 0 8px auto; text-align: right; display: block; clear: both;'>\n<p><a href=\"https:\/\/wa.link\/vpicfd\"><img data-recalc-dims=\"1\" class=\"wp-image-4922\" style=\"aspect-ratio: 2.0253164556962027; width: 561px; height: auto;\" src=\"https:\/\/i0.wp.com\/ismaelcolosi.com.br\/wp-content\/uploads\/2023\/11\/grupo-de-empregos-whatsapp-e-facebook-ismael-colosi-vagas.jpg?ssl=1\" alt=\"\" \/><\/a><\/p>\n<!-- \/wp:image -->\n<\/div>\n<p> <br \/>\n<\/p>\n<div id=\"\">\n<p>\n\t\t\t\t\t\t\t\t\t<span class=\"entry-meta-item penci-posted-on\"><i class=\"fa fa-clock-o\"\/><time class=\"entry-date published updated\" datetime=\"2025-08-22T08:59:48-03:00\">22 de agosto de 2025 08:59<\/time><\/span><span class=\"entry-meta-item penci-post-countview\"><span class=\"entry-meta-item penci-post-countview penci_post-meta_item\"><i class=\"fa fa-eye\"\/><span class=\"penci-post-countview-number penci-post-countview-p436276\">1<\/span><\/span><\/span>\t\t\t\t\t\t\t\t<\/p>\n<p><!-- .entry-meta --><br \/>\n\t\t\t\t\t\t\t\t<span class=\"penci-social-buttons penci-social-share-footer\"><span class=\"penci-social-share-text\">Compartilhar<\/span><a href=\"#\" class=\"penci-post-like penci_post-meta_item  single-like-button penci-social-item like\" data-post_id=\"436276\" title=\"Like\" data-like=\"Like\" data-unlike=\"Unlike\"><i class=\"fa fa-thumbs-o-up\"\/><span class=\"penci-share-number\">0<\/span><\/a><i class=\"fa fa-facebook\"\/><a class=\"penci-social-item twitter\" target=\"_blank\" rel=\"noopener\" title=\"\" href=\"https:\/\/twitter.com\/intent\/tweet?text=Reservat\u00f3rio%20inaugurado%20do%20Saerp%20beneficiar\u00e1%20%20%2040%20mil%20pessoas%20-%20https:\/\/www.tribunaribeirao.com.br\/reservatorio-inaugurado-do-saerp-beneficiara-40-mil-pessoas\/\"><i class=\"fa fa-twitter\"\/><\/a><i class=\"fa fa-linkedin\"\/><i class=\"fa fa-whatsapp\"\/><i class=\"fa fa-telegram\"\/><i class=\"fa fa-envelope\"\/><\/span>\t\t\t\t\t\t\t<\/div>\n<div>\n<p><span class=\"TextRun SCXW51632872 BCX2\" lang=\"PT-BR\" xml:lang=\"PT-BR\" data-contrast=\"auto\"><span class=\"NormalTextRun SCXW51632872 BCX2\">A Secretaria de \u00c1gua e Esgoto de <\/span><span class=\"NormalTextRun SpellingErrorV2Themed SCXW51632872 BCX2\">Rieir\u00e3o<\/span><span class=\"NormalTextRun SCXW51632872 BCX2\"> Preto (<\/span><span class=\"NormalTextRun SpellingErrorV2Themed SCXW51632872 BCX2\">Saerp<\/span><span class=\"NormalTextRun SCXW51632872 BCX2\">) <\/span><span class=\"NormalTextRun SCXW51632872 BCX2\">inaug<\/span><span class=\"NormalTextRun SCXW51632872 BCX2\">urou<\/span><span class=\"NormalTextRun SCXW51632872 BCX2\"> ne<\/span><span class=\"NormalTextRun SCXW51632872 BCX2\">sta <\/span><span class=\"NormalTextRun SCXW51632872 BCX2\">quinta-feira, 21 de agosto<\/span><span class=\"NormalTextRun SCXW51632872 BCX2\">,<\/span><span class=\"NormalTextRun SCXW51632872 BCX2\"> o Reservat\u00f3rio Parque Ribeir\u00e3o. Com capacidade de <\/span><span class=\"NormalTextRun SCXW51632872 BCX2\">2<\/span><span class=\"NormalTextRun SCXW51632872 BCX2\"> mil m<\/span><span class=\"NormalTextRun SCXW51632872 BCX2\">etros c\u00fabicos<\/span><span class=\"NormalTextRun SCXW51632872 BCX2\">, o equipamento integra um dos maiores sistemas de abastecimento da cidade, beneficiando aproximadamente 40 mil habitantes dos bairros Jardim Piratininga, Parque Ribeir\u00e3o<\/span><span class=\"NormalTextRun SCXW51632872 BCX2\"> Preto<\/span><span class=\"NormalTextRun SCXW51632872 BCX2\">, <\/span><span class=\"NormalTextRun SCXW51632872 BCX2\">Jardim <\/span><span class=\"NormalTextRun SCXW51632872 BCX2\">Maria <\/span><span class=\"NormalTextRun SpellingErrorV2Themed SCXW51632872 BCX2\">G<\/span><span class=\"NormalTextRun SpellingErrorV2Themed SCXW51632872 BCX2\">oretti<\/span><span class=\"NormalTextRun SCXW51632872 BCX2\">,<\/span> <span class=\"NormalTextRun SCXW51632872 BCX2\">Jardim <\/span><span class=\"NormalTextRun SCXW51632872 BCX2\">Branca Salles e Ad\u00e3o do Carmo Leonel.<\/span><\/span><span class=\"LineBreakBlob BlobObject DragDrop SCXW51632872 BCX2\"><span class=\"SCXW51632872 BCX2\">\u00a0<\/span><br class=\"SCXW51632872 BCX2\"\/><\/span><span class=\"LineBreakBlob BlobObject DragDrop SCXW51632872 BCX2\"><span class=\"SCXW51632872 BCX2\">\u00a0<\/span><br class=\"SCXW51632872 BCX2\"\/><\/span><span class=\"TextRun SCXW51632872 BCX2\" lang=\"PT-BR\" xml:lang=\"PT-BR\" data-contrast=\"auto\"><span class=\"NormalTextRun SCXW51632872 BCX2\">A inaugura\u00e7\u00e3o contou com a presen\u00e7a do prefeito Ricardo Silva<\/span><span class=\"NormalTextRun SCXW51632872 BCX2\"> (PSD)<\/span><span class=\"NormalTextRun SCXW51632872 BCX2\">, do secret\u00e1rio <\/span><span class=\"NormalTextRun SCXW51632872 BCX2\">de \u00c1gua e Esgoto<\/span><span class=\"NormalTextRun SCXW51632872 BCX2\">, Jos\u00e9 Rui <\/span><span class=\"NormalTextRun SCXW51632872 BCX2\">Bonatto<\/span><span class=\"NormalTextRun SCXW51632872 BCX2\">, servidores e outras autoridades municipais.<\/span> <span class=\"NormalTextRun SCXW51632872 BCX2\">Durante a cerim\u00f4nia de inaugura\u00e7\u00e3o, Ricardo Silva falou sobre a altera\u00e7\u00e3o que est\u00e1 sendo implantada no sistema de abastecimento para trazer seguran\u00e7a h\u00eddrica ao munic\u00edpio todo. <\/span><\/span><span class=\"LineBreakBlob BlobObject DragDrop SCXW51632872 BCX2\"><span class=\"SCXW51632872 BCX2\">\u00a0<\/span><br class=\"SCXW51632872 BCX2\"\/><\/span><span class=\"LineBreakBlob BlobObject DragDrop SCXW51632872 BCX2\"><span class=\"SCXW51632872 BCX2\">\u00a0<\/span><br class=\"SCXW51632872 BCX2\"\/><\/span><span class=\"TextRun SCXW51632872 BCX2\" lang=\"PT-BR\" xml:lang=\"PT-BR\" data-contrast=\"auto\"><span class=\"NormalTextRun SCXW51632872 BCX2\">\u201cAqui estamos numa regi\u00e3o do Parque Ribeir\u00e3o Preto que sofre com a falta <\/span><span class=\"NormalTextRun SCXW51632872 BCX2\">d\u00b4\u00e1gua<\/span><span class=\"NormalTextRun SCXW51632872 BCX2\">. N\u00f3s temos que fazer mais reservat\u00f3rios, perfurar mais po\u00e7os, ampliar redes, para que a \u00e1gua possa chegar at\u00e9 as casas, mas isso n\u00e3o \u00e9 do dia para a noite. N\u00f3s estamos mudando o processo de distribui\u00e7\u00e3o de \u00e1gua, modernizando o sistema, e esse reservat\u00f3rio inaugurado hoje j\u00e1 est\u00e1 operando dessa maneira\u201d, pontuou.<\/span><\/span><span class=\"LineBreakBlob BlobObject DragDrop SCXW51632872 BCX2\"><span class=\"SCXW51632872 BCX2\">\u00a0<\/span><br class=\"SCXW51632872 BCX2\"\/><\/span><span class=\"LineBreakBlob BlobObject DragDrop SCXW51632872 BCX2\"><span class=\"SCXW51632872 BCX2\">\u00a0<\/span><br class=\"SCXW51632872 BCX2\"\/><\/span><span class=\"TextRun SCXW51632872 BCX2\" lang=\"PT-BR\" xml:lang=\"PT-BR\" data-contrast=\"auto\"><span class=\"NormalTextRun SCXW51632872 BCX2\">O Reservat\u00f3rio Parque Ribeir\u00e3o vai operar por gravidade, recebendo \u00e1gua diretamente da Elevat\u00f3ria Santa Teresa e distribuindo \u00e0s redes secund\u00e1rias dos bairros.<\/span> <span class=\"NormalTextRun SCXW51632872 BCX2\">Com investimento de R$ 4.319.921,81, o equipamento foi constru\u00eddo em a\u00e7o vitrificado, o que confere em vantagens como instala\u00e7\u00e3o mais r\u00e1pida e econ\u00f4mica, menor custo de manuten\u00e7\u00e3o, resist\u00eancia \u00e0 corros\u00e3o e mais seguran\u00e7a contra prolifera\u00e7\u00e3o de bact\u00e9rias.<\/span><\/span><span class=\"LineBreakBlob BlobObject DragDrop SCXW51632872 BCX2\"><span class=\"SCXW51632872 BCX2\">\u00a0<\/span><br class=\"SCXW51632872 BCX2\"\/><\/span><span class=\"LineBreakBlob BlobObject DragDrop SCXW51632872 BCX2\"><span class=\"SCXW51632872 BCX2\">\u00a0<\/span><br class=\"SCXW51632872 BCX2\"\/><\/span><span class=\"TextRun SCXW51632872 BCX2\" lang=\"PT-BR\" xml:lang=\"PT-BR\" data-contrast=\"auto\"><span class=\"NormalTextRun SCXW51632872 BCX2\">O Reservat\u00f3rio faz parte de um dos maiores sistemas de abastecimento da cidade. No mesmo espa\u00e7o tamb\u00e9m est\u00e3o instalados mais um reservat\u00f3rio de 500 <\/span><span class=\"NormalTextRun SCXW51632872 BCX2\">m\u00b3<\/span><span class=\"NormalTextRun SCXW51632872 BCX2\"> de <\/span><span class=\"NormalTextRun SCXW51632872 BCX2\">reserva\u00e7\u00e3o<\/span><span class=\"NormalTextRun SCXW51632872 BCX2\"> e um reservat\u00f3rio de concreto apoiado com <\/span><span class=\"NormalTextRun SCXW51632872 BCX2\">2<\/span><span class=\"NormalTextRun SCXW51632872 BCX2\"> mil <\/span><span class=\"NormalTextRun SCXW51632872 BCX2\">m\u00b3<\/span><span class=\"NormalTextRun SCXW51632872 BCX2\"> de <\/span><span class=\"NormalTextRun SCXW51632872 BCX2\">reserva\u00e7\u00e3o<\/span><span class=\"NormalTextRun SCXW51632872 BCX2\">.\u00a0<\/span> <span class=\"NormalTextRun SCXW51632872 BCX2\">A inaugura\u00e7\u00e3o encerra um conjunto de entregas da <\/span><span class=\"NormalTextRun SCXW51632872 BCX2\">p<\/span><span class=\"NormalTextRun SCXW51632872 BCX2\">refeitura que visam ampliar a seguran\u00e7a h\u00eddrica, assegurar abastecimento cont\u00ednuo e de qualidade \u00e0 popula\u00e7\u00e3o de Ribeir\u00e3o Preto. <\/span><\/span><span class=\"LineBreakBlob BlobObject DragDrop SCXW51632872 BCX2\"><span class=\"SCXW51632872 BCX2\">\u00a0<\/span><br class=\"SCXW51632872 BCX2\"\/><\/span><span class=\"LineBreakBlob BlobObject DragDrop SCXW51632872 BCX2\"><span class=\"SCXW51632872 BCX2\">\u00a0<\/span><br class=\"SCXW51632872 BCX2\"\/><\/span><span class=\"TextRun SCXW51632872 BCX2\" lang=\"PT-BR\" xml:lang=\"PT-BR\" data-contrast=\"auto\"><span class=\"NormalTextRun SCXW51632872 BCX2\">No in\u00edcio do m\u00eas foi inaugurado o po\u00e7o Lagoinha que atende 53 mil habitantes <\/span><span class=\"NormalTextRun SCXW51632872 BCX2\">dos bairros: Lagoinha, Jardim Paulista, Jardim Paulistano, Castelo Branco, Palma Travassos e Jardim Macedo. Na quinta-feira passada, 14 de agosto, <\/span><span class=\"NormalTextRun SCXW51632872 BCX2\">o Po\u00e7o Bambas<\/span><span class=\"NormalTextRun SCXW51632872 BCX2\"> foi entregue para abastecer mais de 72 mil moradores dos bairros Campos El\u00edseos e Ipiranga.<\/span> <\/span><span class=\"LineBreakBlob BlobObject DragDrop SCXW51632872 BCX2\"><span class=\"SCXW51632872 BCX2\">\u00a0<\/span><br class=\"SCXW51632872 BCX2\"\/><\/span><span class=\"LineBreakBlob BlobObject DragDrop SCXW51632872 BCX2\"><span class=\"SCXW51632872 BCX2\">\u00a0<\/span><br class=\"SCXW51632872 BCX2\"\/><\/span><span class=\"TextRun SCXW51632872 BCX2\" lang=\"PT-BR\" xml:lang=\"PT-BR\" data-contrast=\"auto\"><span class=\"NormalTextRun SCXW51632872 BCX2\">\u201cEssas tr\u00eas entregas s\u00e3o o come\u00e7o de muitas outras que vir\u00e3o nos pr\u00f3ximos anos. Temos muitos projetos em desenvolvimento, <\/span><span class=\"NormalTextRun SCXW51632872 BCX2\">muito investimentos<\/span><span class=\"NormalTextRun SCXW51632872 BCX2\"> direcionados ao abastecimento de Ribeir\u00e3o Preto. Estamos trabalhando para levar \u00e1gua de qualidade a mais bairros, reduzir perdas e melhorar a confiabilidade do sistema\u201d, explicou o secret\u00e1rio da <\/span><span class=\"NormalTextRun SpellingErrorV2Themed SCXW51632872 BCX2\">S<\/span><span class=\"NormalTextRun SpellingErrorV2Themed SCXW51632872 BCX2\">aerp<\/span><span class=\"NormalTextRun SCXW51632872 BCX2\">,<\/span><span class=\"NormalTextRun SCXW51632872 BCX2\"> Jos\u00e9 Rui <\/span><span class=\"NormalTextRun SCXW51632872 BCX2\">Bonatto<\/span><span class=\"NormalTextRun SCXW51632872 BCX2\">.<\/span><\/span><span class=\"LineBreakBlob BlobObject DragDrop SCXW51632872 BCX2\"><span class=\"SCXW51632872 BCX2\">\u00a0<\/span><br class=\"SCXW51632872 BCX2\"\/><\/span><\/p>\n<\/div>\n<p><script async src=\"\/\/platform.twitter.com\/widgets.js\" charset=\"utf-8\"><\/script><br \/>\n<br \/><br \/>\n<br \/><a href=\"https:\/\/www.tribunaribeirao.com.br\/reservatorio-inaugurado-do-saerp-beneficiara-40-mil-pessoas\/\">Source link <\/a><\/p>\n<!-- CONTENT END 1 -->\n","protected":false},"excerpt":{"rendered":"<p>22 de agosto de 2025 08:591 Compartilhar0 A Secretaria de \u00c1gua e Esgoto de Rieir\u00e3o Preto (Saerp) inaugurou nesta quinta-feira, 21 de agosto, o Reservat\u00f3rio&#8230;<\/p>\n","protected":false},"author":1,"featured_media":76100,"comment_status":"open","ping_status":"open","sticky":false,"template":"","format":"standard","meta":{"advanced_seo_description":"","jetpack_seo_html_title":"","jetpack_seo_noindex":false,"jetpack_post_was_ever_published":false,"_jetpack_newsletter_access":"","_jetpack_dont_email_post_to_subs":false,"_jetpack_newsletter_tier_id":0,"_jetpack_memberships_contains_paywalled_content":false,"_jetpack_memberships_contains_paid_content":false,"footnotes":"","jetpack_publicize_message":"","jetpack_publicize_feature_enabled":true,"jetpack_social_post_already_shared":true,"jetpack_social_options":{"image_generator_settings":{"template":"highway","default_image_id":0,"font":"","enabled":false},"version":2}},"categories":[11],"tags":[],"class_list":["post-76099","post","type-post","status-publish","format-standard","has-post-thumbnail","hentry","category-noticias-de-ribeirao-preto-sp-e-regiao-ismael-colosi"],"jetpack_publicize_connections":[],"jetpack_featured_media_url":"https:\/\/i0.wp.com\/noticiasribeiraopreto.com.br\/wp-content\/uploads\/2025\/08\/Saerp-Diulgacao-01.jpeg?fit=1000%2C666&ssl=1","jetpack-related-posts":[{"id":17543,"url":"https:\/\/noticiasribeiraopreto.com.br\/index.php\/2023\/12\/18\/pats-da-regiao-de-ribeirao-estao-com-diversas-vagas-disponiveis-veja-as-oportunidades\/","url_meta":{"origin":76099,"position":0},"title":"PATs da regi\u00e3o de Ribeir\u00e3o est\u00e3o com diversas vagas dispon\u00edveis; Veja as oportunidades","author":"noticiasribeiraopreto.com.br","date":"18 de December de 2023","format":false,"excerpt":"A Secretaria de Desenvolvimento Econ\u00f4mico do Estado de S\u00e3o Paulo informou, nesta segunda-feira-feira (18), que os Postos de Atendimento ao Trabalhador (PATs) est\u00e3o com 281 oportunidades de trabalho na regi\u00e3o de Ribeir\u00e3o Preto. Os interessados em concorrer alguma das vagas devem comparecer ao PAT das cidades com oportunidades, munidos com\u2026","rel":"","context":"In &quot;Not\u00edcias de Ribeir\u00e3o Preto-SP e Regi\u00e3o&quot;","block_context":{"text":"Not\u00edcias de Ribeir\u00e3o Preto-SP e Regi\u00e3o","link":"https:\/\/noticiasribeiraopreto.com.br\/index.php\/category\/noticias-de-ribeirao-preto-sp-e-regiao-ismael-colosi\/"},"img":{"alt_text":"","src":"https:\/\/i0.wp.com\/noticiasribeiraopreto.com.br\/wp-content\/uploads\/2023\/12\/vagas_pat_-_foto_guilherme_sircili_1-1068x711-1.jpg?fit=1068%2C711&ssl=1&resize=350%2C200","width":350,"height":200,"srcset":"https:\/\/i0.wp.com\/noticiasribeiraopreto.com.br\/wp-content\/uploads\/2023\/12\/vagas_pat_-_foto_guilherme_sircili_1-1068x711-1.jpg?fit=1068%2C711&ssl=1&resize=350%2C200 1x, https:\/\/i0.wp.com\/noticiasribeiraopreto.com.br\/wp-content\/uploads\/2023\/12\/vagas_pat_-_foto_guilherme_sircili_1-1068x711-1.jpg?fit=1068%2C711&ssl=1&resize=525%2C300 1.5x, https:\/\/i0.wp.com\/noticiasribeiraopreto.com.br\/wp-content\/uploads\/2023\/12\/vagas_pat_-_foto_guilherme_sircili_1-1068x711-1.jpg?fit=1068%2C711&ssl=1&resize=700%2C400 2x, https:\/\/i0.wp.com\/noticiasribeiraopreto.com.br\/wp-content\/uploads\/2023\/12\/vagas_pat_-_foto_guilherme_sircili_1-1068x711-1.jpg?fit=1068%2C711&ssl=1&resize=1050%2C600 3x"},"classes":[]},{"id":45319,"url":"https:\/\/noticiasribeiraopreto.com.br\/index.php\/2024\/04\/03\/a-procura-de-emprego-regiao-de-ribeirao-preto-esta-com-684-vagas-abertas-ribeirao-preto-e-franca-g1\/","url_meta":{"origin":76099,"position":1},"title":"\u00c0 procura de emprego? Regi\u00e3o de Ribeir\u00e3o Preto est\u00e1 com 684 vagas abertas | Ribeir\u00e3o Preto e Franca | G1","author":"noticiasribeiraopreto.com.br","date":"3 de April de 2024","format":false,"excerpt":"\u00c0 procura de emprego? Regi\u00e3o de Ribeir\u00e3o Preto est\u00e1 com 684 vagas abertas 1 de 1 Carteira de trabalho, em imagem de arquivo \u2014 Foto: Ag\u00eancia Bras\u00edlia Carteira de trabalho, em imagem de arquivo \u2014 Foto: Ag\u00eancia Bras\u00edlia Dez cidades das regi\u00f5es de Ribeir\u00e3o Preto (SP) e Franca (SP) est\u00e3o\u2026","rel":"","context":"In &quot;Vagas de Emprego em Ribeir\u00e3o Preto-SP&quot;","block_context":{"text":"Vagas de Emprego em Ribeir\u00e3o Preto-SP","link":"https:\/\/noticiasribeiraopreto.com.br\/index.php\/category\/empregos-classificados-vagas-trabalho\/vagas-de-empregos-em-ribeirao-preto-regiao-brasil\/"},"img":{"alt_text":"","src":"","width":0,"height":0},"classes":[]},{"id":24713,"url":"https:\/\/noticiasribeiraopreto.com.br\/index.php\/2024\/01\/04\/ribeirao-preto-e-regiao-tem-mais-de-400-vagas-de-emprego-veja-as-oportunidades-1\/","url_meta":{"origin":76099,"position":2},"title":"Ribeir\u00e3o Preto e regi\u00e3o\u00a0t\u00eam mais de 400 vagas de emprego; Veja as oportunidades","author":"noticiasribeiraopreto.com.br","date":"4 de January de 2024","format":false,"excerpt":"Os PATs (Postos de Atendimentos ao Trabalhador) da regi\u00e3o de Ribeir\u00e3o Preto est\u00e3o com mais de 400 vagas de emprego dispon\u00edveis nessa quinta-feira (4), de acordo com os dados da Secretaria de Desenvolvimento Econ\u00f4mico do Estado. As vagas s\u00e3o para diversos setores nas cidades de Barretos, Bebedouro, Ol\u00edmpia, Viradouro, Batatais,\u2026","rel":"","context":"In &quot;Not\u00edcias de Ribeir\u00e3o Preto-SP e Regi\u00e3o&quot;","block_context":{"text":"Not\u00edcias de Ribeir\u00e3o Preto-SP e Regi\u00e3o","link":"https:\/\/noticiasribeiraopreto.com.br\/index.php\/category\/noticias-de-ribeirao-preto-sp-e-regiao-ismael-colosi\/"},"img":{"alt_text":"","src":"https:\/\/i0.wp.com\/noticiasribeiraopreto.com.br\/wp-content\/uploads\/2024\/01\/vagas_de_500x320_07082018085735.jpg?fit=500%2C322&ssl=1&resize=350%2C200","width":350,"height":200},"classes":[]},{"id":28773,"url":"https:\/\/noticiasribeiraopreto.com.br\/index.php\/2024\/01\/16\/regiao-de-ribeirao-esta-com-mais-de-600-vagas-de-trabalho-vejas-as-oportunidades\/","url_meta":{"origin":76099,"position":3},"title":"Regi\u00e3o de Ribeir\u00e3o est\u00e1 com mais de 600 vagas de trabalho; Vejas as oportunidades","author":"noticiasribeiraopreto.com.br","date":"16 de January de 2024","format":false,"excerpt":"A regi\u00e3o de Ribeir\u00e3o Preto est\u00e1 com mais de 600 vagas de emprego, nesta ter\u00e7a-feira (16). As vagas est\u00e3o dispon\u00edveis nos PATs (Posto de Atendimento ao Trabalhador) das cidades, de acordo com a Secretaria de Desenvolvimento Econ\u00f4mico do Estado. As oportunidades est\u00e3o distribu\u00eddas em Barretos, Bebedouro, Gua\u00edra, Ol\u00edmpia, Batatais, Franca,\u2026","rel":"","context":"In &quot;Not\u00edcias de Ribeir\u00e3o Preto-SP e Regi\u00e3o&quot;","block_context":{"text":"Not\u00edcias de Ribeir\u00e3o Preto-SP e Regi\u00e3o","link":"https:\/\/noticiasribeiraopreto.com.br\/index.php\/category\/noticias-de-ribeirao-preto-sp-e-regiao-ismael-colosi\/"},"img":{"alt_text":"","src":"https:\/\/i0.wp.com\/noticiasribeiraopreto.com.br\/wp-content\/uploads\/2024\/01\/mutirao_do_emprego_caterp_pat_pei_-_foto_guilherme_sircili_6.jpg?fit=1200%2C799&ssl=1&resize=350%2C200","width":350,"height":200,"srcset":"https:\/\/i0.wp.com\/noticiasribeiraopreto.com.br\/wp-content\/uploads\/2024\/01\/mutirao_do_emprego_caterp_pat_pei_-_foto_guilherme_sircili_6.jpg?fit=1200%2C799&ssl=1&resize=350%2C200 1x, https:\/\/i0.wp.com\/noticiasribeiraopreto.com.br\/wp-content\/uploads\/2024\/01\/mutirao_do_emprego_caterp_pat_pei_-_foto_guilherme_sircili_6.jpg?fit=1200%2C799&ssl=1&resize=525%2C300 1.5x, https:\/\/i0.wp.com\/noticiasribeiraopreto.com.br\/wp-content\/uploads\/2024\/01\/mutirao_do_emprego_caterp_pat_pei_-_foto_guilherme_sircili_6.jpg?fit=1200%2C799&ssl=1&resize=700%2C400 2x, https:\/\/i0.wp.com\/noticiasribeiraopreto.com.br\/wp-content\/uploads\/2024\/01\/mutirao_do_emprego_caterp_pat_pei_-_foto_guilherme_sircili_6.jpg?fit=1200%2C799&ssl=1&resize=1050%2C600 3x"},"classes":[]},{"id":34007,"url":"https:\/\/noticiasribeiraopreto.com.br\/index.php\/2024\/01\/31\/ribeirao-e-regiao-tem-mais-de-mil-vagas-de-emprego-veja-as-oportunidades\/","url_meta":{"origin":76099,"position":4},"title":"Ribeir\u00e3o e regi\u00e3o t\u00eam mais de mil vagas de emprego; Veja as oportunidades","author":"noticiasribeiraopreto.com.br","date":"31 de January de 2024","format":false,"excerpt":"Os Postos de Atendimento ao Trabalhador (PATs) da regi\u00e3o de Ribeir\u00e3o Preto est\u00e3o com 1.279 vagas de emprego, de acordo com a Secretaria de Desenvolvimento Econ\u00f4mico do Estado de S\u00e3o Paulo. Entre as oportunidades est\u00e3o vagas para T\u00e9cnico de Enfermagem, Pizzaiolo, Administrador e Professor de Educa\u00e7\u00e3o F\u00edsica para o Ensino\u2026","rel":"","context":"In &quot;Not\u00edcias de Ribeir\u00e3o Preto-SP e Regi\u00e3o&quot;","block_context":{"text":"Not\u00edcias de Ribeir\u00e3o Preto-SP e Regi\u00e3o","link":"https:\/\/noticiasribeiraopreto.com.br\/index.php\/category\/noticias-de-ribeirao-preto-sp-e-regiao-ismael-colosi\/"},"img":{"alt_text":"","src":"https:\/\/i0.wp.com\/noticiasribeiraopreto.com.br\/wp-content\/uploads\/2024\/01\/carteira_de_1024x576_27092020203402.jpg?fit=1024%2C576&ssl=1&resize=350%2C200","width":350,"height":200,"srcset":"https:\/\/i0.wp.com\/noticiasribeiraopreto.com.br\/wp-content\/uploads\/2024\/01\/carteira_de_1024x576_27092020203402.jpg?fit=1024%2C576&ssl=1&resize=350%2C200 1x, https:\/\/i0.wp.com\/noticiasribeiraopreto.com.br\/wp-content\/uploads\/2024\/01\/carteira_de_1024x576_27092020203402.jpg?fit=1024%2C576&ssl=1&resize=525%2C300 1.5x, https:\/\/i0.wp.com\/noticiasribeiraopreto.com.br\/wp-content\/uploads\/2024\/01\/carteira_de_1024x576_27092020203402.jpg?fit=1024%2C576&ssl=1&resize=700%2C400 2x"},"classes":[]},{"id":44275,"url":"https:\/\/noticiasribeiraopreto.com.br\/index.php\/2024\/03\/26\/esta-buscando-uma-oportunidade-regiao-de-ribeirao-tem-mais-de-700-vagas-de-emprego\/","url_meta":{"origin":76099,"position":5},"title":"Est\u00e1 buscando uma oportunidade? Regi\u00e3o de Ribeir\u00e3o tem mais de 700 vagas de emprego","author":"noticiasribeiraopreto.com.br","date":"26 de March de 2024","format":false,"excerpt":"Os Postos de Atendimento ao Trabalhador (PATs) da regi\u00e3o de Ribeir\u00e3o Preto est\u00e3o com 729 oportunidades de emprego, de acordo com a Secretaria de Desenvolvimento Econ\u00f4mico do Estado de S\u00e3o Paulo. As vagas s\u00e3o para diversos setores nas cidades de Ribeir\u00e3o Preto, Barretos, Bebedouro, Gua\u00edra, Batatais, Franca, Ituverava, Orl\u00e2ndia, Jardin\u00f3polis,\u2026","rel":"","context":"In &quot;Not\u00edcias de Ribeir\u00e3o Preto-SP e Regi\u00e3o&quot;","block_context":{"text":"Not\u00edcias de Ribeir\u00e3o Preto-SP e Regi\u00e3o","link":"https:\/\/noticiasribeiraopreto.com.br\/index.php\/category\/noticias-de-ribeirao-preto-sp-e-regiao-ismael-colosi\/"},"img":{"alt_text":"","src":"https:\/\/i0.wp.com\/noticiasribeiraopreto.com.br\/wp-content\/uploads\/2024\/03\/vagas_pat_-_foto_guilherme_sircili_1-1068x711-1.jpg?fit=1068%2C711&ssl=1&resize=350%2C200","width":350,"height":200,"srcset":"https:\/\/i0.wp.com\/noticiasribeiraopreto.com.br\/wp-content\/uploads\/2024\/03\/vagas_pat_-_foto_guilherme_sircili_1-1068x711-1.jpg?fit=1068%2C711&ssl=1&resize=350%2C200 1x, https:\/\/i0.wp.com\/noticiasribeiraopreto.com.br\/wp-content\/uploads\/2024\/03\/vagas_pat_-_foto_guilherme_sircili_1-1068x711-1.jpg?fit=1068%2C711&ssl=1&resize=525%2C300 1.5x, https:\/\/i0.wp.com\/noticiasribeiraopreto.com.br\/wp-content\/uploads\/2024\/03\/vagas_pat_-_foto_guilherme_sircili_1-1068x711-1.jpg?fit=1068%2C711&ssl=1&resize=700%2C400 2x, https:\/\/i0.wp.com\/noticiasribeiraopreto.com.br\/wp-content\/uploads\/2024\/03\/vagas_pat_-_foto_guilherme_sircili_1-1068x711-1.jpg?fit=1068%2C711&ssl=1&resize=1050%2C600 3x"},"classes":[]}],"jetpack_sharing_enabled":true,"jetpack_shortlink":"https:\/\/wp.me\/peQAOb-jNp","_links":{"self":[{"href":"https:\/\/noticiasribeiraopreto.com.br\/index.php\/wp-json\/wp\/v2\/posts\/76099","targetHints":{"allow":["GET"]}}],"collection":[{"href":"https:\/\/noticiasribeiraopreto.com.br\/index.php\/wp-json\/wp\/v2\/posts"}],"about":[{"href":"https:\/\/noticiasribeiraopreto.com.br\/index.php\/wp-json\/wp\/v2\/types\/post"}],"author":[{"embeddable":true,"href":"https:\/\/noticiasribeiraopreto.com.br\/index.php\/wp-json\/wp\/v2\/users\/1"}],"replies":[{"embeddable":true,"href":"https:\/\/noticiasribeiraopreto.com.br\/index.php\/wp-json\/wp\/v2\/comments?post=76099"}],"version-history":[{"count":0,"href":"https:\/\/noticiasribeiraopreto.com.br\/index.php\/wp-json\/wp\/v2\/posts\/76099\/revisions"}],"wp:featuredmedia":[{"embeddable":true,"href":"https:\/\/noticiasribeiraopreto.com.br\/index.php\/wp-json\/wp\/v2\/media\/76100"}],"wp:attachment":[{"href":"https:\/\/noticiasribeiraopreto.com.br\/index.php\/wp-json\/wp\/v2\/media?parent=76099"}],"wp:term":[{"taxonomy":"category","embeddable":true,"href":"https:\/\/noticiasribeiraopreto.com.br\/index.php\/wp-json\/wp\/v2\/categories?post=76099"},{"taxonomy":"post_tag","embeddable":true,"href":"https:\/\/noticiasribeiraopreto.com.br\/index.php\/wp-json\/wp\/v2\/tags?post=76099"}],"curies":[{"name":"wp","href":"https:\/\/api.w.org\/{rel}","templated":true}]}}