{"id":76101,"date":"2025-08-22T09:15:30","date_gmt":"2025-08-22T12:15:30","guid":{"rendered":"https:\/\/noticiasribeiraopreto.com.br\/index.php\/2025\/08\/22\/primeira-noite-de-shows-da-festa-do-peao-de-barretos-tem-nostalgia-e-modoes\/"},"modified":"2025-08-22T09:15:30","modified_gmt":"2025-08-22T12:15:30","slug":"primeira-noite-de-shows-da-festa-do-peao-de-barretos-tem-nostalgia-e-modoes","status":"publish","type":"post","link":"https:\/\/noticiasribeiraopreto.com.br\/index.php\/2025\/08\/22\/primeira-noite-de-shows-da-festa-do-peao-de-barretos-tem-nostalgia-e-modoes\/","title":{"rendered":"Primeira noite de shows da Festa do Pe\u00e3o de Barretos tem nostalgia e mod\u00f5es"},"content":{"rendered":"<div class='code-block code-block-1' style='margin: 8px 0 8px auto; text-align: right; display: block; clear: both;'>\n<p><a href=\"https:\/\/wa.link\/vpicfd\"><img data-recalc-dims=\"1\" class=\"wp-image-4922\" style=\"aspect-ratio: 2.0253164556962027; width: 561px; height: auto;\" src=\"https:\/\/i0.wp.com\/ismaelcolosi.com.br\/wp-content\/uploads\/2023\/11\/grupo-de-empregos-whatsapp-e-facebook-ismael-colosi-vagas.jpg?ssl=1\" alt=\"\" \/><\/a><\/p>\n<!-- \/wp:image -->\n<\/div>\n<p> <br \/>\n<\/p>\n<div>\n<p>Nostalgia! Assim foi a primeira noite de shows no Parque do Pe\u00e3o, na <strong>70\u00aa Festa do Pe\u00e3o de Barretos<\/strong>, que come\u00e7ou nesta quinta-feira (21). <strong>Com shows de<mark style=\"background-color:#fcb900\" class=\"has-inline-color\"> Fernando e Sorocaba, Jo\u00e3o Bosco e Vinicius e Guilherme Santiago, <\/mark>tr\u00eas dos nomes que ajudaram a popularizar o estilo \u2018sertanejo universit\u00e1rio\u2019, os presentes presenciaram espet\u00e1culos que atravessaram d\u00e9cadas.<\/strong><\/p>\n<h2 class=\"wp-block-heading\"><strong>Fernando e Sorocaba<\/strong><\/h2>\n<p>\u00c0s 23h a dupla Fernando e Sorocaba deu o pontap\u00e9 dos grandes shows que ir\u00e3o compor os 11 dias de Festa de Pe\u00e3o de Barretos.<\/p>\n<p><strong>Em cerca de 1h de show, os cantores desfilaram hits de quase duas d\u00e9cadas de carreira.<\/strong> Das origens do sertanejo universit\u00e1rio ao country, a dupla animou o p\u00fablico, que lotou o palco Est\u00e1dio.<\/p>\n<p>Um dos pontos altos foi Fernando com um piano ao cantar m\u00fasicas mais lentas da dupla. <strong>O espet\u00e1culo ainda contou com participa\u00e7\u00f5es espsciais e a distribui\u00e7\u00e3o de churrasco.<\/strong><\/p>\n<p>Empres\u00e1rios, <strong>Fernando e Sorocaba chamaram para o palco as duplas Fiduma &amp; Jeca e Us Agroboy<\/strong>. A primeira cantou \u201cCortando as BR\u201d, enquanto a segunda dupla trouxe \u201cConsequ\u00eancias de Amar um Cowboy\u201d e \u201cBaladinha Rural.<\/p>\n<p>Com o projeto \u201cChurrasco On Fire\u201d, a dupla utilizou um drone para entregar carne aos espectadores do espet\u00e1culo.<\/p>\n<h2 class=\"wp-block-heading\"><strong>Jo\u00e3o Bosco e Vinicius<\/strong><\/h2>\n<p>Jo\u00e3o Bosco e Vinicius seguiram a mesma linha de Fernando e Sorocaba. <strong>De antigas at\u00e9 atuais, a dupla fez o p\u00fablico cantar e dan\u00e7ar animado em pouco mais de 1h de show<\/strong>, entre 1h35 e 1h50 da madrugada desta sexta-feira (22).<\/p>\n<p><strong>Eles interagiram pouco com a plateia,<\/strong> mas compensaram entregando chopp para quem estava mais pr\u00f3ximo do palco.<\/p>\n<p><strong>Joao Bosco e Vinicius foram de \u201cChora me Liga\u201d, hit que abriu o show, at\u00e9 o remix de \u201cBloqueia Eu\u201d com DJ Lucas Beat.<\/strong> Entre os sucessos, recorreram a consagradas can\u00e7\u00f5es do sertanejo, como \u201cP\u00e1gina de Amigos\u201d, cantado a pleno pulm\u00f5es pelo p\u00fablico<\/p>\n<h2 class=\"wp-block-heading\"><strong>Guilherme e Santiago <\/strong><\/h2>\n<p>Guilherme e Santiago encerraram a noite em grande estilo.<strong> A dupla, que come\u00e7ou ainda nos anos 1990 com uma pegada mais raiz e se transformou em universit\u00e1rio com o tempo, contou sua hist\u00f3ria <\/strong>e trajet\u00f3ria em 1h de espet\u00e1culo.<\/p>\n<p><strong>O ponto alto do show foi a sequ\u00eancia con os hits, Jogado na Rua\u201d, can\u00e7\u00e3o de 2013, e \u201cMeia Noite e Meia\u201d, de 1994,<\/strong> que levou a arena ao del\u00edrio \u2013 e mostrou como a dupla sabe ser ecl\u00e9tica.<\/p>\n<p><strong>Perto das 3h15 a primeira noite foi oficialmente encerrada, ainda com bom p\u00fablico, principalmente na arena.<\/strong> Sob uma noite quente, a dupla embalou hits animados na reta final do show, levando o p\u00fablico a se mexer e dan\u00e7ar, mas encerraram com uma sequ\u00eancia de mod\u00f5es. <\/p>\n<p>R$ 1,4 milh\u00e3o em pr\u00eamios: Conhe\u00e7a as modalidades no rodeio da Festa do Pe\u00e3o de Barretos<\/p>\n<h2 class=\"wp-block-heading\"><strong>FIQUE ON<\/strong><\/h2>\n<p>Fique ligado em tudo que acontece em Ribeir\u00e3o Preto e regi\u00e3o. Siga os perfis do\u00a0<strong>acidade on<\/strong>\u00a0no<a href=\"https:\/\/www.instagram.com\/acidadeonribeirao\" target=\"_blank\" rel=\"noreferrer noopener\">\u00a0Instagram\u00a0<\/a>e no\u00a0<a href=\"https:\/\/www.facebook.com\/acidadeonribeirao\/\" target=\"_blank\" rel=\"noreferrer noopener\">Facebook<\/a>.<\/p>\n<p>Receba not\u00edcias do<strong>\u00a0acidade on<\/strong>\u00a0no WhatsApp. Para entrar no grupo,\u00a0basta\u00a0<a href=\"https:\/\/chat.whatsapp.com\/I4nieTEMKlf50pJ28aMemC?mode=ac_t\" target=\"_blank\" rel=\"noreferrer noopener\">clicar aqui<\/a>. Ou, acesse o nosso\u00a0Canal\u00a0<a href=\"https:\/\/whatsapp.com\/channel\/0029Vb6IQl1JENyAeS57fk2p\" target=\"_blank\" rel=\"noreferrer noopener\">clicando aqui<\/a>.<\/p>\n<p>Fa\u00e7a uma den\u00fancia ou sugira uma reportagem sobre Ribeir\u00e3o Preto e regi\u00e3o pelo WhatsApp: 16 99117 7802.<\/p>\n<p>VEJA TAMB\u00c9M<\/p>\n<p>O que aconteceu com Brent Hinds, da Mastodon?<\/p>\n<p><!-- AI CONTENT END 1 -->\n<\/div>\n<p><script async src=\"\/\/www.instagram.com\/embed.js\"><\/script><br \/>\n<br \/><br \/>\n<br \/><a href=\"https:\/\/www.acidadeon.com\/ribeiraopreto\/lazer-e-cultura\/festa-do-peao-de-barretos\/primeira-noite-de-shows-da-festa-do-peao-de-barretos-tem-nostalgia-e-modoes\/\">Source link <\/a><\/p>\n<!-- CONTENT END 1 -->\n","protected":false},"excerpt":{"rendered":"<p>Nostalgia! Assim foi a primeira noite de shows no Parque do Pe\u00e3o, na 70\u00aa Festa do Pe\u00e3o de Barretos, que come\u00e7ou nesta quinta-feira (21). Com&#8230;<\/p>\n","protected":false},"author":1,"featured_media":76102,"comment_status":"open","ping_status":"open","sticky":false,"template":"","format":"standard","meta":{"advanced_seo_description":"","jetpack_seo_html_title":"","jetpack_seo_noindex":false,"jetpack_post_was_ever_published":false,"_jetpack_newsletter_access":"","_jetpack_dont_email_post_to_subs":false,"_jetpack_newsletter_tier_id":0,"_jetpack_memberships_contains_paywalled_content":false,"_jetpack_memberships_contains_paid_content":false,"footnotes":"","jetpack_publicize_message":"","jetpack_publicize_feature_enabled":true,"jetpack_social_post_already_shared":true,"jetpack_social_options":{"image_generator_settings":{"template":"highway","default_image_id":0,"font":"","enabled":false},"version":2}},"categories":[11],"tags":[],"class_list":["post-76101","post","type-post","status-publish","format-standard","has-post-thumbnail","hentry","category-noticias-de-ribeirao-preto-sp-e-regiao-ismael-colosi"],"jetpack_publicize_connections":[],"jetpack_featured_media_url":"https:\/\/i0.wp.com\/noticiasribeiraopreto.com.br\/wp-content\/uploads\/2025\/08\/festa-peao-barretos-6.webp.webp?fit=1200%2C674&ssl=1","jetpack-related-posts":[{"id":76162,"url":"https:\/\/noticiasribeiraopreto.com.br\/index.php\/2025\/08\/23\/com-virginia-e-ana-castela-na-plateia-sexta-feira-mistura-classicos-com-nova-geracao-na-festa-do-peao-de-barretos\/","url_meta":{"origin":76101,"position":0},"title":"Com V\u00edrginia e Ana Castela na plateia, sexta-feira mistura cl\u00e1ssicos com nova gera\u00e7\u00e3o na Festa do Pe\u00e3o de Barretos","author":"noticiasribeiraopreto.com.br","date":"23 de August de 2025","format":false,"excerpt":"Se a primeira noite de shows em Barretos, na quinta-feira (21), foi marcado por nostalgia com muito sertanejo universit\u00e1rio, a sexta-feira (22) foi da mistura entre cl\u00e1ssicos sertanejos com a nova gera\u00e7\u00e3o do estilo musical. O Palco Est\u00e1dio recebeu Bruno e Marrone, Hugo e Guilherme e Murilo Huff, que gravou\u2026","rel":"","context":"In &quot;Not\u00edcias de Ribeir\u00e3o Preto-SP e Regi\u00e3o&quot;","block_context":{"text":"Not\u00edcias de Ribeir\u00e3o Preto-SP e Regi\u00e3o","link":"https:\/\/noticiasribeiraopreto.com.br\/index.php\/category\/noticias-de-ribeirao-preto-sp-e-regiao-ismael-colosi\/"},"img":{"alt_text":"","src":"https:\/\/i0.wp.com\/noticiasribeiraopreto.com.br\/wp-content\/uploads\/2025\/08\/arena-peao-barretos_2025-08-23_09-00-47.webp.webp?fit=700%2C500&ssl=1&resize=350%2C200","width":350,"height":200,"srcset":"https:\/\/i0.wp.com\/noticiasribeiraopreto.com.br\/wp-content\/uploads\/2025\/08\/arena-peao-barretos_2025-08-23_09-00-47.webp.webp?fit=700%2C500&ssl=1&resize=350%2C200 1x, https:\/\/i0.wp.com\/noticiasribeiraopreto.com.br\/wp-content\/uploads\/2025\/08\/arena-peao-barretos_2025-08-23_09-00-47.webp.webp?fit=700%2C500&ssl=1&resize=525%2C300 1.5x, https:\/\/i0.wp.com\/noticiasribeiraopreto.com.br\/wp-content\/uploads\/2025\/08\/arena-peao-barretos_2025-08-23_09-00-47.webp.webp?fit=700%2C500&ssl=1&resize=700%2C400 2x"},"classes":[]},{"id":76088,"url":"https:\/\/noticiasribeiraopreto.com.br\/index.php\/2025\/08\/21\/festa-do-peao-de-barretos-2025-veja-horario-dos-shows-desta-quinta-feira\/","url_meta":{"origin":76101,"position":1},"title":"Festa do Pe\u00e3o de Barretos 2025: Veja hor\u00e1rio dos shows desta quinta-feira","author":"noticiasribeiraopreto.com.br","date":"21 de August de 2025","format":false,"excerpt":"A 70\u00aa edi\u00e7\u00e3o da Festa do Pe\u00e3o de Barretos, principal evento de rodeio da Am\u00e9rica Latina, come\u00e7a nesta quinta-feira (21). A abertura do evento traz grandes nomes da m\u00fasica sertaneja: Fernando & Sorocaba, Jo\u00e3o Bosco & Vinicius e Guilherme & Santiago. Veja a programa\u00e7\u00e3o completa da noite: 23h \u2013 Fernando\u2026","rel":"","context":"In &quot;Not\u00edcias de Ribeir\u00e3o Preto-SP e Regi\u00e3o&quot;","block_context":{"text":"Not\u00edcias de Ribeir\u00e3o Preto-SP e Regi\u00e3o","link":"https:\/\/noticiasribeiraopreto.com.br\/index.php\/category\/noticias-de-ribeirao-preto-sp-e-regiao-ismael-colosi\/"},"img":{"alt_text":"","src":"https:\/\/i0.wp.com\/noticiasribeiraopreto.com.br\/wp-content\/uploads\/2025\/08\/parque-do-peao.jpeg?fit=1200%2C674&ssl=1&resize=350%2C200","width":350,"height":200,"srcset":"https:\/\/i0.wp.com\/noticiasribeiraopreto.com.br\/wp-content\/uploads\/2025\/08\/parque-do-peao.jpeg?fit=1200%2C674&ssl=1&resize=350%2C200 1x, https:\/\/i0.wp.com\/noticiasribeiraopreto.com.br\/wp-content\/uploads\/2025\/08\/parque-do-peao.jpeg?fit=1200%2C674&ssl=1&resize=525%2C300 1.5x, https:\/\/i0.wp.com\/noticiasribeiraopreto.com.br\/wp-content\/uploads\/2025\/08\/parque-do-peao.jpeg?fit=1200%2C674&ssl=1&resize=700%2C400 2x, https:\/\/i0.wp.com\/noticiasribeiraopreto.com.br\/wp-content\/uploads\/2025\/08\/parque-do-peao.jpeg?fit=1200%2C674&ssl=1&resize=1050%2C600 3x"},"classes":[]},{"id":46085,"url":"https:\/\/noticiasribeiraopreto.com.br\/index.php\/2024\/04\/09\/festa-do-peao-de-barretos-confirma-show-de-edson-hudson\/","url_meta":{"origin":76101,"position":2},"title":"Festa do Pe\u00e3o de Barretos confirma show de Edson &#038; Hudson","author":"noticiasribeiraopreto.com.br","date":"9 de April de 2024","format":false,"excerpt":"Festa do Pe\u00e3o de Barretos confirma show de Edson & HudsonDupla com mais de tr\u00eas d\u00e9cadas de hist\u00f3ria apresentar\u00e1 seus maiores sucessos no dia 18 de agosto, domingo. A Festa acontece de 15 a 25 de agosto, no Parque do Pe\u00e3o, e ingressos j\u00e1 est\u00e3o \u00e0 venda. A 69\u00aa Festa\u2026","rel":"","context":"In &quot;Not\u00edcias de Ribeir\u00e3o Preto-SP e Regi\u00e3o&quot;","block_context":{"text":"Not\u00edcias de Ribeir\u00e3o Preto-SP e Regi\u00e3o","link":"https:\/\/noticiasribeiraopreto.com.br\/index.php\/category\/noticias-de-ribeirao-preto-sp-e-regiao-ismael-colosi\/"},"img":{"alt_text":"","src":"https:\/\/i0.wp.com\/noticiasribeiraopreto.com.br\/wp-content\/uploads\/2024\/04\/85f68e21cdfeac1b8cca92eadc410ba7-1.jpeg?fit=1200%2C645&ssl=1&resize=350%2C200","width":350,"height":200,"srcset":"https:\/\/i0.wp.com\/noticiasribeiraopreto.com.br\/wp-content\/uploads\/2024\/04\/85f68e21cdfeac1b8cca92eadc410ba7-1.jpeg?fit=1200%2C645&ssl=1&resize=350%2C200 1x, https:\/\/i0.wp.com\/noticiasribeiraopreto.com.br\/wp-content\/uploads\/2024\/04\/85f68e21cdfeac1b8cca92eadc410ba7-1.jpeg?fit=1200%2C645&ssl=1&resize=525%2C300 1.5x, https:\/\/i0.wp.com\/noticiasribeiraopreto.com.br\/wp-content\/uploads\/2024\/04\/85f68e21cdfeac1b8cca92eadc410ba7-1.jpeg?fit=1200%2C645&ssl=1&resize=700%2C400 2x, https:\/\/i0.wp.com\/noticiasribeiraopreto.com.br\/wp-content\/uploads\/2024\/04\/85f68e21cdfeac1b8cca92eadc410ba7-1.jpeg?fit=1200%2C645&ssl=1&resize=1050%2C600 3x"},"classes":[]},{"id":65081,"url":"https:\/\/noticiasribeiraopreto.com.br\/index.php\/2025\/03\/15\/veja-as-atracoes-confirmadas-para-o-primeiro-dia-da-festa-do-peao-de-barretos-de-2025\/","url_meta":{"origin":76101,"position":3},"title":"Veja as atra\u00e7\u00f5es confirmadas para o primeiro dia da Festa do Pe\u00e3o de Barretos de 2025","author":"noticiasribeiraopreto.com.br","date":"15 de March de 2025","format":false,"excerpt":"A 70\u00aa edi\u00e7\u00e3o da Festa do Pe\u00e3o de Barretos, que acontece entre os dias 21 a 31 de agosto, no Parque do Pe\u00e3o, em Barretos, anunciou nesta sexta-feira (14) tr\u00eas atra\u00e7\u00f5es do palco Est\u00e1dios de Rodeios. Os artistas abrir\u00e3o a programa\u00e7\u00e3o do Barret\u00e3o, no dia 21 de agosto. Entre as\u2026","rel":"","context":"In &quot;Not\u00edcias de Ribeir\u00e3o Preto-SP e Regi\u00e3o&quot;","block_context":{"text":"Not\u00edcias de Ribeir\u00e3o Preto-SP e Regi\u00e3o","link":"https:\/\/noticiasribeiraopreto.com.br\/index.php\/category\/noticias-de-ribeirao-preto-sp-e-regiao-ismael-colosi\/"},"img":{"alt_text":"","src":"https:\/\/i0.wp.com\/noticiasribeiraopreto.com.br\/wp-content\/uploads\/2025\/03\/Fernando-e-Sorocaba_2025-03-15_14-35-21.webp.webp?fit=1200%2C675&ssl=1&resize=350%2C200","width":350,"height":200,"srcset":"https:\/\/i0.wp.com\/noticiasribeiraopreto.com.br\/wp-content\/uploads\/2025\/03\/Fernando-e-Sorocaba_2025-03-15_14-35-21.webp.webp?fit=1200%2C675&ssl=1&resize=350%2C200 1x, https:\/\/i0.wp.com\/noticiasribeiraopreto.com.br\/wp-content\/uploads\/2025\/03\/Fernando-e-Sorocaba_2025-03-15_14-35-21.webp.webp?fit=1200%2C675&ssl=1&resize=525%2C300 1.5x, https:\/\/i0.wp.com\/noticiasribeiraopreto.com.br\/wp-content\/uploads\/2025\/03\/Fernando-e-Sorocaba_2025-03-15_14-35-21.webp.webp?fit=1200%2C675&ssl=1&resize=700%2C400 2x, https:\/\/i0.wp.com\/noticiasribeiraopreto.com.br\/wp-content\/uploads\/2025\/03\/Fernando-e-Sorocaba_2025-03-15_14-35-21.webp.webp?fit=1200%2C675&ssl=1&resize=1050%2C600 3x"},"classes":[]},{"id":76186,"url":"https:\/\/noticiasribeiraopreto.com.br\/index.php\/2025\/08\/24\/terceira-noite-da-festa-do-peao-de-barretos-tem-show-de-drones-com-ana-castela-e-emocao-de-ze-neto\/","url_meta":{"origin":76101,"position":4},"title":"Terceira noite da Festa do Pe\u00e3o de Barretos tem show de drones com Ana Castela e emo\u00e7\u00e3o de Z\u00e9 Neto","author":"noticiasribeiraopreto.com.br","date":"24 de August de 2025","format":false,"excerpt":"A terceira noite de shows na 70\u00aa Festa do Pe\u00e3o de Barretos, neste s\u00e1bado (23) foi de muitos pontos altos. O Palco Est\u00e1dio, principal da festa, recebeu Ana Castela, Z\u00e9 Neto & Cristiano e Nattan. Ana Castela A primeira a se apresentar foi Ana Castela, que se credenciou para ser\u2026","rel":"","context":"In &quot;Not\u00edcias de Ribeir\u00e3o Preto-SP e Regi\u00e3o&quot;","block_context":{"text":"Not\u00edcias de Ribeir\u00e3o Preto-SP e Regi\u00e3o","link":"https:\/\/noticiasribeiraopreto.com.br\/index.php\/category\/noticias-de-ribeirao-preto-sp-e-regiao-ismael-colosi\/"},"img":{"alt_text":"","src":"https:\/\/i0.wp.com\/noticiasribeiraopreto.com.br\/wp-content\/uploads\/2025\/08\/68a8870073d2d.webp.webp?fit=1200%2C799&ssl=1&resize=350%2C200","width":350,"height":200,"srcset":"https:\/\/i0.wp.com\/noticiasribeiraopreto.com.br\/wp-content\/uploads\/2025\/08\/68a8870073d2d.webp.webp?fit=1200%2C799&ssl=1&resize=350%2C200 1x, https:\/\/i0.wp.com\/noticiasribeiraopreto.com.br\/wp-content\/uploads\/2025\/08\/68a8870073d2d.webp.webp?fit=1200%2C799&ssl=1&resize=525%2C300 1.5x, https:\/\/i0.wp.com\/noticiasribeiraopreto.com.br\/wp-content\/uploads\/2025\/08\/68a8870073d2d.webp.webp?fit=1200%2C799&ssl=1&resize=700%2C400 2x, https:\/\/i0.wp.com\/noticiasribeiraopreto.com.br\/wp-content\/uploads\/2025\/08\/68a8870073d2d.webp.webp?fit=1200%2C799&ssl=1&resize=1050%2C600 3x"},"classes":[]},{"id":76224,"url":"https:\/\/noticiasribeiraopreto.com.br\/index.php\/2025\/08\/25\/domingo-e-marcado-por-estreias-na-festa-do-peao-de-barretos\/","url_meta":{"origin":76101,"position":5},"title":"Domingo \u00e9 marcado por estreias na Festa do Pe\u00e3o de Barretos","author":"noticiasribeiraopreto.com.br","date":"25 de August de 2025","format":false,"excerpt":"Uma noite marcada por estreias na Festa do Pe\u00e3o de Barretos. O Palco Est\u00e1dio recebeu pela primeira vez Felipe e Rodrigo e L\u00e9o Foguete, al\u00e9m dos consagrados Matheus e Kauan. Felipe e Rodrigo Felipe e Rodrigo abriram a noite. Os amigos seguem crescendo nas plataformas de \u00e1udio e pisaram pela\u2026","rel":"","context":"In &quot;Not\u00edcias de Ribeir\u00e3o Preto-SP e Regi\u00e3o&quot;","block_context":{"text":"Not\u00edcias de Ribeir\u00e3o Preto-SP e Regi\u00e3o","link":"https:\/\/noticiasribeiraopreto.com.br\/index.php\/category\/noticias-de-ribeirao-preto-sp-e-regiao-ismael-colosi\/"},"img":{"alt_text":"","src":"https:\/\/i0.wp.com\/noticiasribeiraopreto.com.br\/wp-content\/uploads\/2025\/08\/68ab3ac08a57f.webp.webp?fit=1200%2C800&ssl=1&resize=350%2C200","width":350,"height":200,"srcset":"https:\/\/i0.wp.com\/noticiasribeiraopreto.com.br\/wp-content\/uploads\/2025\/08\/68ab3ac08a57f.webp.webp?fit=1200%2C800&ssl=1&resize=350%2C200 1x, https:\/\/i0.wp.com\/noticiasribeiraopreto.com.br\/wp-content\/uploads\/2025\/08\/68ab3ac08a57f.webp.webp?fit=1200%2C800&ssl=1&resize=525%2C300 1.5x, https:\/\/i0.wp.com\/noticiasribeiraopreto.com.br\/wp-content\/uploads\/2025\/08\/68ab3ac08a57f.webp.webp?fit=1200%2C800&ssl=1&resize=700%2C400 2x, https:\/\/i0.wp.com\/noticiasribeiraopreto.com.br\/wp-content\/uploads\/2025\/08\/68ab3ac08a57f.webp.webp?fit=1200%2C800&ssl=1&resize=1050%2C600 3x"},"classes":[]}],"jetpack_sharing_enabled":true,"jetpack_shortlink":"https:\/\/wp.me\/peQAOb-jNr","_links":{"self":[{"href":"https:\/\/noticiasribeiraopreto.com.br\/index.php\/wp-json\/wp\/v2\/posts\/76101","targetHints":{"allow":["GET"]}}],"collection":[{"href":"https:\/\/noticiasribeiraopreto.com.br\/index.php\/wp-json\/wp\/v2\/posts"}],"about":[{"href":"https:\/\/noticiasribeiraopreto.com.br\/index.php\/wp-json\/wp\/v2\/types\/post"}],"author":[{"embeddable":true,"href":"https:\/\/noticiasribeiraopreto.com.br\/index.php\/wp-json\/wp\/v2\/users\/1"}],"replies":[{"embeddable":true,"href":"https:\/\/noticiasribeiraopreto.com.br\/index.php\/wp-json\/wp\/v2\/comments?post=76101"}],"version-history":[{"count":0,"href":"https:\/\/noticiasribeiraopreto.com.br\/index.php\/wp-json\/wp\/v2\/posts\/76101\/revisions"}],"wp:featuredmedia":[{"embeddable":true,"href":"https:\/\/noticiasribeiraopreto.com.br\/index.php\/wp-json\/wp\/v2\/media\/76102"}],"wp:attachment":[{"href":"https:\/\/noticiasribeiraopreto.com.br\/index.php\/wp-json\/wp\/v2\/media?parent=76101"}],"wp:term":[{"taxonomy":"category","embeddable":true,"href":"https:\/\/noticiasribeiraopreto.com.br\/index.php\/wp-json\/wp\/v2\/categories?post=76101"},{"taxonomy":"post_tag","embeddable":true,"href":"https:\/\/noticiasribeiraopreto.com.br\/index.php\/wp-json\/wp\/v2\/tags?post=76101"}],"curies":[{"name":"wp","href":"https:\/\/api.w.org\/{rel}","templated":true}]}}