{"id":76105,"date":"2025-08-22T09:32:01","date_gmt":"2025-08-22T12:32:01","guid":{"rendered":"https:\/\/noticiasribeiraopreto.com.br\/index.php\/2025\/08\/22\/recorde-mundial-marca-primeira-noite-de-rodeios-na-festa-do-peao-de-barretos\/"},"modified":"2025-08-22T09:32:01","modified_gmt":"2025-08-22T12:32:01","slug":"recorde-mundial-marca-primeira-noite-de-rodeios-na-festa-do-peao-de-barretos","status":"publish","type":"post","link":"https:\/\/noticiasribeiraopreto.com.br\/index.php\/2025\/08\/22\/recorde-mundial-marca-primeira-noite-de-rodeios-na-festa-do-peao-de-barretos\/","title":{"rendered":"Recorde mundial marca primeira noite de rodeios na Festa do Pe\u00e3o de Barretos"},"content":{"rendered":"<div class='code-block code-block-1' style='margin: 8px 0 8px auto; text-align: right; display: block; clear: both;'>\n<p><a href=\"https:\/\/wa.link\/vpicfd\"><img data-recalc-dims=\"1\" class=\"wp-image-4922\" style=\"aspect-ratio: 2.0253164556962027; width: 561px; height: auto;\" src=\"https:\/\/i0.wp.com\/ismaelcolosi.com.br\/wp-content\/uploads\/2023\/11\/grupo-de-empregos-whatsapp-e-facebook-ismael-colosi-vagas.jpg?ssl=1\" alt=\"\" \/><\/a><\/p>\n<!-- \/wp:image -->\n<\/div>\n<p> <br \/>\n<\/p>\n<div>\n<p>A emo\u00e7\u00e3o tomou conta do Parque do Pe\u00e3o de Barretos na noite de quinta-feira (21), quando <strong><mark style=\"background-color:#fcb900\" class=\"has-inline-color\">a dupla formada por Marcos Medeiros, de Avar\u00e9 (SP), e Marcelo Barbosa, de Ji-Paran\u00e1 (RO), cravou o tempo de 18.289 segundos e estabeleceu um novo recorde mundial do Ranch Sorting<\/mark><\/strong> logo no primeiro dia de classificat\u00f3rias da <strong>70\u00aa Festa do Pe\u00e3o de Barretos.<\/strong><\/p>\n<p><strong>O feito supera a marca anterior, tamb\u00e9m registrada em Barretos, em 2023.<\/strong> Ap\u00f3s o feito, o competidor Marcos Medeiros, de Ji-Paran\u00e1 (RO), destacou a surpresa pelo resultado.<\/p>\n<figure class=\"wp-block-pullquote\">\n<blockquote>\n<p>\u201cA gente nunca imagina bater um recorde. O que queremos sempre \u00e9 dar o nosso melhor. Conheci o Marcelo em uma prova no Mato Grosso, ele me chamou para correr com ele aqui no Amador e acabou dando certo. A emo\u00e7\u00e3o \u00e9 enorme.\u201d<\/p>\n<\/blockquote>\n<\/figure>\n<p>J\u00e1 Marcelo Barbosa, paulsta de Avar\u00e9, dedicou a conquista \u00e0 fam\u00edlia e \u00e0 f\u00e9.<\/p>\n<figure class=\"wp-block-pullquote\">\n<blockquote>\n<p>\u201cQuero agradecer a Deus, ao meu parceiro e \u00e0 minha fam\u00edlia, especialmente minha filha que est\u00e1 aqui comigo. Come\u00e7amos a correr Ranch Sorting em 2019, em Rond\u00f4nia, e nunca imaginamos alcan\u00e7ar um recorde mundial. Mas trabalhamos firme, sem falhas, e Deus iluminou para que tudo desse certo.\u201d <\/p>\n<\/blockquote>\n<\/figure>\n<h2 class=\"wp-block-heading\"><strong>A prova <\/strong><\/h2>\n<p>O Ranch Sorting exige t\u00e9cnica, velocidade e sintonia entre os competidores. <strong>A arena \u00e9 dividida em duas partes, formando o n\u00famero oito.<\/strong> De um lado, fica a boiada numerada de 0 a 9. Os pe\u00f5es precisam conduzir os animais, na sequ\u00eancia correta, para o outro lado da pista. <strong>Ganha quem conseguir passar os 10 bois no menor tempo poss\u00edvel, sem erros.<\/strong> As melhores duplas das classificat\u00f3rias competem a noite no Est\u00e1dio de Rodeios.<br \/><strong><br \/>Segundo Barbosa, competir em Barretos aumenta o n\u00edvel de dificuldade.<\/strong><\/p>\n<figure class=\"wp-block-pullquote\">\n<blockquote>\n<p>\u00a0\u201cAqui a prova \u00e9 muito apertada, a boiada \u00e9 muito boa e n\u00e3o \u00e9 f\u00e1cil tocar. Mas s\u00f3 de estar neste lugar j\u00e1 \u00e9 m\u00e1gico. Barretos \u00e9 realmente a terra das emo\u00e7\u00f5es.\u201d<\/p>\n<\/blockquote>\n<\/figure>\n<p>SAIBA MAIS<\/p>\n<p>R$ 1,4 milh\u00e3o em pr\u00eamios: Conhe\u00e7a as modalidades no rodeio da Festa do Pe\u00e3o de Barretos<\/p>\n<h2 class=\"wp-block-heading\"><strong>FIQUE ON<\/strong><\/h2>\n<p>Fique ligado em tudo que acontece em Ribeir\u00e3o Preto e regi\u00e3o. Siga os perfis do\u00a0<strong>acidade on<\/strong>\u00a0no<a href=\"https:\/\/www.instagram.com\/acidadeonribeirao\" target=\"_blank\" rel=\"noreferrer noopener\">\u00a0Instagram\u00a0<\/a>e no\u00a0<a href=\"https:\/\/www.facebook.com\/acidadeonribeirao\/\" target=\"_blank\" rel=\"noreferrer noopener\">Facebook<\/a>.<\/p>\n<p>Receba not\u00edcias do<strong>\u00a0acidade on<\/strong>\u00a0no WhatsApp. Para entrar no grupo,\u00a0basta\u00a0<a href=\"https:\/\/chat.whatsapp.com\/I4nieTEMKlf50pJ28aMemC?mode=ac_t\" target=\"_blank\" rel=\"noreferrer noopener\">clicar aqui<\/a>. Ou, acesse o nosso\u00a0Canal\u00a0<a href=\"https:\/\/whatsapp.com\/channel\/0029Vb6IQl1JENyAeS57fk2p\" target=\"_blank\" rel=\"noreferrer noopener\">clicando aqui<\/a>.<\/p>\n<p>Fa\u00e7a uma den\u00fancia ou sugira uma reportagem sobre Ribeir\u00e3o Preto e regi\u00e3o pelo WhatsApp: 16 99117 7802.<\/p>\n<p>VEJA TAMB\u00c9M<\/p>\n<p>O que aconteceu com Brent Hinds, da Mastodon?<\/p>\n<p><!-- AI CONTENT END 1 -->\n<\/div>\n<p><script async src=\"\/\/www.instagram.com\/embed.js\"><\/script><br \/>\n<br \/><br \/>\n<br \/><a href=\"https:\/\/www.acidadeon.com\/ribeiraopreto\/lazer-e-cultura\/festa-do-peao-de-barretos\/recorde-mundial-marca-primeira-noite-de-rodeios-na-festa-do-peao-de-barretos\/\">Source link <\/a><\/p>\n<!-- CONTENT END 1 -->\n","protected":false},"excerpt":{"rendered":"<p>A emo\u00e7\u00e3o tomou conta do Parque do Pe\u00e3o de Barretos na noite de quinta-feira (21), quando a dupla formada por Marcos Medeiros, de Avar\u00e9 (SP),&#8230;<\/p>\n","protected":false},"author":1,"featured_media":76106,"comment_status":"open","ping_status":"open","sticky":false,"template":"","format":"standard","meta":{"advanced_seo_description":"","jetpack_seo_html_title":"","jetpack_seo_noindex":false,"jetpack_post_was_ever_published":false,"_jetpack_newsletter_access":"","_jetpack_dont_email_post_to_subs":false,"_jetpack_newsletter_tier_id":0,"_jetpack_memberships_contains_paywalled_content":false,"_jetpack_memberships_contains_paid_content":false,"footnotes":"","jetpack_publicize_message":"","jetpack_publicize_feature_enabled":true,"jetpack_social_post_already_shared":true,"jetpack_social_options":{"image_generator_settings":{"template":"highway","default_image_id":0,"font":"","enabled":false},"version":2}},"categories":[11],"tags":[],"class_list":["post-76105","post","type-post","status-publish","format-standard","has-post-thumbnail","hentry","category-noticias-de-ribeirao-preto-sp-e-regiao-ismael-colosi"],"jetpack_publicize_connections":[],"jetpack_featured_media_url":"https:\/\/i0.wp.com\/noticiasribeiraopreto.com.br\/wp-content\/uploads\/2025\/08\/unnamed-10-1.webp.webp?fit=795%2C463&ssl=1","jetpack-related-posts":[{"id":76186,"url":"https:\/\/noticiasribeiraopreto.com.br\/index.php\/2025\/08\/24\/terceira-noite-da-festa-do-peao-de-barretos-tem-show-de-drones-com-ana-castela-e-emocao-de-ze-neto\/","url_meta":{"origin":76105,"position":0},"title":"Terceira noite da Festa do Pe\u00e3o de Barretos tem show de drones com Ana Castela e emo\u00e7\u00e3o de Z\u00e9 Neto","author":"noticiasribeiraopreto.com.br","date":"24 de August de 2025","format":false,"excerpt":"A terceira noite de shows na 70\u00aa Festa do Pe\u00e3o de Barretos, neste s\u00e1bado (23) foi de muitos pontos altos. O Palco Est\u00e1dio, principal da festa, recebeu Ana Castela, Z\u00e9 Neto & Cristiano e Nattan. Ana Castela A primeira a se apresentar foi Ana Castela, que se credenciou para ser\u2026","rel":"","context":"In &quot;Not\u00edcias de Ribeir\u00e3o Preto-SP e Regi\u00e3o&quot;","block_context":{"text":"Not\u00edcias de Ribeir\u00e3o Preto-SP e Regi\u00e3o","link":"https:\/\/noticiasribeiraopreto.com.br\/index.php\/category\/noticias-de-ribeirao-preto-sp-e-regiao-ismael-colosi\/"},"img":{"alt_text":"","src":"https:\/\/i0.wp.com\/noticiasribeiraopreto.com.br\/wp-content\/uploads\/2025\/08\/68a8870073d2d.webp.webp?fit=1200%2C799&ssl=1&resize=350%2C200","width":350,"height":200,"srcset":"https:\/\/i0.wp.com\/noticiasribeiraopreto.com.br\/wp-content\/uploads\/2025\/08\/68a8870073d2d.webp.webp?fit=1200%2C799&ssl=1&resize=350%2C200 1x, https:\/\/i0.wp.com\/noticiasribeiraopreto.com.br\/wp-content\/uploads\/2025\/08\/68a8870073d2d.webp.webp?fit=1200%2C799&ssl=1&resize=525%2C300 1.5x, https:\/\/i0.wp.com\/noticiasribeiraopreto.com.br\/wp-content\/uploads\/2025\/08\/68a8870073d2d.webp.webp?fit=1200%2C799&ssl=1&resize=700%2C400 2x, https:\/\/i0.wp.com\/noticiasribeiraopreto.com.br\/wp-content\/uploads\/2025\/08\/68a8870073d2d.webp.webp?fit=1200%2C799&ssl=1&resize=1050%2C600 3x"},"classes":[]},{"id":75765,"url":"https:\/\/noticiasribeiraopreto.com.br\/index.php\/2025\/08\/14\/policia-civil-apreende-mais-de-100-kg-de-produtos-falsificados-da-festa-do-peao\/","url_meta":{"origin":76105,"position":1},"title":"Pol\u00edcia Civil apreende mais de 100 kg de produtos falsificados da Festa do Pe\u00e3o","author":"noticiasribeiraopreto.com.br","date":"14 de August de 2025","format":false,"excerpt":"A Pol\u00edcia Civil apreendeu, na tarde desta quinta-feira (14), mais de 100 quilos de produtos falsificados que utilizavam a marca da Festa do Pe\u00e3o em um estabelecimento comercial \u00e0s margens da rodovia Brigadeiro Faria Lima (SP-326), em Barretos, cidade a 120 quil\u00f4metros de Ribeir\u00e3o Preto. De acordo com as informa\u00e7\u00f5es,\u2026","rel":"","context":"In &quot;Not\u00edcias de Ribeir\u00e3o Preto-SP e Regi\u00e3o&quot;","block_context":{"text":"Not\u00edcias de Ribeir\u00e3o Preto-SP e Regi\u00e3o","link":"https:\/\/noticiasribeiraopreto.com.br\/index.php\/category\/noticias-de-ribeirao-preto-sp-e-regiao-ismael-colosi\/"},"img":{"alt_text":"","src":"https:\/\/i0.wp.com\/noticiasribeiraopreto.com.br\/wp-content\/uploads\/2025\/08\/WhatsApp-Image-2025-08-14-at-15.15.09_2025-08-14_21-51-22.webp.webp?fit=1200%2C900&ssl=1&resize=350%2C200","width":350,"height":200,"srcset":"https:\/\/i0.wp.com\/noticiasribeiraopreto.com.br\/wp-content\/uploads\/2025\/08\/WhatsApp-Image-2025-08-14-at-15.15.09_2025-08-14_21-51-22.webp.webp?fit=1200%2C900&ssl=1&resize=350%2C200 1x, https:\/\/i0.wp.com\/noticiasribeiraopreto.com.br\/wp-content\/uploads\/2025\/08\/WhatsApp-Image-2025-08-14-at-15.15.09_2025-08-14_21-51-22.webp.webp?fit=1200%2C900&ssl=1&resize=525%2C300 1.5x, https:\/\/i0.wp.com\/noticiasribeiraopreto.com.br\/wp-content\/uploads\/2025\/08\/WhatsApp-Image-2025-08-14-at-15.15.09_2025-08-14_21-51-22.webp.webp?fit=1200%2C900&ssl=1&resize=700%2C400 2x, https:\/\/i0.wp.com\/noticiasribeiraopreto.com.br\/wp-content\/uploads\/2025\/08\/WhatsApp-Image-2025-08-14-at-15.15.09_2025-08-14_21-51-22.webp.webp?fit=1200%2C900&ssl=1&resize=1050%2C600 3x"},"classes":[]},{"id":75802,"url":"https:\/\/noticiasribeiraopreto.com.br\/index.php\/2025\/08\/15\/eptv-produz-edicao-especial-do-globo-reporter-em-homenagem-aos-70-anos-da-festa-do-peao-de-barretos\/","url_meta":{"origin":76105,"position":2},"title":"EPTV produz edi\u00e7\u00e3o especial do Globo Rep\u00f3rter em homenagem aos 70 anos da Festa do Pe\u00e3o de Barretos","author":"noticiasribeiraopreto.com.br","date":"15 de August de 2025","format":false,"excerpt":"A Festa do Pe\u00e3o de Barretos, maior rodeio da Am\u00e9rica Latina, completa 70 anos de hist\u00f3ria neste ano e acontece entre os dias 21 e 31 de agosto, em Barretos, cidade a 120 quil\u00f4metros de Ribeir\u00e3o Preto. Para marcar a data, a EPTV, afiliada da Rede Globo no interior de\u2026","rel":"","context":"In &quot;Not\u00edcias de Ribeir\u00e3o Preto-SP e Regi\u00e3o&quot;","block_context":{"text":"Not\u00edcias de Ribeir\u00e3o Preto-SP e Regi\u00e3o","link":"https:\/\/noticiasribeiraopreto.com.br\/index.php\/category\/noticias-de-ribeirao-preto-sp-e-regiao-ismael-colosi\/"},"img":{"alt_text":"","src":"https:\/\/i0.wp.com\/noticiasribeiraopreto.com.br\/wp-content\/uploads\/2025\/08\/172312398066b4c90cb1cc8_2024-08-14_20-51-59_jpg_2024-08-14_20-51-59.webp.webp?fit=800%2C533&ssl=1&resize=350%2C200","width":350,"height":200,"srcset":"https:\/\/i0.wp.com\/noticiasribeiraopreto.com.br\/wp-content\/uploads\/2025\/08\/172312398066b4c90cb1cc8_2024-08-14_20-51-59_jpg_2024-08-14_20-51-59.webp.webp?fit=800%2C533&ssl=1&resize=350%2C200 1x, https:\/\/i0.wp.com\/noticiasribeiraopreto.com.br\/wp-content\/uploads\/2025\/08\/172312398066b4c90cb1cc8_2024-08-14_20-51-59_jpg_2024-08-14_20-51-59.webp.webp?fit=800%2C533&ssl=1&resize=525%2C300 1.5x, https:\/\/i0.wp.com\/noticiasribeiraopreto.com.br\/wp-content\/uploads\/2025\/08\/172312398066b4c90cb1cc8_2024-08-14_20-51-59_jpg_2024-08-14_20-51-59.webp.webp?fit=800%2C533&ssl=1&resize=700%2C400 2x"},"classes":[]},{"id":84715,"url":"https:\/\/noticiasribeiraopreto.com.br\/index.php\/2026\/04\/14\/belo-e-atracao-confirmada-na-71a-festa-do-peao-de-barretos\/","url_meta":{"origin":76105,"position":3},"title":"Belo \u00e9 atra\u00e7\u00e3o confirmada na 71\u00aa Festa do Pe\u00e3o de Barretos","author":"noticiasribeiraopreto.com.br","date":"14 de April de 2026","format":false,"excerpt":"Ler o resumo da not\u00edcia Belo \u00e9 atra\u00e7\u00e3o confirmada na 71\u00aa Festa do Pe\u00e3o de Barretos, que ocorre de 20 a 30 de agosto no Parque do Pe\u00e3o. Ana Castela e o projeto Country Beat se apresentam no Palco Est\u00e1dio de Rodeios na mesma noite do show do Belo. Wesley\u2026","rel":"","context":"In &quot;Not\u00edcias de Ribeir\u00e3o Preto-SP e Regi\u00e3o&quot;","block_context":{"text":"Not\u00edcias de Ribeir\u00e3o Preto-SP e Regi\u00e3o","link":"https:\/\/noticiasribeiraopreto.com.br\/index.php\/category\/noticias-de-ribeirao-preto-sp-e-regiao-ismael-colosi\/"},"img":{"alt_text":"","src":"https:\/\/i0.wp.com\/noticiasribeiraopreto.com.br\/wp-content\/uploads\/2026\/04\/palace-2026-04-14T165206.510_2026-04-14_19-52-28.webp.webp?fit=1200%2C675&ssl=1&resize=350%2C200","width":350,"height":200,"srcset":"https:\/\/i0.wp.com\/noticiasribeiraopreto.com.br\/wp-content\/uploads\/2026\/04\/palace-2026-04-14T165206.510_2026-04-14_19-52-28.webp.webp?fit=1200%2C675&ssl=1&resize=350%2C200 1x, https:\/\/i0.wp.com\/noticiasribeiraopreto.com.br\/wp-content\/uploads\/2026\/04\/palace-2026-04-14T165206.510_2026-04-14_19-52-28.webp.webp?fit=1200%2C675&ssl=1&resize=525%2C300 1.5x, https:\/\/i0.wp.com\/noticiasribeiraopreto.com.br\/wp-content\/uploads\/2026\/04\/palace-2026-04-14T165206.510_2026-04-14_19-52-28.webp.webp?fit=1200%2C675&ssl=1&resize=700%2C400 2x, https:\/\/i0.wp.com\/noticiasribeiraopreto.com.br\/wp-content\/uploads\/2026\/04\/palace-2026-04-14T165206.510_2026-04-14_19-52-28.webp.webp?fit=1200%2C675&ssl=1&resize=1050%2C600 3x"},"classes":[]},{"id":76480,"url":"https:\/\/noticiasribeiraopreto.com.br\/index.php\/2025\/08\/29\/formadores-de-chapeu-profissao-desconhecida-ganha-fama-na-festa-do-peao-de-barretos\/","url_meta":{"origin":76105,"position":4},"title":"Formadores de chap\u00e9u: Profiss\u00e3o &#8216;desconhecida&#8217; ganha fama na Festa do Pe\u00e3o de Barretos","author":"noticiasribeiraopreto.com.br","date":"29 de August de 2025","format":false,"excerpt":"Um dos maiores s\u00edmbolos da moda sertaneja, o chap\u00e9u segue em alta e presente no look de grande parte do p\u00fablico e artistas da 70\u00aa edi\u00e7\u00e3o da Festa do Pe\u00e3o de Barretos. Neste ano, uma nova tend\u00eancia acrescentou ainda mais elementos para essa cultura: a formata\u00e7\u00e3o do chap\u00e9u. A a\u00e7\u00e3o\u2026","rel":"","context":"In &quot;Not\u00edcias de Ribeir\u00e3o Preto-SP e Regi\u00e3o&quot;","block_context":{"text":"Not\u00edcias de Ribeir\u00e3o Preto-SP e Regi\u00e3o","link":"https:\/\/noticiasribeiraopreto.com.br\/index.php\/category\/noticias-de-ribeirao-preto-sp-e-regiao-ismael-colosi\/"},"img":{"alt_text":"","src":"https:\/\/i0.wp.com\/noticiasribeiraopreto.com.br\/wp-content\/uploads\/2025\/08\/68af71d462154.webp.webp?fit=1200%2C799&ssl=1&resize=350%2C200","width":350,"height":200,"srcset":"https:\/\/i0.wp.com\/noticiasribeiraopreto.com.br\/wp-content\/uploads\/2025\/08\/68af71d462154.webp.webp?fit=1200%2C799&ssl=1&resize=350%2C200 1x, https:\/\/i0.wp.com\/noticiasribeiraopreto.com.br\/wp-content\/uploads\/2025\/08\/68af71d462154.webp.webp?fit=1200%2C799&ssl=1&resize=525%2C300 1.5x, https:\/\/i0.wp.com\/noticiasribeiraopreto.com.br\/wp-content\/uploads\/2025\/08\/68af71d462154.webp.webp?fit=1200%2C799&ssl=1&resize=700%2C400 2x, https:\/\/i0.wp.com\/noticiasribeiraopreto.com.br\/wp-content\/uploads\/2025\/08\/68af71d462154.webp.webp?fit=1200%2C799&ssl=1&resize=1050%2C600 3x"},"classes":[]},{"id":76158,"url":"https:\/\/noticiasribeiraopreto.com.br\/index.php\/2025\/08\/22\/festa-do-peao-de-barretos-2025-veja-horario-dos-shows-desta-sexta-feira\/","url_meta":{"origin":76105,"position":5},"title":"Festa do Pe\u00e3o de Barretos 2025: Veja hor\u00e1rio dos shows desta sexta-feira","author":"noticiasribeiraopreto.com.br","date":"22 de August de 2025","format":false,"excerpt":"A primeira sexta-feira (22) da 70\u00aa Festa do Pe\u00e3o de Barretos traz ao Palco Est\u00e1dio Bruno & Marrone, Hugo & Guilherme e o cantor Murilo Huff. Na estreia desta edi\u00e7\u00e3o do Palco Amanhecer, o local ter\u00e1 duplas como Munhoz & Mariano e Henrique & Diego. Veja a programa\u00e7\u00e3o completa da\u2026","rel":"","context":"In &quot;Not\u00edcias de Ribeir\u00e3o Preto-SP e Regi\u00e3o&quot;","block_context":{"text":"Not\u00edcias de Ribeir\u00e3o Preto-SP e Regi\u00e3o","link":"https:\/\/noticiasribeiraopreto.com.br\/index.php\/category\/noticias-de-ribeirao-preto-sp-e-regiao-ismael-colosi\/"},"img":{"alt_text":"","src":"https:\/\/i0.wp.com\/noticiasribeiraopreto.com.br\/wp-content\/uploads\/2025\/08\/68a886e13b48e.webp.webp?fit=1200%2C673&ssl=1&resize=350%2C200","width":350,"height":200,"srcset":"https:\/\/i0.wp.com\/noticiasribeiraopreto.com.br\/wp-content\/uploads\/2025\/08\/68a886e13b48e.webp.webp?fit=1200%2C673&ssl=1&resize=350%2C200 1x, https:\/\/i0.wp.com\/noticiasribeiraopreto.com.br\/wp-content\/uploads\/2025\/08\/68a886e13b48e.webp.webp?fit=1200%2C673&ssl=1&resize=525%2C300 1.5x, https:\/\/i0.wp.com\/noticiasribeiraopreto.com.br\/wp-content\/uploads\/2025\/08\/68a886e13b48e.webp.webp?fit=1200%2C673&ssl=1&resize=700%2C400 2x, https:\/\/i0.wp.com\/noticiasribeiraopreto.com.br\/wp-content\/uploads\/2025\/08\/68a886e13b48e.webp.webp?fit=1200%2C673&ssl=1&resize=1050%2C600 3x"},"classes":[]}],"jetpack_sharing_enabled":true,"jetpack_shortlink":"https:\/\/wp.me\/peQAOb-jNv","_links":{"self":[{"href":"https:\/\/noticiasribeiraopreto.com.br\/index.php\/wp-json\/wp\/v2\/posts\/76105","targetHints":{"allow":["GET"]}}],"collection":[{"href":"https:\/\/noticiasribeiraopreto.com.br\/index.php\/wp-json\/wp\/v2\/posts"}],"about":[{"href":"https:\/\/noticiasribeiraopreto.com.br\/index.php\/wp-json\/wp\/v2\/types\/post"}],"author":[{"embeddable":true,"href":"https:\/\/noticiasribeiraopreto.com.br\/index.php\/wp-json\/wp\/v2\/users\/1"}],"replies":[{"embeddable":true,"href":"https:\/\/noticiasribeiraopreto.com.br\/index.php\/wp-json\/wp\/v2\/comments?post=76105"}],"version-history":[{"count":0,"href":"https:\/\/noticiasribeiraopreto.com.br\/index.php\/wp-json\/wp\/v2\/posts\/76105\/revisions"}],"wp:featuredmedia":[{"embeddable":true,"href":"https:\/\/noticiasribeiraopreto.com.br\/index.php\/wp-json\/wp\/v2\/media\/76106"}],"wp:attachment":[{"href":"https:\/\/noticiasribeiraopreto.com.br\/index.php\/wp-json\/wp\/v2\/media?parent=76105"}],"wp:term":[{"taxonomy":"category","embeddable":true,"href":"https:\/\/noticiasribeiraopreto.com.br\/index.php\/wp-json\/wp\/v2\/categories?post=76105"},{"taxonomy":"post_tag","embeddable":true,"href":"https:\/\/noticiasribeiraopreto.com.br\/index.php\/wp-json\/wp\/v2\/tags?post=76105"}],"curies":[{"name":"wp","href":"https:\/\/api.w.org\/{rel}","templated":true}]}}