{"id":76107,"date":"2025-08-22T09:42:02","date_gmt":"2025-08-22T12:42:02","guid":{"rendered":"https:\/\/noticiasribeiraopreto.com.br\/index.php\/2025\/08\/22\/monitoramento-e-reforcado-em-17-areas-de-risco-de-rp\/"},"modified":"2025-08-22T09:42:02","modified_gmt":"2025-08-22T12:42:02","slug":"monitoramento-e-reforcado-em-17-areas-de-risco-de-rp","status":"publish","type":"post","link":"https:\/\/noticiasribeiraopreto.com.br\/index.php\/2025\/08\/22\/monitoramento-e-reforcado-em-17-areas-de-risco-de-rp\/","title":{"rendered":"Monitoramento \u00e9 refor\u00e7ado em 17 \u00e1reas de risco de RP"},"content":{"rendered":"<div class='code-block code-block-1' style='margin: 8px 0 8px auto; text-align: right; display: block; clear: both;'>\n<p><a href=\"https:\/\/wa.link\/vpicfd\"><img data-recalc-dims=\"1\" class=\"wp-image-4922\" style=\"aspect-ratio: 2.0253164556962027; width: 561px; height: auto;\" src=\"https:\/\/i0.wp.com\/ismaelcolosi.com.br\/wp-content\/uploads\/2023\/11\/grupo-de-empregos-whatsapp-e-facebook-ismael-colosi-vagas.jpg?ssl=1\" alt=\"\" \/><\/a><\/p>\n<!-- \/wp:image -->\n<\/div>\n<p> <br \/>\n<\/p>\n<div>\n<p><span data-contrast=\"auto\">A prefeitura de Ribeir\u00e3o Preto, por meio da Secretaria Municipal de Meio Ambiente, do Departamento de Fiscaliza\u00e7\u00e3o Geral e da Guarda Civil Metropolitana (GCM) \u2013 os \u00faltimos ligados \u00e0 pasta da Justi\u00e7a \u2013, iniciou nesta semana um novo cronograma de monitoramento em \u00e1reas de risco de inc\u00eandios. <\/span><\/p>\n<p><span data-contrast=\"auto\">Ao todo, 17 \u00e1reas verdes classificadas como de alto risco tiveram a fiscaliza\u00e7\u00e3o refor\u00e7ada. A opera\u00e7\u00e3o conta com a atua\u00e7\u00e3o conjunta de fiscais \u2013 incluindo os ambientais \u2013 e guardas civis metropolitanos. O objetivo \u00e9 ampliar o patrulhamento em locais que, em sua maioria, sofrem com descarte irregular de lixo, prevenindo focos de inc\u00eandio, geralmente provocados por a\u00e7\u00e3o humana.<\/span><span data-ccp-props=\"{}\">\u00a0<\/span><\/p>\n<p><span data-contrast=\"auto\">\u00a0\u201cA fiscaliza\u00e7\u00e3o dos pontos de risco j\u00e1 \u00e9 realizada pela Fiscaliza\u00e7\u00e3o Ambiental. Contudo, com o per\u00edodo cr\u00edtico que estamos enfrentando, \u00e9 fundamental promover a\u00e7\u00f5es conjuntas para assegurar que n\u00e3o tenhamos focos de inc\u00eandio, causados quase em sua totalidade por pr\u00e1ticas humanas\u201d. <\/span><\/p>\n<p><span data-contrast=\"auto\">\u201cAtuamos tanto na educa\u00e7\u00e3o ambiental, como no patrulhamento e multas, para coibir essa pr\u00e1tica criminosa\u201d, destaca Mariah Motta, coordenadora do Plano de Preven\u00e7\u00e3o e Combate de Inc\u00eandios Florestais e engenheira civil da Secretaria de Meio Ambiente.<\/span><\/p>\n<p><span data-contrast=\"auto\">Para refor\u00e7ar a fiscaliza\u00e7\u00e3o e possibilitar autua\u00e7\u00f5es contra crimes ambientais, a Secretaria de Meio Ambiente capacitou guardas civis municipais, que agora t\u00eam autoriza\u00e7\u00e3o legal para multar infratores. \u201cTrabalhamos para garantir a conserva\u00e7\u00e3o do patrim\u00f4nio p\u00fablico, e o meio ambiente faz parte disso\u201d, diz superintendente da Guarda Civil Metropolitana, Edson Ferreira. <\/span><\/p>\n<p><span data-contrast=\"auto\">\u201cNossos guardas j\u00e1 receberam capacita\u00e7\u00e3o para o manejo seguro de animais silvestres, principalmente em situa\u00e7\u00f5es de inc\u00eandios florestais, e agora tamb\u00e9m est\u00e3o aptos a autuar crimes ambientais. A integra\u00e7\u00e3o entre os \u00f3rg\u00e3os municipais \u00e9 essencial para a efic\u00e1cia no combate a esses crimes\u201d, emenda.<\/span><\/p>\n<p><span data-contrast=\"auto\">O prefeito Ricardo Silva (PSD) publicou, no Di\u00e1rio Oficial do Munic\u00edpio (DOM) de 21 de julho, o decreto n\u00famero 160 que institui estado de alerta em Ribeir\u00e3o Preto devido \u00e0 estiagem. A medida vale at\u00e9 30 de setembro, mas pode ser prorrogada. <\/span><\/p>\n<p><span data-contrast=\"auto\">Pro\u00edbe qualquer tipo de queima, inc\u00eandio ou uso do fogo em \u00e1reas urbanas, rurais, p\u00fablicas ou privadas durante o per\u00edodo de estiagem, independentemente da finalidade. Infratores est\u00e3o sujeitos a multa, repara\u00e7\u00e3o de danos ambientais e responsabiliza\u00e7\u00e3o civil e criminal.<\/span><\/p>\n<p><span data-contrast=\"auto\">No decreto, o chefe do Executivo cita que a Defesa Civil Municipal, a GCM e o Departamento de Fiscaliza\u00e7\u00e3o Geral v\u00e3o atuar preventivamente para evitar focos de inc\u00eandio na cidade.\u00a0 S\u00e3o atividades de fiscaliza\u00e7\u00e3o para coibir pr\u00e1ticas que propaguem o uso indevido do fogo.<\/span><\/p>\n<p><span data-contrast=\"auto\">Ainda v\u00e3o prestar socorro e assist\u00eancia, bem como recuperar as \u00e1reas atingidas, destinadas tanto a evitar as consequ\u00eancias danosas de eventos previs\u00edveis, quanto a preservar a moral da popula\u00e7\u00e3o e restabelecer o bem-estar social. <\/span><\/p>\n<p><span data-contrast=\"auto\">Para este ano, a Secretaria de Meio Ambiente, Infraestrutura e Log\u00edstica implementou mudan\u00e7as na legisla\u00e7\u00e3o ambiental visando coibir queimadas ilegais. As altera\u00e7\u00f5es estabelecem puni\u00e7\u00f5es mais severas para a utiliza\u00e7\u00e3o irregular do fogo em \u00e1reas rurais.<\/span><\/p>\n<p><span data-contrast=\"auto\">A principal mudan\u00e7a \u00e9 a cria\u00e7\u00e3o de uma multa espec\u00edfica para propriet\u00e1rios rurais que n\u00e3o adotarem medidas preventivas contra inc\u00eandios florestais, com valores que variam entre R$ 5 mil e R$ 10 milh\u00f5es. <\/span><\/p>\n<p><span data-contrast=\"auto\">A norma tamb\u00e9m aumenta as penalidades para quem provocar inc\u00eandios em \u00e1reas produtivas ou vegeta\u00e7\u00e3o sem autoriza\u00e7\u00e3o, com multas de R$ 3 mil por hectare atingido, podendo dobrar em casos mais graves, como inc\u00eandios em terras ind\u00edgenas. <\/span><\/p>\n<p><span data-contrast=\"auto\">A legisla\u00e7\u00e3o anterior previa multa de at\u00e9 R$ 1,5 mil por hectare. As a\u00e7\u00f5es a nunciadas nestga semana pela prefeitura fazem parte do Plano de Preven\u00e7\u00e3o e Combate a Inc\u00eandios Florestais (PPCIF), que j\u00e1 teve cerca de 70% de sua execu\u00e7\u00e3o conclu\u00edda.<\/span><\/p>\n<p><span data-contrast=\"auto\">\u201cEstamos na fase vermelha, tanto do plano municipal quanto do estadual. J\u00e1 avan\u00e7amos com a capacita\u00e7\u00e3o de brigadistas e guardas civis, aquisi\u00e7\u00e3o e melhoria de equipamentos, a\u00e7\u00f5es de educa\u00e7\u00e3o ambiental e, agora, intensifica\u00e7\u00e3o das fiscaliza\u00e7\u00f5es. O objetivo \u00e9 ampliar a capacidade do munic\u00edpio para combater de forma mais rigorosa os crimes ambientais\u201d, ressalta o secret\u00e1rio de Meio Ambiente, Claudio Almeida.<\/span><\/p>\n<\/div>\n<p><br \/>\n<br \/><a href=\"https:\/\/www.tribunaribeirao.com.br\/monitoramento-e-reforcado-em-17-areas-de-risco-de-rp\/\">Source link <\/a><\/p>\n<!-- CONTENT END 1 -->\n","protected":false},"excerpt":{"rendered":"<p>A prefeitura de Ribeir\u00e3o Preto, por meio da Secretaria Municipal de Meio Ambiente, do Departamento de Fiscaliza\u00e7\u00e3o Geral e da Guarda Civil Metropolitana (GCM) \u2013&#8230;<\/p>\n","protected":false},"author":1,"featured_media":76108,"comment_status":"open","ping_status":"open","sticky":false,"template":"","format":"standard","meta":{"advanced_seo_description":"","jetpack_seo_html_title":"","jetpack_seo_noindex":false,"jetpack_post_was_ever_published":false,"_jetpack_newsletter_access":"","_jetpack_dont_email_post_to_subs":false,"_jetpack_newsletter_tier_id":0,"_jetpack_memberships_contains_paywalled_content":false,"_jetpack_memberships_contains_paid_content":false,"footnotes":"","jetpack_publicize_message":"","jetpack_publicize_feature_enabled":true,"jetpack_social_post_already_shared":true,"jetpack_social_options":{"image_generator_settings":{"template":"highway","default_image_id":0,"font":"","enabled":false},"version":2}},"categories":[11],"tags":[],"class_list":["post-76107","post","type-post","status-publish","format-standard","has-post-thumbnail","hentry","category-noticias-de-ribeirao-preto-sp-e-regiao-ismael-colosi"],"jetpack_publicize_connections":[],"jetpack_featured_media_url":"https:\/\/i0.wp.com\/noticiasribeiraopreto.com.br\/wp-content\/uploads\/2025\/08\/QueimaRP-Divulgacao-scaled.png?fit=1171%2C780&ssl=1","jetpack-related-posts":[{"id":76194,"url":"https:\/\/noticiasribeiraopreto.com.br\/index.php\/2025\/08\/24\/um-ano-apos-incendios-no-interior-de-sp-veja-medidas-de-protecao-e-fiscalizacao-para-2025\/","url_meta":{"origin":76107,"position":0},"title":"Um ano ap\u00f3s inc\u00eandios no interior de SP: veja medidas de prote\u00e7\u00e3o e fiscaliza\u00e7\u00e3o para 2025","author":"noticiasribeiraopreto.com.br","date":"24 de August de 2025","format":false,"excerpt":"H\u00e1 um ano, o interior paulista enfrentava um per\u00edodo de grandes inc\u00eandios, com recorde de focos e muitos preju\u00edzos ambientais. A regi\u00e3o de Ribeir\u00e3o Preto foi altamente afetada pelas chamas. Segundo o Inpe (Instituto Nacional de Pesquisas Espaciais), entre os dias 22 e 23 de agosto de 2024 foram registrados\u2026","rel":"","context":"In &quot;Not\u00edcias de Ribeir\u00e3o Preto-SP e Regi\u00e3o&quot;","block_context":{"text":"Not\u00edcias de Ribeir\u00e3o Preto-SP e Regi\u00e3o","link":"https:\/\/noticiasribeiraopreto.com.br\/index.php\/category\/noticias-de-ribeirao-preto-sp-e-regiao-ismael-colosi\/"},"img":{"alt_text":"","src":"https:\/\/i0.wp.com\/noticiasribeiraopreto.com.br\/wp-content\/uploads\/2025\/08\/a.ok_.monitoraincendios_2025-08-24_12-57-49.webp.webp?fit=1200%2C799&ssl=1&resize=350%2C200","width":350,"height":200,"srcset":"https:\/\/i0.wp.com\/noticiasribeiraopreto.com.br\/wp-content\/uploads\/2025\/08\/a.ok_.monitoraincendios_2025-08-24_12-57-49.webp.webp?fit=1200%2C799&ssl=1&resize=350%2C200 1x, https:\/\/i0.wp.com\/noticiasribeiraopreto.com.br\/wp-content\/uploads\/2025\/08\/a.ok_.monitoraincendios_2025-08-24_12-57-49.webp.webp?fit=1200%2C799&ssl=1&resize=525%2C300 1.5x, https:\/\/i0.wp.com\/noticiasribeiraopreto.com.br\/wp-content\/uploads\/2025\/08\/a.ok_.monitoraincendios_2025-08-24_12-57-49.webp.webp?fit=1200%2C799&ssl=1&resize=700%2C400 2x, https:\/\/i0.wp.com\/noticiasribeiraopreto.com.br\/wp-content\/uploads\/2025\/08\/a.ok_.monitoraincendios_2025-08-24_12-57-49.webp.webp?fit=1200%2C799&ssl=1&resize=1050%2C600 3x"},"classes":[]},{"id":75990,"url":"https:\/\/noticiasribeiraopreto.com.br\/index.php\/2025\/08\/20\/focos-de-incendio-recuam-73-em-sp\/","url_meta":{"origin":76107,"position":1},"title":"Focos de inc\u00eandio recuam 73% em SP","author":"noticiasribeiraopreto.com.br","date":"20 de August de 2025","format":false,"excerpt":"20 de agosto de 2025 08:2020 de agosto de 2025 07:437 Compartilhar0 A Defesa Civil do Estado registrou uma redu\u00e7\u00e3o significativa nos focos de inc\u00eandio na primeira quinzena de agosto. Entre os dias 1\u00ba e 15, foram contabilizadas 148 ocorr\u00eancias em 2025, ante 548 no mesmo per\u00edodo de 2024, 400\u2026","rel":"","context":"In &quot;Not\u00edcias de Ribeir\u00e3o Preto-SP e Regi\u00e3o&quot;","block_context":{"text":"Not\u00edcias de Ribeir\u00e3o Preto-SP e Regi\u00e3o","link":"https:\/\/noticiasribeiraopreto.com.br\/index.php\/category\/noticias-de-ribeirao-preto-sp-e-regiao-ismael-colosi\/"},"img":{"alt_text":"","src":"https:\/\/i0.wp.com\/noticiasribeiraopreto.com.br\/wp-content\/uploads\/2025\/08\/dc142fb2-b4bc-496d-b9d0-33707dda3c0b-scaled.jpeg?fit=800%2C460&ssl=1&resize=350%2C200","width":350,"height":200,"srcset":"https:\/\/i0.wp.com\/noticiasribeiraopreto.com.br\/wp-content\/uploads\/2025\/08\/dc142fb2-b4bc-496d-b9d0-33707dda3c0b-scaled.jpeg?fit=800%2C460&ssl=1&resize=350%2C200 1x, https:\/\/i0.wp.com\/noticiasribeiraopreto.com.br\/wp-content\/uploads\/2025\/08\/dc142fb2-b4bc-496d-b9d0-33707dda3c0b-scaled.jpeg?fit=800%2C460&ssl=1&resize=525%2C300 1.5x, https:\/\/i0.wp.com\/noticiasribeiraopreto.com.br\/wp-content\/uploads\/2025\/08\/dc142fb2-b4bc-496d-b9d0-33707dda3c0b-scaled.jpeg?fit=800%2C460&ssl=1&resize=700%2C400 2x"},"classes":[]},{"id":74170,"url":"https:\/\/noticiasribeiraopreto.com.br\/index.php\/2025\/07\/17\/regiao-recebe-alerta-de-incendios\/","url_meta":{"origin":76107,"position":2},"title":"Regi\u00e3o recebe alerta de inc\u00eandios","author":"noticiasribeiraopreto.com.br","date":"17 de July de 2025","format":false,"excerpt":"Nos pr\u00f3ximos dias, quase todo o estado de S\u00e3o Paulo estar\u00e1 em estado de aten\u00e7\u00e3o para inc\u00eandios. O risco \u00e9 elevado principalmente nesta quinta (17) e na sexta-feira, 18 de julho, quando a baixa umidade relativa do ar, as temperaturas elevadas e o predom\u00ednio do Sol intensificam as chances de\u2026","rel":"","context":"In &quot;Not\u00edcias de Ribeir\u00e3o Preto-SP e Regi\u00e3o&quot;","block_context":{"text":"Not\u00edcias de Ribeir\u00e3o Preto-SP e Regi\u00e3o","link":"https:\/\/noticiasribeiraopreto.com.br\/index.php\/category\/noticias-de-ribeirao-preto-sp-e-regiao-ismael-colosi\/"},"img":{"alt_text":"","src":"https:\/\/i0.wp.com\/noticiasribeiraopreto.com.br\/wp-content\/uploads\/2025\/07\/QueimaRP-reproducao-Defesa-Civil-de-Sao-Paulo.png?fit=1024%2C686&ssl=1&resize=350%2C200","width":350,"height":200,"srcset":"https:\/\/i0.wp.com\/noticiasribeiraopreto.com.br\/wp-content\/uploads\/2025\/07\/QueimaRP-reproducao-Defesa-Civil-de-Sao-Paulo.png?fit=1024%2C686&ssl=1&resize=350%2C200 1x, https:\/\/i0.wp.com\/noticiasribeiraopreto.com.br\/wp-content\/uploads\/2025\/07\/QueimaRP-reproducao-Defesa-Civil-de-Sao-Paulo.png?fit=1024%2C686&ssl=1&resize=525%2C300 1.5x, https:\/\/i0.wp.com\/noticiasribeiraopreto.com.br\/wp-content\/uploads\/2025\/07\/QueimaRP-reproducao-Defesa-Civil-de-Sao-Paulo.png?fit=1024%2C686&ssl=1&resize=700%2C400 2x"},"classes":[]},{"id":76252,"url":"https:\/\/noticiasribeiraopreto.com.br\/index.php\/2025\/08\/25\/interior-de-sp-tem-alerta-para-risco-elevado-de-incendios-veja-regioes-afetadas\/","url_meta":{"origin":76107,"position":3},"title":"Interior de SP tem alerta para risco elevado de inc\u00eandios; Veja regi\u00f5es afetadas","author":"noticiasribeiraopreto.com.br","date":"25 de August de 2025","format":false,"excerpt":"A combina\u00e7\u00e3o das altas temperaturas com os baixos \u00edndices de umidade relativa do ar eleva o risco de inc\u00eandios florestais e queimadas nesta segunda-feira (25), segundo a Defesa Civil do Estado de S\u00e3o Paulo. De acordo com alerta emitido pelo \u00f3rg\u00e3o, a regi\u00e3o de Ribeir\u00e3o Preto est\u00e1 em aten\u00e7\u00e3o para\u2026","rel":"","context":"In &quot;Not\u00edcias de Ribeir\u00e3o Preto-SP e Regi\u00e3o&quot;","block_context":{"text":"Not\u00edcias de Ribeir\u00e3o Preto-SP e Regi\u00e3o","link":"https:\/\/noticiasribeiraopreto.com.br\/index.php\/category\/noticias-de-ribeirao-preto-sp-e-regiao-ismael-colosi\/"},"img":{"alt_text":"","src":"https:\/\/i0.wp.com\/noticiasribeiraopreto.com.br\/wp-content\/uploads\/2025\/08\/Copia-de-Copia-de-Copia-de-TAMANHO-EXATO-PARA-FOTOS-NO-SISTEMA-NOVO-2025-08-25T125656.336_2025-08-25_15-57-02.webp.webp?fit=1200%2C675&ssl=1&resize=350%2C200","width":350,"height":200,"srcset":"https:\/\/i0.wp.com\/noticiasribeiraopreto.com.br\/wp-content\/uploads\/2025\/08\/Copia-de-Copia-de-Copia-de-TAMANHO-EXATO-PARA-FOTOS-NO-SISTEMA-NOVO-2025-08-25T125656.336_2025-08-25_15-57-02.webp.webp?fit=1200%2C675&ssl=1&resize=350%2C200 1x, https:\/\/i0.wp.com\/noticiasribeiraopreto.com.br\/wp-content\/uploads\/2025\/08\/Copia-de-Copia-de-Copia-de-TAMANHO-EXATO-PARA-FOTOS-NO-SISTEMA-NOVO-2025-08-25T125656.336_2025-08-25_15-57-02.webp.webp?fit=1200%2C675&ssl=1&resize=525%2C300 1.5x, https:\/\/i0.wp.com\/noticiasribeiraopreto.com.br\/wp-content\/uploads\/2025\/08\/Copia-de-Copia-de-Copia-de-TAMANHO-EXATO-PARA-FOTOS-NO-SISTEMA-NOVO-2025-08-25T125656.336_2025-08-25_15-57-02.webp.webp?fit=1200%2C675&ssl=1&resize=700%2C400 2x, https:\/\/i0.wp.com\/noticiasribeiraopreto.com.br\/wp-content\/uploads\/2025\/08\/Copia-de-Copia-de-Copia-de-TAMANHO-EXATO-PARA-FOTOS-NO-SISTEMA-NOVO-2025-08-25T125656.336_2025-08-25_15-57-02.webp.webp?fit=1200%2C675&ssl=1&resize=1050%2C600 3x"},"classes":[]},{"id":79378,"url":"https:\/\/noticiasribeiraopreto.com.br\/index.php\/2025\/10\/30\/comeca-a-fiscalizacao-do-sossego-e-lei\/","url_meta":{"origin":76107,"position":4},"title":"Come\u00e7a a fiscaliza\u00e7\u00e3o do Sossego \u00e9 Lei","author":"noticiasribeiraopreto.com.br","date":"30 de October de 2025","format":false,"excerpt":"30 de outubro de 2025 16:219 Compartilhar0 San\u00e7\u00f5es incluem desde advert\u00eancia escrita \u2013 no caso da primeira infra\u00e7\u00e3o -, at\u00e9 multa de R$ 10 mil, interdi\u00e7\u00e3o parcial ou total do estabelecimento e cassa\u00e7\u00e3o do alvar\u00e1 de funcionamento A prefeitura de Ribeir\u00e3o Preto publicou no Di\u00e1rio Oficial do Munic\u00edpio, (DOM) desta\u2026","rel":"","context":"In &quot;Not\u00edcias de Ribeir\u00e3o Preto-SP e Regi\u00e3o&quot;","block_context":{"text":"Not\u00edcias de Ribeir\u00e3o Preto-SP e Regi\u00e3o","link":"https:\/\/noticiasribeiraopreto.com.br\/index.php\/category\/noticias-de-ribeirao-preto-sp-e-regiao-ismael-colosi\/"},"img":{"alt_text":"","src":"","width":0,"height":0},"classes":[]},{"id":77397,"url":"https:\/\/noticiasribeiraopreto.com.br\/index.php\/2025\/09\/17\/ribeirao-preto-sanciona-lei-que-pune-comercios-que-perturbem-o-sossego\/","url_meta":{"origin":76107,"position":5},"title":"Ribeir\u00e3o Preto sanciona lei que pune com\u00e9rcios que perturbem o sossego","author":"noticiasribeiraopreto.com.br","date":"17 de September de 2025","format":false,"excerpt":"O prefeito de Ribeir\u00e3o Preto, Ricardo Silva (PSD), sancionou a lei que pune com\u00e9rcios que perturbam o sossego. A norma foi publicada no Di\u00e1rio Oficial do Munic\u00edpio desta quarta-feira (17) e \u00e9 de autoria do pr\u00f3prio Executivo \u2013 a lei foi aprovada pela C\u00e2mara Municipal na semana passada. S\u00e3o consideradas\u2026","rel":"","context":"In &quot;Not\u00edcias de Ribeir\u00e3o Preto-SP e Regi\u00e3o&quot;","block_context":{"text":"Not\u00edcias de Ribeir\u00e3o Preto-SP e Regi\u00e3o","link":"https:\/\/noticiasribeiraopreto.com.br\/index.php\/category\/noticias-de-ribeirao-preto-sp-e-regiao-ismael-colosi\/"},"img":{"alt_text":"","src":"https:\/\/i0.wp.com\/noticiasribeiraopreto.com.br\/wp-content\/uploads\/2025\/09\/baile-funk_2025-09-17_20-59-03.webp.webp?fit=1024%2C576&ssl=1&resize=350%2C200","width":350,"height":200,"srcset":"https:\/\/i0.wp.com\/noticiasribeiraopreto.com.br\/wp-content\/uploads\/2025\/09\/baile-funk_2025-09-17_20-59-03.webp.webp?fit=1024%2C576&ssl=1&resize=350%2C200 1x, https:\/\/i0.wp.com\/noticiasribeiraopreto.com.br\/wp-content\/uploads\/2025\/09\/baile-funk_2025-09-17_20-59-03.webp.webp?fit=1024%2C576&ssl=1&resize=525%2C300 1.5x, https:\/\/i0.wp.com\/noticiasribeiraopreto.com.br\/wp-content\/uploads\/2025\/09\/baile-funk_2025-09-17_20-59-03.webp.webp?fit=1024%2C576&ssl=1&resize=700%2C400 2x"},"classes":[]}],"jetpack_sharing_enabled":true,"jetpack_shortlink":"https:\/\/wp.me\/peQAOb-jNx","_links":{"self":[{"href":"https:\/\/noticiasribeiraopreto.com.br\/index.php\/wp-json\/wp\/v2\/posts\/76107","targetHints":{"allow":["GET"]}}],"collection":[{"href":"https:\/\/noticiasribeiraopreto.com.br\/index.php\/wp-json\/wp\/v2\/posts"}],"about":[{"href":"https:\/\/noticiasribeiraopreto.com.br\/index.php\/wp-json\/wp\/v2\/types\/post"}],"author":[{"embeddable":true,"href":"https:\/\/noticiasribeiraopreto.com.br\/index.php\/wp-json\/wp\/v2\/users\/1"}],"replies":[{"embeddable":true,"href":"https:\/\/noticiasribeiraopreto.com.br\/index.php\/wp-json\/wp\/v2\/comments?post=76107"}],"version-history":[{"count":0,"href":"https:\/\/noticiasribeiraopreto.com.br\/index.php\/wp-json\/wp\/v2\/posts\/76107\/revisions"}],"wp:featuredmedia":[{"embeddable":true,"href":"https:\/\/noticiasribeiraopreto.com.br\/index.php\/wp-json\/wp\/v2\/media\/76108"}],"wp:attachment":[{"href":"https:\/\/noticiasribeiraopreto.com.br\/index.php\/wp-json\/wp\/v2\/media?parent=76107"}],"wp:term":[{"taxonomy":"category","embeddable":true,"href":"https:\/\/noticiasribeiraopreto.com.br\/index.php\/wp-json\/wp\/v2\/categories?post=76107"},{"taxonomy":"post_tag","embeddable":true,"href":"https:\/\/noticiasribeiraopreto.com.br\/index.php\/wp-json\/wp\/v2\/tags?post=76107"}],"curies":[{"name":"wp","href":"https:\/\/api.w.org\/{rel}","templated":true}]}}