{"id":76109,"date":"2025-08-22T09:48:34","date_gmt":"2025-08-22T12:48:34","guid":{"rendered":"https:\/\/noticiasribeiraopreto.com.br\/index.php\/2025\/08\/22\/temperaturas-disparam-no-interior-de-sp-veja-previsao-no-fim-de-semana\/"},"modified":"2025-08-22T09:48:34","modified_gmt":"2025-08-22T12:48:34","slug":"temperaturas-disparam-no-interior-de-sp-veja-previsao-no-fim-de-semana","status":"publish","type":"post","link":"https:\/\/noticiasribeiraopreto.com.br\/index.php\/2025\/08\/22\/temperaturas-disparam-no-interior-de-sp-veja-previsao-no-fim-de-semana\/","title":{"rendered":"Temperaturas disparam no interior de SP; Veja previs\u00e3o no fim de semana"},"content":{"rendered":"<div class='code-block code-block-1' style='margin: 8px 0 8px auto; text-align: right; display: block; clear: both;'>\n<p><a href=\"https:\/\/wa.link\/vpicfd\"><img data-recalc-dims=\"1\" class=\"wp-image-4922\" style=\"aspect-ratio: 2.0253164556962027; width: 561px; height: auto;\" src=\"https:\/\/i0.wp.com\/ismaelcolosi.com.br\/wp-content\/uploads\/2023\/11\/grupo-de-empregos-whatsapp-e-facebook-ismael-colosi-vagas.jpg?ssl=1\" alt=\"\" \/><\/a><\/p>\n<!-- \/wp:image -->\n<\/div>\n<p> <br \/>\n<\/p>\n<div data-td-block-uid=\"tdi_95\">\n<div class=\"tdb-block-inner td-fix-index\">\n<p><strong>O veranico segue e deixa as temperaturas acima da m\u00e9dia no interior de S\u00e3o Paulo.<\/strong><\/p>\n<p>Segundo a <a href=\"https:\/\/www.climatempo.com.br\/\" data-type=\"link\" data-id=\"https:\/\/www.climatempo.com.br\/\" target=\"_blank\" rel=\"noopener\">Climatempo<\/a>, <mark style=\"background-color:#fcb900\" class=\"has-inline-color has-black-color\">esta sexta-feira (22) tem predom\u00ednio de tempo firme e temperaturas mais altas em rela\u00e7\u00e3o aos dias anteriores na regi\u00e3o de Ribeir\u00e3o Preto.<\/mark> Com o <strong>tempo seco<\/strong>, a <strong>umidade do ar<\/strong> pode atingir <strong>n\u00edveis inferiores <\/strong>a <strong>20%<\/strong>.<\/p>\n<p>A previs\u00e3o tamb\u00e9m aponta que nuvens mais altas devem passar pela regi\u00e3o nesta sexta, mas sem provocar chuva.<\/p>\n<p>Est\u00e3o previstas rajadas de vento entre 40 km\/h e 50 km\/h ao longo do dia. \u00a0<\/p>\n<h2 class=\"wp-block-heading\"><strong>Confira a previs\u00e3o do tempo em Ribeir\u00e3o Preto:<\/strong><\/h2>\n<p>20\u00b0C \/ 34\u00b0C<br \/>Umidade do ar: 20% \/ 50%<\/p>\n<p>17\u00b0C \/ 33\u00b0C<br \/>Umidade do ar: 20% \/ 60%<\/p>\n<p>18\u00b0C \/ 34\u00b0C<br \/>Umidade do ar: 20% \/ 55%<\/p>\n<p>Fonte: Inmet<\/p>\n<p>SAIBA MAIS<\/p>\n<p>Veja os destaques da programa\u00e7\u00e3o desta sexta-feira na Feira do Livro de Ribeir\u00e3o Preto<\/p>\n<h3 class=\"wp-block-heading\"><strong>FIQUE ON<\/strong><\/h3>\n<p>Fique ligado em tudo que acontece em Ribeir\u00e3o Preto e regi\u00e3o. Siga os perfis do\u00a0acidade on\u00a0no\u00a0Instagram\u00a0e no\u00a0Facebook.<\/p>\n<p>Receba not\u00edcias do\u00a0acidade on\u00a0no WhatsApp. Para entrar no grupo,\u00a0basta\u00a0<a href=\"https:\/\/chat.whatsapp.com\/I4nieTEMKlf50pJ28aMemC?mode=ac_t\" target=\"_blank\" rel=\"noreferrer noopener\">clicar aqui<\/a>. Ou, acesse o nosso\u00a0Canal\u00a0<a href=\"https:\/\/whatsapp.com\/channel\/0029Vb6IQl1JENyAeS57fk2p\" target=\"_blank\" rel=\"noreferrer noopener\">clicando aqui<\/a>.<\/p>\n<p>Fa\u00e7a uma den\u00fancia ou sugira uma reportagem sobre Ribeir\u00e3o Preto e regi\u00e3o pelo WhatsApp: 16 99117 7802.<\/p>\n<p>VEJA TAMB\u00c9M<\/p>\n<p>Qual ser\u00e1 a hist\u00f3ria da 5\u00aa temporada de \u2018Emily em Paris\u2019?<\/p>\n<p><!-- AI CONTENT END 1 -->\n<\/div>\n<\/div>\n<p><br \/>\n<br \/><a href=\"https:\/\/www.acidadeon.com\/ribeiraopreto\/cotidiano\/temperaturas-disparam-no-interior-de-sp-veja-previsao-no-fim-de-semana\/\">Source link <\/a><\/p>\n<!-- CONTENT END 1 -->\n","protected":false},"excerpt":{"rendered":"<p>O veranico segue e deixa as temperaturas acima da m\u00e9dia no interior de S\u00e3o Paulo. Segundo a Climatempo, esta sexta-feira (22) tem predom\u00ednio de tempo&#8230;<\/p>\n","protected":false},"author":1,"featured_media":76110,"comment_status":"open","ping_status":"open","sticky":false,"template":"","format":"standard","meta":{"advanced_seo_description":"","jetpack_seo_html_title":"","jetpack_seo_noindex":false,"jetpack_post_was_ever_published":false,"_jetpack_newsletter_access":"","_jetpack_dont_email_post_to_subs":false,"_jetpack_newsletter_tier_id":0,"_jetpack_memberships_contains_paywalled_content":false,"_jetpack_memberships_contains_paid_content":false,"footnotes":"","jetpack_publicize_message":"","jetpack_publicize_feature_enabled":true,"jetpack_social_post_already_shared":true,"jetpack_social_options":{"image_generator_settings":{"template":"highway","default_image_id":0,"font":"","enabled":false},"version":2}},"categories":[11],"tags":[],"class_list":["post-76109","post","type-post","status-publish","format-standard","has-post-thumbnail","hentry","category-noticias-de-ribeirao-preto-sp-e-regiao-ismael-colosi"],"jetpack_publicize_connections":[],"jetpack_featured_media_url":"https:\/\/i0.wp.com\/noticiasribeiraopreto.com.br\/wp-content\/uploads\/2025\/08\/Imagem-do-WhatsApp-de-2024-09-05-as-12.42.28_b99b5e7f_2024-09-05_15-43-27_jpg_2024-09-05_15-43-28-1024x421.webp.webp?fit=1024%2C421&ssl=1","jetpack-related-posts":[{"id":84535,"url":"https:\/\/noticiasribeiraopreto.com.br\/index.php\/2026\/04\/11\/veja-a-previsao-do-tempo-neste-sabado-em-ribeirao-preto\/","url_meta":{"origin":76109,"position":0},"title":"Veja a previs\u00e3o do tempo neste s\u00e1bado em Ribeir\u00e3o Preto","author":"noticiasribeiraopreto.com.br","date":"11 de April de 2026","format":false,"excerpt":"Ler o resumo da not\u00edcia Massa de ar polar traz temperaturas amenas a Ribeir\u00e3o Preto neste s\u00e1bado (11), com m\u00ednima de 19\u00b0C e m\u00e1xima de 30\u00b0C. Climatempo prev\u00ea tempo est\u00e1vel com sol entre nuvens e chuva fraca isolada \u00e0 tarde no Sul de Minas. Rajadas de vento de 40 a\u2026","rel":"","context":"In &quot;Not\u00edcias de Ribeir\u00e3o Preto-SP e Regi\u00e3o&quot;","block_context":{"text":"Not\u00edcias de Ribeir\u00e3o Preto-SP e Regi\u00e3o","link":"https:\/\/noticiasribeiraopreto.com.br\/index.php\/category\/noticias-de-ribeirao-preto-sp-e-regiao-ismael-colosi\/"},"img":{"alt_text":"","src":"https:\/\/i0.wp.com\/noticiasribeiraopreto.com.br\/wp-content\/uploads\/2026\/04\/WhatsApp-Image-2026-04-11-at-09.37.33_2026-04-11_12-38-54.webp.webp?fit=1200%2C900&ssl=1&resize=350%2C200","width":350,"height":200,"srcset":"https:\/\/i0.wp.com\/noticiasribeiraopreto.com.br\/wp-content\/uploads\/2026\/04\/WhatsApp-Image-2026-04-11-at-09.37.33_2026-04-11_12-38-54.webp.webp?fit=1200%2C900&ssl=1&resize=350%2C200 1x, https:\/\/i0.wp.com\/noticiasribeiraopreto.com.br\/wp-content\/uploads\/2026\/04\/WhatsApp-Image-2026-04-11-at-09.37.33_2026-04-11_12-38-54.webp.webp?fit=1200%2C900&ssl=1&resize=525%2C300 1.5x, https:\/\/i0.wp.com\/noticiasribeiraopreto.com.br\/wp-content\/uploads\/2026\/04\/WhatsApp-Image-2026-04-11-at-09.37.33_2026-04-11_12-38-54.webp.webp?fit=1200%2C900&ssl=1&resize=700%2C400 2x, https:\/\/i0.wp.com\/noticiasribeiraopreto.com.br\/wp-content\/uploads\/2026\/04\/WhatsApp-Image-2026-04-11-at-09.37.33_2026-04-11_12-38-54.webp.webp?fit=1200%2C900&ssl=1&resize=1050%2C600 3x"},"classes":[]},{"id":77143,"url":"https:\/\/noticiasribeiraopreto.com.br\/index.php\/2025\/09\/12\/rajadas-de-vento-podem-atingir-o-interior-de-sp-nesta-sexta-veja-previsao\/","url_meta":{"origin":76109,"position":1},"title":"Rajadas de vento podem atingir o interior de SP nesta sexta; Veja previs\u00e3o","author":"noticiasribeiraopreto.com.br","date":"12 de September de 2025","format":false,"excerpt":"O interior de S\u00e3o Paulo tem previs\u00e3o de rajadas moderadas de vento nesta sexta-feira (12), que podem chegar a 40 km\/h e 50 km\/h. Segundo a Climatempo, o vento ocorre devido ao contraste de temperatura, com um ar mais seco e quente no continente e outro mais frio vindo do\u2026","rel":"","context":"In &quot;Not\u00edcias de Ribeir\u00e3o Preto-SP e Regi\u00e3o&quot;","block_context":{"text":"Not\u00edcias de Ribeir\u00e3o Preto-SP e Regi\u00e3o","link":"https:\/\/noticiasribeiraopreto.com.br\/index.php\/category\/noticias-de-ribeirao-preto-sp-e-regiao-ismael-colosi\/"},"img":{"alt_text":"","src":"https:\/\/i0.wp.com\/noticiasribeiraopreto.com.br\/wp-content\/uploads\/2025\/09\/WhatsApp-Image-2025-09-12-at-06.32.45_2025-09-12_11-05-42.webp.webp?fit=1200%2C674&ssl=1&resize=350%2C200","width":350,"height":200,"srcset":"https:\/\/i0.wp.com\/noticiasribeiraopreto.com.br\/wp-content\/uploads\/2025\/09\/WhatsApp-Image-2025-09-12-at-06.32.45_2025-09-12_11-05-42.webp.webp?fit=1200%2C674&ssl=1&resize=350%2C200 1x, https:\/\/i0.wp.com\/noticiasribeiraopreto.com.br\/wp-content\/uploads\/2025\/09\/WhatsApp-Image-2025-09-12-at-06.32.45_2025-09-12_11-05-42.webp.webp?fit=1200%2C674&ssl=1&resize=525%2C300 1.5x, https:\/\/i0.wp.com\/noticiasribeiraopreto.com.br\/wp-content\/uploads\/2025\/09\/WhatsApp-Image-2025-09-12-at-06.32.45_2025-09-12_11-05-42.webp.webp?fit=1200%2C674&ssl=1&resize=700%2C400 2x, https:\/\/i0.wp.com\/noticiasribeiraopreto.com.br\/wp-content\/uploads\/2025\/09\/WhatsApp-Image-2025-09-12-at-06.32.45_2025-09-12_11-05-42.webp.webp?fit=1200%2C674&ssl=1&resize=1050%2C600 3x"},"classes":[]},{"id":57642,"url":"https:\/\/noticiasribeiraopreto.com.br\/index.php\/2024\/09\/06\/inmet-emite-alerta-de-perigo-para-o-interior-de-sp-veja-previsao-no-fim-de-semana\/","url_meta":{"origin":76109,"position":2},"title":"Inmet emite alerta de perigo para o interior de SP; Veja previs\u00e3o no fim de semana","author":"noticiasribeiraopreto.com.br","date":"6 de September de 2024","format":false,"excerpt":"O Inmet (Instituto Nacional de Meteorologia) emitou um alerta de \u201cperigo\u201d para onda de calor em parte do interior de S\u00e3o Paulo. O aviso, que e inclui a regi\u00e3o de Ribeir\u00e3o Preto, teve in\u00edcio \u00e0 0h e segue at\u00e9 as 23h59 desta sexta-feira (6). Este alerta \u00e9 na cor laranja\u2026","rel":"","context":"In &quot;Not\u00edcias de Ribeir\u00e3o Preto-SP e Regi\u00e3o&quot;","block_context":{"text":"Not\u00edcias de Ribeir\u00e3o Preto-SP e Regi\u00e3o","link":"https:\/\/noticiasribeiraopreto.com.br\/index.php\/category\/noticias-de-ribeirao-preto-sp-e-regiao-ismael-colosi\/"},"img":{"alt_text":"","src":"https:\/\/i0.wp.com\/noticiasribeiraopreto.com.br\/wp-content\/uploads\/2024\/09\/WhatsApp-Image-2023-11-10-at-08.08.42.jpeg?fit=1200%2C540&ssl=1&resize=350%2C200","width":350,"height":200,"srcset":"https:\/\/i0.wp.com\/noticiasribeiraopreto.com.br\/wp-content\/uploads\/2024\/09\/WhatsApp-Image-2023-11-10-at-08.08.42.jpeg?fit=1200%2C540&ssl=1&resize=350%2C200 1x, https:\/\/i0.wp.com\/noticiasribeiraopreto.com.br\/wp-content\/uploads\/2024\/09\/WhatsApp-Image-2023-11-10-at-08.08.42.jpeg?fit=1200%2C540&ssl=1&resize=525%2C300 1.5x, https:\/\/i0.wp.com\/noticiasribeiraopreto.com.br\/wp-content\/uploads\/2024\/09\/WhatsApp-Image-2023-11-10-at-08.08.42.jpeg?fit=1200%2C540&ssl=1&resize=700%2C400 2x, https:\/\/i0.wp.com\/noticiasribeiraopreto.com.br\/wp-content\/uploads\/2024\/09\/WhatsApp-Image-2023-11-10-at-08.08.42.jpeg?fit=1200%2C540&ssl=1&resize=1050%2C600 3x"},"classes":[]},{"id":53567,"url":"https:\/\/noticiasribeiraopreto.com.br\/index.php\/2024\/06\/21\/como-fica-o-tempo-no-primeiro-fim-de-semana-do-inverno-confira-previsao-no-interior-de-sp\/","url_meta":{"origin":76109,"position":3},"title":"Como fica o tempo no primeiro fim de semana do inverno? Confira previs\u00e3o no interior de SP","author":"noticiasribeiraopreto.com.br","date":"21 de June de 2024","format":false,"excerpt":"O inverno come\u00e7ou na tarde desta quinta-feira (20), mas as temperaturas ainda devem continuar altas \u00e0 tarde no interior de S\u00e3o Paulo. Segundo a Climatempo, as quedas mais bruscas de temperatura na regi\u00e3o Sudeste s\u00e3o esperadas somente para o fim da esta\u00e7\u00e3o, em agosto e setembro, quando a frequ\u00eancia de\u2026","rel":"","context":"In &quot;Not\u00edcias de Ribeir\u00e3o Preto-SP e Regi\u00e3o&quot;","block_context":{"text":"Not\u00edcias de Ribeir\u00e3o Preto-SP e Regi\u00e3o","link":"https:\/\/noticiasribeiraopreto.com.br\/index.php\/category\/noticias-de-ribeirao-preto-sp-e-regiao-ismael-colosi\/"},"img":{"alt_text":"","src":"https:\/\/i0.wp.com\/noticiasribeiraopreto.com.br\/wp-content\/uploads\/2024\/06\/WhatsApp-Image-2023-09-14-at-09.35.50.jpeg?fit=1200%2C675&ssl=1&resize=350%2C200","width":350,"height":200,"srcset":"https:\/\/i0.wp.com\/noticiasribeiraopreto.com.br\/wp-content\/uploads\/2024\/06\/WhatsApp-Image-2023-09-14-at-09.35.50.jpeg?fit=1200%2C675&ssl=1&resize=350%2C200 1x, https:\/\/i0.wp.com\/noticiasribeiraopreto.com.br\/wp-content\/uploads\/2024\/06\/WhatsApp-Image-2023-09-14-at-09.35.50.jpeg?fit=1200%2C675&ssl=1&resize=525%2C300 1.5x, https:\/\/i0.wp.com\/noticiasribeiraopreto.com.br\/wp-content\/uploads\/2024\/06\/WhatsApp-Image-2023-09-14-at-09.35.50.jpeg?fit=1200%2C675&ssl=1&resize=700%2C400 2x, https:\/\/i0.wp.com\/noticiasribeiraopreto.com.br\/wp-content\/uploads\/2024\/06\/WhatsApp-Image-2023-09-14-at-09.35.50.jpeg?fit=1200%2C675&ssl=1&resize=1050%2C600 3x"},"classes":[]},{"id":57768,"url":"https:\/\/noticiasribeiraopreto.com.br\/index.php\/2024\/09\/10\/onda-de-calor-veja-as-temperaturas-nos-proximos-dias-no-interior-de-sp\/","url_meta":{"origin":76109,"position":4},"title":"Onda de calor: Veja as temperaturas nos pr\u00f3ximos dias no interior de SP","author":"noticiasribeiraopreto.com.br","date":"10 de September de 2024","format":false,"excerpt":"A onda de calor foi prorrogada e deve persistir at\u00e9 o dia 20 de setembro, segundo a Climatempo. As temperaturas seguem elevadas e podem se aproximar de 40\u00b0C no extremo Norte e Oeste do estado de S\u00e3o Paulo. Sem chuva e com fuma\u00e7a Sem previs\u00e3o de chuva ao longo da\u2026","rel":"","context":"In &quot;Not\u00edcias de Ribeir\u00e3o Preto-SP e Regi\u00e3o&quot;","block_context":{"text":"Not\u00edcias de Ribeir\u00e3o Preto-SP e Regi\u00e3o","link":"https:\/\/noticiasribeiraopreto.com.br\/index.php\/category\/noticias-de-ribeirao-preto-sp-e-regiao-ismael-colosi\/"},"img":{"alt_text":"","src":"https:\/\/i0.wp.com\/noticiasribeiraopreto.com.br\/wp-content\/uploads\/2024\/08\/WhatsApp-Image-2024-07-03-at-07.08.43_2024-07-03_10-10-21_jpeg_2024-07-03_10-10-21.webp.webp?fit=1200%2C1001&ssl=1&resize=350%2C200","width":350,"height":200,"srcset":"https:\/\/i0.wp.com\/noticiasribeiraopreto.com.br\/wp-content\/uploads\/2024\/08\/WhatsApp-Image-2024-07-03-at-07.08.43_2024-07-03_10-10-21_jpeg_2024-07-03_10-10-21.webp.webp?fit=1200%2C1001&ssl=1&resize=350%2C200 1x, https:\/\/i0.wp.com\/noticiasribeiraopreto.com.br\/wp-content\/uploads\/2024\/08\/WhatsApp-Image-2024-07-03-at-07.08.43_2024-07-03_10-10-21_jpeg_2024-07-03_10-10-21.webp.webp?fit=1200%2C1001&ssl=1&resize=525%2C300 1.5x, https:\/\/i0.wp.com\/noticiasribeiraopreto.com.br\/wp-content\/uploads\/2024\/08\/WhatsApp-Image-2024-07-03-at-07.08.43_2024-07-03_10-10-21_jpeg_2024-07-03_10-10-21.webp.webp?fit=1200%2C1001&ssl=1&resize=700%2C400 2x, https:\/\/i0.wp.com\/noticiasribeiraopreto.com.br\/wp-content\/uploads\/2024\/08\/WhatsApp-Image-2024-07-03-at-07.08.43_2024-07-03_10-10-21_jpeg_2024-07-03_10-10-21.webp.webp?fit=1200%2C1001&ssl=1&resize=1050%2C600 3x"},"classes":[]},{"id":73485,"url":"https:\/\/noticiasribeiraopreto.com.br\/index.php\/2025\/07\/03\/rajadas-de-vento-atingem-o-interior-de-sp-nesta-quinta-veja-previsao\/","url_meta":{"origin":76109,"position":5},"title":"Rajadas de vento atingem o interior de SP nesta quinta; Veja previs\u00e3o","author":"noticiasribeiraopreto.com.br","date":"3 de July de 2025","format":false,"excerpt":"O interior de S\u00e3o Paulo tem previs\u00e3o de rajadas de vento nesta quinta-feira (3). Segundo a Climatempo, as rajadas podem ser moderadas \u2013 entre 40 km\/h e 50 km\/h \u2013 ao longo do dia, principalmente \u00e0 noite, nas regi\u00f5es de Ribeir\u00e3o Preto e S\u00e3o Carlos. O tempo, por\u00e9m, segue est\u00e1vel,\u2026","rel":"","context":"In &quot;Not\u00edcias de Ribeir\u00e3o Preto-SP e Regi\u00e3o&quot;","block_context":{"text":"Not\u00edcias de Ribeir\u00e3o Preto-SP e Regi\u00e3o","link":"https:\/\/noticiasribeiraopreto.com.br\/index.php\/category\/noticias-de-ribeirao-preto-sp-e-regiao-ismael-colosi\/"},"img":{"alt_text":"","src":"https:\/\/i0.wp.com\/noticiasribeiraopreto.com.br\/wp-content\/uploads\/2025\/07\/vento_2025-07-03_10-43-54.webp.webp?fit=1200%2C819&ssl=1&resize=350%2C200","width":350,"height":200,"srcset":"https:\/\/i0.wp.com\/noticiasribeiraopreto.com.br\/wp-content\/uploads\/2025\/07\/vento_2025-07-03_10-43-54.webp.webp?fit=1200%2C819&ssl=1&resize=350%2C200 1x, https:\/\/i0.wp.com\/noticiasribeiraopreto.com.br\/wp-content\/uploads\/2025\/07\/vento_2025-07-03_10-43-54.webp.webp?fit=1200%2C819&ssl=1&resize=525%2C300 1.5x, https:\/\/i0.wp.com\/noticiasribeiraopreto.com.br\/wp-content\/uploads\/2025\/07\/vento_2025-07-03_10-43-54.webp.webp?fit=1200%2C819&ssl=1&resize=700%2C400 2x, https:\/\/i0.wp.com\/noticiasribeiraopreto.com.br\/wp-content\/uploads\/2025\/07\/vento_2025-07-03_10-43-54.webp.webp?fit=1200%2C819&ssl=1&resize=1050%2C600 3x"},"classes":[]}],"jetpack_sharing_enabled":true,"jetpack_shortlink":"https:\/\/wp.me\/peQAOb-jNz","_links":{"self":[{"href":"https:\/\/noticiasribeiraopreto.com.br\/index.php\/wp-json\/wp\/v2\/posts\/76109","targetHints":{"allow":["GET"]}}],"collection":[{"href":"https:\/\/noticiasribeiraopreto.com.br\/index.php\/wp-json\/wp\/v2\/posts"}],"about":[{"href":"https:\/\/noticiasribeiraopreto.com.br\/index.php\/wp-json\/wp\/v2\/types\/post"}],"author":[{"embeddable":true,"href":"https:\/\/noticiasribeiraopreto.com.br\/index.php\/wp-json\/wp\/v2\/users\/1"}],"replies":[{"embeddable":true,"href":"https:\/\/noticiasribeiraopreto.com.br\/index.php\/wp-json\/wp\/v2\/comments?post=76109"}],"version-history":[{"count":0,"href":"https:\/\/noticiasribeiraopreto.com.br\/index.php\/wp-json\/wp\/v2\/posts\/76109\/revisions"}],"wp:featuredmedia":[{"embeddable":true,"href":"https:\/\/noticiasribeiraopreto.com.br\/index.php\/wp-json\/wp\/v2\/media\/76110"}],"wp:attachment":[{"href":"https:\/\/noticiasribeiraopreto.com.br\/index.php\/wp-json\/wp\/v2\/media?parent=76109"}],"wp:term":[{"taxonomy":"category","embeddable":true,"href":"https:\/\/noticiasribeiraopreto.com.br\/index.php\/wp-json\/wp\/v2\/categories?post=76109"},{"taxonomy":"post_tag","embeddable":true,"href":"https:\/\/noticiasribeiraopreto.com.br\/index.php\/wp-json\/wp\/v2\/tags?post=76109"}],"curies":[{"name":"wp","href":"https:\/\/api.w.org\/{rel}","templated":true}]}}