{"id":76111,"date":"2025-08-22T11:24:37","date_gmt":"2025-08-22T14:24:37","guid":{"rendered":"https:\/\/noticiasribeiraopreto.com.br\/index.php\/2025\/08\/22\/concurso-miss-comerciaria-2025-ja-tem-suas-12-finalistas\/"},"modified":"2025-08-22T11:24:37","modified_gmt":"2025-08-22T14:24:37","slug":"concurso-miss-comerciaria-2025-ja-tem-suas-12-finalistas","status":"publish","type":"post","link":"https:\/\/noticiasribeiraopreto.com.br\/index.php\/2025\/08\/22\/concurso-miss-comerciaria-2025-ja-tem-suas-12-finalistas\/","title":{"rendered":"Concurso Miss Comerci\u00e1ria 2025 j\u00e1 tem suas 12 finalistas"},"content":{"rendered":"<div class='code-block code-block-1' style='margin: 8px 0 8px auto; text-align: right; display: block; clear: both;'>\n<p><a href=\"https:\/\/wa.link\/vpicfd\"><img data-recalc-dims=\"1\" class=\"wp-image-4922\" style=\"aspect-ratio: 2.0253164556962027; width: 561px; height: auto;\" src=\"https:\/\/i0.wp.com\/ismaelcolosi.com.br\/wp-content\/uploads\/2023\/11\/grupo-de-empregos-whatsapp-e-facebook-ismael-colosi-vagas.jpg?ssl=1\" alt=\"\" \/><\/a><\/p>\n<!-- \/wp:image -->\n<\/div>\n<p> <br \/>\n<\/p>\n<div>\n<p><em>Concurso desse ano foi super disputado, com 36 candidatas para 12 vagas<\/em><\/p>\n<p>Nesta sexta-feira (22) foram selecionadas as finalistas que v\u00e3o concorrer ao Miss Comerci\u00e1ria 2025. Este ano, o concurso bateu recorde de inscri\u00e7\u00f5es com 36 candidatas para disputar 12 vagas para a grande final. O evento que vai escolher a Miss Comerci\u00e1ria 2025, a Segunda e Terceira colocadas e a Miss Simpatia (eleita entre as pr\u00f3prias participantes), vai acontecer no dia 25 de outubro, na sede do Clube dos Comerci\u00e1rios (rua \u00c9zio Lucchiari, 500, Parque S\u00e3o Sebasti\u00e3o), em Ribeir\u00e3o Preto.<\/p>\n<p>As finalistas foram escolhidas por um corpo renomado de jurados de Ribeir\u00e3o Preto, sendo avaliadas nos quesitos postura, beleza pl\u00e1stica e apresenta\u00e7\u00e3o pessoal.<\/p>\n<p>O concurso Miss Comerci\u00e1ria 2025 \u00e9 uma realiza\u00e7\u00e3o do Sincomerci\u00e1rios (Sindicato dos Empregados no Com\u00e9rcio de RP), tem organiza\u00e7\u00e3o da KA2RP Eventos e conta com o apoio do Fecomerci\u00e1rios e da Secretaria Municipal da Cultura e Turismo de Ribeir\u00e3o Preto.<\/p>\n<p>O \u201cMiss Comerci\u00e1ria\u201d tamb\u00e9m integra o calend\u00e1rio oficial de eventos da cidade, de acordo com a Lei N\u00ba 14.860, de 15 de setembro de 2023, de iniciativa do ent\u00e3o vereador e atual vice-prefeito de Ribeir\u00e3o Preto, Alessandro Maraca (MDB).<\/p>\n<p>O evento conta com o patroc\u00ednio do Sindicato do Com\u00e9rcio Varejista (Sincovarp), Clube de Dirigentes Lojistas (CDL); Shopping Santa \u00darsula; Sindicato dos Profissionais de Beleza e Est\u00e9tica de Ribeir\u00e3o Preto e Regi\u00e3o (SindBeleza) e Sicoob-Cooperac e apoio da Goya, ACIRP e Flowers Floricultura.<\/p>\n<p><strong>Conhe\u00e7a as 12 finalistas para o Miss Comerci\u00e1ria 2025:<\/strong><\/p>\n<p><strong>\u00a0<\/strong><strong>Allana Mendes<\/strong> \u2013 19 anos \u2013 Natural de S\u00e3o Paulo\/SP \u2013 Vendedora \u2013 Via Veneto Roupas<\/p>\n<p><strong>Dalileia Coelho<\/strong> \u2013 39 anos \u2013 Natural de Jaboticabal\/SP \u2013 Vendedora \u2013 Leroy Merlin<\/p>\n<p><strong>Daniella Soltovski<\/strong> \u2013 20 anos Natural de Ribeir\u00e3o Preto\/SP \u2013 Auxiliar Financeiro \u2013 Carrefour<\/p>\n<p><strong>Debora Aquino<\/strong> \u2013 33 anos \u2013 Natural de Ribeir\u00e3o Preto\/SP \u2013 Assessora \u2013 Leroy Merlin<\/p>\n<p><strong>Endaira Pavanelo<\/strong> \u2013 18 anos \u2013 Natural de Ribeir\u00e3o Preto\/SP \u2013 Vendedora \u2013 O Botic\u00e1rio<\/p>\n<p><strong>Esther Silva<\/strong> \u2013 22 anos \u2013 Natural de Ribeir\u00e3o Preto\/SP \u2013 Assistente de Vendas \u2013 Atri Comercial Ltda.<\/p>\n<p><strong>Livia Saldini<\/strong> \u2013 22 anos \u2013 Natural de Ribeir\u00e3o Preto\/SP \u2013 Assistente de Faturamento \u2013 Motoasa<\/p>\n<p><strong>Luana Pedrini<\/strong> \u2013 22 anos \u2013 Natural de Ribeir\u00e3o Preto\/SP \u2013 Auxiliar de RH \u2013 Sendas Distribuidora<\/p>\n<p><strong>Maria Bastos<\/strong> \u2013 21 anos \u2013 Natural de Mococa\/SP \u2013 Operadora de Caixa \u2013 Savegnago<\/p>\n<p><strong>Nayane Marques<\/strong> \u2013 23 anos \u2013 Natural de Paramirim\/BA \u2013 Vendedora e Marketing \u2013 REK Jeans<\/p>\n<p><strong>Noemy Bertoline<\/strong> \u2013 25 anos \u2013 Natural de Campinas\/SP \u2013 Operadora de Caixa \u2013 Amarelinha Supermercados<\/p>\n<p><strong>Paloma Dantas<\/strong> \u2013 26 anos \u2013 Natural de Ribeir\u00e3o Preto\/SP \u2013 Analista de Benef\u00edcios \u2013 Euro Renault Ve\u00edculos<\/p>\n<p><strong>JURADOS:<\/strong><\/p>\n<p>O concurso Miss Comerci\u00e1ria tamb\u00e9m \u00e9 reconhecido pela qualidade dos seus jurados. Este ano, participaram da sele\u00e7\u00e3o das 12 finalistas, os seguintes jurados:<\/p>\n<p><strong>Amanda Francine de Oliveira Carvalhaes<\/strong> \u2013 Diretora-Administrativa da Sicoob\/Cooperac<\/p>\n<p><strong>Dulce Neves<\/strong> \u2013 Ex-modelo, jornalista e produtora cultural<\/p>\n<p><strong>Juliana Pagotto Gasparini <\/strong>\u2013 Gerente de Marketing do Shopping Santa \u00darsula<\/p>\n<p><strong>Maria Eug\u00eania Biffi<\/strong> \u2013 Advogada e Secret\u00e1ria da Cultura e Turismo de Ribeir\u00e3o Preto<\/p>\n<p><strong>Od\u00f4nio dos Anjos<\/strong> \u2013 Empres\u00e1rio e produtor cultural<\/p>\n<p><strong>Paulo C\u00e9sar Garcia Lopes<\/strong> \u2013 Presidente do Sindicato do Com\u00e9rcio Varejista de Ribeir\u00e3o Preto (Sincovarp)<\/p>\n<p><strong>Ricardo Carvalho<\/strong> \u2013 Empres\u00e1rio e organizador do Pr\u00eamio Recall de Cria\u00e7\u00e3o Publicit\u00e1ria<\/p>\n<p><strong>Valdo Barreto<\/strong> \u2013 Presidente do Sindicato dos Profissionais de Beleza e Est\u00e9tica de Ribeir\u00e3o Preto e Regi\u00e3o (SindBeleza)<\/p>\n<p><strong>Servi\u00e7o:<\/strong><\/p>\n<p>Miss Comerci\u00e1ria de Ribeir\u00e3o Preto 2025<\/p>\n<p>Final 25 de outubro \u2013 20 horas<\/p>\n<p>Clube dos Comerci\u00e1rios (Rua \u00c9zio Lucchiari, 500, Parque S\u00e3o Sebasti\u00e3o) \u2013 Ribeir\u00e3o Preto-SP<\/p>\n<p>@misscomerciariarp<\/p>\n<p>www.cmcrp.com.br<\/p>\n<\/div>\n<p><br \/>\n<br \/><a href=\"https:\/\/www.tribunaribeirao.com.br\/concurso-miss-comerciaria-2025-ja-tem-suas-12-finalistas\/\">Source link <\/a><\/p>\n<!-- CONTENT END 1 -->\n","protected":false},"excerpt":{"rendered":"<p>Concurso desse ano foi super disputado, com 36 candidatas para 12 vagas Nesta sexta-feira (22) foram selecionadas as finalistas que v\u00e3o concorrer ao Miss Comerci\u00e1ria&#8230;<\/p>\n","protected":false},"author":1,"featured_media":76112,"comment_status":"open","ping_status":"open","sticky":false,"template":"","format":"standard","meta":{"advanced_seo_description":"","jetpack_seo_html_title":"","jetpack_seo_noindex":false,"jetpack_post_was_ever_published":false,"_jetpack_newsletter_access":"","_jetpack_dont_email_post_to_subs":false,"_jetpack_newsletter_tier_id":0,"_jetpack_memberships_contains_paywalled_content":false,"_jetpack_memberships_contains_paid_content":false,"footnotes":"","jetpack_publicize_message":"","jetpack_publicize_feature_enabled":true,"jetpack_social_post_already_shared":true,"jetpack_social_options":{"image_generator_settings":{"template":"highway","default_image_id":0,"font":"","enabled":false},"version":2}},"categories":[11],"tags":[],"class_list":["post-76111","post","type-post","status-publish","format-standard","has-post-thumbnail","hentry","category-noticias-de-ribeirao-preto-sp-e-regiao-ismael-colosi"],"jetpack_publicize_connections":[],"jetpack_featured_media_url":"https:\/\/i0.wp.com\/noticiasribeiraopreto.com.br\/wp-content\/uploads\/2025\/08\/Miss.jpeg?fit=910%2C557&ssl=1","jetpack-related-posts":[{"id":79100,"url":"https:\/\/noticiasribeiraopreto.com.br\/index.php\/2025\/10\/24\/final-do-miss-comerciaria-2025-acontece-neste-sabado\/","url_meta":{"origin":76111,"position":0},"title":"Final do Miss Comerci\u00e1ria 2025 acontece neste s\u00e1bado","author":"noticiasribeiraopreto.com.br","date":"24 de October de 2025","format":false,"excerpt":"Concurso desse ano teve recorde de inscri\u00e7\u00f5es com 36 candidatas para 12 vagas finalistas O Clube dos Comerci\u00e1rios ser\u00e1 palco neste s\u00e1bado (25) da grande final do concurso \u201cMiss Comerci\u00e1ria 2025\u201d. Deoze finalistas disputam os t\u00edtulos de Miss Comerci\u00e1ria, 2\u00aa. Colocada, 3\u00aa. Colocada e Miss Simpatia (que \u00e9 eleita entre\u2026","rel":"","context":"In &quot;Not\u00edcias de Ribeir\u00e3o Preto-SP e Regi\u00e3o&quot;","block_context":{"text":"Not\u00edcias de Ribeir\u00e3o Preto-SP e Regi\u00e3o","link":"https:\/\/noticiasribeiraopreto.com.br\/index.php\/category\/noticias-de-ribeirao-preto-sp-e-regiao-ismael-colosi\/"},"img":{"alt_text":"","src":"https:\/\/i0.wp.com\/noticiasribeiraopreto.com.br\/wp-content\/uploads\/2025\/10\/Miss-Final-2024.jpeg?fit=1042%2C685&ssl=1&resize=350%2C200","width":350,"height":200,"srcset":"https:\/\/i0.wp.com\/noticiasribeiraopreto.com.br\/wp-content\/uploads\/2025\/10\/Miss-Final-2024.jpeg?fit=1042%2C685&ssl=1&resize=350%2C200 1x, https:\/\/i0.wp.com\/noticiasribeiraopreto.com.br\/wp-content\/uploads\/2025\/10\/Miss-Final-2024.jpeg?fit=1042%2C685&ssl=1&resize=525%2C300 1.5x, https:\/\/i0.wp.com\/noticiasribeiraopreto.com.br\/wp-content\/uploads\/2025\/10\/Miss-Final-2024.jpeg?fit=1042%2C685&ssl=1&resize=700%2C400 2x"},"classes":[]},{"id":77851,"url":"https:\/\/noticiasribeiraopreto.com.br\/index.php\/2025\/09\/26\/finalistas-do-miss-comerciaria-sao-recebidas-pelo-vice-prefeito-alessandro-maraca\/","url_meta":{"origin":76111,"position":1},"title":"Finalistas do Miss Comerci\u00e1ria s\u00e3o recebidas pelo vice-prefeito Alessandro Maraca","author":"noticiasribeiraopreto.com.br","date":"26 de September de 2025","format":false,"excerpt":"26 de setembro de 2025 16:062 Compartilhar0 As 12 finalistas do Concurso Miss Comerci\u00e1ria Ribeir\u00e3o Preto 2025 foram recebidas na manh\u00e3 desta quinta-feira (25) pelo vice-prefeito de Ribeir\u00e3o Preto, Alessandro Maraca (MDB), na sede da Prefeitura. A recep\u00e7\u00e3o simbolizou o reconhecimento da import\u00e2ncia do concurso, que valoriza as trabalhadoras do\u2026","rel":"","context":"In &quot;Not\u00edcias de Ribeir\u00e3o Preto-SP e Regi\u00e3o&quot;","block_context":{"text":"Not\u00edcias de Ribeir\u00e3o Preto-SP e Regi\u00e3o","link":"https:\/\/noticiasribeiraopreto.com.br\/index.php\/category\/noticias-de-ribeirao-preto-sp-e-regiao-ismael-colosi\/"},"img":{"alt_text":"","src":"https:\/\/i0.wp.com\/noticiasribeiraopreto.com.br\/wp-content\/uploads\/2025\/09\/01-Misses-Prefeitura-scaled.jpg?fit=1200%2C742&ssl=1&resize=350%2C200","width":350,"height":200,"srcset":"https:\/\/i0.wp.com\/noticiasribeiraopreto.com.br\/wp-content\/uploads\/2025\/09\/01-Misses-Prefeitura-scaled.jpg?fit=1200%2C742&ssl=1&resize=350%2C200 1x, https:\/\/i0.wp.com\/noticiasribeiraopreto.com.br\/wp-content\/uploads\/2025\/09\/01-Misses-Prefeitura-scaled.jpg?fit=1200%2C742&ssl=1&resize=525%2C300 1.5x, https:\/\/i0.wp.com\/noticiasribeiraopreto.com.br\/wp-content\/uploads\/2025\/09\/01-Misses-Prefeitura-scaled.jpg?fit=1200%2C742&ssl=1&resize=700%2C400 2x, https:\/\/i0.wp.com\/noticiasribeiraopreto.com.br\/wp-content\/uploads\/2025\/09\/01-Misses-Prefeitura-scaled.jpg?fit=1200%2C742&ssl=1&resize=1050%2C600 3x"},"classes":[]},{"id":75018,"url":"https:\/\/noticiasribeiraopreto.com.br\/index.php\/2025\/08\/01\/concurso-miss-comerciaria-bate-recorde-de-inscricoes\/","url_meta":{"origin":76111,"position":2},"title":"Concurso Miss Comerci\u00e1ria bate recorde de inscri\u00e7\u00f5es","author":"noticiasribeiraopreto.com.br","date":"1 de August de 2025","format":false,"excerpt":"1 de agosto de 2025 16:491 de agosto de 2025 15:487 Compartilhar0 Procura \u00e9 a maior de todos os anos e organiza\u00e7\u00e3o decide prorrogar inscri\u00e7\u00f5es at\u00e9 o pr\u00f3ximo dia oito A 27\u00aa. Edi\u00e7\u00e3o do concurso Miss Comerci\u00e1ria Ribeir\u00e3o Preto j\u00e1 fez hist\u00f3ria. Nada menos que 33 comerci\u00e1rias est\u00e3o inscritas e,\u2026","rel":"","context":"In &quot;Not\u00edcias de Ribeir\u00e3o Preto-SP e Regi\u00e3o&quot;","block_context":{"text":"Not\u00edcias de Ribeir\u00e3o Preto-SP e Regi\u00e3o","link":"https:\/\/noticiasribeiraopreto.com.br\/index.php\/category\/noticias-de-ribeirao-preto-sp-e-regiao-ismael-colosi\/"},"img":{"alt_text":"","src":"https:\/\/i0.wp.com\/noticiasribeiraopreto.com.br\/wp-content\/uploads\/2025\/08\/Miss-Comerciaria-2024-scaled.jpg?fit=1170%2C780&ssl=1&resize=350%2C200","width":350,"height":200,"srcset":"https:\/\/i0.wp.com\/noticiasribeiraopreto.com.br\/wp-content\/uploads\/2025\/08\/Miss-Comerciaria-2024-scaled.jpg?fit=1170%2C780&ssl=1&resize=350%2C200 1x, https:\/\/i0.wp.com\/noticiasribeiraopreto.com.br\/wp-content\/uploads\/2025\/08\/Miss-Comerciaria-2024-scaled.jpg?fit=1170%2C780&ssl=1&resize=525%2C300 1.5x, https:\/\/i0.wp.com\/noticiasribeiraopreto.com.br\/wp-content\/uploads\/2025\/08\/Miss-Comerciaria-2024-scaled.jpg?fit=1170%2C780&ssl=1&resize=700%2C400 2x, https:\/\/i0.wp.com\/noticiasribeiraopreto.com.br\/wp-content\/uploads\/2025\/08\/Miss-Comerciaria-2024-scaled.jpg?fit=1170%2C780&ssl=1&resize=1050%2C600 3x"},"classes":[]},{"id":85309,"url":"https:\/\/noticiasribeiraopreto.com.br\/index.php\/2026\/04\/28\/estao-abertas-as-inscricoes-para-o-28o-concurso-miss-comerciaria-de-ribeirao-preto\/","url_meta":{"origin":76111,"position":3},"title":"Est\u00e3o abertas as inscri\u00e7\u00f5es para o 28\u00ba Concurso Miss Comerci\u00e1ria de Ribeir\u00e3o Preto","author":"noticiasribeiraopreto.com.br","date":"28 de April de 2026","format":false,"excerpt":"\r \r \r 28 de abril de 2026 13:28 \r Compartilhar0 No ano passado o concurso teve o maior n\u00famero de inscritos de sua hist\u00f3ria, com 36 candidatas J\u00e1 est\u00e3o abertas as inscri\u00e7\u00f5es para o tradicional Concurso Miss Comerci\u00e1ria de Ribeir\u00e3o Preto, que chega em 2026 \u00e0 sua 28\u00aa edi\u00e7\u00e3o\u2026","rel":"","context":"In &quot;Not\u00edcias de Ribeir\u00e3o Preto-SP e Regi\u00e3o&quot;","block_context":{"text":"Not\u00edcias de Ribeir\u00e3o Preto-SP e Regi\u00e3o","link":"https:\/\/noticiasribeiraopreto.com.br\/index.php\/category\/noticias-de-ribeirao-preto-sp-e-regiao-ismael-colosi\/"},"img":{"alt_text":"","src":"https:\/\/i0.wp.com\/noticiasribeiraopreto.com.br\/wp-content\/uploads\/2026\/04\/09-Miss-25-Desfile-de-campea-scaled.jpeg?fit=1200%2C800&ssl=1&resize=350%2C200","width":350,"height":200,"srcset":"https:\/\/i0.wp.com\/noticiasribeiraopreto.com.br\/wp-content\/uploads\/2026\/04\/09-Miss-25-Desfile-de-campea-scaled.jpeg?fit=1200%2C800&ssl=1&resize=350%2C200 1x, https:\/\/i0.wp.com\/noticiasribeiraopreto.com.br\/wp-content\/uploads\/2026\/04\/09-Miss-25-Desfile-de-campea-scaled.jpeg?fit=1200%2C800&ssl=1&resize=525%2C300 1.5x, https:\/\/i0.wp.com\/noticiasribeiraopreto.com.br\/wp-content\/uploads\/2026\/04\/09-Miss-25-Desfile-de-campea-scaled.jpeg?fit=1200%2C800&ssl=1&resize=700%2C400 2x, https:\/\/i0.wp.com\/noticiasribeiraopreto.com.br\/wp-content\/uploads\/2026\/04\/09-Miss-25-Desfile-de-campea-scaled.jpeg?fit=1200%2C800&ssl=1&resize=1050%2C600 3x"},"classes":[]},{"id":79207,"url":"https:\/\/noticiasribeiraopreto.com.br\/index.php\/2025\/10\/27\/nayane-ramos-e-eleita-miss-comerciaria-2025\/","url_meta":{"origin":76111,"position":4},"title":"Nayane Ramos \u00e9 eleita Miss Comerci\u00e1ria 2025","author":"noticiasribeiraopreto.com.br","date":"27 de October de 2025","format":false,"excerpt":"Final aconteceu no \u00faltimo s\u00e1bado, 25, em evento que contou com a presen\u00e7a de quase 600 pessoas, no Clube dos Comerci\u00e1rios A vendedora e analista de marketing da R&K Jeans, Nayane Marques Ramos (@nayane_ramoss), de 23 anos, foi a grande vencedora da 27\u00aa. edi\u00e7\u00e3o do concurso Miss Comerci\u00e1ria 2025 (@misscomerciariarp).\u2026","rel":"","context":"In &quot;Not\u00edcias de Ribeir\u00e3o Preto-SP e Regi\u00e3o&quot;","block_context":{"text":"Not\u00edcias de Ribeir\u00e3o Preto-SP e Regi\u00e3o","link":"https:\/\/noticiasribeiraopreto.com.br\/index.php\/category\/noticias-de-ribeirao-preto-sp-e-regiao-ismael-colosi\/"},"img":{"alt_text":"","src":"https:\/\/i0.wp.com\/noticiasribeiraopreto.com.br\/wp-content\/uploads\/2025\/10\/01-Miss-25-capa-scaled.jpeg?fit=1170%2C780&ssl=1&resize=350%2C200","width":350,"height":200,"srcset":"https:\/\/i0.wp.com\/noticiasribeiraopreto.com.br\/wp-content\/uploads\/2025\/10\/01-Miss-25-capa-scaled.jpeg?fit=1170%2C780&ssl=1&resize=350%2C200 1x, https:\/\/i0.wp.com\/noticiasribeiraopreto.com.br\/wp-content\/uploads\/2025\/10\/01-Miss-25-capa-scaled.jpeg?fit=1170%2C780&ssl=1&resize=525%2C300 1.5x, https:\/\/i0.wp.com\/noticiasribeiraopreto.com.br\/wp-content\/uploads\/2025\/10\/01-Miss-25-capa-scaled.jpeg?fit=1170%2C780&ssl=1&resize=700%2C400 2x, https:\/\/i0.wp.com\/noticiasribeiraopreto.com.br\/wp-content\/uploads\/2025\/10\/01-Miss-25-capa-scaled.jpeg?fit=1170%2C780&ssl=1&resize=1050%2C600 3x"},"classes":[]},{"id":50935,"url":"https:\/\/noticiasribeiraopreto.com.br\/index.php\/2024\/05\/21\/epra-cantar-veja-quem-sao-os-finalistas-do-concurso-musical-e-como-votar\/","url_meta":{"origin":76111,"position":5},"title":"\u00c9Pra Cantar: Veja quem s\u00e3o os finalistas do concurso musical e como votar","author":"noticiasribeiraopreto.com.br","date":"21 de May de 2024","format":false,"excerpt":"Os quatro finalistas do concurso musical \u201c\u00c9Pra Cantar\u201d realizado pela EPTV, afiliada da Rede Globo, foi divulgado nesta ter\u00e7a-feira (21) durante o telejornal EPTV 1. A partir de agora, a vota\u00e7\u00e3o para a escolha do vencedor est\u00e1 aberta no g1. \u00c9 poss\u00edvel votar quantas vezes desejar. O ganhador do concurso\u2026","rel":"","context":"In &quot;Not\u00edcias de Ribeir\u00e3o Preto-SP e Regi\u00e3o&quot;","block_context":{"text":"Not\u00edcias de Ribeir\u00e3o Preto-SP e Regi\u00e3o","link":"https:\/\/noticiasribeiraopreto.com.br\/index.php\/category\/noticias-de-ribeirao-preto-sp-e-regiao-ismael-colosi\/"},"img":{"alt_text":"","src":"https:\/\/i0.wp.com\/noticiasribeiraopreto.com.br\/wp-content\/uploads\/2024\/05\/pexels-katriengrevendonck-2101488_2024-05-21_16-25-10_jpg_2024-05-21_16-25-10-scaled.webp.webp?fit=1200%2C800&ssl=1&resize=350%2C200","width":350,"height":200,"srcset":"https:\/\/i0.wp.com\/noticiasribeiraopreto.com.br\/wp-content\/uploads\/2024\/05\/pexels-katriengrevendonck-2101488_2024-05-21_16-25-10_jpg_2024-05-21_16-25-10-scaled.webp.webp?fit=1200%2C800&ssl=1&resize=350%2C200 1x, https:\/\/i0.wp.com\/noticiasribeiraopreto.com.br\/wp-content\/uploads\/2024\/05\/pexels-katriengrevendonck-2101488_2024-05-21_16-25-10_jpg_2024-05-21_16-25-10-scaled.webp.webp?fit=1200%2C800&ssl=1&resize=525%2C300 1.5x, https:\/\/i0.wp.com\/noticiasribeiraopreto.com.br\/wp-content\/uploads\/2024\/05\/pexels-katriengrevendonck-2101488_2024-05-21_16-25-10_jpg_2024-05-21_16-25-10-scaled.webp.webp?fit=1200%2C800&ssl=1&resize=700%2C400 2x, https:\/\/i0.wp.com\/noticiasribeiraopreto.com.br\/wp-content\/uploads\/2024\/05\/pexels-katriengrevendonck-2101488_2024-05-21_16-25-10_jpg_2024-05-21_16-25-10-scaled.webp.webp?fit=1200%2C800&ssl=1&resize=1050%2C600 3x"},"classes":[]}],"jetpack_sharing_enabled":true,"jetpack_shortlink":"https:\/\/wp.me\/peQAOb-jNB","_links":{"self":[{"href":"https:\/\/noticiasribeiraopreto.com.br\/index.php\/wp-json\/wp\/v2\/posts\/76111","targetHints":{"allow":["GET"]}}],"collection":[{"href":"https:\/\/noticiasribeiraopreto.com.br\/index.php\/wp-json\/wp\/v2\/posts"}],"about":[{"href":"https:\/\/noticiasribeiraopreto.com.br\/index.php\/wp-json\/wp\/v2\/types\/post"}],"author":[{"embeddable":true,"href":"https:\/\/noticiasribeiraopreto.com.br\/index.php\/wp-json\/wp\/v2\/users\/1"}],"replies":[{"embeddable":true,"href":"https:\/\/noticiasribeiraopreto.com.br\/index.php\/wp-json\/wp\/v2\/comments?post=76111"}],"version-history":[{"count":0,"href":"https:\/\/noticiasribeiraopreto.com.br\/index.php\/wp-json\/wp\/v2\/posts\/76111\/revisions"}],"wp:featuredmedia":[{"embeddable":true,"href":"https:\/\/noticiasribeiraopreto.com.br\/index.php\/wp-json\/wp\/v2\/media\/76112"}],"wp:attachment":[{"href":"https:\/\/noticiasribeiraopreto.com.br\/index.php\/wp-json\/wp\/v2\/media?parent=76111"}],"wp:term":[{"taxonomy":"category","embeddable":true,"href":"https:\/\/noticiasribeiraopreto.com.br\/index.php\/wp-json\/wp\/v2\/categories?post=76111"},{"taxonomy":"post_tag","embeddable":true,"href":"https:\/\/noticiasribeiraopreto.com.br\/index.php\/wp-json\/wp\/v2\/tags?post=76111"}],"curies":[{"name":"wp","href":"https:\/\/api.w.org\/{rel}","templated":true}]}}