{"id":76113,"date":"2025-08-22T12:21:39","date_gmt":"2025-08-22T15:21:39","guid":{"rendered":"https:\/\/noticiasribeiraopreto.com.br\/index.php\/2025\/08\/22\/inmet-alerta-para-vendaval-e-baixa-umidade-no-estado-de-sp-veja-cidades\/"},"modified":"2025-08-22T12:21:39","modified_gmt":"2025-08-22T15:21:39","slug":"inmet-alerta-para-vendaval-e-baixa-umidade-no-estado-de-sp-veja-cidades","status":"publish","type":"post","link":"https:\/\/noticiasribeiraopreto.com.br\/index.php\/2025\/08\/22\/inmet-alerta-para-vendaval-e-baixa-umidade-no-estado-de-sp-veja-cidades\/","title":{"rendered":"Inmet alerta para vendaval e baixa umidade no estado de SP; Veja cidades"},"content":{"rendered":"<div class='code-block code-block-1' style='margin: 8px 0 8px auto; text-align: right; display: block; clear: both;'>\n<p><a href=\"https:\/\/wa.link\/vpicfd\"><img data-recalc-dims=\"1\" class=\"wp-image-4922\" style=\"aspect-ratio: 2.0253164556962027; width: 561px; height: auto;\" src=\"https:\/\/i0.wp.com\/ismaelcolosi.com.br\/wp-content\/uploads\/2023\/11\/grupo-de-empregos-whatsapp-e-facebook-ismael-colosi-vagas.jpg?ssl=1\" alt=\"\" \/><\/a><\/p>\n<!-- \/wp:image -->\n<\/div>\n<p> <br \/>\n<\/p>\n<div data-td-block-uid=\"tdi_95\">\n<div class=\"tdb-block-inner td-fix-index\">\n<p><strong>O\u00a0<a href=\"https:\/\/portal.inmet.gov.br\/\" target=\"_blank\" rel=\"noreferrer noopener\"><strong>Inmet (Instituto Nacional de Meteorologia)<\/strong><\/a>\u00a0emitiu alertas para vendaval e baixa umidade no estado de S\u00e3o Paulo.<\/strong><\/p>\n<p>S\u00e3o <strong>dois\u00a0alertas\u00a0<\/strong>de\u00a0<strong>baixa\u00a0umidade<\/strong>: um indica <strong>perigo potencial <\/strong>com in\u00edcio \u00e0s 12h desta sexta-feira (22) at\u00e9 as 20h deste s\u00e1bado (23).\u00a0<a href=\"https:\/\/alertas2.inmet.gov.br\/51410\" data-type=\"link\" data-id=\"https:\/\/alertas2.inmet.gov.br\/51410\" target=\"_blank\" rel=\"noopener\">Clique aqui<\/a><a href=\"https:\/\/alertas2.inmet.gov.br\/49129\" target=\"_blank\" rel=\"noreferrer noopener\">\u00a0<\/a>e veja todas as cidades. O outro aponta <strong>perigo <\/strong>entre 13h e 20h desta sexta. <a href=\"https:\/\/alertas2.inmet.gov.br\/51412\" data-type=\"link\" data-id=\"https:\/\/alertas2.inmet.gov.br\/51412\" target=\"_blank\" rel=\"noopener\">Veja aqui<\/a> as cidades afetadas.<\/p>\n<p>J\u00e1 para o risco de vendaval, o alerta indica perigo potencial entre 13h e 20h desta sexta. <a href=\"https:\/\/alertas2.inmet.gov.br\/51415\" data-type=\"link\" data-id=\"https:\/\/alertas2.inmet.gov.br\/51415\" target=\"_blank\" rel=\"noopener\">Clique aqui<\/a><a href=\"https:\/\/alertas2.inmet.gov.br\/49129\" target=\"_blank\" rel=\"noreferrer noopener\">\u00a0<\/a>e veja todos os munic\u00edpios.<\/p>\n<h2 class=\"wp-block-heading\"><strong>Veja o que dizem os alertas de baixa umidade:<\/strong><\/h2>\n<p><strong><em>Perigo potencial<\/em><\/strong><\/p>\n<ul class=\"wp-block-list\">\n<li>Umidade relativa do ar variando entre 30% e 20%<\/li>\n<li>Baixo risco de inc\u00eandios florestais e \u00e0 sa\u00fade<\/li>\n<\/ul>\n<p><strong>Dicas:<\/strong><\/p>\n<ul class=\"wp-block-list\">\n<li>Beba bastante l\u00edquido<\/li>\n<li>Evite desgaste f\u00edsico nas horas mais secas<\/li>\n<li>Evite exposi\u00e7\u00e3o ao sol nas horas mais quentes do dia<\/li>\n<\/ul>\n<p><strong><em>Perigo<\/em><\/strong><\/p>\n<ul class=\"wp-block-list\">\n<li>Umidade relativa do ar variando entre 20% e 12%<\/li>\n<li>Risco de inc\u00eandios florestais e \u00e0 sa\u00fade<\/li>\n<li>Ressecamento da pele, desconforto nos olhos, boca e nariz.<\/li>\n<\/ul>\n<p><strong>Dicas:<\/strong><\/p>\n<ul class=\"wp-block-list\">\n<li>Beba bastante l\u00edquido<\/li>\n<li>Atividades f\u00edsicas n\u00e3o s\u00e3o recomendadas<\/li>\n<li>Evite exposi\u00e7\u00e3o ao sol nas horas mais quentes do dia<\/li>\n<li>Use hidratante para pele e umidifique o ambiente<\/li>\n<\/ul>\n<h3 class=\"wp-block-heading\"><strong>Alerta de vendaval<\/strong>:<\/h3>\n<ul class=\"wp-block-list\">\n<li>Vento variando entre 40 km\/h e 60 km\/h<\/li>\n<li>Baixo risco de queda de galhos de \u00e1rvores<\/li>\n<\/ul>\n<p><strong>Dica:<\/strong><\/p>\n<ul class=\"wp-block-list\">\n<li>Em caso de rajadas de vento, n\u00e3o se abrigue debaixo de \u00e1rvores, pois, h\u00e1 leve risco de queda e descargas el\u00e9tricas e n\u00e3o estacione ve\u00edculos pr\u00f3ximos a torres de transmiss\u00e3o e placas de propaganda<\/li>\n<\/ul>\n<p>SAIBA MAIS<\/p>\n<p>Temperaturas disparam no interior de SP; Veja previs\u00e3o no fim de semana<\/p>\n<h4 class=\"wp-block-heading\"><strong>FIQUE ON<\/strong><\/h4>\n<p>Fique ligado em tudo que acontece em Ribeir\u00e3o Preto e regi\u00e3o. Siga os perfis do\u00a0acidade on\u00a0no\u00a0Instagram\u00a0e no\u00a0Facebook.<\/p>\n<p>Receba not\u00edcias do\u00a0acidade on\u00a0no WhatsApp. Para entrar no grupo,\u00a0basta\u00a0<a href=\"https:\/\/chat.whatsapp.com\/I4nieTEMKlf50pJ28aMemC?mode=ac_t\" target=\"_blank\" rel=\"noreferrer noopener\">clicar aqui<\/a>. Ou, acesse o nosso\u00a0Canal\u00a0<a href=\"https:\/\/whatsapp.com\/channel\/0029Vb6IQl1JENyAeS57fk2p\" target=\"_blank\" rel=\"noreferrer noopener\">clicando aqui<\/a>.<\/p>\n<p>Fa\u00e7a uma den\u00fancia ou sugira uma reportagem sobre Ribeir\u00e3o Preto e regi\u00e3o pelo WhatsApp: 16 99117 7802.<\/p>\n<p>VEJA TAMB\u00c9M<\/p>\n<p>Qual ser\u00e1 a hist\u00f3ria da 5\u00aa temporada de \u2018Emily em Paris\u2019?<\/p>\n<p><!-- AI CONTENT END 1 -->\n<\/div>\n<\/div>\n<p><br \/>\n<br \/><a href=\"https:\/\/www.acidadeon.com\/ribeiraopreto\/cotidiano\/inmet-alerta-para-vendaval-e-baixa-umidade-no-estado-de-sp-veja-cidades\/\">Source link <\/a><\/p>\n<!-- CONTENT END 1 -->\n","protected":false},"excerpt":{"rendered":"<p>O\u00a0Inmet (Instituto Nacional de Meteorologia)\u00a0emitiu alertas para vendaval e baixa umidade no estado de S\u00e3o Paulo. S\u00e3o dois\u00a0alertas\u00a0de\u00a0baixa\u00a0umidade: um indica perigo potencial com in\u00edcio \u00e0s&#8230;<\/p>\n","protected":false},"author":1,"featured_media":76114,"comment_status":"open","ping_status":"open","sticky":false,"template":"","format":"standard","meta":{"advanced_seo_description":"","jetpack_seo_html_title":"","jetpack_seo_noindex":false,"jetpack_post_was_ever_published":false,"_jetpack_newsletter_access":"","_jetpack_dont_email_post_to_subs":false,"_jetpack_newsletter_tier_id":0,"_jetpack_memberships_contains_paywalled_content":false,"_jetpack_memberships_contains_paid_content":false,"footnotes":"","jetpack_publicize_message":"","jetpack_publicize_feature_enabled":true,"jetpack_social_post_already_shared":true,"jetpack_social_options":{"image_generator_settings":{"template":"highway","default_image_id":0,"font":"","enabled":false},"version":2}},"categories":[11],"tags":[],"class_list":["post-76113","post","type-post","status-publish","format-standard","has-post-thumbnail","hentry","category-noticias-de-ribeirao-preto-sp-e-regiao-ismael-colosi"],"jetpack_publicize_connections":[],"jetpack_featured_media_url":"https:\/\/i0.wp.com\/noticiasribeiraopreto.com.br\/wp-content\/uploads\/2025\/08\/ALERTAS_2025-08-22_14-13-49.webp.webp?fit=1200%2C907&ssl=1","jetpack-related-posts":[{"id":75949,"url":"https:\/\/noticiasribeiraopreto.com.br\/index.php\/2025\/08\/19\/com-ciclone-alerta-de-perigo-para-vendaval-atinge-interior-de-sp-veja-cidades\/","url_meta":{"origin":76113,"position":0},"title":"Com ciclone, alerta de perigo para vendaval atinge interior de SP; Veja cidades","author":"noticiasribeiraopreto.com.br","date":"19 de August de 2025","format":false,"excerpt":"O\u00a0Inmet (Instituto Nacional de Meteorologia)\u00a0publicou um alerta de \u201cperigo\u201d para vendaval no interior de S\u00e3o Paulo devido \u00e0 forma\u00e7\u00e3o de um ciclone. Cidades das regi\u00f5es oeste e noroeste do estado paulista est\u00e3o inclu\u00eddas na faixa laranja, a segunda em uma escala at\u00e9 tr\u00eas n\u00edveis de severidade. O aviso tem in\u00edcio\u2026","rel":"","context":"In &quot;Not\u00edcias de Ribeir\u00e3o Preto-SP e Regi\u00e3o&quot;","block_context":{"text":"Not\u00edcias de Ribeir\u00e3o Preto-SP e Regi\u00e3o","link":"https:\/\/noticiasribeiraopreto.com.br\/index.php\/category\/noticias-de-ribeirao-preto-sp-e-regiao-ismael-colosi\/"},"img":{"alt_text":"","src":"https:\/\/i0.wp.com\/noticiasribeiraopreto.com.br\/wp-content\/uploads\/2025\/08\/ALERTA_2025-08-19_12-08-19.webp.webp?fit=1200%2C858&ssl=1&resize=350%2C200","width":350,"height":200,"srcset":"https:\/\/i0.wp.com\/noticiasribeiraopreto.com.br\/wp-content\/uploads\/2025\/08\/ALERTA_2025-08-19_12-08-19.webp.webp?fit=1200%2C858&ssl=1&resize=350%2C200 1x, https:\/\/i0.wp.com\/noticiasribeiraopreto.com.br\/wp-content\/uploads\/2025\/08\/ALERTA_2025-08-19_12-08-19.webp.webp?fit=1200%2C858&ssl=1&resize=525%2C300 1.5x, https:\/\/i0.wp.com\/noticiasribeiraopreto.com.br\/wp-content\/uploads\/2025\/08\/ALERTA_2025-08-19_12-08-19.webp.webp?fit=1200%2C858&ssl=1&resize=700%2C400 2x, https:\/\/i0.wp.com\/noticiasribeiraopreto.com.br\/wp-content\/uploads\/2025\/08\/ALERTA_2025-08-19_12-08-19.webp.webp?fit=1200%2C858&ssl=1&resize=1050%2C600 3x"},"classes":[]},{"id":77262,"url":"https:\/\/noticiasribeiraopreto.com.br\/index.php\/2025\/09\/15\/estado-de-sp-recebe-alerta-para-tempestade-e-baixa-umidade-veja-cidades\/","url_meta":{"origin":76113,"position":1},"title":"Estado de SP recebe alerta para tempestade e baixa umidade; Veja cidades","author":"noticiasribeiraopreto.com.br","date":"15 de September de 2025","format":false,"excerpt":"O\u00a0Inmet (Instituto Nacional de Meteorologia)\u00a0publicou alerta para tempestade e baixa umidade no estado de S\u00e3o Paulo. Ribeir\u00e3o Preto e cidades da regi\u00e3o est\u00e3o inclu\u00eddas na faixa amarela, a primeira em uma escala at\u00e9 tr\u00eas n\u00edveis de severidade, que indica perigo potencial para baixa unidade do ar, com \u00edndices entre 30%\u2026","rel":"","context":"In &quot;Not\u00edcias de Ribeir\u00e3o Preto-SP e Regi\u00e3o&quot;","block_context":{"text":"Not\u00edcias de Ribeir\u00e3o Preto-SP e Regi\u00e3o","link":"https:\/\/noticiasribeiraopreto.com.br\/index.php\/category\/noticias-de-ribeirao-preto-sp-e-regiao-ismael-colosi\/"},"img":{"alt_text":"","src":"https:\/\/i0.wp.com\/noticiasribeiraopreto.com.br\/wp-content\/uploads\/2025\/09\/MAPA_2025-09-15_15-45-17.webp.webp?fit=1200%2C778&ssl=1&resize=350%2C200","width":350,"height":200,"srcset":"https:\/\/i0.wp.com\/noticiasribeiraopreto.com.br\/wp-content\/uploads\/2025\/09\/MAPA_2025-09-15_15-45-17.webp.webp?fit=1200%2C778&ssl=1&resize=350%2C200 1x, https:\/\/i0.wp.com\/noticiasribeiraopreto.com.br\/wp-content\/uploads\/2025\/09\/MAPA_2025-09-15_15-45-17.webp.webp?fit=1200%2C778&ssl=1&resize=525%2C300 1.5x, https:\/\/i0.wp.com\/noticiasribeiraopreto.com.br\/wp-content\/uploads\/2025\/09\/MAPA_2025-09-15_15-45-17.webp.webp?fit=1200%2C778&ssl=1&resize=700%2C400 2x, https:\/\/i0.wp.com\/noticiasribeiraopreto.com.br\/wp-content\/uploads\/2025\/09\/MAPA_2025-09-15_15-45-17.webp.webp?fit=1200%2C778&ssl=1&resize=1050%2C600 3x"},"classes":[]},{"id":75725,"url":"https:\/\/noticiasribeiraopreto.com.br\/index.php\/2025\/08\/14\/inmet-publica-alerta-de-grande-perigo-veja-cidades-afetadas-no-interior-de-sp\/","url_meta":{"origin":76113,"position":2},"title":"Inmet publica alerta de grande perigo; Veja cidades afetadas no interior de SP","author":"noticiasribeiraopreto.com.br","date":"14 de August de 2025","format":false,"excerpt":"O\u00a0Inmet (Instituto Nacional de Meteorologia)\u00a0emitiu um alerta de \u201cgrande perigo\u201d para baixa umidade no interior de S\u00e3o Paulo. Cidades da regi\u00e3o oeste e noroeste foram inclu\u00eddas na faixa vermelha, a mais extrema em uma escala at\u00e9 tr\u00eas n\u00edveis de severidade. Clique aqui\u00a0e veja todos os munic\u00edpios. Tamb\u00e9m no estado de\u2026","rel":"","context":"In &quot;Not\u00edcias de Ribeir\u00e3o Preto-SP e Regi\u00e3o&quot;","block_context":{"text":"Not\u00edcias de Ribeir\u00e3o Preto-SP e Regi\u00e3o","link":"https:\/\/noticiasribeiraopreto.com.br\/index.php\/category\/noticias-de-ribeirao-preto-sp-e-regiao-ismael-colosi\/"},"img":{"alt_text":"","src":"https:\/\/i0.wp.com\/noticiasribeiraopreto.com.br\/wp-content\/uploads\/2025\/08\/ALERTA_2025-08-14_14-33-38.webp.webp?fit=1200%2C899&ssl=1&resize=350%2C200","width":350,"height":200,"srcset":"https:\/\/i0.wp.com\/noticiasribeiraopreto.com.br\/wp-content\/uploads\/2025\/08\/ALERTA_2025-08-14_14-33-38.webp.webp?fit=1200%2C899&ssl=1&resize=350%2C200 1x, https:\/\/i0.wp.com\/noticiasribeiraopreto.com.br\/wp-content\/uploads\/2025\/08\/ALERTA_2025-08-14_14-33-38.webp.webp?fit=1200%2C899&ssl=1&resize=525%2C300 1.5x, https:\/\/i0.wp.com\/noticiasribeiraopreto.com.br\/wp-content\/uploads\/2025\/08\/ALERTA_2025-08-14_14-33-38.webp.webp?fit=1200%2C899&ssl=1&resize=700%2C400 2x, https:\/\/i0.wp.com\/noticiasribeiraopreto.com.br\/wp-content\/uploads\/2025\/08\/ALERTA_2025-08-14_14-33-38.webp.webp?fit=1200%2C899&ssl=1&resize=1050%2C600 3x"},"classes":[]},{"id":54525,"url":"https:\/\/noticiasribeiraopreto.com.br\/index.php\/2024\/07\/11\/inmet-emite-aviso-de-perigo-potencial-por-baixa-umidade-do-ar-para-cidades-do-interior-de-sp\/","url_meta":{"origin":76113,"position":3},"title":"Inmet emite aviso de perigo potencial por baixa umidade do ar para cidades do interior de SP","author":"noticiasribeiraopreto.com.br","date":"11 de July de 2024","format":false,"excerpt":"O Inmet (Instituto Nacional de Meteorologia) emitiu um novo aviso de perigo potencial por baixa umidade do ar para cidades do interior de S\u00e3o Paulo, entre elas, Ribeir\u00e3o Preto. O alerta \u00e9 v\u00e1lido das 11 \u00e0s 19h desta sexta-feira (12). Com o estado de aten\u00e7\u00e3o, por conta da umidade do\u2026","rel":"","context":"In &quot;Not\u00edcias de Ribeir\u00e3o Preto-SP e Regi\u00e3o&quot;","block_context":{"text":"Not\u00edcias de Ribeir\u00e3o Preto-SP e Regi\u00e3o","link":"https:\/\/noticiasribeiraopreto.com.br\/index.php\/category\/noticias-de-ribeirao-preto-sp-e-regiao-ismael-colosi\/"},"img":{"alt_text":"","src":"https:\/\/i0.wp.com\/noticiasribeiraopreto.com.br\/wp-content\/uploads\/2024\/07\/Copia-de-Copia-de-TAMANHO-EXATO-PARA-FOTOS-NO-SISTEMA-NOVO-6_2024-07-12_00-24-49_jpg_2024-07-12_00-24-49.webp.webp?fit=1200%2C675&ssl=1&resize=350%2C200","width":350,"height":200,"srcset":"https:\/\/i0.wp.com\/noticiasribeiraopreto.com.br\/wp-content\/uploads\/2024\/07\/Copia-de-Copia-de-TAMANHO-EXATO-PARA-FOTOS-NO-SISTEMA-NOVO-6_2024-07-12_00-24-49_jpg_2024-07-12_00-24-49.webp.webp?fit=1200%2C675&ssl=1&resize=350%2C200 1x, https:\/\/i0.wp.com\/noticiasribeiraopreto.com.br\/wp-content\/uploads\/2024\/07\/Copia-de-Copia-de-TAMANHO-EXATO-PARA-FOTOS-NO-SISTEMA-NOVO-6_2024-07-12_00-24-49_jpg_2024-07-12_00-24-49.webp.webp?fit=1200%2C675&ssl=1&resize=525%2C300 1.5x, https:\/\/i0.wp.com\/noticiasribeiraopreto.com.br\/wp-content\/uploads\/2024\/07\/Copia-de-Copia-de-TAMANHO-EXATO-PARA-FOTOS-NO-SISTEMA-NOVO-6_2024-07-12_00-24-49_jpg_2024-07-12_00-24-49.webp.webp?fit=1200%2C675&ssl=1&resize=700%2C400 2x, https:\/\/i0.wp.com\/noticiasribeiraopreto.com.br\/wp-content\/uploads\/2024\/07\/Copia-de-Copia-de-TAMANHO-EXATO-PARA-FOTOS-NO-SISTEMA-NOVO-6_2024-07-12_00-24-49_jpg_2024-07-12_00-24-49.webp.webp?fit=1200%2C675&ssl=1&resize=1050%2C600 3x"},"classes":[]},{"id":74465,"url":"https:\/\/noticiasribeiraopreto.com.br\/index.php\/2025\/07\/23\/alerta-de-perigo-potencial-e-emitido-para-o-interior-de-sp-veja-cidades\/","url_meta":{"origin":76113,"position":4},"title":"Alerta de perigo potencial \u00e9 emitido para o interior de SP; Veja cidades","author":"noticiasribeiraopreto.com.br","date":"23 de July de 2025","format":false,"excerpt":"O Inmet (Instituto Nacional de Meteorologia) publicou \u00a0um alerta de \u201cperigo potencial\u201d para baixa umidade no interior de S\u00e3o Paulo. Ribeir\u00e3o Preto e cidades da regi\u00e3o est\u00e3o inclu\u00eddas na faixa amarela, a primeira em uma escala at\u00e9 tr\u00eas n\u00edveis de severidade, que abrange parte do estado paulista. O aviso teve\u2026","rel":"","context":"In &quot;Not\u00edcias de Ribeir\u00e3o Preto-SP e Regi\u00e3o&quot;","block_context":{"text":"Not\u00edcias de Ribeir\u00e3o Preto-SP e Regi\u00e3o","link":"https:\/\/noticiasribeiraopreto.com.br\/index.php\/category\/noticias-de-ribeirao-preto-sp-e-regiao-ismael-colosi\/"},"img":{"alt_text":"","src":"https:\/\/i0.wp.com\/noticiasribeiraopreto.com.br\/wp-content\/uploads\/2025\/07\/20230711_174150-scaled.jpg?fit=1200%2C540&ssl=1&resize=350%2C200","width":350,"height":200,"srcset":"https:\/\/i0.wp.com\/noticiasribeiraopreto.com.br\/wp-content\/uploads\/2025\/07\/20230711_174150-scaled.jpg?fit=1200%2C540&ssl=1&resize=350%2C200 1x, https:\/\/i0.wp.com\/noticiasribeiraopreto.com.br\/wp-content\/uploads\/2025\/07\/20230711_174150-scaled.jpg?fit=1200%2C540&ssl=1&resize=525%2C300 1.5x, https:\/\/i0.wp.com\/noticiasribeiraopreto.com.br\/wp-content\/uploads\/2025\/07\/20230711_174150-scaled.jpg?fit=1200%2C540&ssl=1&resize=700%2C400 2x, https:\/\/i0.wp.com\/noticiasribeiraopreto.com.br\/wp-content\/uploads\/2025\/07\/20230711_174150-scaled.jpg?fit=1200%2C540&ssl=1&resize=1050%2C600 3x"},"classes":[]},{"id":75653,"url":"https:\/\/noticiasribeiraopreto.com.br\/index.php\/2025\/08\/13\/alerta-de-perigo-e-emitido-para-o-interior-de-sp-veja-cidades-afetadas\/","url_meta":{"origin":76113,"position":5},"title":"Alerta de perigo \u00e9 emitido para o interior de SP; Veja cidades afetadas","author":"noticiasribeiraopreto.com.br","date":"13 de August de 2025","format":false,"excerpt":"O\u00a0Inmet (Instituto Nacional de Meteorologia)\u00a0emitiu um alerta de \u201cperigo\u201d para baixa umidade no interior de S\u00e3o Paulo. Ribeir\u00e3o Preto e cidades da regi\u00e3o foram inclu\u00eddas na faixa laranja, a segunda em uma escala at\u00e9 tr\u00eas n\u00edveis de severidade, que abrange parte do estado paulista. O aviso tem in\u00edcio \u00e0s 12h\u2026","rel":"","context":"In &quot;Not\u00edcias de Ribeir\u00e3o Preto-SP e Regi\u00e3o&quot;","block_context":{"text":"Not\u00edcias de Ribeir\u00e3o Preto-SP e Regi\u00e3o","link":"https:\/\/noticiasribeiraopreto.com.br\/index.php\/category\/noticias-de-ribeirao-preto-sp-e-regiao-ismael-colosi\/"},"img":{"alt_text":"","src":"https:\/\/i0.wp.com\/noticiasribeiraopreto.com.br\/wp-content\/uploads\/2025\/08\/BAIXA-UMIDADE_2025-08-13_14-56-37.webp.webp?fit=1200%2C819&ssl=1&resize=350%2C200","width":350,"height":200,"srcset":"https:\/\/i0.wp.com\/noticiasribeiraopreto.com.br\/wp-content\/uploads\/2025\/08\/BAIXA-UMIDADE_2025-08-13_14-56-37.webp.webp?fit=1200%2C819&ssl=1&resize=350%2C200 1x, https:\/\/i0.wp.com\/noticiasribeiraopreto.com.br\/wp-content\/uploads\/2025\/08\/BAIXA-UMIDADE_2025-08-13_14-56-37.webp.webp?fit=1200%2C819&ssl=1&resize=525%2C300 1.5x, https:\/\/i0.wp.com\/noticiasribeiraopreto.com.br\/wp-content\/uploads\/2025\/08\/BAIXA-UMIDADE_2025-08-13_14-56-37.webp.webp?fit=1200%2C819&ssl=1&resize=700%2C400 2x, https:\/\/i0.wp.com\/noticiasribeiraopreto.com.br\/wp-content\/uploads\/2025\/08\/BAIXA-UMIDADE_2025-08-13_14-56-37.webp.webp?fit=1200%2C819&ssl=1&resize=1050%2C600 3x"},"classes":[]}],"jetpack_sharing_enabled":true,"jetpack_shortlink":"https:\/\/wp.me\/peQAOb-jND","_links":{"self":[{"href":"https:\/\/noticiasribeiraopreto.com.br\/index.php\/wp-json\/wp\/v2\/posts\/76113","targetHints":{"allow":["GET"]}}],"collection":[{"href":"https:\/\/noticiasribeiraopreto.com.br\/index.php\/wp-json\/wp\/v2\/posts"}],"about":[{"href":"https:\/\/noticiasribeiraopreto.com.br\/index.php\/wp-json\/wp\/v2\/types\/post"}],"author":[{"embeddable":true,"href":"https:\/\/noticiasribeiraopreto.com.br\/index.php\/wp-json\/wp\/v2\/users\/1"}],"replies":[{"embeddable":true,"href":"https:\/\/noticiasribeiraopreto.com.br\/index.php\/wp-json\/wp\/v2\/comments?post=76113"}],"version-history":[{"count":0,"href":"https:\/\/noticiasribeiraopreto.com.br\/index.php\/wp-json\/wp\/v2\/posts\/76113\/revisions"}],"wp:featuredmedia":[{"embeddable":true,"href":"https:\/\/noticiasribeiraopreto.com.br\/index.php\/wp-json\/wp\/v2\/media\/76114"}],"wp:attachment":[{"href":"https:\/\/noticiasribeiraopreto.com.br\/index.php\/wp-json\/wp\/v2\/media?parent=76113"}],"wp:term":[{"taxonomy":"category","embeddable":true,"href":"https:\/\/noticiasribeiraopreto.com.br\/index.php\/wp-json\/wp\/v2\/categories?post=76113"},{"taxonomy":"post_tag","embeddable":true,"href":"https:\/\/noticiasribeiraopreto.com.br\/index.php\/wp-json\/wp\/v2\/tags?post=76113"}],"curies":[{"name":"wp","href":"https:\/\/api.w.org\/{rel}","templated":true}]}}