{"id":76115,"date":"2025-08-22T12:28:33","date_gmt":"2025-08-22T15:28:33","guid":{"rendered":"https:\/\/noticiasribeiraopreto.com.br\/index.php\/2025\/08\/22\/hc-de-ribeirao-preto-abre-concurso-publico-com-salarios-de-ate-r-59-mil\/"},"modified":"2025-08-22T12:28:33","modified_gmt":"2025-08-22T15:28:33","slug":"hc-de-ribeirao-preto-abre-concurso-publico-com-salarios-de-ate-r-59-mil","status":"publish","type":"post","link":"https:\/\/noticiasribeiraopreto.com.br\/index.php\/2025\/08\/22\/hc-de-ribeirao-preto-abre-concurso-publico-com-salarios-de-ate-r-59-mil\/","title":{"rendered":"HC de Ribeir\u00e3o Preto abre concurso p\u00fablico com sal\u00e1rios de at\u00e9 R$ 5,9 mil"},"content":{"rendered":"<div class='code-block code-block-1' style='margin: 8px 0 8px auto; text-align: right; display: block; clear: both;'>\n<p><a href=\"https:\/\/wa.link\/vpicfd\"><img data-recalc-dims=\"1\" class=\"wp-image-4922\" style=\"aspect-ratio: 2.0253164556962027; width: 561px; height: auto;\" src=\"https:\/\/i0.wp.com\/ismaelcolosi.com.br\/wp-content\/uploads\/2023\/11\/grupo-de-empregos-whatsapp-e-facebook-ismael-colosi-vagas.jpg?ssl=1\" alt=\"\" \/><\/a><\/p>\n<!-- \/wp:image -->\n<\/div>\n<p> <br \/>\n<\/p>\n<div data-td-block-uid=\"tdi_95\">\n<div class=\"tdb-block-inner td-fix-index\">\n<p>O <strong><a href=\"https:\/\/site.hcrp.usp.br\/\" data-type=\"link\" data-id=\"https:\/\/site.hcrp.usp.br\/\" target=\"_blank\" rel=\"noopener\">HC-RP (Hospital das Cl\u00ednicas de Ribeir\u00e3o Preto) <\/a><\/strong>publicou nove editais de <strong>concurso p\u00fablico<\/strong> nesta sexta-feira (22).<mark style=\"background-color:#fcb900\" class=\"has-inline-color has-black-color\"> Os sal\u00e1rios para os cargos variam entre R$ 2,9 mil e R$ 5,9 mil para jornadas entre 20 e 30 horas semanais.<\/mark><\/p>\n<p>As inscri\u00e7\u00f5es dever\u00e3o ser realizadas somente pela Internet, no site do HC-RP <a href=\"https:\/\/site.hcrp.usp.br\/\" data-type=\"link\" data-id=\"https:\/\/site.hcrp.usp.br\/\" target=\"_blank\" rel=\"noopener\">(clique aqui)<\/a>, no per\u00edodo das 0h de 25 de agosto de 2025 \u00e0s 14h de 12 de setembro de 2025. A taxa de inscri\u00e7\u00e3o custa R$ 122,17.<\/p>\n<h2 class=\"wp-block-heading\"><strong>Veja as vagas<\/strong><\/h2>\n<p>M\u00e9dico I \u2013 Unidade de Terapia Intensiva Campus \u2013 <a href=\"https:\/\/www.doe.sp.gov.br\/executivo\/secretaria-da-saude\/abertura-concurso-n-49-2025-de-21-de-agosto-de-2025-202508211334223671285570\" data-type=\"link\" data-id=\"https:\/\/www.doe.sp.gov.br\/executivo\/secretaria-da-saude\/abertura-concurso-n-49-2025-de-21-de-agosto-de-2025-202508211334223671285570\" target=\"_blank\" rel=\"noopener\">veja o edital<\/a><\/p>\n<p>Agente t\u00e9cnico de assist\u00eancia \u00e0 sa\u00fade (terapeuta ocupacional) \u2013 <a href=\"https:\/\/www.doe.sp.gov.br\/executivo\/secretaria-da-saude\/abertura-concurso-n-50-2025-de-21-de-agosto-de-2025-202508211334223671285619\" data-type=\"link\" data-id=\"https:\/\/www.doe.sp.gov.br\/executivo\/secretaria-da-saude\/abertura-concurso-n-50-2025-de-21-de-agosto-de-2025-202508211334223671285619\" target=\"_blank\" rel=\"noopener\">veja o edital<\/a><\/p>\n<p>M\u00e9dico I \u2013 Oncologista\/Hematologista \u2013 <a href=\"https:\/\/www.doe.sp.gov.br\/executivo\/secretaria-da-saude\/abertura-concurso-n-51-2025-de-21-de-agosto-de-2025-202508211334223671285849\" data-type=\"link\" data-id=\"https:\/\/www.doe.sp.gov.br\/executivo\/secretaria-da-saude\/abertura-concurso-n-51-2025-de-21-de-agosto-de-2025-202508211334223671285849\" target=\"_blank\" rel=\"noopener\">veja o edital<\/a><\/p>\n<p>M\u00e9dico I \u2013 Psiquiatra \u2013 \u00c1reas de emerg\u00eancias psiqui\u00e1tricas \u2013<a href=\"https:\/\/www.doe.sp.gov.br\/executivo\/secretaria-da-saude\/abertura-concurso-n-52-2025-de-21-de-agosto-de-2025-202508211334223671285883\" data-type=\"link\" data-id=\"https:\/\/www.doe.sp.gov.br\/executivo\/secretaria-da-saude\/abertura-concurso-n-52-2025-de-21-de-agosto-de-2025-202508211334223671285883\" target=\"_blank\" rel=\"noopener\"> veja o edital<\/a><\/p>\n<p>M\u00e9dico I \u2013 Geriatria \u2013 <a href=\"https:\/\/www.doe.sp.gov.br\/executivo\/secretaria-da-saude\/abertura-concurso-n-53-2025-de-21-de-agosto-de-2025-202508211334223671285907\" data-type=\"link\" data-id=\"https:\/\/www.doe.sp.gov.br\/executivo\/secretaria-da-saude\/abertura-concurso-n-53-2025-de-21-de-agosto-de-2025-202508211334223671285907\" target=\"_blank\" rel=\"noopener\">veja o edital<\/a><\/p>\n<p>Agente t\u00e9cnico de assist\u00eancia \u00e0 sa\u00fade (fonoaudi\u00f3logo) \u2013 <a href=\"https:\/\/www.doe.sp.gov.br\/executivo\/secretaria-da-saude\/abertura-concurso-n-54-2025-de-21-de-agosto-de-2025-202508211334223671285934\" data-type=\"link\" data-id=\"https:\/\/www.doe.sp.gov.br\/executivo\/secretaria-da-saude\/abertura-concurso-n-54-2025-de-21-de-agosto-de-2025-202508211334223671285934\" target=\"_blank\" rel=\"noopener\">veja o edital<\/a><\/p>\n<p>Agente t\u00e9cnico de assist\u00eancia \u00e0 sa\u00fade (fisioterapeuta) \u2013 <a href=\"https:\/\/www.doe.sp.gov.br\/executivo\/secretaria-da-saude\/abertura-concurso-n-55-2025-de-21-de-agosto-de-2025-202508211334223671285957\" data-type=\"link\" data-id=\"https:\/\/www.doe.sp.gov.br\/executivo\/secretaria-da-saude\/abertura-concurso-n-55-2025-de-21-de-agosto-de-2025-202508211334223671285957\" target=\"_blank\" rel=\"noopener\">veja o edital<\/a><\/p>\n<p>M\u00e9dico I \u2013 Cl\u00ednica Cir\u00fargica (diagn\u00f3stico e tratamento endosc\u00f3pico) \u2013 <a href=\"https:\/\/www.doe.sp.gov.br\/executivo\/secretaria-da-saude\/abertura-concurso-n-60-2025-de-21-de-agosto-de-2025-202508211334223671286042\" data-type=\"link\" data-id=\"https:\/\/www.doe.sp.gov.br\/executivo\/secretaria-da-saude\/abertura-concurso-n-60-2025-de-21-de-agosto-de-2025-202508211334223671286042\" target=\"_blank\" rel=\"noopener\">veja o edital<\/a><\/p>\n<p>M\u00e9dico I \u2013 Cl\u00ednica Cir\u00fargica (oncologia cir\u00fargica) \u2013 <a href=\"https:\/\/www.doe.sp.gov.br\/executivo\/secretaria-da-saude\/abertura-concurso-n-61-2025-de-21-de-agosto-de-2025-202508211334223671286086\" data-type=\"link\" data-id=\"https:\/\/www.doe.sp.gov.br\/executivo\/secretaria-da-saude\/abertura-concurso-n-61-2025-de-21-de-agosto-de-2025-202508211334223671286086\" target=\"_blank\" rel=\"noopener\">veja o edital<\/a><\/p>\n<p>Os editais podem ser conferidos na edi\u00e7\u00e3o desta sexta-feira do <strong>Di\u00e1rio Oficial do Estado<\/strong> (<a href=\"https:\/\/www.doe.sp.gov.br\/\" data-type=\"link\" data-id=\"https:\/\/www.doe.sp.gov.br\/\" target=\"_blank\" rel=\"noopener\">clique aqui<\/a>).<\/p>\n<p><!-- AI CONTENT END 1 -->\n<\/div>\n<\/div>\n<p><br \/>\n<br \/><a href=\"https:\/\/www.acidadeon.com\/ribeiraopreto\/economia\/hc-de-ribeirao-preto-abre-concurso-publico-com-salarios-de-ate-r-59-mil\/\">Source link <\/a><\/p>\n<!-- CONTENT END 1 -->\n","protected":false},"excerpt":{"rendered":"<p>O HC-RP (Hospital das Cl\u00ednicas de Ribeir\u00e3o Preto) publicou nove editais de concurso p\u00fablico nesta sexta-feira (22). Os sal\u00e1rios para os cargos variam entre R$&#8230;<\/p>\n","protected":false},"author":1,"featured_media":76116,"comment_status":"open","ping_status":"open","sticky":false,"template":"","format":"standard","meta":{"advanced_seo_description":"","jetpack_seo_html_title":"","jetpack_seo_noindex":false,"jetpack_post_was_ever_published":false,"_jetpack_newsletter_access":"","_jetpack_dont_email_post_to_subs":false,"_jetpack_newsletter_tier_id":0,"_jetpack_memberships_contains_paywalled_content":false,"_jetpack_memberships_contains_paid_content":false,"footnotes":"","jetpack_publicize_message":"","jetpack_publicize_feature_enabled":true,"jetpack_social_post_already_shared":true,"jetpack_social_options":{"image_generator_settings":{"template":"highway","default_image_id":0,"font":"","enabled":false},"version":2}},"categories":[11],"tags":[],"class_list":["post-76115","post","type-post","status-publish","format-standard","has-post-thumbnail","hentry","category-noticias-de-ribeirao-preto-sp-e-regiao-ismael-colosi"],"jetpack_publicize_connections":[],"jetpack_featured_media_url":"https:\/\/i0.wp.com\/noticiasribeiraopreto.com.br\/wp-content\/uploads\/2025\/08\/hc-ribeirao-preto_2024-09-19_13-13-53_jpg_2024-09-19_13-13-53.webp.webp?fit=1213%2C872&ssl=1","jetpack-related-posts":[{"id":84625,"url":"https:\/\/noticiasribeiraopreto.com.br\/index.php\/2026\/04\/13\/hc-ribeirao-preto-abre-tres-concursos-publicos-com-salarios-de-ate-r-59-mil\/","url_meta":{"origin":76115,"position":0},"title":"HC Ribeir\u00e3o Preto abre tr\u00eas concursos p\u00fablicos com sal\u00e1rios de at\u00e9 R$ 5,9 mil","author":"noticiasribeiraopreto.com.br","date":"13 de April de 2026","format":false,"excerpt":"Ler o resumo da not\u00edcia HC de Ribeir\u00e3o Preto abre tr\u00eas concursos p\u00fablicos com sal\u00e1rios entre R$ 2,9 mil e R$ 5,9 mil. As inscri\u00e7\u00f5es ser\u00e3o realizadas pela internet a partir de segunda-feira (13) at\u00e9 30 de abril. Os editais oferecem vagas para diferentes cargos no hospital de Ribeir\u00e3o Preto.\u2026","rel":"","context":"In &quot;Not\u00edcias de Ribeir\u00e3o Preto-SP e Regi\u00e3o&quot;","block_context":{"text":"Not\u00edcias de Ribeir\u00e3o Preto-SP e Regi\u00e3o","link":"https:\/\/noticiasribeiraopreto.com.br\/index.php\/category\/noticias-de-ribeirao-preto-sp-e-regiao-ismael-colosi\/"},"img":{"alt_text":"","src":"https:\/\/i0.wp.com\/noticiasribeiraopreto.com.br\/wp-content\/uploads\/2025\/01\/Copia-de-Copia-de-TAMANHO-EXATO-PARA-FOTOS-NO-SISTEMA-NOVO_2024-07-10_14-29-47_jpg_2024-07-10_14-29-47.webp.webp?fit=1200%2C675&ssl=1&resize=350%2C200","width":350,"height":200,"srcset":"https:\/\/i0.wp.com\/noticiasribeiraopreto.com.br\/wp-content\/uploads\/2025\/01\/Copia-de-Copia-de-TAMANHO-EXATO-PARA-FOTOS-NO-SISTEMA-NOVO_2024-07-10_14-29-47_jpg_2024-07-10_14-29-47.webp.webp?fit=1200%2C675&ssl=1&resize=350%2C200 1x, https:\/\/i0.wp.com\/noticiasribeiraopreto.com.br\/wp-content\/uploads\/2025\/01\/Copia-de-Copia-de-TAMANHO-EXATO-PARA-FOTOS-NO-SISTEMA-NOVO_2024-07-10_14-29-47_jpg_2024-07-10_14-29-47.webp.webp?fit=1200%2C675&ssl=1&resize=525%2C300 1.5x, https:\/\/i0.wp.com\/noticiasribeiraopreto.com.br\/wp-content\/uploads\/2025\/01\/Copia-de-Copia-de-TAMANHO-EXATO-PARA-FOTOS-NO-SISTEMA-NOVO_2024-07-10_14-29-47_jpg_2024-07-10_14-29-47.webp.webp?fit=1200%2C675&ssl=1&resize=700%2C400 2x, https:\/\/i0.wp.com\/noticiasribeiraopreto.com.br\/wp-content\/uploads\/2025\/01\/Copia-de-Copia-de-TAMANHO-EXATO-PARA-FOTOS-NO-SISTEMA-NOVO_2024-07-10_14-29-47_jpg_2024-07-10_14-29-47.webp.webp?fit=1200%2C675&ssl=1&resize=1050%2C600 3x"},"classes":[]},{"id":81605,"url":"https:\/\/noticiasribeiraopreto.com.br\/index.php\/2026\/01\/11\/hc-ribeirao-preto-abre-concurso-publico-com-salarios-de-r-59-mil\/","url_meta":{"origin":76115,"position":1},"title":"HC Ribeir\u00e3o Preto abre concurso p\u00fablico com sal\u00e1rios de R$ 5,9 mil","author":"noticiasribeiraopreto.com.br","date":"11 de January de 2026","format":false,"excerpt":"O HC-RP (Hospital das Cl\u00ednicas de Ribeir\u00e3o Preto) publicou tr\u00eas editais de concurso p\u00fablico para o cargo de m\u00e9dico. Os sal\u00e1rios s\u00e3o de R$ 5.979,93 para jornadas de 20 horas semanais. As inscri\u00e7\u00f5es devem ser realizadas pela internet (clique aqui) no per\u00edodo entre 12 e 30 de janeiro de 2026.\u2026","rel":"","context":"In &quot;Not\u00edcias de Ribeir\u00e3o Preto-SP e Regi\u00e3o&quot;","block_context":{"text":"Not\u00edcias de Ribeir\u00e3o Preto-SP e Regi\u00e3o","link":"https:\/\/noticiasribeiraopreto.com.br\/index.php\/category\/noticias-de-ribeirao-preto-sp-e-regiao-ismael-colosi\/"},"img":{"alt_text":"","src":"https:\/\/i0.wp.com\/noticiasribeiraopreto.com.br\/wp-content\/uploads\/2025\/09\/Copia-de-Copia-de-TAMANHO-EXATO-PARA-FOTOS-NO-SISTEMA-NOVO_2024-07-10_14-29-47_jpg_2024-07-10_14-29-47-1068x601-4.webp.webp?fit=1068%2C601&ssl=1&resize=350%2C200","width":350,"height":200,"srcset":"https:\/\/i0.wp.com\/noticiasribeiraopreto.com.br\/wp-content\/uploads\/2025\/09\/Copia-de-Copia-de-TAMANHO-EXATO-PARA-FOTOS-NO-SISTEMA-NOVO_2024-07-10_14-29-47_jpg_2024-07-10_14-29-47-1068x601-4.webp.webp?fit=1068%2C601&ssl=1&resize=350%2C200 1x, https:\/\/i0.wp.com\/noticiasribeiraopreto.com.br\/wp-content\/uploads\/2025\/09\/Copia-de-Copia-de-TAMANHO-EXATO-PARA-FOTOS-NO-SISTEMA-NOVO_2024-07-10_14-29-47_jpg_2024-07-10_14-29-47-1068x601-4.webp.webp?fit=1068%2C601&ssl=1&resize=525%2C300 1.5x, https:\/\/i0.wp.com\/noticiasribeiraopreto.com.br\/wp-content\/uploads\/2025\/09\/Copia-de-Copia-de-TAMANHO-EXATO-PARA-FOTOS-NO-SISTEMA-NOVO_2024-07-10_14-29-47_jpg_2024-07-10_14-29-47-1068x601-4.webp.webp?fit=1068%2C601&ssl=1&resize=700%2C400 2x, https:\/\/i0.wp.com\/noticiasribeiraopreto.com.br\/wp-content\/uploads\/2025\/09\/Copia-de-Copia-de-TAMANHO-EXATO-PARA-FOTOS-NO-SISTEMA-NOVO_2024-07-10_14-29-47_jpg_2024-07-10_14-29-47-1068x601-4.webp.webp?fit=1068%2C601&ssl=1&resize=1050%2C600 3x"},"classes":[]},{"id":76505,"url":"https:\/\/noticiasribeiraopreto.com.br\/index.php\/2025\/08\/30\/hc-de-ribeirao-abre-concursos-com-salarios-de-ate-r-59-mil\/","url_meta":{"origin":76115,"position":2},"title":"HC de Ribeir\u00e3o abre concursos com sal\u00e1rios de at\u00e9 R$ 5,9 mil","author":"noticiasribeiraopreto.com.br","date":"30 de August de 2025","format":false,"excerpt":"O HC (Hospital das Cl\u00ednicas) de Ribeir\u00e3o Preto publicou novos editais de concurso p\u00fablico para contrata\u00e7\u00e3o de profissionais de ensino m\u00e9dio e superior. As oportunidades s\u00e3o para os cargos de m\u00e9dico e t\u00e9cnico de laborat\u00f3rio em diferentes \u00e1reas (veja abaixo). Os sal\u00e1rios variam entre R$ 2,6 mil e R$ 5,9\u2026","rel":"","context":"In &quot;Not\u00edcias de Ribeir\u00e3o Preto-SP e Regi\u00e3o&quot;","block_context":{"text":"Not\u00edcias de Ribeir\u00e3o Preto-SP e Regi\u00e3o","link":"https:\/\/noticiasribeiraopreto.com.br\/index.php\/category\/noticias-de-ribeirao-preto-sp-e-regiao-ismael-colosi\/"},"img":{"alt_text":"","src":"https:\/\/i0.wp.com\/noticiasribeiraopreto.com.br\/wp-content\/uploads\/2025\/07\/Copia-de-Copia-de-TAMANHO-EXATO-PARA-FOTOS-NO-SISTEMA-NOVO_2024-07-10_14-29-47_jpg_2024-07-10_14-29-47.webp.webp?fit=1200%2C675&ssl=1&resize=350%2C200","width":350,"height":200,"srcset":"https:\/\/i0.wp.com\/noticiasribeiraopreto.com.br\/wp-content\/uploads\/2025\/07\/Copia-de-Copia-de-TAMANHO-EXATO-PARA-FOTOS-NO-SISTEMA-NOVO_2024-07-10_14-29-47_jpg_2024-07-10_14-29-47.webp.webp?fit=1200%2C675&ssl=1&resize=350%2C200 1x, https:\/\/i0.wp.com\/noticiasribeiraopreto.com.br\/wp-content\/uploads\/2025\/07\/Copia-de-Copia-de-TAMANHO-EXATO-PARA-FOTOS-NO-SISTEMA-NOVO_2024-07-10_14-29-47_jpg_2024-07-10_14-29-47.webp.webp?fit=1200%2C675&ssl=1&resize=525%2C300 1.5x, https:\/\/i0.wp.com\/noticiasribeiraopreto.com.br\/wp-content\/uploads\/2025\/07\/Copia-de-Copia-de-TAMANHO-EXATO-PARA-FOTOS-NO-SISTEMA-NOVO_2024-07-10_14-29-47_jpg_2024-07-10_14-29-47.webp.webp?fit=1200%2C675&ssl=1&resize=700%2C400 2x, https:\/\/i0.wp.com\/noticiasribeiraopreto.com.br\/wp-content\/uploads\/2025\/07\/Copia-de-Copia-de-TAMANHO-EXATO-PARA-FOTOS-NO-SISTEMA-NOVO_2024-07-10_14-29-47_jpg_2024-07-10_14-29-47.webp.webp?fit=1200%2C675&ssl=1&resize=1050%2C600 3x"},"classes":[]},{"id":77530,"url":"https:\/\/noticiasribeiraopreto.com.br\/index.php\/2025\/09\/20\/hospital-das-clinicas-abre-concurso-com-salarios-de-ate-r-59-mil-veja-vagas\/","url_meta":{"origin":76115,"position":3},"title":"Hospital das Cl\u00ednicas abre concurso com sal\u00e1rios de at\u00e9 R$ 5,9 mil; Veja vagas","author":"noticiasribeiraopreto.com.br","date":"20 de September de 2025","format":false,"excerpt":"O HC (Hospital das Cl\u00ednicas) de Ribeir\u00e3o Preto publicou tr\u00eas editais de concursos p\u00fablicos que pretendem contratar profissionais de n\u00edvel superior. Os sal\u00e1rios para as fun\u00e7\u00f5es variam entre R$ 2,9 mil e R$ 5,9 mil para jornadas de 20 horas e 30 horas \u2013 confira as oportunidades abaixo. Como se\u2026","rel":"","context":"In &quot;Not\u00edcias de Ribeir\u00e3o Preto-SP e Regi\u00e3o&quot;","block_context":{"text":"Not\u00edcias de Ribeir\u00e3o Preto-SP e Regi\u00e3o","link":"https:\/\/noticiasribeiraopreto.com.br\/index.php\/category\/noticias-de-ribeirao-preto-sp-e-regiao-ismael-colosi\/"},"img":{"alt_text":"","src":"https:\/\/i0.wp.com\/noticiasribeiraopreto.com.br\/wp-content\/uploads\/2025\/09\/Copia-de-Copia-de-TAMANHO-EXATO-PARA-FOTOS-NO-SISTEMA-NOVO_2024-07-10_14-29-47_jpg_2024-07-10_14-29-47-1068x601-4.webp.webp?fit=1068%2C601&ssl=1&resize=350%2C200","width":350,"height":200,"srcset":"https:\/\/i0.wp.com\/noticiasribeiraopreto.com.br\/wp-content\/uploads\/2025\/09\/Copia-de-Copia-de-TAMANHO-EXATO-PARA-FOTOS-NO-SISTEMA-NOVO_2024-07-10_14-29-47_jpg_2024-07-10_14-29-47-1068x601-4.webp.webp?fit=1068%2C601&ssl=1&resize=350%2C200 1x, https:\/\/i0.wp.com\/noticiasribeiraopreto.com.br\/wp-content\/uploads\/2025\/09\/Copia-de-Copia-de-TAMANHO-EXATO-PARA-FOTOS-NO-SISTEMA-NOVO_2024-07-10_14-29-47_jpg_2024-07-10_14-29-47-1068x601-4.webp.webp?fit=1068%2C601&ssl=1&resize=525%2C300 1.5x, https:\/\/i0.wp.com\/noticiasribeiraopreto.com.br\/wp-content\/uploads\/2025\/09\/Copia-de-Copia-de-TAMANHO-EXATO-PARA-FOTOS-NO-SISTEMA-NOVO_2024-07-10_14-29-47_jpg_2024-07-10_14-29-47-1068x601-4.webp.webp?fit=1068%2C601&ssl=1&resize=700%2C400 2x, https:\/\/i0.wp.com\/noticiasribeiraopreto.com.br\/wp-content\/uploads\/2025\/09\/Copia-de-Copia-de-TAMANHO-EXATO-PARA-FOTOS-NO-SISTEMA-NOVO_2024-07-10_14-29-47_jpg_2024-07-10_14-29-47-1068x601-4.webp.webp?fit=1068%2C601&ssl=1&resize=1050%2C600 3x"},"classes":[]},{"id":64676,"url":"https:\/\/noticiasribeiraopreto.com.br\/index.php\/2025\/03\/11\/hc-ribeirao-e-usp-abrem-concursos-publicos-com-salarios-de-ate-r-15-mil\/","url_meta":{"origin":76115,"position":4},"title":"HC Ribeir\u00e3o e USP abrem concursos p\u00fablicos com sal\u00e1rios de at\u00e9 R$ 15 mil","author":"noticiasribeiraopreto.com.br","date":"11 de March de 2025","format":false,"excerpt":"O HC-RP (Hospital das Cl\u00ednicas de Ribeir\u00e3o Preto) e a USP (Universidade de S\u00e3o Paulo) publicaram nesta ter\u00e7a-feira (11) tr\u00eas editais de concurso p\u00fablico. Os sal\u00e1rios para os cargos variam entre R$ 2,7 mil e R$ 15,4 mil. Veja as vagas USP A Escola de Enfermagem de Ribeir\u00e3o Preto da\u2026","rel":"","context":"In &quot;Not\u00edcias de Ribeir\u00e3o Preto-SP e Regi\u00e3o&quot;","block_context":{"text":"Not\u00edcias de Ribeir\u00e3o Preto-SP e Regi\u00e3o","link":"https:\/\/noticiasribeiraopreto.com.br\/index.php\/category\/noticias-de-ribeirao-preto-sp-e-regiao-ismael-colosi\/"},"img":{"alt_text":"","src":"https:\/\/i0.wp.com\/noticiasribeiraopreto.com.br\/wp-content\/uploads\/2025\/01\/Copia-de-Copia-de-TAMANHO-EXATO-PARA-FOTOS-NO-SISTEMA-NOVO_2024-07-10_14-29-47_jpg_2024-07-10_14-29-47.webp.webp?fit=1200%2C675&ssl=1&resize=350%2C200","width":350,"height":200,"srcset":"https:\/\/i0.wp.com\/noticiasribeiraopreto.com.br\/wp-content\/uploads\/2025\/01\/Copia-de-Copia-de-TAMANHO-EXATO-PARA-FOTOS-NO-SISTEMA-NOVO_2024-07-10_14-29-47_jpg_2024-07-10_14-29-47.webp.webp?fit=1200%2C675&ssl=1&resize=350%2C200 1x, https:\/\/i0.wp.com\/noticiasribeiraopreto.com.br\/wp-content\/uploads\/2025\/01\/Copia-de-Copia-de-TAMANHO-EXATO-PARA-FOTOS-NO-SISTEMA-NOVO_2024-07-10_14-29-47_jpg_2024-07-10_14-29-47.webp.webp?fit=1200%2C675&ssl=1&resize=525%2C300 1.5x, https:\/\/i0.wp.com\/noticiasribeiraopreto.com.br\/wp-content\/uploads\/2025\/01\/Copia-de-Copia-de-TAMANHO-EXATO-PARA-FOTOS-NO-SISTEMA-NOVO_2024-07-10_14-29-47_jpg_2024-07-10_14-29-47.webp.webp?fit=1200%2C675&ssl=1&resize=700%2C400 2x, https:\/\/i0.wp.com\/noticiasribeiraopreto.com.br\/wp-content\/uploads\/2025\/01\/Copia-de-Copia-de-TAMANHO-EXATO-PARA-FOTOS-NO-SISTEMA-NOVO_2024-07-10_14-29-47_jpg_2024-07-10_14-29-47.webp.webp?fit=1200%2C675&ssl=1&resize=1050%2C600 3x"},"classes":[]},{"id":80198,"url":"https:\/\/noticiasribeiraopreto.com.br\/index.php\/2025\/11\/17\/hc-ribeirao-preto-tem-concurso-publico-com-salarios-de-r-59-mil\/","url_meta":{"origin":76115,"position":5},"title":"HC Ribeir\u00e3o Preto tem concurso p\u00fablico com sal\u00e1rios de R$ 5,9 mil","author":"noticiasribeiraopreto.com.br","date":"17 de November de 2025","format":false,"excerpt":"O Hospital das Cl\u00ednicas de Ribeir\u00e3o Preto publicou tr\u00eas editais de concurso p\u00fablico com sal\u00e1rios de R$ 5,9 mil para o cargo de m\u00e9dico I, com jornadas de trabalho de 20 horas semanais. As inscri\u00e7\u00f5es devem ser realizadas pela internet (clique aqui). A taxa de inscri\u00e7\u00e3o custa R$ 122,17. Veja\u2026","rel":"","context":"In &quot;Not\u00edcias de Ribeir\u00e3o Preto-SP e Regi\u00e3o&quot;","block_context":{"text":"Not\u00edcias de Ribeir\u00e3o Preto-SP e Regi\u00e3o","link":"https:\/\/noticiasribeiraopreto.com.br\/index.php\/category\/noticias-de-ribeirao-preto-sp-e-regiao-ismael-colosi\/"},"img":{"alt_text":"","src":"https:\/\/i0.wp.com\/noticiasribeiraopreto.com.br\/wp-content\/uploads\/2025\/09\/Copia-de-Copia-de-TAMANHO-EXATO-PARA-FOTOS-NO-SISTEMA-NOVO_2024-07-10_14-29-47_jpg_2024-07-10_14-29-47-1068x601-4.webp.webp?fit=1068%2C601&ssl=1&resize=350%2C200","width":350,"height":200,"srcset":"https:\/\/i0.wp.com\/noticiasribeiraopreto.com.br\/wp-content\/uploads\/2025\/09\/Copia-de-Copia-de-TAMANHO-EXATO-PARA-FOTOS-NO-SISTEMA-NOVO_2024-07-10_14-29-47_jpg_2024-07-10_14-29-47-1068x601-4.webp.webp?fit=1068%2C601&ssl=1&resize=350%2C200 1x, https:\/\/i0.wp.com\/noticiasribeiraopreto.com.br\/wp-content\/uploads\/2025\/09\/Copia-de-Copia-de-TAMANHO-EXATO-PARA-FOTOS-NO-SISTEMA-NOVO_2024-07-10_14-29-47_jpg_2024-07-10_14-29-47-1068x601-4.webp.webp?fit=1068%2C601&ssl=1&resize=525%2C300 1.5x, https:\/\/i0.wp.com\/noticiasribeiraopreto.com.br\/wp-content\/uploads\/2025\/09\/Copia-de-Copia-de-TAMANHO-EXATO-PARA-FOTOS-NO-SISTEMA-NOVO_2024-07-10_14-29-47_jpg_2024-07-10_14-29-47-1068x601-4.webp.webp?fit=1068%2C601&ssl=1&resize=700%2C400 2x, https:\/\/i0.wp.com\/noticiasribeiraopreto.com.br\/wp-content\/uploads\/2025\/09\/Copia-de-Copia-de-TAMANHO-EXATO-PARA-FOTOS-NO-SISTEMA-NOVO_2024-07-10_14-29-47_jpg_2024-07-10_14-29-47-1068x601-4.webp.webp?fit=1068%2C601&ssl=1&resize=1050%2C600 3x"},"classes":[]}],"jetpack_sharing_enabled":true,"jetpack_shortlink":"https:\/\/wp.me\/peQAOb-jNF","_links":{"self":[{"href":"https:\/\/noticiasribeiraopreto.com.br\/index.php\/wp-json\/wp\/v2\/posts\/76115","targetHints":{"allow":["GET"]}}],"collection":[{"href":"https:\/\/noticiasribeiraopreto.com.br\/index.php\/wp-json\/wp\/v2\/posts"}],"about":[{"href":"https:\/\/noticiasribeiraopreto.com.br\/index.php\/wp-json\/wp\/v2\/types\/post"}],"author":[{"embeddable":true,"href":"https:\/\/noticiasribeiraopreto.com.br\/index.php\/wp-json\/wp\/v2\/users\/1"}],"replies":[{"embeddable":true,"href":"https:\/\/noticiasribeiraopreto.com.br\/index.php\/wp-json\/wp\/v2\/comments?post=76115"}],"version-history":[{"count":0,"href":"https:\/\/noticiasribeiraopreto.com.br\/index.php\/wp-json\/wp\/v2\/posts\/76115\/revisions"}],"wp:featuredmedia":[{"embeddable":true,"href":"https:\/\/noticiasribeiraopreto.com.br\/index.php\/wp-json\/wp\/v2\/media\/76116"}],"wp:attachment":[{"href":"https:\/\/noticiasribeiraopreto.com.br\/index.php\/wp-json\/wp\/v2\/media?parent=76115"}],"wp:term":[{"taxonomy":"category","embeddable":true,"href":"https:\/\/noticiasribeiraopreto.com.br\/index.php\/wp-json\/wp\/v2\/categories?post=76115"},{"taxonomy":"post_tag","embeddable":true,"href":"https:\/\/noticiasribeiraopreto.com.br\/index.php\/wp-json\/wp\/v2\/tags?post=76115"}],"curies":[{"name":"wp","href":"https:\/\/api.w.org\/{rel}","templated":true}]}}