{"id":76117,"date":"2025-08-22T12:35:03","date_gmt":"2025-08-22T15:35:03","guid":{"rendered":"https:\/\/noticiasribeiraopreto.com.br\/index.php\/2025\/08\/22\/justica-nega-pedido-de-prisao-domiciliar-para-ana-pink\/"},"modified":"2025-08-22T12:35:03","modified_gmt":"2025-08-22T15:35:03","slug":"justica-nega-pedido-de-prisao-domiciliar-para-ana-pink","status":"publish","type":"post","link":"https:\/\/noticiasribeiraopreto.com.br\/index.php\/2025\/08\/22\/justica-nega-pedido-de-prisao-domiciliar-para-ana-pink\/","title":{"rendered":"Justi\u00e7a nega pedido de pris\u00e3o domiciliar para Ana Pink"},"content":{"rendered":"<div class='code-block code-block-1' style='margin: 8px 0 8px auto; text-align: right; display: block; clear: both;'>\n<p><a href=\"https:\/\/wa.link\/vpicfd\"><img data-recalc-dims=\"1\" class=\"wp-image-4922\" style=\"aspect-ratio: 2.0253164556962027; width: 561px; height: auto;\" src=\"https:\/\/i0.wp.com\/ismaelcolosi.com.br\/wp-content\/uploads\/2023\/11\/grupo-de-empregos-whatsapp-e-facebook-ismael-colosi-vagas.jpg?ssl=1\" alt=\"\" \/><\/a><\/p>\n<!-- \/wp:image -->\n<\/div>\n<p> <br \/>\n<\/p>\n<div id=\"\">\n<h2 class=\"penci-post-subtitle\">Influenciadora est\u00e1 presa desde 14 de agosto por ter descumprido regras de pris\u00e3o domiciliar<\/h2>\n<p>\n\t\t\t\t\t\t\t\t\t<span class=\"entry-meta-item penci-posted-on\"><i class=\"fa fa-clock-o\"\/><time class=\"entry-date published updated\" datetime=\"2025-08-22T12:30:34-03:00\">22 de agosto de 2025 12:30<\/time><\/span><span class=\"entry-meta-item penci-post-countview\"><span class=\"entry-meta-item penci-post-countview penci_post-meta_item\"><i class=\"fa fa-eye\"\/><span class=\"penci-post-countview-number penci-post-countview-p436346\">3<\/span><\/span><\/span>\t\t\t\t\t\t\t\t<\/p>\n<p><!-- .entry-meta --><br \/>\n\t\t\t\t\t\t\t\t<span class=\"penci-social-buttons penci-social-share-footer\"><span class=\"penci-social-share-text\">Compartilhar<\/span><a href=\"#\" class=\"penci-post-like penci_post-meta_item  single-like-button penci-social-item like\" data-post_id=\"436346\" title=\"Like\" data-like=\"Like\" data-unlike=\"Unlike\"><i class=\"fa fa-thumbs-o-up\"\/><span class=\"penci-share-number\">0<\/span><\/a><i class=\"fa fa-facebook\"\/><a class=\"penci-social-item twitter\" target=\"_blank\" rel=\"noopener\" title=\"\" href=\"https:\/\/twitter.com\/intent\/tweet?text=Justi\u00e7a%20nega%20pedido%20de%20pris\u00e3o%20domiciliar%20para%20Ana%20Pink%20-%20https:\/\/www.tribunaribeirao.com.br\/justica-nega-pedido-de-prisao-domiciliar-para-ana-pink\/\"><i class=\"fa fa-twitter\"\/><\/a><i class=\"fa fa-linkedin\"\/><i class=\"fa fa-whatsapp\"\/><i class=\"fa fa-telegram\"\/><i class=\"fa fa-envelope\"\/><\/span>\t\t\t\t\t\t\t<\/div>\n<div>\n<p>Por: Adalberto Luque<\/p>\n<p>A Justi\u00e7a de Ribeir\u00e3o Preto negou o pedido para que Ana Pink volte a cumprir pris\u00e3o domiciliar. A blogueira e influenciadora digital Ana Paula Ferreira, conhecida por Ana Pink, voltou a ser presa no dia 14 de agosto.<\/p>\n<p>Ela trocou a pris\u00e3o domiciliar em sua casa, em um condom\u00ednio de alto luxo de Bonfim Paulista, zona Sul da cidade, para uma cela na Penitenci\u00e1ria Feminina de Ribeir\u00e3o Preto. A volta de Ana Pink ao regime fechado foi determinada pela Justi\u00e7a, mas as regras que teriam sido descumpridas n\u00e3o foram informadas.<\/p>\n<p>Ana e seu ex-marido, Maiclerson Gomes da Silva, apelidado de Maick, foram condenados por lavagem de dinheiro e organiza\u00e7\u00e3o criminosa. Eles foram julgados por um esquema de fraude na contrata\u00e7\u00e3o de empr\u00e9stimos consignados. O golpe causou preju\u00edzos de mais de R$ 10 milh\u00f5es \u00e0s v\u00edtimas.<\/p>\n<figure id=\"attachment_436348\" aria-describedby=\"caption-attachment-436348\" style=\"width: 984px\" class=\"wp-caption alignnone\"><img data-recalc-dims=\"1\" loading=\"lazy\" decoding=\"async\" class=\"size-full wp-image-436348 lazyload\" src=\"https:\/\/i0.wp.com\/www.tribunaribeirao.com.br\/wp-content\/uploads\/2025\/08\/22-ago-2025-anapink2.jpg?resize=984%2C616&#038;ssl=1\" alt=\"\" width=\"984\" height=\"616\" srcset=\"https:\/\/www.tribunaribeirao.com.br\/wp-content\/uploads\/2025\/08\/22-ago-2025-anapink2.jpg 984w, https:\/\/www.tribunaribeirao.com.br\/wp-content\/uploads\/2025\/08\/22-ago-2025-anapink2-300x188.jpg 300w, https:\/\/www.tribunaribeirao.com.br\/wp-content\/uploads\/2025\/08\/22-ago-2025-anapink2-768x481.jpg 768w, https:\/\/www.tribunaribeirao.com.br\/wp-content\/uploads\/2025\/08\/22-ago-2025-anapink2-960x601.jpg 960w, https:\/\/www.tribunaribeirao.com.br\/wp-content\/uploads\/2025\/08\/22-ago-2025-anapink2-639x400.jpg 639w, https:\/\/www.tribunaribeirao.com.br\/wp-content\/uploads\/2025\/08\/22-ago-2025-anapink2-585x366.jpg 585w\" data-sizes=\"(max-width: 984px) 100vw, 984px\" style=\"--smush-placeholder-width: 984px; --smush-placeholder-aspect-ratio: 984\/616;\"\/><figcaption id=\"caption-attachment-436348\" class=\"wp-caption-text\">Maik e a ex-mulher Ana: condena\u00e7\u00e3o de ambos (Foto: Redes Sociais)<\/figcaption><\/figure>\n<p>Ana Pink j\u00e1 havia sido presa em 2022, mas sua defesa conseguiu que ela tivesse o mandado de pris\u00e3o preventiva mudado para pris\u00e3o domiciliar. A justificativa foi que a blogueira tinha filhos menores que precisavam de sua presen\u00e7a.<\/p>\n<p><strong>Relembre o caso<\/strong><\/p>\n<p>Ana Pink e Maick foram alvo de uma investiga\u00e7\u00e3o realizada pelo Grupo de Atua\u00e7\u00e3o Especial de Combate ao Crime Organizado (Gaeco), do Minist\u00e9rio P\u00fablico de S\u00e3o Paulo.<\/p>\n<p>A apura\u00e7\u00e3o do Gaeco teve in\u00edcio em 2022 e apontou transa\u00e7\u00f5es financeiras em nome de outras pessoas, obten\u00e7\u00e3o indevida de dados do sistema previdenci\u00e1rio por meio de hackers, saques vultosos e movimenta\u00e7\u00f5es incompat\u00edveis com a renda declarada. Eles foram presos em 17 de mar\u00e7o daquele ano.<\/p>\n<p>O casal firmava contratos em nomes de terceiros sem autoriza\u00e7\u00e3o. Ao menos 360 mil cidad\u00e3os tiveram informa\u00e7\u00f5es pessoais expostas.<\/p>\n<p>De acordo com o Gaeco, dados sigilosos de benefici\u00e1rios eram obtidos junto a uma empresa de software no Vale do Para\u00edba, que invadiu e explorou a base de informa\u00e7\u00f5es do INSS.<\/p>\n<p>As planilhas adquiridas por Ana Pink, segundo as autoridades, traziam detalhes como tipo de benef\u00edcio, poss\u00edveis restri\u00e7\u00f5es, limites para cr\u00e9dito, banco e conta de recebimento.<\/p>\n<p>Essas mesmas informa\u00e7\u00f5es tamb\u00e9m eram coletadas por programas automatizados criados por outro investigado, que possibilitavam o acesso remoto ao sistema previdenci\u00e1rio.<\/p>\n<p>Os dois foram sentenciados em abril de 2023 a nove anos de pris\u00e3o por participa\u00e7\u00e3o em um esquema de fraude com empr\u00e9stimos consignados, usado para lavar dinheiro e obter ilegalmente mais de R$ 10 milh\u00f5es. Em maio de 2025, a pena foi ampliada para 13 anos. Ambos negam envolvimento nos delitos.<\/p>\n<p>\u00a0<\/p>\n<p>_____<\/p>\n<p>\u00a0<\/p>\n<p>Jornal Tribuna Ribeir\u00e3o<br \/>Um Jornal com a cara de Ribeir\u00e3o!<\/p>\n<p>Impresso | WEB | Redes sociais<br \/>Tribuna Ribeir\u00e3o \u2013 Fone: (16) 3632-2200 \u2013 Whatsapp: (16) 98161-8743<br \/>Av. Bar\u00e3o do Bananal, 880 \u2013 Jardim Anhanguera, Ribeir\u00e3o Preto<\/p>\n<p>@tribunaribeirao<br \/>@meiaderibeirao<br \/>@dinoderibeirao<br \/>#TribunaRibeir\u00e3o<br \/>#News<br \/>#Not\u00edcia<br \/>#Ribeir\u00e3oPreto #Not\u00edciasDeRibeir\u00e3oPreto<br \/>#ClassificadosTribunaRibeir\u00e3o<br \/>#Jornalismo<br \/>#ClassificadosRibeir\u00e3o<\/p>\n<\/div>\n<p><script async src=\"\/\/platform.twitter.com\/widgets.js\" charset=\"utf-8\"><\/script><br \/>\n<br \/><br \/>\n<br \/><a href=\"https:\/\/www.tribunaribeirao.com.br\/justica-nega-pedido-de-prisao-domiciliar-para-ana-pink\/\">Source link <\/a><\/p>\n<!-- CONTENT END 1 -->\n","protected":false},"excerpt":{"rendered":"<p>Influenciadora est\u00e1 presa desde 14 de agosto por ter descumprido regras de pris\u00e3o domiciliar 22 de agosto de 2025 12:303 Compartilhar0 Por: Adalberto Luque A&#8230;<\/p>\n","protected":false},"author":1,"featured_media":76118,"comment_status":"open","ping_status":"open","sticky":false,"template":"","format":"standard","meta":{"advanced_seo_description":"","jetpack_seo_html_title":"","jetpack_seo_noindex":false,"jetpack_post_was_ever_published":false,"_jetpack_newsletter_access":"","_jetpack_dont_email_post_to_subs":false,"_jetpack_newsletter_tier_id":0,"_jetpack_memberships_contains_paywalled_content":false,"_jetpack_memberships_contains_paid_content":false,"footnotes":"","jetpack_publicize_message":"","jetpack_publicize_feature_enabled":true,"jetpack_social_post_already_shared":true,"jetpack_social_options":{"image_generator_settings":{"template":"highway","default_image_id":0,"font":"","enabled":false},"version":2}},"categories":[11],"tags":[],"class_list":["post-76117","post","type-post","status-publish","format-standard","has-post-thumbnail","hentry","category-noticias-de-ribeirao-preto-sp-e-regiao-ismael-colosi"],"jetpack_publicize_connections":[],"jetpack_featured_media_url":"https:\/\/i0.wp.com\/noticiasribeiraopreto.com.br\/wp-content\/uploads\/2025\/08\/22-ago-2025-anapink1.jpg?fit=1068%2C711&ssl=1","jetpack-related-posts":[{"id":75153,"url":"https:\/\/noticiasribeiraopreto.com.br\/index.php\/2025\/08\/04\/moraes-decreta-prisao-domiciliar-de-bolsonaro\/","url_meta":{"origin":76117,"position":0},"title":"Moraes decreta pris\u00e3o domiciliar de Bolsonaro","author":"noticiasribeiraopreto.com.br","date":"4 de August de 2025","format":false,"excerpt":"4 de agosto de 2025 18:230 Compartilhar0 O ministro Alexandre de Moraes, do Supremo Tribunal Federal (STF) decretou nesta segunda-feira (4) a pris\u00e3o domiciliar do ex-presidente Jair Bolsonaro. Moraes justificou que descumpriu as medidas cautelares impostas a ele, por ter veiculado conte\u00fado nas redes sociais dos filhos. Moraes determinou que\u2026","rel":"","context":"In &quot;Not\u00edcias de Ribeir\u00e3o Preto-SP e Regi\u00e3o&quot;","block_context":{"text":"Not\u00edcias de Ribeir\u00e3o Preto-SP e Regi\u00e3o","link":"https:\/\/noticiasribeiraopreto.com.br\/index.php\/category\/noticias-de-ribeirao-preto-sp-e-regiao-ismael-colosi\/"},"img":{"alt_text":"","src":"https:\/\/i0.wp.com\/noticiasribeiraopreto.com.br\/wp-content\/uploads\/2025\/08\/moraes.jpeg?fit=1170%2C700&ssl=1&resize=350%2C200","width":350,"height":200,"srcset":"https:\/\/i0.wp.com\/noticiasribeiraopreto.com.br\/wp-content\/uploads\/2025\/08\/moraes.jpeg?fit=1170%2C700&ssl=1&resize=350%2C200 1x, https:\/\/i0.wp.com\/noticiasribeiraopreto.com.br\/wp-content\/uploads\/2025\/08\/moraes.jpeg?fit=1170%2C700&ssl=1&resize=525%2C300 1.5x, https:\/\/i0.wp.com\/noticiasribeiraopreto.com.br\/wp-content\/uploads\/2025\/08\/moraes.jpeg?fit=1170%2C700&ssl=1&resize=700%2C400 2x, https:\/\/i0.wp.com\/noticiasribeiraopreto.com.br\/wp-content\/uploads\/2025\/08\/moraes.jpeg?fit=1170%2C700&ssl=1&resize=1050%2C600 3x"},"classes":[]},{"id":75783,"url":"https:\/\/noticiasribeiraopreto.com.br\/index.php\/2025\/08\/15\/ana-pink-tem-prisao-domiciliar-revogada-e-volta-para-a-cadeia\/","url_meta":{"origin":76117,"position":1},"title":"Ana Pink tem pris\u00e3o domiciliar revogada e volta para a cadeia","author":"noticiasribeiraopreto.com.br","date":"15 de August de 2025","format":false,"excerpt":"A Justi\u00e7a revogou a pris\u00e3o domiciliar da empres\u00e1ria e influenciadora digital Ana Paula Ferreira Duarte, a Ana Pink, por descumprimento de medidas cautelares. Ela foi presa na tarde desta quinta-feria (13), na zona Sul de Ribeir\u00e3o Preto, e encaminhada a uma cadeia. *Not\u00edcia em atualiza\u00e7\u00e3o Source link","rel":"","context":"In &quot;Not\u00edcias de Ribeir\u00e3o Preto-SP e Regi\u00e3o&quot;","block_context":{"text":"Not\u00edcias de Ribeir\u00e3o Preto-SP e Regi\u00e3o","link":"https:\/\/noticiasribeiraopreto.com.br\/index.php\/category\/noticias-de-ribeirao-preto-sp-e-regiao-ismael-colosi\/"},"img":{"alt_text":"","src":"","width":0,"height":0},"classes":[]},{"id":75817,"url":"https:\/\/noticiasribeiraopreto.com.br\/index.php\/2025\/08\/15\/entenda-o-que-levou-a-revogacao-da-prisao-domiciliar-de-ana-pink\/","url_meta":{"origin":76117,"position":2},"title":"Entenda o que levou \u00e0 revoga\u00e7\u00e3o da pris\u00e3o domiciliar de Ana Pink","author":"noticiasribeiraopreto.com.br","date":"15 de August de 2025","format":false,"excerpt":"A Justi\u00e7a de Ribeir\u00e3o Preto decidiu cancelar o benef\u00edcio de pris\u00e3o domiciliar da empres\u00e1ria e influenciadora Ana Pink, ap\u00f3s pedido do Minist\u00e9rio P\u00fablico (MP), devido a perman\u00eancias longas fora de casa. De acordo com o \u00f3rg\u00e3o, Ana Paula Ferreira teria descumprido as regras da pris\u00e3o domiciliar diversas vezes sem justificativa,\u2026","rel":"","context":"In &quot;Not\u00edcias de Ribeir\u00e3o Preto-SP e Regi\u00e3o&quot;","block_context":{"text":"Not\u00edcias de Ribeir\u00e3o Preto-SP e Regi\u00e3o","link":"https:\/\/noticiasribeiraopreto.com.br\/index.php\/category\/noticias-de-ribeirao-preto-sp-e-regiao-ismael-colosi\/"},"img":{"alt_text":"","src":"https:\/\/i0.wp.com\/noticiasribeiraopreto.com.br\/wp-content\/uploads\/2025\/08\/Copia-de-Copia-de-Copia-de-TAMANHO-EXATO-PARA-FOTOS-NO-SISTEMA-NOVO-2025-08-15T205315.349_2025-08-15_23-53-33-1024x576.webp.webp?fit=1024%2C576&ssl=1&resize=350%2C200","width":350,"height":200,"srcset":"https:\/\/i0.wp.com\/noticiasribeiraopreto.com.br\/wp-content\/uploads\/2025\/08\/Copia-de-Copia-de-Copia-de-TAMANHO-EXATO-PARA-FOTOS-NO-SISTEMA-NOVO-2025-08-15T205315.349_2025-08-15_23-53-33-1024x576.webp.webp?fit=1024%2C576&ssl=1&resize=350%2C200 1x, https:\/\/i0.wp.com\/noticiasribeiraopreto.com.br\/wp-content\/uploads\/2025\/08\/Copia-de-Copia-de-Copia-de-TAMANHO-EXATO-PARA-FOTOS-NO-SISTEMA-NOVO-2025-08-15T205315.349_2025-08-15_23-53-33-1024x576.webp.webp?fit=1024%2C576&ssl=1&resize=525%2C300 1.5x, https:\/\/i0.wp.com\/noticiasribeiraopreto.com.br\/wp-content\/uploads\/2025\/08\/Copia-de-Copia-de-Copia-de-TAMANHO-EXATO-PARA-FOTOS-NO-SISTEMA-NOVO-2025-08-15T205315.349_2025-08-15_23-53-33-1024x576.webp.webp?fit=1024%2C576&ssl=1&resize=700%2C400 2x"},"classes":[]},{"id":83727,"url":"https:\/\/noticiasribeiraopreto.com.br\/index.php\/2026\/03\/24\/moraes-autoriza-que-bolsonaro-cumpra-pena-em-prisao-domiciliar\/","url_meta":{"origin":76117,"position":3},"title":"Moraes autoriza que Bolsonaro cumpra pena em pris\u00e3o domiciliar","author":"noticiasribeiraopreto.com.br","date":"24 de March de 2026","format":false,"excerpt":"O ministro Alexandre de Moraes autorizou, nesta ter\u00e7a-feira (24), a pris\u00e3o domiciliar tempor\u00e1ria do ex-presidente Jair Bolsonaro. A decis\u00e3o acontece enquanto Bolsonaro permanece internado em um hospital de Bras\u00edlia, onde trata complica\u00e7\u00f5es de sa\u00fade. A pris\u00e3o domiciliar tem validade de 90 dias e ser\u00e1 reanalisada pelo ministro ap\u00f3s esse prazo.\u2026","rel":"","context":"In &quot;Not\u00edcias de Ribeir\u00e3o Preto-SP e Regi\u00e3o&quot;","block_context":{"text":"Not\u00edcias de Ribeir\u00e3o Preto-SP e Regi\u00e3o","link":"https:\/\/noticiasribeiraopreto.com.br\/index.php\/category\/noticias-de-ribeirao-preto-sp-e-regiao-ismael-colosi\/"},"img":{"alt_text":"","src":"https:\/\/i0.wp.com\/noticiasribeiraopreto.com.br\/wp-content\/uploads\/2026\/03\/Copia-de-Copia-de-Copia-de-TAMANHO-EXATO-PARA-FOTOS-NO-SISTEMA-NOVO-2025-09-09T090856.652_2025-09-09_12-09-15.webp.webp?fit=1200%2C675&ssl=1&resize=350%2C200","width":350,"height":200,"srcset":"https:\/\/i0.wp.com\/noticiasribeiraopreto.com.br\/wp-content\/uploads\/2026\/03\/Copia-de-Copia-de-Copia-de-TAMANHO-EXATO-PARA-FOTOS-NO-SISTEMA-NOVO-2025-09-09T090856.652_2025-09-09_12-09-15.webp.webp?fit=1200%2C675&ssl=1&resize=350%2C200 1x, https:\/\/i0.wp.com\/noticiasribeiraopreto.com.br\/wp-content\/uploads\/2026\/03\/Copia-de-Copia-de-Copia-de-TAMANHO-EXATO-PARA-FOTOS-NO-SISTEMA-NOVO-2025-09-09T090856.652_2025-09-09_12-09-15.webp.webp?fit=1200%2C675&ssl=1&resize=525%2C300 1.5x, https:\/\/i0.wp.com\/noticiasribeiraopreto.com.br\/wp-content\/uploads\/2026\/03\/Copia-de-Copia-de-Copia-de-TAMANHO-EXATO-PARA-FOTOS-NO-SISTEMA-NOVO-2025-09-09T090856.652_2025-09-09_12-09-15.webp.webp?fit=1200%2C675&ssl=1&resize=700%2C400 2x, https:\/\/i0.wp.com\/noticiasribeiraopreto.com.br\/wp-content\/uploads\/2026\/03\/Copia-de-Copia-de-Copia-de-TAMANHO-EXATO-PARA-FOTOS-NO-SISTEMA-NOVO-2025-09-09T090856.652_2025-09-09_12-09-15.webp.webp?fit=1200%2C675&ssl=1&resize=1050%2C600 3x"},"classes":[]},{"id":73177,"url":"https:\/\/noticiasribeiraopreto.com.br\/index.php\/2025\/06\/26\/video-elizabete-solicita-prisao-domiciliar-em-novo-depoimento-a-justica\/","url_meta":{"origin":76117,"position":4},"title":"V\u00cdDEO: Elizabete solicita pris\u00e3o domiciliar em novo depoimento \u00e0 Justi\u00e7a","author":"noticiasribeiraopreto.com.br","date":"26 de June de 2025","format":false,"excerpt":"26 de junho de 2025 16:153 Compartilhar0 Em audi\u00eancia realizada nesta quarta-feira (25), Elizabete Arraba\u00e7a, de 68 anos, voltou a se manifestar perante a Justi\u00e7a e solicitou a convers\u00e3o de sua pris\u00e3o preventiva em pris\u00e3o domiciliar. A r\u00e9 est\u00e1 detida desde 6 de maio, mesma data em que seu filho,\u2026","rel":"","context":"In &quot;Not\u00edcias de Ribeir\u00e3o Preto-SP e Regi\u00e3o&quot;","block_context":{"text":"Not\u00edcias de Ribeir\u00e3o Preto-SP e Regi\u00e3o","link":"https:\/\/noticiasribeiraopreto.com.br\/index.php\/category\/noticias-de-ribeirao-preto-sp-e-regiao-ismael-colosi\/"},"img":{"alt_text":"","src":"https:\/\/i0.wp.com\/noticiasribeiraopreto.com.br\/wp-content\/uploads\/2025\/06\/arrabaca_depoimento.jpeg?fit=720%2C442&ssl=1&resize=350%2C200","width":350,"height":200,"srcset":"https:\/\/i0.wp.com\/noticiasribeiraopreto.com.br\/wp-content\/uploads\/2025\/06\/arrabaca_depoimento.jpeg?fit=720%2C442&ssl=1&resize=350%2C200 1x, https:\/\/i0.wp.com\/noticiasribeiraopreto.com.br\/wp-content\/uploads\/2025\/06\/arrabaca_depoimento.jpeg?fit=720%2C442&ssl=1&resize=525%2C300 1.5x, https:\/\/i0.wp.com\/noticiasribeiraopreto.com.br\/wp-content\/uploads\/2025\/06\/arrabaca_depoimento.jpeg?fit=720%2C442&ssl=1&resize=700%2C400 2x"},"classes":[]},{"id":82900,"url":"https:\/\/noticiasribeiraopreto.com.br\/index.php\/2026\/03\/02\/moraes-nega-prisao-domiciliar-a-bolsonaro\/","url_meta":{"origin":76117,"position":5},"title":"Moraes nega pris\u00e3o domiciliar a Bolsonaro","author":"noticiasribeiraopreto.com.br","date":"2 de March de 2026","format":false,"excerpt":"\r \r \r 2 de mar\u00e7o de 2026 16:22 \r Compartilhar0 O ministro Alexandre de Moraes, do Supremo Tribunal Federal (STF), negou nesta segunda-feira (2) pedido de pris\u00e3o domiciliar ao ex-presidente Jair Bolsonaro. Na decis\u00e3o, o Moraes disse que as instala\u00e7\u00f5es da Papudinha, em Bras\u00edlia, onde o ex-presidente est\u00e1 preso,\u2026","rel":"","context":"In &quot;Not\u00edcias de Ribeir\u00e3o Preto-SP e Regi\u00e3o&quot;","block_context":{"text":"Not\u00edcias de Ribeir\u00e3o Preto-SP e Regi\u00e3o","link":"https:\/\/noticiasribeiraopreto.com.br\/index.php\/category\/noticias-de-ribeirao-preto-sp-e-regiao-ismael-colosi\/"},"img":{"alt_text":"","src":"https:\/\/i0.wp.com\/noticiasribeiraopreto.com.br\/wp-content\/uploads\/2026\/03\/cela-bolsonaro.jpg?fit=1170%2C700&ssl=1&resize=350%2C200","width":350,"height":200,"srcset":"https:\/\/i0.wp.com\/noticiasribeiraopreto.com.br\/wp-content\/uploads\/2026\/03\/cela-bolsonaro.jpg?fit=1170%2C700&ssl=1&resize=350%2C200 1x, https:\/\/i0.wp.com\/noticiasribeiraopreto.com.br\/wp-content\/uploads\/2026\/03\/cela-bolsonaro.jpg?fit=1170%2C700&ssl=1&resize=525%2C300 1.5x, https:\/\/i0.wp.com\/noticiasribeiraopreto.com.br\/wp-content\/uploads\/2026\/03\/cela-bolsonaro.jpg?fit=1170%2C700&ssl=1&resize=700%2C400 2x, https:\/\/i0.wp.com\/noticiasribeiraopreto.com.br\/wp-content\/uploads\/2026\/03\/cela-bolsonaro.jpg?fit=1170%2C700&ssl=1&resize=1050%2C600 3x"},"classes":[]}],"jetpack_sharing_enabled":true,"jetpack_shortlink":"https:\/\/wp.me\/peQAOb-jNH","_links":{"self":[{"href":"https:\/\/noticiasribeiraopreto.com.br\/index.php\/wp-json\/wp\/v2\/posts\/76117","targetHints":{"allow":["GET"]}}],"collection":[{"href":"https:\/\/noticiasribeiraopreto.com.br\/index.php\/wp-json\/wp\/v2\/posts"}],"about":[{"href":"https:\/\/noticiasribeiraopreto.com.br\/index.php\/wp-json\/wp\/v2\/types\/post"}],"author":[{"embeddable":true,"href":"https:\/\/noticiasribeiraopreto.com.br\/index.php\/wp-json\/wp\/v2\/users\/1"}],"replies":[{"embeddable":true,"href":"https:\/\/noticiasribeiraopreto.com.br\/index.php\/wp-json\/wp\/v2\/comments?post=76117"}],"version-history":[{"count":0,"href":"https:\/\/noticiasribeiraopreto.com.br\/index.php\/wp-json\/wp\/v2\/posts\/76117\/revisions"}],"wp:featuredmedia":[{"embeddable":true,"href":"https:\/\/noticiasribeiraopreto.com.br\/index.php\/wp-json\/wp\/v2\/media\/76118"}],"wp:attachment":[{"href":"https:\/\/noticiasribeiraopreto.com.br\/index.php\/wp-json\/wp\/v2\/media?parent=76117"}],"wp:term":[{"taxonomy":"category","embeddable":true,"href":"https:\/\/noticiasribeiraopreto.com.br\/index.php\/wp-json\/wp\/v2\/categories?post=76117"},{"taxonomy":"post_tag","embeddable":true,"href":"https:\/\/noticiasribeiraopreto.com.br\/index.php\/wp-json\/wp\/v2\/tags?post=76117"}],"curies":[{"name":"wp","href":"https:\/\/api.w.org\/{rel}","templated":true}]}}