{"id":76119,"date":"2025-08-22T12:38:41","date_gmt":"2025-08-22T15:38:41","guid":{"rendered":"https:\/\/noticiasribeiraopreto.com.br\/index.php\/2025\/08\/22\/rsm-expande-presenca-com-novo-escritorio-em-ribeirao-preto\/"},"modified":"2025-08-22T12:38:41","modified_gmt":"2025-08-22T15:38:41","slug":"rsm-expande-presenca-com-novo-escritorio-em-ribeirao-preto","status":"publish","type":"post","link":"https:\/\/noticiasribeiraopreto.com.br\/index.php\/2025\/08\/22\/rsm-expande-presenca-com-novo-escritorio-em-ribeirao-preto\/","title":{"rendered":"RSM expande presen\u00e7a com novo escrit\u00f3rio em Ribeir\u00e3o Preto"},"content":{"rendered":"<div class='code-block code-block-1' style='margin: 8px 0 8px auto; text-align: right; display: block; clear: both;'>\n<p><a href=\"https:\/\/wa.link\/vpicfd\"><img data-recalc-dims=\"1\" class=\"wp-image-4922\" style=\"aspect-ratio: 2.0253164556962027; width: 561px; height: auto;\" src=\"https:\/\/i0.wp.com\/ismaelcolosi.com.br\/wp-content\/uploads\/2023\/11\/grupo-de-empregos-whatsapp-e-facebook-ismael-colosi-vagas.jpg?ssl=1\" alt=\"\" \/><\/a><\/p>\n<!-- \/wp:image -->\n<\/div>\n<p> <br \/>\n<\/p>\n<div>\n<p>A RSM, \u2013 6\u00aa maior empresa de Auditoria, Consultoria, Tributos e Contabilidade do mundo, com atua\u00e7\u00e3o local e internacional \u2013 amplia sua presen\u00e7a no estado paulista com a abertura de um escrit\u00f3rio em Ribeir\u00e3o Preto\/SP, reconhecida como um polo regional, com grande influ\u00eancia no agroneg\u00f3cio, com\u00e9rcio e servi\u00e7os, al\u00e9m de ser um centro de sa\u00fade e educa\u00e7\u00e3o. O novo escrit\u00f3rio estar\u00e1 localizado na Avenida Ant\u00f4nio Diederichsen, n\u00ba 400, 16\u00ba andar, sala 1608, Jardim Am\u00e9rica.<\/p>\n<p>Diogo Pavan liderar\u00e1 o escrit\u00f3rio em Ribeir\u00e3o Preto. Pavan possui mais de 15 anos de experi\u00eancia em auditoria independente, com um foco especial em empresas do <em>middle market<\/em>. Sua <em>expertise <\/em>abrange diversos segmentos, incluindo o agroneg\u00f3cio, e ser\u00e1 crucial para o sucesso da expans\u00e3o e para fortalecer o relacionamento da RSM com os clientes da regi\u00e3o.<\/p>\n<figure class=\"wp-block-image size-large\"><img data-recalc-dims=\"1\" fetchpriority=\"high\" decoding=\"async\" width=\"1024\" height=\"683\" src=\"https:\/\/i0.wp.com\/cdn.media-acidadeon.com.br\/ribeiraopreto\/wp-content\/uploads\/sites\/3\/2025\/08\/2-10_2025-08-22_13-26-01-1024x683.webp?resize=1024%2C683&#038;ssl=1\" alt=\"\" class=\"wp-image-126704\" srcset=\"https:\/\/cdn.media-acidadeon.com.br\/ribeiraopreto\/wp-content\/uploads\/sites\/3\/2025\/08\/2-10_2025-08-22_13-26-01-1024x683.webp 1024w, https:\/\/cdn.media-acidadeon.com.br\/ribeiraopreto\/wp-content\/uploads\/sites\/3\/2025\/08\/2-10_2025-08-22_13-26-01-300x200.webp 300w, https:\/\/cdn.media-acidadeon.com.br\/ribeiraopreto\/wp-content\/uploads\/sites\/3\/2025\/08\/2-10_2025-08-22_13-26-01-768x512.webp 768w, https:\/\/cdn.media-acidadeon.com.br\/ribeiraopreto\/wp-content\/uploads\/sites\/3\/2025\/08\/2-10_2025-08-22_13-26-01-696x464.webp 696w, https:\/\/cdn.media-acidadeon.com.br\/ribeiraopreto\/wp-content\/uploads\/sites\/3\/2025\/08\/2-10_2025-08-22_13-26-01-1068x712.webp 1068w, https:\/\/cdn.media-acidadeon.com.br\/ribeiraopreto\/wp-content\/uploads\/sites\/3\/2025\/08\/2-10_2025-08-22_13-26-01.webp 1200w\" sizes=\"(max-width: 1024px) 100vw, 1024px\"\/><figcaption class=\"wp-element-caption\">Cr\u00e9dito: Divulga\u00e7\u00e3o <\/figcaption><\/figure>\n<blockquote class=\"wp-block-quote is-layout-flow wp-block-quote-is-layout-flow\">\n<p>\u201cA abertura do nosso quinto escrit\u00f3rio no estado de S\u00e3o Paulo, agora em Ribeir\u00e3o Preto, refor\u00e7a o papel estrat\u00e9gico que o estado desempenha no crescimento da nossa empresa. Ribeir\u00e3o \u00e9 um polo econ\u00f4mico vibrante, com forte voca\u00e7\u00e3o para inova\u00e7\u00e3o e excel\u00eancia empresarial. Estar presente aqui \u00e9 uma decis\u00e3o natural para quem quer estar mais perto das oportunidades que movem o Brasil\u201d, afirma La\u00e9rcio Soto, CEO da RSM no Brasil.\u00a0<\/p>\n<\/blockquote>\n<p>A firma est\u00e1 presente em seis estados brasileiros, em 10 escrit\u00f3rios \u2013 (2) S\u00e3o Paulo (SP), Campinas (SP), Ribeir\u00e3o Preto (SP), Indaiatuba (SP), Rio de Janeiro (RJ), Curitiba (PR), Belo Horizonte (MG), Salvador (BA) e Fortaleza (CE) \u2013 reunindo mais de 1.250 profissionais, oferecendo diversos servi\u00e7os de Contabilidade, Auditoria, Consultoria e Tributos.<\/p>\n<p><strong>Sobre\u00a0a\u00a0RSM<\/strong>\u00a0<\/p>\n<p>A\u00a0RSM\u00a0\u00e9 o fornecedor l\u00edder de servi\u00e7os profissionais para o\u202f<em>middle market<\/em>. Como\u00a0a\u00a0sexta maior organiza\u00e7\u00e3o mundial de firmas independentes de\u00a0auditoria, fiscal e consultoria,\u00a0a\u00a0RSM\u00a0opera em 120 pa\u00edses,\u00a0atrav\u00e9s de 900 escrit\u00f3rios, com mais de 65 mil pessoas mundialmente.\u00a0A\u00a0receita da organiza\u00e7\u00e3o global \u00e9 de US$ 10 bilh\u00f5es. Como uma equipe integrada,\u00a0a\u00a0RSM\u00a0compartilha habilidades, conhecimentos e recursos, bem como uma\u00a0abordagem centrada no cliente que se baseia em um profundo conhecimento dos neg\u00f3cios de seus clientes. \u00c9\u00a0assim que\u00a0a\u00a0RSM\u00a0cumpre seu prop\u00f3sito de infundir confian\u00e7a\u00a0em um mundo em mudan\u00e7a, capacitando seus clientes e pessoas para desenvolver todo o seu potencial.\u00a0<\/p>\n<p>Para mais informa\u00e7\u00f5es,\u202f<a href=\"https:\/\/www.rsm.global\/\" target=\"_blank\" rel=\"noreferrer noopener\">visite<\/a>.\u00a0<\/p>\n<p><em>Estar presente aqui \u00e9 uma decis\u00e3o natural para quem quer estar mais perto das oportunidades que movem o Brasil \u2013\u00a0 La\u00e9rcio Soto, CEO da RSM Brasil .<\/em><\/p>\n<p><!-- AI CONTENT END 1 -->\n<\/div>\n<p><br \/>\n<br \/><a href=\"https:\/\/www.acidadeon.com\/ribeiraopreto\/conteudo-patrocinado\/rsm-brasil\/rsm-expande-presenca-com-novo-escritorio-em-ribeirao-preto\/\">Source link <\/a><\/p>\n<!-- CONTENT END 1 -->\n","protected":false},"excerpt":{"rendered":"<p>A RSM, \u2013 6\u00aa maior empresa de Auditoria, Consultoria, Tributos e Contabilidade do mundo, com atua\u00e7\u00e3o local e internacional \u2013 amplia sua presen\u00e7a no estado&#8230;<\/p>\n","protected":false},"author":1,"featured_media":76120,"comment_status":"open","ping_status":"open","sticky":false,"template":"","format":"standard","meta":{"advanced_seo_description":"","jetpack_seo_html_title":"","jetpack_seo_noindex":false,"jetpack_post_was_ever_published":false,"_jetpack_newsletter_access":"","_jetpack_dont_email_post_to_subs":false,"_jetpack_newsletter_tier_id":0,"_jetpack_memberships_contains_paywalled_content":false,"_jetpack_memberships_contains_paid_content":false,"footnotes":"","jetpack_publicize_message":"","jetpack_publicize_feature_enabled":true,"jetpack_social_post_already_shared":true,"jetpack_social_options":{"image_generator_settings":{"template":"highway","default_image_id":0,"font":"","enabled":false},"version":2}},"categories":[11],"tags":[],"class_list":["post-76119","post","type-post","status-publish","format-standard","has-post-thumbnail","hentry","category-noticias-de-ribeirao-preto-sp-e-regiao-ismael-colosi"],"jetpack_publicize_connections":[],"jetpack_featured_media_url":"https:\/\/i0.wp.com\/noticiasribeiraopreto.com.br\/wp-content\/uploads\/2025\/08\/1-12_2025-08-22_13-25-29.webp.webp?fit=1200%2C800&ssl=1","jetpack-related-posts":[{"id":75606,"url":"https:\/\/noticiasribeiraopreto.com.br\/index.php\/2025\/08\/12\/totvs-inaugura-novo-escritorio-em-ribeirao-preto\/","url_meta":{"origin":76119,"position":0},"title":"TOTVS inaugura novo escrit\u00f3rio em Ribeir\u00e3o Preto","author":"noticiasribeiraopreto.com.br","date":"12 de August de 2025","format":false,"excerpt":"A TOTVS, maior empresa de tecnologia do Brasil, anuncia a inaugura\u00e7\u00e3o de seu novo escrit\u00f3rio em Ribeir\u00e3o Preto (SP). Maior e mais moderno, o novo espa\u00e7o est\u00e1 localizado na Av. Presidente Vargas, uma das principais da cidade. O movimento faz parte da estrat\u00e9gia de fortalecimento da presen\u00e7a da TOTVS na\u2026","rel":"","context":"In &quot;Not\u00edcias de Ribeir\u00e3o Preto-SP e Regi\u00e3o&quot;","block_context":{"text":"Not\u00edcias de Ribeir\u00e3o Preto-SP e Regi\u00e3o","link":"https:\/\/noticiasribeiraopreto.com.br\/index.php\/category\/noticias-de-ribeirao-preto-sp-e-regiao-ismael-colosi\/"},"img":{"alt_text":"","src":"https:\/\/i0.wp.com\/noticiasribeiraopreto.com.br\/wp-content\/uploads\/2025\/08\/1-2025-08-12T102407.246_2025-08-12_13-28-21.webp.webp?fit=1200%2C800&ssl=1&resize=350%2C200","width":350,"height":200,"srcset":"https:\/\/i0.wp.com\/noticiasribeiraopreto.com.br\/wp-content\/uploads\/2025\/08\/1-2025-08-12T102407.246_2025-08-12_13-28-21.webp.webp?fit=1200%2C800&ssl=1&resize=350%2C200 1x, https:\/\/i0.wp.com\/noticiasribeiraopreto.com.br\/wp-content\/uploads\/2025\/08\/1-2025-08-12T102407.246_2025-08-12_13-28-21.webp.webp?fit=1200%2C800&ssl=1&resize=525%2C300 1.5x, https:\/\/i0.wp.com\/noticiasribeiraopreto.com.br\/wp-content\/uploads\/2025\/08\/1-2025-08-12T102407.246_2025-08-12_13-28-21.webp.webp?fit=1200%2C800&ssl=1&resize=700%2C400 2x, https:\/\/i0.wp.com\/noticiasribeiraopreto.com.br\/wp-content\/uploads\/2025\/08\/1-2025-08-12T102407.246_2025-08-12_13-28-21.webp.webp?fit=1200%2C800&ssl=1&resize=1050%2C600 3x"},"classes":[]},{"id":79058,"url":"https:\/\/noticiasribeiraopreto.com.br\/index.php\/2025\/10\/23\/assessoria-da-xp-anuncia-compra-de-escritorio-em-ribeirao-preto\/","url_meta":{"origin":76119,"position":1},"title":"Assessoria da XP anuncia compra de escrit\u00f3rio em Ribeir\u00e3o Preto","author":"noticiasribeiraopreto.com.br","date":"23 de October de 2025","format":false,"excerpt":"A Manchester Investimentos, escrit\u00f3rio do ecossistema XP, anunciou nesta quinta-feira (23) a compra da Ficus Capital, que conta com escrit\u00f3rio em Ribeir\u00e3o Preto. De acordo com o comunicado, a incorpora\u00e7\u00e3o traz para cust\u00f3dia da Manchester R$ 2,5 bilh\u00f5es, que j\u00e1 conta com R$ 20 bilh\u00f5es sob guarda. A integra\u00e7\u00e3o representa\u2026","rel":"","context":"In &quot;Not\u00edcias de Ribeir\u00e3o Preto-SP e Regi\u00e3o&quot;","block_context":{"text":"Not\u00edcias de Ribeir\u00e3o Preto-SP e Regi\u00e3o","link":"https:\/\/noticiasribeiraopreto.com.br\/index.php\/category\/noticias-de-ribeirao-preto-sp-e-regiao-ismael-colosi\/"},"img":{"alt_text":"","src":"https:\/\/i0.wp.com\/noticiasribeiraopreto.com.br\/wp-content\/uploads\/2025\/10\/negocios_2025-10-23_13-01-54.webp.webp?fit=1200%2C821&ssl=1&resize=350%2C200","width":350,"height":200,"srcset":"https:\/\/i0.wp.com\/noticiasribeiraopreto.com.br\/wp-content\/uploads\/2025\/10\/negocios_2025-10-23_13-01-54.webp.webp?fit=1200%2C821&ssl=1&resize=350%2C200 1x, https:\/\/i0.wp.com\/noticiasribeiraopreto.com.br\/wp-content\/uploads\/2025\/10\/negocios_2025-10-23_13-01-54.webp.webp?fit=1200%2C821&ssl=1&resize=525%2C300 1.5x, https:\/\/i0.wp.com\/noticiasribeiraopreto.com.br\/wp-content\/uploads\/2025\/10\/negocios_2025-10-23_13-01-54.webp.webp?fit=1200%2C821&ssl=1&resize=700%2C400 2x, https:\/\/i0.wp.com\/noticiasribeiraopreto.com.br\/wp-content\/uploads\/2025\/10\/negocios_2025-10-23_13-01-54.webp.webp?fit=1200%2C821&ssl=1&resize=1050%2C600 3x"},"classes":[]},{"id":73239,"url":"https:\/\/noticiasribeiraopreto.com.br\/index.php\/2025\/06\/27\/morre-o-advogado-marcelo-viana-salomao-aos-56-anos\/","url_meta":{"origin":76119,"position":2},"title":"Morre o advogado Marcelo Viana Salom\u00e3o, aos 56 anos","author":"noticiasribeiraopreto.com.br","date":"27 de June de 2025","format":false,"excerpt":"O advogado\u00a0Marcelo Viana Salom\u00e3o morreu nesta sexta-feira (27), aos 56 anos. Ele era s\u00f3cio presidente do escrit\u00f3rio de Brasil Salom\u00e3o e Matthes Advocacia, de Ribeir\u00e3o Preto. A causa da morte n\u00e3o foi divulgada. Al\u00e9m de advogado, Marcelo era professor, palestrante e autor. O profissional participou do processo de expans\u00e3o nacional\u2026","rel":"","context":"In &quot;Not\u00edcias de Ribeir\u00e3o Preto-SP e Regi\u00e3o&quot;","block_context":{"text":"Not\u00edcias de Ribeir\u00e3o Preto-SP e Regi\u00e3o","link":"https:\/\/noticiasribeiraopreto.com.br\/index.php\/category\/noticias-de-ribeirao-preto-sp-e-regiao-ismael-colosi\/"},"img":{"alt_text":"","src":"https:\/\/i0.wp.com\/noticiasribeiraopreto.com.br\/wp-content\/uploads\/2025\/06\/ADVOGADO_2025-06-27_17-34-47.webp.webp?fit=1200%2C947&ssl=1&resize=350%2C200","width":350,"height":200,"srcset":"https:\/\/i0.wp.com\/noticiasribeiraopreto.com.br\/wp-content\/uploads\/2025\/06\/ADVOGADO_2025-06-27_17-34-47.webp.webp?fit=1200%2C947&ssl=1&resize=350%2C200 1x, https:\/\/i0.wp.com\/noticiasribeiraopreto.com.br\/wp-content\/uploads\/2025\/06\/ADVOGADO_2025-06-27_17-34-47.webp.webp?fit=1200%2C947&ssl=1&resize=525%2C300 1.5x, https:\/\/i0.wp.com\/noticiasribeiraopreto.com.br\/wp-content\/uploads\/2025\/06\/ADVOGADO_2025-06-27_17-34-47.webp.webp?fit=1200%2C947&ssl=1&resize=700%2C400 2x, https:\/\/i0.wp.com\/noticiasribeiraopreto.com.br\/wp-content\/uploads\/2025\/06\/ADVOGADO_2025-06-27_17-34-47.webp.webp?fit=1200%2C947&ssl=1&resize=1050%2C600 3x"},"classes":[]},{"id":14062,"url":"https:\/\/noticiasribeiraopreto.com.br\/index.php\/2023\/12\/11\/acelen-avanca-no-setor-de-biocombustiveis-dos-eua-com-novo-escritorio-em-houston\/","url_meta":{"origin":76119,"position":3},"title":"Acelen avan\u00e7a no setor de biocombust\u00edveis dos EUA com novo escrit\u00f3rio em Houston","author":"noticiasribeiraopreto.com.br","date":"11 de December de 2023","format":false,"excerpt":"Foto: https:\/\/www.acelen.com.br\/ Acelen inaugura escrit\u00f3rio em Houston mirando o mercado de biocombust\u00edveis americano A Acelen, gigante do setor energ\u00e9tico brasileiro e parte do portf\u00f3lio da Mubadala Capital, marcou um novo cap\u00edtulo em sua hist\u00f3ria com a abertura de um escrit\u00f3rio em Houston, Texas, uma das capitais globais da energia. Este\u2026","rel":"","context":"In &quot;Vagas de Emprego em Ribeir\u00e3o Preto-SP&quot;","block_context":{"text":"Vagas de Emprego em Ribeir\u00e3o Preto-SP","link":"https:\/\/noticiasribeiraopreto.com.br\/index.php\/category\/empregos-classificados-vagas-trabalho\/vagas-de-empregos-em-ribeirao-preto-regiao-brasil\/"},"img":{"alt_text":"","src":"https:\/\/i0.wp.com\/noticiasribeiraopreto.com.br\/wp-content\/uploads\/2023\/12\/acelen-logo-830x450.png?fit=830%2C450&ssl=1&resize=350%2C200","width":350,"height":200,"srcset":"https:\/\/i0.wp.com\/noticiasribeiraopreto.com.br\/wp-content\/uploads\/2023\/12\/acelen-logo-830x450.png?fit=830%2C450&ssl=1&resize=350%2C200 1x, https:\/\/i0.wp.com\/noticiasribeiraopreto.com.br\/wp-content\/uploads\/2023\/12\/acelen-logo-830x450.png?fit=830%2C450&ssl=1&resize=525%2C300 1.5x, https:\/\/i0.wp.com\/noticiasribeiraopreto.com.br\/wp-content\/uploads\/2023\/12\/acelen-logo-830x450.png?fit=830%2C450&ssl=1&resize=700%2C400 2x"},"classes":[]},{"id":41778,"url":"https:\/\/noticiasribeiraopreto.com.br\/index.php\/2024\/03\/11\/escritorio-de-advocacia-lanca-podcast-juridico\/","url_meta":{"origin":76119,"position":4},"title":"Escrit\u00f3rio de advocacia lan\u00e7a podcast jur\u00eddico","author":"noticiasribeiraopreto.com.br","date":"11 de March de 2024","format":false,"excerpt":"A cena jur\u00eddica nacional ganha um novo canal de abordagem de tem\u00e1ticas do setor em interface com as demandas sociais, principal objeto do Direito. O PodBrasil chega como ferramenta contempor\u00e2nea da comunica\u00e7\u00e3o de Brasil Salom\u00e3o e Matthes Advocacia com seus interlocutores e a comunidade em geral. O lan\u00e7amento faz parte\u2026","rel":"","context":"In &quot;Not\u00edcias de Ribeir\u00e3o Preto-SP e Regi\u00e3o&quot;","block_context":{"text":"Not\u00edcias de Ribeir\u00e3o Preto-SP e Regi\u00e3o","link":"https:\/\/noticiasribeiraopreto.com.br\/index.php\/category\/noticias-de-ribeirao-preto-sp-e-regiao-ismael-colosi\/"},"img":{"alt_text":"","src":"https:\/\/i0.wp.com\/noticiasribeiraopreto.com.br\/wp-content\/uploads\/2024\/03\/905f3049-598c-4282-a473-d2f8bc56c1e8.jpg?fit=375%2C250&ssl=1&resize=350%2C200","width":350,"height":200},"classes":[]},{"id":36336,"url":"https:\/\/noticiasribeiraopreto.com.br\/index.php\/2024\/02\/09\/necta-gas-tem-novo-ceo-em-2024\/","url_meta":{"origin":76119,"position":5},"title":"Necta G\u00e1s tem novo CEO em 2024","author":"noticiasribeiraopreto.com.br","date":"9 de February de 2024","format":false,"excerpt":"9 de fevereiro de 2024 | 10:20 0A Necta G\u00e1s recebe com entusiasmo seu novo CEO para o ano de 2024: Jos\u00e9 Eduardo Moreira. Com uma s\u00f3lida forma\u00e7\u00e3o em Direito e enriquecido por um MBA em Gest\u00e3o de Projetos pela FIA e em Gest\u00e3o Empresarial pela FGV, Moreira traz consigo\u2026","rel":"","context":"In &quot;Not\u00edcias de Ribeir\u00e3o Preto-SP e Regi\u00e3o&quot;","block_context":{"text":"Not\u00edcias de Ribeir\u00e3o Preto-SP e Regi\u00e3o","link":"https:\/\/noticiasribeiraopreto.com.br\/index.php\/category\/noticias-de-ribeirao-preto-sp-e-regiao-ismael-colosi\/"},"img":{"alt_text":"","src":"https:\/\/i0.wp.com\/noticiasribeiraopreto.com.br\/wp-content\/uploads\/2024\/02\/Jose-Eduardo-Moreira-CEO-da-Necta-Gas-scaled.jpg?fit=979%2C645&ssl=1&resize=350%2C200","width":350,"height":200,"srcset":"https:\/\/i0.wp.com\/noticiasribeiraopreto.com.br\/wp-content\/uploads\/2024\/02\/Jose-Eduardo-Moreira-CEO-da-Necta-Gas-scaled.jpg?fit=979%2C645&ssl=1&resize=350%2C200 1x, https:\/\/i0.wp.com\/noticiasribeiraopreto.com.br\/wp-content\/uploads\/2024\/02\/Jose-Eduardo-Moreira-CEO-da-Necta-Gas-scaled.jpg?fit=979%2C645&ssl=1&resize=525%2C300 1.5x, https:\/\/i0.wp.com\/noticiasribeiraopreto.com.br\/wp-content\/uploads\/2024\/02\/Jose-Eduardo-Moreira-CEO-da-Necta-Gas-scaled.jpg?fit=979%2C645&ssl=1&resize=700%2C400 2x"},"classes":[]}],"jetpack_sharing_enabled":true,"jetpack_shortlink":"https:\/\/wp.me\/peQAOb-jNJ","_links":{"self":[{"href":"https:\/\/noticiasribeiraopreto.com.br\/index.php\/wp-json\/wp\/v2\/posts\/76119","targetHints":{"allow":["GET"]}}],"collection":[{"href":"https:\/\/noticiasribeiraopreto.com.br\/index.php\/wp-json\/wp\/v2\/posts"}],"about":[{"href":"https:\/\/noticiasribeiraopreto.com.br\/index.php\/wp-json\/wp\/v2\/types\/post"}],"author":[{"embeddable":true,"href":"https:\/\/noticiasribeiraopreto.com.br\/index.php\/wp-json\/wp\/v2\/users\/1"}],"replies":[{"embeddable":true,"href":"https:\/\/noticiasribeiraopreto.com.br\/index.php\/wp-json\/wp\/v2\/comments?post=76119"}],"version-history":[{"count":0,"href":"https:\/\/noticiasribeiraopreto.com.br\/index.php\/wp-json\/wp\/v2\/posts\/76119\/revisions"}],"wp:featuredmedia":[{"embeddable":true,"href":"https:\/\/noticiasribeiraopreto.com.br\/index.php\/wp-json\/wp\/v2\/media\/76120"}],"wp:attachment":[{"href":"https:\/\/noticiasribeiraopreto.com.br\/index.php\/wp-json\/wp\/v2\/media?parent=76119"}],"wp:term":[{"taxonomy":"category","embeddable":true,"href":"https:\/\/noticiasribeiraopreto.com.br\/index.php\/wp-json\/wp\/v2\/categories?post=76119"},{"taxonomy":"post_tag","embeddable":true,"href":"https:\/\/noticiasribeiraopreto.com.br\/index.php\/wp-json\/wp\/v2\/tags?post=76119"}],"curies":[{"name":"wp","href":"https:\/\/api.w.org\/{rel}","templated":true}]}}