{"id":76121,"date":"2025-08-22T12:46:12","date_gmt":"2025-08-22T15:46:12","guid":{"rendered":"https:\/\/noticiasribeiraopreto.com.br\/index.php\/2025\/08\/22\/carreta-com-bobinas-de-papel-pega-fogo-na-regiao-de-ribeirao-preto-video\/"},"modified":"2025-08-22T12:46:12","modified_gmt":"2025-08-22T15:46:12","slug":"carreta-com-bobinas-de-papel-pega-fogo-na-regiao-de-ribeirao-preto-video","status":"publish","type":"post","link":"https:\/\/noticiasribeiraopreto.com.br\/index.php\/2025\/08\/22\/carreta-com-bobinas-de-papel-pega-fogo-na-regiao-de-ribeirao-preto-video\/","title":{"rendered":"Carreta com bobinas de papel pega fogo na regi\u00e3o de Ribeir\u00e3o Preto; V\u00eddeo"},"content":{"rendered":"<div class='code-block code-block-1' style='margin: 8px 0 8px auto; text-align: right; display: block; clear: both;'>\n<p><a href=\"https:\/\/wa.link\/vpicfd\"><img data-recalc-dims=\"1\" class=\"wp-image-4922\" style=\"aspect-ratio: 2.0253164556962027; width: 561px; height: auto;\" src=\"https:\/\/i0.wp.com\/ismaelcolosi.com.br\/wp-content\/uploads\/2023\/11\/grupo-de-empregos-whatsapp-e-facebook-ismael-colosi-vagas.jpg?ssl=1\" alt=\"\" \/><\/a><\/p>\n<!-- \/wp:image -->\n<\/div>\n<p> <br \/>\n<\/p>\n<div data-td-block-uid=\"tdi_95\">\n<div class=\"tdb-block-inner td-fix-index\">\n<p><strong>Uma carreta que transportava bobinas de papel pegou fogo na madrugada desta sexta-feira (22), na rodovia C\u00e2ndido Portinari (SP-334), pr\u00f3ximo ao trevo de Iga\u00e7aba, distrito de Pedregulho.<\/strong> <strong>Assista <\/strong>ao <strong>v\u00eddeo <\/strong>abaixo.<\/p>\n<p>Segundo informa\u00e7\u00f5es, <mark style=\"background-color:#fcb900\" class=\"has-inline-color has-black-color\">o motorista conseguiu desengatar o caminh\u00e3o e saiu sem ferimentos.<\/mark><\/p>\n<p>O fogo se propagou pelos dois lados da rodovia e foi contido por equipes do Corpo de Bombeiros de Franca, Defesa Civil, GCM (Guarda Civil Municipal) e caminh\u00e3o-pipa de Rifaina. A PMR (Pol\u00edcia Militar Rodovi\u00e1ria) tamb\u00e9m foi mobilizada na ocorr\u00eancia.<\/p>\n<p>As causas ainda dever\u00e3o ser apuradas.<\/p>\n<blockquote class=\"instagram-media\" data-instgrm-permalink=\"https:\/\/www.instagram.com\/reel\/DNqKZPes-zg\/?utm_source=ig_embed&amp;utm_campaign=loading\" data-instgrm-version=\"14\" style=\"background:#FFF;border:0;border-radius:3px;margin: 1px;max-width:540px;min-width:326px;padding:0;width:99.375%;width:-webkit-calc(100% - 2px);width:calc(100% - 2px)\"\/>\n<p>SAIBA MAIS<\/p>\n<p>Motociclista sofre ferimentos graves em acidente com tr\u00eas ve\u00edculos<\/p>\n<h2 class=\"wp-block-heading\"><strong>FIQUE ON<\/strong><\/h2>\n<p>Fique ligado em tudo que acontece em Ribeir\u00e3o Preto e regi\u00e3o. Siga os perfis do\u00a0acidade on\u00a0no\u00a0Instagram\u00a0e no\u00a0Facebook.<\/p>\n<p>Receba not\u00edcias do\u00a0acidade on\u00a0no WhatsApp. Para entrar no grupo,\u00a0basta\u00a0<a href=\"https:\/\/chat.whatsapp.com\/I4nieTEMKlf50pJ28aMemC?mode=ac_t\" target=\"_blank\" rel=\"noreferrer noopener\">clicar aqui<\/a>. Ou, acesse o nosso\u00a0Canal\u00a0<a href=\"https:\/\/whatsapp.com\/channel\/0029Vb6IQl1JENyAeS57fk2p\" target=\"_blank\" rel=\"noreferrer noopener\">clicando aqui<\/a>.<\/p>\n<p>Fa\u00e7a uma den\u00fancia ou sugira uma reportagem sobre Ribeir\u00e3o Preto e regi\u00e3o pelo WhatsApp: 16 99117 7802.<\/p>\n<p>VEJA TAMB\u00c9M<\/p>\n<p>Qual ser\u00e1 a hist\u00f3ria da 5\u00aa temporada de \u2018Emily em Paris\u2019?<\/p>\n<p><!-- AI CONTENT END 1 -->\n<\/div>\n<\/div>\n<p><script async src=\"\/\/www.instagram.com\/embed.js\"><\/script><br \/>\n<br \/><br \/>\n<br \/><a href=\"https:\/\/www.acidadeon.com\/ribeiraopreto\/cotidiano\/carreta-com-bobinas-de-papel-pega-fogo-na-regiao-de-ribeirao-preto-video\/\">Source link <\/a><\/p>\n<!-- CONTENT END 1 -->\n","protected":false},"excerpt":{"rendered":"<p>Uma carreta que transportava bobinas de papel pegou fogo na madrugada desta sexta-feira (22), na rodovia C\u00e2ndido Portinari (SP-334), pr\u00f3ximo ao trevo de Iga\u00e7aba, distrito&#8230;<\/p>\n","protected":false},"author":1,"featured_media":76122,"comment_status":"open","ping_status":"open","sticky":false,"template":"","format":"standard","meta":{"advanced_seo_description":"","jetpack_seo_html_title":"","jetpack_seo_noindex":false,"jetpack_post_was_ever_published":false,"_jetpack_newsletter_access":"","_jetpack_dont_email_post_to_subs":false,"_jetpack_newsletter_tier_id":0,"_jetpack_memberships_contains_paywalled_content":false,"_jetpack_memberships_contains_paid_content":false,"footnotes":"","jetpack_publicize_message":"","jetpack_publicize_feature_enabled":true,"jetpack_social_post_already_shared":true,"jetpack_social_options":{"image_generator_settings":{"template":"highway","default_image_id":0,"font":"","enabled":false},"version":2}},"categories":[11],"tags":[],"class_list":["post-76121","post","type-post","status-publish","format-standard","has-post-thumbnail","hentry","category-noticias-de-ribeirao-preto-sp-e-regiao-ismael-colosi"],"jetpack_publicize_connections":[],"jetpack_featured_media_url":"https:\/\/i0.wp.com\/noticiasribeiraopreto.com.br\/wp-content\/uploads\/2025\/08\/WhatsApp-Image-2025-08-22-at-06.55.19_2025-08-22_13-24-43.webp.webp?fit=1200%2C900&ssl=1","jetpack-related-posts":[{"id":22375,"url":"https:\/\/noticiasribeiraopreto.com.br\/index.php\/2023\/12\/29\/caminhao-pega-fogo-e-interdita-rodovia-na-regiao-de-ribeirao-preto-veja-o-video\/","url_meta":{"origin":76121,"position":0},"title":"Caminh\u00e3o pega fogo e interdita rodovia na regi\u00e3o de Ribeir\u00e3o Preto; Veja o v\u00eddeo","author":"noticiasribeiraopreto.com.br","date":"29 de December de 2023","format":false,"excerpt":"A parte traseira de um caminh\u00e3o ficou destru\u00edda ap\u00f3s pegar fogo na rodovia C\u00e2ndido Portinari (SP-334), pr\u00f3ximo ao km 319, entre Ribeir\u00e3o Preto e Brodowski, na tarde desta sexta-feira (29). De acordo com a Pol\u00edcia Militar Rodovi\u00e1ria (PMR), trata-se de um caminh\u00e3o trator com semirreboque. O equipamento que transportava sucata\u2026","rel":"","context":"In &quot;Not\u00edcias de Ribeir\u00e3o Preto-SP e Regi\u00e3o&quot;","block_context":{"text":"Not\u00edcias de Ribeir\u00e3o Preto-SP e Regi\u00e3o","link":"https:\/\/noticiasribeiraopreto.com.br\/index.php\/category\/noticias-de-ribeirao-preto-sp-e-regiao-ismael-colosi\/"},"img":{"alt_text":"","src":"https:\/\/i0.wp.com\/noticiasribeiraopreto.com.br\/wp-content\/uploads\/2023\/12\/WhatsApp-Image-2023-12-29-at-17.34.55-scaled.jpeg?fit=1200%2C900&ssl=1&resize=350%2C200","width":350,"height":200,"srcset":"https:\/\/i0.wp.com\/noticiasribeiraopreto.com.br\/wp-content\/uploads\/2023\/12\/WhatsApp-Image-2023-12-29-at-17.34.55-scaled.jpeg?fit=1200%2C900&ssl=1&resize=350%2C200 1x, https:\/\/i0.wp.com\/noticiasribeiraopreto.com.br\/wp-content\/uploads\/2023\/12\/WhatsApp-Image-2023-12-29-at-17.34.55-scaled.jpeg?fit=1200%2C900&ssl=1&resize=525%2C300 1.5x, https:\/\/i0.wp.com\/noticiasribeiraopreto.com.br\/wp-content\/uploads\/2023\/12\/WhatsApp-Image-2023-12-29-at-17.34.55-scaled.jpeg?fit=1200%2C900&ssl=1&resize=700%2C400 2x, https:\/\/i0.wp.com\/noticiasribeiraopreto.com.br\/wp-content\/uploads\/2023\/12\/WhatsApp-Image-2023-12-29-at-17.34.55-scaled.jpeg?fit=1200%2C900&ssl=1&resize=1050%2C600 3x"},"classes":[]},{"id":50696,"url":"https:\/\/noticiasribeiraopreto.com.br\/index.php\/2024\/05\/18\/caminhao-com-etanol-pega-fogo-e-provoca-interdicao-de-rodovia-na-regiao-de-ribeirao\/","url_meta":{"origin":76121,"position":1},"title":"Caminh\u00e3o com etanol pega fogo e provoca interdi\u00e7\u00e3o de rodovia na regi\u00e3o de Ribeir\u00e3o","author":"noticiasribeiraopreto.com.br","date":"18 de May de 2024","format":false,"excerpt":"Uma batida entre um caminh\u00e3o-tanque e um carro causou um inc\u00eandio que provocou a interdi\u00e7\u00e3o da rodovia Candido Portinari, em Batatais, na regi\u00e3o de Ribeir\u00e3o Preto. O acidente aconteceu no in\u00edcio da manh\u00e3 deste s\u00e1bado (18) e ningu\u00e9m ficou ferido. De acordo com a Arteris ViaPaulista, o acidente aconteceu na\u2026","rel":"","context":"In &quot;Not\u00edcias de Ribeir\u00e3o Preto-SP e Regi\u00e3o&quot;","block_context":{"text":"Not\u00edcias de Ribeir\u00e3o Preto-SP e Regi\u00e3o","link":"https:\/\/noticiasribeiraopreto.com.br\/index.php\/category\/noticias-de-ribeirao-preto-sp-e-regiao-ismael-colosi\/"},"img":{"alt_text":"","src":"https:\/\/i0.wp.com\/noticiasribeiraopreto.com.br\/wp-content\/uploads\/2024\/05\/AnyConv.com__incendio-caminhao_2024-05-18_12-19-18.webp.webp?fit=1200%2C675&ssl=1&resize=350%2C200","width":350,"height":200,"srcset":"https:\/\/i0.wp.com\/noticiasribeiraopreto.com.br\/wp-content\/uploads\/2024\/05\/AnyConv.com__incendio-caminhao_2024-05-18_12-19-18.webp.webp?fit=1200%2C675&ssl=1&resize=350%2C200 1x, https:\/\/i0.wp.com\/noticiasribeiraopreto.com.br\/wp-content\/uploads\/2024\/05\/AnyConv.com__incendio-caminhao_2024-05-18_12-19-18.webp.webp?fit=1200%2C675&ssl=1&resize=525%2C300 1.5x, https:\/\/i0.wp.com\/noticiasribeiraopreto.com.br\/wp-content\/uploads\/2024\/05\/AnyConv.com__incendio-caminhao_2024-05-18_12-19-18.webp.webp?fit=1200%2C675&ssl=1&resize=700%2C400 2x, https:\/\/i0.wp.com\/noticiasribeiraopreto.com.br\/wp-content\/uploads\/2024\/05\/AnyConv.com__incendio-caminhao_2024-05-18_12-19-18.webp.webp?fit=1200%2C675&ssl=1&resize=1050%2C600 3x"},"classes":[]},{"id":62280,"url":"https:\/\/noticiasribeiraopreto.com.br\/index.php\/2025\/01\/09\/caminhao-pega-fogo-e-interdita-rodovia-na-regiao-de-ribeirao-veja-video\/","url_meta":{"origin":76121,"position":2},"title":"Caminh\u00e3o pega fogo e interdita rodovia na regi\u00e3o de Ribeir\u00e3o; Veja v\u00eddeo","author":"noticiasribeiraopreto.com.br","date":"9 de January de 2025","format":false,"excerpt":"Um caminh\u00e3o que transportava biodiesel pegou fogo e interditou a rodovia Carlos Tonani (SP-333), em Jaboticabal, cidade na regi\u00e3o de Ribeir\u00e3o Preto, na manh\u00e3 desta quinta-feira (9). De acordo com as informa\u00e7\u00f5es, o inc\u00eandio aconteceu no km 109, pr\u00f3ximo ao p\u00f3rtico do ped\u00e1gio free flow da cidade. A fuma\u00e7a escura\u2026","rel":"","context":"In &quot;Not\u00edcias de Ribeir\u00e3o Preto-SP e Regi\u00e3o&quot;","block_context":{"text":"Not\u00edcias de Ribeir\u00e3o Preto-SP e Regi\u00e3o","link":"https:\/\/noticiasribeiraopreto.com.br\/index.php\/category\/noticias-de-ribeirao-preto-sp-e-regiao-ismael-colosi\/"},"img":{"alt_text":"","src":"https:\/\/i0.wp.com\/noticiasribeiraopreto.com.br\/wp-content\/uploads\/2025\/01\/Copia-de-Copia-de-Copia-de-TAMANHO-EXATO-PARA-FOTOS-NO-SISTEMA-NOVO-2025-01-09T115225.538_2025-01-09_14-52-46_png_2025-01-09_14-52-46.webp.webp?fit=1200%2C675&ssl=1&resize=350%2C200","width":350,"height":200,"srcset":"https:\/\/i0.wp.com\/noticiasribeiraopreto.com.br\/wp-content\/uploads\/2025\/01\/Copia-de-Copia-de-Copia-de-TAMANHO-EXATO-PARA-FOTOS-NO-SISTEMA-NOVO-2025-01-09T115225.538_2025-01-09_14-52-46_png_2025-01-09_14-52-46.webp.webp?fit=1200%2C675&ssl=1&resize=350%2C200 1x, https:\/\/i0.wp.com\/noticiasribeiraopreto.com.br\/wp-content\/uploads\/2025\/01\/Copia-de-Copia-de-Copia-de-TAMANHO-EXATO-PARA-FOTOS-NO-SISTEMA-NOVO-2025-01-09T115225.538_2025-01-09_14-52-46_png_2025-01-09_14-52-46.webp.webp?fit=1200%2C675&ssl=1&resize=525%2C300 1.5x, https:\/\/i0.wp.com\/noticiasribeiraopreto.com.br\/wp-content\/uploads\/2025\/01\/Copia-de-Copia-de-Copia-de-TAMANHO-EXATO-PARA-FOTOS-NO-SISTEMA-NOVO-2025-01-09T115225.538_2025-01-09_14-52-46_png_2025-01-09_14-52-46.webp.webp?fit=1200%2C675&ssl=1&resize=700%2C400 2x, https:\/\/i0.wp.com\/noticiasribeiraopreto.com.br\/wp-content\/uploads\/2025\/01\/Copia-de-Copia-de-Copia-de-TAMANHO-EXATO-PARA-FOTOS-NO-SISTEMA-NOVO-2025-01-09T115225.538_2025-01-09_14-52-46_png_2025-01-09_14-52-46.webp.webp?fit=1200%2C675&ssl=1&resize=1050%2C600 3x"},"classes":[]},{"id":58753,"url":"https:\/\/noticiasribeiraopreto.com.br\/index.php\/2024\/10\/05\/saiba-o-que-aconteceu-com-o-motorista-apos-caminhao-pegar-fogo-na-anhanguera\/","url_meta":{"origin":76121,"position":3},"title":"Saiba o que aconteceu com o motorista ap\u00f3s caminh\u00e3o pegar fogo na Anhanguera","author":"noticiasribeiraopreto.com.br","date":"5 de October de 2024","format":false,"excerpt":"Um caminh\u00e3o-tanque carregado de mistura de \u00f3leo diesel e biodiesel pegou fogo na manh\u00e3 deste s\u00e1bado (5), no km 308 da rodovia Anhanguera (SP-330), em Ribeir\u00e3o Preto. O acidente ocorreu por volta das 11h e a rodovia ainda continua interditada nos dois sentidos. N\u00e3o h\u00e1 previs\u00e3o para libera\u00e7\u00e3o. Equipes da\u2026","rel":"","context":"In &quot;Not\u00edcias de Ribeir\u00e3o Preto-SP e Regi\u00e3o&quot;","block_context":{"text":"Not\u00edcias de Ribeir\u00e3o Preto-SP e Regi\u00e3o","link":"https:\/\/noticiasribeiraopreto.com.br\/index.php\/category\/noticias-de-ribeirao-preto-sp-e-regiao-ismael-colosi\/"},"img":{"alt_text":"","src":"https:\/\/i0.wp.com\/noticiasribeiraopreto.com.br\/wp-content\/uploads\/2024\/10\/CAMINHAO_2024-10-05_21-16-52_jpg_2024-10-05_21-16-52.webp.webp?fit=1200%2C871&ssl=1&resize=350%2C200","width":350,"height":200,"srcset":"https:\/\/i0.wp.com\/noticiasribeiraopreto.com.br\/wp-content\/uploads\/2024\/10\/CAMINHAO_2024-10-05_21-16-52_jpg_2024-10-05_21-16-52.webp.webp?fit=1200%2C871&ssl=1&resize=350%2C200 1x, https:\/\/i0.wp.com\/noticiasribeiraopreto.com.br\/wp-content\/uploads\/2024\/10\/CAMINHAO_2024-10-05_21-16-52_jpg_2024-10-05_21-16-52.webp.webp?fit=1200%2C871&ssl=1&resize=525%2C300 1.5x, https:\/\/i0.wp.com\/noticiasribeiraopreto.com.br\/wp-content\/uploads\/2024\/10\/CAMINHAO_2024-10-05_21-16-52_jpg_2024-10-05_21-16-52.webp.webp?fit=1200%2C871&ssl=1&resize=700%2C400 2x, https:\/\/i0.wp.com\/noticiasribeiraopreto.com.br\/wp-content\/uploads\/2024\/10\/CAMINHAO_2024-10-05_21-16-52_jpg_2024-10-05_21-16-52.webp.webp?fit=1200%2C871&ssl=1&resize=1050%2C600 3x"},"classes":[]},{"id":79163,"url":"https:\/\/noticiasribeiraopreto.com.br\/index.php\/2025\/10\/25\/caminhao-pega-fogo-em-rodovia-na-regiao-de-ribeirao-preto-veja-video\/","url_meta":{"origin":76121,"position":4},"title":"Caminh\u00e3o pega fogo em rodovia na regi\u00e3o de Ribeir\u00e3o Preto; Veja v\u00eddeo","author":"noticiasribeiraopreto.com.br","date":"25 de October de 2025","format":false,"excerpt":"Um caminh\u00e3o pegou fogo na tarde deste s\u00e1bado (25) no acostamento do km 326 da rodovia Brigadeiro Faria Lima (SP-326), em Guariba, cidade na regi\u00e3o de Ribeir\u00e3o Preto. Um v\u00eddeo registrado por quem passava pelo local mostra a cabine do caminh\u00e3o em chamas. Em determinado momento \u00e9 poss\u00edvel ver uma\u2026","rel":"","context":"In &quot;Not\u00edcias de Ribeir\u00e3o Preto-SP e Regi\u00e3o&quot;","block_context":{"text":"Not\u00edcias de Ribeir\u00e3o Preto-SP e Regi\u00e3o","link":"https:\/\/noticiasribeiraopreto.com.br\/index.php\/category\/noticias-de-ribeirao-preto-sp-e-regiao-ismael-colosi\/"},"img":{"alt_text":"","src":"https:\/\/i0.wp.com\/noticiasribeiraopreto.com.br\/wp-content\/uploads\/2025\/10\/Copia-de-Copia-de-Copia-de-TAMANHO-EXATO-PARA-FOTOS-NO-SISTEMA-NOVO-4_2025-10-25_18-28-00.webp.webp?fit=1200%2C675&ssl=1&resize=350%2C200","width":350,"height":200,"srcset":"https:\/\/i0.wp.com\/noticiasribeiraopreto.com.br\/wp-content\/uploads\/2025\/10\/Copia-de-Copia-de-Copia-de-TAMANHO-EXATO-PARA-FOTOS-NO-SISTEMA-NOVO-4_2025-10-25_18-28-00.webp.webp?fit=1200%2C675&ssl=1&resize=350%2C200 1x, https:\/\/i0.wp.com\/noticiasribeiraopreto.com.br\/wp-content\/uploads\/2025\/10\/Copia-de-Copia-de-Copia-de-TAMANHO-EXATO-PARA-FOTOS-NO-SISTEMA-NOVO-4_2025-10-25_18-28-00.webp.webp?fit=1200%2C675&ssl=1&resize=525%2C300 1.5x, https:\/\/i0.wp.com\/noticiasribeiraopreto.com.br\/wp-content\/uploads\/2025\/10\/Copia-de-Copia-de-Copia-de-TAMANHO-EXATO-PARA-FOTOS-NO-SISTEMA-NOVO-4_2025-10-25_18-28-00.webp.webp?fit=1200%2C675&ssl=1&resize=700%2C400 2x, https:\/\/i0.wp.com\/noticiasribeiraopreto.com.br\/wp-content\/uploads\/2025\/10\/Copia-de-Copia-de-Copia-de-TAMANHO-EXATO-PARA-FOTOS-NO-SISTEMA-NOVO-4_2025-10-25_18-28-00.webp.webp?fit=1200%2C675&ssl=1&resize=1050%2C600 3x"},"classes":[]},{"id":82798,"url":"https:\/\/noticiasribeiraopreto.com.br\/index.php\/2026\/02\/27\/carro-pega-fogo-apos-bater-em-carreta-e-interdita-a-rodovia-anhanguera\/","url_meta":{"origin":76121,"position":5},"title":"Carro pega fogo ap\u00f3s bater em carreta e interdita a rodovia Anhanguera","author":"noticiasribeiraopreto.com.br","date":"27 de February de 2026","format":false,"excerpt":"Um carro pegou fogo ap\u00f3s bater na traseira de uma carreta na rodovia Anhanguera, em Ribeir\u00e3o Preto, causando a interdi\u00e7\u00e3o do sentido Norte (interior) da via. De acordo com a concession\u00e1ria, o ve\u00edculo de passeio colidiu contra a carreta e, com o impacto, come\u00e7ou a pegar fogo. O Corpo de\u2026","rel":"","context":"In &quot;Not\u00edcias de Ribeir\u00e3o Preto-SP e Regi\u00e3o&quot;","block_context":{"text":"Not\u00edcias de Ribeir\u00e3o Preto-SP e Regi\u00e3o","link":"https:\/\/noticiasribeiraopreto.com.br\/index.php\/category\/noticias-de-ribeirao-preto-sp-e-regiao-ismael-colosi\/"},"img":{"alt_text":"","src":"https:\/\/i0.wp.com\/noticiasribeiraopreto.com.br\/wp-content\/uploads\/2026\/02\/palace-39_2026-02-27_00-09-51.webp.webp?fit=1200%2C675&ssl=1&resize=350%2C200","width":350,"height":200,"srcset":"https:\/\/i0.wp.com\/noticiasribeiraopreto.com.br\/wp-content\/uploads\/2026\/02\/palace-39_2026-02-27_00-09-51.webp.webp?fit=1200%2C675&ssl=1&resize=350%2C200 1x, https:\/\/i0.wp.com\/noticiasribeiraopreto.com.br\/wp-content\/uploads\/2026\/02\/palace-39_2026-02-27_00-09-51.webp.webp?fit=1200%2C675&ssl=1&resize=525%2C300 1.5x, https:\/\/i0.wp.com\/noticiasribeiraopreto.com.br\/wp-content\/uploads\/2026\/02\/palace-39_2026-02-27_00-09-51.webp.webp?fit=1200%2C675&ssl=1&resize=700%2C400 2x, https:\/\/i0.wp.com\/noticiasribeiraopreto.com.br\/wp-content\/uploads\/2026\/02\/palace-39_2026-02-27_00-09-51.webp.webp?fit=1200%2C675&ssl=1&resize=1050%2C600 3x"},"classes":[]}],"jetpack_sharing_enabled":true,"jetpack_shortlink":"https:\/\/wp.me\/peQAOb-jNL","_links":{"self":[{"href":"https:\/\/noticiasribeiraopreto.com.br\/index.php\/wp-json\/wp\/v2\/posts\/76121","targetHints":{"allow":["GET"]}}],"collection":[{"href":"https:\/\/noticiasribeiraopreto.com.br\/index.php\/wp-json\/wp\/v2\/posts"}],"about":[{"href":"https:\/\/noticiasribeiraopreto.com.br\/index.php\/wp-json\/wp\/v2\/types\/post"}],"author":[{"embeddable":true,"href":"https:\/\/noticiasribeiraopreto.com.br\/index.php\/wp-json\/wp\/v2\/users\/1"}],"replies":[{"embeddable":true,"href":"https:\/\/noticiasribeiraopreto.com.br\/index.php\/wp-json\/wp\/v2\/comments?post=76121"}],"version-history":[{"count":0,"href":"https:\/\/noticiasribeiraopreto.com.br\/index.php\/wp-json\/wp\/v2\/posts\/76121\/revisions"}],"wp:featuredmedia":[{"embeddable":true,"href":"https:\/\/noticiasribeiraopreto.com.br\/index.php\/wp-json\/wp\/v2\/media\/76122"}],"wp:attachment":[{"href":"https:\/\/noticiasribeiraopreto.com.br\/index.php\/wp-json\/wp\/v2\/media?parent=76121"}],"wp:term":[{"taxonomy":"category","embeddable":true,"href":"https:\/\/noticiasribeiraopreto.com.br\/index.php\/wp-json\/wp\/v2\/categories?post=76121"},{"taxonomy":"post_tag","embeddable":true,"href":"https:\/\/noticiasribeiraopreto.com.br\/index.php\/wp-json\/wp\/v2\/tags?post=76121"}],"curies":[{"name":"wp","href":"https:\/\/api.w.org\/{rel}","templated":true}]}}