{"id":76123,"date":"2025-08-22T12:54:20","date_gmt":"2025-08-22T15:54:20","guid":{"rendered":"https:\/\/noticiasribeiraopreto.com.br\/index.php\/2025\/08\/22\/receita-federal-libera-consulta-de-restituicao-do-imposto-de-renda-veja-os-valores\/"},"modified":"2025-08-22T12:54:20","modified_gmt":"2025-08-22T15:54:20","slug":"receita-federal-libera-consulta-de-restituicao-do-imposto-de-renda-veja-os-valores","status":"publish","type":"post","link":"https:\/\/noticiasribeiraopreto.com.br\/index.php\/2025\/08\/22\/receita-federal-libera-consulta-de-restituicao-do-imposto-de-renda-veja-os-valores\/","title":{"rendered":"Receita Federal libera consulta de restitui\u00e7\u00e3o do Imposto de Renda; Veja os valores"},"content":{"rendered":"<div class='code-block code-block-1' style='margin: 8px 0 8px auto; text-align: right; display: block; clear: both;'>\n<p><a href=\"https:\/\/wa.link\/vpicfd\"><img data-recalc-dims=\"1\" class=\"wp-image-4922\" style=\"aspect-ratio: 2.0253164556962027; width: 561px; height: auto;\" src=\"https:\/\/i0.wp.com\/ismaelcolosi.com.br\/wp-content\/uploads\/2023\/11\/grupo-de-empregos-whatsapp-e-facebook-ismael-colosi-vagas.jpg?ssl=1\" alt=\"\" \/><\/a><\/p>\n<!-- \/wp:image -->\n<\/div>\n<p> <br \/>\n<\/p>\n<div>\n<p><mark style=\"background-color:#fcb900\" class=\"has-inline-color has-black-color\">A partir das 10h desta sexta-feira (22)<\/mark>, cerca de 1,9 milh\u00e3o de contribuintes que entregaram a Declara\u00e7\u00e3o do <strong><a href=\"https:\/\/www.gov.br\/receitafederal\/pt-br\" data-type=\"link\" data-id=\"https:\/\/www.gov.br\/receitafederal\/pt-br\" target=\"_blank\" rel=\"noopener\">Imposto de Renda Pessoa F\u00edsica<\/a> <\/strong>deste ano acertar\u00e3o as contas com o Le\u00e3o. Nesse hor\u00e1rio, a<strong><a href=\"https:\/\/www.gov.br\/receitafederal\/pt-br\" data-type=\"link\" data-id=\"https:\/\/www.gov.br\/receitafederal\/pt-br\" target=\"_blank\" rel=\"noopener\"> Receita Federal <\/a><\/strong>liberar\u00e1 a consulta ao quarto dos cinco lotes de restitui\u00e7\u00e3o de 2025. O lote tamb\u00e9m contempla restitui\u00e7\u00f5es residuais de anos anteriores.<\/p>\n<p>Ao todo, 1.884.035 contribuintes receber\u00e3o R$ 2,92 bilh\u00f5es. A maior parte do valor, informou o Fisco, ir\u00e1 para contribuintes sem prioridade no reembolso, que declararam perto do fim do prazo.<\/p>\n<p>As restitui\u00e7\u00f5es est\u00e3o distribu\u00eddas da seguinte forma:<\/p>\n<ul class=\"wp-block-list\">\n<li>1.454.509 contribuintes sem prioridade;<\/li>\n<\/ul>\n<ul class=\"wp-block-list\">\n<li>312.915 contribuintes que usaram a declara\u00e7\u00e3o pr\u00e9-preenchida e\/ou optaram simultaneamente por receber a restitui\u00e7\u00e3o via Pix;<\/li>\n<\/ul>\n<ul class=\"wp-block-list\">\n<li>72.434 contribuintes de 60 a 79 anos;<\/li>\n<\/ul>\n<ul class=\"wp-block-list\">\n<li>22.841 contribuintes cuja maior fonte de renda seja o magist\u00e9rio;<\/li>\n<\/ul>\n<ul class=\"wp-block-list\">\n<li>13.515 contribuintes acima de 80 anos;<\/li>\n<\/ul>\n<ul class=\"wp-block-list\">\n<li>7.821 contribuintes com defici\u00eancia f\u00edsica ou mental ou doen\u00e7a grave.<\/li>\n<\/ul>\n<h2 class=\"wp-block-heading\"><strong>Consulta<\/strong><\/h2>\n<p>A consulta poder\u00e1 ser feita na p\u00e1gina da Receita Federal na internet. Basta o contribuinte clicar em <strong><a href=\"https:\/\/www.gov.br\/receitafederal\/pt-br\" data-type=\"link\" data-id=\"https:\/\/www.gov.br\/receitafederal\/pt-br\" target=\"_blank\" rel=\"noopener\">\u201cMeu Imposto de Renda\u201d<\/a><\/strong> e, em seguida, no bot\u00e3o \u201cConsultar a Restitui\u00e7\u00e3o\u201d. Tamb\u00e9m \u00e9 poss\u00edvel fazer a consulta no aplicativo da Receita Federal para tablets e smartphones.<\/p>\n<p>O pagamento ser\u00e1 feito em 29 de agosto, na conta ou na chave Pix do tipo CPF informada na declara\u00e7\u00e3o do Imposto de Renda. Caso o contribuinte n\u00e3o esteja na lista, dever\u00e1 entrar no Centro Virtual de Atendimento ao Contribuinte (e-CAC) \u2013 <a href=\"https:\/\/cav.receita.fazenda.gov.br\/autenticacao\/login\" data-type=\"link\" data-id=\"https:\/\/cav.receita.fazenda.gov.br\/autenticacao\/login\" target=\"_blank\" rel=\"noopener\">clique aqui <\/a>\u2013 e tirar o extrato da declara\u00e7\u00e3o. Se verificar uma pend\u00eancia, pode enviar uma declara\u00e7\u00e3o retificadora e esperar os pr\u00f3ximos lotes da malha fina.<\/p>\n<p>Se, por algum motivo, a restitui\u00e7\u00e3o n\u00e3o for depositada na conta informada na declara\u00e7\u00e3o, como no caso de conta desativada, os valores ficar\u00e3o dispon\u00edveis para resgate por at\u00e9 um ano no Banco do Brasil.<\/p>\n<p>Nesse caso, o cidad\u00e3o poder\u00e1 agendar o cr\u00e9dito em qualquer conta banc\u00e1ria em seu nome, por meio do Portal BB ou ligando para a Central de Relacionamento do banco, nos telefones 4004-0001 (capitais), 0800-729-0001 (demais localidades) e 0800-729-0088 (telefone especial exclusivo para deficientes auditivos).<\/p>\n<p>Caso o contribuinte n\u00e3o resgate o valor de sua restitui\u00e7\u00e3o depois de um ano, dever\u00e1 requerer o valor no Portal e-CAC. Ao entrar na p\u00e1gina, o cidad\u00e3o deve acessando o menu \u201cDeclara\u00e7\u00f5es e Demonstrativos\u201d, clicar em \u201cMeu Imposto de Renda\u201d e, em seguida, no campo \u201cSolicitar restitui\u00e7\u00e3o n\u00e3o resgatada na rede banc\u00e1ria\u201d (com informa\u00e7\u00f5es<strong> Wellton M\u00e1ximo\/Ag\u00eancia Brasil<\/strong>).<\/p>\n<p><!-- AI CONTENT END 1 -->\n<\/div>\n<p><br \/>\n<br \/><a href=\"https:\/\/www.acidadeon.com\/ribeiraopreto\/economia\/receita-federal-libera-consulta-restituicao-do-imposto-de-renda-veja-os-valores\/\">Source link <\/a><\/p>\n<!-- CONTENT END 1 -->\n","protected":false},"excerpt":{"rendered":"<p>A partir das 10h desta sexta-feira (22), cerca de 1,9 milh\u00e3o de contribuintes que entregaram a Declara\u00e7\u00e3o do Imposto de Renda Pessoa F\u00edsica deste ano&#8230;<\/p>\n","protected":false},"author":1,"featured_media":76124,"comment_status":"open","ping_status":"open","sticky":false,"template":"","format":"standard","meta":{"advanced_seo_description":"","jetpack_seo_html_title":"","jetpack_seo_noindex":false,"jetpack_post_was_ever_published":false,"_jetpack_newsletter_access":"","_jetpack_dont_email_post_to_subs":false,"_jetpack_newsletter_tier_id":0,"_jetpack_memberships_contains_paywalled_content":false,"_jetpack_memberships_contains_paid_content":false,"footnotes":"","jetpack_publicize_message":"","jetpack_publicize_feature_enabled":true,"jetpack_social_post_already_shared":true,"jetpack_social_options":{"image_generator_settings":{"template":"highway","default_image_id":0,"font":"","enabled":false},"version":2}},"categories":[11],"tags":[],"class_list":["post-76123","post","type-post","status-publish","format-standard","has-post-thumbnail","hentry","category-noticias-de-ribeirao-preto-sp-e-regiao-ismael-colosi"],"jetpack_publicize_connections":[],"jetpack_featured_media_url":"https:\/\/i0.wp.com\/noticiasribeiraopreto.com.br\/wp-content\/uploads\/2025\/08\/imposto-de-renda_2025-03-18_17-20-00_jpg_2025-03-18_17-20-00.webp.webp?fit=1200%2C800&ssl=1","jetpack-related-posts":[{"id":74911,"url":"https:\/\/noticiasribeiraopreto.com.br\/index.php\/2025\/07\/31\/receita-federal-paga-3o-lote-de-restituicao-do-imposto-de-renda-veja-quem-recebe\/","url_meta":{"origin":76123,"position":0},"title":"Receita Federal paga 3\u00ba lote de restitui\u00e7\u00e3o do imposto de renda; Veja quem recebe","author":"noticiasribeiraopreto.com.br","date":"31 de July de 2025","format":false,"excerpt":"A Receita Federal libera, nesta quinta-feira (31), o terceiro dos cinco lotes de restitui\u00e7\u00e3o deste ano, o maior da hist\u00f3ria em n\u00famero de contribuintes e o segundo maior em valor.\u00a0O lote tamb\u00e9m contempla restitui\u00e7\u00f5es residuais de anos anteriores. Ao todo, 7.219.048 contribuintes receber\u00e3o R$ 10 bilh\u00f5es.\u00a0A maior parte do valor,\u2026","rel":"","context":"In &quot;Not\u00edcias de Ribeir\u00e3o Preto-SP e Regi\u00e3o&quot;","block_context":{"text":"Not\u00edcias de Ribeir\u00e3o Preto-SP e Regi\u00e3o","link":"https:\/\/noticiasribeiraopreto.com.br\/index.php\/category\/noticias-de-ribeirao-preto-sp-e-regiao-ismael-colosi\/"},"img":{"alt_text":"","src":"https:\/\/i0.wp.com\/noticiasribeiraopreto.com.br\/wp-content\/uploads\/2025\/07\/ballots-1195046_1920.jpg?fit=1200%2C800&ssl=1&resize=350%2C200","width":350,"height":200,"srcset":"https:\/\/i0.wp.com\/noticiasribeiraopreto.com.br\/wp-content\/uploads\/2025\/07\/ballots-1195046_1920.jpg?fit=1200%2C800&ssl=1&resize=350%2C200 1x, https:\/\/i0.wp.com\/noticiasribeiraopreto.com.br\/wp-content\/uploads\/2025\/07\/ballots-1195046_1920.jpg?fit=1200%2C800&ssl=1&resize=525%2C300 1.5x, https:\/\/i0.wp.com\/noticiasribeiraopreto.com.br\/wp-content\/uploads\/2025\/07\/ballots-1195046_1920.jpg?fit=1200%2C800&ssl=1&resize=700%2C400 2x, https:\/\/i0.wp.com\/noticiasribeiraopreto.com.br\/wp-content\/uploads\/2025\/07\/ballots-1195046_1920.jpg?fit=1200%2C800&ssl=1&resize=1050%2C600 3x"},"classes":[]},{"id":72917,"url":"https:\/\/noticiasribeiraopreto.com.br\/index.php\/2025\/06\/23\/jornal-da-franca-receita-federal-abre-consulta-ao-2o-lote-de-restituicao-do-ir-2025-nesta-segunda-23\/","url_meta":{"origin":76123,"position":1},"title":"Jornal da Franca &#8211; Receita Federal abre consulta ao 2\u00ba lote de restitui\u00e7\u00e3o do IR 2025 nesta segunda, 23","author":"noticiasribeiraopreto.com.br","date":"23 de June de 2025","format":false,"excerpt":"compartilhar no whatsapp compartilhar no telegram compartilhar no facebook compartilhar no linkedin Receita Federal abre nesta segunda-feira, 23, a partir das 10h, consulta ao segundo lote de restitui\u00e7\u00e3o do Imposto de Renda Receita Federal abre a partir das 10h desta segunda-feira, 23, consulta ao 2\u00ba lote de restitui\u00e7\u00e3o do Imposto\u2026","rel":"","context":"In &quot;Not\u00edcias de Franca-SP&quot;","block_context":{"text":"Not\u00edcias de Franca-SP","link":"https:\/\/noticiasribeiraopreto.com.br\/index.php\/category\/noticias-de-ribeirao-preto-sp-e-regiao-ismael-colosi\/noticias-franca-sp\/"},"img":{"alt_text":"","src":"https:\/\/i0.wp.com\/noticiasribeiraopreto.com.br\/wp-content\/uploads\/2025\/06\/Imposto-de-Renda-restituicao-antecipada.jpg?fit=1000%2C563&ssl=1&resize=350%2C200","width":350,"height":200,"srcset":"https:\/\/i0.wp.com\/noticiasribeiraopreto.com.br\/wp-content\/uploads\/2025\/06\/Imposto-de-Renda-restituicao-antecipada.jpg?fit=1000%2C563&ssl=1&resize=350%2C200 1x, https:\/\/i0.wp.com\/noticiasribeiraopreto.com.br\/wp-content\/uploads\/2025\/06\/Imposto-de-Renda-restituicao-antecipada.jpg?fit=1000%2C563&ssl=1&resize=525%2C300 1.5x, https:\/\/i0.wp.com\/noticiasribeiraopreto.com.br\/wp-content\/uploads\/2025\/06\/Imposto-de-Renda-restituicao-antecipada.jpg?fit=1000%2C563&ssl=1&resize=700%2C400 2x"},"classes":[]},{"id":39964,"url":"https:\/\/noticiasribeiraopreto.com.br\/index.php\/2024\/02\/29\/receita-paga-nesta-quinta-restituicoes-de-lote-residual-do-irpf\/","url_meta":{"origin":76123,"position":2},"title":"Receita paga nesta quinta restitui\u00e7\u00f5es de lote residual do IRPF","author":"noticiasribeiraopreto.com.br","date":"29 de February de 2024","format":false,"excerpt":"29 de fevereiro de 2024 | 9:0028 de fevereiro de 2024 | 18:26 0A Receita Federal credita, nesta quinta-feira (29), os valores das restitui\u00e7\u00f5es do lote residual do Imposto de Renda Pessoa F\u00edsica (IRPF) de fevereiro de 2024. Os lotes s\u00e3o de contribuintes que ca\u00edram na malha fina e regularizaram\u2026","rel":"","context":"In &quot;Not\u00edcias de Ribeir\u00e3o Preto-SP e Regi\u00e3o&quot;","block_context":{"text":"Not\u00edcias de Ribeir\u00e3o Preto-SP e Regi\u00e3o","link":"https:\/\/noticiasribeiraopreto.com.br\/index.php\/category\/noticias-de-ribeirao-preto-sp-e-regiao-ismael-colosi\/"},"img":{"alt_text":"","src":"https:\/\/i0.wp.com\/noticiasribeiraopreto.com.br\/wp-content\/uploads\/2024\/02\/ecb6130b-ddd4-4515-bf11-90fc583207b1-scaled.jpg?fit=1000%2C598&ssl=1&resize=350%2C200","width":350,"height":200,"srcset":"https:\/\/i0.wp.com\/noticiasribeiraopreto.com.br\/wp-content\/uploads\/2024\/02\/ecb6130b-ddd4-4515-bf11-90fc583207b1-scaled.jpg?fit=1000%2C598&ssl=1&resize=350%2C200 1x, https:\/\/i0.wp.com\/noticiasribeiraopreto.com.br\/wp-content\/uploads\/2024\/02\/ecb6130b-ddd4-4515-bf11-90fc583207b1-scaled.jpg?fit=1000%2C598&ssl=1&resize=525%2C300 1.5x, https:\/\/i0.wp.com\/noticiasribeiraopreto.com.br\/wp-content\/uploads\/2024\/02\/ecb6130b-ddd4-4515-bf11-90fc583207b1-scaled.jpg?fit=1000%2C598&ssl=1&resize=700%2C400 2x"},"classes":[]},{"id":38941,"url":"https:\/\/noticiasribeiraopreto.com.br\/index.php\/2024\/02\/22\/receita-abre-consulta-a-lote-residual-do-imposto-de-renda\/","url_meta":{"origin":76123,"position":3},"title":"Receita abre consulta a lote residual do Imposto de Renda","author":"noticiasribeiraopreto.com.br","date":"22 de February de 2024","format":false,"excerpt":"22 de fevereiro de 2024 | 13:3022 de fevereiro de 2024 | 10:48 0A Receita Federal abriu, nesta quinta-feira (22), a consulta ao lote residual de restitui\u00e7\u00e3o do Imposto de Renda Pessoa F\u00edsica (IRPF) de fevereiro de 2024. O pagamento ser\u00e1 feito no pr\u00f3ximo dia 29 para 208.323 contribuintes.Os lotes\u2026","rel":"","context":"In &quot;Not\u00edcias de Ribeir\u00e3o Preto-SP e Regi\u00e3o&quot;","block_context":{"text":"Not\u00edcias de Ribeir\u00e3o Preto-SP e Regi\u00e3o","link":"https:\/\/noticiasribeiraopreto.com.br\/index.php\/category\/noticias-de-ribeirao-preto-sp-e-regiao-ismael-colosi\/"},"img":{"alt_text":"","src":"https:\/\/i0.wp.com\/noticiasribeiraopreto.com.br\/wp-content\/uploads\/2024\/02\/imposto-de-renda_mcamgo_abr_030320221818-2-1-scaled.jpg?fit=1000%2C598&ssl=1&resize=350%2C200","width":350,"height":200,"srcset":"https:\/\/i0.wp.com\/noticiasribeiraopreto.com.br\/wp-content\/uploads\/2024\/02\/imposto-de-renda_mcamgo_abr_030320221818-2-1-scaled.jpg?fit=1000%2C598&ssl=1&resize=350%2C200 1x, https:\/\/i0.wp.com\/noticiasribeiraopreto.com.br\/wp-content\/uploads\/2024\/02\/imposto-de-renda_mcamgo_abr_030320221818-2-1-scaled.jpg?fit=1000%2C598&ssl=1&resize=525%2C300 1.5x, https:\/\/i0.wp.com\/noticiasribeiraopreto.com.br\/wp-content\/uploads\/2024\/02\/imposto-de-renda_mcamgo_abr_030320221818-2-1-scaled.jpg?fit=1000%2C598&ssl=1&resize=700%2C400 2x"},"classes":[]},{"id":66348,"url":"https:\/\/noticiasribeiraopreto.com.br\/index.php\/2025\/03\/31\/receita-paga-lote-da-malha-fina-do-imposto-de-renda-nesta-segunda\/","url_meta":{"origin":76123,"position":4},"title":"Receita paga lote da malha fina do Imposto de Renda nesta segunda","author":"noticiasribeiraopreto.com.br","date":"31 de March de 2025","format":false,"excerpt":"A Receita Federal pagar\u00e1, nesta segunda-feira (31), o lote residual de restitui\u00e7\u00f5es do Imposto de Renda, beneficiando 120.039 contribuintes que regularizaram pend\u00eancias com o Fisco. O montante total a ser distribu\u00eddo \u00e9 de R$ 253,88 milh\u00f5es. Prioridades no Reembolso Do valor total, R$ 168,86 milh\u00f5es ser\u00e3o destinados a contribuintes com\u2026","rel":"","context":"In &quot;Not\u00edcias de Ribeir\u00e3o Preto-SP e Regi\u00e3o&quot;","block_context":{"text":"Not\u00edcias de Ribeir\u00e3o Preto-SP e Regi\u00e3o","link":"https:\/\/noticiasribeiraopreto.com.br\/index.php\/category\/noticias-de-ribeirao-preto-sp-e-regiao-ismael-colosi\/"},"img":{"alt_text":"","src":"https:\/\/i0.wp.com\/noticiasribeiraopreto.com.br\/wp-content\/uploads\/2025\/03\/real_nota_moedas_8.webp.webp?fit=1170%2C700&ssl=1&resize=350%2C200","width":350,"height":200,"srcset":"https:\/\/i0.wp.com\/noticiasribeiraopreto.com.br\/wp-content\/uploads\/2025\/03\/real_nota_moedas_8.webp.webp?fit=1170%2C700&ssl=1&resize=350%2C200 1x, https:\/\/i0.wp.com\/noticiasribeiraopreto.com.br\/wp-content\/uploads\/2025\/03\/real_nota_moedas_8.webp.webp?fit=1170%2C700&ssl=1&resize=525%2C300 1.5x, https:\/\/i0.wp.com\/noticiasribeiraopreto.com.br\/wp-content\/uploads\/2025\/03\/real_nota_moedas_8.webp.webp?fit=1170%2C700&ssl=1&resize=700%2C400 2x, https:\/\/i0.wp.com\/noticiasribeiraopreto.com.br\/wp-content\/uploads\/2025\/03\/real_nota_moedas_8.webp.webp?fit=1170%2C700&ssl=1&resize=1050%2C600 3x"},"classes":[]},{"id":61825,"url":"https:\/\/noticiasribeiraopreto.com.br\/index.php\/2024\/12\/23\/saiba-quando-cai-na-conta-o-dinheiro-do-lote-residual-do-imposto-de-renda\/","url_meta":{"origin":76123,"position":5},"title":"Saiba quando cai na conta o dinheiro do lote residual do Imposto de Renda","author":"noticiasribeiraopreto.com.br","date":"23 de December de 2024","format":false,"excerpt":"A Receita Federal abriu nesta segunda-feira (23) ao consulta ao lote residual de restitui\u00e7\u00e3o do IRPF do m\u00eas de dezembro de 2024. O\u00a0cr\u00e9dito banc\u00e1rio\u00a0das 144.225 restitui\u00e7\u00f5es\u00a0ser\u00e1 realizado ao longo do dia 30 de dezembro, no valor total de R$ 448.962.939,71.\u00a0 Desse total, R$ 290.874.647,19 ser\u00e3o destinados a contribuintes que possuem\u2026","rel":"","context":"In &quot;Not\u00edcias de Ribeir\u00e3o Preto-SP e Regi\u00e3o&quot;","block_context":{"text":"Not\u00edcias de Ribeir\u00e3o Preto-SP e Regi\u00e3o","link":"https:\/\/noticiasribeiraopreto.com.br\/index.php\/category\/noticias-de-ribeirao-preto-sp-e-regiao-ismael-colosi\/"},"img":{"alt_text":"","src":"https:\/\/i0.wp.com\/noticiasribeiraopreto.com.br\/wp-content\/uploads\/2024\/12\/1734983363_ballots-1195046_1920.jpg?fit=1200%2C800&ssl=1&resize=350%2C200","width":350,"height":200,"srcset":"https:\/\/i0.wp.com\/noticiasribeiraopreto.com.br\/wp-content\/uploads\/2024\/12\/1734983363_ballots-1195046_1920.jpg?fit=1200%2C800&ssl=1&resize=350%2C200 1x, https:\/\/i0.wp.com\/noticiasribeiraopreto.com.br\/wp-content\/uploads\/2024\/12\/1734983363_ballots-1195046_1920.jpg?fit=1200%2C800&ssl=1&resize=525%2C300 1.5x, https:\/\/i0.wp.com\/noticiasribeiraopreto.com.br\/wp-content\/uploads\/2024\/12\/1734983363_ballots-1195046_1920.jpg?fit=1200%2C800&ssl=1&resize=700%2C400 2x, https:\/\/i0.wp.com\/noticiasribeiraopreto.com.br\/wp-content\/uploads\/2024\/12\/1734983363_ballots-1195046_1920.jpg?fit=1200%2C800&ssl=1&resize=1050%2C600 3x"},"classes":[]}],"jetpack_sharing_enabled":true,"jetpack_shortlink":"https:\/\/wp.me\/peQAOb-jNN","_links":{"self":[{"href":"https:\/\/noticiasribeiraopreto.com.br\/index.php\/wp-json\/wp\/v2\/posts\/76123","targetHints":{"allow":["GET"]}}],"collection":[{"href":"https:\/\/noticiasribeiraopreto.com.br\/index.php\/wp-json\/wp\/v2\/posts"}],"about":[{"href":"https:\/\/noticiasribeiraopreto.com.br\/index.php\/wp-json\/wp\/v2\/types\/post"}],"author":[{"embeddable":true,"href":"https:\/\/noticiasribeiraopreto.com.br\/index.php\/wp-json\/wp\/v2\/users\/1"}],"replies":[{"embeddable":true,"href":"https:\/\/noticiasribeiraopreto.com.br\/index.php\/wp-json\/wp\/v2\/comments?post=76123"}],"version-history":[{"count":0,"href":"https:\/\/noticiasribeiraopreto.com.br\/index.php\/wp-json\/wp\/v2\/posts\/76123\/revisions"}],"wp:featuredmedia":[{"embeddable":true,"href":"https:\/\/noticiasribeiraopreto.com.br\/index.php\/wp-json\/wp\/v2\/media\/76124"}],"wp:attachment":[{"href":"https:\/\/noticiasribeiraopreto.com.br\/index.php\/wp-json\/wp\/v2\/media?parent=76123"}],"wp:term":[{"taxonomy":"category","embeddable":true,"href":"https:\/\/noticiasribeiraopreto.com.br\/index.php\/wp-json\/wp\/v2\/categories?post=76123"},{"taxonomy":"post_tag","embeddable":true,"href":"https:\/\/noticiasribeiraopreto.com.br\/index.php\/wp-json\/wp\/v2\/tags?post=76123"}],"curies":[{"name":"wp","href":"https:\/\/api.w.org\/{rel}","templated":true}]}}