{"id":76125,"date":"2025-08-22T13:01:06","date_gmt":"2025-08-22T16:01:06","guid":{"rendered":"https:\/\/noticiasribeiraopreto.com.br\/index.php\/2025\/08\/22\/homem-e-encontrado-morto-com-tiro-na-cabeca-em-casa-de-ribeirao-preto\/"},"modified":"2025-08-22T13:01:06","modified_gmt":"2025-08-22T16:01:06","slug":"homem-e-encontrado-morto-com-tiro-na-cabeca-em-casa-de-ribeirao-preto","status":"publish","type":"post","link":"https:\/\/noticiasribeiraopreto.com.br\/index.php\/2025\/08\/22\/homem-e-encontrado-morto-com-tiro-na-cabeca-em-casa-de-ribeirao-preto\/","title":{"rendered":"Homem \u00e9 encontrado morto com tiro na cabe\u00e7a em casa de Ribeir\u00e3o Preto"},"content":{"rendered":"<div class='code-block code-block-1' style='margin: 8px 0 8px auto; text-align: right; display: block; clear: both;'>\n<p><a href=\"https:\/\/wa.link\/vpicfd\"><img data-recalc-dims=\"1\" class=\"wp-image-4922\" style=\"aspect-ratio: 2.0253164556962027; width: 561px; height: auto;\" src=\"https:\/\/i0.wp.com\/ismaelcolosi.com.br\/wp-content\/uploads\/2023\/11\/grupo-de-empregos-whatsapp-e-facebook-ismael-colosi-vagas.jpg?ssl=1\" alt=\"\" \/><\/a><\/p>\n<!-- \/wp:image -->\n<\/div>\n<p> <br \/>\n<\/p>\n<div data-td-block-uid=\"tdi_95\">\n<div class=\"tdb-block-inner td-fix-index\">\n<p><strong>Um homem de 58 anos foi encontrado morto com tiro na cabe\u00e7a e em outras partes do corpo na tarde desta quinta-feira (21), em uma casa no Jardim Salgado Filho, zona Norte de Ribeir\u00e3o Preto.<\/strong><\/p>\n<p>Segundo o <strong>boletim de ocorr\u00eancia (BO)<\/strong>, <mark style=\"background-color:#fcb900\" class=\"has-inline-color has-black-color\">a v\u00edtima, identificada como Reginaldo Lima Camara, foi localizada j\u00e1 sem vida pelo filho de sua namorada, que acionou a PM (Pol\u00edcia Militar).<\/mark> Ele disse que chamou pelo homem no port\u00e3o e ele n\u00e3o respondeu. Em seguida, conseguiu abrir o port\u00e3o e o encontrou ca\u00eddo na garagem do im\u00f3vel.<\/p>\n<p>A namorada da v\u00edtima declarou \u00e0 pol\u00edcia que o homem havia permanecido preso at\u00e9 2021, na Baixada Santista.  O crime, por\u00e9m, n\u00e3o foi informado.<\/p>\n<p>Um carro alugado estava na garagem da casa. As chaves e o controle do port\u00e3o do im\u00f3vel, contudo, n\u00e3o foram encontrados.<\/p>\n<p>C\u00e1psulas aparentemente de arma calibre 9 mil\u00edmetros foram apreendidas no local.<\/p>\n<p>A pol\u00edcia suspeita que o tiro na cabe\u00e7a tenha sido efetuado como \u201cconfirma\u00e7\u00e3o\u201d do crime. <\/p>\n<p>O caso foi registrado na CPJ (Central de Pol\u00edcia Judici\u00e1ria) Permanente como homic\u00eddio para investiga\u00e7\u00e3o da Pol\u00edcia Civil. Nenhum suspeito foi preso.<\/p>\n<p>SAIBA MAIS<\/p>\n<p>Motociclista sofre ferimentos graves em acidente com tr\u00eas ve\u00edculos<\/p>\n<h2 class=\"wp-block-heading\"><strong>FIQUE ON<\/strong><\/h2>\n<p>Fique ligado em tudo que acontece em Ribeir\u00e3o Preto e regi\u00e3o. Siga os perfis do\u00a0acidade on\u00a0no\u00a0Instagram\u00a0e no\u00a0Facebook.<\/p>\n<p>Receba not\u00edcias do\u00a0acidade on\u00a0no WhatsApp. Para entrar no grupo,\u00a0basta\u00a0<a href=\"https:\/\/chat.whatsapp.com\/I4nieTEMKlf50pJ28aMemC?mode=ac_t\" target=\"_blank\" rel=\"noreferrer noopener\">clicar aqui<\/a>. Ou, acesse o nosso\u00a0Canal\u00a0<a href=\"https:\/\/whatsapp.com\/channel\/0029Vb6IQl1JENyAeS57fk2p\" target=\"_blank\" rel=\"noreferrer noopener\">clicando aqui<\/a>.<\/p>\n<p>Fa\u00e7a uma den\u00fancia ou sugira uma reportagem sobre Ribeir\u00e3o Preto e regi\u00e3o pelo WhatsApp: 16 99117 7802.<\/p>\n<p>VEJA TAMB\u00c9M<\/p>\n<p>Qual ser\u00e1 a hist\u00f3ria da 5\u00aa temporada de \u2018Emily em Paris\u2019?<\/p>\n<p><!-- AI CONTENT END 1 -->\n<\/div>\n<\/div>\n<p><br \/>\n<br \/><a href=\"https:\/\/www.acidadeon.com\/ribeiraopreto\/cotidiano\/homem-e-encontrado-morto-com-tiro-na-cabeca-em-casa-de-ribeirao-preto\/\">Source link <\/a><\/p>\n<!-- CONTENT END 1 -->\n","protected":false},"excerpt":{"rendered":"<p>Um homem de 58 anos foi encontrado morto com tiro na cabe\u00e7a e em outras partes do corpo na tarde desta quinta-feira (21), em uma&#8230;<\/p>\n","protected":false},"author":1,"featured_media":76126,"comment_status":"open","ping_status":"open","sticky":false,"template":"","format":"standard","meta":{"advanced_seo_description":"","jetpack_seo_html_title":"","jetpack_seo_noindex":false,"jetpack_post_was_ever_published":false,"_jetpack_newsletter_access":"","_jetpack_dont_email_post_to_subs":false,"_jetpack_newsletter_tier_id":0,"_jetpack_memberships_contains_paywalled_content":false,"_jetpack_memberships_contains_paid_content":false,"footnotes":"","jetpack_publicize_message":"","jetpack_publicize_feature_enabled":true,"jetpack_social_post_already_shared":true,"jetpack_social_options":{"image_generator_settings":{"template":"highway","default_image_id":0,"font":"","enabled":false},"version":2}},"categories":[11],"tags":[],"class_list":["post-76125","post","type-post","status-publish","format-standard","has-post-thumbnail","hentry","category-noticias-de-ribeirao-preto-sp-e-regiao-ismael-colosi"],"jetpack_publicize_connections":[],"jetpack_featured_media_url":"https:\/\/i0.wp.com\/noticiasribeiraopreto.com.br\/wp-content\/uploads\/2025\/08\/WhatsApp-Image-2025-08-22-at-09.36.08_2025-08-22_12-39-19.webp.webp?fit=1200%2C675&ssl=1","jetpack-related-posts":[{"id":76510,"url":"https:\/\/noticiasribeiraopreto.com.br\/index.php\/2025\/08\/30\/homem-e-encontrado-morto-no-quintal-de-uma-casa-na-regiao-de-ribeirao\/","url_meta":{"origin":76125,"position":0},"title":"Homem \u00e9 encontrado morto no quintal de uma casa na regi\u00e3o de Ribeir\u00e3o","author":"noticiasribeiraopreto.com.br","date":"30 de August de 2025","format":false,"excerpt":"Um homem de 32 anos foi encontrado morto no quintal de uma casa localizada no Jardim Am\u00e9lia II, em Serrana, cidade na regi\u00e3o de Ribeir\u00e3o Preto, na manh\u00e3 deste s\u00e1bado (30). De acordo com o boletim de ocorr\u00eancia, a moradora da resid\u00eancia encontrou o corpo da v\u00edtima ao acordar. O\u2026","rel":"","context":"In &quot;Not\u00edcias de Ribeir\u00e3o Preto-SP e Regi\u00e3o&quot;","block_context":{"text":"Not\u00edcias de Ribeir\u00e3o Preto-SP e Regi\u00e3o","link":"https:\/\/noticiasribeiraopreto.com.br\/index.php\/category\/noticias-de-ribeirao-preto-sp-e-regiao-ismael-colosi\/"},"img":{"alt_text":"","src":"https:\/\/i0.wp.com\/noticiasribeiraopreto.com.br\/wp-content\/uploads\/2025\/08\/WhatsApp-Image-2023-12-09-at-13.55.44.jpeg?fit=1024%2C576&ssl=1&resize=350%2C200","width":350,"height":200,"srcset":"https:\/\/i0.wp.com\/noticiasribeiraopreto.com.br\/wp-content\/uploads\/2025\/08\/WhatsApp-Image-2023-12-09-at-13.55.44.jpeg?fit=1024%2C576&ssl=1&resize=350%2C200 1x, https:\/\/i0.wp.com\/noticiasribeiraopreto.com.br\/wp-content\/uploads\/2025\/08\/WhatsApp-Image-2023-12-09-at-13.55.44.jpeg?fit=1024%2C576&ssl=1&resize=525%2C300 1.5x, https:\/\/i0.wp.com\/noticiasribeiraopreto.com.br\/wp-content\/uploads\/2025\/08\/WhatsApp-Image-2023-12-09-at-13.55.44.jpeg?fit=1024%2C576&ssl=1&resize=700%2C400 2x"},"classes":[]},{"id":75192,"url":"https:\/\/noticiasribeiraopreto.com.br\/index.php\/2025\/08\/05\/homem-e-encontrado-morto-com-sinais-de-violencia-em-terreno-de-ribeirao-preto\/","url_meta":{"origin":76125,"position":1},"title":"Homem \u00e9 encontrado morto com sinais de viol\u00eancia em terreno de Ribeir\u00e3o Preto","author":"noticiasribeiraopreto.com.br","date":"5 de August de 2025","format":false,"excerpt":"Um homem, ainda n\u00e3o identificado, foi encontrado morto na manh\u00e3 desta ter\u00e7a-feira (5), com sinais de viol\u00eancia, em um terreno na Via Norte, na Vila Albertina, em Ribeir\u00e3o Preto. Segundo informa\u00e7\u00f5es, a v\u00edtima apresentava perfura\u00e7\u00f5es pelo corpo e o genital mutilado. Duas mulheres teriam visto o corpo ca\u00eddo na \u00e1rea,\u2026","rel":"","context":"In &quot;Not\u00edcias de Ribeir\u00e3o Preto-SP e Regi\u00e3o&quot;","block_context":{"text":"Not\u00edcias de Ribeir\u00e3o Preto-SP e Regi\u00e3o","link":"https:\/\/noticiasribeiraopreto.com.br\/index.php\/category\/noticias-de-ribeirao-preto-sp-e-regiao-ismael-colosi\/"},"img":{"alt_text":"","src":"https:\/\/i0.wp.com\/noticiasribeiraopreto.com.br\/wp-content\/uploads\/2025\/08\/WhatsApp-Image-2025-08-05-at-11.51.48-1_2025-08-05_15-03-55.webp.webp?fit=1200%2C900&ssl=1&resize=350%2C200","width":350,"height":200,"srcset":"https:\/\/i0.wp.com\/noticiasribeiraopreto.com.br\/wp-content\/uploads\/2025\/08\/WhatsApp-Image-2025-08-05-at-11.51.48-1_2025-08-05_15-03-55.webp.webp?fit=1200%2C900&ssl=1&resize=350%2C200 1x, https:\/\/i0.wp.com\/noticiasribeiraopreto.com.br\/wp-content\/uploads\/2025\/08\/WhatsApp-Image-2025-08-05-at-11.51.48-1_2025-08-05_15-03-55.webp.webp?fit=1200%2C900&ssl=1&resize=525%2C300 1.5x, https:\/\/i0.wp.com\/noticiasribeiraopreto.com.br\/wp-content\/uploads\/2025\/08\/WhatsApp-Image-2025-08-05-at-11.51.48-1_2025-08-05_15-03-55.webp.webp?fit=1200%2C900&ssl=1&resize=700%2C400 2x, https:\/\/i0.wp.com\/noticiasribeiraopreto.com.br\/wp-content\/uploads\/2025\/08\/WhatsApp-Image-2025-08-05-at-11.51.48-1_2025-08-05_15-03-55.webp.webp?fit=1200%2C900&ssl=1&resize=1050%2C600 3x"},"classes":[]},{"id":75200,"url":"https:\/\/noticiasribeiraopreto.com.br\/index.php\/2025\/08\/05\/idosos-encontrados-mortos-sao-identificados-em-ribeirao-preto-sobrinho-e-preso\/","url_meta":{"origin":76125,"position":2},"title":"Idosos encontrados mortos s\u00e3o identificados em Ribeir\u00e3o Preto; Sobrinho \u00e9 preso","author":"noticiasribeiraopreto.com.br","date":"5 de August de 2025","format":false,"excerpt":"Os dois idosos encontrados mortos na manh\u00e3 desta ter\u00e7a-feira (5), no bairro Campos El\u00edseos, zona Norte de Ribeir\u00e3o Preto, foram identificados. Segundo informa\u00e7\u00f5es, os irm\u00e3os Joana Helena Sim\u00f5es, de 82 anos, e Jos\u00e9 Geraldo Sim\u00f5es, de 78 anos, estavam ca\u00eddos j\u00e1 sem vida na cozinha da casa onde moravam, na\u2026","rel":"","context":"In &quot;Not\u00edcias de Ribeir\u00e3o Preto-SP e Regi\u00e3o&quot;","block_context":{"text":"Not\u00edcias de Ribeir\u00e3o Preto-SP e Regi\u00e3o","link":"https:\/\/noticiasribeiraopreto.com.br\/index.php\/category\/noticias-de-ribeirao-preto-sp-e-regiao-ismael-colosi\/"},"img":{"alt_text":"","src":"https:\/\/i0.wp.com\/noticiasribeiraopreto.com.br\/wp-content\/uploads\/2025\/08\/IDOSOS-2_2025-08-05_13-44-23.webp.webp?fit=1200%2C929&ssl=1&resize=350%2C200","width":350,"height":200,"srcset":"https:\/\/i0.wp.com\/noticiasribeiraopreto.com.br\/wp-content\/uploads\/2025\/08\/IDOSOS-2_2025-08-05_13-44-23.webp.webp?fit=1200%2C929&ssl=1&resize=350%2C200 1x, https:\/\/i0.wp.com\/noticiasribeiraopreto.com.br\/wp-content\/uploads\/2025\/08\/IDOSOS-2_2025-08-05_13-44-23.webp.webp?fit=1200%2C929&ssl=1&resize=525%2C300 1.5x, https:\/\/i0.wp.com\/noticiasribeiraopreto.com.br\/wp-content\/uploads\/2025\/08\/IDOSOS-2_2025-08-05_13-44-23.webp.webp?fit=1200%2C929&ssl=1&resize=700%2C400 2x, https:\/\/i0.wp.com\/noticiasribeiraopreto.com.br\/wp-content\/uploads\/2025\/08\/IDOSOS-2_2025-08-05_13-44-23.webp.webp?fit=1200%2C929&ssl=1&resize=1050%2C600 3x"},"classes":[]},{"id":41657,"url":"https:\/\/noticiasribeiraopreto.com.br\/index.php\/2024\/03\/10\/homem-que-estava-desaparecido-e-encontrado-morto-na-regiao-de-ribeirao\/","url_meta":{"origin":76125,"position":3},"title":"Homem que estava desaparecido \u00e9 encontrado morto na regi\u00e3o de Ribeir\u00e3o","author":"noticiasribeiraopreto.com.br","date":"10 de March de 2024","format":false,"excerpt":"Um homem foi assassinado na noite de s\u00e1bado (9) em uma estrada de terra que liga Pontal ao distrito de Cruz das Posses, em Sert\u00e3ozinho, na regi\u00e3o de Ribeir\u00e3o Preto. O corpo foi encontrado por um homem que passava pelo local e acionou a PM (Pol\u00edcia Militar). A identidade da\u2026","rel":"","context":"In &quot;Not\u00edcias de Ribeir\u00e3o Preto-SP e Regi\u00e3o&quot;","block_context":{"text":"Not\u00edcias de Ribeir\u00e3o Preto-SP e Regi\u00e3o","link":"https:\/\/noticiasribeiraopreto.com.br\/index.php\/category\/noticias-de-ribeirao-preto-sp-e-regiao-ismael-colosi\/"},"img":{"alt_text":"","src":"https:\/\/i0.wp.com\/noticiasribeiraopreto.com.br\/wp-content\/uploads\/2024\/03\/1710076529_WhatsApp-Image-2023-12-09-at-13.55.44.jpeg?fit=1024%2C576&ssl=1&resize=350%2C200","width":350,"height":200,"srcset":"https:\/\/i0.wp.com\/noticiasribeiraopreto.com.br\/wp-content\/uploads\/2024\/03\/1710076529_WhatsApp-Image-2023-12-09-at-13.55.44.jpeg?fit=1024%2C576&ssl=1&resize=350%2C200 1x, https:\/\/i0.wp.com\/noticiasribeiraopreto.com.br\/wp-content\/uploads\/2024\/03\/1710076529_WhatsApp-Image-2023-12-09-at-13.55.44.jpeg?fit=1024%2C576&ssl=1&resize=525%2C300 1.5x, https:\/\/i0.wp.com\/noticiasribeiraopreto.com.br\/wp-content\/uploads\/2024\/03\/1710076529_WhatsApp-Image-2023-12-09-at-13.55.44.jpeg?fit=1024%2C576&ssl=1&resize=700%2C400 2x"},"classes":[]},{"id":67077,"url":"https:\/\/noticiasribeiraopreto.com.br\/index.php\/2025\/04\/09\/corpo-de-homem-e-encontrado-com-marcas-de-tiros-em-canavial-de-ribeirao-preto\/","url_meta":{"origin":76125,"position":4},"title":"Corpo de homem \u00e9 encontrado com marcas de tiros em canavial de Ribeir\u00e3o Preto","author":"noticiasribeiraopreto.com.br","date":"9 de April de 2025","format":false,"excerpt":"O corpo de um homem foi encontrado na noite desta ter\u00e7a-feira (8), em um canavial \u00e0s margens do Anel Vi\u00e1rio Norte (rodovia Alexandre Balbo, SP-328), em Ribeir\u00e3o Preto. Segundo o boletim de ocorr\u00eancia (BO), havia marcas de tiros na regi\u00e3o cervical e no queixo da v\u00edtima, que n\u00e3o portava documentos.\u2026","rel":"","context":"In &quot;Not\u00edcias de Ribeir\u00e3o Preto-SP e Regi\u00e3o&quot;","block_context":{"text":"Not\u00edcias de Ribeir\u00e3o Preto-SP e Regi\u00e3o","link":"https:\/\/noticiasribeiraopreto.com.br\/index.php\/category\/noticias-de-ribeirao-preto-sp-e-regiao-ismael-colosi\/"},"img":{"alt_text":"","src":"https:\/\/i0.wp.com\/noticiasribeiraopreto.com.br\/wp-content\/uploads\/2025\/04\/cpj_policia_1024x576_21012021082231.jpg?fit=1024%2C576&ssl=1&resize=350%2C200","width":350,"height":200,"srcset":"https:\/\/i0.wp.com\/noticiasribeiraopreto.com.br\/wp-content\/uploads\/2025\/04\/cpj_policia_1024x576_21012021082231.jpg?fit=1024%2C576&ssl=1&resize=350%2C200 1x, https:\/\/i0.wp.com\/noticiasribeiraopreto.com.br\/wp-content\/uploads\/2025\/04\/cpj_policia_1024x576_21012021082231.jpg?fit=1024%2C576&ssl=1&resize=525%2C300 1.5x, https:\/\/i0.wp.com\/noticiasribeiraopreto.com.br\/wp-content\/uploads\/2025\/04\/cpj_policia_1024x576_21012021082231.jpg?fit=1024%2C576&ssl=1&resize=700%2C400 2x"},"classes":[]},{"id":67443,"url":"https:\/\/noticiasribeiraopreto.com.br\/index.php\/2025\/04\/14\/homem-e-executado-em-festa-na-zona-norte-de-ribeirao-preto\/","url_meta":{"origin":76125,"position":5},"title":"Homem \u00e9 executado em festa na zona Norte de Ribeir\u00e3o Preto","author":"noticiasribeiraopreto.com.br","date":"14 de April de 2025","format":false,"excerpt":"Um homem de 29 anos foi morto a tiros durante uma festa na noite deste domingo (13), na \u00e1rea de lazer da casa onde morava, no Parque Industrial Avelino Alves Palma, zona Norte de Ribeir\u00e3o Preto. Segundo o boletim de ocorr\u00eancia (BO), foram identificadas ao menos 22 perfura\u00e7\u00f5es no corpo\u2026","rel":"","context":"In &quot;Not\u00edcias de Ribeir\u00e3o Preto-SP e Regi\u00e3o&quot;","block_context":{"text":"Not\u00edcias de Ribeir\u00e3o Preto-SP e Regi\u00e3o","link":"https:\/\/noticiasribeiraopreto.com.br\/index.php\/category\/noticias-de-ribeirao-preto-sp-e-regiao-ismael-colosi\/"},"img":{"alt_text":"","src":"https:\/\/i0.wp.com\/noticiasribeiraopreto.com.br\/wp-content\/uploads\/2025\/04\/1744644479_cpj_policia_1024x576_21012021082231.jpg?fit=1024%2C576&ssl=1&resize=350%2C200","width":350,"height":200,"srcset":"https:\/\/i0.wp.com\/noticiasribeiraopreto.com.br\/wp-content\/uploads\/2025\/04\/1744644479_cpj_policia_1024x576_21012021082231.jpg?fit=1024%2C576&ssl=1&resize=350%2C200 1x, https:\/\/i0.wp.com\/noticiasribeiraopreto.com.br\/wp-content\/uploads\/2025\/04\/1744644479_cpj_policia_1024x576_21012021082231.jpg?fit=1024%2C576&ssl=1&resize=525%2C300 1.5x, https:\/\/i0.wp.com\/noticiasribeiraopreto.com.br\/wp-content\/uploads\/2025\/04\/1744644479_cpj_policia_1024x576_21012021082231.jpg?fit=1024%2C576&ssl=1&resize=700%2C400 2x"},"classes":[]}],"jetpack_sharing_enabled":true,"jetpack_shortlink":"https:\/\/wp.me\/peQAOb-jNP","_links":{"self":[{"href":"https:\/\/noticiasribeiraopreto.com.br\/index.php\/wp-json\/wp\/v2\/posts\/76125","targetHints":{"allow":["GET"]}}],"collection":[{"href":"https:\/\/noticiasribeiraopreto.com.br\/index.php\/wp-json\/wp\/v2\/posts"}],"about":[{"href":"https:\/\/noticiasribeiraopreto.com.br\/index.php\/wp-json\/wp\/v2\/types\/post"}],"author":[{"embeddable":true,"href":"https:\/\/noticiasribeiraopreto.com.br\/index.php\/wp-json\/wp\/v2\/users\/1"}],"replies":[{"embeddable":true,"href":"https:\/\/noticiasribeiraopreto.com.br\/index.php\/wp-json\/wp\/v2\/comments?post=76125"}],"version-history":[{"count":0,"href":"https:\/\/noticiasribeiraopreto.com.br\/index.php\/wp-json\/wp\/v2\/posts\/76125\/revisions"}],"wp:featuredmedia":[{"embeddable":true,"href":"https:\/\/noticiasribeiraopreto.com.br\/index.php\/wp-json\/wp\/v2\/media\/76126"}],"wp:attachment":[{"href":"https:\/\/noticiasribeiraopreto.com.br\/index.php\/wp-json\/wp\/v2\/media?parent=76125"}],"wp:term":[{"taxonomy":"category","embeddable":true,"href":"https:\/\/noticiasribeiraopreto.com.br\/index.php\/wp-json\/wp\/v2\/categories?post=76125"},{"taxonomy":"post_tag","embeddable":true,"href":"https:\/\/noticiasribeiraopreto.com.br\/index.php\/wp-json\/wp\/v2\/tags?post=76125"}],"curies":[{"name":"wp","href":"https:\/\/api.w.org\/{rel}","templated":true}]}}