{"id":76127,"date":"2025-08-22T15:24:46","date_gmt":"2025-08-22T18:24:46","guid":{"rendered":"https:\/\/noticiasribeiraopreto.com.br\/index.php\/2025\/08\/22\/incendio-de-grandes-proporcoes-atinge-canavial-e-interdita-rodovia-no-interior-de-sp\/"},"modified":"2025-08-22T15:24:46","modified_gmt":"2025-08-22T18:24:46","slug":"incendio-de-grandes-proporcoes-atinge-canavial-e-interdita-rodovia-no-interior-de-sp","status":"publish","type":"post","link":"https:\/\/noticiasribeiraopreto.com.br\/index.php\/2025\/08\/22\/incendio-de-grandes-proporcoes-atinge-canavial-e-interdita-rodovia-no-interior-de-sp\/","title":{"rendered":"Inc\u00eandio de grandes propor\u00e7\u00f5es atinge canavial e interdita rodovia no interior de SP"},"content":{"rendered":"<div class='code-block code-block-1' style='margin: 8px 0 8px auto; text-align: right; display: block; clear: both;'>\n<p><a href=\"https:\/\/wa.link\/vpicfd\"><img data-recalc-dims=\"1\" class=\"wp-image-4922\" style=\"aspect-ratio: 2.0253164556962027; width: 561px; height: auto;\" src=\"https:\/\/i0.wp.com\/ismaelcolosi.com.br\/wp-content\/uploads\/2023\/11\/grupo-de-empregos-whatsapp-e-facebook-ismael-colosi-vagas.jpg?ssl=1\" alt=\"\" \/><\/a><\/p>\n<!-- \/wp:image -->\n<\/div>\n<p> <br \/>\n<\/p>\n<p>Um <strong>inc\u00eandio de grandes propor\u00e7\u00f5es<\/strong> atingiu uma \u00e1rea de canavial e interditou a vicinal Oswaldo Gilberto, que liga <strong>Rifaina<\/strong> a <strong>Igarapava<\/strong>, no come\u00e7o da tarde desta sexta-feira (22). <strong>Ainda n\u00e3o se sabe o que provocou o inc\u00eandio.<\/strong><\/p>\n<p>De acordo com as informa\u00e7\u00f5es, equipes da <strong>Defesa Civil<\/strong> e <strong>caminh\u00f5es-pipa<\/strong> est\u00e3o no local combatendo as chamas, q<strong>ue ainda n\u00e3o foram controladas<\/strong>. O Corpo de Bombeiro tamb\u00e9m foi acionado.<\/p>\n<p><mark style=\"background-color:#fcb900\" class=\"has-inline-color\"><strong>Vale destacar que a Defesa Civil recomenda que a popula\u00e7\u00e3o evite a regi\u00e3o da vicinal devido ao risco do fogo intenso.<\/strong><\/mark><\/p>\n<blockquote class=\"instagram-media\" data-instgrm-permalink=\"https:\/\/www.instagram.com\/reel\/DNqqJZIO9RE\/?utm_source=ig_embed&amp;utm_campaign=loading\" data-instgrm-version=\"14\" style=\"background:#FFF;border:0;border-radius:3px;margin: 1px;max-width:540px;min-width:326px;padding:0;width:99.375%;width:-webkit-calc(100% - 2px);width:calc(100% - 2px)\">\n<div style=\"padding:16px\"> <a href=\"https:\/\/www.instagram.com\/reel\/DNqqJZIO9RE\/?utm_source=ig_embed&amp;utm_campaign=loading\" style=\"background:#FFFFFF;line-height:0;padding:0 0;text-align:center;text-decoration:none;width:100%\" target=\"_blank\" rel=\"noopener\"> <\/p>\n<div style=\"flex-direction: row;align-items: center\">\n<div style=\"background-color: #F4F4F4;border-radius: 50%;flex-grow: 0;height: 40px;margin-right: 14px;width: 40px\"><\/div>\n<div style=\"flex-direction: column;flex-grow: 1;justify-content: center\">\n<div style=\"background-color: #F4F4F4;border-radius: 4px;flex-grow: 0;height: 14px;margin-bottom: 6px;width: 100px\"><\/div>\n<div style=\"background-color: #F4F4F4;border-radius: 4px;flex-grow: 0;height: 14px;width: 60px\"><\/div>\n<\/div>\n<\/div>\n<div style=\"padding: 19% 0\"><\/div>\n<div style=\"height:50px;margin:0 auto 12px;width:50px\"><\/div>\n<div style=\"padding-top: 8px\">\n<div style=\"color:#3897f0;font-family:Arial,sans-serif;font-size:14px;font-style:normal;font-weight:550;line-height:18px\">Ver essa foto no Instagram<\/div>\n<\/div>\n<div style=\"padding: 12.5% 0\"><\/div>\n<div style=\"flex-direction: row;margin-bottom: 14px;align-items: center\">\n<div>\n<div style=\"background-color: #F4F4F4;border-radius: 50%;height: 12.5px;width: 12.5px\"><\/div>\n<div style=\"background-color: #F4F4F4;height: 12.5px;width: 12.5px;flex-grow: 0;margin-right: 14px;margin-left: 2px\"><\/div>\n<div style=\"background-color: #F4F4F4;border-radius: 50%;height: 12.5px;width: 12.5px\"><\/div>\n<\/div>\n<div style=\"margin-left: 8px\">\n<div style=\"background-color: #F4F4F4;border-radius: 50%;flex-grow: 0;height: 20px;width: 20px\"><\/div>\n<div style=\"width: 0;height: 0;border-top: 2px solid transparent;border-left: 6px solid #f4f4f4;border-bottom: 2px solid transparent\"><\/div>\n<\/div>\n<div style=\"margin-left: auto\">\n<div style=\"width: 0px;border-top: 8px solid #F4F4F4;border-right: 8px solid transparent\"><\/div>\n<div style=\"background-color: #F4F4F4;flex-grow: 0;height: 12px;width: 16px\"><\/div>\n<div style=\"width: 0;height: 0;border-top: 8px solid #F4F4F4;border-left: 8px solid transparent\"><\/div>\n<\/div>\n<\/div>\n<div style=\"flex-direction: column;flex-grow: 1;justify-content: center;margin-bottom: 24px\">\n<div style=\"background-color: #F4F4F4;border-radius: 4px;flex-grow: 0;height: 14px;margin-bottom: 6px;width: 224px\"><\/div>\n<div style=\"background-color: #F4F4F4;border-radius: 4px;flex-grow: 0;height: 14px;width: 144px\"><\/div>\n<\/div>\n<p><\/a><\/p>\n<p style=\"color:#c9c8cd;font-family:Arial,sans-serif;font-size:14px;line-height:17px;margin-bottom:0;margin-top:8px;overflow:hidden;padding:8px 0 7px;text-align:center\"><a href=\"https:\/\/www.instagram.com\/reel\/DNqqJZIO9RE\/?utm_source=ig_embed&amp;utm_campaign=loading\" style=\"color:#c9c8cd;font-family:Arial,sans-serif;font-size:14px;font-style:normal;font-weight:normal;line-height:17px;text-decoration:none\" target=\"_blank\" rel=\"noopener\">Uma publica\u00e7\u00e3o compartilhada por acidade on Ribeir\u00e3o (@acidadeonribeirao)<\/a><\/p>\n<\/div>\n<\/blockquote>\n<hr class=\"wp-block-separator has-alpha-channel-opacity\" \/>\n<p>SAIBA MAIS<\/p>\n<p>Inmet alerta para vendaval e baixa umidade no estado de SP; Veja cidades<\/p>\n<h2 class=\"wp-block-heading\"><strong>FIQUE ON<\/strong><\/h2>\n<p>Fique ligado em tudo que acontece em Ribeir\u00e3o Preto e regi\u00e3o. Siga os perfis do&nbsp;acidade on&nbsp;no&nbsp;Instagram&nbsp;e no&nbsp;Facebook.<\/p>\n<p>Receba not\u00edcias do&nbsp;acidade on&nbsp;no WhatsApp. Para entrar no grupo,&nbsp;basta&nbsp;<a href=\"https:\/\/chat.whatsapp.com\/I4nieTEMKlf50pJ28aMemC?mode=ac_t\" target=\"_blank\" rel=\"noreferrer noopener\">clicar aqui<\/a>. Ou, acesse o nosso&nbsp;Canal&nbsp;<a href=\"https:\/\/whatsapp.com\/channel\/0029Vb6IQl1JENyAeS57fk2p\" target=\"_blank\" rel=\"noreferrer noopener\">clicando aqui<\/a>.<\/p>\n<p>Fa\u00e7a uma den\u00fancia ou sugira uma reportagem sobre Ribeir\u00e3o Preto e regi\u00e3o pelo WhatsApp: 16 99117 7802.<\/p>\n<p>VEJA TAMB\u00c9M<\/p>\n<p>Qual ser\u00e1 a hist\u00f3ria da 5\u00aa temporada de \u2018Emily em Paris\u2019?<\/p>\n<p>O post Inc\u00eandio de grandes propor\u00e7\u00f5es atinge canavial e interdita rodovia no interior de SP apareceu primeiro em ACidade ON Ribeir\u00e3o Preto.<\/p>\n<p><script async src=\"\/\/www.instagram.com\/embed.js\"><\/script><br \/>\n<br \/><br \/>\n<br \/><a href=\"https:\/\/www.acidadeon.com\/ribeiraopreto\/cotidiano\/incendio-de-grandes-proporcoes-atinge-canavial-e-interdita-rodovia-no-interior-de-sp\/\">Source link <\/a><\/p>\n<!-- CONTENT END 1 -->\n","protected":false},"excerpt":{"rendered":"<p>Um inc\u00eandio de grandes propor\u00e7\u00f5es atingiu uma \u00e1rea de canavial e interditou a vicinal Oswaldo Gilberto, que liga Rifaina a Igarapava, no come\u00e7o da tarde&#8230;<\/p>\n","protected":false},"author":1,"featured_media":76128,"comment_status":"open","ping_status":"open","sticky":false,"template":"","format":"standard","meta":{"advanced_seo_description":"","jetpack_seo_html_title":"","jetpack_seo_noindex":false,"jetpack_post_was_ever_published":false,"_jetpack_newsletter_access":"","_jetpack_dont_email_post_to_subs":false,"_jetpack_newsletter_tier_id":0,"_jetpack_memberships_contains_paywalled_content":false,"_jetpack_memberships_contains_paid_content":false,"footnotes":"","jetpack_publicize_message":"","jetpack_publicize_feature_enabled":true,"jetpack_social_post_already_shared":true,"jetpack_social_options":{"image_generator_settings":{"template":"highway","default_image_id":0,"font":"","enabled":false},"version":2}},"categories":[11],"tags":[],"class_list":["post-76127","post","type-post","status-publish","format-standard","has-post-thumbnail","hentry","category-noticias-de-ribeirao-preto-sp-e-regiao-ismael-colosi"],"jetpack_publicize_connections":[],"jetpack_featured_media_url":"https:\/\/i0.wp.com\/noticiasribeiraopreto.com.br\/wp-content\/uploads\/2025\/08\/Copia-de-Copia-de-Copia-de-TAMANHO-EXATO-PARA-FOTOS-NO-SISTEMA-NOVO-2025-08-22T144825.182_2025-08-22_17-48-30.webp.webp?fit=1200%2C675&ssl=1","jetpack-related-posts":[{"id":76913,"url":"https:\/\/noticiasribeiraopreto.com.br\/index.php\/2025\/09\/08\/incendio-de-grandes-proporcoes-atinge-canavial-na-regiao-de-ribeirao-preto-veja-o-video\/","url_meta":{"origin":76127,"position":0},"title":"Inc\u00eandio de grandes propor\u00e7\u00f5es atinge canavial na regi\u00e3o de Ribeir\u00e3o Preto; Veja o v\u00eddeo","author":"noticiasribeiraopreto.com.br","date":"8 de September de 2025","format":false,"excerpt":"Um inc\u00eandio de grandes propor\u00e7\u00f5es atinge, na tarde desta segunda-feira (8), um canavial localizado \u00e0s margens da estrada vicinal que liga Ipu\u00e3 a Gua\u00edra, na regi\u00e3o de Ribeir\u00e3o Preto \u2013 veja o v\u00eddeo abaixo.\u00a0 Motoristas que passaram pelo local registraram imagens impressionantes da fuma\u00e7a densa e escura, que tomou conta\u2026","rel":"","context":"In &quot;Not\u00edcias de Ribeir\u00e3o Preto-SP e Regi\u00e3o&quot;","block_context":{"text":"Not\u00edcias de Ribeir\u00e3o Preto-SP e Regi\u00e3o","link":"https:\/\/noticiasribeiraopreto.com.br\/index.php\/category\/noticias-de-ribeirao-preto-sp-e-regiao-ismael-colosi\/"},"img":{"alt_text":"","src":"https:\/\/i0.wp.com\/noticiasribeiraopreto.com.br\/wp-content\/uploads\/2025\/09\/incendio_2025-09-08_19-55-35.webp.webp?fit=1136%2C622&ssl=1&resize=350%2C200","width":350,"height":200,"srcset":"https:\/\/i0.wp.com\/noticiasribeiraopreto.com.br\/wp-content\/uploads\/2025\/09\/incendio_2025-09-08_19-55-35.webp.webp?fit=1136%2C622&ssl=1&resize=350%2C200 1x, https:\/\/i0.wp.com\/noticiasribeiraopreto.com.br\/wp-content\/uploads\/2025\/09\/incendio_2025-09-08_19-55-35.webp.webp?fit=1136%2C622&ssl=1&resize=525%2C300 1.5x, https:\/\/i0.wp.com\/noticiasribeiraopreto.com.br\/wp-content\/uploads\/2025\/09\/incendio_2025-09-08_19-55-35.webp.webp?fit=1136%2C622&ssl=1&resize=700%2C400 2x, https:\/\/i0.wp.com\/noticiasribeiraopreto.com.br\/wp-content\/uploads\/2025\/09\/incendio_2025-09-08_19-55-35.webp.webp?fit=1136%2C622&ssl=1&resize=1050%2C600 3x"},"classes":[]},{"id":76156,"url":"https:\/\/noticiasribeiraopreto.com.br\/index.php\/2025\/08\/22\/regiao-de-ribeirao-lidera-ranking-da-pior-umidade-do-ar-em-sp-veja-lista\/","url_meta":{"origin":76127,"position":1},"title":"Regi\u00e3o de Ribeir\u00e3o lidera ranking da pior umidade do ar em SP; Veja lista","author":"noticiasribeiraopreto.com.br","date":"22 de August de 2025","format":false,"excerpt":"Quatro cidades da regi\u00e3o de Ribeir\u00e3o Preto registraram, nesta sexta-feira (22), os piores \u00edndices de umidade relativa do ar em todo o estado de S\u00e3o Paulo, segundo dados da Defesa Civil. Ituverava (11%), Altin\u00f3polis (11,6%), Barretos (12%) e Monte Azul Paulista (12,4%) atingiram \u00edndices cr\u00edticos e entraram em estado de\u2026","rel":"","context":"In &quot;Not\u00edcias de Ribeir\u00e3o Preto-SP e Regi\u00e3o&quot;","block_context":{"text":"Not\u00edcias de Ribeir\u00e3o Preto-SP e Regi\u00e3o","link":"https:\/\/noticiasribeiraopreto.com.br\/index.php\/category\/noticias-de-ribeirao-preto-sp-e-regiao-ismael-colosi\/"},"img":{"alt_text":"","src":"https:\/\/i0.wp.com\/noticiasribeiraopreto.com.br\/wp-content\/uploads\/2025\/08\/Copia-de-Copia-de-Copia-de-TAMANHO-EXATO-PARA-FOTOS-NO-SISTEMA-NOVO-2025-08-22T144825.182_2025-08-22_17-48-30-1024x576.webp.webp?fit=1024%2C576&ssl=1&resize=350%2C200","width":350,"height":200,"srcset":"https:\/\/i0.wp.com\/noticiasribeiraopreto.com.br\/wp-content\/uploads\/2025\/08\/Copia-de-Copia-de-Copia-de-TAMANHO-EXATO-PARA-FOTOS-NO-SISTEMA-NOVO-2025-08-22T144825.182_2025-08-22_17-48-30-1024x576.webp.webp?fit=1024%2C576&ssl=1&resize=350%2C200 1x, https:\/\/i0.wp.com\/noticiasribeiraopreto.com.br\/wp-content\/uploads\/2025\/08\/Copia-de-Copia-de-Copia-de-TAMANHO-EXATO-PARA-FOTOS-NO-SISTEMA-NOVO-2025-08-22T144825.182_2025-08-22_17-48-30-1024x576.webp.webp?fit=1024%2C576&ssl=1&resize=525%2C300 1.5x, https:\/\/i0.wp.com\/noticiasribeiraopreto.com.br\/wp-content\/uploads\/2025\/08\/Copia-de-Copia-de-Copia-de-TAMANHO-EXATO-PARA-FOTOS-NO-SISTEMA-NOVO-2025-08-22T144825.182_2025-08-22_17-48-30-1024x576.webp.webp?fit=1024%2C576&ssl=1&resize=700%2C400 2x"},"classes":[]},{"id":75734,"url":"https:\/\/noticiasribeiraopreto.com.br\/index.php\/2025\/08\/14\/fogo-em-carro-furtado-deu-inicio-a-incendio-de-grandes-proporcoes-em-ribeirao-preto\/","url_meta":{"origin":76127,"position":2},"title":"Fogo em carro furtado deu in\u00edcio a inc\u00eandio de grandes propor\u00e7\u00f5es em Ribeir\u00e3o Preto","author":"noticiasribeiraopreto.com.br","date":"14 de August de 2025","format":false,"excerpt":"Um inc\u00eandio de grandes propor\u00e7\u00f5es em um canavial nesta quarta-feira (13), na zona Leste de Ribeir\u00e3o Preto, teve in\u00edcio com o fogo em um furg\u00e3o que havia sido furtado. Assista ao v\u00eddeo abaixo. Segundo informa\u00e7\u00f5es, o ve\u00edculo foi furtado nas proximidades do Parque dos Servidores, tamb\u00e9m na regi\u00e3o Leste. Na\u2026","rel":"","context":"In &quot;Not\u00edcias de Ribeir\u00e3o Preto-SP e Regi\u00e3o&quot;","block_context":{"text":"Not\u00edcias de Ribeir\u00e3o Preto-SP e Regi\u00e3o","link":"https:\/\/noticiasribeiraopreto.com.br\/index.php\/category\/noticias-de-ribeirao-preto-sp-e-regiao-ismael-colosi\/"},"img":{"alt_text":"","src":"https:\/\/i0.wp.com\/noticiasribeiraopreto.com.br\/wp-content\/uploads\/2025\/08\/WhatsApp-Image-2025-08-14-at-10.07.19_2025-08-14_13-12-33.webp.webp?fit=1200%2C860&ssl=1&resize=350%2C200","width":350,"height":200,"srcset":"https:\/\/i0.wp.com\/noticiasribeiraopreto.com.br\/wp-content\/uploads\/2025\/08\/WhatsApp-Image-2025-08-14-at-10.07.19_2025-08-14_13-12-33.webp.webp?fit=1200%2C860&ssl=1&resize=350%2C200 1x, https:\/\/i0.wp.com\/noticiasribeiraopreto.com.br\/wp-content\/uploads\/2025\/08\/WhatsApp-Image-2025-08-14-at-10.07.19_2025-08-14_13-12-33.webp.webp?fit=1200%2C860&ssl=1&resize=525%2C300 1.5x, https:\/\/i0.wp.com\/noticiasribeiraopreto.com.br\/wp-content\/uploads\/2025\/08\/WhatsApp-Image-2025-08-14-at-10.07.19_2025-08-14_13-12-33.webp.webp?fit=1200%2C860&ssl=1&resize=700%2C400 2x, https:\/\/i0.wp.com\/noticiasribeiraopreto.com.br\/wp-content\/uploads\/2025\/08\/WhatsApp-Image-2025-08-14-at-10.07.19_2025-08-14_13-12-33.webp.webp?fit=1200%2C860&ssl=1&resize=1050%2C600 3x"},"classes":[]},{"id":75693,"url":"https:\/\/noticiasribeiraopreto.com.br\/index.php\/2025\/08\/13\/incendio-de-grandes-proporcoes-atinge-canavial-em-ribeirao-preto-veja-video\/","url_meta":{"origin":76127,"position":3},"title":"Inc\u00eandio de grandes propor\u00e7\u00f5es atinge canavial em Ribeir\u00e3o Preto; veja v\u00eddeo","author":"noticiasribeiraopreto.com.br","date":"13 de August de 2025","format":false,"excerpt":"Um inc\u00eandio de grandes propor\u00e7\u00f5es atinge, nesta quarta-feira (13), um canavial pr\u00f3ximo ao Portal dos Ip\u00eas, em Ribeir\u00e3o Preto. Moradores relataram que as chamas come\u00e7aram por volta das 15h. Segundo relatos, o Corpo de Bombeiros n\u00e3o p\u00f4de intervir diretamente, j\u00e1 que o inc\u00eandio ocorre dentro da \u00e1rea da usina. Veja\u2026","rel":"","context":"In &quot;Not\u00edcias de Ribeir\u00e3o Preto-SP e Regi\u00e3o&quot;","block_context":{"text":"Not\u00edcias de Ribeir\u00e3o Preto-SP e Regi\u00e3o","link":"https:\/\/noticiasribeiraopreto.com.br\/index.php\/category\/noticias-de-ribeirao-preto-sp-e-regiao-ismael-colosi\/"},"img":{"alt_text":"","src":"https:\/\/i0.wp.com\/noticiasribeiraopreto.com.br\/wp-content\/uploads\/2025\/08\/Copia-de-Copia-de-Copia-de-TAMANHO-EXATO-PARA-FOTOS-NO-SISTEMA-NOVO-2025-08-13T212434.767_2025-08-14_00-24-41.webp.webp?fit=1200%2C675&ssl=1&resize=350%2C200","width":350,"height":200,"srcset":"https:\/\/i0.wp.com\/noticiasribeiraopreto.com.br\/wp-content\/uploads\/2025\/08\/Copia-de-Copia-de-Copia-de-TAMANHO-EXATO-PARA-FOTOS-NO-SISTEMA-NOVO-2025-08-13T212434.767_2025-08-14_00-24-41.webp.webp?fit=1200%2C675&ssl=1&resize=350%2C200 1x, https:\/\/i0.wp.com\/noticiasribeiraopreto.com.br\/wp-content\/uploads\/2025\/08\/Copia-de-Copia-de-Copia-de-TAMANHO-EXATO-PARA-FOTOS-NO-SISTEMA-NOVO-2025-08-13T212434.767_2025-08-14_00-24-41.webp.webp?fit=1200%2C675&ssl=1&resize=525%2C300 1.5x, https:\/\/i0.wp.com\/noticiasribeiraopreto.com.br\/wp-content\/uploads\/2025\/08\/Copia-de-Copia-de-Copia-de-TAMANHO-EXATO-PARA-FOTOS-NO-SISTEMA-NOVO-2025-08-13T212434.767_2025-08-14_00-24-41.webp.webp?fit=1200%2C675&ssl=1&resize=700%2C400 2x, https:\/\/i0.wp.com\/noticiasribeiraopreto.com.br\/wp-content\/uploads\/2025\/08\/Copia-de-Copia-de-Copia-de-TAMANHO-EXATO-PARA-FOTOS-NO-SISTEMA-NOVO-2025-08-13T212434.767_2025-08-14_00-24-41.webp.webp?fit=1200%2C675&ssl=1&resize=1050%2C600 3x"},"classes":[]},{"id":77504,"url":"https:\/\/noticiasribeiraopreto.com.br\/index.php\/2025\/09\/19\/incendio-de-grandes-proporcoes-atinge-area-de-vegetacao-em-cidade-na-regiao-de-ribeirao-veja-video\/","url_meta":{"origin":76127,"position":4},"title":"Inc\u00eandio de grandes propor\u00e7\u00f5es atinge \u00e1rea de vegeta\u00e7\u00e3o em cidade na regi\u00e3o de Ribeir\u00e3o; Veja v\u00eddeo","author":"noticiasribeiraopreto.com.br","date":"19 de September de 2025","format":false,"excerpt":"Um inc\u00eandio de grandes propor\u00e7\u00f5es atinge uma \u00e1rea de vegeta\u00e7\u00e3o em Morro Agudo, cidade na regi\u00e3o de Ribeir\u00e3o Preto, na tarde desta sexta-feira (19). De acordo com as informa\u00e7\u00f5es da Defesa Civil da cidade, brigadas de inc\u00eandio de usinas e produtores rurais est\u00e3o no local auxiliando no combate \u00e0s chamas.\u2026","rel":"","context":"In &quot;Not\u00edcias de Ribeir\u00e3o Preto-SP e Regi\u00e3o&quot;","block_context":{"text":"Not\u00edcias de Ribeir\u00e3o Preto-SP e Regi\u00e3o","link":"https:\/\/noticiasribeiraopreto.com.br\/index.php\/category\/noticias-de-ribeirao-preto-sp-e-regiao-ismael-colosi\/"},"img":{"alt_text":"","src":"https:\/\/i0.wp.com\/noticiasribeiraopreto.com.br\/wp-content\/uploads\/2025\/09\/WhatsApp-Image-2025-09-19-at-16.36.30_2025-09-19_19-52-43.webp.webp?fit=1200%2C900&ssl=1&resize=350%2C200","width":350,"height":200,"srcset":"https:\/\/i0.wp.com\/noticiasribeiraopreto.com.br\/wp-content\/uploads\/2025\/09\/WhatsApp-Image-2025-09-19-at-16.36.30_2025-09-19_19-52-43.webp.webp?fit=1200%2C900&ssl=1&resize=350%2C200 1x, https:\/\/i0.wp.com\/noticiasribeiraopreto.com.br\/wp-content\/uploads\/2025\/09\/WhatsApp-Image-2025-09-19-at-16.36.30_2025-09-19_19-52-43.webp.webp?fit=1200%2C900&ssl=1&resize=525%2C300 1.5x, https:\/\/i0.wp.com\/noticiasribeiraopreto.com.br\/wp-content\/uploads\/2025\/09\/WhatsApp-Image-2025-09-19-at-16.36.30_2025-09-19_19-52-43.webp.webp?fit=1200%2C900&ssl=1&resize=700%2C400 2x, https:\/\/i0.wp.com\/noticiasribeiraopreto.com.br\/wp-content\/uploads\/2025\/09\/WhatsApp-Image-2025-09-19-at-16.36.30_2025-09-19_19-52-43.webp.webp?fit=1200%2C900&ssl=1&resize=1050%2C600 3x"},"classes":[]},{"id":77347,"url":"https:\/\/noticiasribeiraopreto.com.br\/index.php\/2025\/09\/16\/incendio-de-grandes-proporcoes-atinge-acampamento-no-interior-de-sp-veja-video\/","url_meta":{"origin":76127,"position":5},"title":"Inc\u00eandio de grandes propor\u00e7\u00f5es atinge acampamento no interior de SP; Veja v\u00eddeo","author":"noticiasribeiraopreto.com.br","date":"16 de September de 2025","format":false,"excerpt":"Um inc\u00eandio de grandes propor\u00e7\u00f5es atingiu uma \u00e1rea de acampamento em Col\u00f4mbia, cidade localizada a 165 km de Ribeir\u00e3o Preto, na manh\u00e3 desta ter\u00e7a-feira (16). Durante o combate as chamas, um agente da Defesa Civil precisou intervir para retirar uma mulher do local, que tentou salvar uma cria\u00e7\u00e3o de galinhas\u2026","rel":"","context":"In &quot;Not\u00edcias de Ribeir\u00e3o Preto-SP e Regi\u00e3o&quot;","block_context":{"text":"Not\u00edcias de Ribeir\u00e3o Preto-SP e Regi\u00e3o","link":"https:\/\/noticiasribeiraopreto.com.br\/index.php\/category\/noticias-de-ribeirao-preto-sp-e-regiao-ismael-colosi\/"},"img":{"alt_text":"","src":"https:\/\/i0.wp.com\/noticiasribeiraopreto.com.br\/wp-content\/uploads\/2025\/09\/Copia-de-Copia-de-Copia-de-TAMANHO-EXATO-PARA-FOTOS-NO-SISTEMA-NOVO-2025-09-16T173106.468_2025-09-16_20-31-11.webp.webp?fit=1200%2C675&ssl=1&resize=350%2C200","width":350,"height":200,"srcset":"https:\/\/i0.wp.com\/noticiasribeiraopreto.com.br\/wp-content\/uploads\/2025\/09\/Copia-de-Copia-de-Copia-de-TAMANHO-EXATO-PARA-FOTOS-NO-SISTEMA-NOVO-2025-09-16T173106.468_2025-09-16_20-31-11.webp.webp?fit=1200%2C675&ssl=1&resize=350%2C200 1x, https:\/\/i0.wp.com\/noticiasribeiraopreto.com.br\/wp-content\/uploads\/2025\/09\/Copia-de-Copia-de-Copia-de-TAMANHO-EXATO-PARA-FOTOS-NO-SISTEMA-NOVO-2025-09-16T173106.468_2025-09-16_20-31-11.webp.webp?fit=1200%2C675&ssl=1&resize=525%2C300 1.5x, https:\/\/i0.wp.com\/noticiasribeiraopreto.com.br\/wp-content\/uploads\/2025\/09\/Copia-de-Copia-de-Copia-de-TAMANHO-EXATO-PARA-FOTOS-NO-SISTEMA-NOVO-2025-09-16T173106.468_2025-09-16_20-31-11.webp.webp?fit=1200%2C675&ssl=1&resize=700%2C400 2x, https:\/\/i0.wp.com\/noticiasribeiraopreto.com.br\/wp-content\/uploads\/2025\/09\/Copia-de-Copia-de-Copia-de-TAMANHO-EXATO-PARA-FOTOS-NO-SISTEMA-NOVO-2025-09-16T173106.468_2025-09-16_20-31-11.webp.webp?fit=1200%2C675&ssl=1&resize=1050%2C600 3x"},"classes":[]}],"jetpack_sharing_enabled":true,"jetpack_shortlink":"https:\/\/wp.me\/peQAOb-jNR","_links":{"self":[{"href":"https:\/\/noticiasribeiraopreto.com.br\/index.php\/wp-json\/wp\/v2\/posts\/76127","targetHints":{"allow":["GET"]}}],"collection":[{"href":"https:\/\/noticiasribeiraopreto.com.br\/index.php\/wp-json\/wp\/v2\/posts"}],"about":[{"href":"https:\/\/noticiasribeiraopreto.com.br\/index.php\/wp-json\/wp\/v2\/types\/post"}],"author":[{"embeddable":true,"href":"https:\/\/noticiasribeiraopreto.com.br\/index.php\/wp-json\/wp\/v2\/users\/1"}],"replies":[{"embeddable":true,"href":"https:\/\/noticiasribeiraopreto.com.br\/index.php\/wp-json\/wp\/v2\/comments?post=76127"}],"version-history":[{"count":0,"href":"https:\/\/noticiasribeiraopreto.com.br\/index.php\/wp-json\/wp\/v2\/posts\/76127\/revisions"}],"wp:featuredmedia":[{"embeddable":true,"href":"https:\/\/noticiasribeiraopreto.com.br\/index.php\/wp-json\/wp\/v2\/media\/76128"}],"wp:attachment":[{"href":"https:\/\/noticiasribeiraopreto.com.br\/index.php\/wp-json\/wp\/v2\/media?parent=76127"}],"wp:term":[{"taxonomy":"category","embeddable":true,"href":"https:\/\/noticiasribeiraopreto.com.br\/index.php\/wp-json\/wp\/v2\/categories?post=76127"},{"taxonomy":"post_tag","embeddable":true,"href":"https:\/\/noticiasribeiraopreto.com.br\/index.php\/wp-json\/wp\/v2\/tags?post=76127"}],"curies":[{"name":"wp","href":"https:\/\/api.w.org\/{rel}","templated":true}]}}