{"id":76129,"date":"2025-08-22T15:32:15","date_gmt":"2025-08-22T18:32:15","guid":{"rendered":"https:\/\/noticiasribeiraopreto.com.br\/index.php\/2025\/08\/22\/sindicato-dos-servidores-critica-proposta-da-reforma-administrativa-em-ribeirao-preto\/"},"modified":"2025-08-22T15:32:15","modified_gmt":"2025-08-22T18:32:15","slug":"sindicato-dos-servidores-critica-proposta-da-reforma-administrativa-em-ribeirao-preto","status":"publish","type":"post","link":"https:\/\/noticiasribeiraopreto.com.br\/index.php\/2025\/08\/22\/sindicato-dos-servidores-critica-proposta-da-reforma-administrativa-em-ribeirao-preto\/","title":{"rendered":"Sindicato dos Servidores critica proposta da reforma administrativa em Ribeir\u00e3o Preto"},"content":{"rendered":"<div class='code-block code-block-1' style='margin: 8px 0 8px auto; text-align: right; display: block; clear: both;'>\n<p><a href=\"https:\/\/wa.link\/vpicfd\"><img data-recalc-dims=\"1\" class=\"wp-image-4922\" style=\"aspect-ratio: 2.0253164556962027; width: 561px; height: auto;\" src=\"https:\/\/i0.wp.com\/ismaelcolosi.com.br\/wp-content\/uploads\/2023\/11\/grupo-de-empregos-whatsapp-e-facebook-ismael-colosi-vagas.jpg?ssl=1\" alt=\"\" \/><\/a><\/p>\n<!-- \/wp:image -->\n<\/div>\n<p> <br \/>\n<\/p>\n<div>\n<p>O <strong><a href=\"https:\/\/municipais.org.br\/noticias\/reforma-administrativa-inconstitucional-cara-e-enganosa\/\" data-type=\"link\" data-id=\"https:\/\/municipais.org.br\/noticias\/reforma-administrativa-inconstitucional-cara-e-enganosa\/\" target=\"_blank\" rel=\"noopener\">Sindicato dos Servidores Municipais de Ribeir\u00e3o Preto<\/a><\/strong> publicou um comunicado nesta sexta-feira (22) criticando a reforma administrativa proposta pelo prefeito <strong>Ricardo Silva (PSD)<\/strong>. Os tr\u00eas projetos enviados pelo Executivo ao Legislativo preveem o corte de 98 cargos comissionados, fun\u00e7\u00f5es de confian\u00e7a e atividades gratificadas, mas prev\u00ea a cria\u00e7\u00e3o de tr\u00eas secretarias.<\/p>\n<p>A dire\u00e7\u00e3o do Sindicato dos Servidores afirma que tem realizado um estudo t\u00e9cnico cobre a proposta. \u201cEsse trabalho j\u00e1 revelou que <mark style=\"background-color:#fcb900\" class=\"has-inline-color has-black-color\">a justificativa apresentada pelo Governo Municipal para a reforma est\u00e1 repleta de contradi\u00e7\u00f5es e obscuridades<\/mark>\u201d, afirma.<\/p>\n<h2 class=\"wp-block-heading\"><strong>Questionamentos<\/strong><\/h2>\n<p>O sindicato alega que os tr\u00eas projetos de lei enviados pelo Executivo ao Legislativo contrariam a Lei Org\u00e2nica do Munic\u00edpio e a Constitui\u00e7\u00e3o do Estado de S\u00e3o Paulo. Entre os questionamentos, est\u00e3o a cria\u00e7\u00e3o de novas secretarias e a poss\u00edvel cria\u00e7\u00e3o de cargos em comiss\u00e3o que n\u00e3o ser\u00e3o exercidos por servidores p\u00fablicos efetivos.<\/p>\n<p>\u201cA reforma n\u00e3o \u00e9 \u2018enxuta\u2019 nem \u2018funcional\u2019 \u2014 ela \u00e9 um risco para a legalidade, a estabilidade e a qualidade do servi\u00e7o p\u00fablico\u201d, afirma o comunicado.<\/p>\n<h2 class=\"wp-block-heading\"><strong>O que diz a Prefeitura de Ribeir\u00e3o Preto?<\/strong><\/h2>\n<p>A reportagem do<strong> acidade on Ribeir\u00e3o <\/strong>procurou a Prefeitura de Ribeir\u00e3o Preto, mas n\u00e3o obteve resposta at\u00e9 a publica\u00e7\u00e3o da mat\u00e9ria.<\/p>\n<h2 class=\"wp-block-heading\"><strong>Audi\u00eancia p\u00fablica<\/strong><\/h2>\n<p>Na \u00faltima quarta-feira (20), a bancada do PT na <strong>C\u00e2mara Municipal de Ribeir\u00e3o Preto<\/strong> protocolou um requerimento para realiza\u00e7\u00e3o de audi\u00eancia p\u00fablica para discutir a reforma administrativa.<\/p>\n<p>A audi\u00eancia est\u00e1 marcada para o dia 2 de setembro, \u00e0s 18h, no Plen\u00e1rio da C\u00e2mara Municipal. Segundo as vereadoras <strong>Duda Hidalgo<\/strong>, <strong>Perla M\u00fcller<\/strong> e <strong>Judeti Zilli <\/strong>afirmam que a proposta de reforma impacta diretamente a estrutura administrativa da cidade e precisa ser debatida.<\/p>\n<p>\u201cA estrutura administrativa da Prefeitura influencia toda a presta\u00e7\u00e3o de servi\u00e7os, e por isso a sociedade deve participar ativamente desse debate, para que a reforma n\u00e3o seja apenas um rearranjo burocr\u00e1tico, mas um instrumento para melhorar a vida das pessoas\u201d, afirmam.<\/p>\n<p>No entanto, a reportagem do <strong>acidade on Ribeir\u00e3o<\/strong> apurou que o projeto de lei deve entrar na pauta do Legislativo para vota\u00e7\u00e3o j\u00e1 na pr\u00f3xima semana.<\/p>\n<p>SAIBA MAIS<br \/>HC de Ribeir\u00e3o Preto abre concurso p\u00fablico com sal\u00e1rios de at\u00e9 R$ 5,9 mil<\/p>\n<h2 class=\"wp-block-heading\"><strong>FIQUE ON<\/strong><\/h2>\n<p>Fique ligado em tudo que acontece em Ribeir\u00e3o Preto e regi\u00e3o. Siga os perfis do\u00a0<strong>acidade on<\/strong>\u00a0no<a href=\"https:\/\/www.instagram.com\/acidadeonribeirao\" data-type=\"link\" data-id=\"https:\/\/www.instagram.com\/acidadeonribeirao\" target=\"_blank\" rel=\"noopener\">\u00a0Instagram\u00a0<\/a>e no\u00a0<a href=\"https:\/\/www.facebook.com\/acidadeonribeirao\/\" data-type=\"link\" data-id=\"https:\/\/www.facebook.com\/acidadeonribeirao\/\" target=\"_blank\" rel=\"noopener\">Facebook<\/a>.<\/p>\n<p>Receba not\u00edcias do\u00a0<strong>acidade on<\/strong>\u00a0no WhatsApp. Para entrar no grupo,\u00a0basta <a href=\"https:\/\/chat.whatsapp.com\/I4nieTEMKlf50pJ28aMemC?mode=ac_t\" data-type=\"link\" data-id=\"https:\/\/chat.whatsapp.com\/I4nieTEMKlf50pJ28aMemC?mode=ac_t\" target=\"_blank\" rel=\"noopener\">clicar aqui<\/a>. Ou, acesse o nosso\u00a0Canal <a href=\"https:\/\/whatsapp.com\/channel\/0029Vb6IQl1JENyAeS57fk2p\" data-type=\"link\" data-id=\"https:\/\/whatsapp.com\/channel\/0029Vb6IQl1JENyAeS57fk2p\" target=\"_blank\" rel=\"noopener\">clicando aqui<\/a>.<\/p>\n<p>Fa\u00e7a uma den\u00fancia ou sugira uma reportagem sobre Ribeir\u00e3o Preto e regi\u00e3o pelo WhatsApp: 16 99117 7802.<\/p>\n<p>VEJA TAMB\u00c9M<br \/>IR: como consultar o 4\u00ba lote de restitui\u00e7\u00e3o?<\/p>\n<p><!-- AI CONTENT END 1 -->\n<\/div>\n<p><script async src=\"\/\/www.instagram.com\/embed.js\"><\/script><br \/>\n<br \/><br \/>\n<br \/><a href=\"https:\/\/www.acidadeon.com\/ribeiraopreto\/politica\/sindicato-dos-servidores-critica-proposta-da-reforma-administrativa-em-ribeirao-preto\/\">Source link <\/a><\/p>\n<!-- CONTENT END 1 -->\n","protected":false},"excerpt":{"rendered":"<p>O Sindicato dos Servidores Municipais de Ribeir\u00e3o Preto publicou um comunicado nesta sexta-feira (22) criticando a reforma administrativa proposta pelo prefeito Ricardo Silva (PSD). Os&#8230;<\/p>\n","protected":false},"author":1,"featured_media":76130,"comment_status":"open","ping_status":"open","sticky":false,"template":"","format":"standard","meta":{"advanced_seo_description":"","jetpack_seo_html_title":"","jetpack_seo_noindex":false,"jetpack_post_was_ever_published":false,"_jetpack_newsletter_access":"","_jetpack_dont_email_post_to_subs":false,"_jetpack_newsletter_tier_id":0,"_jetpack_memberships_contains_paywalled_content":false,"_jetpack_memberships_contains_paid_content":false,"footnotes":"","jetpack_publicize_message":"","jetpack_publicize_feature_enabled":true,"jetpack_social_post_already_shared":true,"jetpack_social_options":{"image_generator_settings":{"template":"highway","default_image_id":0,"font":"","enabled":false},"version":2}},"categories":[11],"tags":[],"class_list":["post-76129","post","type-post","status-publish","format-standard","has-post-thumbnail","hentry","category-noticias-de-ribeirao-preto-sp-e-regiao-ismael-colosi"],"jetpack_publicize_connections":[],"jetpack_featured_media_url":"https:\/\/i0.wp.com\/noticiasribeiraopreto.com.br\/wp-content\/uploads\/2025\/08\/ricardo-silva-prefeito_2025-08-22_15-28-38.webp.webp?fit=1200%2C800&ssl=1","jetpack-related-posts":[{"id":76344,"url":"https:\/\/noticiasribeiraopreto.com.br\/index.php\/2025\/08\/27\/reforma-administrativa-de-ribeirao-preto-sera-votada-nesta-quarta-feira\/","url_meta":{"origin":76129,"position":0},"title":"Reforma administrativa de Ribeir\u00e3o Preto ser\u00e1 votada nesta quarta-feira","author":"noticiasribeiraopreto.com.br","date":"27 de August de 2025","format":false,"excerpt":"A C\u00e2mara de Ribeir\u00e3o Preto vota a partir desta quarta-feira (27) a reforma administrativa proposta pelo prefeito Ricardo Silva (PSD). Ao todo, s\u00e3o tr\u00eas projetos que preveem o corte de 98 cargos comissionados, fun\u00e7\u00f5es de confian\u00e7a e atividades gratificadas, por\u00e9m criam tr\u00eas novas secretarias. A Prefeitura de Ribeir\u00e3o Preto afirma\u2026","rel":"","context":"In &quot;Not\u00edcias de Ribeir\u00e3o Preto-SP e Regi\u00e3o&quot;","block_context":{"text":"Not\u00edcias de Ribeir\u00e3o Preto-SP e Regi\u00e3o","link":"https:\/\/noticiasribeiraopreto.com.br\/index.php\/category\/noticias-de-ribeirao-preto-sp-e-regiao-ismael-colosi\/"},"img":{"alt_text":"","src":"https:\/\/i0.wp.com\/noticiasribeiraopreto.com.br\/wp-content\/uploads\/2025\/08\/1756300806_ribeirao-preto-prefeitura.jpg?fit=1200%2C900&ssl=1&resize=350%2C200","width":350,"height":200,"srcset":"https:\/\/i0.wp.com\/noticiasribeiraopreto.com.br\/wp-content\/uploads\/2025\/08\/1756300806_ribeirao-preto-prefeitura.jpg?fit=1200%2C900&ssl=1&resize=350%2C200 1x, https:\/\/i0.wp.com\/noticiasribeiraopreto.com.br\/wp-content\/uploads\/2025\/08\/1756300806_ribeirao-preto-prefeitura.jpg?fit=1200%2C900&ssl=1&resize=525%2C300 1.5x, https:\/\/i0.wp.com\/noticiasribeiraopreto.com.br\/wp-content\/uploads\/2025\/08\/1756300806_ribeirao-preto-prefeitura.jpg?fit=1200%2C900&ssl=1&resize=700%2C400 2x, https:\/\/i0.wp.com\/noticiasribeiraopreto.com.br\/wp-content\/uploads\/2025\/08\/1756300806_ribeirao-preto-prefeitura.jpg?fit=1200%2C900&ssl=1&resize=1050%2C600 3x"},"classes":[]},{"id":76744,"url":"https:\/\/noticiasribeiraopreto.com.br\/index.php\/2025\/09\/04\/entenda-bate-boca-durante-votacao-da-reforma-administrativa-de-ribeirao-preto\/","url_meta":{"origin":76129,"position":1},"title":"Entenda bate-boca durante vota\u00e7\u00e3o da reforma administrativa de Ribeir\u00e3o Preto","author":"noticiasribeiraopreto.com.br","date":"4 de September de 2025","format":false,"excerpt":"A vota\u00e7\u00e3o final dos tr\u00eas projetos de lei complementar da reforma administrativa de Ribeir\u00e3o Preto, na sess\u00e3o de quarta-feira (3), terminou com bate-boca e xingamento proferido pelo presidente do Legislativo, Isaac Antunes (PL). A reforma administrativa foi aprovada pelos parlamentares. A discuss\u00e3o, que terminou com a aprova\u00e7\u00e3o das propostas encaminhadas\u2026","rel":"","context":"In &quot;Not\u00edcias de Ribeir\u00e3o Preto-SP e Regi\u00e3o&quot;","block_context":{"text":"Not\u00edcias de Ribeir\u00e3o Preto-SP e Regi\u00e3o","link":"https:\/\/noticiasribeiraopreto.com.br\/index.php\/category\/noticias-de-ribeirao-preto-sp-e-regiao-ismael-colosi\/"},"img":{"alt_text":"","src":"https:\/\/i0.wp.com\/noticiasribeiraopreto.com.br\/wp-content\/uploads\/2025\/09\/camara-reforma-adm-sindicato_2025-09-04_15-14-29.webp.webp?fit=1200%2C800&ssl=1&resize=350%2C200","width":350,"height":200,"srcset":"https:\/\/i0.wp.com\/noticiasribeiraopreto.com.br\/wp-content\/uploads\/2025\/09\/camara-reforma-adm-sindicato_2025-09-04_15-14-29.webp.webp?fit=1200%2C800&ssl=1&resize=350%2C200 1x, https:\/\/i0.wp.com\/noticiasribeiraopreto.com.br\/wp-content\/uploads\/2025\/09\/camara-reforma-adm-sindicato_2025-09-04_15-14-29.webp.webp?fit=1200%2C800&ssl=1&resize=525%2C300 1.5x, https:\/\/i0.wp.com\/noticiasribeiraopreto.com.br\/wp-content\/uploads\/2025\/09\/camara-reforma-adm-sindicato_2025-09-04_15-14-29.webp.webp?fit=1200%2C800&ssl=1&resize=700%2C400 2x, https:\/\/i0.wp.com\/noticiasribeiraopreto.com.br\/wp-content\/uploads\/2025\/09\/camara-reforma-adm-sindicato_2025-09-04_15-14-29.webp.webp?fit=1200%2C800&ssl=1&resize=1050%2C600 3x"},"classes":[]},{"id":76748,"url":"https:\/\/noticiasribeiraopreto.com.br\/index.php\/2025\/09\/04\/reforma-gera-bate-boca-entre-camara-e-sindicato-dos-servidores\/","url_meta":{"origin":76129,"position":2},"title":"Reforma gera bate-boca entre C\u00e2mara e Sindicato dos Servidores","author":"noticiasribeiraopreto.com.br","date":"4 de September de 2025","format":false,"excerpt":"4 de setembro de 2025 17:130 Compartilhar0 Presidente do Legislativo municipal perde a linha com palavr\u00f5es e xingamentos O presidente da C\u00e2mara de Vereadores de Ribeir\u00e3o Preto, Isaac Antunes (PL), usou palavr\u00f5es contra o Sindicado dos Servidores Municipais de Ribeir\u00e3o Preto, Guatapar\u00e1 e Prad\u00f3polis (SSMRPGP) durante a sess\u00e3o de vota\u00e7\u00e3o\u2026","rel":"","context":"In &quot;Not\u00edcias de Ribeir\u00e3o Preto-SP e Regi\u00e3o&quot;","block_context":{"text":"Not\u00edcias de Ribeir\u00e3o Preto-SP e Regi\u00e3o","link":"https:\/\/noticiasribeiraopreto.com.br\/index.php\/category\/noticias-de-ribeirao-preto-sp-e-regiao-ismael-colosi\/"},"img":{"alt_text":"","src":"https:\/\/i0.wp.com\/noticiasribeiraopreto.com.br\/wp-content\/uploads\/2025\/09\/camara-scaled.jpeg?fit=1170%2C780&ssl=1&resize=350%2C200","width":350,"height":200,"srcset":"https:\/\/i0.wp.com\/noticiasribeiraopreto.com.br\/wp-content\/uploads\/2025\/09\/camara-scaled.jpeg?fit=1170%2C780&ssl=1&resize=350%2C200 1x, https:\/\/i0.wp.com\/noticiasribeiraopreto.com.br\/wp-content\/uploads\/2025\/09\/camara-scaled.jpeg?fit=1170%2C780&ssl=1&resize=525%2C300 1.5x, https:\/\/i0.wp.com\/noticiasribeiraopreto.com.br\/wp-content\/uploads\/2025\/09\/camara-scaled.jpeg?fit=1170%2C780&ssl=1&resize=700%2C400 2x, https:\/\/i0.wp.com\/noticiasribeiraopreto.com.br\/wp-content\/uploads\/2025\/09\/camara-scaled.jpeg?fit=1170%2C780&ssl=1&resize=1050%2C600 3x"},"classes":[]},{"id":76339,"url":"https:\/\/noticiasribeiraopreto.com.br\/index.php\/2025\/08\/27\/reforma-administrativa-vai-a-votacao\/","url_meta":{"origin":76129,"position":3},"title":"Reforma administrativa vai \u00e0 vota\u00e7\u00e3o","author":"noticiasribeiraopreto.com.br","date":"27 de August de 2025","format":false,"excerpt":"A C\u00e2mara de Vereadores vota nesta quarta-feira, 27 de agosto, em primeira discuss\u00e3o, os tr\u00eas projetos de lei do Executivo que tratam da reforma administrativa da prefeitura de Ribeir\u00e3o Preto. As propostas preveem um novo desenho organizacional com a redu\u00e7\u00e3o de 98 cargos comissionados, otimizando a utiliza\u00e7\u00e3o de fun\u00e7\u00f5es de\u2026","rel":"","context":"In &quot;Not\u00edcias de Ribeir\u00e3o Preto-SP e Regi\u00e3o&quot;","block_context":{"text":"Not\u00edcias de Ribeir\u00e3o Preto-SP e Regi\u00e3o","link":"https:\/\/noticiasribeiraopreto.com.br\/index.php\/category\/noticias-de-ribeirao-preto-sp-e-regiao-ismael-colosi\/"},"img":{"alt_text":"","src":"https:\/\/i0.wp.com\/noticiasribeiraopreto.com.br\/wp-content\/uploads\/2025\/08\/Reforma-Alfredo-Risk-scaled.jpg?fit=1170%2C780&ssl=1&resize=350%2C200","width":350,"height":200,"srcset":"https:\/\/i0.wp.com\/noticiasribeiraopreto.com.br\/wp-content\/uploads\/2025\/08\/Reforma-Alfredo-Risk-scaled.jpg?fit=1170%2C780&ssl=1&resize=350%2C200 1x, https:\/\/i0.wp.com\/noticiasribeiraopreto.com.br\/wp-content\/uploads\/2025\/08\/Reforma-Alfredo-Risk-scaled.jpg?fit=1170%2C780&ssl=1&resize=525%2C300 1.5x, https:\/\/i0.wp.com\/noticiasribeiraopreto.com.br\/wp-content\/uploads\/2025\/08\/Reforma-Alfredo-Risk-scaled.jpg?fit=1170%2C780&ssl=1&resize=700%2C400 2x, https:\/\/i0.wp.com\/noticiasribeiraopreto.com.br\/wp-content\/uploads\/2025\/08\/Reforma-Alfredo-Risk-scaled.jpg?fit=1170%2C780&ssl=1&resize=1050%2C600 3x"},"classes":[]},{"id":76926,"url":"https:\/\/noticiasribeiraopreto.com.br\/index.php\/2025\/09\/08\/vereadores-barram-representacao-contra-presidente-da-camara-de-ribeirao-preto\/","url_meta":{"origin":76129,"position":4},"title":"Vereadores barram representa\u00e7\u00e3o contra presidente da C\u00e2mara de Ribeir\u00e3o Preto","author":"noticiasribeiraopreto.com.br","date":"8 de September de 2025","format":false,"excerpt":"Os vereadores de Ribeir\u00e3o Preto barraram, nesta segunda-feira (8), o pedido para que o Conselho de \u00c9tica investigasse o presidente da C\u00e2mara Municipal, Isaac Antunes (PL), por quebra de decoro parlamentar. A den\u00fancia foi apresentada pelo PCdoB e pelo PSOL ap\u00f3s Antunes proferir xingamentos contra o Sindicato dos Servidores Municipais\u2026","rel":"","context":"In &quot;Not\u00edcias de Ribeir\u00e3o Preto-SP e Regi\u00e3o&quot;","block_context":{"text":"Not\u00edcias de Ribeir\u00e3o Preto-SP e Regi\u00e3o","link":"https:\/\/noticiasribeiraopreto.com.br\/index.php\/category\/noticias-de-ribeirao-preto-sp-e-regiao-ismael-colosi\/"},"img":{"alt_text":"","src":"https:\/\/i0.wp.com\/noticiasribeiraopreto.com.br\/wp-content\/uploads\/2025\/09\/Copia-de-Copia-de-Copia-de-TAMANHO-EXATO-PARA-FOTOS-NO-SISTEMA-NOVO-2025-09-03T202018.549_2025-09-03_23-20-31.webp.webp?fit=1200%2C675&ssl=1&resize=350%2C200","width":350,"height":200,"srcset":"https:\/\/i0.wp.com\/noticiasribeiraopreto.com.br\/wp-content\/uploads\/2025\/09\/Copia-de-Copia-de-Copia-de-TAMANHO-EXATO-PARA-FOTOS-NO-SISTEMA-NOVO-2025-09-03T202018.549_2025-09-03_23-20-31.webp.webp?fit=1200%2C675&ssl=1&resize=350%2C200 1x, https:\/\/i0.wp.com\/noticiasribeiraopreto.com.br\/wp-content\/uploads\/2025\/09\/Copia-de-Copia-de-Copia-de-TAMANHO-EXATO-PARA-FOTOS-NO-SISTEMA-NOVO-2025-09-03T202018.549_2025-09-03_23-20-31.webp.webp?fit=1200%2C675&ssl=1&resize=525%2C300 1.5x, https:\/\/i0.wp.com\/noticiasribeiraopreto.com.br\/wp-content\/uploads\/2025\/09\/Copia-de-Copia-de-Copia-de-TAMANHO-EXATO-PARA-FOTOS-NO-SISTEMA-NOVO-2025-09-03T202018.549_2025-09-03_23-20-31.webp.webp?fit=1200%2C675&ssl=1&resize=700%2C400 2x, https:\/\/i0.wp.com\/noticiasribeiraopreto.com.br\/wp-content\/uploads\/2025\/09\/Copia-de-Copia-de-Copia-de-TAMANHO-EXATO-PARA-FOTOS-NO-SISTEMA-NOVO-2025-09-03T202018.549_2025-09-03_23-20-31.webp.webp?fit=1200%2C675&ssl=1&resize=1050%2C600 3x"},"classes":[]},{"id":76387,"url":"https:\/\/noticiasribeiraopreto.com.br\/index.php\/2025\/08\/28\/reforma-administrativa-passa-na-camara\/","url_meta":{"origin":76129,"position":5},"title":"Reforma administrativa passa na C\u00e2mara","author":"noticiasribeiraopreto.com.br","date":"28 de August de 2025","format":false,"excerpt":"28 de agosto de 2025 08:257 Compartilhar0 Com plen\u00e1rio quase lotado e sob protesto de servidores, a C\u00e2mara de Vereadores aprovou nesta quarta-feira, 27 de agosto, em primeira discuss\u00e3o e por 16 votos quatro, os tr\u00eas projetos de lei do Executivo que tratam da reforma administrativa da prefeitura de Ribeir\u00e3o\u2026","rel":"","context":"In &quot;Not\u00edcias de Ribeir\u00e3o Preto-SP e Regi\u00e3o&quot;","block_context":{"text":"Not\u00edcias de Ribeir\u00e3o Preto-SP e Regi\u00e3o","link":"https:\/\/noticiasribeiraopreto.com.br\/index.php\/category\/noticias-de-ribeirao-preto-sp-e-regiao-ismael-colosi\/"},"img":{"alt_text":"","src":"https:\/\/i0.wp.com\/noticiasribeiraopreto.com.br\/wp-content\/uploads\/2025\/08\/Reforma-Pla-Alfredo-Risk-scaled.jpg?fit=1170%2C780&ssl=1&resize=350%2C200","width":350,"height":200,"srcset":"https:\/\/i0.wp.com\/noticiasribeiraopreto.com.br\/wp-content\/uploads\/2025\/08\/Reforma-Pla-Alfredo-Risk-scaled.jpg?fit=1170%2C780&ssl=1&resize=350%2C200 1x, https:\/\/i0.wp.com\/noticiasribeiraopreto.com.br\/wp-content\/uploads\/2025\/08\/Reforma-Pla-Alfredo-Risk-scaled.jpg?fit=1170%2C780&ssl=1&resize=525%2C300 1.5x, https:\/\/i0.wp.com\/noticiasribeiraopreto.com.br\/wp-content\/uploads\/2025\/08\/Reforma-Pla-Alfredo-Risk-scaled.jpg?fit=1170%2C780&ssl=1&resize=700%2C400 2x, https:\/\/i0.wp.com\/noticiasribeiraopreto.com.br\/wp-content\/uploads\/2025\/08\/Reforma-Pla-Alfredo-Risk-scaled.jpg?fit=1170%2C780&ssl=1&resize=1050%2C600 3x"},"classes":[]}],"jetpack_sharing_enabled":true,"jetpack_shortlink":"https:\/\/wp.me\/peQAOb-jNT","_links":{"self":[{"href":"https:\/\/noticiasribeiraopreto.com.br\/index.php\/wp-json\/wp\/v2\/posts\/76129","targetHints":{"allow":["GET"]}}],"collection":[{"href":"https:\/\/noticiasribeiraopreto.com.br\/index.php\/wp-json\/wp\/v2\/posts"}],"about":[{"href":"https:\/\/noticiasribeiraopreto.com.br\/index.php\/wp-json\/wp\/v2\/types\/post"}],"author":[{"embeddable":true,"href":"https:\/\/noticiasribeiraopreto.com.br\/index.php\/wp-json\/wp\/v2\/users\/1"}],"replies":[{"embeddable":true,"href":"https:\/\/noticiasribeiraopreto.com.br\/index.php\/wp-json\/wp\/v2\/comments?post=76129"}],"version-history":[{"count":0,"href":"https:\/\/noticiasribeiraopreto.com.br\/index.php\/wp-json\/wp\/v2\/posts\/76129\/revisions"}],"wp:featuredmedia":[{"embeddable":true,"href":"https:\/\/noticiasribeiraopreto.com.br\/index.php\/wp-json\/wp\/v2\/media\/76130"}],"wp:attachment":[{"href":"https:\/\/noticiasribeiraopreto.com.br\/index.php\/wp-json\/wp\/v2\/media?parent=76129"}],"wp:term":[{"taxonomy":"category","embeddable":true,"href":"https:\/\/noticiasribeiraopreto.com.br\/index.php\/wp-json\/wp\/v2\/categories?post=76129"},{"taxonomy":"post_tag","embeddable":true,"href":"https:\/\/noticiasribeiraopreto.com.br\/index.php\/wp-json\/wp\/v2\/tags?post=76129"}],"curies":[{"name":"wp","href":"https:\/\/api.w.org\/{rel}","templated":true}]}}