{"id":76131,"date":"2025-08-22T15:40:56","date_gmt":"2025-08-22T18:40:56","guid":{"rendered":"https:\/\/noticiasribeiraopreto.com.br\/index.php\/2025\/08\/22\/joao-bosco-e-vinicius-analisam-novas-vertentes-do-sertanejo-a-gente-tem-que-respeitar\/"},"modified":"2025-08-22T15:40:56","modified_gmt":"2025-08-22T18:40:56","slug":"joao-bosco-e-vinicius-analisam-novas-vertentes-do-sertanejo-a-gente-tem-que-respeitar","status":"publish","type":"post","link":"https:\/\/noticiasribeiraopreto.com.br\/index.php\/2025\/08\/22\/joao-bosco-e-vinicius-analisam-novas-vertentes-do-sertanejo-a-gente-tem-que-respeitar\/","title":{"rendered":"Jo\u00e3o Bosco e Vin\u00edcius analisam novas vertentes do sertanejo: &#8216;A gente tem que respeitar&#8217;"},"content":{"rendered":"<div class='code-block code-block-1' style='margin: 8px 0 8px auto; text-align: right; display: block; clear: both;'>\n<p><a href=\"https:\/\/wa.link\/vpicfd\"><img data-recalc-dims=\"1\" class=\"wp-image-4922\" style=\"aspect-ratio: 2.0253164556962027; width: 561px; height: auto;\" src=\"https:\/\/i0.wp.com\/ismaelcolosi.com.br\/wp-content\/uploads\/2023\/11\/grupo-de-empregos-whatsapp-e-facebook-ismael-colosi-vagas.jpg?ssl=1\" alt=\"\" \/><\/a><\/p>\n<!-- \/wp:image -->\n<\/div>\n<p> <br \/>\n<\/p>\n<div>\n<blockquote class=\"instagram-media\" data-instgrm-permalink=\"https:\/\/www.instagram.com\/reel\/DNqmzdvO-nq\/?utm_source=ig_embed&amp;utm_campaign=loading\" data-instgrm-version=\"14\" style=\"background:#FFF;border:0;border-radius:3px;margin: 1px;max-width:540px;min-width:326px;padding:0;width:99.375%;width:-webkit-calc(100% - 2px);width:calc(100% - 2px)\"\/>\n<p><strong><mark style=\"background-color:#fcb900\" class=\"has-inline-color\">Jo\u00e3o Bosco e Vin\u00edcius podem dizer que s\u00e3o da vanguarda do sertanejo universit\u00e1rio brasileiro.<\/mark><\/strong> A dupla que se conheceu e se formou em Coxim, no Mato Grosso do Sul, come\u00e7ou nos barzinhos e logo <strong>popularizou o g\u00eanero que revolucionou a m\u00fasica caipira.<\/strong><\/p>\n<p>20 anos ap\u00f3s o primeiro estouro da dupla e, consequentemente, do sertanejo universit\u00e1rio,<strong> o estilo musical passa por uma nova fase, com o eletronejo, mistura de sertanejo com eletr\u00f4nico, e eletrofunk, mistura com funk<\/strong>. <strong><mark style=\"background-color:#fcb900\" class=\"has-inline-color\">Ao acidade on Ribeir\u00e3o, a dupla falou como enxerga essa nova mudan\u00e7a.<\/mark><\/strong><\/p>\n<figure class=\"wp-block-pullquote\">\n<blockquote>\n<p>Tem uma palavra que a gente sempre buscou no nosso trabalho: verdade. Ningu\u00e9m pode ir contra a verdade do artista. Se essa \u00e9 a verdade destes artistas mais novos, que misturam funk, a gente tem que respeitar. E se \u00e9 uma forma da m\u00fasica sertaneja continuar por mais tempo, a\u00ed que devemos bater palma.<\/p>\n<p>Quando a gente come\u00e7ou l\u00e1 atr\u00e1s, principalmente acelerando os beats das m\u00fasicas, tamb\u00e9m fomos olhados como \u2018o que esses caras est\u00e3o fazendo\u2019, mas aquilo era nossa verdade.<\/p>\n<p><cite>disse Jo\u00e3o Bosco<\/cite><\/p><\/blockquote>\n<\/figure>\n<h2 class=\"wp-block-heading\"><strong>Como surgiu?<\/strong><\/h2>\n<p>Jo\u00e3o Bosco ainda relembrou como surgiu a ideia de come\u00e7ar a produzir o g\u00eanero que posteriormente passou a ser chamado de sertanejo universit\u00e1rio. Nos bares de Coxim, <strong>a dupla identificou que os colegas de faculdade gostavam de sertanejo, mas n\u00e3o da melancolia de algumas can\u00e7\u00f5es. <\/strong><\/p>\n<figure class=\"wp-block-pullquote\">\n<blockquote>\n<p>Foi o que deu o grande lance do estilo de Jo\u00e3o Bosco e Vin\u00edcius. Foi a virada de chave de n\u00f3s como dupla. Resolvemos um dia acelerar o beat, deixar mais dan\u00e7ante, os universit\u00e1rios j\u00e1 t\u00eam tantos problemas, era a nossa verdade e n\u00f3s quer\u00edamos trazer um pouco de alegria para aquela turma.<\/p>\n<p><cite>acrescentou Jo\u00e3o Bosco <\/cite><\/p><\/blockquote>\n<\/figure>\n<h2 class=\"wp-block-heading\"><strong>Novo \u00e1lbum<\/strong><\/h2>\n<p><strong>Em julho, Jo\u00e3o Bosco &amp; Vin\u00edcius subiram ao palco do Multiplan Hall, em Ribeir\u00e3o Preto, para gravar o novo DVD da carreira.<\/strong> \u201cDeixa o Barulho\u201d conta com a produ\u00e7\u00e3o de Marcelo Cheba e a dire\u00e7\u00e3o de v\u00eddeo de Fernando Catatau.<\/p>\n<p>O audiovisual re\u00fane 18 faixas in\u00e9ditas e duas regrava\u00e7\u00f5es <strong><mark style=\"background-color:#fcb900\" class=\"has-inline-color\">e tem previs\u00e3o de lan\u00e7amento para o final de 2025. <\/mark><\/strong>Apesar do projeto composto praticamente apenas por m\u00fasicas novas, a dupla n\u00e3o deixa a ess\u00eancia de regrava\u00e7\u00f5es de lado.<\/p>\n<figure class=\"wp-block-pullquote\">\n<blockquote>\n<p>Quando a gente faz o projeto n\u00e3o nos apegamos a isso [ser in\u00e9dito ou n\u00e3o]. Esse novo projeto, em especial, \u00e9 um para ser in\u00e9dito, mas no meio do caminho a gente resolveu acrescentar duas que achamos que as vezes as pessoas n\u00e3o lembram delas, ent\u00e3o resolvemos regravar essas duas m\u00fasicas que fazem parte da nossa hist\u00f3ria da \u00e9poca de barzinhos.<\/p>\n<p><cite>completou Vin\u00edcius<\/cite><\/p><\/blockquote>\n<\/figure>\n<h2 class=\"wp-block-heading\"><strong>Em Barretos <\/strong><\/h2>\n<p>No show desta quinta-feira (21), na <strong>70\u00aa edi\u00e7\u00e3o da Festa do Pe\u00e3o de Barretos<\/strong>, no Parque do Pe\u00e3o, a dupla foi das antigas at\u00e9 as atuais e fez o p\u00fablico cantar e dan\u00e7ar animado em pouco mais de 1h de show.<\/p>\n<p><strong>Joao Bosco e Vin\u00edcius foram de \u201cChora me Liga\u201d, hit que abriu o show, at\u00e9 o remix de \u201cBloqueia Eu\u201d com DJ Lucas Beat.<\/strong> Entre os sucessos, recorreram a consagradas can\u00e7\u00f5es do sertanejo, como \u201cP\u00e1gina de Amigos\u201d, cantado a pleno pulm\u00f5es pelo p\u00fablico.<\/p>\n<p>SAIBA MAIS<\/p>\n<p>R$ 1,4 milh\u00e3o em pr\u00eamios: Conhe\u00e7a as modalidades no rodeio da Festa do Pe\u00e3o de Barretos<\/p>\n<h2 class=\"wp-block-heading\"><strong>FIQUE ON<\/strong><\/h2>\n<p>Fique ligado em tudo que acontece em Ribeir\u00e3o Preto e regi\u00e3o. Siga os perfis do\u00a0<strong>acidade on<\/strong>\u00a0no<a href=\"https:\/\/www.instagram.com\/acidadeonribeirao\" target=\"_blank\" rel=\"noreferrer noopener\">\u00a0Instagram\u00a0<\/a>e no\u00a0<a href=\"https:\/\/www.facebook.com\/acidadeonribeirao\/\" target=\"_blank\" rel=\"noreferrer noopener\">Facebook<\/a>.<\/p>\n<p>Receba not\u00edcias do<strong>\u00a0acidade on<\/strong>\u00a0no WhatsApp. Para entrar no grupo,\u00a0basta\u00a0<a href=\"https:\/\/chat.whatsapp.com\/I4nieTEMKlf50pJ28aMemC?mode=ac_t\" target=\"_blank\" rel=\"noreferrer noopener\">clicar aqui<\/a>. Ou, acesse o nosso\u00a0Canal\u00a0<a href=\"https:\/\/whatsapp.com\/channel\/0029Vb6IQl1JENyAeS57fk2p\" target=\"_blank\" rel=\"noreferrer noopener\">clicando aqui<\/a>.<\/p>\n<p>Fa\u00e7a uma den\u00fancia ou sugira uma reportagem sobre Ribeir\u00e3o Preto e regi\u00e3o pelo WhatsApp: 16 99117 7802.<\/p>\n<p>VEJA TAMB\u00c9M<\/p>\n<p>O que aconteceu com Brent Hinds, da Mastodon?<\/p>\n<p><!-- AI CONTENT END 1 -->\n<\/div>\n<p><script async src=\"\/\/www.instagram.com\/embed.js\"><\/script><br \/>\n<br \/><br \/>\n<br \/><a href=\"https:\/\/www.acidadeon.com\/ribeiraopreto\/lazer-e-cultura\/festa-do-peao-de-barretos\/joao-bosco-vinicius-analisam-novas-vertentes-do-sertanejo-a-gente-tem-que-respeitar\/\">Source link <\/a><\/p>\n<!-- CONTENT END 1 -->\n","protected":false},"excerpt":{"rendered":"<p>Jo\u00e3o Bosco e Vin\u00edcius podem dizer que s\u00e3o da vanguarda do sertanejo universit\u00e1rio brasileiro. A dupla que se conheceu e se formou em Coxim, no&#8230;<\/p>\n","protected":false},"author":1,"featured_media":76132,"comment_status":"open","ping_status":"open","sticky":false,"template":"","format":"standard","meta":{"advanced_seo_description":"","jetpack_seo_html_title":"","jetpack_seo_noindex":false,"jetpack_post_was_ever_published":false,"_jetpack_newsletter_access":"","_jetpack_dont_email_post_to_subs":false,"_jetpack_newsletter_tier_id":0,"_jetpack_memberships_contains_paywalled_content":false,"_jetpack_memberships_contains_paid_content":false,"footnotes":"","jetpack_publicize_message":"","jetpack_publicize_feature_enabled":true,"jetpack_social_post_already_shared":true,"jetpack_social_options":{"image_generator_settings":{"template":"highway","default_image_id":0,"font":"","enabled":false},"version":2}},"categories":[11],"tags":[],"class_list":["post-76131","post","type-post","status-publish","format-standard","has-post-thumbnail","hentry","category-noticias-de-ribeirao-preto-sp-e-regiao-ismael-colosi"],"jetpack_publicize_connections":[],"jetpack_featured_media_url":"https:\/\/i0.wp.com\/noticiasribeiraopreto.com.br\/wp-content\/uploads\/2025\/08\/joao-bosco-e-vinicius_2025-08-22_17-51-45.webp.webp?fit=1192%2C792&ssl=1","jetpack-related-posts":[{"id":76101,"url":"https:\/\/noticiasribeiraopreto.com.br\/index.php\/2025\/08\/22\/primeira-noite-de-shows-da-festa-do-peao-de-barretos-tem-nostalgia-e-modoes\/","url_meta":{"origin":76131,"position":0},"title":"Primeira noite de shows da Festa do Pe\u00e3o de Barretos tem nostalgia e mod\u00f5es","author":"noticiasribeiraopreto.com.br","date":"22 de August de 2025","format":false,"excerpt":"Nostalgia! Assim foi a primeira noite de shows no Parque do Pe\u00e3o, na 70\u00aa Festa do Pe\u00e3o de Barretos, que come\u00e7ou nesta quinta-feira (21). Com shows de Fernando e Sorocaba, Jo\u00e3o Bosco e Vinicius e Guilherme Santiago, tr\u00eas dos nomes que ajudaram a popularizar o estilo \u2018sertanejo universit\u00e1rio\u2019, os presentes\u2026","rel":"","context":"In &quot;Not\u00edcias de Ribeir\u00e3o Preto-SP e Regi\u00e3o&quot;","block_context":{"text":"Not\u00edcias de Ribeir\u00e3o Preto-SP e Regi\u00e3o","link":"https:\/\/noticiasribeiraopreto.com.br\/index.php\/category\/noticias-de-ribeirao-preto-sp-e-regiao-ismael-colosi\/"},"img":{"alt_text":"","src":"https:\/\/i0.wp.com\/noticiasribeiraopreto.com.br\/wp-content\/uploads\/2025\/08\/festa-peao-barretos-6.webp.webp?fit=1200%2C674&ssl=1&resize=350%2C200","width":350,"height":200,"srcset":"https:\/\/i0.wp.com\/noticiasribeiraopreto.com.br\/wp-content\/uploads\/2025\/08\/festa-peao-barretos-6.webp.webp?fit=1200%2C674&ssl=1&resize=350%2C200 1x, https:\/\/i0.wp.com\/noticiasribeiraopreto.com.br\/wp-content\/uploads\/2025\/08\/festa-peao-barretos-6.webp.webp?fit=1200%2C674&ssl=1&resize=525%2C300 1.5x, https:\/\/i0.wp.com\/noticiasribeiraopreto.com.br\/wp-content\/uploads\/2025\/08\/festa-peao-barretos-6.webp.webp?fit=1200%2C674&ssl=1&resize=700%2C400 2x, https:\/\/i0.wp.com\/noticiasribeiraopreto.com.br\/wp-content\/uploads\/2025\/08\/festa-peao-barretos-6.webp.webp?fit=1200%2C674&ssl=1&resize=1050%2C600 3x"},"classes":[]},{"id":76162,"url":"https:\/\/noticiasribeiraopreto.com.br\/index.php\/2025\/08\/23\/com-virginia-e-ana-castela-na-plateia-sexta-feira-mistura-classicos-com-nova-geracao-na-festa-do-peao-de-barretos\/","url_meta":{"origin":76131,"position":1},"title":"Com V\u00edrginia e Ana Castela na plateia, sexta-feira mistura cl\u00e1ssicos com nova gera\u00e7\u00e3o na Festa do Pe\u00e3o de Barretos","author":"noticiasribeiraopreto.com.br","date":"23 de August de 2025","format":false,"excerpt":"Se a primeira noite de shows em Barretos, na quinta-feira (21), foi marcado por nostalgia com muito sertanejo universit\u00e1rio, a sexta-feira (22) foi da mistura entre cl\u00e1ssicos sertanejos com a nova gera\u00e7\u00e3o do estilo musical. O Palco Est\u00e1dio recebeu Bruno e Marrone, Hugo e Guilherme e Murilo Huff, que gravou\u2026","rel":"","context":"In &quot;Not\u00edcias de Ribeir\u00e3o Preto-SP e Regi\u00e3o&quot;","block_context":{"text":"Not\u00edcias de Ribeir\u00e3o Preto-SP e Regi\u00e3o","link":"https:\/\/noticiasribeiraopreto.com.br\/index.php\/category\/noticias-de-ribeirao-preto-sp-e-regiao-ismael-colosi\/"},"img":{"alt_text":"","src":"https:\/\/i0.wp.com\/noticiasribeiraopreto.com.br\/wp-content\/uploads\/2025\/08\/arena-peao-barretos_2025-08-23_09-00-47.webp.webp?fit=700%2C500&ssl=1&resize=350%2C200","width":350,"height":200,"srcset":"https:\/\/i0.wp.com\/noticiasribeiraopreto.com.br\/wp-content\/uploads\/2025\/08\/arena-peao-barretos_2025-08-23_09-00-47.webp.webp?fit=700%2C500&ssl=1&resize=350%2C200 1x, https:\/\/i0.wp.com\/noticiasribeiraopreto.com.br\/wp-content\/uploads\/2025\/08\/arena-peao-barretos_2025-08-23_09-00-47.webp.webp?fit=700%2C500&ssl=1&resize=525%2C300 1.5x, https:\/\/i0.wp.com\/noticiasribeiraopreto.com.br\/wp-content\/uploads\/2025\/08\/arena-peao-barretos_2025-08-23_09-00-47.webp.webp?fit=700%2C500&ssl=1&resize=700%2C400 2x"},"classes":[]},{"id":24312,"url":"https:\/\/noticiasribeiraopreto.com.br\/index.php\/2024\/01\/04\/morre-aos-41-anos-o-cantor-sertanejo-joao-carreiro\/","url_meta":{"origin":76131,"position":2},"title":"Morre, aos 41 anos, o cantor sertanejo Jo\u00e3o Carreiro","author":"noticiasribeiraopreto.com.br","date":"4 de January de 2024","format":false,"excerpt":"O cantor sertanejo Jo\u00e3o Carreiro morreu, aos 41 anos, na noite desta quarta-feira (3). Ele n\u00e3o resistiu a uma cirurgia feita para colocar uma v\u00e1lvula no cora\u00e7\u00e3o.\u00a0 A informa\u00e7\u00e3o foi confirmada\u00a0pelo empres\u00e1rio do artista. Jo\u00e3o Carreiro se apresentou em Franca, na regi\u00e3o de Ribeir\u00e3o Preto, em dezembro de 2023.\u00a0 O\u2026","rel":"","context":"In &quot;Not\u00edcias de Ribeir\u00e3o Preto-SP e Regi\u00e3o&quot;","block_context":{"text":"Not\u00edcias de Ribeir\u00e3o Preto-SP e Regi\u00e3o","link":"https:\/\/noticiasribeiraopreto.com.br\/index.php\/category\/noticias-de-ribeirao-preto-sp-e-regiao-ismael-colosi\/"},"img":{"alt_text":"","src":"https:\/\/i0.wp.com\/noticiasribeiraopreto.com.br\/wp-content\/uploads\/2024\/01\/photo-output-1024x683.png?fit=1024%2C683&ssl=1&resize=350%2C200","width":350,"height":200,"srcset":"https:\/\/i0.wp.com\/noticiasribeiraopreto.com.br\/wp-content\/uploads\/2024\/01\/photo-output-1024x683.png?fit=1024%2C683&ssl=1&resize=350%2C200 1x, https:\/\/i0.wp.com\/noticiasribeiraopreto.com.br\/wp-content\/uploads\/2024\/01\/photo-output-1024x683.png?fit=1024%2C683&ssl=1&resize=525%2C300 1.5x, https:\/\/i0.wp.com\/noticiasribeiraopreto.com.br\/wp-content\/uploads\/2024\/01\/photo-output-1024x683.png?fit=1024%2C683&ssl=1&resize=700%2C400 2x"},"classes":[]},{"id":83681,"url":"https:\/\/noticiasribeiraopreto.com.br\/index.php\/2026\/03\/23\/nova-geracao-do-sertanejo-e-do-piseiro-ganha-espaco-no-ribeirao-rodeo-music-2026\/","url_meta":{"origin":76131,"position":3},"title":"Nova gera\u00e7\u00e3o do sertanejo e do piseiro ganha espa\u00e7o no Ribeir\u00e3o Rodeo Music 2026","author":"noticiasribeiraopreto.com.br","date":"23 de March de 2026","format":false,"excerpt":"00:00 A+ A- A edi\u00e7\u00e3o de 2026 do Ribeir\u00e3o Rodeo Music (RRM), que acontece nos dias 30 de abril, 2, 8 e 9 de maio, em Ribeir\u00e3o Preto, abre espa\u00e7o para artistas da nova gera\u00e7\u00e3o que v\u00eam ganhando reconhecimento nas plataformas digitais e nas redes sociais. Nomes como L\u00e9o Foguete,\u2026","rel":"","context":"In &quot;Not\u00edcias de Ribeir\u00e3o Preto-SP e Regi\u00e3o&quot;","block_context":{"text":"Not\u00edcias de Ribeir\u00e3o Preto-SP e Regi\u00e3o","link":"https:\/\/noticiasribeiraopreto.com.br\/index.php\/category\/noticias-de-ribeirao-preto-sp-e-regiao-ismael-colosi\/"},"img":{"alt_text":"","src":"https:\/\/i0.wp.com\/noticiasribeiraopreto.com.br\/wp-content\/uploads\/2026\/03\/WhatsApp-Image-2026-03-23-at-18.46.17_2026-03-23_21-57-12.webp.webp?fit=1200%2C675&ssl=1&resize=350%2C200","width":350,"height":200,"srcset":"https:\/\/i0.wp.com\/noticiasribeiraopreto.com.br\/wp-content\/uploads\/2026\/03\/WhatsApp-Image-2026-03-23-at-18.46.17_2026-03-23_21-57-12.webp.webp?fit=1200%2C675&ssl=1&resize=350%2C200 1x, https:\/\/i0.wp.com\/noticiasribeiraopreto.com.br\/wp-content\/uploads\/2026\/03\/WhatsApp-Image-2026-03-23-at-18.46.17_2026-03-23_21-57-12.webp.webp?fit=1200%2C675&ssl=1&resize=525%2C300 1.5x, https:\/\/i0.wp.com\/noticiasribeiraopreto.com.br\/wp-content\/uploads\/2026\/03\/WhatsApp-Image-2026-03-23-at-18.46.17_2026-03-23_21-57-12.webp.webp?fit=1200%2C675&ssl=1&resize=700%2C400 2x, https:\/\/i0.wp.com\/noticiasribeiraopreto.com.br\/wp-content\/uploads\/2026\/03\/WhatsApp-Image-2026-03-23-at-18.46.17_2026-03-23_21-57-12.webp.webp?fit=1200%2C675&ssl=1&resize=1050%2C600 3x"},"classes":[]},{"id":74008,"url":"https:\/\/noticiasribeiraopreto.com.br\/index.php\/2025\/07\/14\/clube-da-viola-recebe-icones-do-sertanejo-para-gravacao-do-dvd-de-30-anos\/","url_meta":{"origin":76131,"position":4},"title":"Clube da Viola recebe \u00edcones do sertanejo para grava\u00e7\u00e3o do DVD de 30 anos","author":"noticiasribeiraopreto.com.br","date":"14 de July de 2025","format":false,"excerpt":"Nesta ter\u00e7a-feira (15), acontece a grava\u00e7\u00e3o do DVD de 30 anos do Clube da Viola na Fazenda Santa C\u00e2ndida, em Ribeir\u00e3o Preto. O evento tamb\u00e9m marca o in\u00edcio de uma turn\u00ea que levar\u00e1 o projeto para mais de 50 cidades brasileiras. Criado em 1994 e refer\u00eancia do sertanejo raiz, o\u2026","rel":"","context":"In &quot;Not\u00edcias de Ribeir\u00e3o Preto-SP e Regi\u00e3o&quot;","block_context":{"text":"Not\u00edcias de Ribeir\u00e3o Preto-SP e Regi\u00e3o","link":"https:\/\/noticiasribeiraopreto.com.br\/index.php\/category\/noticias-de-ribeirao-preto-sp-e-regiao-ismael-colosi\/"},"img":{"alt_text":"","src":"https:\/\/i0.wp.com\/noticiasribeiraopreto.com.br\/wp-content\/uploads\/2025\/07\/clube-da-viola_2025-07-03_15-46-06.webp.webp?fit=1200%2C675&ssl=1&resize=350%2C200","width":350,"height":200,"srcset":"https:\/\/i0.wp.com\/noticiasribeiraopreto.com.br\/wp-content\/uploads\/2025\/07\/clube-da-viola_2025-07-03_15-46-06.webp.webp?fit=1200%2C675&ssl=1&resize=350%2C200 1x, https:\/\/i0.wp.com\/noticiasribeiraopreto.com.br\/wp-content\/uploads\/2025\/07\/clube-da-viola_2025-07-03_15-46-06.webp.webp?fit=1200%2C675&ssl=1&resize=525%2C300 1.5x, https:\/\/i0.wp.com\/noticiasribeiraopreto.com.br\/wp-content\/uploads\/2025\/07\/clube-da-viola_2025-07-03_15-46-06.webp.webp?fit=1200%2C675&ssl=1&resize=700%2C400 2x, https:\/\/i0.wp.com\/noticiasribeiraopreto.com.br\/wp-content\/uploads\/2025\/07\/clube-da-viola_2025-07-03_15-46-06.webp.webp?fit=1200%2C675&ssl=1&resize=1050%2C600 3x"},"classes":[]},{"id":76139,"url":"https:\/\/noticiasribeiraopreto.com.br\/index.php\/2025\/08\/22\/guilherme-e-santiago-relembram-guinada-ao-sertanejo-universitario-mas-nao-negam-as-raizes\/","url_meta":{"origin":76131,"position":5},"title":"Guilherme e Santiago relembram guinada ao sertanejo universit\u00e1rio, mas n\u00e3o negam as ra\u00edzes","author":"noticiasribeiraopreto.com.br","date":"22 de August de 2025","format":false,"excerpt":"A dupla sertaneja Guilherme e Santiago subiu ao palco da 70\u00b0 Festa do Pe\u00e3o de Barretos, nesta quinta-feira (21). Com mais de 30 anos de estrada, a dupla contou no repert\u00f3rio a trajet\u00f3ria que come\u00e7ou no sertanejo de raiz e chegou ao sertanejo universit\u00e1rio. Antes de entrarem no principal palco\u2026","rel":"","context":"In &quot;Not\u00edcias de Ribeir\u00e3o Preto-SP e Regi\u00e3o&quot;","block_context":{"text":"Not\u00edcias de Ribeir\u00e3o Preto-SP e Regi\u00e3o","link":"https:\/\/noticiasribeiraopreto.com.br\/index.php\/category\/noticias-de-ribeirao-preto-sp-e-regiao-ismael-colosi\/"},"img":{"alt_text":"","src":"https:\/\/i0.wp.com\/noticiasribeiraopreto.com.br\/wp-content\/uploads\/2025\/08\/guilherme-e-santiago-barretos_2025-08-22_16-31-12.webp.webp?fit=1200%2C749&ssl=1&resize=350%2C200","width":350,"height":200,"srcset":"https:\/\/i0.wp.com\/noticiasribeiraopreto.com.br\/wp-content\/uploads\/2025\/08\/guilherme-e-santiago-barretos_2025-08-22_16-31-12.webp.webp?fit=1200%2C749&ssl=1&resize=350%2C200 1x, https:\/\/i0.wp.com\/noticiasribeiraopreto.com.br\/wp-content\/uploads\/2025\/08\/guilherme-e-santiago-barretos_2025-08-22_16-31-12.webp.webp?fit=1200%2C749&ssl=1&resize=525%2C300 1.5x, https:\/\/i0.wp.com\/noticiasribeiraopreto.com.br\/wp-content\/uploads\/2025\/08\/guilherme-e-santiago-barretos_2025-08-22_16-31-12.webp.webp?fit=1200%2C749&ssl=1&resize=700%2C400 2x, https:\/\/i0.wp.com\/noticiasribeiraopreto.com.br\/wp-content\/uploads\/2025\/08\/guilherme-e-santiago-barretos_2025-08-22_16-31-12.webp.webp?fit=1200%2C749&ssl=1&resize=1050%2C600 3x"},"classes":[]}],"jetpack_sharing_enabled":true,"jetpack_shortlink":"https:\/\/wp.me\/peQAOb-jNV","_links":{"self":[{"href":"https:\/\/noticiasribeiraopreto.com.br\/index.php\/wp-json\/wp\/v2\/posts\/76131","targetHints":{"allow":["GET"]}}],"collection":[{"href":"https:\/\/noticiasribeiraopreto.com.br\/index.php\/wp-json\/wp\/v2\/posts"}],"about":[{"href":"https:\/\/noticiasribeiraopreto.com.br\/index.php\/wp-json\/wp\/v2\/types\/post"}],"author":[{"embeddable":true,"href":"https:\/\/noticiasribeiraopreto.com.br\/index.php\/wp-json\/wp\/v2\/users\/1"}],"replies":[{"embeddable":true,"href":"https:\/\/noticiasribeiraopreto.com.br\/index.php\/wp-json\/wp\/v2\/comments?post=76131"}],"version-history":[{"count":0,"href":"https:\/\/noticiasribeiraopreto.com.br\/index.php\/wp-json\/wp\/v2\/posts\/76131\/revisions"}],"wp:featuredmedia":[{"embeddable":true,"href":"https:\/\/noticiasribeiraopreto.com.br\/index.php\/wp-json\/wp\/v2\/media\/76132"}],"wp:attachment":[{"href":"https:\/\/noticiasribeiraopreto.com.br\/index.php\/wp-json\/wp\/v2\/media?parent=76131"}],"wp:term":[{"taxonomy":"category","embeddable":true,"href":"https:\/\/noticiasribeiraopreto.com.br\/index.php\/wp-json\/wp\/v2\/categories?post=76131"},{"taxonomy":"post_tag","embeddable":true,"href":"https:\/\/noticiasribeiraopreto.com.br\/index.php\/wp-json\/wp\/v2\/tags?post=76131"}],"curies":[{"name":"wp","href":"https:\/\/api.w.org\/{rel}","templated":true}]}}