{"id":76137,"date":"2025-08-22T15:58:41","date_gmt":"2025-08-22T18:58:41","guid":{"rendered":"https:\/\/noticiasribeiraopreto.com.br\/index.php\/2025\/08\/22\/ribeirao-preto-amplia-horarios-de-novas-linhas-de-onibus-veja-quais\/"},"modified":"2025-08-22T15:58:41","modified_gmt":"2025-08-22T18:58:41","slug":"ribeirao-preto-amplia-horarios-de-novas-linhas-de-onibus-veja-quais","status":"publish","type":"post","link":"https:\/\/noticiasribeiraopreto.com.br\/index.php\/2025\/08\/22\/ribeirao-preto-amplia-horarios-de-novas-linhas-de-onibus-veja-quais\/","title":{"rendered":"Ribeir\u00e3o Preto amplia hor\u00e1rios de novas linhas de \u00f4nibus; Veja quais"},"content":{"rendered":"<div class='code-block code-block-1' style='margin: 8px 0 8px auto; text-align: right; display: block; clear: both;'>\n<p><a href=\"https:\/\/wa.link\/vpicfd\"><img data-recalc-dims=\"1\" class=\"wp-image-4922\" style=\"aspect-ratio: 2.0253164556962027; width: 561px; height: auto;\" src=\"https:\/\/i0.wp.com\/ismaelcolosi.com.br\/wp-content\/uploads\/2023\/11\/grupo-de-empregos-whatsapp-e-facebook-ismael-colosi-vagas.jpg?ssl=1\" alt=\"\" \/><\/a><\/p>\n<!-- \/wp:image -->\n<\/div>\n<p> <br \/>\n<\/p>\n<div data-td-block-uid=\"tdi_95\">\n<div class=\"tdb-block-inner td-fix-index\">\n<p>Outras <strong>seis linhas do transporte p\u00fablico de Ribeir\u00e3o Preto<\/strong> ter\u00e3o hor\u00e1rios e itiner\u00e1rios ampliados pela <strong>RP Mobi<\/strong>, empresa que gerencia o tr\u00e2nsito do munic\u00edpio, a partir de <strong>segunda-feira (25)<\/strong>.<\/p>\n<p>No \u00faltimo s\u00e1bado (16), o hor\u00e1rio de seis linhas j\u00e1 haviam sido ampliados com o objetivo melhorar o atendimento e adequar a oferta \u00e0s necessidades dos passageiros.<\/p>\n<p>Conforme o comunicado emitido pela <strong>RP Mobi<\/strong>, as novas altera\u00e7\u00f5es t\u00eam como objetivo atender melhor \u00e0s demandas dos passageiros, <mark style=\"background-color:#fcb900\" class=\"has-inline-color\">oferecendo mais op\u00e7\u00f5es de deslocamento e ampliando a cobertura do transporte coletivo na cidade<\/mark>.<\/p>\n<figure class=\"wp-block-pullquote\">\n<blockquote>\n<p>As mudan\u00e7as foram definidas com base em estudos t\u00e9cnicos e no acompanhamento da demanda de usu\u00e1rios, visando proporcionar mais conforto, seguran\u00e7a e agilidade no transporte coletivo<\/p>\n<\/blockquote>\n<\/figure>\n<h2 class=\"wp-block-heading\"><strong>Confira as linhas de \u00f4nibus que ter\u00e3o amplia\u00e7\u00e3o de itiner\u00e1rios<\/strong><\/h2>\n<ul class=\"wp-block-list\">\n<li><strong>Linha 308 \u2013 Marincek:<\/strong> al\u00e9m da amplia\u00e7\u00e3o do quadro de hor\u00e1rios nos dias \u00fateis, o itiner\u00e1rio passar\u00e1 a incluir as ruas Mariana Junqueira, Bar\u00e3o do Amazonas, Cerqueira C\u00e9sar e Duque de Caxias, com novo ponto de refer\u00eancia no Centro, na Rua Mariana Junqueira, n\u00ba 843.<\/li>\n<\/ul>\n<ul class=\"wp-block-list\">\n<li><strong>Linha 601 \u2013 Distrito Empresarial:<\/strong> ter\u00e1 percurso estendido, passando pelas ruas Dante Ferezin, Ign\u00e1cio e Maria Aparecida Tonetto, e Domingas Quintilhano Braga, antes de retornar ao trajeto normal.<\/li>\n<\/ul>\n<h2 class=\"wp-block-heading\"><strong>Confira as linhas de \u00f4nibus que ter\u00e3o amplia\u00e7\u00e3o de hor\u00e1rios<\/strong><\/h2>\n<ul class=\"wp-block-list\">\n<li><strong>Linha 208 \u2013 Vila Albertina:<\/strong> ter\u00e1 quadro de hor\u00e1rios ampliado de segunda a domingo, al\u00e9m de altera\u00e7\u00e3o no ponto de refer\u00eancia para a rua Mariana Junqueira.<\/li>\n<\/ul>\n<ul class=\"wp-block-list\">\n<li><strong>Linha 507 \u2013 Planalto Verde:<\/strong> hor\u00e1rios ajustados de segunda a domingo, garantindo maior regularidade nas partidas.<\/li>\n<\/ul>\n<ul class=\"wp-block-list\">\n<li><strong>Linha 680 \u2013 Jardim Orestes Lopes:<\/strong> novo quadro de hor\u00e1rios nos dias \u00fateis, com mais op\u00e7\u00f5es ao longo do dia.<\/li>\n<\/ul>\n<ul class=\"wp-block-list\">\n<li><strong>Linha 203 \u2013 Ribeir\u00e2nia:<\/strong> ter\u00e1 ajustes em dois hor\u00e1rios nos dias \u00fateis, em car\u00e1ter experimental: sa\u00edda do Terminal Urbano alterada de 06h27 para 06h34 e sa\u00edda do bairro de 07h07 para 07h09.<\/li>\n<\/ul>\n<p>Os\u00a0<strong>detalhes completos de cada itiner\u00e1rio<\/strong>\u00a0e tabela de hor\u00e1rios podem ser consultados no\u00a0<strong>site oficial do transporte coletivo (<a href=\"https:\/\/www.rpmobilidade.com.br\/\" target=\"_blank\" rel=\"noreferrer noopener\">clique aqui<\/a>)<\/strong>\u00a0ou pelo\u00a0<strong>telefone 0800 16 16 001<\/strong>.<\/p>\n<hr class=\"wp-block-separator has-alpha-channel-opacity\"\/>\n<p>SAIBA MAIS<\/p>\n<p>HC de Ribeir\u00e3o Preto abre concurso p\u00fablico com sal\u00e1rios de at\u00e9 R$ 5,9 mil<\/p>\n<p><strong>FIQUE ON<\/strong><\/p>\n<p>Fique ligado em tudo que acontece em Ribeir\u00e3o Preto e regi\u00e3o. Siga os perfis do\u00a0<strong>acidade on<\/strong>\u00a0no\u00a0<a href=\"https:\/\/www.instagram.com\/acidadeonribeirao\" target=\"_blank\" rel=\"noreferrer noopener\">Instagram<\/a>\u00a0e no\u00a0<a href=\"https:\/\/www.facebook.com\/acidadeonribeirao\/\" target=\"_blank\" rel=\"noreferrer noopener\">Facebook.<\/a><\/p>\n<p>Receba not\u00edcias do\u00a0<strong>acidade on<\/strong>\u00a0no WhatsApp. Para entrar no grupo,\u00a0basta\u00a0<a href=\"https:\/\/chat.whatsapp.com\/I4nieTEMKlf50pJ28aMemC?mode=ac_t\" target=\"_blank\" rel=\"noreferrer noopener\">clicar aqui<\/a>. Ou, acesse o nosso\u00a0Canal\u00a0<a href=\"https:\/\/whatsapp.com\/channel\/0029Vb6IQl1JENyAeS57fk2p\" target=\"_blank\" rel=\"noreferrer noopener\">clicando aqui<\/a>.<\/p>\n<p>Fa\u00e7a uma den\u00fancia ou sugira uma reportagem sobre Ribeir\u00e3o Preto e regi\u00e3o pelo WhatsApp: 16 99117 7802.<\/p>\n<p>VEJA TAMB\u00c9M<\/p>\n<p>Irm\u00e3os Menendez: por que a condicional de Erik foi negada?<\/p>\n<p><!-- AI CONTENT END 1 -->\n<\/div>\n<\/div>\n<p><script async src=\"\/\/www.instagram.com\/embed.js\"><\/script><br \/>\n<br \/><br \/>\n<br \/><a href=\"https:\/\/www.acidadeon.com\/ribeiraopreto\/cotidiano\/ribeirao-preto-amplia-horarios-de-novas-linhas-de-onibus-veja-quais\/\">Source link <\/a><\/p>\n<!-- CONTENT END 1 -->\n","protected":false},"excerpt":{"rendered":"<p>Outras seis linhas do transporte p\u00fablico de Ribeir\u00e3o Preto ter\u00e3o hor\u00e1rios e itiner\u00e1rios ampliados pela RP Mobi, empresa que gerencia o tr\u00e2nsito do munic\u00edpio, a&#8230;<\/p>\n","protected":false},"author":1,"featured_media":76138,"comment_status":"open","ping_status":"open","sticky":false,"template":"","format":"standard","meta":{"advanced_seo_description":"","jetpack_seo_html_title":"","jetpack_seo_noindex":false,"jetpack_post_was_ever_published":false,"_jetpack_newsletter_access":"","_jetpack_dont_email_post_to_subs":false,"_jetpack_newsletter_tier_id":0,"_jetpack_memberships_contains_paywalled_content":false,"_jetpack_memberships_contains_paid_content":false,"footnotes":"","jetpack_publicize_message":"","jetpack_publicize_feature_enabled":true,"jetpack_social_post_already_shared":true,"jetpack_social_options":{"image_generator_settings":{"template":"highway","default_image_id":0,"font":"","enabled":false},"version":2}},"categories":[11],"tags":[],"class_list":["post-76137","post","type-post","status-publish","format-standard","has-post-thumbnail","hentry","category-noticias-de-ribeirao-preto-sp-e-regiao-ismael-colosi"],"jetpack_publicize_connections":[],"jetpack_featured_media_url":"https:\/\/i0.wp.com\/noticiasribeiraopreto.com.br\/wp-content\/uploads\/2025\/08\/a.ok_.onibus_frota_foto_fernando_gonzaga_5_2025-08-22_16-31-17.webp.webp?fit=1200%2C800&ssl=1","jetpack-related-posts":[{"id":50680,"url":"https:\/\/noticiasribeiraopreto.com.br\/index.php\/2024\/05\/17\/rp-mobi-anuncia-ampliacao-de-horario-em-linha-do-transporte-coletivo-de-ribeirao-preto\/","url_meta":{"origin":76137,"position":0},"title":"RP Mobi anuncia amplia\u00e7\u00e3o de hor\u00e1rio em linha do transporte coletivo de Ribeir\u00e3o Preto","author":"noticiasribeiraopreto.com.br","date":"17 de May de 2024","format":false,"excerpt":"A RP Mobi, empresa que gerencia o tr\u00e2nsito e o transporte urbano de Ribeir\u00e3o Preto, informou que far\u00e1 a amplia\u00e7\u00e3o dos hor\u00e1rios da linha 13 \u2013 Jardim Ouro Branco, a partir deste domingo (19). A medida tem o objetivo de adequar a oferta de transporte aos atuais n\u00edveis de demanda\u2026","rel":"","context":"In &quot;Not\u00edcias de Ribeir\u00e3o Preto-SP e Regi\u00e3o&quot;","block_context":{"text":"Not\u00edcias de Ribeir\u00e3o Preto-SP e Regi\u00e3o","link":"https:\/\/noticiasribeiraopreto.com.br\/index.php\/category\/noticias-de-ribeirao-preto-sp-e-regiao-ismael-colosi\/"},"img":{"alt_text":"","src":"https:\/\/i0.wp.com\/noticiasribeiraopreto.com.br\/wp-content\/uploads\/2024\/05\/alimentadoras_fotos_rpmobi__3.jpeg?fit=1200%2C900&ssl=1&resize=350%2C200","width":350,"height":200,"srcset":"https:\/\/i0.wp.com\/noticiasribeiraopreto.com.br\/wp-content\/uploads\/2024\/05\/alimentadoras_fotos_rpmobi__3.jpeg?fit=1200%2C900&ssl=1&resize=350%2C200 1x, https:\/\/i0.wp.com\/noticiasribeiraopreto.com.br\/wp-content\/uploads\/2024\/05\/alimentadoras_fotos_rpmobi__3.jpeg?fit=1200%2C900&ssl=1&resize=525%2C300 1.5x, https:\/\/i0.wp.com\/noticiasribeiraopreto.com.br\/wp-content\/uploads\/2024\/05\/alimentadoras_fotos_rpmobi__3.jpeg?fit=1200%2C900&ssl=1&resize=700%2C400 2x, https:\/\/i0.wp.com\/noticiasribeiraopreto.com.br\/wp-content\/uploads\/2024\/05\/alimentadoras_fotos_rpmobi__3.jpeg?fit=1200%2C900&ssl=1&resize=1050%2C600 3x"},"classes":[]},{"id":51292,"url":"https:\/\/noticiasribeiraopreto.com.br\/index.php\/2024\/05\/24\/linhas-de-onibus-tem-horario-ampliado-em-ribeirao-preto-confira\/","url_meta":{"origin":76137,"position":1},"title":"Linhas de \u00f4nibus t\u00eam hor\u00e1rio ampliado em Ribeir\u00e3o Preto; Confira","author":"noticiasribeiraopreto.com.br","date":"24 de May de 2024","format":false,"excerpt":"A RP Mobi informou, nesta sexta-feira (24), que far\u00e1 a amplia\u00e7\u00e3o dos hor\u00e1rios de duas linhas do transporte coletivo de Ribeir\u00e3o Preto nos pr\u00f3ximos dias. A mudan\u00e7a na linha 63 \u2013 Parque Gaivotas, acontece neste domingo (26). J\u00e1 na linha 79 \u2013 Reserva Maca\u00faba, os novos hor\u00e1rios come\u00e7am a valer\u2026","rel":"","context":"In &quot;Not\u00edcias de Ribeir\u00e3o Preto-SP e Regi\u00e3o&quot;","block_context":{"text":"Not\u00edcias de Ribeir\u00e3o Preto-SP e Regi\u00e3o","link":"https:\/\/noticiasribeiraopreto.com.br\/index.php\/category\/noticias-de-ribeirao-preto-sp-e-regiao-ismael-colosi\/"},"img":{"alt_text":"","src":"https:\/\/i0.wp.com\/noticiasribeiraopreto.com.br\/wp-content\/uploads\/2024\/05\/linha_alimentadora_foto_ascom_rpmobi.jpeg?fit=1156%2C867&ssl=1&resize=350%2C200","width":350,"height":200,"srcset":"https:\/\/i0.wp.com\/noticiasribeiraopreto.com.br\/wp-content\/uploads\/2024\/05\/linha_alimentadora_foto_ascom_rpmobi.jpeg?fit=1156%2C867&ssl=1&resize=350%2C200 1x, https:\/\/i0.wp.com\/noticiasribeiraopreto.com.br\/wp-content\/uploads\/2024\/05\/linha_alimentadora_foto_ascom_rpmobi.jpeg?fit=1156%2C867&ssl=1&resize=525%2C300 1.5x, https:\/\/i0.wp.com\/noticiasribeiraopreto.com.br\/wp-content\/uploads\/2024\/05\/linha_alimentadora_foto_ascom_rpmobi.jpeg?fit=1156%2C867&ssl=1&resize=700%2C400 2x, https:\/\/i0.wp.com\/noticiasribeiraopreto.com.br\/wp-content\/uploads\/2024\/05\/linha_alimentadora_foto_ascom_rpmobi.jpeg?fit=1156%2C867&ssl=1&resize=1050%2C600 3x"},"classes":[]},{"id":50837,"url":"https:\/\/noticiasribeiraopreto.com.br\/index.php\/2024\/05\/20\/linha-de-onibus-tem-horario-ampliado-em-ribeirao-preto-confira\/","url_meta":{"origin":76137,"position":2},"title":"Linha de \u00f4nibus tem hor\u00e1rio ampliado em Ribeir\u00e3o Preto; Confira","author":"noticiasribeiraopreto.com.br","date":"20 de May de 2024","format":false,"excerpt":"A linha de \u00f4nibus 13 \u2013 Jardim Ouro Branco teve os hor\u00e1rios ampliados a partir deste domingo (19). \u00a0 Segundo a RP Mobi, esta linha do transporte p\u00fablico passa a disponibilizar mais hor\u00e1rios aos domingos e feriados. A empresa diz que a amplia\u00e7\u00e3o do quadro de hor\u00e1rios tem como objetivo\u2026","rel":"","context":"In &quot;Not\u00edcias de Ribeir\u00e3o Preto-SP e Regi\u00e3o&quot;","block_context":{"text":"Not\u00edcias de Ribeir\u00e3o Preto-SP e Regi\u00e3o","link":"https:\/\/noticiasribeiraopreto.com.br\/index.php\/category\/noticias-de-ribeirao-preto-sp-e-regiao-ismael-colosi\/"},"img":{"alt_text":"","src":"https:\/\/i0.wp.com\/noticiasribeiraopreto.com.br\/wp-content\/uploads\/2024\/05\/novas_linhas_ribeirao_verde_33-1068x801-1.jpeg?fit=1068%2C801&ssl=1&resize=350%2C200","width":350,"height":200,"srcset":"https:\/\/i0.wp.com\/noticiasribeiraopreto.com.br\/wp-content\/uploads\/2024\/05\/novas_linhas_ribeirao_verde_33-1068x801-1.jpeg?fit=1068%2C801&ssl=1&resize=350%2C200 1x, https:\/\/i0.wp.com\/noticiasribeiraopreto.com.br\/wp-content\/uploads\/2024\/05\/novas_linhas_ribeirao_verde_33-1068x801-1.jpeg?fit=1068%2C801&ssl=1&resize=525%2C300 1.5x, https:\/\/i0.wp.com\/noticiasribeiraopreto.com.br\/wp-content\/uploads\/2024\/05\/novas_linhas_ribeirao_verde_33-1068x801-1.jpeg?fit=1068%2C801&ssl=1&resize=700%2C400 2x, https:\/\/i0.wp.com\/noticiasribeiraopreto.com.br\/wp-content\/uploads\/2024\/05\/novas_linhas_ribeirao_verde_33-1068x801-1.jpeg?fit=1068%2C801&ssl=1&resize=1050%2C600 3x"},"classes":[]},{"id":77274,"url":"https:\/\/noticiasribeiraopreto.com.br\/index.php\/2025\/09\/15\/linha-de-onibus-tera-itinerario-estendido-em-ribeirao-confira-as-mudancas\/","url_meta":{"origin":76137,"position":3},"title":"Linha de \u00f4nibus ter\u00e1 itiner\u00e1rio estendido em Ribeir\u00e3o; Confira as mudan\u00e7as","author":"noticiasribeiraopreto.com.br","date":"15 de September de 2025","format":false,"excerpt":"A RP Mobi, empresa que gerencia o transporte p\u00fablico na cidade, informou que a partir desta quarta-feira (17), a linha 703 \u2013 Parque dos Servidores passar\u00e1 a operar com itiner\u00e1rio estendido. A mudan\u00e7a tem como intuito melhorar o acesso de transporte coletivo \u00e0 regi\u00e3o da avenida Nelson Ferreira de Melo,\u2026","rel":"","context":"In &quot;Not\u00edcias de Ribeir\u00e3o Preto-SP e Regi\u00e3o&quot;","block_context":{"text":"Not\u00edcias de Ribeir\u00e3o Preto-SP e Regi\u00e3o","link":"https:\/\/noticiasribeiraopreto.com.br\/index.php\/category\/noticias-de-ribeirao-preto-sp-e-regiao-ismael-colosi\/"},"img":{"alt_text":"","src":"https:\/\/i0.wp.com\/noticiasribeiraopreto.com.br\/wp-content\/uploads\/2025\/06\/Copia-de-Copia-de-TAMANHO-EXATO-PARA-FOTOS-NO-SISTEMA-NOVO-35_2024-05-23_16-30-22_jpg_2024-05-23_16-30-22.webp.webp?fit=1200%2C675&ssl=1&resize=350%2C200","width":350,"height":200,"srcset":"https:\/\/i0.wp.com\/noticiasribeiraopreto.com.br\/wp-content\/uploads\/2025\/06\/Copia-de-Copia-de-TAMANHO-EXATO-PARA-FOTOS-NO-SISTEMA-NOVO-35_2024-05-23_16-30-22_jpg_2024-05-23_16-30-22.webp.webp?fit=1200%2C675&ssl=1&resize=350%2C200 1x, https:\/\/i0.wp.com\/noticiasribeiraopreto.com.br\/wp-content\/uploads\/2025\/06\/Copia-de-Copia-de-TAMANHO-EXATO-PARA-FOTOS-NO-SISTEMA-NOVO-35_2024-05-23_16-30-22_jpg_2024-05-23_16-30-22.webp.webp?fit=1200%2C675&ssl=1&resize=525%2C300 1.5x, https:\/\/i0.wp.com\/noticiasribeiraopreto.com.br\/wp-content\/uploads\/2025\/06\/Copia-de-Copia-de-TAMANHO-EXATO-PARA-FOTOS-NO-SISTEMA-NOVO-35_2024-05-23_16-30-22_jpg_2024-05-23_16-30-22.webp.webp?fit=1200%2C675&ssl=1&resize=700%2C400 2x, https:\/\/i0.wp.com\/noticiasribeiraopreto.com.br\/wp-content\/uploads\/2025\/06\/Copia-de-Copia-de-TAMANHO-EXATO-PARA-FOTOS-NO-SISTEMA-NOVO-35_2024-05-23_16-30-22_jpg_2024-05-23_16-30-22.webp.webp?fit=1200%2C675&ssl=1&resize=1050%2C600 3x"},"classes":[]},{"id":78187,"url":"https:\/\/noticiasribeiraopreto.com.br\/index.php\/2025\/10\/03\/rp-mobi-altera-horarios-de-11-linhas-de-onibus-a-partir-deste-sabado-confira\/","url_meta":{"origin":76137,"position":4},"title":"RP Mobi altera hor\u00e1rios de 11 linhas de \u00f4nibus a partir deste s\u00e1bado; Confira","author":"noticiasribeiraopreto.com.br","date":"3 de October de 2025","format":false,"excerpt":"A RP Mobi, empresa que gerencia o transporte urbano de Ribeir\u00e3o Preto, informou que a os quadros de hor\u00e1rios de 11 linhas ser\u00e3o alterados ou ampliados a partir deste s\u00e1bado (4). O objetivo, segundo a Prefeitura Municipal, \u00e9 adequar a oferta de viagens \u00e0 demanda dos usu\u00e1rios, garantindo mais op\u00e7\u00f5es\u2026","rel":"","context":"In &quot;Not\u00edcias de Ribeir\u00e3o Preto-SP e Regi\u00e3o&quot;","block_context":{"text":"Not\u00edcias de Ribeir\u00e3o Preto-SP e Regi\u00e3o","link":"https:\/\/noticiasribeiraopreto.com.br\/index.php\/category\/noticias-de-ribeirao-preto-sp-e-regiao-ismael-colosi\/"},"img":{"alt_text":"","src":"https:\/\/i0.wp.com\/noticiasribeiraopreto.com.br\/wp-content\/uploads\/2025\/10\/linhaonibus__2025-10-03_18-15-05.webp.webp?fit=1200%2C800&ssl=1&resize=350%2C200","width":350,"height":200,"srcset":"https:\/\/i0.wp.com\/noticiasribeiraopreto.com.br\/wp-content\/uploads\/2025\/10\/linhaonibus__2025-10-03_18-15-05.webp.webp?fit=1200%2C800&ssl=1&resize=350%2C200 1x, https:\/\/i0.wp.com\/noticiasribeiraopreto.com.br\/wp-content\/uploads\/2025\/10\/linhaonibus__2025-10-03_18-15-05.webp.webp?fit=1200%2C800&ssl=1&resize=525%2C300 1.5x, https:\/\/i0.wp.com\/noticiasribeiraopreto.com.br\/wp-content\/uploads\/2025\/10\/linhaonibus__2025-10-03_18-15-05.webp.webp?fit=1200%2C800&ssl=1&resize=700%2C400 2x, https:\/\/i0.wp.com\/noticiasribeiraopreto.com.br\/wp-content\/uploads\/2025\/10\/linhaonibus__2025-10-03_18-15-05.webp.webp?fit=1200%2C800&ssl=1&resize=1050%2C600 3x"},"classes":[]},{"id":75811,"url":"https:\/\/noticiasribeiraopreto.com.br\/index.php\/2025\/08\/15\/ribeirao-preto-amplia-horarios-de-seis-linhas-de-onibus-veja-quais\/","url_meta":{"origin":76137,"position":5},"title":"Ribeir\u00e3o Preto amplia hor\u00e1rios de seis linhas de \u00f4nibus; Veja quais","author":"noticiasribeiraopreto.com.br","date":"15 de August de 2025","format":false,"excerpt":"A RP Mobi, empresa respons\u00e1vel pelo tr\u00e2nsito de Ribeir\u00e3o Preto, informou que seis linhas de \u00f4nibus ter\u00e3o hor\u00e1rios ampliados a partir deste s\u00e1bado (16). De acordo com a Prefeitura, a mudan\u00e7a tem como objetivo melhorar o atendimento e adequar a oferta \u00e0s necessidades dos passageiros \u2013 veja abaixo. As altera\u00e7\u00f5es\u2026","rel":"","context":"In &quot;Not\u00edcias de Ribeir\u00e3o Preto-SP e Regi\u00e3o&quot;","block_context":{"text":"Not\u00edcias de Ribeir\u00e3o Preto-SP e Regi\u00e3o","link":"https:\/\/noticiasribeiraopreto.com.br\/index.php\/category\/noticias-de-ribeirao-preto-sp-e-regiao-ismael-colosi\/"},"img":{"alt_text":"","src":"https:\/\/i0.wp.com\/noticiasribeiraopreto.com.br\/wp-content\/uploads\/2025\/08\/horarioonibus_1_2025-08-15_21-08-48.webp.webp?fit=1196%2C796&ssl=1&resize=350%2C200","width":350,"height":200,"srcset":"https:\/\/i0.wp.com\/noticiasribeiraopreto.com.br\/wp-content\/uploads\/2025\/08\/horarioonibus_1_2025-08-15_21-08-48.webp.webp?fit=1196%2C796&ssl=1&resize=350%2C200 1x, https:\/\/i0.wp.com\/noticiasribeiraopreto.com.br\/wp-content\/uploads\/2025\/08\/horarioonibus_1_2025-08-15_21-08-48.webp.webp?fit=1196%2C796&ssl=1&resize=525%2C300 1.5x, https:\/\/i0.wp.com\/noticiasribeiraopreto.com.br\/wp-content\/uploads\/2025\/08\/horarioonibus_1_2025-08-15_21-08-48.webp.webp?fit=1196%2C796&ssl=1&resize=700%2C400 2x, https:\/\/i0.wp.com\/noticiasribeiraopreto.com.br\/wp-content\/uploads\/2025\/08\/horarioonibus_1_2025-08-15_21-08-48.webp.webp?fit=1196%2C796&ssl=1&resize=1050%2C600 3x"},"classes":[]}],"jetpack_sharing_enabled":true,"jetpack_shortlink":"https:\/\/wp.me\/peQAOb-jO1","_links":{"self":[{"href":"https:\/\/noticiasribeiraopreto.com.br\/index.php\/wp-json\/wp\/v2\/posts\/76137","targetHints":{"allow":["GET"]}}],"collection":[{"href":"https:\/\/noticiasribeiraopreto.com.br\/index.php\/wp-json\/wp\/v2\/posts"}],"about":[{"href":"https:\/\/noticiasribeiraopreto.com.br\/index.php\/wp-json\/wp\/v2\/types\/post"}],"author":[{"embeddable":true,"href":"https:\/\/noticiasribeiraopreto.com.br\/index.php\/wp-json\/wp\/v2\/users\/1"}],"replies":[{"embeddable":true,"href":"https:\/\/noticiasribeiraopreto.com.br\/index.php\/wp-json\/wp\/v2\/comments?post=76137"}],"version-history":[{"count":0,"href":"https:\/\/noticiasribeiraopreto.com.br\/index.php\/wp-json\/wp\/v2\/posts\/76137\/revisions"}],"wp:featuredmedia":[{"embeddable":true,"href":"https:\/\/noticiasribeiraopreto.com.br\/index.php\/wp-json\/wp\/v2\/media\/76138"}],"wp:attachment":[{"href":"https:\/\/noticiasribeiraopreto.com.br\/index.php\/wp-json\/wp\/v2\/media?parent=76137"}],"wp:term":[{"taxonomy":"category","embeddable":true,"href":"https:\/\/noticiasribeiraopreto.com.br\/index.php\/wp-json\/wp\/v2\/categories?post=76137"},{"taxonomy":"post_tag","embeddable":true,"href":"https:\/\/noticiasribeiraopreto.com.br\/index.php\/wp-json\/wp\/v2\/tags?post=76137"}],"curies":[{"name":"wp","href":"https:\/\/api.w.org\/{rel}","templated":true}]}}