{"id":76139,"date":"2025-08-22T16:08:44","date_gmt":"2025-08-22T19:08:44","guid":{"rendered":"https:\/\/noticiasribeiraopreto.com.br\/index.php\/2025\/08\/22\/guilherme-e-santiago-relembram-guinada-ao-sertanejo-universitario-mas-nao-negam-as-raizes\/"},"modified":"2025-08-22T16:08:44","modified_gmt":"2025-08-22T19:08:44","slug":"guilherme-e-santiago-relembram-guinada-ao-sertanejo-universitario-mas-nao-negam-as-raizes","status":"publish","type":"post","link":"https:\/\/noticiasribeiraopreto.com.br\/index.php\/2025\/08\/22\/guilherme-e-santiago-relembram-guinada-ao-sertanejo-universitario-mas-nao-negam-as-raizes\/","title":{"rendered":"Guilherme e Santiago relembram guinada ao sertanejo universit\u00e1rio, mas n\u00e3o negam as ra\u00edzes"},"content":{"rendered":"<div class='code-block code-block-1' style='margin: 8px 0 8px auto; text-align: right; display: block; clear: both;'>\n<p><a href=\"https:\/\/wa.link\/vpicfd\"><img data-recalc-dims=\"1\" class=\"wp-image-4922\" style=\"aspect-ratio: 2.0253164556962027; width: 561px; height: auto;\" src=\"https:\/\/i0.wp.com\/ismaelcolosi.com.br\/wp-content\/uploads\/2023\/11\/grupo-de-empregos-whatsapp-e-facebook-ismael-colosi-vagas.jpg?ssl=1\" alt=\"\" \/><\/a><\/p>\n<!-- \/wp:image -->\n<\/div>\n<p> <br \/>\n<\/p>\n<div data-td-block-uid=\"tdi_95\">\n<div class=\"tdb-block-inner td-fix-index\">\n<blockquote class=\"instagram-media\" data-instgrm-permalink=\"https:\/\/www.instagram.com\/reel\/DNqY086Ox3o\/?utm_source=ig_embed&amp;utm_campaign=loading\" data-instgrm-version=\"14\" style=\"background:#FFF;border:0;border-radius:3px;margin: 1px;max-width:540px;min-width:326px;padding:0;width:99.375%;width:-webkit-calc(100% - 2px);width:calc(100% - 2px)\"\/>\n<p>A dupla sertaneja <strong>Guilherme e Santiago<\/strong> subiu ao palco da <strong>70\u00b0 Festa do Pe\u00e3o de Barretos<\/strong>, nesta quinta-feira (21). <strong>Com mais de 30 anos de estrada, a dupla contou no repert\u00f3rio a trajet\u00f3ria que come\u00e7ou no sertanejo de raiz e chegou ao sertanejo universit\u00e1rio.<\/strong><\/p>\n<p>Antes de entrarem no principal palco da m\u00fasica sertaneja, <strong><mark style=\"background-color:#fcb900\" class=\"has-inline-color\">a dupla conversou com o acidade on Ribeir\u00e3o e falou sobre atravessar gera\u00e7\u00f5es \u2013 dos mod\u00f5es ao universit\u00e1rio.<\/mark><\/strong> Santiago disse que desde a pesquisa at\u00e9 o produto final \u00e9 pensado na linguagem que os cantores querem trazer ao p\u00fablico.<\/p>\n<figure class=\"wp-block-pullquote\">\n<blockquote>\n<p>Sempre procurando conversar com o nosso p\u00fablico cada vez mais. Desde a nossa base de pesquisa \u00e9 trazer no repert\u00f3rio a linguagem que entendemos que as pessoas gostariam de estar ouvindo com Guilherme e Santiago<\/p>\n<p><cite>disse Santiago <\/cite><\/p><\/blockquote>\n<\/figure>\n<p>Donos de hits como \u201cT\u00e1 se achando\u201d, \u201cE da\u00ed?\u201d e \u201cEst\u00e1 chovendo estrelas\u201d, os irm\u00e3os os irm\u00e3os Herickson (Guilherme) e Henzzo (Santiago) completaram 30 anos de estrada em 2024 e <strong>acrescentaram sobre a import\u00e2ncia manter um p\u00fablico jovem mesmo ap\u00f3s tanto tempo em cima dos palcos.<\/strong><\/p>\n<figure class=\"wp-block-pullquote\">\n<blockquote>\n<p>O bom dessa sintonia (de diferentes idades de p\u00fablico) sempre foi alcan\u00e7ado atrav\u00e9s disso, um bom repert\u00f3rio que alcan\u00e7a esse cruzar gera\u00e7\u00f5es, algo que aconteceu naturalmente. Estamos sempre em sintonia com nosso p\u00fablico.<\/p>\n<p><cite>concluiu Santiago<\/cite><\/p><\/blockquote>\n<\/figure>\n<p>Por fim, <strong>Guilherme acrescentou sobre o frio na barriga de entrar no palco de Barretos mais uma vez na carreira e mais uma vez no Palco Est\u00e1dio, principal do recinto.<\/strong> <\/p>\n<figure class=\"wp-block-pullquote\">\n<blockquote>\n<p>Sempre. Barretos \u00e9 \u00edcone, d\u00e3o certo h\u00e1 70 anos, \u00e9 uma festa antiga, a gente tem que respeitar. A gente j\u00e1 fez v\u00e1rios shows aqui, em outros palcos tamb\u00e9m, mas o Palco Est\u00e1dio realmente treme as coisas (risos).<\/p>\n<p><cite>encerrou Guilherme <\/cite><\/p><\/blockquote>\n<\/figure>\n<p>Herickson e Henzzo podem ter virado Guilherme &amp; Santiago nos palcos, mas continuam os mesmos irm\u00e3os goianos que come\u00e7aram cantando em bares, escreveram sucessos e ajudaram a moldar o som de uma gera\u00e7\u00e3o. Em<strong> Barretos <\/strong>mais uma vez, com mais de 30 anos de carreira, seguem prontos para viver mais cap\u00edtulos.<\/p>\n<h2 class=\"wp-block-heading\"><strong>FIQUE ON<\/strong><\/h2>\n<p>Fique ligado em tudo que acontece em Ribeir\u00e3o Preto e regi\u00e3o. Siga os perfis do\u00a0<strong>acidade on<\/strong>\u00a0no<a href=\"https:\/\/www.instagram.com\/acidadeonribeirao\" target=\"_blank\" rel=\"noreferrer noopener\">\u00a0Instagram\u00a0<\/a>e no\u00a0<a href=\"https:\/\/www.facebook.com\/acidadeonribeirao\/\" target=\"_blank\" rel=\"noreferrer noopener\">Facebook<\/a>.<\/p>\n<p>Receba not\u00edcias do<strong>\u00a0acidade on<\/strong>\u00a0no WhatsApp. Para entrar no grupo,\u00a0basta\u00a0<a href=\"https:\/\/chat.whatsapp.com\/I4nieTEMKlf50pJ28aMemC?mode=ac_t\" target=\"_blank\" rel=\"noreferrer noopener\">clicar aqui<\/a>. Ou, acesse o nosso\u00a0Canal\u00a0<a href=\"https:\/\/whatsapp.com\/channel\/0029Vb6IQl1JENyAeS57fk2p\" target=\"_blank\" rel=\"noreferrer noopener\">clicando aqui<\/a>.<\/p>\n<p>Fa\u00e7a uma den\u00fancia ou sugira uma reportagem sobre Ribeir\u00e3o Preto e regi\u00e3o pelo WhatsApp: 16 99117 7802.<\/p>\n<p>VEJA TAMB\u00c9M<\/p>\n<p>O que aconteceu com Brent Hinds, da Mastodon?<\/p>\n<p><!-- AI CONTENT END 1 -->\n<\/div>\n<\/div>\n<p><script async src=\"\/\/www.instagram.com\/embed.js\"><\/script><br \/>\n<br \/><br \/>\n<br \/><a href=\"https:\/\/www.acidadeon.com\/ribeiraopreto\/lazer-e-cultura\/festa-do-peao-de-barretos\/guilherme-e-santiago-relembram-guinada-ao-sertanejo-universitario-mas-nao-negam-as-raizes\/\">Source link <\/a><\/p>\n<!-- CONTENT END 1 -->\n","protected":false},"excerpt":{"rendered":"<p>A dupla sertaneja Guilherme e Santiago subiu ao palco da 70\u00b0 Festa do Pe\u00e3o de Barretos, nesta quinta-feira (21). Com mais de 30 anos de&#8230;<\/p>\n","protected":false},"author":1,"featured_media":76140,"comment_status":"open","ping_status":"open","sticky":false,"template":"","format":"standard","meta":{"advanced_seo_description":"","jetpack_seo_html_title":"","jetpack_seo_noindex":false,"jetpack_post_was_ever_published":false,"_jetpack_newsletter_access":"","_jetpack_dont_email_post_to_subs":false,"_jetpack_newsletter_tier_id":0,"_jetpack_memberships_contains_paywalled_content":false,"_jetpack_memberships_contains_paid_content":false,"footnotes":"","jetpack_publicize_message":"","jetpack_publicize_feature_enabled":true,"jetpack_social_post_already_shared":true,"jetpack_social_options":{"image_generator_settings":{"template":"highway","default_image_id":0,"font":"","enabled":false},"version":2}},"categories":[11],"tags":[],"class_list":["post-76139","post","type-post","status-publish","format-standard","has-post-thumbnail","hentry","category-noticias-de-ribeirao-preto-sp-e-regiao-ismael-colosi"],"jetpack_publicize_connections":[],"jetpack_featured_media_url":"https:\/\/i0.wp.com\/noticiasribeiraopreto.com.br\/wp-content\/uploads\/2025\/08\/guilherme-e-santiago-barretos_2025-08-22_16-31-12.webp.webp?fit=1200%2C749&ssl=1","jetpack-related-posts":[{"id":76101,"url":"https:\/\/noticiasribeiraopreto.com.br\/index.php\/2025\/08\/22\/primeira-noite-de-shows-da-festa-do-peao-de-barretos-tem-nostalgia-e-modoes\/","url_meta":{"origin":76139,"position":0},"title":"Primeira noite de shows da Festa do Pe\u00e3o de Barretos tem nostalgia e mod\u00f5es","author":"noticiasribeiraopreto.com.br","date":"22 de August de 2025","format":false,"excerpt":"Nostalgia! Assim foi a primeira noite de shows no Parque do Pe\u00e3o, na 70\u00aa Festa do Pe\u00e3o de Barretos, que come\u00e7ou nesta quinta-feira (21). Com shows de Fernando e Sorocaba, Jo\u00e3o Bosco e Vinicius e Guilherme Santiago, tr\u00eas dos nomes que ajudaram a popularizar o estilo \u2018sertanejo universit\u00e1rio\u2019, os presentes\u2026","rel":"","context":"In &quot;Not\u00edcias de Ribeir\u00e3o Preto-SP e Regi\u00e3o&quot;","block_context":{"text":"Not\u00edcias de Ribeir\u00e3o Preto-SP e Regi\u00e3o","link":"https:\/\/noticiasribeiraopreto.com.br\/index.php\/category\/noticias-de-ribeirao-preto-sp-e-regiao-ismael-colosi\/"},"img":{"alt_text":"","src":"https:\/\/i0.wp.com\/noticiasribeiraopreto.com.br\/wp-content\/uploads\/2025\/08\/festa-peao-barretos-6.webp.webp?fit=1200%2C674&ssl=1&resize=350%2C200","width":350,"height":200,"srcset":"https:\/\/i0.wp.com\/noticiasribeiraopreto.com.br\/wp-content\/uploads\/2025\/08\/festa-peao-barretos-6.webp.webp?fit=1200%2C674&ssl=1&resize=350%2C200 1x, https:\/\/i0.wp.com\/noticiasribeiraopreto.com.br\/wp-content\/uploads\/2025\/08\/festa-peao-barretos-6.webp.webp?fit=1200%2C674&ssl=1&resize=525%2C300 1.5x, https:\/\/i0.wp.com\/noticiasribeiraopreto.com.br\/wp-content\/uploads\/2025\/08\/festa-peao-barretos-6.webp.webp?fit=1200%2C674&ssl=1&resize=700%2C400 2x, https:\/\/i0.wp.com\/noticiasribeiraopreto.com.br\/wp-content\/uploads\/2025\/08\/festa-peao-barretos-6.webp.webp?fit=1200%2C674&ssl=1&resize=1050%2C600 3x"},"classes":[]},{"id":48113,"url":"https:\/\/noticiasribeiraopreto.com.br\/index.php\/2024\/04\/30\/ribeirao-rodeo-music-encerra-18a-edicao-misturando-classicos-e-nova-geracao-do-sertanejo\/","url_meta":{"origin":76139,"position":1},"title":"Ribeir\u00e3o Rodeo Music encerra 18\u00aa edi\u00e7\u00e3o misturando cl\u00e1ssicos e nova gera\u00e7\u00e3o do sertanejo","author":"noticiasribeiraopreto.com.br","date":"30 de April de 2024","format":false,"excerpt":"O Ribeir\u00e3o Rodeo Music 2024 acaba hoje, 30 de abril, v\u00e9spera de feriado, com provas esportivas da modalidade Ranch Sorting, e apresenta\u00e7\u00f5es que misturam o cl\u00e1ssico e a nova cara do sertanejo. Sobem ao palco da \u00faltima noite da 18\u00aa edi\u00e7\u00e3o Jorge & Mateus, Zez\u00e9 Di Camargo & Luciano, Gustavo\u2026","rel":"","context":"In &quot;Not\u00edcias de Ribeir\u00e3o Preto-SP e Regi\u00e3o&quot;","block_context":{"text":"Not\u00edcias de Ribeir\u00e3o Preto-SP e Regi\u00e3o","link":"https:\/\/noticiasribeiraopreto.com.br\/index.php\/category\/noticias-de-ribeirao-preto-sp-e-regiao-ismael-colosi\/"},"img":{"alt_text":"","src":"https:\/\/i0.wp.com\/noticiasribeiraopreto.com.br\/wp-content\/uploads\/2024\/04\/AnyConv.com__jorge-e-mateus.webp.webp?fit=1196%2C791&ssl=1&resize=350%2C200","width":350,"height":200,"srcset":"https:\/\/i0.wp.com\/noticiasribeiraopreto.com.br\/wp-content\/uploads\/2024\/04\/AnyConv.com__jorge-e-mateus.webp.webp?fit=1196%2C791&ssl=1&resize=350%2C200 1x, https:\/\/i0.wp.com\/noticiasribeiraopreto.com.br\/wp-content\/uploads\/2024\/04\/AnyConv.com__jorge-e-mateus.webp.webp?fit=1196%2C791&ssl=1&resize=525%2C300 1.5x, https:\/\/i0.wp.com\/noticiasribeiraopreto.com.br\/wp-content\/uploads\/2024\/04\/AnyConv.com__jorge-e-mateus.webp.webp?fit=1196%2C791&ssl=1&resize=700%2C400 2x, https:\/\/i0.wp.com\/noticiasribeiraopreto.com.br\/wp-content\/uploads\/2024\/04\/AnyConv.com__jorge-e-mateus.webp.webp?fit=1196%2C791&ssl=1&resize=1050%2C600 3x"},"classes":[]},{"id":76162,"url":"https:\/\/noticiasribeiraopreto.com.br\/index.php\/2025\/08\/23\/com-virginia-e-ana-castela-na-plateia-sexta-feira-mistura-classicos-com-nova-geracao-na-festa-do-peao-de-barretos\/","url_meta":{"origin":76139,"position":2},"title":"Com V\u00edrginia e Ana Castela na plateia, sexta-feira mistura cl\u00e1ssicos com nova gera\u00e7\u00e3o na Festa do Pe\u00e3o de Barretos","author":"noticiasribeiraopreto.com.br","date":"23 de August de 2025","format":false,"excerpt":"Se a primeira noite de shows em Barretos, na quinta-feira (21), foi marcado por nostalgia com muito sertanejo universit\u00e1rio, a sexta-feira (22) foi da mistura entre cl\u00e1ssicos sertanejos com a nova gera\u00e7\u00e3o do estilo musical. O Palco Est\u00e1dio recebeu Bruno e Marrone, Hugo e Guilherme e Murilo Huff, que gravou\u2026","rel":"","context":"In &quot;Not\u00edcias de Ribeir\u00e3o Preto-SP e Regi\u00e3o&quot;","block_context":{"text":"Not\u00edcias de Ribeir\u00e3o Preto-SP e Regi\u00e3o","link":"https:\/\/noticiasribeiraopreto.com.br\/index.php\/category\/noticias-de-ribeirao-preto-sp-e-regiao-ismael-colosi\/"},"img":{"alt_text":"","src":"https:\/\/i0.wp.com\/noticiasribeiraopreto.com.br\/wp-content\/uploads\/2025\/08\/arena-peao-barretos_2025-08-23_09-00-47.webp.webp?fit=700%2C500&ssl=1&resize=350%2C200","width":350,"height":200,"srcset":"https:\/\/i0.wp.com\/noticiasribeiraopreto.com.br\/wp-content\/uploads\/2025\/08\/arena-peao-barretos_2025-08-23_09-00-47.webp.webp?fit=700%2C500&ssl=1&resize=350%2C200 1x, https:\/\/i0.wp.com\/noticiasribeiraopreto.com.br\/wp-content\/uploads\/2025\/08\/arena-peao-barretos_2025-08-23_09-00-47.webp.webp?fit=700%2C500&ssl=1&resize=525%2C300 1.5x, https:\/\/i0.wp.com\/noticiasribeiraopreto.com.br\/wp-content\/uploads\/2025\/08\/arena-peao-barretos_2025-08-23_09-00-47.webp.webp?fit=700%2C500&ssl=1&resize=700%2C400 2x"},"classes":[]},{"id":68917,"url":"https:\/\/noticiasribeiraopreto.com.br\/index.php\/2025\/04\/30\/chitaozinho-e-xororo-abrem-a-segunda-noite-do-rrm-com-classicos-da-musica-sertaneja\/","url_meta":{"origin":76139,"position":3},"title":"Chit\u00e3ozinho e Xoror\u00f3 abrem a segunda noite do RRM com cl\u00e1ssicos da m\u00fasica sertaneja","author":"noticiasribeiraopreto.com.br","date":"30 de April de 2025","format":false,"excerpt":"Depois de uma estreia grandiosa, a festa continua no palco do Ribeir\u00e3o Rodeo Music nesta quarta-feira (30), v\u00e9spera de feriado, com atra\u00e7\u00f5es que prometem levar o p\u00fablico a mais uma experi\u00eancia inesquec\u00edvel.\u00a0 A programa\u00e7\u00e3o musical da noite ser\u00e1 aberta em grande estilo por Chit\u00e3ozinho e Xoror\u00f3. A dupla, uma das\u2026","rel":"","context":"In &quot;Not\u00edcias de Ribeir\u00e3o Preto-SP e Regi\u00e3o&quot;","block_context":{"text":"Not\u00edcias de Ribeir\u00e3o Preto-SP e Regi\u00e3o","link":"https:\/\/noticiasribeiraopreto.com.br\/index.php\/category\/noticias-de-ribeirao-preto-sp-e-regiao-ismael-colosi\/"},"img":{"alt_text":"","src":"https:\/\/i0.wp.com\/noticiasribeiraopreto.com.br\/wp-content\/uploads\/2025\/04\/chitaozinho-e-xororo_2025-04-30_12-37-39.webp.webp?fit=1200%2C702&ssl=1&resize=350%2C200","width":350,"height":200,"srcset":"https:\/\/i0.wp.com\/noticiasribeiraopreto.com.br\/wp-content\/uploads\/2025\/04\/chitaozinho-e-xororo_2025-04-30_12-37-39.webp.webp?fit=1200%2C702&ssl=1&resize=350%2C200 1x, https:\/\/i0.wp.com\/noticiasribeiraopreto.com.br\/wp-content\/uploads\/2025\/04\/chitaozinho-e-xororo_2025-04-30_12-37-39.webp.webp?fit=1200%2C702&ssl=1&resize=525%2C300 1.5x, https:\/\/i0.wp.com\/noticiasribeiraopreto.com.br\/wp-content\/uploads\/2025\/04\/chitaozinho-e-xororo_2025-04-30_12-37-39.webp.webp?fit=1200%2C702&ssl=1&resize=700%2C400 2x, https:\/\/i0.wp.com\/noticiasribeiraopreto.com.br\/wp-content\/uploads\/2025\/04\/chitaozinho-e-xororo_2025-04-30_12-37-39.webp.webp?fit=1200%2C702&ssl=1&resize=1050%2C600 3x"},"classes":[]},{"id":76131,"url":"https:\/\/noticiasribeiraopreto.com.br\/index.php\/2025\/08\/22\/joao-bosco-e-vinicius-analisam-novas-vertentes-do-sertanejo-a-gente-tem-que-respeitar\/","url_meta":{"origin":76139,"position":4},"title":"Jo\u00e3o Bosco e Vin\u00edcius analisam novas vertentes do sertanejo: &#8216;A gente tem que respeitar&#8217;","author":"noticiasribeiraopreto.com.br","date":"22 de August de 2025","format":false,"excerpt":"Jo\u00e3o Bosco e Vin\u00edcius podem dizer que s\u00e3o da vanguarda do sertanejo universit\u00e1rio brasileiro. A dupla que se conheceu e se formou em Coxim, no Mato Grosso do Sul, come\u00e7ou nos barzinhos e logo popularizou o g\u00eanero que revolucionou a m\u00fasica caipira. 20 anos ap\u00f3s o primeiro estouro da dupla\u2026","rel":"","context":"In &quot;Not\u00edcias de Ribeir\u00e3o Preto-SP e Regi\u00e3o&quot;","block_context":{"text":"Not\u00edcias de Ribeir\u00e3o Preto-SP e Regi\u00e3o","link":"https:\/\/noticiasribeiraopreto.com.br\/index.php\/category\/noticias-de-ribeirao-preto-sp-e-regiao-ismael-colosi\/"},"img":{"alt_text":"","src":"https:\/\/i0.wp.com\/noticiasribeiraopreto.com.br\/wp-content\/uploads\/2025\/08\/joao-bosco-e-vinicius_2025-08-22_17-51-45.webp.webp?fit=1192%2C792&ssl=1&resize=350%2C200","width":350,"height":200,"srcset":"https:\/\/i0.wp.com\/noticiasribeiraopreto.com.br\/wp-content\/uploads\/2025\/08\/joao-bosco-e-vinicius_2025-08-22_17-51-45.webp.webp?fit=1192%2C792&ssl=1&resize=350%2C200 1x, https:\/\/i0.wp.com\/noticiasribeiraopreto.com.br\/wp-content\/uploads\/2025\/08\/joao-bosco-e-vinicius_2025-08-22_17-51-45.webp.webp?fit=1192%2C792&ssl=1&resize=525%2C300 1.5x, https:\/\/i0.wp.com\/noticiasribeiraopreto.com.br\/wp-content\/uploads\/2025\/08\/joao-bosco-e-vinicius_2025-08-22_17-51-45.webp.webp?fit=1192%2C792&ssl=1&resize=700%2C400 2x, https:\/\/i0.wp.com\/noticiasribeiraopreto.com.br\/wp-content\/uploads\/2025\/08\/joao-bosco-e-vinicius_2025-08-22_17-51-45.webp.webp?fit=1192%2C792&ssl=1&resize=1050%2C600 3x"},"classes":[]},{"id":68640,"url":"https:\/\/noticiasribeiraopreto.com.br\/index.php\/2025\/04\/27\/ribeirao-rodeo-music-confira-tudo-que-rolou-na-primeira-noite-do-evento\/","url_meta":{"origin":76139,"position":5},"title":"Ribeir\u00e3o Rodeo Music: Confira tudo que rolou na primeira noite do evento","author":"noticiasribeiraopreto.com.br","date":"27 de April de 2025","format":false,"excerpt":"A primeira noite da 19\u00aa edi\u00e7\u00e3o do Ribeir\u00e3o Rodeo Music (RRM) reuniu diferentes estilos musicais e artistas de v\u00e1rias gera\u00e7\u00f5es. Louren\u00e7o & Lourival, a dupla sertaneja com 65 anos de carreira, se apresentou no Espa\u00e7o Raiz, dedicado \u00e0 m\u00fasica sertaneja tradicional. No palco principal, artistas como Ana Castela, Matheus &\u2026","rel":"","context":"In &quot;Not\u00edcias de Ribeir\u00e3o Preto-SP e Regi\u00e3o&quot;","block_context":{"text":"Not\u00edcias de Ribeir\u00e3o Preto-SP e Regi\u00e3o","link":"https:\/\/noticiasribeiraopreto.com.br\/index.php\/category\/noticias-de-ribeirao-preto-sp-e-regiao-ismael-colosi\/"},"img":{"alt_text":"","src":"https:\/\/i0.wp.com\/noticiasribeiraopreto.com.br\/wp-content\/uploads\/2025\/04\/ribeirao-rodeo-music_2025-04-27_16-01-54.webp.webp?fit=1200%2C800&ssl=1&resize=350%2C200","width":350,"height":200,"srcset":"https:\/\/i0.wp.com\/noticiasribeiraopreto.com.br\/wp-content\/uploads\/2025\/04\/ribeirao-rodeo-music_2025-04-27_16-01-54.webp.webp?fit=1200%2C800&ssl=1&resize=350%2C200 1x, https:\/\/i0.wp.com\/noticiasribeiraopreto.com.br\/wp-content\/uploads\/2025\/04\/ribeirao-rodeo-music_2025-04-27_16-01-54.webp.webp?fit=1200%2C800&ssl=1&resize=525%2C300 1.5x, https:\/\/i0.wp.com\/noticiasribeiraopreto.com.br\/wp-content\/uploads\/2025\/04\/ribeirao-rodeo-music_2025-04-27_16-01-54.webp.webp?fit=1200%2C800&ssl=1&resize=700%2C400 2x, https:\/\/i0.wp.com\/noticiasribeiraopreto.com.br\/wp-content\/uploads\/2025\/04\/ribeirao-rodeo-music_2025-04-27_16-01-54.webp.webp?fit=1200%2C800&ssl=1&resize=1050%2C600 3x"},"classes":[]}],"jetpack_sharing_enabled":true,"jetpack_shortlink":"https:\/\/wp.me\/peQAOb-jO3","_links":{"self":[{"href":"https:\/\/noticiasribeiraopreto.com.br\/index.php\/wp-json\/wp\/v2\/posts\/76139","targetHints":{"allow":["GET"]}}],"collection":[{"href":"https:\/\/noticiasribeiraopreto.com.br\/index.php\/wp-json\/wp\/v2\/posts"}],"about":[{"href":"https:\/\/noticiasribeiraopreto.com.br\/index.php\/wp-json\/wp\/v2\/types\/post"}],"author":[{"embeddable":true,"href":"https:\/\/noticiasribeiraopreto.com.br\/index.php\/wp-json\/wp\/v2\/users\/1"}],"replies":[{"embeddable":true,"href":"https:\/\/noticiasribeiraopreto.com.br\/index.php\/wp-json\/wp\/v2\/comments?post=76139"}],"version-history":[{"count":0,"href":"https:\/\/noticiasribeiraopreto.com.br\/index.php\/wp-json\/wp\/v2\/posts\/76139\/revisions"}],"wp:featuredmedia":[{"embeddable":true,"href":"https:\/\/noticiasribeiraopreto.com.br\/index.php\/wp-json\/wp\/v2\/media\/76140"}],"wp:attachment":[{"href":"https:\/\/noticiasribeiraopreto.com.br\/index.php\/wp-json\/wp\/v2\/media?parent=76139"}],"wp:term":[{"taxonomy":"category","embeddable":true,"href":"https:\/\/noticiasribeiraopreto.com.br\/index.php\/wp-json\/wp\/v2\/categories?post=76139"},{"taxonomy":"post_tag","embeddable":true,"href":"https:\/\/noticiasribeiraopreto.com.br\/index.php\/wp-json\/wp\/v2\/tags?post=76139"}],"curies":[{"name":"wp","href":"https:\/\/api.w.org\/{rel}","templated":true}]}}