{"id":76141,"date":"2025-08-22T16:15:38","date_gmt":"2025-08-22T19:15:38","guid":{"rendered":"https:\/\/noticiasribeiraopreto.com.br\/index.php\/2025\/08\/22\/ribeirao-preto-recebe-festival-paralimpico-na-cava-do-bosque\/"},"modified":"2025-08-22T16:15:38","modified_gmt":"2025-08-22T19:15:38","slug":"ribeirao-preto-recebe-festival-paralimpico-na-cava-do-bosque","status":"publish","type":"post","link":"https:\/\/noticiasribeiraopreto.com.br\/index.php\/2025\/08\/22\/ribeirao-preto-recebe-festival-paralimpico-na-cava-do-bosque\/","title":{"rendered":"Ribeir\u00e3o Preto recebe Festival Paral\u00edmpico na Cava do Bosque"},"content":{"rendered":"<div class='code-block code-block-1' style='margin: 8px 0 8px auto; text-align: right; display: block; clear: both;'>\n<p><a href=\"https:\/\/wa.link\/vpicfd\"><img data-recalc-dims=\"1\" class=\"wp-image-4922\" style=\"aspect-ratio: 2.0253164556962027; width: 561px; height: auto;\" src=\"https:\/\/i0.wp.com\/ismaelcolosi.com.br\/wp-content\/uploads\/2023\/11\/grupo-de-empregos-whatsapp-e-facebook-ismael-colosi-vagas.jpg?ssl=1\" alt=\"\" \/><\/a><\/p>\n<!-- \/wp:image -->\n<\/div>\n<p> <br \/>\n<\/p>\n<div data-td-block-uid=\"tdi_95\">\n<div class=\"tdb-block-inner td-fix-index\">\n<p><strong>Ribeir\u00e3o Preto<\/strong> ser\u00e1 uma das sedes do <strong>Festival Paral\u00edmpico Loterias Caixa 2025<\/strong>, promovido pelo <strong>CPB (Comit\u00ea Paral\u00edmpico Brasileiro)<\/strong>. O festival comemora o Dia do Atleta Paral\u00edmpico e o Dia Nacional de Luta da Pessoa com Defici\u00eancia,<mark style=\"background-color:#fcb900\" class=\"has-inline-color has-black-color\"> no dia 20 de setembro, das 8h \u00e0s 12h<\/mark>, na <strong>Cava do Bosque<\/strong>.<\/p>\n<p>O Festival Paral\u00edmpico tem o objetivo conscientizar a sociedade sobre a inclus\u00e3o de pessoas com defici\u00eancia e difundir a pr\u00e1tica esportiva como ferramenta de transforma\u00e7\u00e3o social e cidadania.<\/p>\n<p>Nesta edi\u00e7\u00e3o em Ribeir\u00e3o Preto, os participantes ter\u00e3o a oportunidade de experimentar, em formato de rod\u00edzio, tr\u00eas modalidades paral\u00edmpicas:<\/p>\n<ul class=\"wp-block-list\">\n<li>badminton, roller ski e t\u00eanis de mesa.<\/li>\n<\/ul>\n<p><mark style=\"background-color:#fcb900\" class=\"has-inline-color has-black-color\">O evento \u00e9 voltado a crian\u00e7as a partir de 7 anos, com e sem defici\u00eancia.<\/mark><\/p>\n<p>SAIBA MAIS<br \/>HC de Ribeir\u00e3o Preto abre concurso p\u00fablico com sal\u00e1rios de at\u00e9 R$ 5,9 mil<\/p>\n<h2 class=\"wp-block-heading\"><strong>FIQUE ON<\/strong><\/h2>\n<p>Fique ligado em tudo que acontece em Ribeir\u00e3o Preto e regi\u00e3o. Siga os perfis do\u00a0<strong>acidade on<\/strong>\u00a0no\u00a0<a href=\"https:\/\/www.instagram.com\/acidadeonribeirao\" data-type=\"link\" data-id=\"https:\/\/www.instagram.com\/acidadeonribeirao\" target=\"_blank\" rel=\"noopener\">Instagram\u00a0<\/a>e no\u00a0<a href=\"https:\/\/www.facebook.com\/acidadeonribeirao\/\" data-type=\"link\" data-id=\"https:\/\/www.facebook.com\/acidadeonribeirao\/\" target=\"_blank\" rel=\"noopener\">Facebook.<\/a><\/p>\n<p>Receba not\u00edcias do\u00a0<strong>acidade on<\/strong>\u00a0no WhatsApp. Para entrar no grupo,\u00a0basta\u00a0<a href=\"https:\/\/chat.whatsapp.com\/I4nieTEMKlf50pJ28aMemC?mode=ac_t\" target=\"_blank\" rel=\"noreferrer noopener\">clicar aqui<\/a>. Ou, acesse o nosso\u00a0Canal\u00a0<a href=\"https:\/\/whatsapp.com\/channel\/0029Vb6IQl1JENyAeS57fk2p\" target=\"_blank\" rel=\"noreferrer noopener\">clicando aqui<\/a>.<\/p>\n<p>Fa\u00e7a uma den\u00fancia ou sugira uma reportagem sobre Ribeir\u00e3o Preto e regi\u00e3o pelo WhatsApp: 16 99117 7802.<\/p>\n<p>VEJA TAMB\u00c9M<br \/>IR: como consultar o 4\u00ba lote de restitui\u00e7\u00e3o?<\/p>\n<p><!-- AI CONTENT END 1 -->\n<\/div>\n<\/div>\n<p><script async src=\"\/\/www.instagram.com\/embed.js\"><\/script><br \/>\n<br \/><br \/>\n<br \/><a href=\"https:\/\/www.acidadeon.com\/ribeiraopreto\/esportes\/ribeirao-preto-recebe-festival-paralimpico-na-cava-do-bosque\/\">Source link <\/a><\/p>\n<!-- CONTENT END 1 -->\n","protected":false},"excerpt":{"rendered":"<p>Ribeir\u00e3o Preto ser\u00e1 uma das sedes do Festival Paral\u00edmpico Loterias Caixa 2025, promovido pelo CPB (Comit\u00ea Paral\u00edmpico Brasileiro). O festival comemora o Dia do Atleta&#8230;<\/p>\n","protected":false},"author":1,"featured_media":76142,"comment_status":"open","ping_status":"open","sticky":false,"template":"","format":"standard","meta":{"advanced_seo_description":"","jetpack_seo_html_title":"","jetpack_seo_noindex":false,"jetpack_post_was_ever_published":false,"_jetpack_newsletter_access":"","_jetpack_dont_email_post_to_subs":false,"_jetpack_newsletter_tier_id":0,"_jetpack_memberships_contains_paywalled_content":false,"_jetpack_memberships_contains_paid_content":false,"footnotes":"","jetpack_publicize_message":"","jetpack_publicize_feature_enabled":true,"jetpack_social_post_already_shared":true,"jetpack_social_options":{"image_generator_settings":{"template":"highway","default_image_id":0,"font":"","enabled":false},"version":2}},"categories":[11],"tags":[],"class_list":["post-76141","post","type-post","status-publish","format-standard","has-post-thumbnail","hentry","category-noticias-de-ribeirao-preto-sp-e-regiao-ismael-colosi"],"jetpack_publicize_connections":[],"jetpack_featured_media_url":"https:\/\/i0.wp.com\/noticiasribeiraopreto.com.br\/wp-content\/uploads\/2025\/08\/festival-paralimpico_2025-08-22_15-55-14.webp.webp?fit=1200%2C800&ssl=1","jetpack-related-posts":[{"id":65305,"url":"https:\/\/noticiasribeiraopreto.com.br\/index.php\/2025\/03\/18\/ribeirao-preto-e-confirmada-como-uma-das-sedes-do-festival-paralimpico-2025\/","url_meta":{"origin":76141,"position":0},"title":"Ribeir\u00e3o Preto \u00e9 confirmada como uma das sedes do Festival Paral\u00edmpico 2025","author":"noticiasribeiraopreto.com.br","date":"18 de March de 2025","format":false,"excerpt":"Ribeir\u00e3o Preto foi escolhida como uma das sedes do Festival Paral\u00edmpico 2025. Organizado pelo Comit\u00ea Paral\u00edmpico Brasileiro (CPB), o evento vai acontecer em duas datas: 14 de junho e 20 de setembro, v\u00e9spera do Dia Nacional da Pessoa com Defici\u00eancia (21\/9) e do Dia do Atleta Paral\u00edmpico (22\/9). O festival\u2026","rel":"","context":"In &quot;Not\u00edcias de Ribeir\u00e3o Preto-SP e Regi\u00e3o&quot;","block_context":{"text":"Not\u00edcias de Ribeir\u00e3o Preto-SP e Regi\u00e3o","link":"https:\/\/noticiasribeiraopreto.com.br\/index.php\/category\/noticias-de-ribeirao-preto-sp-e-regiao-ismael-colosi\/"},"img":{"alt_text":"","src":"https:\/\/i0.wp.com\/noticiasribeiraopreto.com.br\/wp-content\/uploads\/2025\/03\/Copia-de-Copia-de-Copia-de-TAMANHO-EXATO-PARA-FOTOS-NO-SISTEMA-NOVO-2025-03-18T174322.631_2025-03-18_20-43-43_png_2025-03-18_20-43-43.webp.webp?fit=1200%2C675&ssl=1&resize=350%2C200","width":350,"height":200,"srcset":"https:\/\/i0.wp.com\/noticiasribeiraopreto.com.br\/wp-content\/uploads\/2025\/03\/Copia-de-Copia-de-Copia-de-TAMANHO-EXATO-PARA-FOTOS-NO-SISTEMA-NOVO-2025-03-18T174322.631_2025-03-18_20-43-43_png_2025-03-18_20-43-43.webp.webp?fit=1200%2C675&ssl=1&resize=350%2C200 1x, https:\/\/i0.wp.com\/noticiasribeiraopreto.com.br\/wp-content\/uploads\/2025\/03\/Copia-de-Copia-de-Copia-de-TAMANHO-EXATO-PARA-FOTOS-NO-SISTEMA-NOVO-2025-03-18T174322.631_2025-03-18_20-43-43_png_2025-03-18_20-43-43.webp.webp?fit=1200%2C675&ssl=1&resize=525%2C300 1.5x, https:\/\/i0.wp.com\/noticiasribeiraopreto.com.br\/wp-content\/uploads\/2025\/03\/Copia-de-Copia-de-Copia-de-TAMANHO-EXATO-PARA-FOTOS-NO-SISTEMA-NOVO-2025-03-18T174322.631_2025-03-18_20-43-43_png_2025-03-18_20-43-43.webp.webp?fit=1200%2C675&ssl=1&resize=700%2C400 2x, https:\/\/i0.wp.com\/noticiasribeiraopreto.com.br\/wp-content\/uploads\/2025\/03\/Copia-de-Copia-de-Copia-de-TAMANHO-EXATO-PARA-FOTOS-NO-SISTEMA-NOVO-2025-03-18T174322.631_2025-03-18_20-43-43_png_2025-03-18_20-43-43.webp.webp?fit=1200%2C675&ssl=1&resize=1050%2C600 3x"},"classes":[]},{"id":50654,"url":"https:\/\/noticiasribeiraopreto.com.br\/index.php\/2024\/05\/17\/atleta-de-ribeirao-vence-mundial-e-conquista-vaga-nos-jogos-paralimpicos-de-paris\/","url_meta":{"origin":76141,"position":1},"title":"Atleta de Ribeir\u00e3o vence Mundial e conquista vaga nos Jogos Paral\u00edmpicos de Paris","author":"noticiasribeiraopreto.com.br","date":"17 de May de 2024","format":false,"excerpt":"A atleta de Ribeir\u00e3o Preto Zileide Cassiano conquistou o t\u00edtulo do salto em dist\u00e2ncia classe T20 do Mundial de Atletismo Paral\u00edmpico, que acontece em Kobe, no Jap\u00e3o. A medalha de ouro veio nesta sexta-feira (17), quando Zileide saltou 5,80 metros. Com o resultado, a atleta de Ribeir\u00e3o Preto tamb\u00e9m garantiu\u2026","rel":"","context":"In &quot;Not\u00edcias de Ribeir\u00e3o Preto-SP e Regi\u00e3o&quot;","block_context":{"text":"Not\u00edcias de Ribeir\u00e3o Preto-SP e Regi\u00e3o","link":"https:\/\/noticiasribeiraopreto.com.br\/index.php\/category\/noticias-de-ribeirao-preto-sp-e-regiao-ismael-colosi\/"},"img":{"alt_text":"","src":"https:\/\/i0.wp.com\/noticiasribeiraopreto.com.br\/wp-content\/uploads\/2024\/05\/zileide-cassiano_2024-05-17_18-34-56_jpg_2024-05-17_18-34-56.webp.webp?fit=994%2C661&ssl=1&resize=350%2C200","width":350,"height":200,"srcset":"https:\/\/i0.wp.com\/noticiasribeiraopreto.com.br\/wp-content\/uploads\/2024\/05\/zileide-cassiano_2024-05-17_18-34-56_jpg_2024-05-17_18-34-56.webp.webp?fit=994%2C661&ssl=1&resize=350%2C200 1x, https:\/\/i0.wp.com\/noticiasribeiraopreto.com.br\/wp-content\/uploads\/2024\/05\/zileide-cassiano_2024-05-17_18-34-56_jpg_2024-05-17_18-34-56.webp.webp?fit=994%2C661&ssl=1&resize=525%2C300 1.5x, https:\/\/i0.wp.com\/noticiasribeiraopreto.com.br\/wp-content\/uploads\/2024\/05\/zileide-cassiano_2024-05-17_18-34-56_jpg_2024-05-17_18-34-56.webp.webp?fit=994%2C661&ssl=1&resize=700%2C400 2x"},"classes":[]},{"id":57709,"url":"https:\/\/noticiasribeiraopreto.com.br\/index.php\/2024\/09\/08\/atleta-da-regiao-de-ribeirao-preto-garante-bronze-nos-jogos-paralimpicos-de-paris\/","url_meta":{"origin":76141,"position":2},"title":"Atleta da regi\u00e3o de Ribeir\u00e3o Preto garante bronze nos Jogos Paral\u00edmpicos de Paris","author":"noticiasribeiraopreto.com.br","date":"8 de September de 2024","format":false,"excerpt":"O atleta Christian Gabriel, natural de Sert\u00e3ozinho, cidade na regi\u00e3o de Ribeir\u00e3o Preto, ficou com a medalha de bronze nos Jogos Paral\u00edmpicos de Paris 2024, nos 200m da classe T37 (paralisados cerebrais). A prova foi disputada neste s\u00e1bado (7), na pista do Stade de Francem. Christian tem 22 anos e\u2026","rel":"","context":"In &quot;Not\u00edcias de Ribeir\u00e3o Preto-SP e Regi\u00e3o&quot;","block_context":{"text":"Not\u00edcias de Ribeir\u00e3o Preto-SP e Regi\u00e3o","link":"https:\/\/noticiasribeiraopreto.com.br\/index.php\/category\/noticias-de-ribeirao-preto-sp-e-regiao-ismael-colosi\/"},"img":{"alt_text":"","src":"https:\/\/i0.wp.com\/noticiasribeiraopreto.com.br\/wp-content\/uploads\/2024\/09\/Atletismo_SA_038_2024-09-08_12-43-55_jpeg_2024-09-08_12-43-56.webp.webp?fit=1200%2C800&ssl=1&resize=350%2C200","width":350,"height":200,"srcset":"https:\/\/i0.wp.com\/noticiasribeiraopreto.com.br\/wp-content\/uploads\/2024\/09\/Atletismo_SA_038_2024-09-08_12-43-55_jpeg_2024-09-08_12-43-56.webp.webp?fit=1200%2C800&ssl=1&resize=350%2C200 1x, https:\/\/i0.wp.com\/noticiasribeiraopreto.com.br\/wp-content\/uploads\/2024\/09\/Atletismo_SA_038_2024-09-08_12-43-55_jpeg_2024-09-08_12-43-56.webp.webp?fit=1200%2C800&ssl=1&resize=525%2C300 1.5x, https:\/\/i0.wp.com\/noticiasribeiraopreto.com.br\/wp-content\/uploads\/2024\/09\/Atletismo_SA_038_2024-09-08_12-43-55_jpeg_2024-09-08_12-43-56.webp.webp?fit=1200%2C800&ssl=1&resize=700%2C400 2x, https:\/\/i0.wp.com\/noticiasribeiraopreto.com.br\/wp-content\/uploads\/2024\/09\/Atletismo_SA_038_2024-09-08_12-43-55_jpeg_2024-09-08_12-43-56.webp.webp?fit=1200%2C800&ssl=1&resize=1050%2C600 3x"},"classes":[]},{"id":46056,"url":"https:\/\/noticiasribeiraopreto.com.br\/index.php\/2024\/04\/09\/atleta-de-ribeirao-preto-e-convocada-para-o-mundial-paralimpico-do-japao\/","url_meta":{"origin":76141,"position":3},"title":"Atleta de Ribeir\u00e3o Preto \u00e9 convocada para o Mundial Paral\u00edmpico do Jap\u00e3o","author":"noticiasribeiraopreto.com.br","date":"9 de April de 2024","format":false,"excerpt":"A atleta Zileide Cassiano da Silva, de Ribeir\u00e3o Preto, foi convocada pelo Comit\u00ea Paral\u00edmpico Brasileiro para o Mundial de Atletismo Paral\u00edmpico, que ser\u00e1 disputado em Kobe, no Jap\u00e3o. O evento acontece entre 17 a 25 de maio. Zileide Cassiano vai disputar no salto em dist\u00e2ncia, na categoria T20. A competi\u00e7\u00e3o\u2026","rel":"","context":"In &quot;Not\u00edcias de Ribeir\u00e3o Preto-SP e Regi\u00e3o&quot;","block_context":{"text":"Not\u00edcias de Ribeir\u00e3o Preto-SP e Regi\u00e3o","link":"https:\/\/noticiasribeiraopreto.com.br\/index.php\/category\/noticias-de-ribeirao-preto-sp-e-regiao-ismael-colosi\/"},"img":{"alt_text":"","src":"https:\/\/i0.wp.com\/noticiasribeiraopreto.com.br\/wp-content\/uploads\/2024\/04\/AnyConv.com__ZILEIDE.webp.webp?fit=960%2C550&ssl=1&resize=350%2C200","width":350,"height":200,"srcset":"https:\/\/i0.wp.com\/noticiasribeiraopreto.com.br\/wp-content\/uploads\/2024\/04\/AnyConv.com__ZILEIDE.webp.webp?fit=960%2C550&ssl=1&resize=350%2C200 1x, https:\/\/i0.wp.com\/noticiasribeiraopreto.com.br\/wp-content\/uploads\/2024\/04\/AnyConv.com__ZILEIDE.webp.webp?fit=960%2C550&ssl=1&resize=525%2C300 1.5x, https:\/\/i0.wp.com\/noticiasribeiraopreto.com.br\/wp-content\/uploads\/2024\/04\/AnyConv.com__ZILEIDE.webp.webp?fit=960%2C550&ssl=1&resize=700%2C400 2x"},"classes":[]},{"id":57674,"url":"https:\/\/noticiasribeiraopreto.com.br\/index.php\/2024\/09\/06\/atleta-de-ribeirao-preto-fica-com-a-prata-nos-jogos-paralimpicos-de-paris\/","url_meta":{"origin":76141,"position":4},"title":"Atleta de Ribeir\u00e3o Preto fica com a prata nos Jogos Paral\u00edmpicos de Paris","author":"noticiasribeiraopreto.com.br","date":"6 de September de 2024","format":false,"excerpt":"A atleta Zileide Cassiano, de Ribeir\u00e3o Preto, ficou com a medalha de prata nos Jogos Paral\u00edmpicos de Paris 2024, na prova do salto em dist\u00e2ncia T20 (para atletas de pista com defici\u00eancia intelectual). Zileide fez a marca de 5,76 metros na prova disputada na tarde desta sexta-feira (6), no est\u00e1dio\u2026","rel":"","context":"In &quot;Not\u00edcias de Ribeir\u00e3o Preto-SP e Regi\u00e3o&quot;","block_context":{"text":"Not\u00edcias de Ribeir\u00e3o Preto-SP e Regi\u00e3o","link":"https:\/\/noticiasribeiraopreto.com.br\/index.php\/category\/noticias-de-ribeirao-preto-sp-e-regiao-ismael-colosi\/"},"img":{"alt_text":"","src":"https:\/\/i0.wp.com\/noticiasribeiraopreto.com.br\/wp-content\/uploads\/2024\/09\/zileide-cassiano_2024-09-06_20-40-53_jpg_2024-09-06_20-40-53.webp.webp?fit=980%2C632&ssl=1&resize=350%2C200","width":350,"height":200,"srcset":"https:\/\/i0.wp.com\/noticiasribeiraopreto.com.br\/wp-content\/uploads\/2024\/09\/zileide-cassiano_2024-09-06_20-40-53_jpg_2024-09-06_20-40-53.webp.webp?fit=980%2C632&ssl=1&resize=350%2C200 1x, https:\/\/i0.wp.com\/noticiasribeiraopreto.com.br\/wp-content\/uploads\/2024\/09\/zileide-cassiano_2024-09-06_20-40-53_jpg_2024-09-06_20-40-53.webp.webp?fit=980%2C632&ssl=1&resize=525%2C300 1.5x, https:\/\/i0.wp.com\/noticiasribeiraopreto.com.br\/wp-content\/uploads\/2024\/09\/zileide-cassiano_2024-09-06_20-40-53_jpg_2024-09-06_20-40-53.webp.webp?fit=980%2C632&ssl=1&resize=700%2C400 2x"},"classes":[]},{"id":10939,"url":"https:\/\/noticiasribeiraopreto.com.br\/index.php\/2023\/12\/05\/cpb-anuncia-candidatos-a-atleta-da-galera-do-premio-paralimpicos\/","url_meta":{"origin":76141,"position":5},"title":"CPB anuncia candidatos a Atleta da Galera do Pr\u00eamio Paral\u00edmpicos \u2013 Folha de Ribeir\u00e3o","author":"noticiasribeiraopreto.com.br","date":"5 de December de 2023","format":false,"excerpt":"O Comit\u00ea Paral\u00edmpico Brasileiro (CPB) iniciou, nesta segunda-feira (4), a vota\u00e7\u00e3o popular para a categoria Atleta da Galera do Pr\u00eamio Paral\u00edmpicos, cuja cerim\u00f4nia ser\u00e1 realizada nos dias 13 e 14 de dezembro no Tokio Marine Hall, em S\u00e3o Paulo. Os concorrentes ao pr\u00eamio s\u00e3o Alessandro Silva (atletismo), Brenda Freitas (jud\u00f4),\u2026","rel":"","context":"In &quot;Not\u00edcias de Ribeir\u00e3o Preto-SP e Regi\u00e3o&quot;","block_context":{"text":"Not\u00edcias de Ribeir\u00e3o Preto-SP e Regi\u00e3o","link":"https:\/\/noticiasribeiraopreto.com.br\/index.php\/category\/noticias-de-ribeirao-preto-sp-e-regiao-ismael-colosi\/"},"img":{"alt_text":"","src":"","width":0,"height":0},"classes":[]}],"jetpack_sharing_enabled":true,"jetpack_shortlink":"https:\/\/wp.me\/peQAOb-jO5","_links":{"self":[{"href":"https:\/\/noticiasribeiraopreto.com.br\/index.php\/wp-json\/wp\/v2\/posts\/76141","targetHints":{"allow":["GET"]}}],"collection":[{"href":"https:\/\/noticiasribeiraopreto.com.br\/index.php\/wp-json\/wp\/v2\/posts"}],"about":[{"href":"https:\/\/noticiasribeiraopreto.com.br\/index.php\/wp-json\/wp\/v2\/types\/post"}],"author":[{"embeddable":true,"href":"https:\/\/noticiasribeiraopreto.com.br\/index.php\/wp-json\/wp\/v2\/users\/1"}],"replies":[{"embeddable":true,"href":"https:\/\/noticiasribeiraopreto.com.br\/index.php\/wp-json\/wp\/v2\/comments?post=76141"}],"version-history":[{"count":0,"href":"https:\/\/noticiasribeiraopreto.com.br\/index.php\/wp-json\/wp\/v2\/posts\/76141\/revisions"}],"wp:featuredmedia":[{"embeddable":true,"href":"https:\/\/noticiasribeiraopreto.com.br\/index.php\/wp-json\/wp\/v2\/media\/76142"}],"wp:attachment":[{"href":"https:\/\/noticiasribeiraopreto.com.br\/index.php\/wp-json\/wp\/v2\/media?parent=76141"}],"wp:term":[{"taxonomy":"category","embeddable":true,"href":"https:\/\/noticiasribeiraopreto.com.br\/index.php\/wp-json\/wp\/v2\/categories?post=76141"},{"taxonomy":"post_tag","embeddable":true,"href":"https:\/\/noticiasribeiraopreto.com.br\/index.php\/wp-json\/wp\/v2\/tags?post=76141"}],"curies":[{"name":"wp","href":"https:\/\/api.w.org\/{rel}","templated":true}]}}