{"id":76145,"date":"2025-08-22T18:23:21","date_gmt":"2025-08-22T21:23:21","guid":{"rendered":"https:\/\/noticiasribeiraopreto.com.br\/index.php\/2025\/08\/22\/ribeirao-preto-comeca-periodo-de-inscricoes-para-vagas-na-educacao-infantil\/"},"modified":"2025-08-22T18:23:21","modified_gmt":"2025-08-22T21:23:21","slug":"ribeirao-preto-comeca-periodo-de-inscricoes-para-vagas-na-educacao-infantil","status":"publish","type":"post","link":"https:\/\/noticiasribeiraopreto.com.br\/index.php\/2025\/08\/22\/ribeirao-preto-comeca-periodo-de-inscricoes-para-vagas-na-educacao-infantil\/","title":{"rendered":"Ribeir\u00e3o Preto come\u00e7a per\u00edodo de inscri\u00e7\u00f5es para vagas na educa\u00e7\u00e3o infantil"},"content":{"rendered":"<div class='code-block code-block-1' style='margin: 8px 0 8px auto; text-align: right; display: block; clear: both;'>\n<p><a href=\"https:\/\/wa.link\/vpicfd\"><img data-recalc-dims=\"1\" class=\"wp-image-4922\" style=\"aspect-ratio: 2.0253164556962027; width: 561px; height: auto;\" src=\"https:\/\/i0.wp.com\/ismaelcolosi.com.br\/wp-content\/uploads\/2023\/11\/grupo-de-empregos-whatsapp-e-facebook-ismael-colosi-vagas.jpg?ssl=1\" alt=\"\" \/><\/a><\/p>\n<!-- \/wp:image -->\n<\/div>\n<p> <br \/>\n<\/p>\n<div>\n<p>A rede municipal de<strong> Educa\u00e7\u00e3o de Ribeir\u00e3o Preto<\/strong> come\u00e7a na pr\u00f3xima segunda-feira (25) o per\u00edodo de inscri\u00e7\u00f5es para vagas na educa\u00e7\u00e3o infantil, que segue at\u00e9 25 de setembro de 2025. \u00a0Segundo a Secretaria da Educa\u00e7\u00e3o, <mark style=\"background-color:#fcb900\" class=\"has-inline-color has-black-color\">o processo contempla tanto novos cadastros quanto a renova\u00e7\u00e3o obrigat\u00f3ria para quem j\u00e1 fez o registro em 2025<\/mark>.<\/p>\n<p>Todas as crian\u00e7as de 0 a 5 anos que precisarem de creche ou pr\u00e9-escola para o ano letivo de 2026 devem ser inscritas nesse prazo.<\/p>\n<h2 class=\"wp-block-heading\"><strong>Como fazer a inscri\u00e7\u00e3o?<\/strong><\/h2>\n<p>As inscri\u00e7\u00f5es podem ser feitas de forma presencial, em qualquer unidade da rede municipal de ensino ou no Poupatempo, e tamb\u00e9m online, por meio do portal da Secretaria da Educa\u00e7\u00e3o (<a href=\"https:\/\/www.ribeiraopreto.sp.gov.br\/portal\/educacao\/\" data-type=\"link\" data-id=\"https:\/\/www.ribeiraopreto.sp.gov.br\/portal\/educacao\/\" target=\"_blank\" rel=\"noopener\">clique aqui<\/a>).<\/p>\n<p>O sistema de inscri\u00e7\u00e3o \u00e9 informatizado e utiliza geolocaliza\u00e7\u00e3o para indicar automaticamente at\u00e9 tr\u00eas escolas pr\u00f3ximas \u00e0 resid\u00eancia da crian\u00e7a (ou mais, desde que estejam em um raio de at\u00e9 2 km).<\/p>\n<p><mark style=\"background-color:#fcb900\" class=\"has-inline-color has-black-color\">Isso aumenta as chances de conseguir uma vaga perto de casa. <\/mark>Para se inscrever, os respons\u00e1veis devem apresentar certid\u00e3o de nascimento da crian\u00e7a, comprovante de endere\u00e7o atualizado e telefone.<\/p>\n<p>Mesmo que a crian\u00e7a j\u00e1 tenha sido inscrita em 2025 e ainda n\u00e3o tenha sido chamada, \u00e9 necess\u00e1rio refazer o cadastro. A renova\u00e7\u00e3o \u00e9 fundamental para manter o nome na fila de espera para 2026.<\/p>\n<h2 class=\"wp-block-heading\"><strong>Cronograma<\/strong><\/h2>\n<p><strong>25\/8 a 25\/9\/2025:<\/strong> per\u00edodo de inscri\u00e7\u00f5es, transfer\u00eancias e renova\u00e7\u00f5es;<\/p>\n<p><strong>30\/10 a 28\/11\/2025: <\/strong>efetiva\u00e7\u00e3o das matr\u00edculas (obrigat\u00f3ria para garantir a vaga);<\/p>\n<p><strong>3\/11 a 14\/11\/2025:<\/strong> inscri\u00e7\u00f5es por deslocamento (mudan\u00e7a de endere\u00e7o ou interesse);<\/p>\n<p><strong>A partir de 7\/1\/2026:<\/strong> reabertura de inscri\u00e7\u00f5es para quem perdeu o prazo inicial.<\/p>\n<p>SAIBA MAIS<br \/>HC de Ribeir\u00e3o Preto abre concurso p\u00fablico com sal\u00e1rios de at\u00e9 R$ 5,9 mil<\/p>\n<h2 class=\"wp-block-heading\"><strong>FIQUE ON<\/strong><\/h2>\n<p>Fique ligado em tudo que acontece em Ribeir\u00e3o Preto e regi\u00e3o. Siga os perfis do\u00a0<strong>acidade on<\/strong>\u00a0no<a href=\"https:\/\/www.instagram.com\/acidadeonribeirao\" target=\"_blank\" rel=\"noreferrer noopener\">\u00a0Instagram\u00a0<\/a>e no\u00a0<a href=\"https:\/\/www.facebook.com\/acidadeonribeirao\/\" target=\"_blank\" rel=\"noreferrer noopener\">Facebook<\/a>.<\/p>\n<p>Receba not\u00edcias do\u00a0<strong>acidade on<\/strong>\u00a0no WhatsApp. Para entrar no grupo,\u00a0basta\u00a0<a href=\"https:\/\/chat.whatsapp.com\/I4nieTEMKlf50pJ28aMemC?mode=ac_t\" target=\"_blank\" rel=\"noreferrer noopener\">clicar aqui<\/a>. Ou, acesse o nosso\u00a0Canal\u00a0<a href=\"https:\/\/whatsapp.com\/channel\/0029Vb6IQl1JENyAeS57fk2p\" target=\"_blank\" rel=\"noreferrer noopener\">clicando aqui<\/a>.<\/p>\n<p>Fa\u00e7a uma den\u00fancia ou sugira uma reportagem sobre Ribeir\u00e3o Preto e regi\u00e3o pelo WhatsApp: 16 99117 7802.<\/p>\n<p>VEJA TAMB\u00c9M<br \/>IR: como consultar o 4\u00ba lote de restitui\u00e7\u00e3o?<\/p>\n<p><!-- AI CONTENT END 1 -->\n<\/div>\n<p><script async src=\"\/\/www.instagram.com\/embed.js\"><\/script><br \/>\n<br \/><br \/>\n<br \/><a href=\"https:\/\/www.acidadeon.com\/ribeiraopreto\/cotidiano\/ribeirao-preto-comeca-periodo-de-inscricoes-para-vagas-na-educacao-infantil\/\">Source link <\/a><\/p>\n<!-- CONTENT END 1 -->\n","protected":false},"excerpt":{"rendered":"<p>A rede municipal de Educa\u00e7\u00e3o de Ribeir\u00e3o Preto come\u00e7a na pr\u00f3xima segunda-feira (25) o per\u00edodo de inscri\u00e7\u00f5es para vagas na educa\u00e7\u00e3o infantil, que segue at\u00e9&#8230;<\/p>\n","protected":false},"author":1,"featured_media":76146,"comment_status":"open","ping_status":"open","sticky":false,"template":"","format":"standard","meta":{"advanced_seo_description":"","jetpack_seo_html_title":"","jetpack_seo_noindex":false,"jetpack_post_was_ever_published":false,"_jetpack_newsletter_access":"","_jetpack_dont_email_post_to_subs":false,"_jetpack_newsletter_tier_id":0,"_jetpack_memberships_contains_paywalled_content":false,"_jetpack_memberships_contains_paid_content":false,"footnotes":"","jetpack_publicize_message":"","jetpack_publicize_feature_enabled":true,"jetpack_social_post_already_shared":true,"jetpack_social_options":{"image_generator_settings":{"template":"highway","default_image_id":0,"font":"","enabled":false},"version":2}},"categories":[11],"tags":[],"class_list":["post-76145","post","type-post","status-publish","format-standard","has-post-thumbnail","hentry","category-noticias-de-ribeirao-preto-sp-e-regiao-ismael-colosi"],"jetpack_publicize_connections":[],"jetpack_featured_media_url":"https:\/\/i0.wp.com\/noticiasribeiraopreto.com.br\/wp-content\/uploads\/2025\/08\/escola_2025-08-22_19-43-04.webp.webp?fit=1198%2C673&ssl=1","jetpack-related-posts":[{"id":77753,"url":"https:\/\/noticiasribeiraopreto.com.br\/index.php\/2025\/09\/25\/ribeirao-preto-tem-ultimo-dia-de-inscricoes-para-vagas-na-educacao-infantil\/","url_meta":{"origin":76145,"position":0},"title":"Ribeir\u00e3o Preto tem \u00faltimo dia de inscri\u00e7\u00f5es para vagas na educa\u00e7\u00e3o infantil","author":"noticiasribeiraopreto.com.br","date":"25 de September de 2025","format":false,"excerpt":"Termina nesta quinta-feira (25) o prazo das inscri\u00e7\u00f5es para as vagas na Educa\u00e7\u00e3o Infantil da rede municipal de ensino de Ribeir\u00e3o Preto. As vagas s\u00e3o destinadas a crian\u00e7as de 0 a 5 anos para o ano letivo de 2026. O per\u00edodo de cadastro, que teve in\u00edcio em 25 de agosto,\u2026","rel":"","context":"In &quot;Not\u00edcias de Ribeir\u00e3o Preto-SP e Regi\u00e3o&quot;","block_context":{"text":"Not\u00edcias de Ribeir\u00e3o Preto-SP e Regi\u00e3o","link":"https:\/\/noticiasribeiraopreto.com.br\/index.php\/category\/noticias-de-ribeirao-preto-sp-e-regiao-ismael-colosi\/"},"img":{"alt_text":"","src":"https:\/\/i0.wp.com\/noticiasribeiraopreto.com.br\/wp-content\/uploads\/2025\/07\/escola-infantil-ribeirao-preto_2024-09-03_19-11-33_jpg_2024-09-03_19-11-33.webp.webp?fit=1200%2C675&ssl=1&resize=350%2C200","width":350,"height":200,"srcset":"https:\/\/i0.wp.com\/noticiasribeiraopreto.com.br\/wp-content\/uploads\/2025\/07\/escola-infantil-ribeirao-preto_2024-09-03_19-11-33_jpg_2024-09-03_19-11-33.webp.webp?fit=1200%2C675&ssl=1&resize=350%2C200 1x, https:\/\/i0.wp.com\/noticiasribeiraopreto.com.br\/wp-content\/uploads\/2025\/07\/escola-infantil-ribeirao-preto_2024-09-03_19-11-33_jpg_2024-09-03_19-11-33.webp.webp?fit=1200%2C675&ssl=1&resize=525%2C300 1.5x, https:\/\/i0.wp.com\/noticiasribeiraopreto.com.br\/wp-content\/uploads\/2025\/07\/escola-infantil-ribeirao-preto_2024-09-03_19-11-33_jpg_2024-09-03_19-11-33.webp.webp?fit=1200%2C675&ssl=1&resize=700%2C400 2x, https:\/\/i0.wp.com\/noticiasribeiraopreto.com.br\/wp-content\/uploads\/2025\/07\/escola-infantil-ribeirao-preto_2024-09-03_19-11-33_jpg_2024-09-03_19-11-33.webp.webp?fit=1200%2C675&ssl=1&resize=1050%2C600 3x"},"classes":[]},{"id":77751,"url":"https:\/\/noticiasribeiraopreto.com.br\/index.php\/2025\/09\/25\/educacao-de-rp-encerra-inscricoes\/","url_meta":{"origin":76145,"position":1},"title":"Educa\u00e7\u00e3o de RP \u2028encerra inscri\u00e7\u00f5es","author":"noticiasribeiraopreto.com.br","date":"25 de September de 2025","format":false,"excerpt":"25 de setembro de 2025 09:3525 de setembro de 2025 09:077 Compartilhar0 Per\u00edodo de inscri\u00e7\u00f5es termina nesta quinta-feira, 25 de setembro, para crian\u00e7as de 0 a 5 anos; quem j\u00e1 se cadastrou neste ano tamb\u00e9m precisa renovar\u2028 A prefeitura de Ribeir\u00e3o Preto encerra nesta quinta-feira, 25 de setembro, o per\u00edodo\u2026","rel":"","context":"In &quot;Not\u00edcias de Ribeir\u00e3o Preto-SP e Regi\u00e3o&quot;","block_context":{"text":"Not\u00edcias de Ribeir\u00e3o Preto-SP e Regi\u00e3o","link":"https:\/\/noticiasribeiraopreto.com.br\/index.php\/category\/noticias-de-ribeirao-preto-sp-e-regiao-ismael-colosi\/"},"img":{"alt_text":"","src":"https:\/\/i0.wp.com\/noticiasribeiraopreto.com.br\/wp-content\/uploads\/2025\/09\/AulaRP-Guilherme-Sircili-scaled.jpeg?fit=1170%2C780&ssl=1&resize=350%2C200","width":350,"height":200,"srcset":"https:\/\/i0.wp.com\/noticiasribeiraopreto.com.br\/wp-content\/uploads\/2025\/09\/AulaRP-Guilherme-Sircili-scaled.jpeg?fit=1170%2C780&ssl=1&resize=350%2C200 1x, https:\/\/i0.wp.com\/noticiasribeiraopreto.com.br\/wp-content\/uploads\/2025\/09\/AulaRP-Guilherme-Sircili-scaled.jpeg?fit=1170%2C780&ssl=1&resize=525%2C300 1.5x, https:\/\/i0.wp.com\/noticiasribeiraopreto.com.br\/wp-content\/uploads\/2025\/09\/AulaRP-Guilherme-Sircili-scaled.jpeg?fit=1170%2C780&ssl=1&resize=700%2C400 2x, https:\/\/i0.wp.com\/noticiasribeiraopreto.com.br\/wp-content\/uploads\/2025\/09\/AulaRP-Guilherme-Sircili-scaled.jpeg?fit=1170%2C780&ssl=1&resize=1050%2C600 3x"},"classes":[]},{"id":62266,"url":"https:\/\/noticiasribeiraopreto.com.br\/index.php\/2025\/01\/08\/veja-como-solicitar-uma-vaga-na-rede-municipal-de-ensino-de-ribeirao-preto\/","url_meta":{"origin":76145,"position":2},"title":"Veja como solicitar uma vaga na rede municipal de ensino de Ribeir\u00e3o Preto","author":"noticiasribeiraopreto.com.br","date":"8 de January de 2025","format":false,"excerpt":"As inscri\u00e7\u00f5es para a rede municipal de ensino de Ribeir\u00e3o Preto est\u00e3o abertas. \u00c9 poss\u00edvel solicitar uma vaga na Educa\u00e7\u00e3o Infantil ou no Ensino Fundamental de forma presencial ou on-line. A Prefeitura de Ribeir\u00e3o Preto orienta que os pais ou respons\u00e1veis realizem a inscri\u00e7\u00e3o com anteced\u00eancia, para evitar qualquer tipo\u2026","rel":"","context":"In &quot;Not\u00edcias de Ribeir\u00e3o Preto-SP e Regi\u00e3o&quot;","block_context":{"text":"Not\u00edcias de Ribeir\u00e3o Preto-SP e Regi\u00e3o","link":"https:\/\/noticiasribeiraopreto.com.br\/index.php\/category\/noticias-de-ribeirao-preto-sp-e-regiao-ismael-colosi\/"},"img":{"alt_text":"","src":"https:\/\/i0.wp.com\/noticiasribeiraopreto.com.br\/wp-content\/uploads\/2025\/01\/Copia-de-Copia-de-Copia-de-TAMANHO-EXATO-PARA-FOTOS-NO-SISTEMA-NOVO-2025-01-08T193453.168_2025-01-08_22-41-52_png_2025-01-08_22-41-52.webp.webp?fit=1200%2C675&ssl=1&resize=350%2C200","width":350,"height":200,"srcset":"https:\/\/i0.wp.com\/noticiasribeiraopreto.com.br\/wp-content\/uploads\/2025\/01\/Copia-de-Copia-de-Copia-de-TAMANHO-EXATO-PARA-FOTOS-NO-SISTEMA-NOVO-2025-01-08T193453.168_2025-01-08_22-41-52_png_2025-01-08_22-41-52.webp.webp?fit=1200%2C675&ssl=1&resize=350%2C200 1x, https:\/\/i0.wp.com\/noticiasribeiraopreto.com.br\/wp-content\/uploads\/2025\/01\/Copia-de-Copia-de-Copia-de-TAMANHO-EXATO-PARA-FOTOS-NO-SISTEMA-NOVO-2025-01-08T193453.168_2025-01-08_22-41-52_png_2025-01-08_22-41-52.webp.webp?fit=1200%2C675&ssl=1&resize=525%2C300 1.5x, https:\/\/i0.wp.com\/noticiasribeiraopreto.com.br\/wp-content\/uploads\/2025\/01\/Copia-de-Copia-de-Copia-de-TAMANHO-EXATO-PARA-FOTOS-NO-SISTEMA-NOVO-2025-01-08T193453.168_2025-01-08_22-41-52_png_2025-01-08_22-41-52.webp.webp?fit=1200%2C675&ssl=1&resize=700%2C400 2x, https:\/\/i0.wp.com\/noticiasribeiraopreto.com.br\/wp-content\/uploads\/2025\/01\/Copia-de-Copia-de-Copia-de-TAMANHO-EXATO-PARA-FOTOS-NO-SISTEMA-NOVO-2025-01-08T193453.168_2025-01-08_22-41-52_png_2025-01-08_22-41-52.webp.webp?fit=1200%2C675&ssl=1&resize=1050%2C600 3x"},"classes":[]},{"id":79639,"url":"https:\/\/noticiasribeiraopreto.com.br\/index.php\/2025\/11\/05\/educacao-infantil-divulga-matriculas-tribuna-ribeirao\/","url_meta":{"origin":76145,"position":3},"title":"Educa\u00e7\u00e3o infantil \u2028divulga matr\u00edculas &#8211; Tribuna Ribeir\u00e3o","author":"noticiasribeiraopreto.com.br","date":"5 de November de 2025","format":false,"excerpt":"5 de novembro de 2025 10:205 de novembro de 2025 08:5914 Compartilhar0 A Secretaria Municipal da Educa\u00e7\u00e3o divulga nesta quarta-feira, 5 de novembro, o resultado das inscri\u00e7\u00f5es para o ensino infantil referente ao ano letivo de 2026. As fam\u00edlias poder\u00e3o consultar o resultado diretamente nas unidades escolares, no Poupatempo ou\u2026","rel":"","context":"In &quot;Not\u00edcias de Ribeir\u00e3o Preto-SP e Regi\u00e3o&quot;","block_context":{"text":"Not\u00edcias de Ribeir\u00e3o Preto-SP e Regi\u00e3o","link":"https:\/\/noticiasribeiraopreto.com.br\/index.php\/category\/noticias-de-ribeirao-preto-sp-e-regiao-ismael-colosi\/"},"img":{"alt_text":"","src":"https:\/\/i0.wp.com\/noticiasribeiraopreto.com.br\/wp-content\/uploads\/2025\/11\/AulaRP-Guilherme-Sircili-scaled.jpg?fit=1170%2C780&ssl=1&resize=350%2C200","width":350,"height":200,"srcset":"https:\/\/i0.wp.com\/noticiasribeiraopreto.com.br\/wp-content\/uploads\/2025\/11\/AulaRP-Guilherme-Sircili-scaled.jpg?fit=1170%2C780&ssl=1&resize=350%2C200 1x, https:\/\/i0.wp.com\/noticiasribeiraopreto.com.br\/wp-content\/uploads\/2025\/11\/AulaRP-Guilherme-Sircili-scaled.jpg?fit=1170%2C780&ssl=1&resize=525%2C300 1.5x, https:\/\/i0.wp.com\/noticiasribeiraopreto.com.br\/wp-content\/uploads\/2025\/11\/AulaRP-Guilherme-Sircili-scaled.jpg?fit=1170%2C780&ssl=1&resize=700%2C400 2x, https:\/\/i0.wp.com\/noticiasribeiraopreto.com.br\/wp-content\/uploads\/2025\/11\/AulaRP-Guilherme-Sircili-scaled.jpg?fit=1170%2C780&ssl=1&resize=1050%2C600 3x"},"classes":[]},{"id":72497,"url":"https:\/\/noticiasribeiraopreto.com.br\/index.php\/2025\/06\/17\/ribeirao-preto-abre-inscricoes-para-professores-temporarios-veja-como-participar\/","url_meta":{"origin":76145,"position":4},"title":"Ribeir\u00e3o Preto abre inscri\u00e7\u00f5es para professores tempor\u00e1rios; veja como participar","author":"noticiasribeiraopreto.com.br","date":"17 de June de 2025","format":false,"excerpt":"A Secretaria da Educa\u00e7\u00e3o de Ribeir\u00e3o Preto publicou nesta ter\u00e7a-feira (17) o Edital n\u00ba 001\/2025, que abre credenciamento para professores interessados em atuar temporariamente na Educa\u00e7\u00e3o Infantil e no Ensino Fundamental da rede municipal. O processo busca atender a demandas emergenciais das unidades escolares. A pasta pretende formar um banco\u2026","rel":"","context":"In &quot;Not\u00edcias de Ribeir\u00e3o Preto-SP e Regi\u00e3o&quot;","block_context":{"text":"Not\u00edcias de Ribeir\u00e3o Preto-SP e Regi\u00e3o","link":"https:\/\/noticiasribeiraopreto.com.br\/index.php\/category\/noticias-de-ribeirao-preto-sp-e-regiao-ismael-colosi\/"},"img":{"alt_text":"","src":"https:\/\/i0.wp.com\/noticiasribeiraopreto.com.br\/wp-content\/uploads\/2025\/06\/Copia-de-Copia-de-Copia-de-TAMANHO-EXATO-PARA-FOTOS-NO-SISTEMA-NOVO-2025-06-17T172028.880_2025-06-17_20-20-44.webp.webp?fit=1200%2C675&ssl=1&resize=350%2C200","width":350,"height":200,"srcset":"https:\/\/i0.wp.com\/noticiasribeiraopreto.com.br\/wp-content\/uploads\/2025\/06\/Copia-de-Copia-de-Copia-de-TAMANHO-EXATO-PARA-FOTOS-NO-SISTEMA-NOVO-2025-06-17T172028.880_2025-06-17_20-20-44.webp.webp?fit=1200%2C675&ssl=1&resize=350%2C200 1x, https:\/\/i0.wp.com\/noticiasribeiraopreto.com.br\/wp-content\/uploads\/2025\/06\/Copia-de-Copia-de-Copia-de-TAMANHO-EXATO-PARA-FOTOS-NO-SISTEMA-NOVO-2025-06-17T172028.880_2025-06-17_20-20-44.webp.webp?fit=1200%2C675&ssl=1&resize=525%2C300 1.5x, https:\/\/i0.wp.com\/noticiasribeiraopreto.com.br\/wp-content\/uploads\/2025\/06\/Copia-de-Copia-de-Copia-de-TAMANHO-EXATO-PARA-FOTOS-NO-SISTEMA-NOVO-2025-06-17T172028.880_2025-06-17_20-20-44.webp.webp?fit=1200%2C675&ssl=1&resize=700%2C400 2x, https:\/\/i0.wp.com\/noticiasribeiraopreto.com.br\/wp-content\/uploads\/2025\/06\/Copia-de-Copia-de-Copia-de-TAMANHO-EXATO-PARA-FOTOS-NO-SISTEMA-NOVO-2025-06-17T172028.880_2025-06-17_20-20-44.webp.webp?fit=1200%2C675&ssl=1&resize=1050%2C600 3x"},"classes":[]},{"id":64821,"url":"https:\/\/noticiasribeiraopreto.com.br\/index.php\/2025\/03\/12\/ribeirao-preto-esta-com-vagas-gratuitas-para-educacao-de-jovens-e-adultos\/","url_meta":{"origin":76145,"position":5},"title":"Ribeir\u00e3o Preto est\u00e1 com vagas gratuitas para Educa\u00e7\u00e3o de Jovens e Adultos","author":"noticiasribeiraopreto.com.br","date":"12 de March de 2025","format":false,"excerpt":"A Secretaria de Educa\u00e7\u00e3o de Ribeir\u00e3o Preto anunciou que est\u00e1 com inscri\u00e7\u00f5es abertas para a EJA (Educa\u00e7\u00e3o de Jovens e Adultos). As aulas s\u00e3o gratuitas e acontecem nos per\u00edodos da tarde e noite. Podem se inscrever pessoas a partir de 15 anos, que possuam interesse em retornar aos estudos. De\u2026","rel":"","context":"In &quot;Not\u00edcias de Ribeir\u00e3o Preto-SP e Regi\u00e3o&quot;","block_context":{"text":"Not\u00edcias de Ribeir\u00e3o Preto-SP e Regi\u00e3o","link":"https:\/\/noticiasribeiraopreto.com.br\/index.php\/category\/noticias-de-ribeirao-preto-sp-e-regiao-ismael-colosi\/"},"img":{"alt_text":"","src":"https:\/\/i0.wp.com\/noticiasribeiraopreto.com.br\/wp-content\/uploads\/2025\/03\/inscricoeseja_capa_2025-03-12_21-37-56_jpeg_2025-03-12_21-37-56.webp.webp?fit=1000%2C666&ssl=1&resize=350%2C200","width":350,"height":200,"srcset":"https:\/\/i0.wp.com\/noticiasribeiraopreto.com.br\/wp-content\/uploads\/2025\/03\/inscricoeseja_capa_2025-03-12_21-37-56_jpeg_2025-03-12_21-37-56.webp.webp?fit=1000%2C666&ssl=1&resize=350%2C200 1x, https:\/\/i0.wp.com\/noticiasribeiraopreto.com.br\/wp-content\/uploads\/2025\/03\/inscricoeseja_capa_2025-03-12_21-37-56_jpeg_2025-03-12_21-37-56.webp.webp?fit=1000%2C666&ssl=1&resize=525%2C300 1.5x, https:\/\/i0.wp.com\/noticiasribeiraopreto.com.br\/wp-content\/uploads\/2025\/03\/inscricoeseja_capa_2025-03-12_21-37-56_jpeg_2025-03-12_21-37-56.webp.webp?fit=1000%2C666&ssl=1&resize=700%2C400 2x"},"classes":[]}],"jetpack_sharing_enabled":true,"jetpack_shortlink":"https:\/\/wp.me\/peQAOb-jO9","_links":{"self":[{"href":"https:\/\/noticiasribeiraopreto.com.br\/index.php\/wp-json\/wp\/v2\/posts\/76145","targetHints":{"allow":["GET"]}}],"collection":[{"href":"https:\/\/noticiasribeiraopreto.com.br\/index.php\/wp-json\/wp\/v2\/posts"}],"about":[{"href":"https:\/\/noticiasribeiraopreto.com.br\/index.php\/wp-json\/wp\/v2\/types\/post"}],"author":[{"embeddable":true,"href":"https:\/\/noticiasribeiraopreto.com.br\/index.php\/wp-json\/wp\/v2\/users\/1"}],"replies":[{"embeddable":true,"href":"https:\/\/noticiasribeiraopreto.com.br\/index.php\/wp-json\/wp\/v2\/comments?post=76145"}],"version-history":[{"count":0,"href":"https:\/\/noticiasribeiraopreto.com.br\/index.php\/wp-json\/wp\/v2\/posts\/76145\/revisions"}],"wp:featuredmedia":[{"embeddable":true,"href":"https:\/\/noticiasribeiraopreto.com.br\/index.php\/wp-json\/wp\/v2\/media\/76146"}],"wp:attachment":[{"href":"https:\/\/noticiasribeiraopreto.com.br\/index.php\/wp-json\/wp\/v2\/media?parent=76145"}],"wp:term":[{"taxonomy":"category","embeddable":true,"href":"https:\/\/noticiasribeiraopreto.com.br\/index.php\/wp-json\/wp\/v2\/categories?post=76145"},{"taxonomy":"post_tag","embeddable":true,"href":"https:\/\/noticiasribeiraopreto.com.br\/index.php\/wp-json\/wp\/v2\/tags?post=76145"}],"curies":[{"name":"wp","href":"https:\/\/api.w.org\/{rel}","templated":true}]}}