{"id":76147,"date":"2025-08-22T18:30:31","date_gmt":"2025-08-22T21:30:31","guid":{"rendered":"https:\/\/noticiasribeiraopreto.com.br\/index.php\/2025\/08\/22\/instituto-oferece-46-vagas-gratuitas-para-cursos-de-musica-e-teatro-em-sertaozinho\/"},"modified":"2025-08-22T18:30:31","modified_gmt":"2025-08-22T21:30:31","slug":"instituto-oferece-46-vagas-gratuitas-para-cursos-de-musica-e-teatro-em-sertaozinho","status":"publish","type":"post","link":"https:\/\/noticiasribeiraopreto.com.br\/index.php\/2025\/08\/22\/instituto-oferece-46-vagas-gratuitas-para-cursos-de-musica-e-teatro-em-sertaozinho\/","title":{"rendered":"Instituto oferece 46 vagas gratuitas para cursos de m\u00fasica e teatro em Sert\u00e3ozinho"},"content":{"rendered":"<div class='code-block code-block-1' style='margin: 8px 0 8px auto; text-align: right; display: block; clear: both;'>\n<p><a href=\"https:\/\/wa.link\/vpicfd\"><img data-recalc-dims=\"1\" class=\"wp-image-4922\" style=\"aspect-ratio: 2.0253164556962027; width: 561px; height: auto;\" src=\"https:\/\/i0.wp.com\/ismaelcolosi.com.br\/wp-content\/uploads\/2023\/11\/grupo-de-empregos-whatsapp-e-facebook-ismael-colosi-vagas.jpg?ssl=1\" alt=\"\" \/><\/a><\/p>\n<!-- \/wp:image -->\n<\/div>\n<p> <br \/>\n<\/p>\n<div>\n<p>O <strong>Instituto Aparecido Savegnago<\/strong> est\u00e1 oferecendo <strong>46 vagas gratuitas<\/strong> para cursos de <strong>m\u00fasica<\/strong>, <strong>teatro <\/strong>e <strong>coral <\/strong>em <strong>Sert\u00e3ozinho<\/strong>, cidade na <strong>regi\u00e3o de Ribeir\u00e3o Preto<\/strong>, para crian\u00e7as a partir de 6 anos \u2013 veja as op\u00e7\u00f5es abaixo.<\/p>\n<p>Os interessados devem preencher um <strong>formul\u00e1rio on-line<\/strong> de inten\u00e7\u00e3o de matr\u00edcula (<a href=\"https:\/\/docs.google.com\/forms\/d\/e\/1FAIpQLScyXFKGz_M2qpccEvuhRZYjRUMBLLcC74AN3VCaIdWo8POBVQ\/viewform\" target=\"_blank\" data-type=\"link\" data-id=\"https:\/\/docs.google.com\/forms\/d\/e\/1FAIpQLScyXFKGz_M2qpccEvuhRZYjRUMBLLcC74AN3VCaIdWo8POBVQ\/viewform\" rel=\"noreferrer noopener\">clique aqui para acessar<\/a>) e entregar a documenta\u00e7\u00e3o necess\u00e1ria.<\/p>\n<p>Vale ressaltar que a matr\u00edcula <mark style=\"background-color:#fcb900\" class=\"has-inline-color\">s\u00f3 ser\u00e1 feita depois da confirma\u00e7\u00e3o da vaga e da an\u00e1lise dos documentos pela Assistente Social da institui\u00e7\u00e3o.<\/mark><\/p>\n<h2 class=\"wp-block-heading\"><strong>Confira as oportunidades<\/strong><\/h2>\n<p>As aulas ser\u00e3o realizadas as ter\u00e7as-feiras, \u00e0s 9h, no per\u00edodo da manh\u00e3, e \u00e0s 13h30, no per\u00edodo da tarde. Podem se inscrever crian\u00e7as a partir de 7 anos.<\/p>\n<p>As aulas ser\u00e3o realizadas as sextas-feiras, \u00e0s 9h, no per\u00edodo da manh\u00e3, e \u00e0s 13h30, no per\u00edodo da tarde. Podem se inscrever crian\u00e7as a partir de 7 anos.<\/p>\n<p>As aulas ser\u00e3o realizadas as ter\u00e7as-feiras, no per\u00edodo da manh\u00e3. Podem se inscrever alunos com altura m\u00ednima de 1,40 m.<\/p>\n<ul class=\"wp-block-list\">\n<li><strong>Viola cl\u00e1ssica (10 vagas)<\/strong><\/li>\n<\/ul>\n<p>As aulas ser\u00e3o realizadas as sextas-feiras, no per\u00edodo da tarde. Podem se inscrever crian\u00e7as a partir de 6 anos e a distribui\u00e7\u00e3o de hor\u00e1rio ser\u00e1 por idade.<\/p>\n<p>As aulas ser\u00e3o realizadas as segundas-feiras, no per\u00edodo da manh\u00e3. Podem se inscrever crian\u00e7as com idade entre 9 e 11 anos.<\/p>\n<p>As aulas ser\u00e3o realizadas as segundas-feiras, no per\u00edodo da manh\u00e3. Podem se inscrever crian\u00e7as com idade entre 6 e 8 anos.<\/p>\n<p>As aulas ser\u00e3o realizadas as segundas-feiras, no per\u00edodo da tarde. Podem se inscrever crian\u00e7as a partir de 10 anos.<\/p>\n<ul class=\"wp-block-list\">\n<li><strong>Flauta transversal (3 vagas)<\/strong><\/li>\n<\/ul>\n<p>As aulas ser\u00e3o realizadas as segundas-feiras, no per\u00edodo da tarde. Ser\u00e3o duas vagas para crian\u00e7as a partir de 8 anos e uma para crian\u00e7as a partir de 10 ou 11 anos.<\/p>\n<ul class=\"wp-block-list\">\n<li><strong>Trompete e trombone (2 vagas)<\/strong><\/li>\n<\/ul>\n<p>As aulas ser\u00e3o realizadas as segundas-feiras, no per\u00edodo da tarde. Podem se inscrever crian\u00e7as a partir de 9 anos.<\/p>\n<p>As aulas ser\u00e3o realizadas as quintas-feiras, no per\u00edodo da manh\u00e3. Podem se inscrever crian\u00e7as a partir de 11 anos.<\/p>\n<hr class=\"wp-block-separator has-alpha-channel-opacity\"\/>\n<p>SAIBA MAIS<\/p>\n<p>Criador de \u2018Bom dia, Ver\u00f4nica\u2019 \u00e9 homenageado por estudantes durante a Feira do Livro de Ribeir\u00e3o<\/p>\n<p><strong>FIQUE ON<\/strong><\/p>\n<p>Fique ligado em tudo que acontece em Ribeir\u00e3o Preto e regi\u00e3o. Siga os perfis do\u00a0<strong>acidade on<\/strong>\u00a0no<a href=\"https:\/\/www.instagram.com\/acidadeonribeirao\" target=\"_blank\" rel=\"noreferrer noopener\">\u00a0Instagram\u00a0<\/a>e no\u00a0<a href=\"https:\/\/www.facebook.com\/acidadeonribeirao\/\" target=\"_blank\" rel=\"noreferrer noopener\">Facebook<\/a>.<\/p>\n<p>Receba not\u00edcias do<strong>\u00a0acidade on<\/strong>\u00a0no WhatsApp. Para entrar no grupo,\u00a0basta\u00a0<a href=\"https:\/\/chat.whatsapp.com\/I4nieTEMKlf50pJ28aMemC?mode=ac_t\" target=\"_blank\" rel=\"noreferrer noopener\">clicar aqui<\/a>. Ou, acesse o nosso\u00a0Canal\u00a0<a href=\"https:\/\/whatsapp.com\/channel\/0029Vb6IQl1JENyAeS57fk2p\" target=\"_blank\" rel=\"noreferrer noopener\">clicando aqui<\/a>.<\/p>\n<p>Fa\u00e7a uma den\u00fancia ou sugira uma reportagem sobre Ribeir\u00e3o Preto e regi\u00e3o pelo WhatsApp: 16 99117 7802.<\/p>\n<p>VEJA TAMB\u00c9M<\/p>\n<p>O que aconteceu com Brent Hinds, da Mastodon?<\/p>\n<p><!-- AI CONTENT END 1 -->\n<\/div>\n<p><script async src=\"\/\/www.instagram.com\/embed.js\"><\/script><br \/>\n<br \/><br \/>\n<br \/><a href=\"https:\/\/www.acidadeon.com\/ribeiraopreto\/lazer-e-cultura\/instituto-oferece-46-vagas-gratuitas-para-cursos-de-musica-e-teatro-em-sertaozinho\/\">Source link <\/a><\/p>\n<!-- CONTENT END 1 -->\n","protected":false},"excerpt":{"rendered":"<p>O Instituto Aparecido Savegnago est\u00e1 oferecendo 46 vagas gratuitas para cursos de m\u00fasica, teatro e coral em Sert\u00e3ozinho, cidade na regi\u00e3o de Ribeir\u00e3o Preto, para&#8230;<\/p>\n","protected":false},"author":1,"featured_media":76148,"comment_status":"open","ping_status":"open","sticky":false,"template":"","format":"standard","meta":{"advanced_seo_description":"","jetpack_seo_html_title":"","jetpack_seo_noindex":false,"jetpack_post_was_ever_published":false,"_jetpack_newsletter_access":"","_jetpack_dont_email_post_to_subs":false,"_jetpack_newsletter_tier_id":0,"_jetpack_memberships_contains_paywalled_content":false,"_jetpack_memberships_contains_paid_content":false,"footnotes":"","jetpack_publicize_message":"","jetpack_publicize_feature_enabled":true,"jetpack_social_post_already_shared":true,"jetpack_social_options":{"image_generator_settings":{"template":"highway","default_image_id":0,"font":"","enabled":false},"version":2}},"categories":[11],"tags":[],"class_list":["post-76147","post","type-post","status-publish","format-standard","has-post-thumbnail","hentry","category-noticias-de-ribeirao-preto-sp-e-regiao-ismael-colosi"],"jetpack_publicize_connections":[],"jetpack_featured_media_url":"https:\/\/i0.wp.com\/noticiasribeiraopreto.com.br\/wp-content\/uploads\/2025\/08\/Copia-de-Copia-de-TAMANHO-EXATO-PARA-FOTOS-NO-SISTEMA-NOVO-38_2024-08-08_16-23-34_jpg_2024-08-08_16-23-34.webp.webp?fit=1200%2C675&ssl=1","jetpack-related-posts":[{"id":62444,"url":"https:\/\/noticiasribeiraopreto.com.br\/index.php\/2025\/01\/14\/regiao-de-ribeirao-tem-400-vagas-para-cursos-superiores-gratuitos-veja-como-participar\/","url_meta":{"origin":76147,"position":0},"title":"Regi\u00e3o de Ribeir\u00e3o tem 400 vagas para cursos superiores gratuitos; veja como participar","author":"noticiasribeiraopreto.com.br","date":"14 de January de 2025","format":false,"excerpt":"O Instituto Federal de Educa\u00e7\u00e3o, Ci\u00eancia e Tecnologia de S\u00e3o Paulo (IFSP) est\u00e1 com 400 vagas para cursos superiores gratuitos no primeiro semestre de 2025, em seus campi de Barretos e Sert\u00e3ozinho, na regi\u00e3o de Ribeir\u00e3o Preto. As inscri\u00e7\u00f5es acontecem entre os dias 17 e 21 de janeiro e s\u00e3o\u2026","rel":"","context":"In &quot;Not\u00edcias de Ribeir\u00e3o Preto-SP e Regi\u00e3o&quot;","block_context":{"text":"Not\u00edcias de Ribeir\u00e3o Preto-SP e Regi\u00e3o","link":"https:\/\/noticiasribeiraopreto.com.br\/index.php\/category\/noticias-de-ribeirao-preto-sp-e-regiao-ismael-colosi\/"},"img":{"alt_text":"","src":"https:\/\/i0.wp.com\/noticiasribeiraopreto.com.br\/wp-content\/uploads\/2024\/09\/curso_ead_1200x675_27092021115718_2024-09-16_13-56-12_jpg_2024-09-16_13-56-13.webp.webp?fit=1200%2C675&ssl=1&resize=350%2C200","width":350,"height":200,"srcset":"https:\/\/i0.wp.com\/noticiasribeiraopreto.com.br\/wp-content\/uploads\/2024\/09\/curso_ead_1200x675_27092021115718_2024-09-16_13-56-12_jpg_2024-09-16_13-56-13.webp.webp?fit=1200%2C675&ssl=1&resize=350%2C200 1x, https:\/\/i0.wp.com\/noticiasribeiraopreto.com.br\/wp-content\/uploads\/2024\/09\/curso_ead_1200x675_27092021115718_2024-09-16_13-56-12_jpg_2024-09-16_13-56-13.webp.webp?fit=1200%2C675&ssl=1&resize=525%2C300 1.5x, https:\/\/i0.wp.com\/noticiasribeiraopreto.com.br\/wp-content\/uploads\/2024\/09\/curso_ead_1200x675_27092021115718_2024-09-16_13-56-12_jpg_2024-09-16_13-56-13.webp.webp?fit=1200%2C675&ssl=1&resize=700%2C400 2x, https:\/\/i0.wp.com\/noticiasribeiraopreto.com.br\/wp-content\/uploads\/2024\/09\/curso_ead_1200x675_27092021115718_2024-09-16_13-56-12_jpg_2024-09-16_13-56-13.webp.webp?fit=1200%2C675&ssl=1&resize=1050%2C600 3x"},"classes":[]},{"id":77119,"url":"https:\/\/noticiasribeiraopreto.com.br\/index.php\/2025\/09\/11\/instituto-abre-curso-gratuito-de-contrabaixo-na-regiao-de-ribeirao-veja-quem-pode-participar\/","url_meta":{"origin":76147,"position":1},"title":"Instituto abre curso gratuito de contrabaixo na regi\u00e3o de Ribeir\u00e3o; veja quem pode participar","author":"noticiasribeiraopreto.com.br","date":"11 de September de 2025","format":false,"excerpt":"O Instituto Aparecido Savegnago est\u00e1 com inscri\u00e7\u00f5es abertas para um curso gratuito de contrabaixo ac\u00fastico, em Sert\u00e3ozinho, na regi\u00e3o de Ribeir\u00e3o Preto. Voltado a crian\u00e7as e adolescentes de 7 a 17 anos, o curso oferece aprendizado musical de forma pr\u00e1tica e te\u00f3rica. As aulas ser\u00e3o presenciais, realizadas \u00e0s ter\u00e7as-feiras no\u2026","rel":"","context":"In &quot;Not\u00edcias de Ribeir\u00e3o Preto-SP e Regi\u00e3o&quot;","block_context":{"text":"Not\u00edcias de Ribeir\u00e3o Preto-SP e Regi\u00e3o","link":"https:\/\/noticiasribeiraopreto.com.br\/index.php\/category\/noticias-de-ribeirao-preto-sp-e-regiao-ismael-colosi\/"},"img":{"alt_text":"","src":"https:\/\/i0.wp.com\/noticiasribeiraopreto.com.br\/wp-content\/uploads\/2025\/09\/Copia-de-Copia-de-Copia-de-TAMANHO-EXATO-PARA-FOTOS-NO-SISTEMA-NOVO-2025-09-11T162132.771_2025-09-11_19-21-52.webp.webp?fit=1200%2C675&ssl=1&resize=350%2C200","width":350,"height":200,"srcset":"https:\/\/i0.wp.com\/noticiasribeiraopreto.com.br\/wp-content\/uploads\/2025\/09\/Copia-de-Copia-de-Copia-de-TAMANHO-EXATO-PARA-FOTOS-NO-SISTEMA-NOVO-2025-09-11T162132.771_2025-09-11_19-21-52.webp.webp?fit=1200%2C675&ssl=1&resize=350%2C200 1x, https:\/\/i0.wp.com\/noticiasribeiraopreto.com.br\/wp-content\/uploads\/2025\/09\/Copia-de-Copia-de-Copia-de-TAMANHO-EXATO-PARA-FOTOS-NO-SISTEMA-NOVO-2025-09-11T162132.771_2025-09-11_19-21-52.webp.webp?fit=1200%2C675&ssl=1&resize=525%2C300 1.5x, https:\/\/i0.wp.com\/noticiasribeiraopreto.com.br\/wp-content\/uploads\/2025\/09\/Copia-de-Copia-de-Copia-de-TAMANHO-EXATO-PARA-FOTOS-NO-SISTEMA-NOVO-2025-09-11T162132.771_2025-09-11_19-21-52.webp.webp?fit=1200%2C675&ssl=1&resize=700%2C400 2x, https:\/\/i0.wp.com\/noticiasribeiraopreto.com.br\/wp-content\/uploads\/2025\/09\/Copia-de-Copia-de-Copia-de-TAMANHO-EXATO-PARA-FOTOS-NO-SISTEMA-NOVO-2025-09-11T162132.771_2025-09-11_19-21-52.webp.webp?fit=1200%2C675&ssl=1&resize=1050%2C600 3x"},"classes":[]},{"id":56337,"url":"https:\/\/noticiasribeiraopreto.com.br\/index.php\/2024\/08\/12\/ifsp-esta-com-440-vagas-em-cursos-tecnicos-gratuitos-na-regiao-de-ribeirao-preto\/","url_meta":{"origin":76147,"position":2},"title":"IFSP est\u00e1 com 440 vagas em cursos t\u00e9cnicos gratuitos na regi\u00e3o de Ribeir\u00e3o Preto","author":"noticiasribeiraopreto.com.br","date":"12 de August de 2024","format":false,"excerpt":"O Instituto Federal de S\u00e3o Paulo (IFSP) est\u00e1 oferecendo 440 vagas de cursos t\u00e9cnicos gratuitos nas modalidades integrado, concomitante ou subsequente ao ensino m\u00e9dio, em Sert\u00e3ozinho e Barretos, cidades na regi\u00e3o de Ribeir\u00e3o Preto. As inscri\u00e7\u00f5es devem ser realizadas de forma on-line, atrav\u00e9s do site da institui\u00e7\u00e3o (clique aqui), at\u00e9\u2026","rel":"","context":"In &quot;Not\u00edcias de Ribeir\u00e3o Preto-SP e Regi\u00e3o&quot;","block_context":{"text":"Not\u00edcias de Ribeir\u00e3o Preto-SP e Regi\u00e3o","link":"https:\/\/noticiasribeiraopreto.com.br\/index.php\/category\/noticias-de-ribeirao-preto-sp-e-regiao-ismael-colosi\/"},"img":{"alt_text":"","src":"https:\/\/i0.wp.com\/noticiasribeiraopreto.com.br\/wp-content\/uploads\/2024\/08\/ifsp_1200x675_17022022161056.jpg?fit=1200%2C675&ssl=1&resize=350%2C200","width":350,"height":200,"srcset":"https:\/\/i0.wp.com\/noticiasribeiraopreto.com.br\/wp-content\/uploads\/2024\/08\/ifsp_1200x675_17022022161056.jpg?fit=1200%2C675&ssl=1&resize=350%2C200 1x, https:\/\/i0.wp.com\/noticiasribeiraopreto.com.br\/wp-content\/uploads\/2024\/08\/ifsp_1200x675_17022022161056.jpg?fit=1200%2C675&ssl=1&resize=525%2C300 1.5x, https:\/\/i0.wp.com\/noticiasribeiraopreto.com.br\/wp-content\/uploads\/2024\/08\/ifsp_1200x675_17022022161056.jpg?fit=1200%2C675&ssl=1&resize=700%2C400 2x, https:\/\/i0.wp.com\/noticiasribeiraopreto.com.br\/wp-content\/uploads\/2024\/08\/ifsp_1200x675_17022022161056.jpg?fit=1200%2C675&ssl=1&resize=1050%2C600 3x"},"classes":[]},{"id":30117,"url":"https:\/\/noticiasribeiraopreto.com.br\/index.php\/2024\/01\/20\/banda-da-regiao-de-ribeirao-abre-inscricoes-para-aulas-de-instrumentos\/","url_meta":{"origin":76147,"position":3},"title":"Banda da regi\u00e3o de Ribeir\u00e3o abre inscri\u00e7\u00f5es para aulas de instrumentos","author":"noticiasribeiraopreto.com.br","date":"20 de January de 2024","format":false,"excerpt":"A Banda Marcial da Juventude de Sert\u00e3ozinho vai abrir inscri\u00e7\u00f5es, a partir da segunda-feira (22), para aulas de percuss\u00e3o sinf\u00f4nica, canto coral, dan\u00e7a e instrumentos de sopro (trompete, trombone, tuba, trompa e trombone). A banda oferece aulas de instrumentos musicais, canto coral e dan\u00e7a para pessoas a partir de 10\u2026","rel":"","context":"In &quot;Not\u00edcias de Ribeir\u00e3o Preto-SP e Regi\u00e3o&quot;","block_context":{"text":"Not\u00edcias de Ribeir\u00e3o Preto-SP e Regi\u00e3o","link":"https:\/\/noticiasribeiraopreto.com.br\/index.php\/category\/noticias-de-ribeirao-preto-sp-e-regiao-ismael-colosi\/"},"img":{"alt_text":"","src":"https:\/\/i0.wp.com\/noticiasribeiraopreto.com.br\/wp-content\/uploads\/2024\/01\/thumbnail_IMG_1471.jpg?fit=1200%2C800&ssl=1&resize=350%2C200","width":350,"height":200,"srcset":"https:\/\/i0.wp.com\/noticiasribeiraopreto.com.br\/wp-content\/uploads\/2024\/01\/thumbnail_IMG_1471.jpg?fit=1200%2C800&ssl=1&resize=350%2C200 1x, https:\/\/i0.wp.com\/noticiasribeiraopreto.com.br\/wp-content\/uploads\/2024\/01\/thumbnail_IMG_1471.jpg?fit=1200%2C800&ssl=1&resize=525%2C300 1.5x, https:\/\/i0.wp.com\/noticiasribeiraopreto.com.br\/wp-content\/uploads\/2024\/01\/thumbnail_IMG_1471.jpg?fit=1200%2C800&ssl=1&resize=700%2C400 2x, https:\/\/i0.wp.com\/noticiasribeiraopreto.com.br\/wp-content\/uploads\/2024\/01\/thumbnail_IMG_1471.jpg?fit=1200%2C800&ssl=1&resize=1050%2C600 3x"},"classes":[]},{"id":61367,"url":"https:\/\/noticiasribeiraopreto.com.br\/index.php\/2024\/12\/10\/ifsp-oferece-320-vagas-gratuitas-no-ensino-superior-na-regiao-de-ribeirao\/","url_meta":{"origin":76147,"position":4},"title":"IFSP oferece 320 vagas gratuitas no ensino superior na regi\u00e3o de Ribeir\u00e3o","author":"noticiasribeiraopreto.com.br","date":"10 de December de 2024","format":false,"excerpt":"O Instituto Federal de S\u00e3o Paulo (IFSP) conta com 320 vagas no ensino superior em dois campos na regi\u00e3o de\u00a0Ribeir\u00e3o Preto. Os estudantes que participaram do\u00a0Enem 2024\u00a0poder\u00e3o se candidatar pelo\u00a0Sisu (Sistema de Sele\u00e7\u00e3o Unificada). No Campus Barretos, ser\u00e3o oferecidas 120 vagas em tr\u00eas cursos, enquanto o Campus Sert\u00e3ozinho contar\u00e1 com\u2026","rel":"","context":"In &quot;Not\u00edcias de Ribeir\u00e3o Preto-SP e Regi\u00e3o&quot;","block_context":{"text":"Not\u00edcias de Ribeir\u00e3o Preto-SP e Regi\u00e3o","link":"https:\/\/noticiasribeiraopreto.com.br\/index.php\/category\/noticias-de-ribeirao-preto-sp-e-regiao-ismael-colosi\/"},"img":{"alt_text":"","src":"https:\/\/i0.wp.com\/noticiasribeiraopreto.com.br\/wp-content\/uploads\/2024\/12\/Copia-de-Copia-de-Copia-de-TAMANHO-EXATO-PARA-FOTOS-NO-SISTEMA-NOVO-2024-12-10T163818.392_2024-12-10_19-38-31_png_2024-12-10_19-38-32.webp.webp?fit=1200%2C675&ssl=1&resize=350%2C200","width":350,"height":200,"srcset":"https:\/\/i0.wp.com\/noticiasribeiraopreto.com.br\/wp-content\/uploads\/2024\/12\/Copia-de-Copia-de-Copia-de-TAMANHO-EXATO-PARA-FOTOS-NO-SISTEMA-NOVO-2024-12-10T163818.392_2024-12-10_19-38-31_png_2024-12-10_19-38-32.webp.webp?fit=1200%2C675&ssl=1&resize=350%2C200 1x, https:\/\/i0.wp.com\/noticiasribeiraopreto.com.br\/wp-content\/uploads\/2024\/12\/Copia-de-Copia-de-Copia-de-TAMANHO-EXATO-PARA-FOTOS-NO-SISTEMA-NOVO-2024-12-10T163818.392_2024-12-10_19-38-31_png_2024-12-10_19-38-32.webp.webp?fit=1200%2C675&ssl=1&resize=525%2C300 1.5x, https:\/\/i0.wp.com\/noticiasribeiraopreto.com.br\/wp-content\/uploads\/2024\/12\/Copia-de-Copia-de-Copia-de-TAMANHO-EXATO-PARA-FOTOS-NO-SISTEMA-NOVO-2024-12-10T163818.392_2024-12-10_19-38-31_png_2024-12-10_19-38-32.webp.webp?fit=1200%2C675&ssl=1&resize=700%2C400 2x, https:\/\/i0.wp.com\/noticiasribeiraopreto.com.br\/wp-content\/uploads\/2024\/12\/Copia-de-Copia-de-Copia-de-TAMANHO-EXATO-PARA-FOTOS-NO-SISTEMA-NOVO-2024-12-10T163818.392_2024-12-10_19-38-31_png_2024-12-10_19-38-32.webp.webp?fit=1200%2C675&ssl=1&resize=1050%2C600 3x"},"classes":[]},{"id":33242,"url":"https:\/\/noticiasribeiraopreto.com.br\/index.php\/2024\/01\/28\/guri-abre-vagas-para-cursos-gratuitos-de-musica\/","url_meta":{"origin":76147,"position":5},"title":"Guri abre vagas para cursos gratuitos de m\u00fasica\u00a0","author":"noticiasribeiraopreto.com.br","date":"28 de January de 2024","format":false,"excerpt":"28 de janeiro de 2024 | 18:0027 de janeiro de 2024 | 19:35 0O Guri \u2013 programa de educa\u00e7\u00e3o musical da Secretaria da Cultura, Economia e Ind\u00fastria Criativas do Governo do Estado de S\u00e3o Paulo, gerido pela Santa Marcelina Cultura \u2013 abre a partir de 29 de janeiro at\u00e9 22\u2026","rel":"","context":"In &quot;Not\u00edcias de Ribeir\u00e3o Preto-SP e Regi\u00e3o&quot;","block_context":{"text":"Not\u00edcias de Ribeir\u00e3o Preto-SP e Regi\u00e3o","link":"https:\/\/noticiasribeiraopreto.com.br\/index.php\/category\/noticias-de-ribeirao-preto-sp-e-regiao-ismael-colosi\/"},"img":{"alt_text":"","src":"https:\/\/i0.wp.com\/noticiasribeiraopreto.com.br\/wp-content\/uploads\/2024\/01\/1-guri-1.png?fit=753%2C502&ssl=1&resize=350%2C200","width":350,"height":200,"srcset":"https:\/\/i0.wp.com\/noticiasribeiraopreto.com.br\/wp-content\/uploads\/2024\/01\/1-guri-1.png?fit=753%2C502&ssl=1&resize=350%2C200 1x, https:\/\/i0.wp.com\/noticiasribeiraopreto.com.br\/wp-content\/uploads\/2024\/01\/1-guri-1.png?fit=753%2C502&ssl=1&resize=525%2C300 1.5x, https:\/\/i0.wp.com\/noticiasribeiraopreto.com.br\/wp-content\/uploads\/2024\/01\/1-guri-1.png?fit=753%2C502&ssl=1&resize=700%2C400 2x"},"classes":[]}],"jetpack_sharing_enabled":true,"jetpack_shortlink":"https:\/\/wp.me\/peQAOb-jOb","_links":{"self":[{"href":"https:\/\/noticiasribeiraopreto.com.br\/index.php\/wp-json\/wp\/v2\/posts\/76147","targetHints":{"allow":["GET"]}}],"collection":[{"href":"https:\/\/noticiasribeiraopreto.com.br\/index.php\/wp-json\/wp\/v2\/posts"}],"about":[{"href":"https:\/\/noticiasribeiraopreto.com.br\/index.php\/wp-json\/wp\/v2\/types\/post"}],"author":[{"embeddable":true,"href":"https:\/\/noticiasribeiraopreto.com.br\/index.php\/wp-json\/wp\/v2\/users\/1"}],"replies":[{"embeddable":true,"href":"https:\/\/noticiasribeiraopreto.com.br\/index.php\/wp-json\/wp\/v2\/comments?post=76147"}],"version-history":[{"count":0,"href":"https:\/\/noticiasribeiraopreto.com.br\/index.php\/wp-json\/wp\/v2\/posts\/76147\/revisions"}],"wp:featuredmedia":[{"embeddable":true,"href":"https:\/\/noticiasribeiraopreto.com.br\/index.php\/wp-json\/wp\/v2\/media\/76148"}],"wp:attachment":[{"href":"https:\/\/noticiasribeiraopreto.com.br\/index.php\/wp-json\/wp\/v2\/media?parent=76147"}],"wp:term":[{"taxonomy":"category","embeddable":true,"href":"https:\/\/noticiasribeiraopreto.com.br\/index.php\/wp-json\/wp\/v2\/categories?post=76147"},{"taxonomy":"post_tag","embeddable":true,"href":"https:\/\/noticiasribeiraopreto.com.br\/index.php\/wp-json\/wp\/v2\/tags?post=76147"}],"curies":[{"name":"wp","href":"https:\/\/api.w.org\/{rel}","templated":true}]}}