{"id":76151,"date":"2025-08-22T18:43:36","date_gmt":"2025-08-22T21:43:36","guid":{"rendered":"https:\/\/noticiasribeiraopreto.com.br\/index.php\/2025\/08\/22\/criador-de-bom-dia-veronica-e-homenageado-por-estudantes-durante-a-feira-do-livro-de-ribeirao\/"},"modified":"2025-08-22T18:43:36","modified_gmt":"2025-08-22T21:43:36","slug":"criador-de-bom-dia-veronica-e-homenageado-por-estudantes-durante-a-feira-do-livro-de-ribeirao","status":"publish","type":"post","link":"https:\/\/noticiasribeiraopreto.com.br\/index.php\/2025\/08\/22\/criador-de-bom-dia-veronica-e-homenageado-por-estudantes-durante-a-feira-do-livro-de-ribeirao\/","title":{"rendered":"Criador de &#8216;Bom dia, Ver\u00f4nica&#8217; \u00e9 homenageado por estudantes durante a Feira do Livro de Ribeir\u00e3o"},"content":{"rendered":"<div class='code-block code-block-1' style='margin: 8px 0 8px auto; text-align: right; display: block; clear: both;'>\n<p><a href=\"https:\/\/wa.link\/vpicfd\"><img data-recalc-dims=\"1\" class=\"wp-image-4922\" style=\"aspect-ratio: 2.0253164556962027; width: 561px; height: auto;\" src=\"https:\/\/i0.wp.com\/ismaelcolosi.com.br\/wp-content\/uploads\/2023\/11\/grupo-de-empregos-whatsapp-e-facebook-ismael-colosi-vagas.jpg?ssl=1\" alt=\"\" \/><\/a><\/p>\n<!-- \/wp:image -->\n<\/div>\n<p> <br \/>\n<\/p>\n<div>\n<blockquote class=\"instagram-media\" data-instgrm-permalink=\"https:\/\/www.instagram.com\/reel\/DNqujAcu2kX\/?utm_source=ig_embed&amp;utm_campaign=loading\" data-instgrm-version=\"14\" style=\"background:#FFF;border:0;border-radius:3px;margin: 1px;max-width:540px;min-width:326px;padding:0;width:99.375%;width:-webkit-calc(100% - 2px);width:calc(100% - 2px)\"\/>\n<p>O escritor <strong>Raphael Montes<\/strong>, criador da s\u00e9rie \u201cBom dia, Ver\u00f4nica\u201d, foi o homenageado desta <strong>sexta-feira (22) <\/strong>no projeto <strong>Combinando Palavras<\/strong>, uma das principais iniciativas pedag\u00f3gicas da <strong>FIL (Feira Internacional do Livro) de Ribeir\u00e3o Preto<\/strong>. O autor, conhecido por suas obras de suspense, participou de um encontro com 12 escolas, que leram e trabalharam suas hist\u00f3rias.<\/p>\n<p>O projeto, realizado desde 2017, tem como objetivo <strong>conectar autores brasileiros contempor\u00e2neos com alunos do ensino fundamental e m\u00e9dio<\/strong>, por meio de atividades formativas, leituras orientadas e apresenta\u00e7\u00f5es art\u00edsticas baseadas nas obras. <\/p>\n<p>A programa\u00e7\u00e3o do dia contou com apresenta\u00e7\u00f5es teatrais, dan\u00e7as, exibi\u00e7\u00f5es de v\u00eddeos, sess\u00f5es de perguntas e intera\u00e7\u00f5es com o autor. <\/p>\n<figure class=\"wp-block-image size-large is-resized\"><img data-recalc-dims=\"1\" fetchpriority=\"high\" decoding=\"async\" width=\"1024\" height=\"768\" src=\"https:\/\/i0.wp.com\/cdn.media-acidadeon.com.br\/ribeiraopreto\/wp-content\/uploads\/sites\/3\/2025\/08\/WhatsApp-Image-2025-08-22-at-13.56.43_2025-08-22_17-03-03-1024x768.webp?resize=1024%2C768&#038;ssl=1\" alt=\"\" class=\"wp-image-126761\" style=\"width:664px;height:auto\" srcset=\"https:\/\/cdn.media-acidadeon.com.br\/ribeiraopreto\/wp-content\/uploads\/sites\/3\/2025\/08\/WhatsApp-Image-2025-08-22-at-13.56.43_2025-08-22_17-03-03-1024x768.webp 1024w, https:\/\/cdn.media-acidadeon.com.br\/ribeiraopreto\/wp-content\/uploads\/sites\/3\/2025\/08\/WhatsApp-Image-2025-08-22-at-13.56.43_2025-08-22_17-03-03-300x225.webp 300w, https:\/\/cdn.media-acidadeon.com.br\/ribeiraopreto\/wp-content\/uploads\/sites\/3\/2025\/08\/WhatsApp-Image-2025-08-22-at-13.56.43_2025-08-22_17-03-03-768x576.webp 768w, https:\/\/cdn.media-acidadeon.com.br\/ribeiraopreto\/wp-content\/uploads\/sites\/3\/2025\/08\/WhatsApp-Image-2025-08-22-at-13.56.43_2025-08-22_17-03-03-696x522.webp 696w, https:\/\/cdn.media-acidadeon.com.br\/ribeiraopreto\/wp-content\/uploads\/sites\/3\/2025\/08\/WhatsApp-Image-2025-08-22-at-13.56.43_2025-08-22_17-03-03-1068x801.webp 1068w, https:\/\/cdn.media-acidadeon.com.br\/ribeiraopreto\/wp-content\/uploads\/sites\/3\/2025\/08\/WhatsApp-Image-2025-08-22-at-13.56.43_2025-08-22_17-03-03.webp 1200w\" sizes=\"(max-width: 1024px) 100vw, 1024px\"\/><\/figure>\n<figure class=\"wp-block-pullquote\">\n<blockquote>\n<p>\u201cPara mim foi uma alegria, um privil\u00e9gio voltar \u00e0 FIL de Ribeir\u00e3o Preto e participar do Combinando Palavras. \u00c9 muito emocionante encontrar alunos que tamb\u00e9m s\u00e3o meus leitores. Para mim como escritor \u00e9 o que \u00e9 o que motiva. Um evento como esse \u00e9 a consagra\u00e7\u00e3o desse trabalho todo.\u201d<\/p>\n<\/blockquote>\n<\/figure>\n<h2 class=\"wp-block-heading\"><strong>Homenagens <\/strong><\/h2>\n<p>Durante o encontro, alunos apresentaram interpreta\u00e7\u00f5es e trabalhos autorais baseados nos livros de Montes. <\/p>\n<ul class=\"wp-block-list\">\n<li><strong>Professora Nair Guilhermino Pinheiro Nogueira<\/strong>, Ribeir\u00e3o Preto \u2014 <em>Jantar Secreto<\/em><\/li>\n<li><strong>Jardim Diva Tarja de Carvalho<\/strong>, Ribeir\u00e3o Preto \u2014 <em>O Vilarejo<\/em><\/li>\n<li><strong>Escola Expedicion\u00e1rios Brasileiros<\/strong>, Ribeir\u00e3o Preto \u2014 <em>O Vilarejo<\/em>, cap\u00edtulo <em>Leviat\u00e3<\/em><\/li>\n<li><strong>Escola Dom Romeu Alberti<\/strong>, Ribeir\u00e3o Preto \u2014 <em>Bom Dia, Ver\u00f4nica<\/em> e <em>Suicidas<\/em><\/li>\n<li><strong>Escola Jeny Toledo Piza<\/strong>, Ribeir\u00e3o Preto \u2014 <em>O Vilarejo<\/em>, cap\u00edtulos <em>Os Sete Pecados Capitais<\/em> e <em>O Espelho da Humanidade<\/em><\/li>\n<li><strong>Professor Geraldo Torrano<\/strong>, Cajuru \u2014 <em>Bom Dia, Ver\u00f4nica<\/em><\/li>\n<li><strong>Escola Messias da Fonseca<\/strong>, Cajuru \u2014 <em>Bom Dia, Ver\u00f4nica<\/em><\/li>\n<li><strong>Escola Jardim das Rosas<\/strong>, Serrana \u2014 <em>O Vilarejo<\/em><\/li>\n<li><strong>Escola Coronel Jo\u00e3o de Souza Campos<\/strong>, Cravinhos \u2014 <em>O Vilarejo<\/em><\/li>\n<li><strong>Escola Rita Ferraz Caseli<\/strong>, Ribeir\u00e3o Preto \u2014 <em>M\u00e1gica Mortal<\/em> e <em>O Vilarejo<\/em><\/li>\n<li><strong>Escola Galdino de Castro<\/strong>, Cajuru \u2014 <em>Jantar Secreto<\/em><\/li>\n<li><strong>Dr. Jo\u00e3o Palma Gui\u00e3o<\/strong>, Ribeir\u00e3o Preto \u2014 <em>O Vilarejo<\/em> (com men\u00e7\u00f5es a diversas obras)<\/li>\n<\/ul>\n<h2 class=\"wp-block-heading\"><strong>Combinando Palavras<\/strong><\/h2>\n<p>O <strong><strong>Combinando Palavras<\/strong><\/strong> teve in\u00edcio em abril, com a forma\u00e7\u00e3o de professores das redes p\u00fablica e privada de Ribeir\u00e3o Preto e regi\u00e3o. Foram realizados 19 encontros de capacita\u00e7\u00e3o conduzidos pela equipe t\u00e9cnica da <strong>Funda\u00e7\u00e3o do Livro e Leitura de Ribeir\u00e3o Preto<\/strong>, com o objetivo de preparar os educadores para explorar literariamente as obras selecionadas com suas turmas.<\/p>\n<p>Os professores trabalharam com textos de <strong>11 autores <\/strong>brasileiros presentes na FIL 2025: Raphael Montes, Djamila Ribeiro, Milton Hatoum, Socorro Acioli, Andr\u00e9 Lu\u00eds Oliveira, Rafael Cal\u00e7a, Marilia Marz, Stella Maris Rezende, Cidinha da Silva, Mauricio Negro e Luiz Puntel.<\/p>\n<p>SAIBA MAIS<\/p>\n<p>R$ 1,4 milh\u00e3o em pr\u00eamios: Conhe\u00e7a as modalidades no rodeio da Festa do Pe\u00e3o de Barretos<\/p>\n<h2 class=\"wp-block-heading\"><strong>FIQUE ON<\/strong><\/h2>\n<p>Fique ligado em tudo que acontece em Ribeir\u00e3o Preto e regi\u00e3o. Siga os perfis do\u00a0<strong>acidade on<\/strong>\u00a0no<a href=\"https:\/\/www.instagram.com\/acidadeonribeirao\" target=\"_blank\" rel=\"noreferrer noopener\">\u00a0Instagram\u00a0<\/a>e no\u00a0<a href=\"https:\/\/www.facebook.com\/acidadeonribeirao\/\" target=\"_blank\" rel=\"noreferrer noopener\">Facebook<\/a>.<\/p>\n<p>Receba not\u00edcias do<strong>\u00a0acidade on<\/strong>\u00a0no WhatsApp. Para entrar no grupo,\u00a0basta\u00a0<a href=\"https:\/\/chat.whatsapp.com\/I4nieTEMKlf50pJ28aMemC?mode=ac_t\" target=\"_blank\" rel=\"noreferrer noopener\">clicar aqui<\/a>. Ou, acesse o nosso\u00a0Canal\u00a0<a href=\"https:\/\/whatsapp.com\/channel\/0029Vb6IQl1JENyAeS57fk2p\" target=\"_blank\" rel=\"noreferrer noopener\">clicando aqui<\/a>.<\/p>\n<p>Fa\u00e7a uma den\u00fancia ou sugira uma reportagem sobre Ribeir\u00e3o Preto e regi\u00e3o pelo WhatsApp: 16 99117 7802.<\/p>\n<p>VEJA TAMB\u00c9M<\/p>\n<p>O que aconteceu com Brent Hinds, da Mastodon?<\/p>\n<p><!-- AI CONTENT END 1 -->\n<\/div>\n<p><script async src=\"\/\/www.instagram.com\/embed.js\"><\/script><br \/>\n<br \/><br \/>\n<br \/><a href=\"https:\/\/www.acidadeon.com\/ribeiraopreto\/lazer-e-cultura\/criador-de-bom-dia-veronica-homenageado-por-estudantes-durante-a-feira-do-livro-de-ribeirao\/\">Source link <\/a><\/p>\n<!-- CONTENT END 1 -->\n","protected":false},"excerpt":{"rendered":"<p>O escritor Raphael Montes, criador da s\u00e9rie \u201cBom dia, Ver\u00f4nica\u201d, foi o homenageado desta sexta-feira (22) no projeto Combinando Palavras, uma das principais iniciativas pedag\u00f3gicas&#8230;<\/p>\n","protected":false},"author":1,"featured_media":76152,"comment_status":"open","ping_status":"open","sticky":false,"template":"","format":"standard","meta":{"advanced_seo_description":"","jetpack_seo_html_title":"","jetpack_seo_noindex":false,"jetpack_post_was_ever_published":false,"_jetpack_newsletter_access":"","_jetpack_dont_email_post_to_subs":false,"_jetpack_newsletter_tier_id":0,"_jetpack_memberships_contains_paywalled_content":false,"_jetpack_memberships_contains_paid_content":false,"footnotes":"","jetpack_publicize_message":"","jetpack_publicize_feature_enabled":true,"jetpack_social_post_already_shared":true,"jetpack_social_options":{"image_generator_settings":{"template":"highway","default_image_id":0,"font":"","enabled":false},"version":2}},"categories":[11],"tags":[],"class_list":["post-76151","post","type-post","status-publish","format-standard","has-post-thumbnail","hentry","category-noticias-de-ribeirao-preto-sp-e-regiao-ismael-colosi"],"jetpack_publicize_connections":[],"jetpack_featured_media_url":"https:\/\/i0.wp.com\/noticiasribeiraopreto.com.br\/wp-content\/uploads\/2025\/08\/raphael-montes_2025-08-22_18-41-08.webp.webp?fit=1200%2C854&ssl=1","jetpack-related-posts":[{"id":39730,"url":"https:\/\/noticiasribeiraopreto.com.br\/index.php\/2024\/02\/27\/ferreira-gullar-esta-entre-os-homenageados-da-feira-do-livro-de-ribeirao-preto-veja-lista\/","url_meta":{"origin":76151,"position":0},"title":"Ferreira Gullar est\u00e1 entre os homenageados da Feira do Livro de Ribeir\u00e3o Preto; Veja lista","author":"noticiasribeiraopreto.com.br","date":"27 de February de 2024","format":false,"excerpt":"A organiza\u00e7\u00e3o da Feira Internacional do Livro de Ribeir\u00e3o Preto (FIL-RP) anunciou, nesta ter\u00e7a-feira (27), que o escritor e poeta Ferreira Gullar, ser\u00e1 um dos homenageados da 23\u00aa edi\u00e7\u00e3o, que ser\u00e1 realizada entre os dias 1\u00ba e 11 de agosto. Nascido em S\u00e3o Lu\u00eds do Maranh\u00e3o, Jos\u00e9 Ribamar Ferreira (Gullar)\u2026","rel":"","context":"In &quot;Not\u00edcias de Ribeir\u00e3o Preto-SP e Regi\u00e3o&quot;","block_context":{"text":"Not\u00edcias de Ribeir\u00e3o Preto-SP e Regi\u00e3o","link":"https:\/\/noticiasribeiraopreto.com.br\/index.php\/category\/noticias-de-ribeirao-preto-sp-e-regiao-ismael-colosi\/"},"img":{"alt_text":"","src":"https:\/\/i0.wp.com\/noticiasribeiraopreto.com.br\/wp-content\/uploads\/2024\/02\/Copia-de-Copia-de-TAMANHO-EXATO-PARA-FOTOS-NO-SISTEMA-NOVO-50.png?fit=1200%2C675&ssl=1&resize=350%2C200","width":350,"height":200,"srcset":"https:\/\/i0.wp.com\/noticiasribeiraopreto.com.br\/wp-content\/uploads\/2024\/02\/Copia-de-Copia-de-TAMANHO-EXATO-PARA-FOTOS-NO-SISTEMA-NOVO-50.png?fit=1200%2C675&ssl=1&resize=350%2C200 1x, https:\/\/i0.wp.com\/noticiasribeiraopreto.com.br\/wp-content\/uploads\/2024\/02\/Copia-de-Copia-de-TAMANHO-EXATO-PARA-FOTOS-NO-SISTEMA-NOVO-50.png?fit=1200%2C675&ssl=1&resize=525%2C300 1.5x, https:\/\/i0.wp.com\/noticiasribeiraopreto.com.br\/wp-content\/uploads\/2024\/02\/Copia-de-Copia-de-TAMANHO-EXATO-PARA-FOTOS-NO-SISTEMA-NOVO-50.png?fit=1200%2C675&ssl=1&resize=700%2C400 2x, https:\/\/i0.wp.com\/noticiasribeiraopreto.com.br\/wp-content\/uploads\/2024\/02\/Copia-de-Copia-de-TAMANHO-EXATO-PARA-FOTOS-NO-SISTEMA-NOVO-50.png?fit=1200%2C675&ssl=1&resize=1050%2C600 3x"},"classes":[]},{"id":84301,"url":"https:\/\/noticiasribeiraopreto.com.br\/index.php\/2026\/04\/07\/semana-do-livro-de-jardinopolis-traz-braulio-bessa-peninha-e-veronica-ferriani\/","url_meta":{"origin":76151,"position":1},"title":"Semana do Livro de Jardin\u00f3polis traz Br\u00e1ulio Bessa, Peninha e Ver\u00f4nica Ferriani","author":"noticiasribeiraopreto.com.br","date":"7 de April de 2026","format":false,"excerpt":"Ler o resumo da not\u00edcia Semana do Livro de Jardin\u00f3polis traz Br\u00e1ulio Bessa, Peninha e Ver\u00f4nica Ferriani A 7\u00aa edi\u00e7\u00e3o do evento homenageia o engenheiro e arquiteto Jorge Saquy Sobrinho, reconhecido por seu trabalho na preserva\u00e7\u00e3o da hist\u00f3ria de Jardin\u00f3polis. Com mais de quatro d\u00e9cadas dedicadas ao servi\u00e7o p\u00fablico, Saquy\u2026","rel":"","context":"In &quot;Not\u00edcias de Ribeir\u00e3o Preto-SP e Regi\u00e3o&quot;","block_context":{"text":"Not\u00edcias de Ribeir\u00e3o Preto-SP e Regi\u00e3o","link":"https:\/\/noticiasribeiraopreto.com.br\/index.php\/category\/noticias-de-ribeirao-preto-sp-e-regiao-ismael-colosi\/"},"img":{"alt_text":"","src":"https:\/\/i0.wp.com\/noticiasribeiraopreto.com.br\/wp-content\/uploads\/2026\/04\/VERONICA-FERRIANI_2026-04-07_12-55-44.webp.webp?fit=1200%2C800&ssl=1&resize=350%2C200","width":350,"height":200,"srcset":"https:\/\/i0.wp.com\/noticiasribeiraopreto.com.br\/wp-content\/uploads\/2026\/04\/VERONICA-FERRIANI_2026-04-07_12-55-44.webp.webp?fit=1200%2C800&ssl=1&resize=350%2C200 1x, https:\/\/i0.wp.com\/noticiasribeiraopreto.com.br\/wp-content\/uploads\/2026\/04\/VERONICA-FERRIANI_2026-04-07_12-55-44.webp.webp?fit=1200%2C800&ssl=1&resize=525%2C300 1.5x, https:\/\/i0.wp.com\/noticiasribeiraopreto.com.br\/wp-content\/uploads\/2026\/04\/VERONICA-FERRIANI_2026-04-07_12-55-44.webp.webp?fit=1200%2C800&ssl=1&resize=700%2C400 2x, https:\/\/i0.wp.com\/noticiasribeiraopreto.com.br\/wp-content\/uploads\/2026\/04\/VERONICA-FERRIANI_2026-04-07_12-55-44.webp.webp?fit=1200%2C800&ssl=1&resize=1050%2C600 3x"},"classes":[]},{"id":63223,"url":"https:\/\/noticiasribeiraopreto.com.br\/index.php\/2025\/02\/06\/saiba-qual-e-o-tema-da-feira-internacional-do-livro-de-ribeirao-preto-de-2025\/","url_meta":{"origin":76151,"position":2},"title":"Saiba qual \u00e9 o tema da Feira Internacional do Livro de Ribeir\u00e3o Preto de 2025","author":"noticiasribeiraopreto.com.br","date":"6 de February de 2025","format":false,"excerpt":"A 24\u00aa FIL \u2013 Feira Internacional do Livro de Ribeir\u00e3o Preto, que vai acontecer de 15 a 24 de agosto, ter\u00e1 como tema central \u2018Futuros Poss\u00edveis: entre linhas e par\u00e1grafos\u2019, inspirado no trabalho do soci\u00f3logo e escritor italiano Domenico de Masi, especialmente sua obra Caminhos da Cultura no Brasil: Um\u2026","rel":"","context":"In &quot;Not\u00edcias de Ribeir\u00e3o Preto-SP e Regi\u00e3o&quot;","block_context":{"text":"Not\u00edcias de Ribeir\u00e3o Preto-SP e Regi\u00e3o","link":"https:\/\/noticiasribeiraopreto.com.br\/index.php\/category\/noticias-de-ribeirao-preto-sp-e-regiao-ismael-colosi\/"},"img":{"alt_text":"","src":"https:\/\/i0.wp.com\/noticiasribeiraopreto.com.br\/wp-content\/uploads\/2025\/02\/Copia-de-Copia-de-Copia-de-TAMANHO-EXATO-PARA-FOTOS-NO-SISTEMA-NOVO-2025-02-06T150906.341_2025-02-06_18-09-43_png_2025-02-06_18-09-43.webp.webp?fit=1200%2C675&ssl=1&resize=350%2C200","width":350,"height":200,"srcset":"https:\/\/i0.wp.com\/noticiasribeiraopreto.com.br\/wp-content\/uploads\/2025\/02\/Copia-de-Copia-de-Copia-de-TAMANHO-EXATO-PARA-FOTOS-NO-SISTEMA-NOVO-2025-02-06T150906.341_2025-02-06_18-09-43_png_2025-02-06_18-09-43.webp.webp?fit=1200%2C675&ssl=1&resize=350%2C200 1x, https:\/\/i0.wp.com\/noticiasribeiraopreto.com.br\/wp-content\/uploads\/2025\/02\/Copia-de-Copia-de-Copia-de-TAMANHO-EXATO-PARA-FOTOS-NO-SISTEMA-NOVO-2025-02-06T150906.341_2025-02-06_18-09-43_png_2025-02-06_18-09-43.webp.webp?fit=1200%2C675&ssl=1&resize=525%2C300 1.5x, https:\/\/i0.wp.com\/noticiasribeiraopreto.com.br\/wp-content\/uploads\/2025\/02\/Copia-de-Copia-de-Copia-de-TAMANHO-EXATO-PARA-FOTOS-NO-SISTEMA-NOVO-2025-02-06T150906.341_2025-02-06_18-09-43_png_2025-02-06_18-09-43.webp.webp?fit=1200%2C675&ssl=1&resize=700%2C400 2x, https:\/\/i0.wp.com\/noticiasribeiraopreto.com.br\/wp-content\/uploads\/2025\/02\/Copia-de-Copia-de-Copia-de-TAMANHO-EXATO-PARA-FOTOS-NO-SISTEMA-NOVO-2025-02-06T150906.341_2025-02-06_18-09-43_png_2025-02-06_18-09-43.webp.webp?fit=1200%2C675&ssl=1&resize=1050%2C600 3x"},"classes":[]},{"id":66310,"url":"https:\/\/noticiasribeiraopreto.com.br\/index.php\/2025\/03\/30\/gabriel-o-pensador-e-veronica-ferriani-fazem-show-gratuito-em-feira-do-livro-na-regiao-de-ribeirao\/","url_meta":{"origin":76151,"position":3},"title":"Gabriel O Pensador e Ver\u00f4nica Ferriani fazem show gratuito em feira do livro na regi\u00e3o de Ribeir\u00e3o","author":"noticiasribeiraopreto.com.br","date":"30 de March de 2025","format":false,"excerpt":"A 6\u00aa\u00a0Feira\u00a0do\u00a0Livro\u00a0de Ipu\u00e3, cidade a aproximadamente 100 quil\u00f4metros de Ribeir\u00e3o Preto, ter\u00e1 apresenta\u00e7\u00f5es de Ver\u00f4nica Ferriani e Gabriel O Pensador, respectivamente na sexta-feira (4) e s\u00e1bado (5). A entrada \u00e9 gratuita. A obra do poeta Vinicius de Moraes ser\u00e1 destaque na programa\u00e7\u00e3o do evento, na Pra\u00e7a da Matriz da cidade,\u2026","rel":"","context":"In &quot;Not\u00edcias de Ribeir\u00e3o Preto-SP e Regi\u00e3o&quot;","block_context":{"text":"Not\u00edcias de Ribeir\u00e3o Preto-SP e Regi\u00e3o","link":"https:\/\/noticiasribeiraopreto.com.br\/index.php\/category\/noticias-de-ribeirao-preto-sp-e-regiao-ismael-colosi\/"},"img":{"alt_text":"","src":"https:\/\/i0.wp.com\/noticiasribeiraopreto.com.br\/wp-content\/uploads\/2024\/09\/captura-de-tela-2023-10-28-020206_2024-09-28_17-25-13.webp.webp?fit=1200%2C682&ssl=1&resize=350%2C200","width":350,"height":200,"srcset":"https:\/\/i0.wp.com\/noticiasribeiraopreto.com.br\/wp-content\/uploads\/2024\/09\/captura-de-tela-2023-10-28-020206_2024-09-28_17-25-13.webp.webp?fit=1200%2C682&ssl=1&resize=350%2C200 1x, https:\/\/i0.wp.com\/noticiasribeiraopreto.com.br\/wp-content\/uploads\/2024\/09\/captura-de-tela-2023-10-28-020206_2024-09-28_17-25-13.webp.webp?fit=1200%2C682&ssl=1&resize=525%2C300 1.5x, https:\/\/i0.wp.com\/noticiasribeiraopreto.com.br\/wp-content\/uploads\/2024\/09\/captura-de-tela-2023-10-28-020206_2024-09-28_17-25-13.webp.webp?fit=1200%2C682&ssl=1&resize=700%2C400 2x, https:\/\/i0.wp.com\/noticiasribeiraopreto.com.br\/wp-content\/uploads\/2024\/09\/captura-de-tela-2023-10-28-020206_2024-09-28_17-25-13.webp.webp?fit=1200%2C682&ssl=1&resize=1050%2C600 3x"},"classes":[]},{"id":76059,"url":"https:\/\/noticiasribeiraopreto.com.br\/index.php\/2025\/08\/21\/autores-independentes-do-rio-participam-da-feira-do-livro-de-ribeirao-preto\/","url_meta":{"origin":76151,"position":4},"title":"Autores independentes do Rio participam da Feira do Livro de Ribeir\u00e3o Preto","author":"noticiasribeiraopreto.com.br","date":"21 de August de 2025","format":false,"excerpt":"A 24\u00aa edi\u00e7\u00e3o da Feira Internacional do Livro de Ribeir\u00e3o Preto, que segue at\u00e9 o dia 24 de agosto no Centro, recebe um grupo de quatro autores independentes do Rio de Janeiro que formam a banca \u201cSomos Autores\u201c. Essa \u00e9 a segunda vez que os escritores participam da FIL. O\u2026","rel":"","context":"In &quot;Not\u00edcias de Ribeir\u00e3o Preto-SP e Regi\u00e3o&quot;","block_context":{"text":"Not\u00edcias de Ribeir\u00e3o Preto-SP e Regi\u00e3o","link":"https:\/\/noticiasribeiraopreto.com.br\/index.php\/category\/noticias-de-ribeirao-preto-sp-e-regiao-ismael-colosi\/"},"img":{"alt_text":"","src":"https:\/\/i0.wp.com\/noticiasribeiraopreto.com.br\/wp-content\/uploads\/2025\/08\/somos-autores_2025-08-21_13-28-36.webp.webp?fit=1200%2C675&ssl=1&resize=350%2C200","width":350,"height":200,"srcset":"https:\/\/i0.wp.com\/noticiasribeiraopreto.com.br\/wp-content\/uploads\/2025\/08\/somos-autores_2025-08-21_13-28-36.webp.webp?fit=1200%2C675&ssl=1&resize=350%2C200 1x, https:\/\/i0.wp.com\/noticiasribeiraopreto.com.br\/wp-content\/uploads\/2025\/08\/somos-autores_2025-08-21_13-28-36.webp.webp?fit=1200%2C675&ssl=1&resize=525%2C300 1.5x, https:\/\/i0.wp.com\/noticiasribeiraopreto.com.br\/wp-content\/uploads\/2025\/08\/somos-autores_2025-08-21_13-28-36.webp.webp?fit=1200%2C675&ssl=1&resize=700%2C400 2x, https:\/\/i0.wp.com\/noticiasribeiraopreto.com.br\/wp-content\/uploads\/2025\/08\/somos-autores_2025-08-21_13-28-36.webp.webp?fit=1200%2C675&ssl=1&resize=1050%2C600 3x"},"classes":[]},{"id":42296,"url":"https:\/\/noticiasribeiraopreto.com.br\/index.php\/2024\/03\/13\/artistas-podem-se-cadastrar-para-a-23a-feira-internacional-do-livro\/","url_meta":{"origin":76151,"position":5},"title":"Artistas podem se cadastrar para a 23\u00aa Feira Internacional do Livro","author":"noticiasribeiraopreto.com.br","date":"13 de March de 2024","format":false,"excerpt":"13 de mar\u00e7o de 2024 | 16:37 0A Funda\u00e7\u00e3o do Livro e Leitura, em parceria com a Secretaria da Cultura e Turismo de Ribeir\u00e3o Preto, ir\u00e1 selecionar artistas que tenham interesse em participar da programa\u00e7\u00e3o da 23\u00aa edi\u00e7\u00e3o da FIL \u2013 Feira Internacional do Livro de Ribeir\u00e3o Preto, que acontece\u2026","rel":"","context":"In &quot;Not\u00edcias de Ribeir\u00e3o Preto-SP e Regi\u00e3o&quot;","block_context":{"text":"Not\u00edcias de Ribeir\u00e3o Preto-SP e Regi\u00e3o","link":"https:\/\/noticiasribeiraopreto.com.br\/index.php\/category\/noticias-de-ribeirao-preto-sp-e-regiao-ismael-colosi\/"},"img":{"alt_text":"","src":"https:\/\/i0.wp.com\/noticiasribeiraopreto.com.br\/wp-content\/uploads\/2024\/03\/artistas_se_apresentam_durante_a_22_edicao_da_fil_em_2023_2-scaled.jpg?fit=967%2C645&ssl=1&resize=350%2C200","width":350,"height":200,"srcset":"https:\/\/i0.wp.com\/noticiasribeiraopreto.com.br\/wp-content\/uploads\/2024\/03\/artistas_se_apresentam_durante_a_22_edicao_da_fil_em_2023_2-scaled.jpg?fit=967%2C645&ssl=1&resize=350%2C200 1x, https:\/\/i0.wp.com\/noticiasribeiraopreto.com.br\/wp-content\/uploads\/2024\/03\/artistas_se_apresentam_durante_a_22_edicao_da_fil_em_2023_2-scaled.jpg?fit=967%2C645&ssl=1&resize=525%2C300 1.5x, https:\/\/i0.wp.com\/noticiasribeiraopreto.com.br\/wp-content\/uploads\/2024\/03\/artistas_se_apresentam_durante_a_22_edicao_da_fil_em_2023_2-scaled.jpg?fit=967%2C645&ssl=1&resize=700%2C400 2x"},"classes":[]}],"jetpack_sharing_enabled":true,"jetpack_shortlink":"https:\/\/wp.me\/peQAOb-jOf","_links":{"self":[{"href":"https:\/\/noticiasribeiraopreto.com.br\/index.php\/wp-json\/wp\/v2\/posts\/76151","targetHints":{"allow":["GET"]}}],"collection":[{"href":"https:\/\/noticiasribeiraopreto.com.br\/index.php\/wp-json\/wp\/v2\/posts"}],"about":[{"href":"https:\/\/noticiasribeiraopreto.com.br\/index.php\/wp-json\/wp\/v2\/types\/post"}],"author":[{"embeddable":true,"href":"https:\/\/noticiasribeiraopreto.com.br\/index.php\/wp-json\/wp\/v2\/users\/1"}],"replies":[{"embeddable":true,"href":"https:\/\/noticiasribeiraopreto.com.br\/index.php\/wp-json\/wp\/v2\/comments?post=76151"}],"version-history":[{"count":0,"href":"https:\/\/noticiasribeiraopreto.com.br\/index.php\/wp-json\/wp\/v2\/posts\/76151\/revisions"}],"wp:featuredmedia":[{"embeddable":true,"href":"https:\/\/noticiasribeiraopreto.com.br\/index.php\/wp-json\/wp\/v2\/media\/76152"}],"wp:attachment":[{"href":"https:\/\/noticiasribeiraopreto.com.br\/index.php\/wp-json\/wp\/v2\/media?parent=76151"}],"wp:term":[{"taxonomy":"category","embeddable":true,"href":"https:\/\/noticiasribeiraopreto.com.br\/index.php\/wp-json\/wp\/v2\/categories?post=76151"},{"taxonomy":"post_tag","embeddable":true,"href":"https:\/\/noticiasribeiraopreto.com.br\/index.php\/wp-json\/wp\/v2\/tags?post=76151"}],"curies":[{"name":"wp","href":"https:\/\/api.w.org\/{rel}","templated":true}]}}