{"id":76153,"date":"2025-08-22T18:50:06","date_gmt":"2025-08-22T21:50:06","guid":{"rendered":"https:\/\/noticiasribeiraopreto.com.br\/index.php\/2025\/08\/22\/estado-de-sp-entra-em-alerta-para-queda-brusca-de-temperatura\/"},"modified":"2025-08-22T18:50:06","modified_gmt":"2025-08-22T21:50:06","slug":"estado-de-sp-entra-em-alerta-para-queda-brusca-de-temperatura","status":"publish","type":"post","link":"https:\/\/noticiasribeiraopreto.com.br\/index.php\/2025\/08\/22\/estado-de-sp-entra-em-alerta-para-queda-brusca-de-temperatura\/","title":{"rendered":"Estado de SP entra em alerta para &#8216;queda brusca de temperatura&#8217;"},"content":{"rendered":"<div class='code-block code-block-1' style='margin: 8px 0 8px auto; text-align: right; display: block; clear: both;'>\n<p><a href=\"https:\/\/wa.link\/vpicfd\"><img data-recalc-dims=\"1\" class=\"wp-image-4922\" style=\"aspect-ratio: 2.0253164556962027; width: 561px; height: auto;\" src=\"https:\/\/i0.wp.com\/ismaelcolosi.com.br\/wp-content\/uploads\/2023\/11\/grupo-de-empregos-whatsapp-e-facebook-ismael-colosi-vagas.jpg?ssl=1\" alt=\"\" \/><\/a><\/p>\n<!-- \/wp:image -->\n<\/div>\n<p> <br \/>\n<\/p>\n<div>\n<p>Uma <strong>nova frente fria<\/strong> vinda do Sul do pa\u00eds pode trazer <strong>al\u00edvio para os term\u00f4metros<\/strong> em algumas regi\u00f5es do <strong>estado de S\u00e3o Paulo<\/strong>, a partir de domingo (24), segundo a <strong><a href=\"https:\/\/www.agenciasp.sp.gov.br\/defesa-civil-do-estado-alerta-para-mudanca-no-tempo-e-queda-brusca-de-temperatura-no-fim-de-semana\/\" target=\"_blank\" data-type=\"link\" data-id=\"https:\/\/www.agenciasp.sp.gov.br\/defesa-civil-do-estado-alerta-para-mudanca-no-tempo-e-queda-brusca-de-temperatura-no-fim-de-semana\/\" rel=\"noreferrer noopener\">Defesa Civil<\/a><\/strong>.<\/p>\n<p>Al\u00e9m da <strong>queda acentuada nas temperaturas<\/strong>, principalmente na faixa leste do estado, existe a <strong>possibilidade <\/strong>de <strong>pancadas de chuvas isoladas<\/strong> (saiba mais abaixo).<\/p>\n<div class=\"wp-block-image\">\n<figure class=\"aligncenter size-large is-resized\"><img data-recalc-dims=\"1\" fetchpriority=\"high\" decoding=\"async\" width=\"1024\" height=\"768\" src=\"https:\/\/i0.wp.com\/cdn.media-acidadeon.com.br\/ribeiraopreto\/wp-content\/uploads\/sites\/3\/2025\/03\/ceu-nublado-ribeirao-preto_2025-03-23_12-37-07_jpeg_2025-03-23_12-37-07-1024x768.webp?resize=1024%2C768&#038;ssl=1\" alt=\"Defesa Civil alerta para queda brusca de temperatura no Estado de SP - Foto de arquivo: Leonardo Santos.\" class=\"wp-image-111352\" style=\"width:654px\" srcset=\"https:\/\/cdn.media-acidadeon.com.br\/ribeiraopreto\/wp-content\/uploads\/sites\/3\/2025\/03\/ceu-nublado-ribeirao-preto_2025-03-23_12-37-07_jpeg_2025-03-23_12-37-07-1024x768.webp 1024w, https:\/\/cdn.media-acidadeon.com.br\/ribeiraopreto\/wp-content\/uploads\/sites\/3\/2025\/03\/ceu-nublado-ribeirao-preto_2025-03-23_12-37-07_jpeg_2025-03-23_12-37-07-300x225.webp 300w, https:\/\/cdn.media-acidadeon.com.br\/ribeiraopreto\/wp-content\/uploads\/sites\/3\/2025\/03\/ceu-nublado-ribeirao-preto_2025-03-23_12-37-07_jpeg_2025-03-23_12-37-07-768x576.webp 768w, https:\/\/cdn.media-acidadeon.com.br\/ribeiraopreto\/wp-content\/uploads\/sites\/3\/2025\/03\/ceu-nublado-ribeirao-preto_2025-03-23_12-37-07_jpeg_2025-03-23_12-37-07-1536x1152.webp 1536w, https:\/\/cdn.media-acidadeon.com.br\/ribeiraopreto\/wp-content\/uploads\/sites\/3\/2025\/03\/ceu-nublado-ribeirao-preto_2025-03-23_12-37-07_jpeg_2025-03-23_12-37-07-696x522.webp 696w, https:\/\/cdn.media-acidadeon.com.br\/ribeiraopreto\/wp-content\/uploads\/sites\/3\/2025\/03\/ceu-nublado-ribeirao-preto_2025-03-23_12-37-07_jpeg_2025-03-23_12-37-07-1068x801.webp 1068w, https:\/\/cdn.media-acidadeon.com.br\/ribeiraopreto\/wp-content\/uploads\/sites\/3\/2025\/03\/ceu-nublado-ribeirao-preto_2025-03-23_12-37-07_jpeg_2025-03-23_12-37-07.webp 1600w\" sizes=\"(max-width: 1024px) 100vw, 1024px\"\/><figcaption class=\"wp-element-caption\">Defesa Civil alerta para queda brusca de temperatura no Estado de SP \u2013 Foto de arquivo: Leonardo Santos.<\/figcaption><\/figure>\n<\/div>\n<h2 class=\"wp-block-heading\"><strong>Veranico chegando ao fim<\/strong><\/h2>\n<p>Com essa <strong>nova frente fria<\/strong>, o <strong>veranico <\/strong>vai chegando ao fim em <strong>S\u00e3o Paulo<\/strong>. Entretanto, o <strong>s\u00e1bado (23) <\/strong>ser\u00e1 marcado pela passagem do <strong>sistema pr\u00e9-frontal<\/strong>, provocando <strong>sensa\u00e7\u00e3o de calor<\/strong> e <strong>abafamento <\/strong>em todo o estado.<\/p>\n<p>Al\u00e9m do calor, o destaque est\u00e1 tamb\u00e9m para a <strong>URA (Umidade relativa do ar)<\/strong>, que pode atingir \u00edndices cr\u00edticos. Confira:<\/p>\n<ul class=\"wp-block-list\">\n<li><strong>Baixada Santista e Litoral Norte<\/strong>, os valores podem diminuir at\u00e9 30%.<\/li>\n<\/ul>\n<ul class=\"wp-block-list\">\n<li><strong>Regi\u00e3o Metropolitana da Capital, a Serra da Mantiqueira e o Vale do Ribeira<\/strong> entram em estado de aten\u00e7\u00e3o, com \u00edndices entre 29,9% e 20%.<\/li>\n<\/ul>\n<ul class=\"wp-block-list\">\n<li><strong>Presidente Prudente, Mar\u00edlia, Vale do Para\u00edba, Sorocaba, Campinas, Bauru e Araraquara<\/strong>, a condi\u00e7\u00e3o \u00e9 de alerta, com valores entre 19,9% e 12%.<\/li>\n<\/ul>\n<ul class=\"wp-block-list\">\n<li><strong>Barretos, Franca, Ribeir\u00e3o Preto, Ara\u00e7atuba e S\u00e3o Jos\u00e9 do Rio Preto<\/strong>, tem o cen\u00e1rio mais cr\u00edtico, onde a URA pode ficar abaixo de 12%, caracterizando estado de emerg\u00eancia.<\/li>\n<\/ul>\n<p>Durante este per\u00edodo, a <strong>Defesa Civil<\/strong> orienta a popula\u00e7\u00e3o a evitar exposi\u00e7\u00e3o ao sol nos hor\u00e1rios mais quentes do dia, manter hidrata\u00e7\u00e3o constante e redobrar cuidados com crian\u00e7as, idosos e pessoas com doen\u00e7as respirat\u00f3rias.<\/p>\n<figure class=\"wp-block-embed aligncenter is-type-wp-embed is-provider-acidade-on-ribeir-o-preto wp-block-embed-acidade-on-ribeir-o-preto\"\/>\n<h2 class=\"wp-block-heading\"><strong>Queda brusca nas temperaturas e risco de temporais<\/strong><\/h2>\n<p>Na <strong>Regi\u00e3o Metropolitana da Capital<\/strong>, os term\u00f4metros variam entre <strong>14\u00b0C<\/strong> e <strong>22\u00b0C<\/strong>; na <strong>Baixada Santista<\/strong>, entre <strong>15\u00b0C<\/strong> e <strong>19\u00b0C<\/strong>; e na <strong>Serra da Mantiqueira<\/strong>, entre <strong>11\u00b0<\/strong>C e <strong>21\u00b0C<\/strong>. O <strong>Vale do Para\u00edba e Litoral Norte<\/strong> registram m\u00ednimas de <strong>15\u00b0C<\/strong> e m\u00e1ximas de <strong>20\u00b0C<\/strong>, enquanto o <strong>Vale do Ribeira e Itapeva<\/strong> ficam entre <strong>12\u00b0C<\/strong> e <strong>21\u00b0C<\/strong>. Em <strong>Campinas e Sorocaba<\/strong>, as temperaturas oscilam de <strong>15\u00b0C<\/strong> a <strong>28\u00b0C<\/strong>.<\/p>\n<p><mark style=\"background-color:#fcb900\" class=\"has-inline-color\">No <strong>oeste <\/strong>e <strong>noroeste paulista<\/strong>, a <strong>queda das temperaturas<\/strong> ser\u00e1 mais discreta, pois a frente fria n\u00e3o avan\u00e7a para o<strong> interior do estado<\/strong>.<\/mark><\/p>\n<p>Em <strong>Presidente Prudente e Mar\u00edlia <\/strong>as temperaturas ficam entre <strong>18\u00b0C<\/strong> a <strong>31\u00b0C<\/strong>, em <strong>Bauru e Araraquara<\/strong>, de <strong>17\u00b0C <\/strong>a <strong>29\u00b0C<\/strong>. J\u00e1 nas regi\u00f5es de <strong>Ara\u00e7atuba <\/strong>e <strong>S\u00e3o Jos\u00e9 do Rio Preto<\/strong>, as varia\u00e7\u00f5es ficam entre <strong>18\u00b0C<\/strong> e <strong>32\u00b0C<\/strong>, e, em <strong>Franca, Barretos <\/strong>e <strong>Ribeir\u00e3o Preto<\/strong>, entre <strong>19\u00b0C<\/strong> e<strong> 33\u00b0C<\/strong>.<\/p>\n<p>\u201cNo domingo, com a mudan\u00e7a do tempo na Capital e Litoral, a Defesa Civil recomenda aten\u00e7\u00e3o especial com as rajadas de vento, que podem atingir velocidade moderada, al\u00e9m das chuvas e quedas de raios, que exigem cuidado redobrado em \u00e1reas abertas\u201d, alerta o \u00f3rg\u00e3o.<\/p>\n<hr class=\"wp-block-separator has-alpha-channel-opacity\"\/>\n<p>SAIBA MAIS<\/p>\n<p>Ribeir\u00e3o Preto amplia hor\u00e1rios de novas linhas de \u00f4nibus; Veja quais<\/p>\n<h2 class=\"wp-block-heading\"><strong>FIQUE ON<\/strong><\/h2>\n<p>Fique ligado em tudo que acontece em Ribeir\u00e3o Preto e regi\u00e3o. Siga os perfis do\u00a0<strong>acidade on<\/strong>\u00a0no\u00a0<a href=\"https:\/\/www.instagram.com\/acidadeonribeirao\" target=\"_blank\" rel=\"noreferrer noopener\">Instagram<\/a>\u00a0e no\u00a0<a href=\"https:\/\/www.facebook.com\/acidadeonribeirao\/\" target=\"_blank\" rel=\"noreferrer noopener\">Facebook.<\/a><\/p>\n<p>Receba not\u00edcias do\u00a0<strong>acidade on<\/strong>\u00a0no WhatsApp. Para entrar no grupo,\u00a0basta\u00a0<a href=\"https:\/\/chat.whatsapp.com\/I4nieTEMKlf50pJ28aMemC?mode=ac_t\" target=\"_blank\" rel=\"noreferrer noopener\">clicar aqui<\/a>. Ou, acesse o nosso\u00a0Canal\u00a0<a href=\"https:\/\/whatsapp.com\/channel\/0029Vb6IQl1JENyAeS57fk2p\" target=\"_blank\" rel=\"noreferrer noopener\">clicando aqui<\/a>.<\/p>\n<p>Fa\u00e7a uma den\u00fancia ou sugira uma reportagem sobre Ribeir\u00e3o Preto e regi\u00e3o pelo WhatsApp: 16 99117 7802.<\/p>\n<p>VEJA TAMB\u00c9M<\/p>\n<p>O que Cari\u00facha falou sobre beijo em filho de Gugu?<\/p>\n<p><!-- AI CONTENT END 1 -->\n<\/div>\n<p><script async src=\"\/\/www.instagram.com\/embed.js\"><\/script><br \/>\n<br \/><br \/>\n<br \/><a href=\"https:\/\/www.acidadeon.com\/ribeiraopreto\/cotidiano\/estado-de-sp-entra-em-alerta-para-queda-brusca-de-temperatura\/\">Source link <\/a><\/p>\n<!-- CONTENT END 1 -->\n","protected":false},"excerpt":{"rendered":"<p>Uma nova frente fria vinda do Sul do pa\u00eds pode trazer al\u00edvio para os term\u00f4metros em algumas regi\u00f5es do estado de S\u00e3o Paulo, a partir&#8230;<\/p>\n","protected":false},"author":1,"featured_media":76154,"comment_status":"open","ping_status":"open","sticky":false,"template":"","format":"standard","meta":{"advanced_seo_description":"","jetpack_seo_html_title":"","jetpack_seo_noindex":false,"jetpack_post_was_ever_published":false,"_jetpack_newsletter_access":"","_jetpack_dont_email_post_to_subs":false,"_jetpack_newsletter_tier_id":0,"_jetpack_memberships_contains_paywalled_content":false,"_jetpack_memberships_contains_paid_content":false,"footnotes":"","jetpack_publicize_message":"","jetpack_publicize_feature_enabled":true,"jetpack_social_post_already_shared":true,"jetpack_social_options":{"image_generator_settings":{"template":"highway","default_image_id":0,"font":"","enabled":false},"version":2}},"categories":[11],"tags":[],"class_list":["post-76153","post","type-post","status-publish","format-standard","has-post-thumbnail","hentry","category-noticias-de-ribeirao-preto-sp-e-regiao-ismael-colosi"],"jetpack_publicize_connections":[],"jetpack_featured_media_url":"https:\/\/i0.wp.com\/noticiasribeiraopreto.com.br\/wp-content\/uploads\/2025\/08\/ceu-nublado_2024-08-10_12-38-56_jpeg_2024-08-10_12-38-56.webp.webp?fit=1280%2C963&ssl=1","jetpack-related-posts":[{"id":77582,"url":"https:\/\/noticiasribeiraopreto.com.br\/index.php\/2025\/09\/22\/alerta-de-queda-na-temperatura-e-emitido-para-o-estado-de-sp\/","url_meta":{"origin":76153,"position":0},"title":"Alerta de queda na temperatura \u00e9 emitido para o estado de SP","author":"noticiasribeiraopreto.com.br","date":"22 de September de 2025","format":false,"excerpt":"O estado de S\u00e3o Paulo tem previs\u00e3o de queda na temperatura nos pr\u00f3ximos dias, ap\u00f3s a\u00a0passagem da frente\u00a0fria. O\u00a0Inmet (Instituto Nacional de Meteorologia)\u00a0publicou um alerta de \u201cperigo\u201d para decl\u00ednio de temperatura em todo o estado a partir desta segunda-feira (22). O aviso, que \u00e9 na cor laranja, a segunda em\u2026","rel":"","context":"In &quot;Not\u00edcias de Ribeir\u00e3o Preto-SP e Regi\u00e3o&quot;","block_context":{"text":"Not\u00edcias de Ribeir\u00e3o Preto-SP e Regi\u00e3o","link":"https:\/\/noticiasribeiraopreto.com.br\/index.php\/category\/noticias-de-ribeirao-preto-sp-e-regiao-ismael-colosi\/"},"img":{"alt_text":"","src":"https:\/\/i0.wp.com\/noticiasribeiraopreto.com.br\/wp-content\/uploads\/2025\/09\/ALERTA_2025-09-22_14-05-48.webp.webp?fit=1200%2C757&ssl=1&resize=350%2C200","width":350,"height":200,"srcset":"https:\/\/i0.wp.com\/noticiasribeiraopreto.com.br\/wp-content\/uploads\/2025\/09\/ALERTA_2025-09-22_14-05-48.webp.webp?fit=1200%2C757&ssl=1&resize=350%2C200 1x, https:\/\/i0.wp.com\/noticiasribeiraopreto.com.br\/wp-content\/uploads\/2025\/09\/ALERTA_2025-09-22_14-05-48.webp.webp?fit=1200%2C757&ssl=1&resize=525%2C300 1.5x, https:\/\/i0.wp.com\/noticiasribeiraopreto.com.br\/wp-content\/uploads\/2025\/09\/ALERTA_2025-09-22_14-05-48.webp.webp?fit=1200%2C757&ssl=1&resize=700%2C400 2x, https:\/\/i0.wp.com\/noticiasribeiraopreto.com.br\/wp-content\/uploads\/2025\/09\/ALERTA_2025-09-22_14-05-48.webp.webp?fit=1200%2C757&ssl=1&resize=1050%2C600 3x"},"classes":[]},{"id":74699,"url":"https:\/\/noticiasribeiraopreto.com.br\/index.php\/2025\/07\/27\/inmet-publica-alerta-para-queda-na-temperatura-em-grande-parte-do-estado-de-sp-confira\/","url_meta":{"origin":76153,"position":1},"title":"Inmet publica alerta para queda na temperatura em grande parte do estado de SP; Confira","author":"noticiasribeiraopreto.com.br","date":"27 de July de 2025","format":false,"excerpt":"O Grupo EP usa cookies e outras tecnologias semelhantes para melhorar a sua experi\u00eancia, analisar o tr\u00e1fego do site e personalizar o conte\u00fado. Conhe\u00e7a a nossa pol\u00edtica de privacidade e, ao continuar navegando, voc\u00ea concorda com estas condi\u00e7\u00f5es. Source link","rel":"","context":"In &quot;Not\u00edcias de Ribeir\u00e3o Preto-SP e Regi\u00e3o&quot;","block_context":{"text":"Not\u00edcias de Ribeir\u00e3o Preto-SP e Regi\u00e3o","link":"https:\/\/noticiasribeiraopreto.com.br\/index.php\/category\/noticias-de-ribeirao-preto-sp-e-regiao-ismael-colosi\/"},"img":{"alt_text":"","src":"https:\/\/i0.wp.com\/noticiasribeiraopreto.com.br\/wp-content\/uploads\/2025\/07\/frio-df_mcamgo_abr_110820221818-4_2024-07-08_17-50-52_jpg_2024-07-08_17-50-54-1024x683.webp.webp?fit=1024%2C683&ssl=1&resize=350%2C200","width":350,"height":200,"srcset":"https:\/\/i0.wp.com\/noticiasribeiraopreto.com.br\/wp-content\/uploads\/2025\/07\/frio-df_mcamgo_abr_110820221818-4_2024-07-08_17-50-52_jpg_2024-07-08_17-50-54-1024x683.webp.webp?fit=1024%2C683&ssl=1&resize=350%2C200 1x, https:\/\/i0.wp.com\/noticiasribeiraopreto.com.br\/wp-content\/uploads\/2025\/07\/frio-df_mcamgo_abr_110820221818-4_2024-07-08_17-50-52_jpg_2024-07-08_17-50-54-1024x683.webp.webp?fit=1024%2C683&ssl=1&resize=525%2C300 1.5x, https:\/\/i0.wp.com\/noticiasribeiraopreto.com.br\/wp-content\/uploads\/2025\/07\/frio-df_mcamgo_abr_110820221818-4_2024-07-08_17-50-52_jpg_2024-07-08_17-50-54-1024x683.webp.webp?fit=1024%2C683&ssl=1&resize=700%2C400 2x"},"classes":[]},{"id":64761,"url":"https:\/\/noticiasribeiraopreto.com.br\/index.php\/2025\/03\/12\/nova-frente-fria-traz-chuva-e-queda-de-temperatura-para-o-estado-de-sp-veja-quando\/","url_meta":{"origin":76153,"position":2},"title":"Nova frente fria traz chuva e queda de temperatura para o estado de SP; Veja quando","author":"noticiasribeiraopreto.com.br","date":"12 de March de 2025","format":false,"excerpt":"Uma nova frente fria dever\u00e1 trazer pancadas de chuva e provocar a queda da temperatura em grande parte do estado de S\u00e3o Paulo nos pr\u00f3ximos dias. Segundo a Meteored, entre o s\u00e1bado (15) e o domingo (16), a frente fria ser\u00e1 impulsionada por um ciclone e ir\u00e1 reorganizar o tempo\u2026","rel":"","context":"In &quot;Not\u00edcias de Ribeir\u00e3o Preto-SP e Regi\u00e3o&quot;","block_context":{"text":"Not\u00edcias de Ribeir\u00e3o Preto-SP e Regi\u00e3o","link":"https:\/\/noticiasribeiraopreto.com.br\/index.php\/category\/noticias-de-ribeirao-preto-sp-e-regiao-ismael-colosi\/"},"img":{"alt_text":"","src":"https:\/\/i0.wp.com\/noticiasribeiraopreto.com.br\/wp-content\/uploads\/2024\/08\/WhatsApp-Image-2024-07-13-at-19.42.17_2024-07-13_22-42-51_jpeg_2024-07-13_22-42-51.webp.webp?fit=1200%2C553&ssl=1&resize=350%2C200","width":350,"height":200,"srcset":"https:\/\/i0.wp.com\/noticiasribeiraopreto.com.br\/wp-content\/uploads\/2024\/08\/WhatsApp-Image-2024-07-13-at-19.42.17_2024-07-13_22-42-51_jpeg_2024-07-13_22-42-51.webp.webp?fit=1200%2C553&ssl=1&resize=350%2C200 1x, https:\/\/i0.wp.com\/noticiasribeiraopreto.com.br\/wp-content\/uploads\/2024\/08\/WhatsApp-Image-2024-07-13-at-19.42.17_2024-07-13_22-42-51_jpeg_2024-07-13_22-42-51.webp.webp?fit=1200%2C553&ssl=1&resize=525%2C300 1.5x, https:\/\/i0.wp.com\/noticiasribeiraopreto.com.br\/wp-content\/uploads\/2024\/08\/WhatsApp-Image-2024-07-13-at-19.42.17_2024-07-13_22-42-51_jpeg_2024-07-13_22-42-51.webp.webp?fit=1200%2C553&ssl=1&resize=700%2C400 2x, https:\/\/i0.wp.com\/noticiasribeiraopreto.com.br\/wp-content\/uploads\/2024\/08\/WhatsApp-Image-2024-07-13-at-19.42.17_2024-07-13_22-42-51_jpeg_2024-07-13_22-42-51.webp.webp?fit=1200%2C553&ssl=1&resize=1050%2C600 3x"},"classes":[]},{"id":55148,"url":"https:\/\/noticiasribeiraopreto.com.br\/index.php\/2024\/07\/30\/inmet-emite-alerta-para-queda-de-temperatura-no-estado-de-sp-confira-as-cidades\/","url_meta":{"origin":76153,"position":3},"title":"Inmet emite alerta para queda de temperatura no estado de SP; Confira as cidades","author":"noticiasribeiraopreto.com.br","date":"30 de July de 2024","format":false,"excerpt":"O Inmet (Instituto Nacional de Meteorologia) emitiu um alerta de perigo potencial para decl\u00ednio de temperatura em grande parte do estado de S\u00e3o Paulo. O aviso tem validade de 1h desta ter\u00e7a-feira (30) at\u00e9 as 20h desta quarta-feira (31), e inclui Ribeir\u00e3o Preto e cidades da regi\u00e3o. O alerta \u00e9\u2026","rel":"","context":"In &quot;Not\u00edcias de Ribeir\u00e3o Preto-SP e Regi\u00e3o&quot;","block_context":{"text":"Not\u00edcias de Ribeir\u00e3o Preto-SP e Regi\u00e3o","link":"https:\/\/noticiasribeiraopreto.com.br\/index.php\/category\/noticias-de-ribeirao-preto-sp-e-regiao-ismael-colosi\/"},"img":{"alt_text":"","src":"https:\/\/i0.wp.com\/noticiasribeiraopreto.com.br\/wp-content\/uploads\/2024\/07\/calcadao_ribeirao_1024x576_22052020190437.jpg?fit=1024%2C576&ssl=1&resize=350%2C200","width":350,"height":200,"srcset":"https:\/\/i0.wp.com\/noticiasribeiraopreto.com.br\/wp-content\/uploads\/2024\/07\/calcadao_ribeirao_1024x576_22052020190437.jpg?fit=1024%2C576&ssl=1&resize=350%2C200 1x, https:\/\/i0.wp.com\/noticiasribeiraopreto.com.br\/wp-content\/uploads\/2024\/07\/calcadao_ribeirao_1024x576_22052020190437.jpg?fit=1024%2C576&ssl=1&resize=525%2C300 1.5x, https:\/\/i0.wp.com\/noticiasribeiraopreto.com.br\/wp-content\/uploads\/2024\/07\/calcadao_ribeirao_1024x576_22052020190437.jpg?fit=1024%2C576&ssl=1&resize=700%2C400 2x"},"classes":[]},{"id":68932,"url":"https:\/\/noticiasribeiraopreto.com.br\/index.php\/2025\/04\/30\/frente-fria-e-queda-da-temperatura-em-maio-veja-previsao-para-o-mes-no-estado-de-sp\/","url_meta":{"origin":76153,"position":4},"title":"Frente fria e queda da temperatura em maio? Veja previs\u00e3o para o m\u00eas no estado de SP","author":"noticiasribeiraopreto.com.br","date":"30 de April de 2025","format":false,"excerpt":"O m\u00eas de maio come\u00e7a nesta quinta-feira (1), feriado do Dia do Trabalho, e a meteorologia divulgou a previs\u00e3o clim\u00e1tica para o per\u00edodo. A Climatempo diz que em maio de 2025 n\u00e3o haver\u00e1 a influ\u00eancia de fen\u00f4menos como El Ni\u00f1o e La Ni\u00f1a, pois ser\u00e1 de neutralidade t\u00e9rmica no Oceano\u2026","rel":"","context":"In &quot;Not\u00edcias de Ribeir\u00e3o Preto-SP e Regi\u00e3o&quot;","block_context":{"text":"Not\u00edcias de Ribeir\u00e3o Preto-SP e Regi\u00e3o","link":"https:\/\/noticiasribeiraopreto.com.br\/index.php\/category\/noticias-de-ribeirao-preto-sp-e-regiao-ismael-colosi\/"},"img":{"alt_text":"","src":"https:\/\/i0.wp.com\/noticiasribeiraopreto.com.br\/wp-content\/uploads\/2025\/04\/ceu_nublado_e_tempo_frio_em_campinas_cxdigo_19_166036-scaled.jpg?fit=1200%2C800&ssl=1&resize=350%2C200","width":350,"height":200,"srcset":"https:\/\/i0.wp.com\/noticiasribeiraopreto.com.br\/wp-content\/uploads\/2025\/04\/ceu_nublado_e_tempo_frio_em_campinas_cxdigo_19_166036-scaled.jpg?fit=1200%2C800&ssl=1&resize=350%2C200 1x, https:\/\/i0.wp.com\/noticiasribeiraopreto.com.br\/wp-content\/uploads\/2025\/04\/ceu_nublado_e_tempo_frio_em_campinas_cxdigo_19_166036-scaled.jpg?fit=1200%2C800&ssl=1&resize=525%2C300 1.5x, https:\/\/i0.wp.com\/noticiasribeiraopreto.com.br\/wp-content\/uploads\/2025\/04\/ceu_nublado_e_tempo_frio_em_campinas_cxdigo_19_166036-scaled.jpg?fit=1200%2C800&ssl=1&resize=700%2C400 2x, https:\/\/i0.wp.com\/noticiasribeiraopreto.com.br\/wp-content\/uploads\/2025\/04\/ceu_nublado_e_tempo_frio_em_campinas_cxdigo_19_166036-scaled.jpg?fit=1200%2C800&ssl=1&resize=1050%2C600 3x"},"classes":[]},{"id":57148,"url":"https:\/\/noticiasribeiraopreto.com.br\/index.php\/2024\/08\/24\/inmet-alerta-para-perigo-potencial-de-queda-de-temperatura-no-estado-de-sp-veja-cidades\/","url_meta":{"origin":76153,"position":5},"title":"Inmet alerta para perigo potencial de queda de temperatura no estado de SP; Veja cidades","author":"noticiasribeiraopreto.com.br","date":"24 de August de 2024","format":false,"excerpt":"O Inmet (Instituto Nacional de Meteorologia) emitiu um alerta de perigo potencial para a decl\u00ednio de temperatura em parte do estado de S\u00e3o Paulo. O aviso tem in\u00edcio \u00e0s 10h deste s\u00e1bado (24) e segue at\u00e9 as 10h de domingo (25), e inclui algumas cidades da regi\u00e3o de Ribeir\u00e3o Preto.\u2026","rel":"","context":"In &quot;Not\u00edcias de Ribeir\u00e3o Preto-SP e Regi\u00e3o&quot;","block_context":{"text":"Not\u00edcias de Ribeir\u00e3o Preto-SP e Regi\u00e3o","link":"https:\/\/noticiasribeiraopreto.com.br\/index.php\/category\/noticias-de-ribeirao-preto-sp-e-regiao-ismael-colosi\/"},"img":{"alt_text":"","src":"https:\/\/i0.wp.com\/noticiasribeiraopreto.com.br\/wp-content\/uploads\/2024\/08\/WhatsApp-Image-2024-07-13-at-19.42.17_2024-07-13_22-42-51_jpeg_2024-07-13_22-42-51.webp.webp?fit=1200%2C553&ssl=1&resize=350%2C200","width":350,"height":200,"srcset":"https:\/\/i0.wp.com\/noticiasribeiraopreto.com.br\/wp-content\/uploads\/2024\/08\/WhatsApp-Image-2024-07-13-at-19.42.17_2024-07-13_22-42-51_jpeg_2024-07-13_22-42-51.webp.webp?fit=1200%2C553&ssl=1&resize=350%2C200 1x, https:\/\/i0.wp.com\/noticiasribeiraopreto.com.br\/wp-content\/uploads\/2024\/08\/WhatsApp-Image-2024-07-13-at-19.42.17_2024-07-13_22-42-51_jpeg_2024-07-13_22-42-51.webp.webp?fit=1200%2C553&ssl=1&resize=525%2C300 1.5x, https:\/\/i0.wp.com\/noticiasribeiraopreto.com.br\/wp-content\/uploads\/2024\/08\/WhatsApp-Image-2024-07-13-at-19.42.17_2024-07-13_22-42-51_jpeg_2024-07-13_22-42-51.webp.webp?fit=1200%2C553&ssl=1&resize=700%2C400 2x, https:\/\/i0.wp.com\/noticiasribeiraopreto.com.br\/wp-content\/uploads\/2024\/08\/WhatsApp-Image-2024-07-13-at-19.42.17_2024-07-13_22-42-51_jpeg_2024-07-13_22-42-51.webp.webp?fit=1200%2C553&ssl=1&resize=1050%2C600 3x"},"classes":[]}],"jetpack_sharing_enabled":true,"jetpack_shortlink":"https:\/\/wp.me\/peQAOb-jOh","_links":{"self":[{"href":"https:\/\/noticiasribeiraopreto.com.br\/index.php\/wp-json\/wp\/v2\/posts\/76153","targetHints":{"allow":["GET"]}}],"collection":[{"href":"https:\/\/noticiasribeiraopreto.com.br\/index.php\/wp-json\/wp\/v2\/posts"}],"about":[{"href":"https:\/\/noticiasribeiraopreto.com.br\/index.php\/wp-json\/wp\/v2\/types\/post"}],"author":[{"embeddable":true,"href":"https:\/\/noticiasribeiraopreto.com.br\/index.php\/wp-json\/wp\/v2\/users\/1"}],"replies":[{"embeddable":true,"href":"https:\/\/noticiasribeiraopreto.com.br\/index.php\/wp-json\/wp\/v2\/comments?post=76153"}],"version-history":[{"count":0,"href":"https:\/\/noticiasribeiraopreto.com.br\/index.php\/wp-json\/wp\/v2\/posts\/76153\/revisions"}],"wp:featuredmedia":[{"embeddable":true,"href":"https:\/\/noticiasribeiraopreto.com.br\/index.php\/wp-json\/wp\/v2\/media\/76154"}],"wp:attachment":[{"href":"https:\/\/noticiasribeiraopreto.com.br\/index.php\/wp-json\/wp\/v2\/media?parent=76153"}],"wp:term":[{"taxonomy":"category","embeddable":true,"href":"https:\/\/noticiasribeiraopreto.com.br\/index.php\/wp-json\/wp\/v2\/categories?post=76153"},{"taxonomy":"post_tag","embeddable":true,"href":"https:\/\/noticiasribeiraopreto.com.br\/index.php\/wp-json\/wp\/v2\/tags?post=76153"}],"curies":[{"name":"wp","href":"https:\/\/api.w.org\/{rel}","templated":true}]}}