{"id":76155,"date":"2025-08-22T21:24:55","date_gmt":"2025-08-23T00:24:55","guid":{"rendered":"https:\/\/noticiasribeiraopreto.com.br\/index.php\/2025\/08\/22\/justica-autoriza-quebra-de-sigilo-do-celular-de-nathalia-garnica\/"},"modified":"2025-08-22T21:24:55","modified_gmt":"2025-08-23T00:24:55","slug":"justica-autoriza-quebra-de-sigilo-do-celular-de-nathalia-garnica","status":"publish","type":"post","link":"https:\/\/noticiasribeiraopreto.com.br\/index.php\/2025\/08\/22\/justica-autoriza-quebra-de-sigilo-do-celular-de-nathalia-garnica\/","title":{"rendered":"Justi\u00e7a autoriza quebra de sigilo do celular de Nath\u00e1lia Garnica"},"content":{"rendered":"<div class='code-block code-block-1' style='margin: 8px 0 8px auto; text-align: right; display: block; clear: both;'>\n<p><a href=\"https:\/\/wa.link\/vpicfd\"><img data-recalc-dims=\"1\" class=\"wp-image-4922\" style=\"aspect-ratio: 2.0253164556962027; width: 561px; height: auto;\" src=\"https:\/\/i0.wp.com\/ismaelcolosi.com.br\/wp-content\/uploads\/2023\/11\/grupo-de-empregos-whatsapp-e-facebook-ismael-colosi-vagas.jpg?ssl=1\" alt=\"\" \/><\/a><\/p>\n<!-- \/wp:image -->\n<\/div>\n<p> <br \/>\n<\/p>\n<div>\n<p>A<strong> Justi\u00e7a de S\u00e3o Paulo<\/strong> autorizou a quebra do sigilo do celular da veterin\u00e1ria <strong>Nath\u00e1lia Garnica<\/strong>, que morreu envenenada em fevereiro, em <strong>Ribeir\u00e3o Preto<\/strong>. O celular dela foi localizado por familiares com <strong>Elizabete Arraba\u00e7a<\/strong>, m\u00e3e da v\u00edtima e suspeita de envolvimento no crime.<\/p>\n<p>De acordo com as informa\u00e7\u00f5es, a <strong>Pol\u00edcia Civil <\/strong>quer identificar liga\u00e7\u00f5es e mensagens enviadas ou recebidas por Nat\u00e1lia antes de sua morte. Exames do <strong>Instituto M\u00e9dico Legal (IML) <\/strong>apontaram a presen\u00e7a de \u201c<strong>chumbinho<\/strong>\u201d no corpo da v\u00edtima.<\/p>\n<p>Al\u00e9m do caso de Nath\u00e1lia, <strong>Elizabete<\/strong> tamb\u00e9m acusada de <strong>matar envenenada a nora<\/strong>, Larissa Rodrigues, e \u00e9 investigada em outros tr\u00eas inqu\u00e9ritos. Ela est\u00e1 presa na Penitenci\u00e1ria Feminina de Trememb\u00e9, no interior de S\u00e3o Paulo.<\/p>\n<p>Inicialmente, o caso de Nath\u00e1lia Garnica foi registrado como morte natural, no entanto, a proximidade com a cunhada, Larissa Rodrigues, chamou a aten\u00e7\u00e3o da pol\u00edcia. <strong>O laudo da morte da professora tamb\u00e9m apontou a presen\u00e7a de \u201cchumbinho\u201d no corpo dela.<\/strong><\/p>\n<p>O marido de Larissa, o m\u00e9dico <strong>Luiz Antonio Garnica<\/strong>, tamb\u00e9m foi preso e \u00e9 apontado pelo Minist\u00e9rio Publico (MP) como o mandante da morte dela. <strong>A Pol\u00edcia tamb\u00e9m investiga a participa\u00e7\u00e3o dele na morte da irm\u00e3.<\/strong><\/p>\n<h2 class=\"wp-block-heading\"><strong>Investiga\u00e7\u00e3o<\/strong><\/h2>\n<p>A <strong>Pol\u00edcia Civil<\/strong> come\u00e7ou a investigar a morte de<strong> Nath\u00e1lia Garnica <\/strong>como homic\u00eddio, depois de que IML confirmou a presen\u00e7a de veneno de rato em tr\u00eas \u00f3rg\u00e3os dela, durante a exuma\u00e7\u00e3o de seu corpo, em Pontal, a 40 quil\u00f4metros de Ribeir\u00e3o Preto.<\/p>\n<p>O resultado indicou que o produto ingerido pela v\u00edtima n\u00e3o \u00e9 o mesmo que causou a morte de Larissa Rodrigues, <strong>mas pertence \u00e0 mesma classe de venenos utilizados em casos de envenenamento por chumbinho<\/strong>.<\/p>\n<p>A conclus\u00e3o do exame toxicol\u00f3gico contraria uma carta enviada \u00e0 Justi\u00e7a por <strong>Elizabete Arraba\u00e7a<\/strong>. A pol\u00edcia tamb\u00e9m pediu a exuma\u00e7\u00e3o da cadela Babi, que pertencia a Nath\u00e1lia e morreu 15 dias antes da tutora.<\/p>\n<p>A suspeita \u00e9 de que mulher tenha testado a subst\u00e2ncia no animal antes de envenenar a filha. Elizabete sempre negou as acusa\u00e7\u00f5es, mas passou a ser investigada porque, em ambos os casos (Nath\u00e1lia e Larissa), foi a \u00faltima pessoa a v\u00ea-las vivas.<\/p>\n<p><em>*Com informa\u00e7\u00f5es da EPTV<\/em><\/p>\n<hr class=\"wp-block-separator has-alpha-channel-opacity\"\/>\n<p>SAIBA MAIS<\/p>\n<p>Justi\u00e7a nega liberdade a influenciadora Ana Pink por descumprir pris\u00e3o domiciliar<\/p>\n<h2 class=\"wp-block-heading\"><strong>FIQUE ON<\/strong><\/h2>\n<p>Fique ligado em tudo que acontece em Ribeir\u00e3o Preto e regi\u00e3o. Siga os perfis do\u00a0<strong>acidade on<\/strong>\u00a0no\u00a0<a href=\"https:\/\/www.instagram.com\/acidadeonribeirao\" target=\"_blank\" rel=\"noreferrer noopener\">Instagram<\/a>\u00a0e no\u00a0<a href=\"https:\/\/www.facebook.com\/acidadeonribeirao\/\" target=\"_blank\" rel=\"noreferrer noopener\">Facebook.<\/a><\/p>\n<p>Receba not\u00edcias do\u00a0<strong>acidade on<\/strong>\u00a0no WhatsApp. Para entrar no grupo,\u00a0basta\u00a0<a href=\"https:\/\/chat.whatsapp.com\/I4nieTEMKlf50pJ28aMemC?mode=ac_t\" target=\"_blank\" rel=\"noreferrer noopener\">clicar aqui<\/a>. Ou, acesse o nosso\u00a0Canal\u00a0<a href=\"https:\/\/whatsapp.com\/channel\/0029Vb6IQl1JENyAeS57fk2p\" target=\"_blank\" rel=\"noreferrer noopener\">clicando aqui<\/a>.<\/p>\n<p>Fa\u00e7a uma den\u00fancia ou sugira uma reportagem sobre Ribeir\u00e3o Preto e regi\u00e3o pelo WhatsApp: 16 99117 7802.<\/p>\n<p>VEJA TAMB\u00c9M<\/p>\n<p>O primeiro Lobisomem a gente nunca esquece<\/p>\n<p><!-- AI CONTENT END 1 -->\n<\/div>\n<p><script async src=\"\/\/www.instagram.com\/embed.js\"><\/script><br \/>\n<br \/><br \/>\n<br \/><a href=\"https:\/\/www.acidadeon.com\/ribeiraopreto\/cotidiano\/justica-autoriza-quebra-de-sigilo-do-celular-de-nathalia-garnica\/\">Source link <\/a><\/p>\n<!-- CONTENT END 1 -->\n","protected":false},"excerpt":{"rendered":"<p>A Justi\u00e7a de S\u00e3o Paulo autorizou a quebra do sigilo do celular da veterin\u00e1ria Nath\u00e1lia Garnica, que morreu envenenada em fevereiro, em Ribeir\u00e3o Preto. O&#8230;<\/p>\n","protected":false},"author":1,"featured_media":72492,"comment_status":"open","ping_status":"open","sticky":false,"template":"","format":"standard","meta":{"advanced_seo_description":"","jetpack_seo_html_title":"","jetpack_seo_noindex":false,"jetpack_post_was_ever_published":false,"_jetpack_newsletter_access":"","_jetpack_dont_email_post_to_subs":false,"_jetpack_newsletter_tier_id":0,"_jetpack_memberships_contains_paywalled_content":false,"_jetpack_memberships_contains_paid_content":false,"footnotes":"","jetpack_publicize_message":"","jetpack_publicize_feature_enabled":true,"jetpack_social_post_already_shared":true,"jetpack_social_options":{"image_generator_settings":{"template":"highway","default_image_id":0,"font":"","enabled":false},"version":2}},"categories":[11],"tags":[],"class_list":["post-76155","post","type-post","status-publish","format-standard","has-post-thumbnail","hentry","category-noticias-de-ribeirao-preto-sp-e-regiao-ismael-colosi"],"jetpack_publicize_connections":[],"jetpack_featured_media_url":"https:\/\/i0.wp.com\/noticiasribeiraopreto.com.br\/wp-content\/uploads\/2025\/06\/WhatsApp-Image-2025-05-07-at-10.51.41-1_2025-05-07_13-52-19.webp.webp?fit=1200%2C675&ssl=1","jetpack-related-posts":[{"id":80275,"url":"https:\/\/noticiasribeiraopreto.com.br\/index.php\/2025\/11\/18\/juiza-de-pontal-transfere-caso-de-nathalia-garnica-para-ribeirao-mas-mp-barra-denuncia-entenda\/","url_meta":{"origin":76155,"position":0},"title":"Ju\u00edza de Pontal transfere caso de Nath\u00e1lia Garnica para Ribeir\u00e3o, mas MP barra den\u00fancia; Entenda","author":"noticiasribeiraopreto.com.br","date":"18 de November de 2025","format":false,"excerpt":"O Minist\u00e9rio P\u00fablico de Ribeir\u00e3o Preto recusou a den\u00fancia enviada pela Justi\u00e7a de Pontal no processo que investiga a morte da veterin\u00e1ria Nath\u00e1lia Garnica, de 42 anos, envenenada em fevereiro deste ano. De acordo com os documentos assinado no come\u00e7o do m\u00eas de novembro, a ju\u00edza titular de Pontal, Bruna\u2026","rel":"","context":"In &quot;Not\u00edcias de Ribeir\u00e3o Preto-SP e Regi\u00e3o&quot;","block_context":{"text":"Not\u00edcias de Ribeir\u00e3o Preto-SP e Regi\u00e3o","link":"https:\/\/noticiasribeiraopreto.com.br\/index.php\/category\/noticias-de-ribeirao-preto-sp-e-regiao-ismael-colosi\/"},"img":{"alt_text":"","src":"https:\/\/i0.wp.com\/noticiasribeiraopreto.com.br\/wp-content\/uploads\/2025\/11\/Copia-de-Copia-de-Copia-de-TAMANHO-EXATO-PARA-FOTOS-NO-SISTEMA-NOVO-2025-11-18T205210.520_2025-11-18_23-52-19.webp.webp?fit=1200%2C675&ssl=1&resize=350%2C200","width":350,"height":200,"srcset":"https:\/\/i0.wp.com\/noticiasribeiraopreto.com.br\/wp-content\/uploads\/2025\/11\/Copia-de-Copia-de-Copia-de-TAMANHO-EXATO-PARA-FOTOS-NO-SISTEMA-NOVO-2025-11-18T205210.520_2025-11-18_23-52-19.webp.webp?fit=1200%2C675&ssl=1&resize=350%2C200 1x, https:\/\/i0.wp.com\/noticiasribeiraopreto.com.br\/wp-content\/uploads\/2025\/11\/Copia-de-Copia-de-Copia-de-TAMANHO-EXATO-PARA-FOTOS-NO-SISTEMA-NOVO-2025-11-18T205210.520_2025-11-18_23-52-19.webp.webp?fit=1200%2C675&ssl=1&resize=525%2C300 1.5x, https:\/\/i0.wp.com\/noticiasribeiraopreto.com.br\/wp-content\/uploads\/2025\/11\/Copia-de-Copia-de-Copia-de-TAMANHO-EXATO-PARA-FOTOS-NO-SISTEMA-NOVO-2025-11-18T205210.520_2025-11-18_23-52-19.webp.webp?fit=1200%2C675&ssl=1&resize=700%2C400 2x, https:\/\/i0.wp.com\/noticiasribeiraopreto.com.br\/wp-content\/uploads\/2025\/11\/Copia-de-Copia-de-Copia-de-TAMANHO-EXATO-PARA-FOTOS-NO-SISTEMA-NOVO-2025-11-18T205210.520_2025-11-18_23-52-19.webp.webp?fit=1200%2C675&ssl=1&resize=1050%2C600 3x"},"classes":[]},{"id":72491,"url":"https:\/\/noticiasribeiraopreto.com.br\/index.php\/2025\/06\/17\/caso-larissa-nathalia-garnica-foi-envenenada-com-chumbinho-aponta-laudo\/","url_meta":{"origin":76155,"position":1},"title":"Caso Larissa: Nath\u00e1lia Garnica foi envenenada com chumbinho, aponta laudo","author":"noticiasribeiraopreto.com.br","date":"17 de June de 2025","format":false,"excerpt":"O Instituto M\u00e9dico Legal (IML) de Ribeir\u00e3o Preto confirmou a presen\u00e7a de veneno de rato em tr\u00eas \u00f3rg\u00e3os de Nath\u00e1lia Garnica. A informa\u00e7\u00e3o foi divulgada pelo diretor do IML, Di\u00f3genes Tadeu Cardoso, com base no resultado do exame toxicol\u00f3gico realizado ap\u00f3s a exuma\u00e7\u00e3o do corpo. O laudo, que ainda n\u00e3o\u2026","rel":"","context":"In &quot;Not\u00edcias de Ribeir\u00e3o Preto-SP e Regi\u00e3o&quot;","block_context":{"text":"Not\u00edcias de Ribeir\u00e3o Preto-SP e Regi\u00e3o","link":"https:\/\/noticiasribeiraopreto.com.br\/index.php\/category\/noticias-de-ribeirao-preto-sp-e-regiao-ismael-colosi\/"},"img":{"alt_text":"","src":"https:\/\/i0.wp.com\/noticiasribeiraopreto.com.br\/wp-content\/uploads\/2025\/06\/WhatsApp-Image-2025-05-07-at-10.51.41-1_2025-05-07_13-52-19.webp.webp?fit=1200%2C675&ssl=1&resize=350%2C200","width":350,"height":200,"srcset":"https:\/\/i0.wp.com\/noticiasribeiraopreto.com.br\/wp-content\/uploads\/2025\/06\/WhatsApp-Image-2025-05-07-at-10.51.41-1_2025-05-07_13-52-19.webp.webp?fit=1200%2C675&ssl=1&resize=350%2C200 1x, https:\/\/i0.wp.com\/noticiasribeiraopreto.com.br\/wp-content\/uploads\/2025\/06\/WhatsApp-Image-2025-05-07-at-10.51.41-1_2025-05-07_13-52-19.webp.webp?fit=1200%2C675&ssl=1&resize=525%2C300 1.5x, https:\/\/i0.wp.com\/noticiasribeiraopreto.com.br\/wp-content\/uploads\/2025\/06\/WhatsApp-Image-2025-05-07-at-10.51.41-1_2025-05-07_13-52-19.webp.webp?fit=1200%2C675&ssl=1&resize=700%2C400 2x, https:\/\/i0.wp.com\/noticiasribeiraopreto.com.br\/wp-content\/uploads\/2025\/06\/WhatsApp-Image-2025-05-07-at-10.51.41-1_2025-05-07_13-52-19.webp.webp?fit=1200%2C675&ssl=1&resize=1050%2C600 3x"},"classes":[]},{"id":83900,"url":"https:\/\/noticiasribeiraopreto.com.br\/index.php\/2026\/03\/27\/justica-decide-que-caso-de-nathalia-garnica-deve-ser-julgado-em-pontal\/","url_meta":{"origin":76155,"position":2},"title":"Justi\u00e7a decide que caso de Nath\u00e1lia Garnica deve ser julgado em Pontal","author":"noticiasribeiraopreto.com.br","date":"27 de March de 2026","format":false,"excerpt":"O Tribunal de Justi\u00e7a de S\u00e3o Paulo decidiu que o caso da morte da veterin\u00e1ria Nath\u00e1lia Garnica ser\u00e1 julgado pelo f\u00f3rum de Pontal, cidade na regi\u00e3o de Ribeir\u00e3o Preto. A mulher, de 42 anos, morreu ap\u00f3s ser envenenada, e a principal suspeita do crime \u00e9 a pr\u00f3pria m\u00e3e, Elizabete Arraba\u00e7a.\u2026","rel":"","context":"In &quot;Not\u00edcias de Ribeir\u00e3o Preto-SP e Regi\u00e3o&quot;","block_context":{"text":"Not\u00edcias de Ribeir\u00e3o Preto-SP e Regi\u00e3o","link":"https:\/\/noticiasribeiraopreto.com.br\/index.php\/category\/noticias-de-ribeirao-preto-sp-e-regiao-ismael-colosi\/"},"img":{"alt_text":"","src":"https:\/\/i0.wp.com\/noticiasribeiraopreto.com.br\/wp-content\/uploads\/2025\/11\/Copia-de-Copia-de-Copia-de-TAMANHO-EXATO-PARA-FOTOS-NO-SISTEMA-NOVO-2025-11-18T205210.520_2025-11-18_23-52-19.webp.webp?fit=1200%2C675&ssl=1&resize=350%2C200","width":350,"height":200,"srcset":"https:\/\/i0.wp.com\/noticiasribeiraopreto.com.br\/wp-content\/uploads\/2025\/11\/Copia-de-Copia-de-Copia-de-TAMANHO-EXATO-PARA-FOTOS-NO-SISTEMA-NOVO-2025-11-18T205210.520_2025-11-18_23-52-19.webp.webp?fit=1200%2C675&ssl=1&resize=350%2C200 1x, https:\/\/i0.wp.com\/noticiasribeiraopreto.com.br\/wp-content\/uploads\/2025\/11\/Copia-de-Copia-de-Copia-de-TAMANHO-EXATO-PARA-FOTOS-NO-SISTEMA-NOVO-2025-11-18T205210.520_2025-11-18_23-52-19.webp.webp?fit=1200%2C675&ssl=1&resize=525%2C300 1.5x, https:\/\/i0.wp.com\/noticiasribeiraopreto.com.br\/wp-content\/uploads\/2025\/11\/Copia-de-Copia-de-Copia-de-TAMANHO-EXATO-PARA-FOTOS-NO-SISTEMA-NOVO-2025-11-18T205210.520_2025-11-18_23-52-19.webp.webp?fit=1200%2C675&ssl=1&resize=700%2C400 2x, https:\/\/i0.wp.com\/noticiasribeiraopreto.com.br\/wp-content\/uploads\/2025\/11\/Copia-de-Copia-de-Copia-de-TAMANHO-EXATO-PARA-FOTOS-NO-SISTEMA-NOVO-2025-11-18T205210.520_2025-11-18_23-52-19.webp.webp?fit=1200%2C675&ssl=1&resize=1050%2C600 3x"},"classes":[]},{"id":73224,"url":"https:\/\/noticiasribeiraopreto.com.br\/index.php\/2025\/06\/27\/policia-indicia-elizabete-e-garnica-pela-morte-de-larissa\/","url_meta":{"origin":76155,"position":3},"title":"Pol\u00edcia indicia Elizabete e Garnica pela morte de Larissa","author":"noticiasribeiraopreto.com.br","date":"27 de June de 2025","format":false,"excerpt":"Por: Adalberto Luque Em entrevista coletiva, na manh\u00e3 desta sexta-feira (27), o delegado Fernando Bravo, respons\u00e1vel pela investiga\u00e7\u00e3o das mortes por envenenamento de Larissa Talle Le\u00f4ncio e Nathalia Garnica, e o diretor da Divis\u00e3o Especializada de Investiga\u00e7\u00f5es Criminais (DEIC), Jos\u00e9 Carvalho de Ara\u00fajo, informaram que o inqu\u00e9rito que Elizabete Eug\u00eanio\u2026","rel":"","context":"In &quot;Not\u00edcias de Ribeir\u00e3o Preto-SP e Regi\u00e3o&quot;","block_context":{"text":"Not\u00edcias de Ribeir\u00e3o Preto-SP e Regi\u00e3o","link":"https:\/\/noticiasribeiraopreto.com.br\/index.php\/category\/noticias-de-ribeirao-preto-sp-e-regiao-ismael-colosi\/"},"img":{"alt_text":"","src":"https:\/\/i0.wp.com\/noticiasribeiraopreto.com.br\/wp-content\/uploads\/2025\/06\/1751041156_garnica_elisabete.jpg?fit=720%2C656&ssl=1&resize=350%2C200","width":350,"height":200,"srcset":"https:\/\/i0.wp.com\/noticiasribeiraopreto.com.br\/wp-content\/uploads\/2025\/06\/1751041156_garnica_elisabete.jpg?fit=720%2C656&ssl=1&resize=350%2C200 1x, https:\/\/i0.wp.com\/noticiasribeiraopreto.com.br\/wp-content\/uploads\/2025\/06\/1751041156_garnica_elisabete.jpg?fit=720%2C656&ssl=1&resize=525%2C300 1.5x, https:\/\/i0.wp.com\/noticiasribeiraopreto.com.br\/wp-content\/uploads\/2025\/06\/1751041156_garnica_elisabete.jpg?fit=720%2C656&ssl=1&resize=700%2C400 2x"},"classes":[]},{"id":72493,"url":"https:\/\/noticiasribeiraopreto.com.br\/index.php\/2025\/06\/17\/laudo-aponta-que-nathalia-garnica-foi-envenenada-com-substancia-similar-ao-chumbinho\/","url_meta":{"origin":76155,"position":4},"title":"Laudo aponta que Nath\u00e1lia Garnica foi envenenada com subst\u00e2ncia similar ao chumbinho","author":"noticiasribeiraopreto.com.br","date":"17 de June de 2025","format":false,"excerpt":"17 de junho de 2025 18:523 Compartilhar0 O Instituto M\u00e9dico Legal (IML) de Ribeir\u00e3o Preto confirmou a presen\u00e7a de veneno em tr\u00eas \u00f3rg\u00e3os de Nath\u00e1lia Garnica, irm\u00e3 do m\u00e9dico Luiz Ant\u00f4nio Garnica. Segundo o diretor do IML, Di\u00f3genes Tadeu Cardoso, exames toxicol\u00f3gicos realizados ap\u00f3s a exuma\u00e7\u00e3o do corpo indicaram uma\u2026","rel":"","context":"In &quot;Not\u00edcias de Ribeir\u00e3o Preto-SP e Regi\u00e3o&quot;","block_context":{"text":"Not\u00edcias de Ribeir\u00e3o Preto-SP e Regi\u00e3o","link":"https:\/\/noticiasribeiraopreto.com.br\/index.php\/category\/noticias-de-ribeirao-preto-sp-e-regiao-ismael-colosi\/"},"img":{"alt_text":"","src":"https:\/\/i0.wp.com\/noticiasribeiraopreto.com.br\/wp-content\/uploads\/2025\/06\/nathalia1_garnica-scaled.jpeg?fit=659%2C500&ssl=1&resize=350%2C200","width":350,"height":200,"srcset":"https:\/\/i0.wp.com\/noticiasribeiraopreto.com.br\/wp-content\/uploads\/2025\/06\/nathalia1_garnica-scaled.jpeg?fit=659%2C500&ssl=1&resize=350%2C200 1x, https:\/\/i0.wp.com\/noticiasribeiraopreto.com.br\/wp-content\/uploads\/2025\/06\/nathalia1_garnica-scaled.jpeg?fit=659%2C500&ssl=1&resize=525%2C300 1.5x"},"classes":[]},{"id":79367,"url":"https:\/\/noticiasribeiraopreto.com.br\/index.php\/2025\/10\/30\/mp-denuncia-elizabete-pela-morte-de-filha\/","url_meta":{"origin":76155,"position":5},"title":"MP denuncia Elizabete pela morte de filha","author":"noticiasribeiraopreto.com.br","date":"30 de October de 2025","format":false,"excerpt":"Por: Adalberto Luque O Minist\u00e9rio P\u00fablico de S\u00e3o Paulo (MPSP) denunciou Elizabete Eug\u00eanio Arraba\u00e7a, de 68 anos, pela morte de sua filha Nath\u00e1lia Garnica, de 42 anos, por envenenamento. A promotora apresentou den\u00fancia por crime de feminic\u00eddio, com tr\u00eas qualificadoras :emprego de veneno, meio cruel e mediante dissimula\u00e7\u00e3o e de\u2026","rel":"","context":"In &quot;Not\u00edcias de Ribeir\u00e3o Preto-SP e Regi\u00e3o&quot;","block_context":{"text":"Not\u00edcias de Ribeir\u00e3o Preto-SP e Regi\u00e3o","link":"https:\/\/noticiasribeiraopreto.com.br\/index.php\/category\/noticias-de-ribeirao-preto-sp-e-regiao-ismael-colosi\/"},"img":{"alt_text":"","src":"https:\/\/i0.wp.com\/noticiasribeiraopreto.com.br\/wp-content\/uploads\/2025\/10\/12-set-2025-betechumbinhonathalia2-1.jpg?fit=934%2C780&ssl=1&resize=350%2C200","width":350,"height":200,"srcset":"https:\/\/i0.wp.com\/noticiasribeiraopreto.com.br\/wp-content\/uploads\/2025\/10\/12-set-2025-betechumbinhonathalia2-1.jpg?fit=934%2C780&ssl=1&resize=350%2C200 1x, https:\/\/i0.wp.com\/noticiasribeiraopreto.com.br\/wp-content\/uploads\/2025\/10\/12-set-2025-betechumbinhonathalia2-1.jpg?fit=934%2C780&ssl=1&resize=525%2C300 1.5x, https:\/\/i0.wp.com\/noticiasribeiraopreto.com.br\/wp-content\/uploads\/2025\/10\/12-set-2025-betechumbinhonathalia2-1.jpg?fit=934%2C780&ssl=1&resize=700%2C400 2x"},"classes":[]}],"jetpack_sharing_enabled":true,"jetpack_shortlink":"https:\/\/wp.me\/peQAOb-jOj","_links":{"self":[{"href":"https:\/\/noticiasribeiraopreto.com.br\/index.php\/wp-json\/wp\/v2\/posts\/76155","targetHints":{"allow":["GET"]}}],"collection":[{"href":"https:\/\/noticiasribeiraopreto.com.br\/index.php\/wp-json\/wp\/v2\/posts"}],"about":[{"href":"https:\/\/noticiasribeiraopreto.com.br\/index.php\/wp-json\/wp\/v2\/types\/post"}],"author":[{"embeddable":true,"href":"https:\/\/noticiasribeiraopreto.com.br\/index.php\/wp-json\/wp\/v2\/users\/1"}],"replies":[{"embeddable":true,"href":"https:\/\/noticiasribeiraopreto.com.br\/index.php\/wp-json\/wp\/v2\/comments?post=76155"}],"version-history":[{"count":0,"href":"https:\/\/noticiasribeiraopreto.com.br\/index.php\/wp-json\/wp\/v2\/posts\/76155\/revisions"}],"wp:featuredmedia":[{"embeddable":true,"href":"https:\/\/noticiasribeiraopreto.com.br\/index.php\/wp-json\/wp\/v2\/media\/72492"}],"wp:attachment":[{"href":"https:\/\/noticiasribeiraopreto.com.br\/index.php\/wp-json\/wp\/v2\/media?parent=76155"}],"wp:term":[{"taxonomy":"category","embeddable":true,"href":"https:\/\/noticiasribeiraopreto.com.br\/index.php\/wp-json\/wp\/v2\/categories?post=76155"},{"taxonomy":"post_tag","embeddable":true,"href":"https:\/\/noticiasribeiraopreto.com.br\/index.php\/wp-json\/wp\/v2\/tags?post=76155"}],"curies":[{"name":"wp","href":"https:\/\/api.w.org\/{rel}","templated":true}]}}