{"id":7635,"date":"2023-11-28T15:13:01","date_gmt":"2023-11-28T18:13:01","guid":{"rendered":"https:\/\/noticiasribeiraopreto.com.br\/index.php\/2023\/11\/28\/chef-de-cozinha-encontrado-sem-vida-junto-com-a-esposa-na-bahia-era-foragido-da-espanha\/"},"modified":"2023-11-28T15:13:01","modified_gmt":"2023-11-28T18:13:01","slug":"chef-de-cozinha-encontrado-sem-vida-junto-com-a-esposa-na-bahia-era-foragido-da-espanha","status":"publish","type":"post","link":"https:\/\/noticiasribeiraopreto.com.br\/index.php\/2023\/11\/28\/chef-de-cozinha-encontrado-sem-vida-junto-com-a-esposa-na-bahia-era-foragido-da-espanha\/","title":{"rendered":"Chef de cozinha encontrado sem vida junto com a esposa na Bahia era foragido da Espanha"},"content":{"rendered":"<div class='code-block code-block-1' style='margin: 8px 0 8px auto; text-align: right; display: block; clear: both;'>\n<p><a href=\"https:\/\/wa.link\/vpicfd\"><img data-recalc-dims=\"1\" class=\"wp-image-4922\" style=\"aspect-ratio: 2.0253164556962027; width: 561px; height: auto;\" src=\"https:\/\/i0.wp.com\/ismaelcolosi.com.br\/wp-content\/uploads\/2023\/11\/grupo-de-empregos-whatsapp-e-facebook-ismael-colosi-vagas.jpg?ssl=1\" alt=\"\" \/><\/a><\/p>\n<!-- \/wp:image -->\n<\/div>\n<p> <br \/>\n<\/p>\n<div itemprop=\"text\">\n<p>Um crime hediondo, a princ\u00edpio repleto de mist\u00e9rios deixou a comunidade local chocada. Os corpos do Chef de cozinha David Peregrina Cap\u00f3 e de sua esposa \u00c9rica da Silva Santos, foram encontrados crivados com balas as margens de um rio que fica na regi\u00e3o Sul da Bahia.<\/p>\n<p>David e \u00c9rica eram propriet\u00e1rios de um restaurante em uma \u00e1rea de dif\u00edcil acesso na cidade tur\u00edstica de Porto Seguro, o casal era muito conhecido na regi\u00e3o e os assassinatos deixaram a todos perplexos.<\/p>\n<p>Contudo, o que parecia ser um crime misterioso, come\u00e7ou a ser desvendado de maneira surpreendente. O chef de cozinha espanhol, cujo corpo foi descoberto nas proximidades de um rio na Bahia, havia se mudado para o Brasil para fugir da Justi\u00e7a e de uma condena\u00e7\u00e3o em sua terra natal.<\/p>\n<p>O crime aconteceu na \u00faltima sexta-feira (24), a Pol\u00edcia Civil do estado da Bahia est\u00e1 \u00e0 frente das investiga\u00e7\u00f5es. Conforme reportagem do jornal espanhol \u201cEl Mundo\u201d, h\u00e1 cerca de uma d\u00e9cada, David Peregrina, origin\u00e1rio de Mallorca, uma das ilhas mais conhecidas de Baleares, estava evitando as autoridades locais por v\u00e1rios anos.<\/p>\n<p>Essa situa\u00e7\u00e3o decorria de duas condena\u00e7\u00f5es em processos judiciais e de dois mandados de busca e deten\u00e7\u00e3o, os quais atualmente j\u00e1 expiraram devido ao decorrer do tempo.<\/p>\n<p>De acordo com fontes judiciais citadas pelo jornal espanhol, o chef foi condenado em Palma por dois processos criminais, totalizando uma pena superior a 6 anos de pris\u00e3o, pelos delitos de estafa (equivalente a estelionato no Brasil), apropria\u00e7\u00e3o ind\u00e9bita e falsifica\u00e7\u00e3o de documentos.<\/p>\n<p>Segundo informa\u00e7\u00f5es do \u201cEl Mundo\u201d, Peregrina figurava entre os 28 acusados em um esquema destinado a fraudar o banco onde desempenhava a fun\u00e7\u00e3o de diretor de sucursal.<\/p>\n<p>Esse esquema envolvia a manipula\u00e7\u00e3o de empr\u00e9stimos hipotec\u00e1rios fict\u00edcios, resultando no desvio de mais de 2 milh\u00f5es de euros (R$ 10 milh\u00f5es, na cota\u00e7\u00e3o atual) entre 2003 e 2004. O epis\u00f3dio ficou conhecido como \u201co caso das hipotecas fantasmas\u201d.<\/p>\n<\/div>\n<p><br \/>\n<br \/><a href=\"https:\/\/fnmais.com\/o-detalhe-por-tras-crime-chef-cozinha-encontrado-sem-vida-junto-com-esposa-na-bahia-era-foragido-espanha\/\">Source link <\/a><\/p>\n<!-- CONTENT END 1 -->\n","protected":false},"excerpt":{"rendered":"<p>Um crime hediondo, a princ\u00edpio repleto de mist\u00e9rios deixou a comunidade local chocada. Os corpos do Chef de cozinha David Peregrina Cap\u00f3 e de sua&#8230;<\/p>\n","protected":false},"author":1,"featured_media":7636,"comment_status":"open","ping_status":"open","sticky":false,"template":"","format":"standard","meta":{"advanced_seo_description":"","jetpack_seo_html_title":"","jetpack_seo_noindex":false,"jetpack_post_was_ever_published":false,"_jetpack_newsletter_access":"","_jetpack_dont_email_post_to_subs":false,"_jetpack_newsletter_tier_id":0,"_jetpack_memberships_contains_paywalled_content":false,"_jetpack_memberships_contains_paid_content":false,"footnotes":"","jetpack_publicize_message":"","jetpack_publicize_feature_enabled":true,"jetpack_social_post_already_shared":true,"jetpack_social_options":{"image_generator_settings":{"template":"highway","default_image_id":0,"font":"","enabled":false},"version":2}},"categories":[1],"tags":[],"class_list":["post-7635","post","type-post","status-publish","format-standard","has-post-thumbnail","hentry","category-blog"],"jetpack_publicize_connections":[],"jetpack_featured_media_url":"https:\/\/i0.wp.com\/noticiasribeiraopreto.com.br\/wp-content\/uploads\/2023\/11\/postimg-65662b656a7834664.jpg?fit=1200%2C628&ssl=1","jetpack-related-posts":[{"id":6339,"url":"https:\/\/noticiasribeiraopreto.com.br\/index.php\/2023\/11\/25\/quem-eram-os-donos-de-restaurante-paradisiaco-na-ba-que-foram-encontrados-sem-vida\/","url_meta":{"origin":7635,"position":0},"title":"Quem eram os donos de restaurante paradis\u00edaco na BA que foram encontrados sem vida","author":"noticiasribeiraopreto.com.br","date":"25 de November de 2023","format":false,"excerpt":"A Pol\u00edcia Civil da Bahia est\u00e1 investigando a morte de um casal dono de um restaurante, na regi\u00e3o de Porto Seguro. Ambos foram encontrados com v\u00e1rias marcas de tiros espalhados pelo corpo, nas margens de um rio.As v\u00edtimas foram identificadas como o chefe espanhol, David Pegrina Cap\u00f3, de 53 anos\u2026","rel":"","context":"In &quot;Blog&quot;","block_context":{"text":"Blog","link":"https:\/\/noticiasribeiraopreto.com.br\/index.php\/category\/blog\/"},"img":{"alt_text":"","src":"https:\/\/i0.wp.com\/noticiasribeiraopreto.com.br\/wp-content\/uploads\/2023\/11\/postimg-6562383aaa5ca8011.jpg?fit=1200%2C628&ssl=1&resize=350%2C200","width":350,"height":200,"srcset":"https:\/\/i0.wp.com\/noticiasribeiraopreto.com.br\/wp-content\/uploads\/2023\/11\/postimg-6562383aaa5ca8011.jpg?fit=1200%2C628&ssl=1&resize=350%2C200 1x, https:\/\/i0.wp.com\/noticiasribeiraopreto.com.br\/wp-content\/uploads\/2023\/11\/postimg-6562383aaa5ca8011.jpg?fit=1200%2C628&ssl=1&resize=525%2C300 1.5x, https:\/\/i0.wp.com\/noticiasribeiraopreto.com.br\/wp-content\/uploads\/2023\/11\/postimg-6562383aaa5ca8011.jpg?fit=1200%2C628&ssl=1&resize=700%2C400 2x, https:\/\/i0.wp.com\/noticiasribeiraopreto.com.br\/wp-content\/uploads\/2023\/11\/postimg-6562383aaa5ca8011.jpg?fit=1200%2C628&ssl=1&resize=1050%2C600 3x"},"classes":[]},{"id":21310,"url":"https:\/\/noticiasribeiraopreto.com.br\/index.php\/2023\/12\/27\/pai-e-preso-suspeito-de-tirar-a-vida-da-esposa-e-dos-quatro-filhos-de-forma-cruel-no-dia-de-natal\/","url_meta":{"origin":7635,"position":1},"title":"Pai \u00e9 preso suspeito de tirar a vida da esposa e dos quatro filhos de forma cruel no dia de Natal","author":"noticiasribeiraopreto.com.br","date":"27 de December de 2023","format":false,"excerpt":"Um indiv\u00edduo de 33 anos, apontado como autor do assassinato de sua esposa e dos quatro filhos na noite de segunda-feira (25) em sua resid\u00eancia em Meaux, foi capturado na ter\u00e7a-feira (26) em Sevran.A casa da fam\u00edlia fica localizada no departamento de Seine-et-Marne, a cerca de 50 km a oeste\u2026","rel":"","context":"In &quot;Blog&quot;","block_context":{"text":"Blog","link":"https:\/\/noticiasribeiraopreto.com.br\/index.php\/category\/blog\/"},"img":{"alt_text":"","src":"https:\/\/i0.wp.com\/noticiasribeiraopreto.com.br\/wp-content\/uploads\/2023\/12\/postimg-658c60a33f2008668.jpg?fit=1200%2C628&ssl=1&resize=350%2C200","width":350,"height":200,"srcset":"https:\/\/i0.wp.com\/noticiasribeiraopreto.com.br\/wp-content\/uploads\/2023\/12\/postimg-658c60a33f2008668.jpg?fit=1200%2C628&ssl=1&resize=350%2C200 1x, https:\/\/i0.wp.com\/noticiasribeiraopreto.com.br\/wp-content\/uploads\/2023\/12\/postimg-658c60a33f2008668.jpg?fit=1200%2C628&ssl=1&resize=525%2C300 1.5x, https:\/\/i0.wp.com\/noticiasribeiraopreto.com.br\/wp-content\/uploads\/2023\/12\/postimg-658c60a33f2008668.jpg?fit=1200%2C628&ssl=1&resize=700%2C400 2x, https:\/\/i0.wp.com\/noticiasribeiraopreto.com.br\/wp-content\/uploads\/2023\/12\/postimg-658c60a33f2008668.jpg?fit=1200%2C628&ssl=1&resize=1050%2C600 3x"},"classes":[]},{"id":71660,"url":"https:\/\/noticiasribeiraopreto.com.br\/index.php\/2025\/06\/08\/corpo-de-adolescente-encontrado-as-margens-do-rio-pardo-e-sepultado-em-pontal-familia-pede-por-justica\/","url_meta":{"origin":7635,"position":2},"title":"Corpo de adolescente encontrado \u00e0s margens do rio Pardo \u00e9 sepultado em Pontal; fam\u00edlia pede por justi\u00e7a","author":"noticiasribeiraopreto.com.br","date":"8 de June de 2025","format":false,"excerpt":"Foi sepultado neste domingo (8) o corpo do adolescente Alex Gabriel Santos, de 16 anos, no cemit\u00e9rio de Pontal, na regi\u00e3o de Ribeir\u00e3o Preto. O corpo do jovem foi encontrado \u00e0s margens do rio Pardo, no \u00faltimo s\u00e1bado (7). Os quatro suspeitos de envolvimento no crime foram presos. O corpo\u2026","rel":"","context":"In &quot;Not\u00edcias de Ribeir\u00e3o Preto-SP e Regi\u00e3o&quot;","block_context":{"text":"Not\u00edcias de Ribeir\u00e3o Preto-SP e Regi\u00e3o","link":"https:\/\/noticiasribeiraopreto.com.br\/index.php\/category\/noticias-de-ribeirao-preto-sp-e-regiao-ismael-colosi\/"},"img":{"alt_text":"","src":"https:\/\/i0.wp.com\/noticiasribeiraopreto.com.br\/wp-content\/uploads\/2025\/06\/cemiterio-pontal_2025-06-08_18-35-02.webp.webp?fit=1200%2C769&ssl=1&resize=350%2C200","width":350,"height":200,"srcset":"https:\/\/i0.wp.com\/noticiasribeiraopreto.com.br\/wp-content\/uploads\/2025\/06\/cemiterio-pontal_2025-06-08_18-35-02.webp.webp?fit=1200%2C769&ssl=1&resize=350%2C200 1x, https:\/\/i0.wp.com\/noticiasribeiraopreto.com.br\/wp-content\/uploads\/2025\/06\/cemiterio-pontal_2025-06-08_18-35-02.webp.webp?fit=1200%2C769&ssl=1&resize=525%2C300 1.5x, https:\/\/i0.wp.com\/noticiasribeiraopreto.com.br\/wp-content\/uploads\/2025\/06\/cemiterio-pontal_2025-06-08_18-35-02.webp.webp?fit=1200%2C769&ssl=1&resize=700%2C400 2x, https:\/\/i0.wp.com\/noticiasribeiraopreto.com.br\/wp-content\/uploads\/2025\/06\/cemiterio-pontal_2025-06-08_18-35-02.webp.webp?fit=1200%2C769&ssl=1&resize=1050%2C600 3x"},"classes":[]},{"id":13681,"url":"https:\/\/noticiasribeiraopreto.com.br\/index.php\/2023\/12\/10\/corpo-da-menina-e-encontrado-e-policia-pega-o-suspeito-um-primo-da-vitima\/","url_meta":{"origin":7635,"position":3},"title":"corpo da menina \u00e9 encontrado e pol\u00edcia pega o suspeito, um primo da v\u00edtima","author":"noticiasribeiraopreto.com.br","date":"10 de December de 2023","format":false,"excerpt":"Neste domingo (10\/12), um homem foi detido pelas autoridades sob acusa\u00e7\u00e3o de ter cometido crime contra a menina Kemilly Hadassa Silva. A menina havia sido dada como desaparecida pela fam\u00edlia recentemente, mas seu corpo foi encontrado sem vida ap\u00f3s a pol\u00edcia receber informa\u00e7\u00f5es sobre a localiza\u00e7\u00e3o.O suspeito foi preso em\u2026","rel":"","context":"In &quot;Blog&quot;","block_context":{"text":"Blog","link":"https:\/\/noticiasribeiraopreto.com.br\/index.php\/category\/blog\/"},"img":{"alt_text":"","src":"https:\/\/i0.wp.com\/noticiasribeiraopreto.com.br\/wp-content\/uploads\/2023\/12\/postimg-6576740dd56ce2114.jpg?fit=1200%2C638&ssl=1&resize=350%2C200","width":350,"height":200,"srcset":"https:\/\/i0.wp.com\/noticiasribeiraopreto.com.br\/wp-content\/uploads\/2023\/12\/postimg-6576740dd56ce2114.jpg?fit=1200%2C638&ssl=1&resize=350%2C200 1x, https:\/\/i0.wp.com\/noticiasribeiraopreto.com.br\/wp-content\/uploads\/2023\/12\/postimg-6576740dd56ce2114.jpg?fit=1200%2C638&ssl=1&resize=525%2C300 1.5x, https:\/\/i0.wp.com\/noticiasribeiraopreto.com.br\/wp-content\/uploads\/2023\/12\/postimg-6576740dd56ce2114.jpg?fit=1200%2C638&ssl=1&resize=700%2C400 2x, https:\/\/i0.wp.com\/noticiasribeiraopreto.com.br\/wp-content\/uploads\/2023\/12\/postimg-6576740dd56ce2114.jpg?fit=1200%2C638&ssl=1&resize=1050%2C600 3x"},"classes":[]},{"id":28680,"url":"https:\/\/noticiasribeiraopreto.com.br\/index.php\/2024\/01\/16\/quem-e-o-medico-encontrado-em-obito-dentro-de-hospital-ha-suspeita-que-ele-tenha-atentado-contra-a-propria-vida\/","url_meta":{"origin":7635,"position":4},"title":"Quem \u00e9 o m\u00e9dico encontrado em \u00f3bito dentro de hospital, h\u00e1 suspeita que ele tenha atentado contra a pr\u00f3pria vida","author":"noticiasribeiraopreto.com.br","date":"16 de January de 2024","format":false,"excerpt":"Na manh\u00e3 desta segunda-feira (15), foi localizado sem vida, em uma unidade hospitalar, em Natal, capital do Rio Grande do Norte, o corpo de Igor de Oliveira Sim\u00f5es, m\u00e9dico de 30 anos.Igor n\u00e3o fazia parte do corpo de funcion\u00e1rios da SSP do Rio Grande do Norte, mas atuava atrav\u00e9s de\u2026","rel":"","context":"In &quot;Blog&quot;","block_context":{"text":"Blog","link":"https:\/\/noticiasribeiraopreto.com.br\/index.php\/category\/blog\/"},"img":{"alt_text":"","src":"https:\/\/i0.wp.com\/noticiasribeiraopreto.com.br\/wp-content\/uploads\/2024\/01\/postimg-65a69dcc6335a7904.jpg?fit=1200%2C628&ssl=1&resize=350%2C200","width":350,"height":200,"srcset":"https:\/\/i0.wp.com\/noticiasribeiraopreto.com.br\/wp-content\/uploads\/2024\/01\/postimg-65a69dcc6335a7904.jpg?fit=1200%2C628&ssl=1&resize=350%2C200 1x, https:\/\/i0.wp.com\/noticiasribeiraopreto.com.br\/wp-content\/uploads\/2024\/01\/postimg-65a69dcc6335a7904.jpg?fit=1200%2C628&ssl=1&resize=525%2C300 1.5x, https:\/\/i0.wp.com\/noticiasribeiraopreto.com.br\/wp-content\/uploads\/2024\/01\/postimg-65a69dcc6335a7904.jpg?fit=1200%2C628&ssl=1&resize=700%2C400 2x, https:\/\/i0.wp.com\/noticiasribeiraopreto.com.br\/wp-content\/uploads\/2024\/01\/postimg-65a69dcc6335a7904.jpg?fit=1200%2C628&ssl=1&resize=1050%2C600 3x"},"classes":[]},{"id":6435,"url":"https:\/\/noticiasribeiraopreto.com.br\/index.php\/2023\/11\/25\/dentista-e-encontrado-sem-vida-dentro-de-apartamento-em-condominio-de-luxo-na-ba-caso-e-misterio\/","url_meta":{"origin":7635,"position":5},"title":"Dentista \u00e9 encontrado sem vida dentro de apartamento em condom\u00ednio de luxo na BA; caso \u00e9 mist\u00e9rio","author":"noticiasribeiraopreto.com.br","date":"25 de November de 2023","format":false,"excerpt":"Neste \u00faltimo s\u00e1bado, dia 25 de novembro, chegou a ser divulgado atrav\u00e9s de diversos canais de comunica\u00e7\u00e3o que um dentista de 36 anos foi encontrado morto dentro de seu pr\u00f3prio apartamento, localizado em um condom\u00ednio de luxo, em Salvador, na Bahia.A v\u00edtima foi identificada pelo nome de Lucas Maia de\u2026","rel":"","context":"In &quot;Blog&quot;","block_context":{"text":"Blog","link":"https:\/\/noticiasribeiraopreto.com.br\/index.php\/category\/blog\/"},"img":{"alt_text":"","src":"https:\/\/i0.wp.com\/noticiasribeiraopreto.com.br\/wp-content\/uploads\/2023\/11\/postimg-656282527801f9681.jpg?fit=1200%2C628&ssl=1&resize=350%2C200","width":350,"height":200,"srcset":"https:\/\/i0.wp.com\/noticiasribeiraopreto.com.br\/wp-content\/uploads\/2023\/11\/postimg-656282527801f9681.jpg?fit=1200%2C628&ssl=1&resize=350%2C200 1x, https:\/\/i0.wp.com\/noticiasribeiraopreto.com.br\/wp-content\/uploads\/2023\/11\/postimg-656282527801f9681.jpg?fit=1200%2C628&ssl=1&resize=525%2C300 1.5x, https:\/\/i0.wp.com\/noticiasribeiraopreto.com.br\/wp-content\/uploads\/2023\/11\/postimg-656282527801f9681.jpg?fit=1200%2C628&ssl=1&resize=700%2C400 2x, https:\/\/i0.wp.com\/noticiasribeiraopreto.com.br\/wp-content\/uploads\/2023\/11\/postimg-656282527801f9681.jpg?fit=1200%2C628&ssl=1&resize=1050%2C600 3x"},"classes":[]}],"jetpack_sharing_enabled":true,"jetpack_shortlink":"https:\/\/wp.me\/peQAOb-1Z9","_links":{"self":[{"href":"https:\/\/noticiasribeiraopreto.com.br\/index.php\/wp-json\/wp\/v2\/posts\/7635","targetHints":{"allow":["GET"]}}],"collection":[{"href":"https:\/\/noticiasribeiraopreto.com.br\/index.php\/wp-json\/wp\/v2\/posts"}],"about":[{"href":"https:\/\/noticiasribeiraopreto.com.br\/index.php\/wp-json\/wp\/v2\/types\/post"}],"author":[{"embeddable":true,"href":"https:\/\/noticiasribeiraopreto.com.br\/index.php\/wp-json\/wp\/v2\/users\/1"}],"replies":[{"embeddable":true,"href":"https:\/\/noticiasribeiraopreto.com.br\/index.php\/wp-json\/wp\/v2\/comments?post=7635"}],"version-history":[{"count":0,"href":"https:\/\/noticiasribeiraopreto.com.br\/index.php\/wp-json\/wp\/v2\/posts\/7635\/revisions"}],"wp:featuredmedia":[{"embeddable":true,"href":"https:\/\/noticiasribeiraopreto.com.br\/index.php\/wp-json\/wp\/v2\/media\/7636"}],"wp:attachment":[{"href":"https:\/\/noticiasribeiraopreto.com.br\/index.php\/wp-json\/wp\/v2\/media?parent=7635"}],"wp:term":[{"taxonomy":"category","embeddable":true,"href":"https:\/\/noticiasribeiraopreto.com.br\/index.php\/wp-json\/wp\/v2\/categories?post=7635"},{"taxonomy":"post_tag","embeddable":true,"href":"https:\/\/noticiasribeiraopreto.com.br\/index.php\/wp-json\/wp\/v2\/tags?post=7635"}],"curies":[{"name":"wp","href":"https:\/\/api.w.org\/{rel}","templated":true}]}}