{"id":7641,"date":"2023-11-28T15:28:21","date_gmt":"2023-11-28T18:28:21","guid":{"rendered":"https:\/\/noticiasribeiraopreto.com.br\/index.php\/2023\/11\/28\/mc-mirella-fala-sobre-relacao-da-carreira-no-onlyfans-com-a-maternidade\/"},"modified":"2023-11-28T15:28:21","modified_gmt":"2023-11-28T18:28:21","slug":"mc-mirella-fala-sobre-relacao-da-carreira-no-onlyfans-com-a-maternidade","status":"publish","type":"post","link":"https:\/\/noticiasribeiraopreto.com.br\/index.php\/2023\/11\/28\/mc-mirella-fala-sobre-relacao-da-carreira-no-onlyfans-com-a-maternidade\/","title":{"rendered":"MC Mirella fala sobre rela\u00e7\u00e3o da carreira no OnlyFans com a maternidade"},"content":{"rendered":"<div class='code-block code-block-1' style='margin: 8px 0 8px auto; text-align: right; display: block; clear: both;'>\n<p><a href=\"https:\/\/wa.link\/vpicfd\"><img data-recalc-dims=\"1\" class=\"wp-image-4922\" style=\"aspect-ratio: 2.0253164556962027; width: 561px; height: auto;\" src=\"https:\/\/i0.wp.com\/ismaelcolosi.com.br\/wp-content\/uploads\/2023\/11\/grupo-de-empregos-whatsapp-e-facebook-ismael-colosi-vagas.jpg?ssl=1\" alt=\"\" \/><\/a><\/p>\n<!-- \/wp:image -->\n<\/div>\n<p> <br \/>\n<\/p>\n<div itemprop=\"text\">\n<p>A famosa \u2018 caixinhas de perguntas \u2018 d\u00e1 a possibilidade do seguidor perguntar diretamente ao famoso algo que sempre quis saber pra obter resposta. Acontece, que \u00e0s vezes, a pergunta n\u00e3o \u00e9 muito bem recebida e a resposta vem de uma maneira n\u00e3o muito esperada.<\/p>\n<p>A cantora MC Mirella estava interagindo com os seguidores atrav\u00e9s da caixinha quando foi surpreendida com uma pergunta que deixou a cantora irrita para responder.<\/p>\n<p>Um seguidor questionou a m\u00e3e de Serena sobre ser um exemplo para a filha. Ele relacionou o fato a MC ser criadora de conte\u00fado para uma plataforma de conte\u00fado adulto.<\/p>\n<p><strong>\u201cO que essa p*rra tem a ver com voc\u00eas? Voc\u00eas s\u00e3o t\u00e3o preconceituosos. Sempre mantive minha postura. Ningu\u00e9m nunca me desrespeitou. At\u00e9 parece que isso \u00e9 cometer um crime. Cara, evoluam\u2026 coisa chata ficar julgando a pessoa\u201d<\/strong>, declarou.<\/p>\n<p>Ela continuou afirmando que que ela ser\u00e1 o melhor exemplo que a filha ter\u00e1 e que por mais que n\u00e3o vejam o valor dela, ela mesmo enxerga isso e se acha \u2018 Muito f*oda\u2019.<\/p>\n<p>A cantora est\u00e1 esperando a primeira filha, fruto de seu relacionamento com o cantor e dan\u00e7arino Dynho Alves, ex participante que rendeu pol\u00eamica e dividiu opini\u00f5es em A Fazenda.<\/p>\n<p>Na edi\u00e7\u00e3o, o dan\u00e7arino era amigo muito pr\u00f3ximo da influenciadora digital Sthefane Mattos. A proximidade dos dois come\u00e7ou a levantar suspeitas de que os dois estariam vivendo um tipo de romance, mesmo ambos estando comprometidos na \u00e9poca.<\/p>\n<p>Alguns v\u00eddeos circularam na internet com registros de momentos dos dois. Ela terminou seu antigo relacionamento e Mirella chegou a terminar com Dynho, mas reataram.<\/p>\n<\/div>\n<p><br \/>\n<br \/><a href=\"https:\/\/fnmais.com\/mc-mirella-fala-sobre-relacao-carreira-no-onlyfans-com-maternidade\/\">Source link <\/a><\/p>\n<!-- CONTENT END 1 -->\n","protected":false},"excerpt":{"rendered":"<p>A famosa \u2018 caixinhas de perguntas \u2018 d\u00e1 a possibilidade do seguidor perguntar diretamente ao famoso algo que sempre quis saber pra obter resposta. Acontece,&#8230;<\/p>\n","protected":false},"author":1,"featured_media":7642,"comment_status":"open","ping_status":"open","sticky":false,"template":"","format":"standard","meta":{"advanced_seo_description":"","jetpack_seo_html_title":"","jetpack_seo_noindex":false,"jetpack_post_was_ever_published":false,"_jetpack_newsletter_access":"","_jetpack_dont_email_post_to_subs":false,"_jetpack_newsletter_tier_id":0,"_jetpack_memberships_contains_paywalled_content":false,"_jetpack_memberships_contains_paid_content":false,"footnotes":"","jetpack_publicize_message":"","jetpack_publicize_feature_enabled":true,"jetpack_social_post_already_shared":true,"jetpack_social_options":{"image_generator_settings":{"template":"highway","default_image_id":0,"font":"","enabled":false},"version":2}},"categories":[1],"tags":[],"class_list":["post-7641","post","type-post","status-publish","format-standard","has-post-thumbnail","hentry","category-blog"],"jetpack_publicize_connections":[],"jetpack_featured_media_url":"https:\/\/i0.wp.com\/noticiasribeiraopreto.com.br\/wp-content\/uploads\/2023\/11\/postimg-656629e3bfaba4888.jpg?fit=1200%2C628&ssl=1","jetpack-related-posts":[{"id":16428,"url":"https:\/\/noticiasribeiraopreto.com.br\/index.php\/2023\/12\/15\/monique-evans-abre-o-jogo-sobre-como-se-descobriu-bissexual-senti-algo-estranho\/","url_meta":{"origin":7641,"position":0},"title":"Monique Evans abre o jogo sobre como se descobriu bissexual: &#8216;Senti algo estranho&#8217;","author":"noticiasribeiraopreto.com.br","date":"15 de December de 2023","format":false,"excerpt":"Apaixonada, a ex modelo Monique Evans, de 67 anos, quando perguntada por um seguidor, abriu o jogo sobre sexualidade e contou sobre como se descobriu bissexual.\u201cNo dia que eu conheci a Cac\u00e1 senti, algo estranho. E a partir da\u00ed, comecei a pensar muito nela. Me perguntei se estava \u2018ensapatando\u2019. Tinha\u2026","rel":"","context":"In &quot;Blog&quot;","block_context":{"text":"Blog","link":"https:\/\/noticiasribeiraopreto.com.br\/index.php\/category\/blog\/"},"img":{"alt_text":"","src":"https:\/\/i0.wp.com\/noticiasribeiraopreto.com.br\/wp-content\/uploads\/2023\/12\/postimg-657c667380dbf2031.jpg?fit=1200%2C628&ssl=1&resize=350%2C200","width":350,"height":200,"srcset":"https:\/\/i0.wp.com\/noticiasribeiraopreto.com.br\/wp-content\/uploads\/2023\/12\/postimg-657c667380dbf2031.jpg?fit=1200%2C628&ssl=1&resize=350%2C200 1x, https:\/\/i0.wp.com\/noticiasribeiraopreto.com.br\/wp-content\/uploads\/2023\/12\/postimg-657c667380dbf2031.jpg?fit=1200%2C628&ssl=1&resize=525%2C300 1.5x, https:\/\/i0.wp.com\/noticiasribeiraopreto.com.br\/wp-content\/uploads\/2023\/12\/postimg-657c667380dbf2031.jpg?fit=1200%2C628&ssl=1&resize=700%2C400 2x, https:\/\/i0.wp.com\/noticiasribeiraopreto.com.br\/wp-content\/uploads\/2023\/12\/postimg-657c667380dbf2031.jpg?fit=1200%2C628&ssl=1&resize=1050%2C600 3x"},"classes":[]},{"id":40972,"url":"https:\/\/noticiasribeiraopreto.com.br\/index.php\/2024\/03\/06\/como-voce-se-ve-daqui-a-5-anos-7-dicas-para-responder\/","url_meta":{"origin":7641,"position":1},"title":"Como voc\u00ea se v\u00ea daqui a 5 anos: 7 dicas para responder","author":"noticiasribeiraopreto.com.br","date":"6 de March de 2024","format":false,"excerpt":"Voc\u00ea j\u00e1 participou de uma entrevista de emprego e recebeu a seguinte pergunta do recrutador: \u201ccomo voc\u00ea se v\u00ea daqui a 5 anos?\u201d O processo seletivo para entrar em uma nova vaga de emprego nem sempre \u00e9 algo f\u00e1cil, afinal, s\u00e3o feitas diversas perguntas, testes e din\u00e2micas para entender se\u2026","rel":"","context":"In &quot;Blog&quot;","block_context":{"text":"Blog","link":"https:\/\/noticiasribeiraopreto.com.br\/index.php\/category\/blog\/"},"img":{"alt_text":"","src":"https:\/\/i0.wp.com\/noticiasribeiraopreto.com.br\/wp-content\/uploads\/2024\/03\/como-voce-se-ve-daqui-a-5-anos.jpg?fit=1200%2C675&ssl=1&resize=350%2C200","width":350,"height":200,"srcset":"https:\/\/i0.wp.com\/noticiasribeiraopreto.com.br\/wp-content\/uploads\/2024\/03\/como-voce-se-ve-daqui-a-5-anos.jpg?fit=1200%2C675&ssl=1&resize=350%2C200 1x, https:\/\/i0.wp.com\/noticiasribeiraopreto.com.br\/wp-content\/uploads\/2024\/03\/como-voce-se-ve-daqui-a-5-anos.jpg?fit=1200%2C675&ssl=1&resize=525%2C300 1.5x, https:\/\/i0.wp.com\/noticiasribeiraopreto.com.br\/wp-content\/uploads\/2024\/03\/como-voce-se-ve-daqui-a-5-anos.jpg?fit=1200%2C675&ssl=1&resize=700%2C400 2x, https:\/\/i0.wp.com\/noticiasribeiraopreto.com.br\/wp-content\/uploads\/2024\/03\/como-voce-se-ve-daqui-a-5-anos.jpg?fit=1200%2C675&ssl=1&resize=1050%2C600 3x"},"classes":[]},{"id":16653,"url":"https:\/\/noticiasribeiraopreto.com.br\/index.php\/2023\/12\/16\/a-vida-dele-e-farra\/","url_meta":{"origin":7641,"position":2},"title":"&#8216;a vida dele \u00e9 farra&#8217;","author":"noticiasribeiraopreto.com.br","date":"16 de December de 2023","format":false,"excerpt":"Mc Loma se tornou muito famosa ap\u00f3s fazer m\u00fasica com as amigas, se tornando \u201cMc Loma e as G\u00eameas Lacra\u00e7\u00e3o\u201d. Depois disso, o trio passou a se dedicar como influenciadoras digitais.Embora ainda continuem muito pr\u00f3ximas, as tr\u00eas n\u00e3o vivem mais o mesmo momento de quando era mais novas. Loma se\u2026","rel":"","context":"In &quot;Blog&quot;","block_context":{"text":"Blog","link":"https:\/\/noticiasribeiraopreto.com.br\/index.php\/category\/blog\/"},"img":{"alt_text":"","src":"https:\/\/i0.wp.com\/noticiasribeiraopreto.com.br\/wp-content\/uploads\/2023\/12\/postimg-657d204f15dce4132.jpg?fit=1200%2C628&ssl=1&resize=350%2C200","width":350,"height":200,"srcset":"https:\/\/i0.wp.com\/noticiasribeiraopreto.com.br\/wp-content\/uploads\/2023\/12\/postimg-657d204f15dce4132.jpg?fit=1200%2C628&ssl=1&resize=350%2C200 1x, https:\/\/i0.wp.com\/noticiasribeiraopreto.com.br\/wp-content\/uploads\/2023\/12\/postimg-657d204f15dce4132.jpg?fit=1200%2C628&ssl=1&resize=525%2C300 1.5x, https:\/\/i0.wp.com\/noticiasribeiraopreto.com.br\/wp-content\/uploads\/2023\/12\/postimg-657d204f15dce4132.jpg?fit=1200%2C628&ssl=1&resize=700%2C400 2x, https:\/\/i0.wp.com\/noticiasribeiraopreto.com.br\/wp-content\/uploads\/2023\/12\/postimg-657d204f15dce4132.jpg?fit=1200%2C628&ssl=1&resize=1050%2C600 3x"},"classes":[]},{"id":7721,"url":"https:\/\/noticiasribeiraopreto.com.br\/index.php\/2023\/11\/28\/melody-detona-luisa-sonza-apos-deboche-feito-pela-cantora-com-seu-nome\/","url_meta":{"origin":7641,"position":3},"title":"Melody detona Lu\u00edsa Sonza ap\u00f3s &#8216;deboche&#8217; feito pela cantora com seu nome","author":"noticiasribeiraopreto.com.br","date":"28 de November de 2023","format":false,"excerpt":"N\u00e3o \u00e9 atoa que a apresentadora, personagem de Bruno Matos, Blogueirinha, est\u00e1 entre um dos nomes da emissora de Silvio Santos. A cada programa, a personagem traz uma pol\u00eamica.A convidada da vez foi Lu\u00edsa Sonza. Em uma das din\u00e2micas do programa, a apresentadora faz um jogo de perguntas e respostas\u2026","rel":"","context":"In &quot;Blog&quot;","block_context":{"text":"Blog","link":"https:\/\/noticiasribeiraopreto.com.br\/index.php\/category\/blog\/"},"img":{"alt_text":"","src":"https:\/\/i0.wp.com\/noticiasribeiraopreto.com.br\/wp-content\/uploads\/2023\/11\/postimg-6566398bee3ff3926.jpg?fit=1200%2C628&ssl=1&resize=350%2C200","width":350,"height":200,"srcset":"https:\/\/i0.wp.com\/noticiasribeiraopreto.com.br\/wp-content\/uploads\/2023\/11\/postimg-6566398bee3ff3926.jpg?fit=1200%2C628&ssl=1&resize=350%2C200 1x, https:\/\/i0.wp.com\/noticiasribeiraopreto.com.br\/wp-content\/uploads\/2023\/11\/postimg-6566398bee3ff3926.jpg?fit=1200%2C628&ssl=1&resize=525%2C300 1.5x, https:\/\/i0.wp.com\/noticiasribeiraopreto.com.br\/wp-content\/uploads\/2023\/11\/postimg-6566398bee3ff3926.jpg?fit=1200%2C628&ssl=1&resize=700%2C400 2x, https:\/\/i0.wp.com\/noticiasribeiraopreto.com.br\/wp-content\/uploads\/2023\/11\/postimg-6566398bee3ff3926.jpg?fit=1200%2C628&ssl=1&resize=1050%2C600 3x"},"classes":[]},{"id":37154,"url":"https:\/\/noticiasribeiraopreto.com.br\/index.php\/2024\/02\/14\/o-que-responder-em-uma-entrevista-de-emprego-sobre-o-futuro\/","url_meta":{"origin":7641,"position":4},"title":"O que responder em uma entrevista de emprego sobre o futuro","author":"noticiasribeiraopreto.com.br","date":"14 de February de 2024","format":false,"excerpt":"O que responder em uma entrevista de emprego? Essa d\u00favida \u00e9 muito comum a quem participa de processos seletivos. Afinal, existem diversas perguntas para as quais, se voc\u00ea n\u00e3o estiver preparado, n\u00e3o conseguir\u00e1 se destacar e conquistar a t\u00e3o sonhada vaga. Um dos questionamentos cruciais da entrevista \u00e9 a famosa:\u2026","rel":"","context":"In &quot;Blog&quot;","block_context":{"text":"Blog","link":"https:\/\/noticiasribeiraopreto.com.br\/index.php\/category\/blog\/"},"img":{"alt_text":"","src":"https:\/\/i0.wp.com\/noticiasribeiraopreto.com.br\/wp-content\/uploads\/2024\/02\/o-que-responder-em-uma-entrevista-de-emprego.jpg?fit=1200%2C675&ssl=1&resize=350%2C200","width":350,"height":200,"srcset":"https:\/\/i0.wp.com\/noticiasribeiraopreto.com.br\/wp-content\/uploads\/2024\/02\/o-que-responder-em-uma-entrevista-de-emprego.jpg?fit=1200%2C675&ssl=1&resize=350%2C200 1x, https:\/\/i0.wp.com\/noticiasribeiraopreto.com.br\/wp-content\/uploads\/2024\/02\/o-que-responder-em-uma-entrevista-de-emprego.jpg?fit=1200%2C675&ssl=1&resize=525%2C300 1.5x, https:\/\/i0.wp.com\/noticiasribeiraopreto.com.br\/wp-content\/uploads\/2024\/02\/o-que-responder-em-uma-entrevista-de-emprego.jpg?fit=1200%2C675&ssl=1&resize=700%2C400 2x, https:\/\/i0.wp.com\/noticiasribeiraopreto.com.br\/wp-content\/uploads\/2024\/02\/o-que-responder-em-uma-entrevista-de-emprego.jpg?fit=1200%2C675&ssl=1&resize=1050%2C600 3x"},"classes":[]},{"id":49966,"url":"https:\/\/noticiasribeiraopreto.com.br\/index.php\/2024\/05\/14\/reportagem-especial-anitta-e-a-fe-no-candomble-uma-jornada-de-coragem-e-autenticidade\/","url_meta":{"origin":7641,"position":5},"title":"Reportagem Especial: Anitta e a F\u00e9 no Candombl\u00e9 &#8211; Uma Jornada de Coragem e Autenticidade","author":"noticiasribeiraopreto.com.br","date":"14 de May de 2024","format":false,"excerpt":"Reportagem Especial: Anitta e a F\u00e9 no Candombl\u00e9 \u2013 Uma Jornada de Coragem e AutenticidadeEm um mundo onde as redes sociais s\u00e3o um reflexo do sucesso e popularidade, a cantora Anitta tomou uma posi\u00e7\u00e3o corajosa que resultou em uma perda significativa de seguidores. Recentemente, Anitta compartilhou imagens de seu novo\u2026","rel":"","context":"In &quot;Not\u00edcias de Ribeir\u00e3o Preto-SP e Regi\u00e3o&quot;","block_context":{"text":"Not\u00edcias de Ribeir\u00e3o Preto-SP e Regi\u00e3o","link":"https:\/\/noticiasribeiraopreto.com.br\/index.php\/category\/noticias-de-ribeirao-preto-sp-e-regiao-ismael-colosi\/"},"img":{"alt_text":"","src":"https:\/\/i0.wp.com\/noticiasribeiraopreto.com.br\/wp-content\/uploads\/2024\/05\/GNdyS54W4AArMkX.jpeg?fit=1157%2C735&ssl=1&resize=350%2C200","width":350,"height":200,"srcset":"https:\/\/i0.wp.com\/noticiasribeiraopreto.com.br\/wp-content\/uploads\/2024\/05\/GNdyS54W4AArMkX.jpeg?fit=1157%2C735&ssl=1&resize=350%2C200 1x, https:\/\/i0.wp.com\/noticiasribeiraopreto.com.br\/wp-content\/uploads\/2024\/05\/GNdyS54W4AArMkX.jpeg?fit=1157%2C735&ssl=1&resize=525%2C300 1.5x, https:\/\/i0.wp.com\/noticiasribeiraopreto.com.br\/wp-content\/uploads\/2024\/05\/GNdyS54W4AArMkX.jpeg?fit=1157%2C735&ssl=1&resize=700%2C400 2x, https:\/\/i0.wp.com\/noticiasribeiraopreto.com.br\/wp-content\/uploads\/2024\/05\/GNdyS54W4AArMkX.jpeg?fit=1157%2C735&ssl=1&resize=1050%2C600 3x"},"classes":[]}],"jetpack_sharing_enabled":true,"jetpack_shortlink":"https:\/\/wp.me\/peQAOb-1Zf","_links":{"self":[{"href":"https:\/\/noticiasribeiraopreto.com.br\/index.php\/wp-json\/wp\/v2\/posts\/7641","targetHints":{"allow":["GET"]}}],"collection":[{"href":"https:\/\/noticiasribeiraopreto.com.br\/index.php\/wp-json\/wp\/v2\/posts"}],"about":[{"href":"https:\/\/noticiasribeiraopreto.com.br\/index.php\/wp-json\/wp\/v2\/types\/post"}],"author":[{"embeddable":true,"href":"https:\/\/noticiasribeiraopreto.com.br\/index.php\/wp-json\/wp\/v2\/users\/1"}],"replies":[{"embeddable":true,"href":"https:\/\/noticiasribeiraopreto.com.br\/index.php\/wp-json\/wp\/v2\/comments?post=7641"}],"version-history":[{"count":0,"href":"https:\/\/noticiasribeiraopreto.com.br\/index.php\/wp-json\/wp\/v2\/posts\/7641\/revisions"}],"wp:featuredmedia":[{"embeddable":true,"href":"https:\/\/noticiasribeiraopreto.com.br\/index.php\/wp-json\/wp\/v2\/media\/7642"}],"wp:attachment":[{"href":"https:\/\/noticiasribeiraopreto.com.br\/index.php\/wp-json\/wp\/v2\/media?parent=7641"}],"wp:term":[{"taxonomy":"category","embeddable":true,"href":"https:\/\/noticiasribeiraopreto.com.br\/index.php\/wp-json\/wp\/v2\/categories?post=7641"},{"taxonomy":"post_tag","embeddable":true,"href":"https:\/\/noticiasribeiraopreto.com.br\/index.php\/wp-json\/wp\/v2\/tags?post=7641"}],"curies":[{"name":"wp","href":"https:\/\/api.w.org\/{rel}","templated":true}]}}