{"id":7647,"date":"2023-11-28T15:40:12","date_gmt":"2023-11-28T18:40:12","guid":{"rendered":"https:\/\/noticiasribeiraopreto.com.br\/index.php\/2023\/11\/28\/apos-perder-contato-com-a-familia-pai-pede-ajuda-para-amigo-no-mt-mae-e-3-filhas-foram-vitimas-de-chacina\/"},"modified":"2023-11-28T15:40:12","modified_gmt":"2023-11-28T18:40:12","slug":"apos-perder-contato-com-a-familia-pai-pede-ajuda-para-amigo-no-mt-mae-e-3-filhas-foram-vitimas-de-chacina","status":"publish","type":"post","link":"https:\/\/noticiasribeiraopreto.com.br\/index.php\/2023\/11\/28\/apos-perder-contato-com-a-familia-pai-pede-ajuda-para-amigo-no-mt-mae-e-3-filhas-foram-vitimas-de-chacina\/","title":{"rendered":"ap\u00f3s perder contato com a fam\u00edlia, pai pede ajuda para amigo no MT; m\u00e3e e 3 filhas foram v\u00edtimas de chacina"},"content":{"rendered":"<div class='code-block code-block-1' style='margin: 8px 0 8px auto; text-align: right; display: block; clear: both;'>\n<p><a href=\"https:\/\/wa.link\/vpicfd\"><img data-recalc-dims=\"1\" class=\"wp-image-4922\" style=\"aspect-ratio: 2.0253164556962027; width: 561px; height: auto;\" src=\"https:\/\/i0.wp.com\/ismaelcolosi.com.br\/wp-content\/uploads\/2023\/11\/grupo-de-empregos-whatsapp-e-facebook-ismael-colosi-vagas.jpg?ssl=1\" alt=\"\" \/><\/a><\/p>\n<!-- \/wp:image -->\n<\/div>\n<p> <br \/>\n<\/p>\n<div itemprop=\"text\">\n<p>Neste \u00faltimo domingo, dia 26 de novembro, o pai das tr\u00eas meninas mortas, com a m\u00e3e, dentro da casa em Sorriso, no Mato Grosso. Ap\u00f3s notar que n\u00e3o conseguia mais ter contato com sua fam\u00edlia, o homem mandou um \u00e1udio para um amigo, pedindo por ajuda.<\/p>\n<p>O homem trabalha como caminhoneiro e estava viajando quando ocorreu o crime cruel. Na grava\u00e7\u00e3o, ele alega que estava procurando ter contato com suas filhas e com sua esposa desde sexta-feira, dia 24 de novembro, mas n\u00e3o conseguia.<\/p>\n<p><strong>\u201cT\u00f4 ficando preocupado aqui. Mando mensagem n\u00e3o me responde , ligo no WhatsApp e n\u00e3o atende, ligo no telefone normal e vai direto para caixa de mensagem. Elas sempre respondem\u201d<\/strong>, disse no \u00e1udio.<\/p>\n<p>\u00c1udio (<a href=\"https:\/\/g1.globo.com\/mt\/mato-grosso\/video\/audio-pai-de-tres-meninas-mortas-juntas-com-a-mae-pediu-ajuda-para-procura-las-tres-dias-12150083.ghtml\" target=\"_blank\" rel=\"nofollow noopener sponsored\">escute aqui<\/a>)<\/p>\n<p>Quando o crime ocorreu, o homem estava em Cascavel, no Paran\u00e1, e ao notar que ningu\u00e9m o respondia, resolveu pedir ajuda para um amigo, com a inten\u00e7\u00e3o de que ele verificasse se algu\u00e9m estava em casa. Contudo, o amigo da fam\u00edlia n\u00e3o estava na cidade para ajudar.<\/p>\n<p>O principal suspeito de ter cometido o crime \u00e9 um pedreiro, de 32 anos, que trabalhava em uma obra ao lado da casa. Ele teria invadido a casa das v\u00edtimas pela janela de um banheiro.<\/p>\n<p>O homem teria entrado no local e entrado em confronto com a m\u00e3e das v\u00edtimas, assim a esfaqueando. Ele tamb\u00e9m tirou a vida das filhas da mulher, todas menores de idade, exceto uma de 19 anos. E enquanto as v\u00edtimas agonizavam, cometeu o crime de estupro.<\/p>\n<p>O caso continua\u00a0a\u00a0ser\u00a0investigado\u00a0pelas\u00a0autoridades e deixou toda\u00a0a\u00a0comunidade\u00a0de\u00a0Sorriso\u00a0chocada\u00a0com tamanha crueldade\u00a0que foi\u00a0aplicada\u00a0diante\u00a0da\u00a0situa\u00e7\u00e3o.<\/p>\n<\/div>\n<p><br \/>\n<br \/><a href=\"https:\/\/fnmais.com\/audio-apos-perder-contato-com-familia-pai-pede-ajuda-para-amigo-no-mt-mae-3-filhas-foram-vitimas-chacina\/\">Source link <\/a><\/p>\n<!-- CONTENT END 1 -->\n","protected":false},"excerpt":{"rendered":"<p>Neste \u00faltimo domingo, dia 26 de novembro, o pai das tr\u00eas meninas mortas, com a m\u00e3e, dentro da casa em Sorriso, no Mato Grosso. Ap\u00f3s&#8230;<\/p>\n","protected":false},"author":1,"featured_media":7648,"comment_status":"open","ping_status":"open","sticky":false,"template":"","format":"standard","meta":{"advanced_seo_description":"","jetpack_seo_html_title":"","jetpack_seo_noindex":false,"jetpack_post_was_ever_published":false,"_jetpack_newsletter_access":"","_jetpack_dont_email_post_to_subs":false,"_jetpack_newsletter_tier_id":0,"_jetpack_memberships_contains_paywalled_content":false,"_jetpack_memberships_contains_paid_content":false,"footnotes":"","jetpack_publicize_message":"","jetpack_publicize_feature_enabled":true,"jetpack_social_post_already_shared":true,"jetpack_social_options":{"image_generator_settings":{"template":"highway","default_image_id":0,"font":"","enabled":false},"version":2}},"categories":[1],"tags":[],"class_list":["post-7647","post","type-post","status-publish","format-standard","has-post-thumbnail","hentry","category-blog"],"jetpack_publicize_connections":[],"jetpack_featured_media_url":"https:\/\/i0.wp.com\/noticiasribeiraopreto.com.br\/wp-content\/uploads\/2023\/11\/postimg-6566291634dca1216.jpg?fit=1200%2C628&ssl=1","jetpack-related-posts":[{"id":83250,"url":"https:\/\/noticiasribeiraopreto.com.br\/index.php\/2026\/03\/13\/familia-procura-mulher-e-filha-desaparecidas-em-sorocaba\/","url_meta":{"origin":7647,"position":0},"title":"Fam\u00edlia procura mulher e filha desaparecidas em Sorocaba","author":"noticiasribeiraopreto.com.br","date":"13 de March de 2026","format":false,"excerpt":"\r Segundo a m\u00e3e, sua filha veio com a neta a convite de um homem que conheceu pelas redes sociais e seria residente na regi\u00e3o de RP\r \r 13 de mar\u00e7o de 2026 13:04 \r Compartilhar2 A fam\u00edlia de Maria Vit\u00f3ria Fontes Sousa, de 22 anos, est\u00e1 \u00e0 sua procura.\u2026","rel":"","context":"In &quot;Not\u00edcias de Ribeir\u00e3o Preto-SP e Regi\u00e3o&quot;","block_context":{"text":"Not\u00edcias de Ribeir\u00e3o Preto-SP e Regi\u00e3o","link":"https:\/\/noticiasribeiraopreto.com.br\/index.php\/category\/noticias-de-ribeirao-preto-sp-e-regiao-ismael-colosi\/"},"img":{"alt_text":"","src":"https:\/\/i0.wp.com\/noticiasribeiraopreto.com.br\/wp-content\/uploads\/2026\/03\/13-mar-2026-desaparecidasorocaba.jpg?fit=585%2C780&ssl=1&resize=350%2C200","width":350,"height":200,"srcset":"https:\/\/i0.wp.com\/noticiasribeiraopreto.com.br\/wp-content\/uploads\/2026\/03\/13-mar-2026-desaparecidasorocaba.jpg?fit=585%2C780&ssl=1&resize=350%2C200 1x, https:\/\/i0.wp.com\/noticiasribeiraopreto.com.br\/wp-content\/uploads\/2026\/03\/13-mar-2026-desaparecidasorocaba.jpg?fit=585%2C780&ssl=1&resize=525%2C300 1.5x"},"classes":[]},{"id":10146,"url":"https:\/\/noticiasribeiraopreto.com.br\/index.php\/2023\/12\/03\/mae-e-filha-perdem-a-vida-apos-acidente-provocado-por-jovem-embriagado-de-22-anos\/","url_meta":{"origin":7647,"position":1},"title":"M\u00e3e e filha perdem a vida ap\u00f3s acidente provocado por jovem embriagado de 22 anos","author":"noticiasribeiraopreto.com.br","date":"3 de December de 2023","format":false,"excerpt":"Na BR-277, na regi\u00e3o de Medianeira, no Paran\u00e1, uma m\u00e3e e sua filha, de 27 anos e 12 anos de idade, morreram ap\u00f3s terem sofrido com um grave acidente de tr\u00e2nsito.De acordo com informa\u00e7\u00f5es fornecidas pela PRF (Pol\u00edcia Rodovi\u00e1ria Federal), o motorista da caminhonete estava embriagado, assim causando todo o\u2026","rel":"","context":"In &quot;Blog&quot;","block_context":{"text":"Blog","link":"https:\/\/noticiasribeiraopreto.com.br\/index.php\/category\/blog\/"},"img":{"alt_text":"","src":"https:\/\/i0.wp.com\/noticiasribeiraopreto.com.br\/wp-content\/uploads\/2023\/12\/postimg-656d1cf2745ec2858.jpg?fit=1200%2C628&ssl=1&resize=350%2C200","width":350,"height":200,"srcset":"https:\/\/i0.wp.com\/noticiasribeiraopreto.com.br\/wp-content\/uploads\/2023\/12\/postimg-656d1cf2745ec2858.jpg?fit=1200%2C628&ssl=1&resize=350%2C200 1x, https:\/\/i0.wp.com\/noticiasribeiraopreto.com.br\/wp-content\/uploads\/2023\/12\/postimg-656d1cf2745ec2858.jpg?fit=1200%2C628&ssl=1&resize=525%2C300 1.5x, https:\/\/i0.wp.com\/noticiasribeiraopreto.com.br\/wp-content\/uploads\/2023\/12\/postimg-656d1cf2745ec2858.jpg?fit=1200%2C628&ssl=1&resize=700%2C400 2x, https:\/\/i0.wp.com\/noticiasribeiraopreto.com.br\/wp-content\/uploads\/2023\/12\/postimg-656d1cf2745ec2858.jpg?fit=1200%2C628&ssl=1&resize=1050%2C600 3x"},"classes":[]},{"id":4973,"url":"https:\/\/noticiasribeiraopreto.com.br\/index.php\/2023\/11\/22\/por-amor-de-internet-mulher-larga-tudo-em-sp-e-vem-para-ms-mas-situacao-termina-em-tragedia\/","url_meta":{"origin":7647,"position":2},"title":"Por \u2018amor de internet\u2019 mulher larga tudo em SP e vem para MS, mas situa\u00e7\u00e3o termina em trag\u00e9dia","author":"noticiasribeiraopreto.com.br","date":"22 de November de 2023","format":false,"excerpt":"Nesta ter\u00e7a-feira, dia 21 de novembro, uma mulher de 32 anos precisou da ajuda da Pol\u00edcia Civil para conseguir se livrar do c\u00e1rcere privado que estava vivendo ao lado de seu companheiro que conheceu na internet.O caso aconteceu em Aral Moreira, na regi\u00e3o do Mato Grosso do Sul. A v\u00edtima\u2026","rel":"","context":"In &quot;Blog&quot;","block_context":{"text":"Blog","link":"https:\/\/noticiasribeiraopreto.com.br\/index.php\/category\/blog\/"},"img":{"alt_text":"","src":"https:\/\/i0.wp.com\/noticiasribeiraopreto.com.br\/wp-content\/uploads\/2023\/11\/postimg-655e46027f5f46112.jpg?fit=1200%2C628&ssl=1&resize=350%2C200","width":350,"height":200,"srcset":"https:\/\/i0.wp.com\/noticiasribeiraopreto.com.br\/wp-content\/uploads\/2023\/11\/postimg-655e46027f5f46112.jpg?fit=1200%2C628&ssl=1&resize=350%2C200 1x, https:\/\/i0.wp.com\/noticiasribeiraopreto.com.br\/wp-content\/uploads\/2023\/11\/postimg-655e46027f5f46112.jpg?fit=1200%2C628&ssl=1&resize=525%2C300 1.5x, https:\/\/i0.wp.com\/noticiasribeiraopreto.com.br\/wp-content\/uploads\/2023\/11\/postimg-655e46027f5f46112.jpg?fit=1200%2C628&ssl=1&resize=700%2C400 2x, https:\/\/i0.wp.com\/noticiasribeiraopreto.com.br\/wp-content\/uploads\/2023\/11\/postimg-655e46027f5f46112.jpg?fit=1200%2C628&ssl=1&resize=1050%2C600 3x"},"classes":[]},{"id":4378,"url":"https:\/\/noticiasribeiraopreto.com.br\/index.php\/2023\/11\/21\/ana-maria-braga-expoe-o-nome-da-quinta-neta-apos-misterio\/","url_meta":{"origin":7647,"position":3},"title":"Ana Maria Braga exp\u00f5e o nome da quinta neta ap\u00f3s mist\u00e9rio","author":"noticiasribeiraopreto.com.br","date":"21 de November de 2023","format":false,"excerpt":"Na manh\u00e3 desta segunda-feira, dia 20 de novembro, a famosa apresentadora Ana Maria Braga se derreteu de amor e carinho diante de uma grande not\u00edcia sobre sua fam\u00edlia.Acontece que a comunicadora acabou de se tornar av\u00f3 pela quinta vez, pois sua filha deu \u00e0 luz recentemente. E ao falar sobre\u2026","rel":"","context":"In &quot;Blog&quot;","block_context":{"text":"Blog","link":"https:\/\/noticiasribeiraopreto.com.br\/index.php\/category\/blog\/"},"img":{"alt_text":"","src":"https:\/\/i0.wp.com\/noticiasribeiraopreto.com.br\/wp-content\/uploads\/2023\/11\/postimg-655cb66c5ea837572.jpg?fit=1200%2C628&ssl=1&resize=350%2C200","width":350,"height":200,"srcset":"https:\/\/i0.wp.com\/noticiasribeiraopreto.com.br\/wp-content\/uploads\/2023\/11\/postimg-655cb66c5ea837572.jpg?fit=1200%2C628&ssl=1&resize=350%2C200 1x, https:\/\/i0.wp.com\/noticiasribeiraopreto.com.br\/wp-content\/uploads\/2023\/11\/postimg-655cb66c5ea837572.jpg?fit=1200%2C628&ssl=1&resize=525%2C300 1.5x, https:\/\/i0.wp.com\/noticiasribeiraopreto.com.br\/wp-content\/uploads\/2023\/11\/postimg-655cb66c5ea837572.jpg?fit=1200%2C628&ssl=1&resize=700%2C400 2x, https:\/\/i0.wp.com\/noticiasribeiraopreto.com.br\/wp-content\/uploads\/2023\/11\/postimg-655cb66c5ea837572.jpg?fit=1200%2C628&ssl=1&resize=1050%2C600 3x"},"classes":[]},{"id":66636,"url":"https:\/\/noticiasribeiraopreto.com.br\/index.php\/2025\/04\/03\/homem-esta-desaparecido-ha-mais-de-10-dias-apos-ser-retirado-de-onibus-em-ribeirao-preto\/","url_meta":{"origin":7647,"position":4},"title":"Homem est\u00e1 desaparecido h\u00e1 mais de 10 dias ap\u00f3s ser retirado de \u00f4nibus em Ribeir\u00e3o Preto","author":"noticiasribeiraopreto.com.br","date":"3 de April de 2025","format":false,"excerpt":"A fam\u00edlia de Mateus Evangelista da Silva, de 25 anos, diz que ele est\u00e1 desaparecido desde o dia 23 de mar\u00e7o, ap\u00f3s ter sido retirado de um \u00f4nibus, que seguia de S\u00e3o Paulo ao interior do Cear\u00e1, e deixado em Ribeir\u00e3o Preto por causar tumulto no coletivo. A m\u00e3e Maria\u2026","rel":"","context":"In &quot;Not\u00edcias de Ribeir\u00e3o Preto-SP e Regi\u00e3o&quot;","block_context":{"text":"Not\u00edcias de Ribeir\u00e3o Preto-SP e Regi\u00e3o","link":"https:\/\/noticiasribeiraopreto.com.br\/index.php\/category\/noticias-de-ribeirao-preto-sp-e-regiao-ismael-colosi\/"},"img":{"alt_text":"","src":"https:\/\/i0.wp.com\/noticiasribeiraopreto.com.br\/wp-content\/uploads\/2025\/04\/MATEUS_2025-04-03_17-54-45_jpg_2025-04-03_17-54-45.webp.webp?fit=1200%2C934&ssl=1&resize=350%2C200","width":350,"height":200,"srcset":"https:\/\/i0.wp.com\/noticiasribeiraopreto.com.br\/wp-content\/uploads\/2025\/04\/MATEUS_2025-04-03_17-54-45_jpg_2025-04-03_17-54-45.webp.webp?fit=1200%2C934&ssl=1&resize=350%2C200 1x, https:\/\/i0.wp.com\/noticiasribeiraopreto.com.br\/wp-content\/uploads\/2025\/04\/MATEUS_2025-04-03_17-54-45_jpg_2025-04-03_17-54-45.webp.webp?fit=1200%2C934&ssl=1&resize=525%2C300 1.5x, https:\/\/i0.wp.com\/noticiasribeiraopreto.com.br\/wp-content\/uploads\/2025\/04\/MATEUS_2025-04-03_17-54-45_jpg_2025-04-03_17-54-45.webp.webp?fit=1200%2C934&ssl=1&resize=700%2C400 2x, https:\/\/i0.wp.com\/noticiasribeiraopreto.com.br\/wp-content\/uploads\/2025\/04\/MATEUS_2025-04-03_17-54-45_jpg_2025-04-03_17-54-45.webp.webp?fit=1200%2C934&ssl=1&resize=1050%2C600 3x"},"classes":[]},{"id":4950,"url":"https:\/\/noticiasribeiraopreto.com.br\/index.php\/2023\/11\/22\/corpo-de-homem-que-estava-desaparecido-e-encontrado-em-ro-pais-da-vitima-tambem-foram-achados-sem-vida-e-motivo-e-exposto\/","url_meta":{"origin":7647,"position":5},"title":"Corpo de homem que estava desaparecido \u00e9 encontrado em RO; pais da v\u00edtima tamb\u00e9m foram achados sem vida e motivo \u00e9 exposto","author":"noticiasribeiraopreto.com.br","date":"22 de November de 2023","format":false,"excerpt":"Em um rio da regi\u00e3o de Machadinho do Oeste, em Roraima, o corpo de um homem foi identificado como pertencente a Roberto Rondon Ribeiro, de 41 anos de idade.E antes disso, os pais dele, tamb\u00e9m foram achados mortos dentro da casa em que moravam. A situa\u00e7\u00e3o ocorreu neste \u00faltimo s\u00e1bado,\u2026","rel":"","context":"In &quot;Blog&quot;","block_context":{"text":"Blog","link":"https:\/\/noticiasribeiraopreto.com.br\/index.php\/category\/blog\/"},"img":{"alt_text":"","src":"https:\/\/i0.wp.com\/noticiasribeiraopreto.com.br\/wp-content\/uploads\/2023\/11\/postimg-655e46a238b369215.jpg?fit=1200%2C628&ssl=1&resize=350%2C200","width":350,"height":200,"srcset":"https:\/\/i0.wp.com\/noticiasribeiraopreto.com.br\/wp-content\/uploads\/2023\/11\/postimg-655e46a238b369215.jpg?fit=1200%2C628&ssl=1&resize=350%2C200 1x, https:\/\/i0.wp.com\/noticiasribeiraopreto.com.br\/wp-content\/uploads\/2023\/11\/postimg-655e46a238b369215.jpg?fit=1200%2C628&ssl=1&resize=525%2C300 1.5x, https:\/\/i0.wp.com\/noticiasribeiraopreto.com.br\/wp-content\/uploads\/2023\/11\/postimg-655e46a238b369215.jpg?fit=1200%2C628&ssl=1&resize=700%2C400 2x, https:\/\/i0.wp.com\/noticiasribeiraopreto.com.br\/wp-content\/uploads\/2023\/11\/postimg-655e46a238b369215.jpg?fit=1200%2C628&ssl=1&resize=1050%2C600 3x"},"classes":[]}],"jetpack_sharing_enabled":true,"jetpack_shortlink":"https:\/\/wp.me\/peQAOb-1Zl","_links":{"self":[{"href":"https:\/\/noticiasribeiraopreto.com.br\/index.php\/wp-json\/wp\/v2\/posts\/7647","targetHints":{"allow":["GET"]}}],"collection":[{"href":"https:\/\/noticiasribeiraopreto.com.br\/index.php\/wp-json\/wp\/v2\/posts"}],"about":[{"href":"https:\/\/noticiasribeiraopreto.com.br\/index.php\/wp-json\/wp\/v2\/types\/post"}],"author":[{"embeddable":true,"href":"https:\/\/noticiasribeiraopreto.com.br\/index.php\/wp-json\/wp\/v2\/users\/1"}],"replies":[{"embeddable":true,"href":"https:\/\/noticiasribeiraopreto.com.br\/index.php\/wp-json\/wp\/v2\/comments?post=7647"}],"version-history":[{"count":0,"href":"https:\/\/noticiasribeiraopreto.com.br\/index.php\/wp-json\/wp\/v2\/posts\/7647\/revisions"}],"wp:featuredmedia":[{"embeddable":true,"href":"https:\/\/noticiasribeiraopreto.com.br\/index.php\/wp-json\/wp\/v2\/media\/7648"}],"wp:attachment":[{"href":"https:\/\/noticiasribeiraopreto.com.br\/index.php\/wp-json\/wp\/v2\/media?parent=7647"}],"wp:term":[{"taxonomy":"category","embeddable":true,"href":"https:\/\/noticiasribeiraopreto.com.br\/index.php\/wp-json\/wp\/v2\/categories?post=7647"},{"taxonomy":"post_tag","embeddable":true,"href":"https:\/\/noticiasribeiraopreto.com.br\/index.php\/wp-json\/wp\/v2\/tags?post=7647"}],"curies":[{"name":"wp","href":"https:\/\/api.w.org\/{rel}","templated":true}]}}