{"id":7651,"date":"2023-11-28T15:00:52","date_gmt":"2023-11-28T18:00:52","guid":{"rendered":"https:\/\/noticiasribeiraopreto.com.br\/index.php\/2023\/11\/28\/brasil-devera-registrar-704-mil-casos-ate-2025\/"},"modified":"2023-11-28T15:00:52","modified_gmt":"2023-11-28T18:00:52","slug":"brasil-devera-registrar-704-mil-casos-ate-2025","status":"publish","type":"post","link":"https:\/\/noticiasribeiraopreto.com.br\/index.php\/2023\/11\/28\/brasil-devera-registrar-704-mil-casos-ate-2025\/","title":{"rendered":"Brasil dever\u00e1 registrar 704 mil casos at\u00e9 2025\u00a0"},"content":{"rendered":"<div class='code-block code-block-1' style='margin: 8px 0 8px auto; text-align: right; display: block; clear: both;'>\n<p><a href=\"https:\/\/wa.link\/vpicfd\"><img data-recalc-dims=\"1\" class=\"wp-image-4922\" style=\"aspect-ratio: 2.0253164556962027; width: 561px; height: auto;\" src=\"https:\/\/i0.wp.com\/ismaelcolosi.com.br\/wp-content\/uploads\/2023\/11\/grupo-de-empregos-whatsapp-e-facebook-ismael-colosi-vagas.jpg?ssl=1\" alt=\"\" \/><\/a><\/p>\n<!-- \/wp:image -->\n<\/div>\n<p> <br \/>\n<\/p>\n<div id=\"\">\n<p> <span class=\"entry-meta-item penci-posted-on\"><i class=\"fa fa-clock-o\"\/><time class=\"entry-date published\" datetime=\"2023-11-28T15:00:52-03:00\">28 de novembro de 2023 | 15:00<\/time><time class=\"updated\" datetime=\"2023-11-28T08:48:25-03:00\">28 de novembro de 2023 | 8:48<\/time><\/span><\/p>\n<p> <span class=\"penci-social-buttons penci-social-share-footer\"><a href=\"#\" class=\"penci-post-like penci_post-meta_item  single-like-button penci-social-item like\" data-post_id=\"365477\" title=\"Like\" data-like=\"Like\" data-unlike=\"Unlike\"><i class=\"fa fa-thumbs-o-up\"\/><span class=\"penci-share-number\">0<\/span><\/a><i class=\"fa fa-facebook\"\/><a class=\"penci-social-item twitter\" target=\"_blank\" rel=\"noopener\" title=\"\" href=\"https:\/\/twitter.com\/intent\/tweet?text=Brasil%20dever\u00e1%20registrar%20704%20mil%20casos%20at\u00e9%202025\u00a0%20-%20https:\/\/www.tribunaribeirao.com.br\/site\/brasil-devera-registrar-704-mil-casos-ate-2025\/\"><i class=\"fa fa-twitter\"\/><\/a><i class=\"fa fa-whatsapp\"\/><\/span><\/div>\n<div>\n<p><span class=\"TextRun SCXW5053609 BCX0\" lang=\"PT-BR\" xml:lang=\"PT-BR\" data-contrast=\"auto\"><span class=\"NormalTextRun SCXW5053609 BCX0\">O Brasil deve registrar 704 mil casos novos de c\u00e2ncer ao ano no tri\u00eanio 2023-2025, com destaque para as regi\u00f5es Sul e Sudeste, que concentram cerca de 70% da incid\u00eancia da doen\u00e7a. A previs\u00e3o \u00e9 do Instituto Nacional de C\u00e2ncer (Inca) e foi divulgada em raz\u00e3o do <\/span><span class=\"NormalTextRun ContextualSpellingAndGrammarErrorV2Themed SCXW5053609 BCX0\">Dia Nacional de Combate ao C\u00e2ncer<\/span><span class=\"NormalTextRun SCXW5053609 BCX0\">, lembrado nesta segunda-feira<\/span><span class=\"NormalTextRun SCXW5053609 BCX0\">, 27 de novembro<\/span><span class=\"NormalTextRun SCXW5053609 BCX0\">.<\/span><\/span><span class=\"LineBreakBlob BlobObject DragDrop SCXW5053609 BCX0\"><span class=\"SCXW5053609 BCX0\">\u00a0<\/span><br class=\"SCXW5053609 BCX0\"\/><\/span><span class=\"LineBreakBlob BlobObject DragDrop SCXW5053609 BCX0\"><span class=\"SCXW5053609 BCX0\">\u00a0<\/span><br class=\"SCXW5053609 BCX0\"\/><\/span><span class=\"TextRun SCXW5053609 BCX0\" lang=\"PT-BR\" xml:lang=\"PT-BR\" data-contrast=\"auto\"><span class=\"NormalTextRun SCXW5053609 BCX0\">\u201cA estimativa \u00e9 a principal ferramenta de planejamento e gest\u00e3o na \u00e1rea oncol\u00f3gica no Brasil, fornecendo informa\u00e7\u00f5es fundamentais para a defini\u00e7\u00e3o de pol\u00edticas p\u00fablicas\u201d, destacou o Inca, ao se referir \u00e0 publica\u00e7\u00e3o Estimativa 2023 \u2013 Incid\u00eancia de C\u00e2ncer no Brasil. O material traz estimativas para a ocorr\u00eancia dos 21 tipos de c\u00e2ncer mais incidentes no pa\u00eds.<\/span><\/span><span class=\"LineBreakBlob BlobObject DragDrop SCXW5053609 BCX0\"><span class=\"SCXW5053609 BCX0\">\u00a0<\/span><br class=\"SCXW5053609 BCX0\"\/><\/span><span class=\"LineBreakBlob BlobObject DragDrop SCXW5053609 BCX0\"><span class=\"SCXW5053609 BCX0\">\u00a0<\/span><br class=\"SCXW5053609 BCX0\"\/><\/span><span class=\"TextRun SCXW5053609 BCX0\" lang=\"PT-BR\" xml:lang=\"PT-BR\" data-contrast=\"auto\"><span class=\"NormalTextRun SCXW5053609 BCX0\">O levantamento mostra que o tumor maligno mais incidente no Brasil \u00e9 o de pele n\u00e3o melanoma (31,3% do total de casos), seguido pelos de mama feminina (10,5%), pr\u00f3stata (10,2%), c\u00f3lon e reto (6,5%), pulm\u00e3o (4,6%) e est\u00f4mago (3,1%).<\/span><\/span><span class=\"LineBreakBlob BlobObject DragDrop SCXW5053609 BCX0\"><span class=\"SCXW5053609 BCX0\">\u00a0<\/span><br class=\"SCXW5053609 BCX0\"\/><\/span><span class=\"LineBreakBlob BlobObject DragDrop SCXW5053609 BCX0\"><span class=\"SCXW5053609 BCX0\">\u00a0<\/span><br class=\"SCXW5053609 BCX0\"\/><\/span><span class=\"TextRun SCXW5053609 BCX0\" lang=\"PT-BR\" xml:lang=\"PT-BR\" data-contrast=\"auto\"><span class=\"NormalTextRun SCXW5053609 BCX0\">Em homens, o c\u00e2ncer de pr\u00f3stata \u00e9 predominante em todas as regi\u00f5es, totalizando 72 mil casos novos estimados a cada ano no tri\u00eanio fixado \u2013 atr\u00e1s apenas do c\u00e2ncer de pele n\u00e3o melanoma. Nas regi\u00f5es de maior \u00cdndice de Desenvolvimento Humano (IDH), os tumores malignos de c\u00f3lon e reto ocupam a segunda ou a terceira posi\u00e7\u00e3o, sendo que, nas de menor IDH, o c\u00e2ncer de est\u00f4mago \u00e9 o segundo ou o terceiro mais frequente entre a popula\u00e7\u00e3o masculina.<\/span><\/span><span class=\"LineBreakBlob BlobObject DragDrop SCXW5053609 BCX0\"><span class=\"SCXW5053609 BCX0\">\u00a0<\/span><br class=\"SCXW5053609 BCX0\"\/><\/span><span class=\"LineBreakBlob BlobObject DragDrop SCXW5053609 BCX0\"><span class=\"SCXW5053609 BCX0\">\u00a0<\/span><br class=\"SCXW5053609 BCX0\"\/><\/span><span class=\"TextRun SCXW5053609 BCX0\" lang=\"PT-BR\" xml:lang=\"PT-BR\" data-contrast=\"auto\"><span class=\"NormalTextRun SCXW5053609 BCX0\">J\u00e1 entre as mulheres, o c\u00e2ncer de mama \u00e9 o segundo mais incidente (atr\u00e1s apenas do c\u00e2ncer de pele n\u00e3o melanoma), com 74 mil casos novos previstos por ano at\u00e9 2025. Nas regi\u00f5es mais desenvolvidas, em seguida, vem o c\u00e2ncer colorretal, mas, nas de menor IDH, o c\u00e2ncer do colo do \u00fatero ocupa a terceira posi\u00e7\u00e3o.<\/span><\/span><span class=\"LineBreakBlob BlobObject DragDrop SCXW5053609 BCX0\"><span class=\"SCXW5053609 BCX0\">\u00a0<\/span><br class=\"SCXW5053609 BCX0\"\/><\/span><span class=\"LineBreakBlob BlobObject DragDrop SCXW5053609 BCX0\"><span class=\"SCXW5053609 BCX0\">\u00a0<\/span><br class=\"SCXW5053609 BCX0\"\/><\/span><span class=\"TextRun SCXW5053609 BCX0\" lang=\"PT-BR\" xml:lang=\"PT-BR\" data-contrast=\"auto\"><strong><span class=\"NormalTextRun SCXW5053609 BCX0\">E<\/span><span class=\"NormalTextRun SCXW5053609 BCX0\">ntenda<\/span><\/strong><span class=\"NormalTextRun SCXW5053609 BCX0\"> \u2013 <\/span><\/span><span class=\"TextRun SCXW5053609 BCX0\" lang=\"PT-BR\" xml:lang=\"PT-BR\" data-contrast=\"auto\"><span class=\"NormalTextRun SCXW5053609 BCX0\">De acordo com o Minist\u00e9rio da Sa\u00fade, c\u00e2ncer \u00e9 o nome dado a um conjunto de mais de 100 doen\u00e7as que t\u00eam em comum o crescimento desordenado de c\u00e9lulas que invadem tecidos e \u00f3rg\u00e3os. Dividindo-se rapidamente, essas c\u00e9lulas tendem a ser muito agressivas e incontrol\u00e1veis, determinando a forma\u00e7\u00e3o de tumores, que podem espalhar-se para outras regi\u00f5es do corpo.<\/span><\/span><span class=\"LineBreakBlob BlobObject DragDrop SCXW5053609 BCX0\"><span class=\"SCXW5053609 BCX0\">\u00a0<\/span><br class=\"SCXW5053609 BCX0\"\/><\/span><span class=\"LineBreakBlob BlobObject DragDrop SCXW5053609 BCX0\"><span class=\"SCXW5053609 BCX0\">\u00a0<\/span><br class=\"SCXW5053609 BCX0\"\/><\/span><span class=\"TextRun SCXW5053609 BCX0\" lang=\"PT-BR\" xml:lang=\"PT-BR\" data-contrast=\"auto\"><span class=\"NormalTextRun SCXW5053609 BCX0\">A doen\u00e7a surge a partir de uma muta\u00e7\u00e3o gen\u00e9tica, ou seja, de uma altera\u00e7\u00e3o no DNA da c\u00e9lula, que passa a receber instru\u00e7\u00f5es erradas para suas atividades. Quando os casos come\u00e7am em tecidos epiteliais, como pele ou mucosas, s\u00e3o denominados carcinomas. Se o ponto de partida s\u00e3o os tecidos conjuntivos, como osso, m\u00fasculo ou cartilagem, s\u00e3o chamados sarcomas.<\/span><\/span><span class=\"LineBreakBlob BlobObject DragDrop SCXW5053609 BCX0\"><span class=\"SCXW5053609 BCX0\">\u00a0<\/span><br class=\"SCXW5053609 BCX0\"\/><\/span><span class=\"LineBreakBlob BlobObject DragDrop SCXW5053609 BCX0\"><span class=\"SCXW5053609 BCX0\">\u00a0<\/span><br class=\"SCXW5053609 BCX0\"\/><\/span><span class=\"TextRun SCXW5053609 BCX0\" lang=\"PT-BR\" xml:lang=\"PT-BR\" data-contrast=\"auto\"><span class=\"NormalTextRun SCXW5053609 BCX0\">O c\u00e2ncer n\u00e3o tem uma causa \u00fanica. H\u00e1, segundo a pasta, diversas causas externas (presentes no meio ambiente) e internas (como horm\u00f4nios, condi\u00e7\u00f5es imunol\u00f3gicas e muta\u00e7\u00f5es gen\u00e9ticas), sendo que entre 80% e 90% dos casos est\u00e3o associados a causas externas. Mudan\u00e7as provocadas no meio ambiente pelo pr\u00f3prio homem, h\u00e1bitos e estilo de vida podem aumentar o risco.<\/span><\/span><span class=\"LineBreakBlob BlobObject DragDrop SCXW5053609 BCX0\"><span class=\"SCXW5053609 BCX0\">\u00a0<\/span><br class=\"SCXW5053609 BCX0\"\/><\/span><span class=\"LineBreakBlob BlobObject DragDrop SCXW5053609 BCX0\"><span class=\"SCXW5053609 BCX0\">\u00a0<\/span><br class=\"SCXW5053609 BCX0\"\/><\/span><span class=\"EOP SCXW5053609 BCX0\" data-ccp-props=\"{&quot;201341983&quot;:0,&quot;335559739&quot;:200,&quot;335559740&quot;:276}\">\u00a0<\/span><\/p>\n<\/div>\n<p><script async src=\"\/\/platform.twitter.com\/widgets.js\" charset=\"utf-8\"><\/script><br \/>\n<br \/><br \/>\n<br \/><a href=\"https:\/\/www.tribunaribeirao.com.br\/site\/brasil-devera-registrar-704-mil-casos-ate-2025\/\">Source link <\/a><\/p>\n<!-- CONTENT END 1 -->\n","protected":false},"excerpt":{"rendered":"<p>28 de novembro de 2023 | 15:0028 de novembro de 2023 | 8:48 0 O Brasil deve registrar 704 mil casos novos de c\u00e2ncer ao&#8230;<\/p>\n","protected":false},"author":1,"featured_media":7652,"comment_status":"open","ping_status":"open","sticky":false,"template":"","format":"standard","meta":{"advanced_seo_description":"","jetpack_seo_html_title":"","jetpack_seo_noindex":false,"jetpack_post_was_ever_published":false,"_jetpack_newsletter_access":"","_jetpack_dont_email_post_to_subs":false,"_jetpack_newsletter_tier_id":0,"_jetpack_memberships_contains_paywalled_content":false,"_jetpack_memberships_contains_paid_content":false,"footnotes":"","jetpack_publicize_message":"","jetpack_publicize_feature_enabled":true,"jetpack_social_post_already_shared":true,"jetpack_social_options":{"image_generator_settings":{"template":"highway","default_image_id":0,"font":"","enabled":false},"version":2}},"categories":[11],"tags":[103,137,996,994,402,995],"class_list":["post-7651","post","type-post","status-publish","format-standard","has-post-thumbnail","hentry","category-noticias-de-ribeirao-preto-sp-e-regiao-ismael-colosi","tag-ate","tag-brasil","tag-casos","tag-devera","tag-mil","tag-registrar"],"jetpack_publicize_connections":[],"jetpack_featured_media_url":"https:\/\/i0.wp.com\/noticiasribeiraopreto.com.br\/wp-content\/uploads\/2023\/11\/cancer.jpg?fit=600%2C400&ssl=1","jetpack-related-posts":[{"id":22128,"url":"https:\/\/noticiasribeiraopreto.com.br\/index.php\/2023\/12\/29\/brasil-cria-130-mil-vagas-de-emprego-em-novembro\/","url_meta":{"origin":7651,"position":0},"title":"Brasil cria 130 MIL vagas de emprego em novembro","author":"noticiasribeiraopreto.com.br","date":"29 de December de 2023","format":false,"excerpt":"O Minist\u00e9rio do Trabalho e Previd\u00eancia informou nesta quinta-feira (28) que o Brasil criou 130,1 mil postos de trabalho formal em novembro de 2023. O resultado mostra que o pa\u00eds registrou uma quantidade bem maior de admiss\u00f5es do que de demiss\u00f5es no pen\u00faltimo m\u00eas do ano. Os dados foram bastante\u2026","rel":"","context":"In &quot;Vagas de Emprego em Ribeir\u00e3o Preto-SP&quot;","block_context":{"text":"Vagas de Emprego em Ribeir\u00e3o Preto-SP","link":"https:\/\/noticiasribeiraopreto.com.br\/index.php\/category\/empregos-classificados-vagas-trabalho\/vagas-de-empregos-em-ribeirao-preto-regiao-brasil\/"},"img":{"alt_text":"","src":"https:\/\/i0.wp.com\/noticiasribeiraopreto.com.br\/wp-content\/uploads\/2023\/12\/noticiasconcursos.com_.br-caged-brasil-cria-130-mil-vagas-de-emprego-em-novembro-carteira-de-trabalho-canva-1-750x430.jpg?fit=750%2C430&ssl=1&resize=350%2C200","width":350,"height":200,"srcset":"https:\/\/i0.wp.com\/noticiasribeiraopreto.com.br\/wp-content\/uploads\/2023\/12\/noticiasconcursos.com_.br-caged-brasil-cria-130-mil-vagas-de-emprego-em-novembro-carteira-de-trabalho-canva-1-750x430.jpg?fit=750%2C430&ssl=1&resize=350%2C200 1x, https:\/\/i0.wp.com\/noticiasribeiraopreto.com.br\/wp-content\/uploads\/2023\/12\/noticiasconcursos.com_.br-caged-brasil-cria-130-mil-vagas-de-emprego-em-novembro-carteira-de-trabalho-canva-1-750x430.jpg?fit=750%2C430&ssl=1&resize=525%2C300 1.5x, https:\/\/i0.wp.com\/noticiasribeiraopreto.com.br\/wp-content\/uploads\/2023\/12\/noticiasconcursos.com_.br-caged-brasil-cria-130-mil-vagas-de-emprego-em-novembro-carteira-de-trabalho-canva-1-750x430.jpg?fit=750%2C430&ssl=1&resize=700%2C400 2x"},"classes":[]},{"id":79591,"url":"https:\/\/noticiasribeiraopreto.com.br\/index.php\/2025\/11\/04\/conselho-propoe-suspensao-de-seis-meses-para-bigodini\/","url_meta":{"origin":7651,"position":1},"title":"Conselho prop\u00f5e suspens\u00e3o de seis meses para Bigodini","author":"noticiasribeiraopreto.com.br","date":"4 de November de 2025","format":false,"excerpt":"4 de novembro de 2025 14:414 Compartilhar0 Proposta dever\u00e1 ser levada a vota\u00e7\u00e3o em plen\u00e1rio nas pr\u00f3ximas sess\u00f5es do Legislativo O Conselho de \u00c9tica e Decoro Parlamentar da C\u00e2mara Municipal de Ribeir\u00e3o Preto, prop\u00f4s em reuni\u00e3o, nesta ter\u00e7a-feira, 3 de novembro, pena de suspens\u00e3o de seis meses \u2013 180 dias\u2026","rel":"","context":"In &quot;Not\u00edcias de Ribeir\u00e3o Preto-SP e Regi\u00e3o&quot;","block_context":{"text":"Not\u00edcias de Ribeir\u00e3o Preto-SP e Regi\u00e3o","link":"https:\/\/noticiasribeiraopreto.com.br\/index.php\/category\/noticias-de-ribeirao-preto-sp-e-regiao-ismael-colosi\/"},"img":{"alt_text":"","src":"https:\/\/i0.wp.com\/noticiasribeiraopreto.com.br\/wp-content\/uploads\/2025\/11\/verador-Bigodini-02-scaled.jpeg?fit=1170%2C780&ssl=1&resize=350%2C200","width":350,"height":200,"srcset":"https:\/\/i0.wp.com\/noticiasribeiraopreto.com.br\/wp-content\/uploads\/2025\/11\/verador-Bigodini-02-scaled.jpeg?fit=1170%2C780&ssl=1&resize=350%2C200 1x, https:\/\/i0.wp.com\/noticiasribeiraopreto.com.br\/wp-content\/uploads\/2025\/11\/verador-Bigodini-02-scaled.jpeg?fit=1170%2C780&ssl=1&resize=525%2C300 1.5x, https:\/\/i0.wp.com\/noticiasribeiraopreto.com.br\/wp-content\/uploads\/2025\/11\/verador-Bigodini-02-scaled.jpeg?fit=1170%2C780&ssl=1&resize=700%2C400 2x, https:\/\/i0.wp.com\/noticiasribeiraopreto.com.br\/wp-content\/uploads\/2025\/11\/verador-Bigodini-02-scaled.jpeg?fit=1170%2C780&ssl=1&resize=1050%2C600 3x"},"classes":[]},{"id":20104,"url":"https:\/\/noticiasribeiraopreto.com.br\/index.php\/2023\/12\/24\/agora-e-oficial-brasil-tera-mais-um-feriado-nacional-em-2024\/","url_meta":{"origin":7651,"position":2},"title":"Agora \u00e9 oficial! Brasil ter\u00e1 mais um feriado nacional em 2024","author":"noticiasribeiraopreto.com.br","date":"24 de December de 2023","format":false,"excerpt":"O Brasil pode ganhar mais um feriado nacional. O presidente Luiz In\u00e1cio Lula da Silva sancionou nesta quinta-feira, 21, o projeto de lei que declara o Dia Nacional de Zumbi e da Consci\u00eancia Negra, no dia 20 de novembro, como feriado em todo o pa\u00eds. O texto havia sido aprovado\u2026","rel":"","context":"In &quot;Variedades&quot;","block_context":{"text":"Variedades","link":"https:\/\/noticiasribeiraopreto.com.br\/index.php\/category\/variedades\/"},"img":{"alt_text":"","src":"https:\/\/i0.wp.com\/noticiasribeiraopreto.com.br\/wp-content\/uploads\/2023\/12\/1703416338_feriado-nacional-20-de-novembro.jpg?fit=1200%2C638&ssl=1&resize=350%2C200","width":350,"height":200,"srcset":"https:\/\/i0.wp.com\/noticiasribeiraopreto.com.br\/wp-content\/uploads\/2023\/12\/1703416338_feriado-nacional-20-de-novembro.jpg?fit=1200%2C638&ssl=1&resize=350%2C200 1x, https:\/\/i0.wp.com\/noticiasribeiraopreto.com.br\/wp-content\/uploads\/2023\/12\/1703416338_feriado-nacional-20-de-novembro.jpg?fit=1200%2C638&ssl=1&resize=525%2C300 1.5x, https:\/\/i0.wp.com\/noticiasribeiraopreto.com.br\/wp-content\/uploads\/2023\/12\/1703416338_feriado-nacional-20-de-novembro.jpg?fit=1200%2C638&ssl=1&resize=700%2C400 2x, https:\/\/i0.wp.com\/noticiasribeiraopreto.com.br\/wp-content\/uploads\/2023\/12\/1703416338_feriado-nacional-20-de-novembro.jpg?fit=1200%2C638&ssl=1&resize=1050%2C600 3x"},"classes":[]},{"id":22065,"url":"https:\/\/noticiasribeiraopreto.com.br\/index.php\/2023\/12\/29\/ganhe-ate-r30-mil-da-serasa-sigilo-comecou-a-cadastrar-vitimas-de-vazamentos-de-dados\/","url_meta":{"origin":7651,"position":3},"title":"GANHE at\u00e9 R$30 MIL da Serasa: Sigilo COME\u00c7OU a cadastrar v\u00edtimas de vazamentos de dados","author":"noticiasribeiraopreto.com.br","date":"29 de December de 2023","format":false,"excerpt":"O Instituto SIGILO, uma organiza\u00e7\u00e3o brasileira de prote\u00e7\u00e3o de dados, compliance e seguran\u00e7a da informa\u00e7\u00e3o, lan\u00e7ou recentemente um portal para registrar pessoas interessadas em informa\u00e7\u00f5es sobre a a\u00e7\u00e3o civil p\u00fablica relacionada ao mega vazamento de dados da Serasa Experian. O Que Levou \u00e0 A\u00e7\u00e3o Contra a Serasa? O Instituto Sigilo\u2026","rel":"","context":"In &quot;Vagas de Emprego em Ribeir\u00e3o Preto-SP&quot;","block_context":{"text":"Vagas de Emprego em Ribeir\u00e3o Preto-SP","link":"https:\/\/noticiasribeiraopreto.com.br\/index.php\/category\/empregos-classificados-vagas-trabalho\/vagas-de-empregos-em-ribeirao-preto-regiao-brasil\/"},"img":{"alt_text":"","src":"","width":0,"height":0},"classes":[]},{"id":58658,"url":"https:\/\/noticiasribeiraopreto.com.br\/index.php\/2024\/10\/03\/veja-como-resgatar-o-dinheiro-de-bets-irregulares\/","url_meta":{"origin":7651,"position":4},"title":"Veja como resgatar o dinheiro de bets irregulares","author":"noticiasribeiraopreto.com.br","date":"3 de October de 2024","format":false,"excerpt":"Os apostadores com dinheiro depositado em bets (empresas de apostas eletr\u00f4nicas) irregulares t\u00eam at\u00e9 o dia 11 para retirarem os valores. A partir desta data, a Ag\u00eancia Nacional de Telecomunica\u00e7\u00f5es (Anatel) derrubar\u00e1 o acesso a\u00a0cerca de 600 p\u00e1ginas que n\u00e3o pediram autoriza\u00e7\u00e3o\u00a0ao Minist\u00e9rio da Fazenda para operarem no Brasil. A\u2026","rel":"","context":"In &quot;Not\u00edcias de Ribeir\u00e3o Preto-SP e Regi\u00e3o&quot;","block_context":{"text":"Not\u00edcias de Ribeir\u00e3o Preto-SP e Regi\u00e3o","link":"https:\/\/noticiasribeiraopreto.com.br\/index.php\/category\/noticias-de-ribeirao-preto-sp-e-regiao-ismael-colosi\/"},"img":{"alt_text":"","src":"https:\/\/i0.wp.com\/noticiasribeiraopreto.com.br\/wp-content\/uploads\/2024\/10\/ja_7547_2024-10-03_01-01-18.webp.webp?fit=1170%2C700&ssl=1&resize=350%2C200","width":350,"height":200,"srcset":"https:\/\/i0.wp.com\/noticiasribeiraopreto.com.br\/wp-content\/uploads\/2024\/10\/ja_7547_2024-10-03_01-01-18.webp.webp?fit=1170%2C700&ssl=1&resize=350%2C200 1x, https:\/\/i0.wp.com\/noticiasribeiraopreto.com.br\/wp-content\/uploads\/2024\/10\/ja_7547_2024-10-03_01-01-18.webp.webp?fit=1170%2C700&ssl=1&resize=525%2C300 1.5x, https:\/\/i0.wp.com\/noticiasribeiraopreto.com.br\/wp-content\/uploads\/2024\/10\/ja_7547_2024-10-03_01-01-18.webp.webp?fit=1170%2C700&ssl=1&resize=700%2C400 2x, https:\/\/i0.wp.com\/noticiasribeiraopreto.com.br\/wp-content\/uploads\/2024\/10\/ja_7547_2024-10-03_01-01-18.webp.webp?fit=1170%2C700&ssl=1&resize=1050%2C600 3x"},"classes":[]},{"id":21476,"url":"https:\/\/noticiasribeiraopreto.com.br\/index.php\/2023\/12\/27\/aumento-alarmante-de-estupros-em-sao-paulo-desperta-preocupacoes-sobre-seguranca\/","url_meta":{"origin":7651,"position":5},"title":"Aumento alarmante de estupros em S\u00e3o Paulo desperta preocupa\u00e7\u00f5es sobre seguran\u00e7a","author":"noticiasribeiraopreto.com.br","date":"27 de December de 2023","format":false,"excerpt":"A Secretaria de Seguran\u00e7a P\u00fablica (SSP) divulgou dados alarmantes sobre crimes sexuais no estado de S\u00e3o Paulo, revelando um aumento de 16,6% nos casos de estupro, incluindo estupro de vulner\u00e1vel, comparando novembro deste ano com o mesmo per\u00edodo do ano anterior. Os n\u00fameros saltaram de 1.088 para 1.269 casos, sendo\u2026","rel":"","context":"In &quot;Vagas de Emprego em Ribeir\u00e3o Preto-SP&quot;","block_context":{"text":"Vagas de Emprego em Ribeir\u00e3o Preto-SP","link":"https:\/\/noticiasribeiraopreto.com.br\/index.php\/category\/empregos-classificados-vagas-trabalho\/vagas-de-empregos-em-ribeirao-preto-regiao-brasil\/"},"img":{"alt_text":"","src":"https:\/\/i0.wp.com\/noticiasribeiraopreto.com.br\/wp-content\/uploads\/2023\/12\/violencia-contra-mulher-nova-lei.jpg?fit=1200%2C675&ssl=1&resize=350%2C200","width":350,"height":200,"srcset":"https:\/\/i0.wp.com\/noticiasribeiraopreto.com.br\/wp-content\/uploads\/2023\/12\/violencia-contra-mulher-nova-lei.jpg?fit=1200%2C675&ssl=1&resize=350%2C200 1x, https:\/\/i0.wp.com\/noticiasribeiraopreto.com.br\/wp-content\/uploads\/2023\/12\/violencia-contra-mulher-nova-lei.jpg?fit=1200%2C675&ssl=1&resize=525%2C300 1.5x, https:\/\/i0.wp.com\/noticiasribeiraopreto.com.br\/wp-content\/uploads\/2023\/12\/violencia-contra-mulher-nova-lei.jpg?fit=1200%2C675&ssl=1&resize=700%2C400 2x, https:\/\/i0.wp.com\/noticiasribeiraopreto.com.br\/wp-content\/uploads\/2023\/12\/violencia-contra-mulher-nova-lei.jpg?fit=1200%2C675&ssl=1&resize=1050%2C600 3x"},"classes":[]}],"jetpack_sharing_enabled":true,"jetpack_shortlink":"https:\/\/wp.me\/peQAOb-1Zp","_links":{"self":[{"href":"https:\/\/noticiasribeiraopreto.com.br\/index.php\/wp-json\/wp\/v2\/posts\/7651","targetHints":{"allow":["GET"]}}],"collection":[{"href":"https:\/\/noticiasribeiraopreto.com.br\/index.php\/wp-json\/wp\/v2\/posts"}],"about":[{"href":"https:\/\/noticiasribeiraopreto.com.br\/index.php\/wp-json\/wp\/v2\/types\/post"}],"author":[{"embeddable":true,"href":"https:\/\/noticiasribeiraopreto.com.br\/index.php\/wp-json\/wp\/v2\/users\/1"}],"replies":[{"embeddable":true,"href":"https:\/\/noticiasribeiraopreto.com.br\/index.php\/wp-json\/wp\/v2\/comments?post=7651"}],"version-history":[{"count":0,"href":"https:\/\/noticiasribeiraopreto.com.br\/index.php\/wp-json\/wp\/v2\/posts\/7651\/revisions"}],"wp:featuredmedia":[{"embeddable":true,"href":"https:\/\/noticiasribeiraopreto.com.br\/index.php\/wp-json\/wp\/v2\/media\/7652"}],"wp:attachment":[{"href":"https:\/\/noticiasribeiraopreto.com.br\/index.php\/wp-json\/wp\/v2\/media?parent=7651"}],"wp:term":[{"taxonomy":"category","embeddable":true,"href":"https:\/\/noticiasribeiraopreto.com.br\/index.php\/wp-json\/wp\/v2\/categories?post=7651"},{"taxonomy":"post_tag","embeddable":true,"href":"https:\/\/noticiasribeiraopreto.com.br\/index.php\/wp-json\/wp\/v2\/tags?post=7651"}],"curies":[{"name":"wp","href":"https:\/\/api.w.org\/{rel}","templated":true}]}}