{"id":7654,"date":"2023-11-28T15:49:08","date_gmt":"2023-11-28T18:49:08","guid":{"rendered":"https:\/\/noticiasribeiraopreto.com.br\/index.php\/2023\/11\/28\/com-figurino-da-bandeira-do-brasil-anahi-posta-foto-com-amigos-do-rbd-e-recebe-comentarios-fa-do-brasil\/"},"modified":"2023-11-28T15:49:08","modified_gmt":"2023-11-28T18:49:08","slug":"com-figurino-da-bandeira-do-brasil-anahi-posta-foto-com-amigos-do-rbd-e-recebe-comentarios-fa-do-brasil","status":"publish","type":"post","link":"https:\/\/noticiasribeiraopreto.com.br\/index.php\/2023\/11\/28\/com-figurino-da-bandeira-do-brasil-anahi-posta-foto-com-amigos-do-rbd-e-recebe-comentarios-fa-do-brasil\/","title":{"rendered":"Com figurino da bandeira do Brasil, Anah\u00ed posta foto com amigos do RBD e recebe coment\u00e1rios: &#8220;F\u00e3 do Brasil&#8217;"},"content":{"rendered":"<div class='code-block code-block-1' style='margin: 8px 0 8px auto; text-align: right; display: block; clear: both;'>\n<p><a href=\"https:\/\/wa.link\/vpicfd\"><img data-recalc-dims=\"1\" class=\"wp-image-4922\" style=\"aspect-ratio: 2.0253164556962027; width: 561px; height: auto;\" src=\"https:\/\/i0.wp.com\/ismaelcolosi.com.br\/wp-content\/uploads\/2023\/11\/grupo-de-empregos-whatsapp-e-facebook-ismael-colosi-vagas.jpg?ssl=1\" alt=\"\" \/><\/a><\/p>\n<!-- \/wp:image -->\n<\/div>\n<p> <br \/>\n<\/p>\n<div itemprop=\"text\">\n<p>Aqui no Brasil \u00e9 muito comum a afirma\u00e7\u00e3o de que quem conhece o Brasil, se encanta. Muitos artistas estrangeiros n\u00e3o escondem esse amor pelo pa\u00eds de diferentes formas.<\/p>\n<p>A cantora Anah\u00ed, uma das vocalistas do RBD, escolheu uma foto com seus amigos onde estava com o figurino de um dos shows de sua apresenta\u00e7\u00e3o no Brasil.<\/p>\n<p>Ela legendou a foto com os amigos resumindo em \u201cFam\u00edlia\u201d. Os f\u00e3s prontamente encheram os coment\u00e1rios da foto alegando que a cantora est\u00e1 com saudades do pa\u00eds e brincando com a situa\u00e7\u00e3o \u201d Diz que \u00e9 f\u00e3 do Brasil, sem dizer que \u00e9 f\u00e3 do Brasil\u201d<\/p>\n<blockquote class=\"instagram-media\" style=\"background: #FFF; border: 0; border-radius: 3px; box-shadow: 0 0 1px 0 rgba(0,0,0,0.5),0 1px 10px 0 rgba(0,0,0,0.15); margin: 1px; max-width: 540px; min-width: 326px; padding: 0; width: calc(100% - 2px);\" data-instgrm-permalink=\"https:\/\/www.instagram.com\/p\/C0K4REquflt\/?utm_source=ig_embed&amp;utm_campaign=loading\" data-instgrm-version=\"14\">\n<p>\u00a0<\/p>\n<p>Ver essa foto no Instagram<\/p>\n<p>\u00a0<\/p>\n<p style=\"color: #c9c8cd; font-family: Arial,sans-serif; font-size: 14px; line-height: 17px; margin-bottom: 0; margin-top: 8px; overflow: hidden; padding: 8px 0 7px; text-align: center; text-overflow: ellipsis; white-space: nowrap;\"><a style=\"color: #c9c8cd; font-family: Arial,sans-serif; font-size: 14px; font-style: normal; font-weight: normal; line-height: 17px; text-decoration: none;\" href=\"https:\/\/www.instagram.com\/p\/C0K4REquflt\/?utm_source=ig_embed&amp;utm_campaign=loading\" target=\"_blank\" rel=\"noopener\">Uma publica\u00e7\u00e3o compartilhada por Anahi (@anahi)<\/a><\/p>\n<\/blockquote>\n<p>A banda mexicana retornou ao pa\u00eds 15 anos ap\u00f3s a primeira estr\u00e9ia. Na \u00e9poca, a novela havia estreado na emissora do SBT e ia ao ar nas tardes do p\u00fablico infantil brasileiro.<\/p>\n<p>A banda fez seu retorno lotando est\u00e1dios da gera\u00e7\u00e3o que acompanhou e esperou tanto tempo para demonstrar todo seu amor a banda comparecendo em peso aos shows.<\/p>\n<p>Mesmo sem a forma\u00e7\u00e3o original, sem o ator Alfonso Herrera, que est\u00e1 se dedicando a vida profissional como ator, a banda n\u00e3o decepcionou o p\u00fablico fiel mesmo tendo tido alguns problemas de sa\u00fade.<\/p>\n<p>A cantora Anah\u00ed, que interpretava Mia e a Dulce Maria, que era Roberta, enfrentaram uma maratona de rem\u00e9dios e exames antes dos shows. As duas chegaram a postar em suas redes sociais que tiveram dores pelo corpo, a voz rouca e febre.<\/p>\n<\/div>\n<p><script async src=\"\/\/www.instagram.com\/embed.js\"><\/script><br \/>\n<br \/><br \/>\n<br \/><a href=\"https:\/\/fnmais.com\/com-figurino-bandeira-brasil-anahi-posta-foto-com-amigos-rbd-recebe-comentarios-fa-brasil\/\">Source link <\/a><\/p>\n<!-- CONTENT END 1 -->\n","protected":false},"excerpt":{"rendered":"<p>Aqui no Brasil \u00e9 muito comum a afirma\u00e7\u00e3o de que quem conhece o Brasil, se encanta. Muitos artistas estrangeiros n\u00e3o escondem esse amor pelo pa\u00eds&#8230;<\/p>\n","protected":false},"author":1,"featured_media":7655,"comment_status":"open","ping_status":"open","sticky":false,"template":"","format":"standard","meta":{"advanced_seo_description":"","jetpack_seo_html_title":"","jetpack_seo_noindex":false,"jetpack_post_was_ever_published":false,"_jetpack_newsletter_access":"","_jetpack_dont_email_post_to_subs":false,"_jetpack_newsletter_tier_id":0,"_jetpack_memberships_contains_paywalled_content":false,"_jetpack_memberships_contains_paid_content":false,"footnotes":"","jetpack_publicize_message":"","jetpack_publicize_feature_enabled":true,"jetpack_social_post_already_shared":true,"jetpack_social_options":{"image_generator_settings":{"template":"highway","default_image_id":0,"font":"","enabled":false},"version":2}},"categories":[1],"tags":[],"class_list":["post-7654","post","type-post","status-publish","format-standard","has-post-thumbnail","hentry","category-blog"],"jetpack_publicize_connections":[],"jetpack_featured_media_url":"https:\/\/i0.wp.com\/noticiasribeiraopreto.com.br\/wp-content\/uploads\/2023\/11\/postimg-6566244d7421c4445.jpg?fit=1200%2C628&ssl=1","jetpack-related-posts":[{"id":27138,"url":"https:\/\/noticiasribeiraopreto.com.br\/index.php\/2024\/01\/11\/e-branco-demais-para-mim\/","url_meta":{"origin":7654,"position":0},"title":"&#8216;\u00e9 branco demais para mim&#8217;","author":"noticiasribeiraopreto.com.br","date":"11 de January de 2024","format":false,"excerpt":"As c\u00e2meras do BBB nos aproxima dos participantes famosos e n\u00e3o famosos da casa. Quem acompanha ali quase que 24 horas consegue ficar sabendo de tudo o que fazem e o que pensam.Os brothers Rodriguinho e Wanessa Camargo estavam em uma conversa com outros confinados e o assunto era sobre\u2026","rel":"","context":"In &quot;Blog&quot;","block_context":{"text":"Blog","link":"https:\/\/noticiasribeiraopreto.com.br\/index.php\/category\/blog\/"},"img":{"alt_text":"","src":"https:\/\/i0.wp.com\/noticiasribeiraopreto.com.br\/wp-content\/uploads\/2024\/01\/postimg-659fedec8ca026402.jpg?fit=1200%2C628&ssl=1&resize=350%2C200","width":350,"height":200,"srcset":"https:\/\/i0.wp.com\/noticiasribeiraopreto.com.br\/wp-content\/uploads\/2024\/01\/postimg-659fedec8ca026402.jpg?fit=1200%2C628&ssl=1&resize=350%2C200 1x, https:\/\/i0.wp.com\/noticiasribeiraopreto.com.br\/wp-content\/uploads\/2024\/01\/postimg-659fedec8ca026402.jpg?fit=1200%2C628&ssl=1&resize=525%2C300 1.5x, https:\/\/i0.wp.com\/noticiasribeiraopreto.com.br\/wp-content\/uploads\/2024\/01\/postimg-659fedec8ca026402.jpg?fit=1200%2C628&ssl=1&resize=700%2C400 2x, https:\/\/i0.wp.com\/noticiasribeiraopreto.com.br\/wp-content\/uploads\/2024\/01\/postimg-659fedec8ca026402.jpg?fit=1200%2C628&ssl=1&resize=1050%2C600 3x"},"classes":[]},{"id":19437,"url":"https:\/\/noticiasribeiraopreto.com.br\/index.php\/2023\/12\/22\/tudo-o-que-sabemos-sobre-a-passagem-de-beyonce-na-bahia\/","url_meta":{"origin":7654,"position":1},"title":"Tudo o que sabemos sobre a passagem de Beyonc\u00e9 na Bahia","author":"noticiasribeiraopreto.com.br","date":"22 de December de 2023","format":false,"excerpt":"Cr\u00e9ditos: Reprodu\u00e7\u00e3o\/Instagram\/@beyonceBeyonc\u00e9 visitou o Brasil de surpresa na quinta-feira, 21 Uma not\u00edcia parou a internet na noite de quinta-feira, 21. O motivo? A cantora norte-americana Beyonc\u00e9 desembarcou de surpresa em solo brasileiro, mais precisamente em Salvador, Bahia, para a estreia do filme \u201cRenaissance: A Filme by Beyonc\u00e9\u201d, que documenta os\u2026","rel":"","context":"In &quot;Variedades&quot;","block_context":{"text":"Variedades","link":"https:\/\/noticiasribeiraopreto.com.br\/index.php\/category\/variedades\/"},"img":{"alt_text":"","src":"https:\/\/i0.wp.com\/noticiasribeiraopreto.com.br\/wp-content\/uploads\/2023\/12\/snapinstaapp-410856148-18453675754008035-1083854894908563526-n-1080-e1703256541345.jpg?fit=1200%2C638&ssl=1&resize=350%2C200","width":350,"height":200,"srcset":"https:\/\/i0.wp.com\/noticiasribeiraopreto.com.br\/wp-content\/uploads\/2023\/12\/snapinstaapp-410856148-18453675754008035-1083854894908563526-n-1080-e1703256541345.jpg?fit=1200%2C638&ssl=1&resize=350%2C200 1x, https:\/\/i0.wp.com\/noticiasribeiraopreto.com.br\/wp-content\/uploads\/2023\/12\/snapinstaapp-410856148-18453675754008035-1083854894908563526-n-1080-e1703256541345.jpg?fit=1200%2C638&ssl=1&resize=525%2C300 1.5x, https:\/\/i0.wp.com\/noticiasribeiraopreto.com.br\/wp-content\/uploads\/2023\/12\/snapinstaapp-410856148-18453675754008035-1083854894908563526-n-1080-e1703256541345.jpg?fit=1200%2C638&ssl=1&resize=700%2C400 2x, https:\/\/i0.wp.com\/noticiasribeiraopreto.com.br\/wp-content\/uploads\/2023\/12\/snapinstaapp-410856148-18453675754008035-1083854894908563526-n-1080-e1703256541345.jpg?fit=1200%2C638&ssl=1&resize=1050%2C600 3x"},"classes":[]},{"id":4132,"url":"https:\/\/noticiasribeiraopreto.com.br\/index.php\/2023\/11\/20\/jojo-todynho-da-opiniao-sincera-sobre-show-de-taylor-swift-estou-sem-paciencia\/","url_meta":{"origin":7654,"position":2},"title":"Jojo Todynho d\u00e1 opini\u00e3o sincera sobre show de Taylor Swift: \u2018Estou sem paci\u00eancia&#8217;","author":"noticiasribeiraopreto.com.br","date":"20 de November de 2023","format":false,"excerpt":"\u2018The Eras Tour\u2019 \u00e9 o nome do evento que vem marcando sua passagem pelo Brasil. Os shows s\u00e3o da artista norte americana cantora e compositora Taylor Swift, de 33 anos.Um evento tr\u00e1gico marcou a passagem da cantora no Brasil. Uma jovem estudante universit\u00e1ria, de apenas 23 anos, perdeu a vida\u2026","rel":"","context":"In &quot;Blog&quot;","block_context":{"text":"Blog","link":"https:\/\/noticiasribeiraopreto.com.br\/index.php\/category\/blog\/"},"img":{"alt_text":"","src":"https:\/\/i0.wp.com\/noticiasribeiraopreto.com.br\/wp-content\/uploads\/2023\/11\/postimg-655c02fe222ea7586.jpg?fit=1200%2C628&ssl=1&resize=350%2C200","width":350,"height":200,"srcset":"https:\/\/i0.wp.com\/noticiasribeiraopreto.com.br\/wp-content\/uploads\/2023\/11\/postimg-655c02fe222ea7586.jpg?fit=1200%2C628&ssl=1&resize=350%2C200 1x, https:\/\/i0.wp.com\/noticiasribeiraopreto.com.br\/wp-content\/uploads\/2023\/11\/postimg-655c02fe222ea7586.jpg?fit=1200%2C628&ssl=1&resize=525%2C300 1.5x, https:\/\/i0.wp.com\/noticiasribeiraopreto.com.br\/wp-content\/uploads\/2023\/11\/postimg-655c02fe222ea7586.jpg?fit=1200%2C628&ssl=1&resize=700%2C400 2x, https:\/\/i0.wp.com\/noticiasribeiraopreto.com.br\/wp-content\/uploads\/2023\/11\/postimg-655c02fe222ea7586.jpg?fit=1200%2C628&ssl=1&resize=1050%2C600 3x"},"classes":[]},{"id":9010,"url":"https:\/\/noticiasribeiraopreto.com.br\/index.php\/2023\/12\/01\/equipe-de-preta-gil-se-pronuncia-apos-cantora-ir-parar-na-uti-e-realizar-cirurgia-delicada\/","url_meta":{"origin":7654,"position":3},"title":"Equipe de Preta Gil se pronuncia ap\u00f3s cantora ir parar na UTI e realizar cirurgia delicada","author":"noticiasribeiraopreto.com.br","date":"1 de December de 2023","format":false,"excerpt":"Recentemente, chegou a ser anunciado atrav\u00e9s de diversos canais de comunica\u00e7\u00e3o que a cantora Preta Gil est\u00e1 se recuperando ap\u00f3s ter enfrentado uma cirurgia delicada. Neste momento, ela se encontra na UTI (Unidade de Tratamento Intensivo) do Hospital S\u00edrio Liban\u00eas, em S\u00e3o Paulo.E na madrugada desta sexta-feira, dia 1 de\u2026","rel":"","context":"In &quot;Blog&quot;","block_context":{"text":"Blog","link":"https:\/\/noticiasribeiraopreto.com.br\/index.php\/category\/blog\/"},"img":{"alt_text":"","src":"https:\/\/i0.wp.com\/noticiasribeiraopreto.com.br\/wp-content\/uploads\/2023\/12\/postimg-6569dbd8405815601.jpg?fit=1200%2C628&ssl=1&resize=350%2C200","width":350,"height":200,"srcset":"https:\/\/i0.wp.com\/noticiasribeiraopreto.com.br\/wp-content\/uploads\/2023\/12\/postimg-6569dbd8405815601.jpg?fit=1200%2C628&ssl=1&resize=350%2C200 1x, https:\/\/i0.wp.com\/noticiasribeiraopreto.com.br\/wp-content\/uploads\/2023\/12\/postimg-6569dbd8405815601.jpg?fit=1200%2C628&ssl=1&resize=525%2C300 1.5x, https:\/\/i0.wp.com\/noticiasribeiraopreto.com.br\/wp-content\/uploads\/2023\/12\/postimg-6569dbd8405815601.jpg?fit=1200%2C628&ssl=1&resize=700%2C400 2x, https:\/\/i0.wp.com\/noticiasribeiraopreto.com.br\/wp-content\/uploads\/2023\/12\/postimg-6569dbd8405815601.jpg?fit=1200%2C628&ssl=1&resize=1050%2C600 3x"},"classes":[]},{"id":43331,"url":"https:\/\/noticiasribeiraopreto.com.br\/index.php\/2024\/03\/20\/mariah-carey-e-confirmada-no-rock-in-rio-relembre-a-passagem-da-cantora-pela-regiao-de-ribeirao-preto\/","url_meta":{"origin":7654,"position":4},"title":"Mariah Carey \u00e9 confirmada no Rock in Rio; Relembre a passagem da cantora pela regi\u00e3o de Ribeir\u00e3o Preto","author":"noticiasribeiraopreto.com.br","date":"20 de March de 2024","format":false,"excerpt":"Mariah Carey \u00e9 uma das novas atra\u00e7\u00f5es confirmadas no Rock in Rio 2024, que acontece entre os dias 13 e 22 de setembro, na Cidade do Rock, zona Oeste do Rio de Janeiro. A artista \u00e9 a principal atra\u00e7\u00e3o do Palco Sunset, no dia \u00faltimo dia de festival. A apresenta\u00e7\u00e3o\u2026","rel":"","context":"In &quot;Not\u00edcias de Ribeir\u00e3o Preto-SP e Regi\u00e3o&quot;","block_context":{"text":"Not\u00edcias de Ribeir\u00e3o Preto-SP e Regi\u00e3o","link":"https:\/\/noticiasribeiraopreto.com.br\/index.php\/category\/noticias-de-ribeirao-preto-sp-e-regiao-ismael-colosi\/"},"img":{"alt_text":"","src":"https:\/\/i0.wp.com\/noticiasribeiraopreto.com.br\/wp-content\/uploads\/2024\/03\/Copia-de-Copia-de-TAMANHO-EXATO-PARA-FOTOS-NO-SISTEMA-NOVO-13.jpg?fit=1200%2C675&ssl=1&resize=350%2C200","width":350,"height":200,"srcset":"https:\/\/i0.wp.com\/noticiasribeiraopreto.com.br\/wp-content\/uploads\/2024\/03\/Copia-de-Copia-de-TAMANHO-EXATO-PARA-FOTOS-NO-SISTEMA-NOVO-13.jpg?fit=1200%2C675&ssl=1&resize=350%2C200 1x, https:\/\/i0.wp.com\/noticiasribeiraopreto.com.br\/wp-content\/uploads\/2024\/03\/Copia-de-Copia-de-TAMANHO-EXATO-PARA-FOTOS-NO-SISTEMA-NOVO-13.jpg?fit=1200%2C675&ssl=1&resize=525%2C300 1.5x, https:\/\/i0.wp.com\/noticiasribeiraopreto.com.br\/wp-content\/uploads\/2024\/03\/Copia-de-Copia-de-TAMANHO-EXATO-PARA-FOTOS-NO-SISTEMA-NOVO-13.jpg?fit=1200%2C675&ssl=1&resize=700%2C400 2x, https:\/\/i0.wp.com\/noticiasribeiraopreto.com.br\/wp-content\/uploads\/2024\/03\/Copia-de-Copia-de-TAMANHO-EXATO-PARA-FOTOS-NO-SISTEMA-NOVO-13.jpg?fit=1200%2C675&ssl=1&resize=1050%2C600 3x"},"classes":[]},{"id":26008,"url":"https:\/\/noticiasribeiraopreto.com.br\/index.php\/2024\/01\/08\/aos-46-anos-carla-perez-publica-nova-foto-e-deixa-fas-empolgados-vem-um-bebe-ai\/","url_meta":{"origin":7654,"position":5},"title":"Aos 46 anos, Carla Perez publica nova foto e deixa f\u00e3s empolgados: &#8216;Vem um beb\u00ea a\u00ed?&#8217;","author":"noticiasribeiraopreto.com.br","date":"8 de January de 2024","format":false,"excerpt":"Aos 46 anos de idade, a renomada dan\u00e7arina Carla Perez gerou especula\u00e7\u00f5es sobre uma poss\u00edvel gravidez ao compartilhar uma foto ao lado de seu marido, Xanddy, durante a virada do ano.Na imagem que chamou aten\u00e7\u00e3o dos f\u00e3s, o cantor apareceu com a m\u00e3o na barriga dela, o que levou questionamentos\u2026","rel":"","context":"In &quot;Blog&quot;","block_context":{"text":"Blog","link":"https:\/\/noticiasribeiraopreto.com.br\/index.php\/category\/blog\/"},"img":{"alt_text":"","src":"https:\/\/i0.wp.com\/noticiasribeiraopreto.com.br\/wp-content\/uploads\/2024\/01\/postimg-659c9387155509830.jpg?fit=1200%2C628&ssl=1&resize=350%2C200","width":350,"height":200,"srcset":"https:\/\/i0.wp.com\/noticiasribeiraopreto.com.br\/wp-content\/uploads\/2024\/01\/postimg-659c9387155509830.jpg?fit=1200%2C628&ssl=1&resize=350%2C200 1x, https:\/\/i0.wp.com\/noticiasribeiraopreto.com.br\/wp-content\/uploads\/2024\/01\/postimg-659c9387155509830.jpg?fit=1200%2C628&ssl=1&resize=525%2C300 1.5x, https:\/\/i0.wp.com\/noticiasribeiraopreto.com.br\/wp-content\/uploads\/2024\/01\/postimg-659c9387155509830.jpg?fit=1200%2C628&ssl=1&resize=700%2C400 2x, https:\/\/i0.wp.com\/noticiasribeiraopreto.com.br\/wp-content\/uploads\/2024\/01\/postimg-659c9387155509830.jpg?fit=1200%2C628&ssl=1&resize=1050%2C600 3x"},"classes":[]}],"jetpack_sharing_enabled":true,"jetpack_shortlink":"https:\/\/wp.me\/peQAOb-1Zs","_links":{"self":[{"href":"https:\/\/noticiasribeiraopreto.com.br\/index.php\/wp-json\/wp\/v2\/posts\/7654","targetHints":{"allow":["GET"]}}],"collection":[{"href":"https:\/\/noticiasribeiraopreto.com.br\/index.php\/wp-json\/wp\/v2\/posts"}],"about":[{"href":"https:\/\/noticiasribeiraopreto.com.br\/index.php\/wp-json\/wp\/v2\/types\/post"}],"author":[{"embeddable":true,"href":"https:\/\/noticiasribeiraopreto.com.br\/index.php\/wp-json\/wp\/v2\/users\/1"}],"replies":[{"embeddable":true,"href":"https:\/\/noticiasribeiraopreto.com.br\/index.php\/wp-json\/wp\/v2\/comments?post=7654"}],"version-history":[{"count":0,"href":"https:\/\/noticiasribeiraopreto.com.br\/index.php\/wp-json\/wp\/v2\/posts\/7654\/revisions"}],"wp:featuredmedia":[{"embeddable":true,"href":"https:\/\/noticiasribeiraopreto.com.br\/index.php\/wp-json\/wp\/v2\/media\/7655"}],"wp:attachment":[{"href":"https:\/\/noticiasribeiraopreto.com.br\/index.php\/wp-json\/wp\/v2\/media?parent=7654"}],"wp:term":[{"taxonomy":"category","embeddable":true,"href":"https:\/\/noticiasribeiraopreto.com.br\/index.php\/wp-json\/wp\/v2\/categories?post=7654"},{"taxonomy":"post_tag","embeddable":true,"href":"https:\/\/noticiasribeiraopreto.com.br\/index.php\/wp-json\/wp\/v2\/tags?post=7654"}],"curies":[{"name":"wp","href":"https:\/\/api.w.org\/{rel}","templated":true}]}}