{"id":76619,"date":"2025-09-02T11:14:32","date_gmt":"2025-09-02T14:14:32","guid":{"rendered":"https:\/\/noticiasribeiraopreto.com.br\/index.php\/2025\/09\/02\/professora-fica-ferida-apos-capotamento-em-avenida-de-ribeirao-preto\/"},"modified":"2025-09-02T11:14:32","modified_gmt":"2025-09-02T14:14:32","slug":"professora-fica-ferida-apos-capotamento-em-avenida-de-ribeirao-preto","status":"publish","type":"post","link":"https:\/\/noticiasribeiraopreto.com.br\/index.php\/2025\/09\/02\/professora-fica-ferida-apos-capotamento-em-avenida-de-ribeirao-preto\/","title":{"rendered":"Professora fica ferida ap\u00f3s capotamento em avenida de Ribeir\u00e3o Preto"},"content":{"rendered":"<div class='code-block code-block-1' style='margin: 8px 0 8px auto; text-align: right; display: block; clear: both;'>\n<p><a href=\"https:\/\/wa.link\/vpicfd\"><img data-recalc-dims=\"1\" class=\"wp-image-4922\" style=\"aspect-ratio: 2.0253164556962027; width: 561px; height: auto;\" src=\"https:\/\/i0.wp.com\/ismaelcolosi.com.br\/wp-content\/uploads\/2023\/11\/grupo-de-empregos-whatsapp-e-facebook-ismael-colosi-vagas.jpg?ssl=1\" alt=\"\" \/><\/a><\/p>\n<!-- \/wp:image -->\n<\/div>\n<p> <br \/>\n<\/p>\n<div data-td-block-uid=\"tdi_95\">\n<div class=\"tdb-block-inner td-fix-index\">\n<p>Uma professora, de 44 anos, ficou ferida ap\u00f3s se envolver em um acidente de tr\u00e2nsito na <strong>avenida Costa e Silva<\/strong>, em <strong>Ribeir\u00e3o Preto<\/strong>, na manh\u00e3 desta<strong> ter\u00e7a-feira (2)<\/strong>. O carro em que ela estava capotou ap\u00f3s colidir com outro ve\u00edculo entre as <strong>avenidas Mogiana e Thomaz Alberto Whately<\/strong>.<\/p>\n<p>Segundo o <strong>Corpo de Bombeiros<\/strong>, a ocorr\u00eancia foi registrada por volta das <strong>6h51<\/strong>. A v\u00edtima, que seguia em dire\u00e7\u00e3o a <strong>Brodowski<\/strong>, foi socorrida e encaminhada para a <strong>UPA Norte<\/strong> com ferimentos leves.<\/p>\n<p>O motorista do outro carro envolvido relatou \u00e0 <strong>CBN Ribeir\u00e3o<\/strong>, que ap\u00f3s a colis\u00e3o, o ve\u00edculo da professora acabou capotando.<\/p>\n<p>Equipes da <strong>RP Mobi<\/strong> sinalizaram o local e, at\u00e9 a \u00faltima atualiza\u00e7\u00e3o desta mat\u00e9ria, o carro permanecia capotado \u00e0 espera de guincho. <mark style=\"background-color:#fcb900\" class=\"has-inline-color\">A faixa da direita da Costa e Silva est\u00e1 liberada para o tr\u00e2nsito.<\/mark><\/p>\n<p><em>*Com informa\u00e7\u00f5es de F\u00e1bio Marchiselli, da CBN Ribeir\u00e3o<\/em><\/p>\n<hr class=\"wp-block-separator has-alpha-channel-opacity\"\/>\n<p>SAIBA MAIS<br \/>Divers\u00e3o em fam\u00edlia: N\u00edcolas Netto apresenta show em Ribeir\u00e3o Preto<\/p>\n<h2 class=\"wp-block-heading\"><strong>FIQUE ON<\/strong><\/h2>\n<p>Fique ligado em tudo que acontece em Ribeir\u00e3o Preto e regi\u00e3o. Siga os perfis do\u00a0<strong>acidade on<\/strong>\u00a0no<a href=\"https:\/\/www.instagram.com\/acidadeonribeirao\" target=\"_blank\" rel=\"noreferrer noopener\">\u00a0Instagram\u00a0<\/a>e no\u00a0<a href=\"https:\/\/www.facebook.com\/acidadeonribeirao\/\" target=\"_blank\" rel=\"noreferrer noopener\">Facebook<\/a>.<\/p>\n<p>Receba not\u00edcias do<strong>\u00a0acidade on<\/strong>\u00a0no WhatsApp. Para entrar no grupo,\u00a0basta\u00a0<a href=\"https:\/\/chat.whatsapp.com\/I4nieTEMKlf50pJ28aMemC?mode=ac_t\" target=\"_blank\" rel=\"noreferrer noopener\">clicar aqui<\/a>. Ou, acesse o nosso\u00a0Canal\u00a0<a href=\"https:\/\/whatsapp.com\/channel\/0029Vb6IQl1JENyAeS57fk2p\" target=\"_blank\" rel=\"noreferrer noopener\">clicando aqui<\/a>.<\/p>\n<p>Fa\u00e7a uma den\u00fancia ou sugira uma reportagem sobre Ribeir\u00e3o Preto e regi\u00e3o pelo WhatsApp: 16 99117 7802.<\/p>\n<p>VEJA TAMB\u00c9M<br \/>Para onde vai William Bonner?<\/p>\n<p><!-- AI CONTENT END 1 -->\n<\/div>\n<\/div>\n<p><script async src=\"\/\/www.instagram.com\/embed.js\"><\/script><br \/>\n<br \/><br \/>\n<br \/><a href=\"https:\/\/www.acidadeon.com\/ribeiraopreto\/cotidiano\/professora-fica-ferida-apos-capotamento-em-avenida-de-ribeirao-preto\/\">Source link <\/a><\/p>\n<!-- CONTENT END 1 -->\n","protected":false},"excerpt":{"rendered":"<p>Uma professora, de 44 anos, ficou ferida ap\u00f3s se envolver em um acidente de tr\u00e2nsito na avenida Costa e Silva, em Ribeir\u00e3o Preto, na manh\u00e3&#8230;<\/p>\n","protected":false},"author":1,"featured_media":76620,"comment_status":"open","ping_status":"open","sticky":false,"template":"","format":"standard","meta":{"advanced_seo_description":"","jetpack_seo_html_title":"","jetpack_seo_noindex":false,"jetpack_post_was_ever_published":false,"_jetpack_newsletter_access":"","_jetpack_dont_email_post_to_subs":false,"_jetpack_newsletter_tier_id":0,"_jetpack_memberships_contains_paywalled_content":false,"_jetpack_memberships_contains_paid_content":false,"footnotes":"","jetpack_publicize_message":"","jetpack_publicize_feature_enabled":true,"jetpack_social_post_already_shared":true,"jetpack_social_options":{"image_generator_settings":{"template":"highway","default_image_id":0,"font":"","enabled":false},"version":2}},"categories":[11],"tags":[],"class_list":["post-76619","post","type-post","status-publish","format-standard","has-post-thumbnail","hentry","category-noticias-de-ribeirao-preto-sp-e-regiao-ismael-colosi"],"jetpack_publicize_connections":[],"jetpack_featured_media_url":"https:\/\/i0.wp.com\/noticiasribeiraopreto.com.br\/wp-content\/uploads\/2025\/09\/WhatsApp-Image-2025-09-02-at-07.45.46_2025-09-02_13-03-06.webp.webp?fit=1200%2C900&ssl=1","jetpack-related-posts":[{"id":43614,"url":"https:\/\/noticiasribeiraopreto.com.br\/index.php\/2024\/03\/22\/professora-luta-com-ladrao-e-impede-roubo-de-veiculo\/","url_meta":{"origin":76619,"position":0},"title":"Professora luta com ladr\u00e3o e impede roubo de ve\u00edculo","author":"noticiasribeiraopreto.com.br","date":"22 de March de 2024","format":false,"excerpt":"Dupla de moto tentou levar o carro, mas acabaram fugindo ap\u00f3s rea\u00e7\u00e3o da v\u00edtima; mulher ficou ferida 22 de mar\u00e7o de 2024 | 12:11 1 Por: Adalberto Luque Uma mulher de 45 anos conseguiu evitar que seu carro fosse roubado, na noite desta quinta-feira (21). Ela foi abordada ap\u00f3s estacionar\u2026","rel":"","context":"In &quot;Not\u00edcias de Ribeir\u00e3o Preto-SP e Regi\u00e3o&quot;","block_context":{"text":"Not\u00edcias de Ribeir\u00e3o Preto-SP e Regi\u00e3o","link":"https:\/\/noticiasribeiraopreto.com.br\/index.php\/category\/noticias-de-ribeirao-preto-sp-e-regiao-ismael-colosi\/"},"img":{"alt_text":"","src":"https:\/\/i0.wp.com\/noticiasribeiraopreto.com.br\/wp-content\/uploads\/2024\/03\/00-22-mar-2024-professora-briga-foto-alfredo-risk-scaled.jpg?fit=968%2C645&ssl=1&resize=350%2C200","width":350,"height":200,"srcset":"https:\/\/i0.wp.com\/noticiasribeiraopreto.com.br\/wp-content\/uploads\/2024\/03\/00-22-mar-2024-professora-briga-foto-alfredo-risk-scaled.jpg?fit=968%2C645&ssl=1&resize=350%2C200 1x, https:\/\/i0.wp.com\/noticiasribeiraopreto.com.br\/wp-content\/uploads\/2024\/03\/00-22-mar-2024-professora-briga-foto-alfredo-risk-scaled.jpg?fit=968%2C645&ssl=1&resize=525%2C300 1.5x, https:\/\/i0.wp.com\/noticiasribeiraopreto.com.br\/wp-content\/uploads\/2024\/03\/00-22-mar-2024-professora-briga-foto-alfredo-risk-scaled.jpg?fit=968%2C645&ssl=1&resize=700%2C400 2x"},"classes":[]},{"id":59587,"url":"https:\/\/noticiasribeiraopreto.com.br\/index.php\/2024\/10\/26\/uma-mulher-ficou-ferida-apos-carro-capotar-na-zona-leste-de-ribeirao\/","url_meta":{"origin":76619,"position":1},"title":"Uma mulher ficou ferida ap\u00f3s carro capotar na zona Leste de Ribeir\u00e3o","author":"noticiasribeiraopreto.com.br","date":"26 de October de 2024","format":false,"excerpt":"Um acidente envolvendo dois carros deixou uma mulher ferida na noite desta sexta-feira (25), na avenida Henri Nestl\u00e9, zona Leste de Ribeir\u00e3o Preto. De acordo com a Pol\u00edcia Militar, a motorista de um dos ve\u00edculos teria perdido o controle da dire\u00e7\u00e3o, batido contra a traseira de outro carro e capotado.\u2026","rel":"","context":"In &quot;Not\u00edcias de Ribeir\u00e3o Preto-SP e Regi\u00e3o&quot;","block_context":{"text":"Not\u00edcias de Ribeir\u00e3o Preto-SP e Regi\u00e3o","link":"https:\/\/noticiasribeiraopreto.com.br\/index.php\/category\/noticias-de-ribeirao-preto-sp-e-regiao-ismael-colosi\/"},"img":{"alt_text":"","src":"https:\/\/i0.wp.com\/noticiasribeiraopreto.com.br\/wp-content\/uploads\/2024\/10\/Copia-de-Copia-de-Copia-de-TAMANHO-EXATO-PARA-FOTOS-NO-SISTEMA-NOVO-50_2024-10-26_13-55-38_png_2024-10-26_13-55-39.webp.webp?fit=1200%2C675&ssl=1&resize=350%2C200","width":350,"height":200,"srcset":"https:\/\/i0.wp.com\/noticiasribeiraopreto.com.br\/wp-content\/uploads\/2024\/10\/Copia-de-Copia-de-Copia-de-TAMANHO-EXATO-PARA-FOTOS-NO-SISTEMA-NOVO-50_2024-10-26_13-55-38_png_2024-10-26_13-55-39.webp.webp?fit=1200%2C675&ssl=1&resize=350%2C200 1x, https:\/\/i0.wp.com\/noticiasribeiraopreto.com.br\/wp-content\/uploads\/2024\/10\/Copia-de-Copia-de-Copia-de-TAMANHO-EXATO-PARA-FOTOS-NO-SISTEMA-NOVO-50_2024-10-26_13-55-38_png_2024-10-26_13-55-39.webp.webp?fit=1200%2C675&ssl=1&resize=525%2C300 1.5x, https:\/\/i0.wp.com\/noticiasribeiraopreto.com.br\/wp-content\/uploads\/2024\/10\/Copia-de-Copia-de-Copia-de-TAMANHO-EXATO-PARA-FOTOS-NO-SISTEMA-NOVO-50_2024-10-26_13-55-38_png_2024-10-26_13-55-39.webp.webp?fit=1200%2C675&ssl=1&resize=700%2C400 2x, https:\/\/i0.wp.com\/noticiasribeiraopreto.com.br\/wp-content\/uploads\/2024\/10\/Copia-de-Copia-de-Copia-de-TAMANHO-EXATO-PARA-FOTOS-NO-SISTEMA-NOVO-50_2024-10-26_13-55-38_png_2024-10-26_13-55-39.webp.webp?fit=1200%2C675&ssl=1&resize=1050%2C600 3x"},"classes":[]},{"id":59591,"url":"https:\/\/noticiasribeiraopreto.com.br\/index.php\/2024\/10\/26\/mulher-fica-ferida-apos-carro-capotar-na-zona-leste-de-ribeirao\/","url_meta":{"origin":76619,"position":2},"title":"Mulher fica ferida ap\u00f3s carro capotar na zona Leste de Ribeir\u00e3o","author":"noticiasribeiraopreto.com.br","date":"26 de October de 2024","format":false,"excerpt":"Um acidente envolvendo dois carros deixou uma mulher ferida na noite desta sexta-feira (25), na avenida Henri Nestl\u00e9, zona Leste de Ribeir\u00e3o Preto. De acordo com a Pol\u00edcia Militar, a motorista de um dos ve\u00edculos teria perdido o controle da dire\u00e7\u00e3o, batido contra a traseira de outro carro e capotado.\u2026","rel":"","context":"In &quot;Not\u00edcias de Ribeir\u00e3o Preto-SP e Regi\u00e3o&quot;","block_context":{"text":"Not\u00edcias de Ribeir\u00e3o Preto-SP e Regi\u00e3o","link":"https:\/\/noticiasribeiraopreto.com.br\/index.php\/category\/noticias-de-ribeirao-preto-sp-e-regiao-ismael-colosi\/"},"img":{"alt_text":"","src":"https:\/\/i0.wp.com\/noticiasribeiraopreto.com.br\/wp-content\/uploads\/2024\/10\/Copia-de-Copia-de-Copia-de-TAMANHO-EXATO-PARA-FOTOS-NO-SISTEMA-NOVO-50_2024-10-26_13-55-38_png_2024-10-26_13-55-39.webp.webp?fit=1200%2C675&ssl=1&resize=350%2C200","width":350,"height":200,"srcset":"https:\/\/i0.wp.com\/noticiasribeiraopreto.com.br\/wp-content\/uploads\/2024\/10\/Copia-de-Copia-de-Copia-de-TAMANHO-EXATO-PARA-FOTOS-NO-SISTEMA-NOVO-50_2024-10-26_13-55-38_png_2024-10-26_13-55-39.webp.webp?fit=1200%2C675&ssl=1&resize=350%2C200 1x, https:\/\/i0.wp.com\/noticiasribeiraopreto.com.br\/wp-content\/uploads\/2024\/10\/Copia-de-Copia-de-Copia-de-TAMANHO-EXATO-PARA-FOTOS-NO-SISTEMA-NOVO-50_2024-10-26_13-55-38_png_2024-10-26_13-55-39.webp.webp?fit=1200%2C675&ssl=1&resize=525%2C300 1.5x, https:\/\/i0.wp.com\/noticiasribeiraopreto.com.br\/wp-content\/uploads\/2024\/10\/Copia-de-Copia-de-Copia-de-TAMANHO-EXATO-PARA-FOTOS-NO-SISTEMA-NOVO-50_2024-10-26_13-55-38_png_2024-10-26_13-55-39.webp.webp?fit=1200%2C675&ssl=1&resize=700%2C400 2x, https:\/\/i0.wp.com\/noticiasribeiraopreto.com.br\/wp-content\/uploads\/2024\/10\/Copia-de-Copia-de-Copia-de-TAMANHO-EXATO-PARA-FOTOS-NO-SISTEMA-NOVO-50_2024-10-26_13-55-38_png_2024-10-26_13-55-39.webp.webp?fit=1200%2C675&ssl=1&resize=1050%2C600 3x"},"classes":[]},{"id":84185,"url":"https:\/\/noticiasribeiraopreto.com.br\/index.php\/2026\/04\/03\/carro-fica-destruido-apos-ser-atingido-em-avenida-de-ribeirao-preto\/","url_meta":{"origin":76619,"position":3},"title":"Carro fica destru\u00eddo ap\u00f3s ser atingido em avenida de Ribeir\u00e3o Preto","author":"noticiasribeiraopreto.com.br","date":"3 de April de 2026","format":false,"excerpt":"Ler o resumo da not\u00edcia Carro fica destru\u00eddo ap\u00f3s ser atingido em avenida de Ribeir\u00e3o Preto Um homem fugiu do local de um acidente no cruzamento das avenidas Recife e Thomaz Alberto Whately, na zona Norte de Ribeir\u00e3o Preto, na manh\u00e3 desta sexta-feira (3), ap\u00f3s bater duas vezes na traseira\u2026","rel":"","context":"In &quot;Not\u00edcias de Ribeir\u00e3o Preto-SP e Regi\u00e3o&quot;","block_context":{"text":"Not\u00edcias de Ribeir\u00e3o Preto-SP e Regi\u00e3o","link":"https:\/\/noticiasribeiraopreto.com.br\/index.php\/category\/noticias-de-ribeirao-preto-sp-e-regiao-ismael-colosi\/"},"img":{"alt_text":"","src":"https:\/\/i0.wp.com\/noticiasribeiraopreto.com.br\/wp-content\/uploads\/2026\/04\/acidente-capa_2026-04-03_15-31-01.webp.webp?fit=1200%2C675&ssl=1&resize=350%2C200","width":350,"height":200,"srcset":"https:\/\/i0.wp.com\/noticiasribeiraopreto.com.br\/wp-content\/uploads\/2026\/04\/acidente-capa_2026-04-03_15-31-01.webp.webp?fit=1200%2C675&ssl=1&resize=350%2C200 1x, https:\/\/i0.wp.com\/noticiasribeiraopreto.com.br\/wp-content\/uploads\/2026\/04\/acidente-capa_2026-04-03_15-31-01.webp.webp?fit=1200%2C675&ssl=1&resize=525%2C300 1.5x, https:\/\/i0.wp.com\/noticiasribeiraopreto.com.br\/wp-content\/uploads\/2026\/04\/acidente-capa_2026-04-03_15-31-01.webp.webp?fit=1200%2C675&ssl=1&resize=700%2C400 2x, https:\/\/i0.wp.com\/noticiasribeiraopreto.com.br\/wp-content\/uploads\/2026\/04\/acidente-capa_2026-04-03_15-31-01.webp.webp?fit=1200%2C675&ssl=1&resize=1050%2C600 3x"},"classes":[]},{"id":83105,"url":"https:\/\/noticiasribeiraopreto.com.br\/index.php\/2026\/03\/09\/mulher-fica-ferida-apos-capotar-veiculo\/","url_meta":{"origin":76619,"position":4},"title":"Mulher fica ferida ap\u00f3s capotar ve\u00edculo","author":"noticiasribeiraopreto.com.br","date":"9 de March de 2026","format":false,"excerpt":"\r Acidente envolveu \u00f4nibus do transporte coletivo urbano de Ribeir\u00e3o Preto\r \r 9 de mar\u00e7o de 2026 11:02 \r Compartilhar1 Por: Alfredo Risk e Adalberto Luque \u2013 Uma mulher ficou ferida ap\u00f3s sofrer um capotamento, na manh\u00e3 desta segunda-feira (8). O acidente ocorreu no final da avenida Dom Pedro, pr\u00f3ximo\u2026","rel":"","context":"In &quot;Not\u00edcias de Ribeir\u00e3o Preto-SP e Regi\u00e3o&quot;","block_context":{"text":"Not\u00edcias de Ribeir\u00e3o Preto-SP e Regi\u00e3o","link":"https:\/\/noticiasribeiraopreto.com.br\/index.php\/category\/noticias-de-ribeirao-preto-sp-e-regiao-ismael-colosi\/"},"img":{"alt_text":"","src":"https:\/\/i0.wp.com\/noticiasribeiraopreto.com.br\/wp-content\/uploads\/2026\/03\/09-mar-2026-acidentecocacola-scaled.jpg?fit=1170%2C780&ssl=1&resize=350%2C200","width":350,"height":200,"srcset":"https:\/\/i0.wp.com\/noticiasribeiraopreto.com.br\/wp-content\/uploads\/2026\/03\/09-mar-2026-acidentecocacola-scaled.jpg?fit=1170%2C780&ssl=1&resize=350%2C200 1x, https:\/\/i0.wp.com\/noticiasribeiraopreto.com.br\/wp-content\/uploads\/2026\/03\/09-mar-2026-acidentecocacola-scaled.jpg?fit=1170%2C780&ssl=1&resize=525%2C300 1.5x, https:\/\/i0.wp.com\/noticiasribeiraopreto.com.br\/wp-content\/uploads\/2026\/03\/09-mar-2026-acidentecocacola-scaled.jpg?fit=1170%2C780&ssl=1&resize=700%2C400 2x, https:\/\/i0.wp.com\/noticiasribeiraopreto.com.br\/wp-content\/uploads\/2026\/03\/09-mar-2026-acidentecocacola-scaled.jpg?fit=1170%2C780&ssl=1&resize=1050%2C600 3x"},"classes":[]},{"id":74792,"url":"https:\/\/noticiasribeiraopreto.com.br\/index.php\/2025\/07\/29\/motociclista-fica-ferida-apos-batida-entre-moto-e-carro-em-avenida-de-ribeirao-preto\/","url_meta":{"origin":76619,"position":5},"title":"Motociclista fica ferida ap\u00f3s batida entre moto e carro em avenida de Ribeir\u00e3o Preto","author":"noticiasribeiraopreto.com.br","date":"29 de July de 2025","format":false,"excerpt":"Uma motociclista de 27 anos ficou ferida na manh\u00e3 desta ter\u00e7a-feira (29), depois de se envolver em uma batida com um carro, em um acesso da Via Francisco Maggioni para a avenida Ant\u00f4nio e Helena Zerrener, em Ribeir\u00e3o Preto. A v\u00edtima foi socorrida por uma equipe do Samu e encaminhada\u2026","rel":"","context":"In &quot;Not\u00edcias de Ribeir\u00e3o Preto-SP e Regi\u00e3o&quot;","block_context":{"text":"Not\u00edcias de Ribeir\u00e3o Preto-SP e Regi\u00e3o","link":"https:\/\/noticiasribeiraopreto.com.br\/index.php\/category\/noticias-de-ribeirao-preto-sp-e-regiao-ismael-colosi\/"},"img":{"alt_text":"","src":"https:\/\/i0.wp.com\/noticiasribeiraopreto.com.br\/wp-content\/uploads\/2025\/07\/ACIDENTE-2_2025-07-29_12-16-04.webp.webp?fit=1200%2C773&ssl=1&resize=350%2C200","width":350,"height":200,"srcset":"https:\/\/i0.wp.com\/noticiasribeiraopreto.com.br\/wp-content\/uploads\/2025\/07\/ACIDENTE-2_2025-07-29_12-16-04.webp.webp?fit=1200%2C773&ssl=1&resize=350%2C200 1x, https:\/\/i0.wp.com\/noticiasribeiraopreto.com.br\/wp-content\/uploads\/2025\/07\/ACIDENTE-2_2025-07-29_12-16-04.webp.webp?fit=1200%2C773&ssl=1&resize=525%2C300 1.5x, https:\/\/i0.wp.com\/noticiasribeiraopreto.com.br\/wp-content\/uploads\/2025\/07\/ACIDENTE-2_2025-07-29_12-16-04.webp.webp?fit=1200%2C773&ssl=1&resize=700%2C400 2x, https:\/\/i0.wp.com\/noticiasribeiraopreto.com.br\/wp-content\/uploads\/2025\/07\/ACIDENTE-2_2025-07-29_12-16-04.webp.webp?fit=1200%2C773&ssl=1&resize=1050%2C600 3x"},"classes":[]}],"jetpack_sharing_enabled":true,"jetpack_shortlink":"https:\/\/wp.me\/peQAOb-jVN","_links":{"self":[{"href":"https:\/\/noticiasribeiraopreto.com.br\/index.php\/wp-json\/wp\/v2\/posts\/76619","targetHints":{"allow":["GET"]}}],"collection":[{"href":"https:\/\/noticiasribeiraopreto.com.br\/index.php\/wp-json\/wp\/v2\/posts"}],"about":[{"href":"https:\/\/noticiasribeiraopreto.com.br\/index.php\/wp-json\/wp\/v2\/types\/post"}],"author":[{"embeddable":true,"href":"https:\/\/noticiasribeiraopreto.com.br\/index.php\/wp-json\/wp\/v2\/users\/1"}],"replies":[{"embeddable":true,"href":"https:\/\/noticiasribeiraopreto.com.br\/index.php\/wp-json\/wp\/v2\/comments?post=76619"}],"version-history":[{"count":0,"href":"https:\/\/noticiasribeiraopreto.com.br\/index.php\/wp-json\/wp\/v2\/posts\/76619\/revisions"}],"wp:featuredmedia":[{"embeddable":true,"href":"https:\/\/noticiasribeiraopreto.com.br\/index.php\/wp-json\/wp\/v2\/media\/76620"}],"wp:attachment":[{"href":"https:\/\/noticiasribeiraopreto.com.br\/index.php\/wp-json\/wp\/v2\/media?parent=76619"}],"wp:term":[{"taxonomy":"category","embeddable":true,"href":"https:\/\/noticiasribeiraopreto.com.br\/index.php\/wp-json\/wp\/v2\/categories?post=76619"},{"taxonomy":"post_tag","embeddable":true,"href":"https:\/\/noticiasribeiraopreto.com.br\/index.php\/wp-json\/wp\/v2\/tags?post=76619"}],"curies":[{"name":"wp","href":"https:\/\/api.w.org\/{rel}","templated":true}]}}