{"id":76621,"date":"2025-09-02T11:23:33","date_gmt":"2025-09-02T14:23:33","guid":{"rendered":"https:\/\/noticiasribeiraopreto.com.br\/index.php\/2025\/09\/02\/faculdade-de-medicina-de-ribeirao-precisa-de-voluntarias-para-estudos-com-ayahuasca\/"},"modified":"2025-09-02T11:23:33","modified_gmt":"2025-09-02T14:23:33","slug":"faculdade-de-medicina-de-ribeirao-precisa-de-voluntarias-para-estudos-com-ayahuasca","status":"publish","type":"post","link":"https:\/\/noticiasribeiraopreto.com.br\/index.php\/2025\/09\/02\/faculdade-de-medicina-de-ribeirao-precisa-de-voluntarias-para-estudos-com-ayahuasca\/","title":{"rendered":"Faculdade de Medicina de Ribeir\u00e3o precisa de volunt\u00e1rias para estudos com ayahuasca"},"content":{"rendered":"<div class='code-block code-block-1' style='margin: 8px 0 8px auto; text-align: right; display: block; clear: both;'>\n<p><a href=\"https:\/\/wa.link\/vpicfd\"><img data-recalc-dims=\"1\" class=\"wp-image-4922\" style=\"aspect-ratio: 2.0253164556962027; width: 561px; height: auto;\" src=\"https:\/\/i0.wp.com\/ismaelcolosi.com.br\/wp-content\/uploads\/2023\/11\/grupo-de-empregos-whatsapp-e-facebook-ismael-colosi-vagas.jpg?ssl=1\" alt=\"\" \/><\/a><\/p>\n<!-- \/wp:image -->\n<\/div>\n<p> <br \/>\n<\/p>\n<div data-td-block-uid=\"tdi_95\">\n<div class=\"tdb-block-inner td-fix-index\">\n<p>A <strong>Faculdade de Medicina de Ribeir\u00e3o Preto da USP<\/strong> est\u00e1 em busca de <strong>volunt\u00e1rias <\/strong>para dois estudos com <strong>ayahuasca<\/strong>, bebida feita a partir da chacrona (Psychotria viridis) e do cip\u00f3 jagube ou mariri (Banisteriopsis caapi), e <strong>cetamina<\/strong>, um anest\u00e9sico.<\/p>\n<h2 class=\"wp-block-heading\"><strong>Efeito no ciclo menstrual<\/strong><\/h2>\n<p>O primeiro estudo busca avaliar o <strong>efeito da ayahuasca<\/strong> ou <strong>cetamina <\/strong>no ciclo menstrual e nos sintomas de TPM (Tens\u00e3o Pr\u00e9-Menstrual) em mulheres saud\u00e1veis com ciclo menstrual regular, <mark style=\"background-color:#fcb900\" class=\"has-inline-color\">que tenham entre 18 e 45 anos, n\u00e3o fa\u00e7am uso de medicamentos psicotr\u00f3picos ou contraceptivos orais hormonais de uso cont\u00ednuo e apresentem bom estado geral de sa\u00fade<\/mark>.<\/p>\n<p>Para participar, as interessadas devem residir em <strong>Ribeir\u00e3o Preto ou regi\u00e3o<\/strong> e devem entrar em contato via e-mail: tainibellucci@gmail.com.<\/p>\n<div class=\"wp-block-image\">\n<figure class=\"aligncenter size-full is-resized\"><img data-recalc-dims=\"1\" fetchpriority=\"high\" decoding=\"async\" width=\"1000\" height=\"751\" src=\"https:\/\/i0.wp.com\/cdn.media-acidadeon.com.br\/ribeiraopreto\/wp-content\/uploads\/sites\/3\/2023\/08\/ayahuasca.jpg?resize=1000%2C751&#038;ssl=1\" alt=\"Dois estudos da USP de Ribeir\u00e3o Preto precisam de volunt\u00e1rios - Foto: Reprodu\u00e7\u00e3o\/ Freepik.\" class=\"wp-image-14264\" style=\"width:654px\" title=\"Faculdade de Medicina de Ribeir\u00e3o precisa de volunt\u00e1rias para estudos com ayahuasca 1\"\/><figcaption class=\"wp-element-caption\">Dois estudos da USP de Ribeir\u00e3o Preto precisam de volunt\u00e1rios \u2013 Foto: Reprodu\u00e7\u00e3o\/ Freepik.<\/figcaption><\/figure>\n<\/div>\n<h2 class=\"wp-block-heading\"><strong>Estudo sobre percep\u00e7\u00e3o corporal e da autoimagem<\/strong><\/h2>\n<p>J\u00e1 o outro estudo prop\u00f5e <strong>avaliar o efeito da ayahuasca<\/strong> ou <strong>cetamina <\/strong>na percep\u00e7\u00e3o corporal e da autoimagem em mulheres.<\/p>\n<p><mark style=\"background-color:#fcb900\" class=\"has-inline-color\">As participantes devem ter entre 18 e 60 anos, um bom estado de sa\u00fade geral e n\u00e3o podem fazer uso de medicamentos psicoativos.<\/mark><\/p>\n<p>Para participar, as interessadas devem residir em Ribeir\u00e3o Preto ou regi\u00e3o e devem entrar em contato via e-mail: carolinecarvg@gmail.com.<\/p>\n<hr class=\"wp-block-separator has-alpha-channel-opacity\"\/>\n<p>SAIBA MAIS<\/p>\n<p>\u2018Eu n\u00e3o sei de fato o que aconteceu\u2019, diz brasileiro que saiu do coma na Gr\u00e9cia<\/p>\n<h2 class=\"wp-block-heading\"><strong>FIQUE ON<\/strong><\/h2>\n<p>Fique ligado em tudo que acontece em Ribeir\u00e3o Preto e regi\u00e3o. Siga os perfis do\u00a0<strong>acidade on<\/strong>\u00a0no\u00a0<strong><a href=\"https:\/\/www.instagram.com\/acidadeonribeirao\" target=\"_blank\" rel=\"noreferrer noopener\">Instagram<\/a><\/strong>\u00a0e no\u00a0<a href=\"https:\/\/www.facebook.com\/acidadeonribeirao\/\" target=\"_blank\" rel=\"noreferrer noopener\"><strong>Facebook<\/strong><\/a>.<\/p>\n<p>Receba not\u00edcias do<strong>\u00a0acidade on<\/strong>\u00a0no WhatsApp. Para entrar no grupo,\u00a0basta\u00a0<a href=\"https:\/\/chat.whatsapp.com\/I4nieTEMKlf50pJ28aMemC?mode=ac_t\" target=\"_blank\" rel=\"noreferrer noopener\">clicar aqui<\/a>. Ou, acesse o nosso\u00a0Canal\u00a0<a href=\"https:\/\/whatsapp.com\/channel\/0029Vb6IQl1JENyAeS57fk2p\" target=\"_blank\" rel=\"noreferrer noopener\">clicando aqui<\/a>.<\/p>\n<p>Fa\u00e7a uma den\u00fancia ou sugira uma reportagem sobre Ribeir\u00e3o Preto e regi\u00e3o pelo WhatsApp: 16 99117 7802.<\/p>\n<p>VEJA TAMB\u00c9M<\/p>\n<p>Por que Bolsonaro n\u00e3o vai a julgamento?<\/p>\n<p><!-- AI CONTENT END 1 -->\n<\/div>\n<\/div>\n<p><script async src=\"\/\/www.instagram.com\/embed.js\"><\/script><br \/>\n<br \/><br \/>\n<br \/><a href=\"https:\/\/www.acidadeon.com\/ribeiraopreto\/cotidiano\/faculdade-de-medicina-de-ribeirao-precisa-de-voluntarias-para-estudos-com-ayahuasca\/\">Source link <\/a><\/p>\n<!-- CONTENT END 1 -->\n","protected":false},"excerpt":{"rendered":"<p>A Faculdade de Medicina de Ribeir\u00e3o Preto da USP est\u00e1 em busca de volunt\u00e1rias para dois estudos com ayahuasca, bebida feita a partir da chacrona&#8230;<\/p>\n","protected":false},"author":1,"featured_media":76622,"comment_status":"open","ping_status":"open","sticky":false,"template":"","format":"standard","meta":{"advanced_seo_description":"","jetpack_seo_html_title":"","jetpack_seo_noindex":false,"jetpack_post_was_ever_published":false,"_jetpack_newsletter_access":"","_jetpack_dont_email_post_to_subs":false,"_jetpack_newsletter_tier_id":0,"_jetpack_memberships_contains_paywalled_content":false,"_jetpack_memberships_contains_paid_content":false,"footnotes":"","jetpack_publicize_message":"","jetpack_publicize_feature_enabled":true,"jetpack_social_post_already_shared":true,"jetpack_social_options":{"image_generator_settings":{"template":"highway","default_image_id":0,"font":"","enabled":false},"version":2}},"categories":[11],"tags":[],"class_list":["post-76621","post","type-post","status-publish","format-standard","has-post-thumbnail","hentry","category-noticias-de-ribeirao-preto-sp-e-regiao-ismael-colosi"],"jetpack_publicize_connections":[],"jetpack_featured_media_url":"https:\/\/i0.wp.com\/noticiasribeiraopreto.com.br\/wp-content\/uploads\/2025\/09\/ayahuasca.jpg?fit=1000%2C751&ssl=1","jetpack-related-posts":[{"id":39692,"url":"https:\/\/noticiasribeiraopreto.com.br\/index.php\/2024\/02\/27\/usp-ribeirao-ainda-precisa-de-voluntarios-para-pesquisas-com-ayahuasca\/","url_meta":{"origin":76621,"position":0},"title":"USP Ribeir\u00e3o ainda precisa de volunt\u00e1rios para pesquisas com ayahuasca","author":"noticiasribeiraopreto.com.br","date":"27 de February de 2024","format":false,"excerpt":"A Faculdade de Medicina de Ribeir\u00e3o Preto (FMRP) da USP (Universidade de S\u00e3o Paulo) ainda est\u00e1 em busca de volunt\u00e1rios para cinco pesquisas sobre a ayahuasca, bebida preparada a partir de duas plantas amaz\u00f4nicas, a Psychotria viridis (chacrona), e a Banisteriosis caapi (cip\u00f3 jagube). Os pesquisadores tamb\u00e9m buscam volunt\u00e1rios para\u2026","rel":"","context":"In &quot;Not\u00edcias de Ribeir\u00e3o Preto-SP e Regi\u00e3o&quot;","block_context":{"text":"Not\u00edcias de Ribeir\u00e3o Preto-SP e Regi\u00e3o","link":"https:\/\/noticiasribeiraopreto.com.br\/index.php\/category\/noticias-de-ribeirao-preto-sp-e-regiao-ismael-colosi\/"},"img":{"alt_text":"","src":"https:\/\/i0.wp.com\/noticiasribeiraopreto.com.br\/wp-content\/uploads\/2024\/02\/santo_daime_1024x576_16092021114557.jpg?fit=1024%2C575&ssl=1&resize=350%2C200","width":350,"height":200,"srcset":"https:\/\/i0.wp.com\/noticiasribeiraopreto.com.br\/wp-content\/uploads\/2024\/02\/santo_daime_1024x576_16092021114557.jpg?fit=1024%2C575&ssl=1&resize=350%2C200 1x, https:\/\/i0.wp.com\/noticiasribeiraopreto.com.br\/wp-content\/uploads\/2024\/02\/santo_daime_1024x576_16092021114557.jpg?fit=1024%2C575&ssl=1&resize=525%2C300 1.5x, https:\/\/i0.wp.com\/noticiasribeiraopreto.com.br\/wp-content\/uploads\/2024\/02\/santo_daime_1024x576_16092021114557.jpg?fit=1024%2C575&ssl=1&resize=700%2C400 2x"},"classes":[]},{"id":42039,"url":"https:\/\/noticiasribeiraopreto.com.br\/index.php\/2024\/03\/12\/estudos-buscam-compreender-os-potenciais-terapeuticos-da-ayahuasca\/","url_meta":{"origin":76621,"position":1},"title":"USP de RP busca compreender os potenciais terap\u00eauticos da ayahuasca","author":"noticiasribeiraopreto.com.br","date":"12 de March de 2024","format":false,"excerpt":"Sempre que os pesquisadores solicitam volunt\u00e1rios para estudos sobre as propriedades terap\u00eauticas da ayahuasca \u00e9 comum as pessoas terem d\u00favidas, medo de participar e at\u00e9 questionarem a validade dessas pesquisas.\u00a0A ayahuasca \u00e9 rica em dimetiltriptamina e beta-carbolinas, \u00e9 uma bebida de efeitos psicoativos e largamente estudada nos maiores centros de\u2026","rel":"","context":"In &quot;Not\u00edcias de Ribeir\u00e3o Preto-SP e Regi\u00e3o&quot;","block_context":{"text":"Not\u00edcias de Ribeir\u00e3o Preto-SP e Regi\u00e3o","link":"https:\/\/noticiasribeiraopreto.com.br\/index.php\/category\/noticias-de-ribeirao-preto-sp-e-regiao-ismael-colosi\/"},"img":{"alt_text":"","src":"https:\/\/i0.wp.com\/noticiasribeiraopreto.com.br\/wp-content\/uploads\/2024\/03\/3d5fd3e2-97f4-410f-9481-ab4f9ebc1c32-scaled.jpg?fit=1000%2C524&ssl=1&resize=350%2C200","width":350,"height":200,"srcset":"https:\/\/i0.wp.com\/noticiasribeiraopreto.com.br\/wp-content\/uploads\/2024\/03\/3d5fd3e2-97f4-410f-9481-ab4f9ebc1c32-scaled.jpg?fit=1000%2C524&ssl=1&resize=350%2C200 1x, https:\/\/i0.wp.com\/noticiasribeiraopreto.com.br\/wp-content\/uploads\/2024\/03\/3d5fd3e2-97f4-410f-9481-ab4f9ebc1c32-scaled.jpg?fit=1000%2C524&ssl=1&resize=525%2C300 1.5x, https:\/\/i0.wp.com\/noticiasribeiraopreto.com.br\/wp-content\/uploads\/2024\/03\/3d5fd3e2-97f4-410f-9481-ab4f9ebc1c32-scaled.jpg?fit=1000%2C524&ssl=1&resize=700%2C400 2x"},"classes":[]},{"id":70833,"url":"https:\/\/noticiasribeiraopreto.com.br\/index.php\/2025\/05\/30\/usp-busca-maes-voluntarias-para-estudo-sobre-interacoes-familiares-veja-como-participar\/","url_meta":{"origin":76621,"position":2},"title":"USP busca m\u00e3es volunt\u00e1rias para estudo sobre intera\u00e7\u00f5es familiares; Veja como participar","author":"noticiasribeiraopreto.com.br","date":"30 de May de 2025","format":false,"excerpt":"A USP (Universidade de S\u00e3o Paulo) de Ribeir\u00e3o Preto est\u00e1 em busca de voluntarias para participar da pesquisa \u201cDepress\u00e3o e Ansiedade Materna: Associa\u00e7\u00f5es com as Intera\u00e7\u00f5es Familiares e os Problemas Comportamentais de Escolares\u201d. O objetivo \u00e9 avaliar as percep\u00e7\u00f5es de m\u00e3es e filhos sobre as intera\u00e7\u00f5es familiares, com foco na\u2026","rel":"","context":"In &quot;Not\u00edcias de Ribeir\u00e3o Preto-SP e Regi\u00e3o&quot;","block_context":{"text":"Not\u00edcias de Ribeir\u00e3o Preto-SP e Regi\u00e3o","link":"https:\/\/noticiasribeiraopreto.com.br\/index.php\/category\/noticias-de-ribeirao-preto-sp-e-regiao-ismael-colosi\/"},"img":{"alt_text":"","src":"https:\/\/i0.wp.com\/noticiasribeiraopreto.com.br\/wp-content\/uploads\/2025\/05\/mother-spending-time-with-her-child_2025-05-30_14-46-59.webp.webp?fit=1200%2C800&ssl=1&resize=350%2C200","width":350,"height":200,"srcset":"https:\/\/i0.wp.com\/noticiasribeiraopreto.com.br\/wp-content\/uploads\/2025\/05\/mother-spending-time-with-her-child_2025-05-30_14-46-59.webp.webp?fit=1200%2C800&ssl=1&resize=350%2C200 1x, https:\/\/i0.wp.com\/noticiasribeiraopreto.com.br\/wp-content\/uploads\/2025\/05\/mother-spending-time-with-her-child_2025-05-30_14-46-59.webp.webp?fit=1200%2C800&ssl=1&resize=525%2C300 1.5x, https:\/\/i0.wp.com\/noticiasribeiraopreto.com.br\/wp-content\/uploads\/2025\/05\/mother-spending-time-with-her-child_2025-05-30_14-46-59.webp.webp?fit=1200%2C800&ssl=1&resize=700%2C400 2x, https:\/\/i0.wp.com\/noticiasribeiraopreto.com.br\/wp-content\/uploads\/2025\/05\/mother-spending-time-with-her-child_2025-05-30_14-46-59.webp.webp?fit=1200%2C800&ssl=1&resize=1050%2C600 3x"},"classes":[]},{"id":57602,"url":"https:\/\/noticiasribeiraopreto.com.br\/index.php\/2024\/09\/05\/usp-ribeirao-busca-voluntarias-negras-para-pesquisa-sobre-cosmeticos\/","url_meta":{"origin":76621,"position":3},"title":"USP Ribeir\u00e3o busca volunt\u00e1rias negras para pesquisa sobre cosm\u00e9ticos","author":"noticiasribeiraopreto.com.br","date":"5 de September de 2024","format":false,"excerpt":"A Faculdade de Ci\u00eancias Farmac\u00eauticas de Ribeir\u00e3o Preto (FCFRP), da USP, precisa de volunt\u00e1rias para um estudo cl\u00ednico sobre cosm\u00e9ticos para pele negra. Mulheres negras com idades entre 18 e 32 anos podem participar. As volunt\u00e1rias passar\u00e3o por testes n\u00e3o invasivos e procedimentos que n\u00e3o causam dor ou desconforto. De\u2026","rel":"","context":"In &quot;Not\u00edcias de Ribeir\u00e3o Preto-SP e Regi\u00e3o&quot;","block_context":{"text":"Not\u00edcias de Ribeir\u00e3o Preto-SP e Regi\u00e3o","link":"https:\/\/noticiasribeiraopreto.com.br\/index.php\/category\/noticias-de-ribeirao-preto-sp-e-regiao-ismael-colosi\/"},"img":{"alt_text":"","src":"https:\/\/i0.wp.com\/noticiasribeiraopreto.com.br\/wp-content\/uploads\/2024\/09\/positive-curly-haired-woman-applies-facial-clay-mask-keeps-hands-together-looks-with-dreamy-expression_2024-09-05_13-56-43_jpg_2024-09-05_13-56-47-scaled.webp.webp?fit=1200%2C955&ssl=1&resize=350%2C200","width":350,"height":200,"srcset":"https:\/\/i0.wp.com\/noticiasribeiraopreto.com.br\/wp-content\/uploads\/2024\/09\/positive-curly-haired-woman-applies-facial-clay-mask-keeps-hands-together-looks-with-dreamy-expression_2024-09-05_13-56-43_jpg_2024-09-05_13-56-47-scaled.webp.webp?fit=1200%2C955&ssl=1&resize=350%2C200 1x, https:\/\/i0.wp.com\/noticiasribeiraopreto.com.br\/wp-content\/uploads\/2024\/09\/positive-curly-haired-woman-applies-facial-clay-mask-keeps-hands-together-looks-with-dreamy-expression_2024-09-05_13-56-43_jpg_2024-09-05_13-56-47-scaled.webp.webp?fit=1200%2C955&ssl=1&resize=525%2C300 1.5x, https:\/\/i0.wp.com\/noticiasribeiraopreto.com.br\/wp-content\/uploads\/2024\/09\/positive-curly-haired-woman-applies-facial-clay-mask-keeps-hands-together-looks-with-dreamy-expression_2024-09-05_13-56-43_jpg_2024-09-05_13-56-47-scaled.webp.webp?fit=1200%2C955&ssl=1&resize=700%2C400 2x, https:\/\/i0.wp.com\/noticiasribeiraopreto.com.br\/wp-content\/uploads\/2024\/09\/positive-curly-haired-woman-applies-facial-clay-mask-keeps-hands-together-looks-with-dreamy-expression_2024-09-05_13-56-43_jpg_2024-09-05_13-56-47-scaled.webp.webp?fit=1200%2C955&ssl=1&resize=1050%2C600 3x"},"classes":[]},{"id":78019,"url":"https:\/\/noticiasribeiraopreto.com.br\/index.php\/2025\/09\/30\/usp-precisa-de-voluntarios-para-estudo-sobre-gordura-nos-rins-saiba-como-participar\/","url_meta":{"origin":76621,"position":4},"title":"USP precisa de volunt\u00e1rios para estudo sobre gordura nos rins; Saiba como participar","author":"noticiasribeiraopreto.com.br","date":"30 de September de 2025","format":false,"excerpt":"A Faculdade de Medicina de Ribeir\u00e3o Preto da USP (Universidade de S\u00e3o Paulo) est\u00e1 em busca de volunt\u00e1rios para uma pesquisa cl\u00ednica sobre ac\u00famulo de gordura nos rins em pacientes com obesidade grau um. O intuito do estudo \u00e9 avaliar as potenciais consequ\u00eancias desse ac\u00famulo na fun\u00e7\u00e3o renal, na perda\u2026","rel":"","context":"In &quot;Not\u00edcias de Ribeir\u00e3o Preto-SP e Regi\u00e3o&quot;","block_context":{"text":"Not\u00edcias de Ribeir\u00e3o Preto-SP e Regi\u00e3o","link":"https:\/\/noticiasribeiraopreto.com.br\/index.php\/category\/noticias-de-ribeirao-preto-sp-e-regiao-ismael-colosi\/"},"img":{"alt_text":"","src":"https:\/\/i0.wp.com\/noticiasribeiraopreto.com.br\/wp-content\/uploads\/2025\/06\/20170216_00_campus_ribeirao1.webp.webp?fit=800%2C420&ssl=1&resize=350%2C200","width":350,"height":200,"srcset":"https:\/\/i0.wp.com\/noticiasribeiraopreto.com.br\/wp-content\/uploads\/2025\/06\/20170216_00_campus_ribeirao1.webp.webp?fit=800%2C420&ssl=1&resize=350%2C200 1x, https:\/\/i0.wp.com\/noticiasribeiraopreto.com.br\/wp-content\/uploads\/2025\/06\/20170216_00_campus_ribeirao1.webp.webp?fit=800%2C420&ssl=1&resize=525%2C300 1.5x, https:\/\/i0.wp.com\/noticiasribeiraopreto.com.br\/wp-content\/uploads\/2025\/06\/20170216_00_campus_ribeirao1.webp.webp?fit=800%2C420&ssl=1&resize=700%2C400 2x"},"classes":[]},{"id":37500,"url":"https:\/\/noticiasribeiraopreto.com.br\/index.php\/2024\/02\/16\/usp-ribeirao-busca-voluntarios-hipertensos-e-saudaveis-para-estudo-com-substancia-da-beterraba\/","url_meta":{"origin":76621,"position":5},"title":"USP Ribeir\u00e3o busca volunt\u00e1rios hipertensos e saud\u00e1veis para estudo com subst\u00e2ncia da beterraba","author":"noticiasribeiraopreto.com.br","date":"16 de February de 2024","format":false,"excerpt":"Pesquisadores da Faculdade de Medicina (FMRP) e da Escola de Enfermagem (EERP) da USP (Universidade de S\u00e3o Paulo) de Ribeir\u00e3o Preto, est\u00e3o em busca de volunt\u00e1rios hipertensos e volunt\u00e1rios saud\u00e1veis para um estudo. A pesquisa \u201cEstudo comparativo de efeitos anti-hipertensivos e de altera\u00e7\u00f5es bioqu\u00edmicas ap\u00f3s tratamento com extrato de beterraba\u2026","rel":"","context":"In &quot;Not\u00edcias de Ribeir\u00e3o Preto-SP e Regi\u00e3o&quot;","block_context":{"text":"Not\u00edcias de Ribeir\u00e3o Preto-SP e Regi\u00e3o","link":"https:\/\/noticiasribeiraopreto.com.br\/index.php\/category\/noticias-de-ribeirao-preto-sp-e-regiao-ismael-colosi\/"},"img":{"alt_text":"","src":"https:\/\/i0.wp.com\/noticiasribeiraopreto.com.br\/wp-content\/uploads\/2024\/02\/doctor-checking-blood-pressure-scaled.jpg?fit=1200%2C800&ssl=1&resize=350%2C200","width":350,"height":200,"srcset":"https:\/\/i0.wp.com\/noticiasribeiraopreto.com.br\/wp-content\/uploads\/2024\/02\/doctor-checking-blood-pressure-scaled.jpg?fit=1200%2C800&ssl=1&resize=350%2C200 1x, https:\/\/i0.wp.com\/noticiasribeiraopreto.com.br\/wp-content\/uploads\/2024\/02\/doctor-checking-blood-pressure-scaled.jpg?fit=1200%2C800&ssl=1&resize=525%2C300 1.5x, https:\/\/i0.wp.com\/noticiasribeiraopreto.com.br\/wp-content\/uploads\/2024\/02\/doctor-checking-blood-pressure-scaled.jpg?fit=1200%2C800&ssl=1&resize=700%2C400 2x, https:\/\/i0.wp.com\/noticiasribeiraopreto.com.br\/wp-content\/uploads\/2024\/02\/doctor-checking-blood-pressure-scaled.jpg?fit=1200%2C800&ssl=1&resize=1050%2C600 3x"},"classes":[]}],"jetpack_sharing_enabled":true,"jetpack_shortlink":"https:\/\/wp.me\/peQAOb-jVP","_links":{"self":[{"href":"https:\/\/noticiasribeiraopreto.com.br\/index.php\/wp-json\/wp\/v2\/posts\/76621","targetHints":{"allow":["GET"]}}],"collection":[{"href":"https:\/\/noticiasribeiraopreto.com.br\/index.php\/wp-json\/wp\/v2\/posts"}],"about":[{"href":"https:\/\/noticiasribeiraopreto.com.br\/index.php\/wp-json\/wp\/v2\/types\/post"}],"author":[{"embeddable":true,"href":"https:\/\/noticiasribeiraopreto.com.br\/index.php\/wp-json\/wp\/v2\/users\/1"}],"replies":[{"embeddable":true,"href":"https:\/\/noticiasribeiraopreto.com.br\/index.php\/wp-json\/wp\/v2\/comments?post=76621"}],"version-history":[{"count":0,"href":"https:\/\/noticiasribeiraopreto.com.br\/index.php\/wp-json\/wp\/v2\/posts\/76621\/revisions"}],"wp:featuredmedia":[{"embeddable":true,"href":"https:\/\/noticiasribeiraopreto.com.br\/index.php\/wp-json\/wp\/v2\/media\/76622"}],"wp:attachment":[{"href":"https:\/\/noticiasribeiraopreto.com.br\/index.php\/wp-json\/wp\/v2\/media?parent=76621"}],"wp:term":[{"taxonomy":"category","embeddable":true,"href":"https:\/\/noticiasribeiraopreto.com.br\/index.php\/wp-json\/wp\/v2\/categories?post=76621"},{"taxonomy":"post_tag","embeddable":true,"href":"https:\/\/noticiasribeiraopreto.com.br\/index.php\/wp-json\/wp\/v2\/tags?post=76621"}],"curies":[{"name":"wp","href":"https:\/\/api.w.org\/{rel}","templated":true}]}}