{"id":76623,"date":"2025-09-02T11:30:55","date_gmt":"2025-09-02T14:30:55","guid":{"rendered":"https:\/\/noticiasribeiraopreto.com.br\/index.php\/2025\/09\/02\/diversao-em-familia-nicolas-netto-apresenta-show-em-ribeirao-preto\/"},"modified":"2025-09-02T11:30:55","modified_gmt":"2025-09-02T14:30:55","slug":"diversao-em-familia-nicolas-netto-apresenta-show-em-ribeirao-preto","status":"publish","type":"post","link":"https:\/\/noticiasribeiraopreto.com.br\/index.php\/2025\/09\/02\/diversao-em-familia-nicolas-netto-apresenta-show-em-ribeirao-preto\/","title":{"rendered":"Divers\u00e3o em fam\u00edlia: N\u00edcolas Netto apresenta show em Ribeir\u00e3o Preto"},"content":{"rendered":"<div class='code-block code-block-1' style='margin: 8px 0 8px auto; text-align: right; display: block; clear: both;'>\n<p><a href=\"https:\/\/wa.link\/vpicfd\"><img data-recalc-dims=\"1\" class=\"wp-image-4922\" style=\"aspect-ratio: 2.0253164556962027; width: 561px; height: auto;\" src=\"https:\/\/i0.wp.com\/ismaelcolosi.com.br\/wp-content\/uploads\/2023\/11\/grupo-de-empregos-whatsapp-e-facebook-ismael-colosi-vagas.jpg?ssl=1\" alt=\"\" \/><\/a><\/p>\n<!-- \/wp:image -->\n<\/div>\n<p> <br \/>\n<\/p>\n<div>\n<p>O cantor e criador de conte\u00fado <strong>N\u00edcolas Netto<\/strong>, de apenas 11 anos, se apresenta em <strong>Ribeir\u00e3o Preto<\/strong> neste <strong>domingo (7)<\/strong>, no <strong>Espa\u00e7o Dom Pedro<\/strong>, a partir das <strong>17h<\/strong>, com o espet\u00e1culo \u201c<strong>Explos\u00e3o de Alegria<\/strong>\u201d.<\/p>\n<p>A apresenta\u00e7\u00e3o re\u00fane <strong>m\u00fasica, dan\u00e7a, brincadeiras e intera\u00e7\u00e3o com a plateia<\/strong>, criando uma experi\u00eancia envolvente para crian\u00e7as e adultos.<\/p>\n<p><strong>N\u00edcolas<\/strong> come\u00e7ou sua trajet\u00f3ria art\u00edstica aos <strong>oito anos<\/strong>, quando comp\u00f4s as primeiras m\u00fasicas autorais, \u201c<strong>Avi\u00e3ozinho de Papel<\/strong>\u201d e \u201c<strong>Menina Linda<\/strong>\u201d. <\/p>\n<p>O repert\u00f3rio do artista mirim inclui sucessos como \u201cCrocodilo\u201d, \u201cRock do P\u00e3o\u201d, \u201cModo Turbo Ativar\u201d, \u201cGarota Fant\u00e1stica\u201d e \u201cDan\u00e7a do Espaguete\u201d, al\u00e9m do hit \u201cM\u00fasica em Divers\u00e3o\u201d.<\/p>\n<h2 class=\"wp-block-heading\"><strong>Ingressos<\/strong><\/h2>\n<p>Os ingressos para o show \u201c<strong>Explos\u00e3o de Alegria<\/strong>\u201d j\u00e1 est\u00e3o dispon\u00edveis <strong>on-line <a href=\"https:\/\/www.diskingressos.com.br\/event\/1162\" target=\"_blank\" rel=\"noopener\">(clique aqui)<\/a><\/strong>, com pre\u00e7os a partir de <strong>R$ 40<\/strong> (meia-entrada) e <strong>R$ 80<\/strong> (inteira). <mark style=\"background-color:#fcb900\" class=\"has-inline-color\">A classifica\u00e7\u00e3o indicativa \u00e9 livre.<\/mark><\/p>\n<p>O <strong>Espa\u00e7o Dom Pedro <\/strong>fica localizado na <strong>rua Sete de Setembro, 2030, no Centro de Ribeir\u00e3o Preto<\/strong>.<\/p>\n<h2 class=\"wp-block-heading\"><strong>Servi\u00e7o<\/strong><\/h2>\n<p><strong><em>N\u00edcolas Netto \u2013 Explos\u00e3o de Alegria<\/em><\/strong><\/p>\n<p><strong>Quando:<\/strong> 7 de setembro, domingo<br \/><strong>Hor\u00e1rio:<\/strong> 17h<br \/><strong>Local:<\/strong> Espa\u00e7o Dom Pedro | rua Sete de Setembro, 2030 \u2013 Centro<br \/><strong>Ingressos:<\/strong> A partir de R$ 40<\/p>\n<hr class=\"wp-block-separator has-alpha-channel-opacity\"\/>\n<p>SAIBA MAIS<br \/>Ribeir\u00e3o Preto tem 82 vagas gratuitas para cursos na \u00e1rea cultural; Veja como participar<\/p>\n<h2 class=\"wp-block-heading\"><strong>FIQUE ON<\/strong><\/h2>\n<p>Fique ligado em tudo que acontece em Ribeir\u00e3o Preto e regi\u00e3o. Siga os perfis do\u00a0<strong>acidade on<\/strong>\u00a0no<a href=\"https:\/\/www.instagram.com\/acidadeonribeirao\" target=\"_blank\" rel=\"noreferrer noopener\">\u00a0Instagram\u00a0<\/a>e no\u00a0<a href=\"https:\/\/www.facebook.com\/acidadeonribeirao\/\" target=\"_blank\" rel=\"noreferrer noopener\">Facebook<\/a>.<\/p>\n<p>Receba not\u00edcias do<strong>\u00a0acidade on<\/strong>\u00a0no WhatsApp. Para entrar no grupo,\u00a0basta\u00a0<a href=\"https:\/\/chat.whatsapp.com\/I4nieTEMKlf50pJ28aMemC?mode=ac_t\" target=\"_blank\" rel=\"noreferrer noopener\">clicar aqui<\/a>. Ou, acesse o nosso\u00a0Canal\u00a0<a href=\"https:\/\/whatsapp.com\/channel\/0029Vb6IQl1JENyAeS57fk2p\" target=\"_blank\" rel=\"noreferrer noopener\">clicando aqui<\/a>.<\/p>\n<p>Fa\u00e7a uma den\u00fancia ou sugira uma reportagem sobre Ribeir\u00e3o Preto e regi\u00e3o pelo WhatsApp: 16 99117 7802.<\/p>\n<p>VEJA TAMB\u00c9M<br \/>William Bonner vai deixar o \u2018Jornal Nacional\u2019?<\/p>\n<p><!-- AI CONTENT END 1 -->\n<\/div>\n<p><script async src=\"\/\/www.instagram.com\/embed.js\"><\/script><br \/>\n<br \/><br \/>\n<br \/><a href=\"https:\/\/www.acidadeon.com\/ribeiraopreto\/lazer-e-cultura\/diversao-em-familia-nicolas-netto-apresenta-show-em-ribeirao-preto\/\">Source link <\/a><\/p>\n<!-- CONTENT END 1 -->\n","protected":false},"excerpt":{"rendered":"<p>O cantor e criador de conte\u00fado N\u00edcolas Netto, de apenas 11 anos, se apresenta em Ribeir\u00e3o Preto neste domingo (7), no Espa\u00e7o Dom Pedro, a&#8230;<\/p>\n","protected":false},"author":1,"featured_media":76624,"comment_status":"open","ping_status":"open","sticky":false,"template":"","format":"standard","meta":{"advanced_seo_description":"","jetpack_seo_html_title":"","jetpack_seo_noindex":false,"jetpack_post_was_ever_published":false,"_jetpack_newsletter_access":"","_jetpack_dont_email_post_to_subs":false,"_jetpack_newsletter_tier_id":0,"_jetpack_memberships_contains_paywalled_content":false,"_jetpack_memberships_contains_paid_content":false,"footnotes":"","jetpack_publicize_message":"","jetpack_publicize_feature_enabled":true,"jetpack_social_post_already_shared":true,"jetpack_social_options":{"image_generator_settings":{"template":"highway","default_image_id":0,"font":"","enabled":false},"version":2}},"categories":[11],"tags":[],"class_list":["post-76623","post","type-post","status-publish","format-standard","has-post-thumbnail","hentry","category-noticias-de-ribeirao-preto-sp-e-regiao-ismael-colosi"],"jetpack_publicize_connections":[],"jetpack_featured_media_url":"https:\/\/i0.wp.com\/noticiasribeiraopreto.com.br\/wp-content\/uploads\/2025\/09\/Copia-de-Copia-de-Copia-de-TAMANHO-EXATO-PARA-FOTOS-NO-SISTEMA-NOVO-72_2025-09-02_12-02-17.webp.webp?fit=1200%2C675&ssl=1","jetpack-related-posts":[{"id":76800,"url":"https:\/\/noticiasribeiraopreto.com.br\/index.php\/2025\/09\/05\/shows-teatro-e-feira-onde-aproveitar-o-fim-de-semana-em-ribeirao\/","url_meta":{"origin":76623,"position":0},"title":"Shows, teatro e feira: onde aproveitar o fim de semana em Ribeir\u00e3o?","author":"noticiasribeiraopreto.com.br","date":"5 de September de 2025","format":false,"excerpt":"O fim de semana em Ribeir\u00e3o Preto conta com op\u00e7\u00f5es culturais para aproveitar com toda fam\u00edlia. Entre as op\u00e7\u00f5es, a cidade recebe show do rapper FBC, no Teatro de Arena, a segunda montagem da Mostra de Teatro da Alma (Academia Livre de M\u00fasica e Artes) e a feira especial aos\u2026","rel":"","context":"In &quot;Not\u00edcias de Ribeir\u00e3o Preto-SP e Regi\u00e3o&quot;","block_context":{"text":"Not\u00edcias de Ribeir\u00e3o Preto-SP e Regi\u00e3o","link":"https:\/\/noticiasribeiraopreto.com.br\/index.php\/category\/noticias-de-ribeirao-preto-sp-e-regiao-ismael-colosi\/"},"img":{"alt_text":"","src":"https:\/\/i0.wp.com\/noticiasribeiraopreto.com.br\/wp-content\/uploads\/2025\/09\/Copia-de-Copia-de-Copia-de-TAMANHO-EXATO-PARA-FOTOS-NO-SISTEMA-NOVO-2025-09-05T105334.705_2025-09-05_13-53-44.webp.webp?fit=1200%2C675&ssl=1&resize=350%2C200","width":350,"height":200,"srcset":"https:\/\/i0.wp.com\/noticiasribeiraopreto.com.br\/wp-content\/uploads\/2025\/09\/Copia-de-Copia-de-Copia-de-TAMANHO-EXATO-PARA-FOTOS-NO-SISTEMA-NOVO-2025-09-05T105334.705_2025-09-05_13-53-44.webp.webp?fit=1200%2C675&ssl=1&resize=350%2C200 1x, https:\/\/i0.wp.com\/noticiasribeiraopreto.com.br\/wp-content\/uploads\/2025\/09\/Copia-de-Copia-de-Copia-de-TAMANHO-EXATO-PARA-FOTOS-NO-SISTEMA-NOVO-2025-09-05T105334.705_2025-09-05_13-53-44.webp.webp?fit=1200%2C675&ssl=1&resize=525%2C300 1.5x, https:\/\/i0.wp.com\/noticiasribeiraopreto.com.br\/wp-content\/uploads\/2025\/09\/Copia-de-Copia-de-Copia-de-TAMANHO-EXATO-PARA-FOTOS-NO-SISTEMA-NOVO-2025-09-05T105334.705_2025-09-05_13-53-44.webp.webp?fit=1200%2C675&ssl=1&resize=700%2C400 2x, https:\/\/i0.wp.com\/noticiasribeiraopreto.com.br\/wp-content\/uploads\/2025\/09\/Copia-de-Copia-de-Copia-de-TAMANHO-EXATO-PARA-FOTOS-NO-SISTEMA-NOVO-2025-09-05T105334.705_2025-09-05_13-53-44.webp.webp?fit=1200%2C675&ssl=1&resize=1050%2C600 3x"},"classes":[]},{"id":76731,"url":"https:\/\/noticiasribeiraopreto.com.br\/index.php\/2025\/09\/04\/mostra-de-teatro-alma-apresenta-espetaculo-gratuito-alice-no-pais-das-maravilhas\/","url_meta":{"origin":76623,"position":1},"title":"Mostra de Teatro Alma apresenta espet\u00e1culo gratuito \u2018Alice no Pa\u00eds das Maravilhas\u2019","author":"noticiasribeiraopreto.com.br","date":"4 de September de 2025","format":false,"excerpt":"Ribeir\u00e3o Preto recebe neste fim de semana a segunda montagem da Mostra de Teatro da Alma (Academia Livre de M\u00fasica e Artes). S\u00e3o dois dias de apresenta\u00e7\u00e3o do espet\u00e1culo \u201cAlice no Pa\u00eds das Maravilhas\u201d, no s\u00e1bado (6), \u00e0s 19h30, e no domingo (7), \u00e0s 17h, no Teatro Auxiliadora. A entrada\u2026","rel":"","context":"In &quot;Not\u00edcias de Ribeir\u00e3o Preto-SP e Regi\u00e3o&quot;","block_context":{"text":"Not\u00edcias de Ribeir\u00e3o Preto-SP e Regi\u00e3o","link":"https:\/\/noticiasribeiraopreto.com.br\/index.php\/category\/noticias-de-ribeirao-preto-sp-e-regiao-ismael-colosi\/"},"img":{"alt_text":"","src":"https:\/\/i0.wp.com\/noticiasribeiraopreto.com.br\/wp-content\/uploads\/2025\/09\/Mostra-de-teatro-Alma-5_2025-09-04_12-28-43.webp.webp?fit=1200%2C491&ssl=1&resize=350%2C200","width":350,"height":200,"srcset":"https:\/\/i0.wp.com\/noticiasribeiraopreto.com.br\/wp-content\/uploads\/2025\/09\/Mostra-de-teatro-Alma-5_2025-09-04_12-28-43.webp.webp?fit=1200%2C491&ssl=1&resize=350%2C200 1x, https:\/\/i0.wp.com\/noticiasribeiraopreto.com.br\/wp-content\/uploads\/2025\/09\/Mostra-de-teatro-Alma-5_2025-09-04_12-28-43.webp.webp?fit=1200%2C491&ssl=1&resize=525%2C300 1.5x, https:\/\/i0.wp.com\/noticiasribeiraopreto.com.br\/wp-content\/uploads\/2025\/09\/Mostra-de-teatro-Alma-5_2025-09-04_12-28-43.webp.webp?fit=1200%2C491&ssl=1&resize=700%2C400 2x, https:\/\/i0.wp.com\/noticiasribeiraopreto.com.br\/wp-content\/uploads\/2025\/09\/Mostra-de-teatro-Alma-5_2025-09-04_12-28-43.webp.webp?fit=1200%2C491&ssl=1&resize=1050%2C600 3x"},"classes":[]},{"id":10332,"url":"https:\/\/noticiasribeiraopreto.com.br\/index.php\/2023\/12\/04\/theatro-pedro-ii-tem-concerto-de-natal-com-entrada-gratuita-em-ribeirao\/","url_meta":{"origin":76623,"position":2},"title":"Theatro Pedro II tem concerto de Natal com entrada gratuita\u00a0em Ribeir\u00e3o","author":"noticiasribeiraopreto.com.br","date":"4 de December de 2023","format":false,"excerpt":"O Theatro Pedro II, localizado no Centro de Ribeir\u00e3o Preto, recebe, no dia 9 de dezembro, \u00e0s 20h, o concerto \u2018Natal Iluminado\u2019, realizado pela Academia Livre de M\u00fasica e Artes (Alma). \u00a0 A entrada \u00e9 gratuita e aberta ao p\u00fablico, mas \u00e9 necess\u00e1rio retirar os ingressos na bilheteria do Theatro\u2026","rel":"","context":"In &quot;Not\u00edcias de Ribeir\u00e3o Preto-SP e Regi\u00e3o&quot;","block_context":{"text":"Not\u00edcias de Ribeir\u00e3o Preto-SP e Regi\u00e3o","link":"https:\/\/noticiasribeiraopreto.com.br\/index.php\/category\/noticias-de-ribeirao-preto-sp-e-regiao-ismael-colosi\/"},"img":{"alt_text":"","src":"https:\/\/i0.wp.com\/noticiasribeiraopreto.com.br\/wp-content\/uploads\/2023\/12\/WhatsApp-Image-2023-12-04-at-10.04.25.jpeg?fit=1200%2C800&ssl=1&resize=350%2C200","width":350,"height":200,"srcset":"https:\/\/i0.wp.com\/noticiasribeiraopreto.com.br\/wp-content\/uploads\/2023\/12\/WhatsApp-Image-2023-12-04-at-10.04.25.jpeg?fit=1200%2C800&ssl=1&resize=350%2C200 1x, https:\/\/i0.wp.com\/noticiasribeiraopreto.com.br\/wp-content\/uploads\/2023\/12\/WhatsApp-Image-2023-12-04-at-10.04.25.jpeg?fit=1200%2C800&ssl=1&resize=525%2C300 1.5x, https:\/\/i0.wp.com\/noticiasribeiraopreto.com.br\/wp-content\/uploads\/2023\/12\/WhatsApp-Image-2023-12-04-at-10.04.25.jpeg?fit=1200%2C800&ssl=1&resize=700%2C400 2x, https:\/\/i0.wp.com\/noticiasribeiraopreto.com.br\/wp-content\/uploads\/2023\/12\/WhatsApp-Image-2023-12-04-at-10.04.25.jpeg?fit=1200%2C800&ssl=1&resize=1050%2C600 3x"},"classes":[]},{"id":76619,"url":"https:\/\/noticiasribeiraopreto.com.br\/index.php\/2025\/09\/02\/professora-fica-ferida-apos-capotamento-em-avenida-de-ribeirao-preto\/","url_meta":{"origin":76623,"position":3},"title":"Professora fica ferida ap\u00f3s capotamento em avenida de Ribeir\u00e3o Preto","author":"noticiasribeiraopreto.com.br","date":"2 de September de 2025","format":false,"excerpt":"Uma professora, de 44 anos, ficou ferida ap\u00f3s se envolver em um acidente de tr\u00e2nsito na avenida Costa e Silva, em Ribeir\u00e3o Preto, na manh\u00e3 desta ter\u00e7a-feira (2). O carro em que ela estava capotou ap\u00f3s colidir com outro ve\u00edculo entre as avenidas Mogiana e Thomaz Alberto Whately. Segundo o\u2026","rel":"","context":"In &quot;Not\u00edcias de Ribeir\u00e3o Preto-SP e Regi\u00e3o&quot;","block_context":{"text":"Not\u00edcias de Ribeir\u00e3o Preto-SP e Regi\u00e3o","link":"https:\/\/noticiasribeiraopreto.com.br\/index.php\/category\/noticias-de-ribeirao-preto-sp-e-regiao-ismael-colosi\/"},"img":{"alt_text":"","src":"https:\/\/i0.wp.com\/noticiasribeiraopreto.com.br\/wp-content\/uploads\/2025\/09\/WhatsApp-Image-2025-09-02-at-07.45.46_2025-09-02_13-03-06.webp.webp?fit=1200%2C900&ssl=1&resize=350%2C200","width":350,"height":200,"srcset":"https:\/\/i0.wp.com\/noticiasribeiraopreto.com.br\/wp-content\/uploads\/2025\/09\/WhatsApp-Image-2025-09-02-at-07.45.46_2025-09-02_13-03-06.webp.webp?fit=1200%2C900&ssl=1&resize=350%2C200 1x, https:\/\/i0.wp.com\/noticiasribeiraopreto.com.br\/wp-content\/uploads\/2025\/09\/WhatsApp-Image-2025-09-02-at-07.45.46_2025-09-02_13-03-06.webp.webp?fit=1200%2C900&ssl=1&resize=525%2C300 1.5x, https:\/\/i0.wp.com\/noticiasribeiraopreto.com.br\/wp-content\/uploads\/2025\/09\/WhatsApp-Image-2025-09-02-at-07.45.46_2025-09-02_13-03-06.webp.webp?fit=1200%2C900&ssl=1&resize=700%2C400 2x, https:\/\/i0.wp.com\/noticiasribeiraopreto.com.br\/wp-content\/uploads\/2025\/09\/WhatsApp-Image-2025-09-02-at-07.45.46_2025-09-02_13-03-06.webp.webp?fit=1200%2C900&ssl=1&resize=1050%2C600 3x"},"classes":[]},{"id":75655,"url":"https:\/\/noticiasribeiraopreto.com.br\/index.php\/2025\/08\/13\/ribeirao-preto-recebe-espetaculo-de-danca-gratuito-saiba-como-garantir-seu-ingresso\/","url_meta":{"origin":76623,"position":4},"title":"Ribeir\u00e3o Preto recebe espet\u00e1culo de dan\u00e7a gratuito; saiba como garantir seu ingresso","author":"noticiasribeiraopreto.com.br","date":"13 de August de 2025","format":false,"excerpt":"A Companhia Cisne Negro, uma das principais companhias de dan\u00e7a do Pa\u00eds, apresenta neste fim de semana, no Centro Cultural Sesi Ribeir\u00e3o Preto, um espet\u00e1culo gratuito de dan\u00e7a contempor\u00e2nea inspirado na m\u00fasica \u201cQue tal o imposs\u00edvel?\u201d, de Itamar Assump\u00e7\u00e3o. A companhia ainda oferece uma oficina de dan\u00e7a gratuita. As exibi\u00e7\u00f5es,\u2026","rel":"","context":"In &quot;Not\u00edcias de Ribeir\u00e3o Preto-SP e Regi\u00e3o&quot;","block_context":{"text":"Not\u00edcias de Ribeir\u00e3o Preto-SP e Regi\u00e3o","link":"https:\/\/noticiasribeiraopreto.com.br\/index.php\/category\/noticias-de-ribeirao-preto-sp-e-regiao-ismael-colosi\/"},"img":{"alt_text":"","src":"https:\/\/i0.wp.com\/noticiasribeiraopreto.com.br\/wp-content\/uploads\/2025\/08\/WhatsApp-Image-2025-08-13-at-10.56.18_2025-08-13_14-15-01.webp.webp?fit=1200%2C799&ssl=1&resize=350%2C200","width":350,"height":200,"srcset":"https:\/\/i0.wp.com\/noticiasribeiraopreto.com.br\/wp-content\/uploads\/2025\/08\/WhatsApp-Image-2025-08-13-at-10.56.18_2025-08-13_14-15-01.webp.webp?fit=1200%2C799&ssl=1&resize=350%2C200 1x, https:\/\/i0.wp.com\/noticiasribeiraopreto.com.br\/wp-content\/uploads\/2025\/08\/WhatsApp-Image-2025-08-13-at-10.56.18_2025-08-13_14-15-01.webp.webp?fit=1200%2C799&ssl=1&resize=525%2C300 1.5x, https:\/\/i0.wp.com\/noticiasribeiraopreto.com.br\/wp-content\/uploads\/2025\/08\/WhatsApp-Image-2025-08-13-at-10.56.18_2025-08-13_14-15-01.webp.webp?fit=1200%2C799&ssl=1&resize=700%2C400 2x, https:\/\/i0.wp.com\/noticiasribeiraopreto.com.br\/wp-content\/uploads\/2025\/08\/WhatsApp-Image-2025-08-13-at-10.56.18_2025-08-13_14-15-01.webp.webp?fit=1200%2C799&ssl=1&resize=1050%2C600 3x"},"classes":[]},{"id":79342,"url":"https:\/\/noticiasribeiraopreto.com.br\/index.php\/2025\/10\/29\/danca-musica-e-culinaria-africana-marcam-projeto-de-fanta-konate-em-ribeirao-preto\/","url_meta":{"origin":76623,"position":5},"title":"Dan\u00e7a, m\u00fasica e culin\u00e1ria africana marcam projeto de Fanta Konat\u00ea em Ribeir\u00e3o Preto","author":"noticiasribeiraopreto.com.br","date":"29 de October de 2025","format":false,"excerpt":"A cantora e bailarina Fanta Konat\u00ea apresenta em Ribeir\u00e3o Preto o projeto \u201c\u00c1frica Viva em Mim\u201d, com atividades gratuitas nos dias 31 de outubro e 1\u00ba de novembro, na Biblioteca Sinh\u00e1 Junqueira. A programa\u00e7\u00e3o inclui roda de conversa, oficinas de dan\u00e7a e percuss\u00e3o e um show com degusta\u00e7\u00e3o de culin\u00e1ria\u2026","rel":"","context":"In &quot;Not\u00edcias de Ribeir\u00e3o Preto-SP e Regi\u00e3o&quot;","block_context":{"text":"Not\u00edcias de Ribeir\u00e3o Preto-SP e Regi\u00e3o","link":"https:\/\/noticiasribeiraopreto.com.br\/index.php\/category\/noticias-de-ribeirao-preto-sp-e-regiao-ismael-colosi\/"},"img":{"alt_text":"","src":"https:\/\/i0.wp.com\/noticiasribeiraopreto.com.br\/wp-content\/uploads\/2025\/10\/voguing-9_2025-10-29_20-05-41.webp.webp?fit=1200%2C675&ssl=1&resize=350%2C200","width":350,"height":200,"srcset":"https:\/\/i0.wp.com\/noticiasribeiraopreto.com.br\/wp-content\/uploads\/2025\/10\/voguing-9_2025-10-29_20-05-41.webp.webp?fit=1200%2C675&ssl=1&resize=350%2C200 1x, https:\/\/i0.wp.com\/noticiasribeiraopreto.com.br\/wp-content\/uploads\/2025\/10\/voguing-9_2025-10-29_20-05-41.webp.webp?fit=1200%2C675&ssl=1&resize=525%2C300 1.5x, https:\/\/i0.wp.com\/noticiasribeiraopreto.com.br\/wp-content\/uploads\/2025\/10\/voguing-9_2025-10-29_20-05-41.webp.webp?fit=1200%2C675&ssl=1&resize=700%2C400 2x, https:\/\/i0.wp.com\/noticiasribeiraopreto.com.br\/wp-content\/uploads\/2025\/10\/voguing-9_2025-10-29_20-05-41.webp.webp?fit=1200%2C675&ssl=1&resize=1050%2C600 3x"},"classes":[]}],"jetpack_sharing_enabled":true,"jetpack_shortlink":"https:\/\/wp.me\/peQAOb-jVR","_links":{"self":[{"href":"https:\/\/noticiasribeiraopreto.com.br\/index.php\/wp-json\/wp\/v2\/posts\/76623","targetHints":{"allow":["GET"]}}],"collection":[{"href":"https:\/\/noticiasribeiraopreto.com.br\/index.php\/wp-json\/wp\/v2\/posts"}],"about":[{"href":"https:\/\/noticiasribeiraopreto.com.br\/index.php\/wp-json\/wp\/v2\/types\/post"}],"author":[{"embeddable":true,"href":"https:\/\/noticiasribeiraopreto.com.br\/index.php\/wp-json\/wp\/v2\/users\/1"}],"replies":[{"embeddable":true,"href":"https:\/\/noticiasribeiraopreto.com.br\/index.php\/wp-json\/wp\/v2\/comments?post=76623"}],"version-history":[{"count":0,"href":"https:\/\/noticiasribeiraopreto.com.br\/index.php\/wp-json\/wp\/v2\/posts\/76623\/revisions"}],"wp:featuredmedia":[{"embeddable":true,"href":"https:\/\/noticiasribeiraopreto.com.br\/index.php\/wp-json\/wp\/v2\/media\/76624"}],"wp:attachment":[{"href":"https:\/\/noticiasribeiraopreto.com.br\/index.php\/wp-json\/wp\/v2\/media?parent=76623"}],"wp:term":[{"taxonomy":"category","embeddable":true,"href":"https:\/\/noticiasribeiraopreto.com.br\/index.php\/wp-json\/wp\/v2\/categories?post=76623"},{"taxonomy":"post_tag","embeddable":true,"href":"https:\/\/noticiasribeiraopreto.com.br\/index.php\/wp-json\/wp\/v2\/tags?post=76623"}],"curies":[{"name":"wp","href":"https:\/\/api.w.org\/{rel}","templated":true}]}}