{"id":76625,"date":"2025-09-02T11:38:24","date_gmt":"2025-09-02T14:38:24","guid":{"rendered":"https:\/\/noticiasribeiraopreto.com.br\/index.php\/2025\/09\/02\/video-preso-homem-que-furtou-predio-na-zona-sul\/"},"modified":"2025-09-02T11:38:24","modified_gmt":"2025-09-02T14:38:24","slug":"video-preso-homem-que-furtou-predio-na-zona-sul","status":"publish","type":"post","link":"https:\/\/noticiasribeiraopreto.com.br\/index.php\/2025\/09\/02\/video-preso-homem-que-furtou-predio-na-zona-sul\/","title":{"rendered":"V\u00cdDEO &#8211; Preso homem que furtou pr\u00e9dio na zona Sul"},"content":{"rendered":"<div class='code-block code-block-1' style='margin: 8px 0 8px auto; text-align: right; display: block; clear: both;'>\n<p><a href=\"https:\/\/wa.link\/vpicfd\"><img data-recalc-dims=\"1\" class=\"wp-image-4922\" style=\"aspect-ratio: 2.0253164556962027; width: 561px; height: auto;\" src=\"https:\/\/i0.wp.com\/ismaelcolosi.com.br\/wp-content\/uploads\/2023\/11\/grupo-de-empregos-whatsapp-e-facebook-ismael-colosi-vagas.jpg?ssl=1\" alt=\"\" \/><\/a><\/p>\n<!-- \/wp:image -->\n<\/div>\n<p> <br \/>\n<\/p>\n<div id=\"post-437744\">\n<header class=\"entry-header penci-entry-header penci-title-center\">\n<h2 class=\"penci-post-subtitle\">Suspeito invadia condom\u00ednios e arrombava carros, causando preju\u00edzos superiores a R$ 100 mil \u00e0s v\u00edtimas<\/h2>\n<p>\n\t\t\t\t\t\t\t\t\t<span class=\"entry-meta-item penci-posted-on\"><i class=\"fa fa-clock-o\"\/><time class=\"entry-date published\" datetime=\"2025-09-02T11:35:10-03:00\">2 de setembro de 2025 11:35<\/time><time class=\"updated\" datetime=\"2025-09-02T11:35:32-03:00\">2 de setembro de 2025 11:35<\/time><\/span><span class=\"entry-meta-item penci-post-countview\"><span class=\"entry-meta-item penci-post-countview penci_post-meta_item\"><i class=\"fa fa-eye\"\/><span class=\"penci-post-countview-number penci-post-countview-p437744\">1<\/span><\/span><\/span>\t\t\t\t\t\t\t\t<\/p>\n<p><!-- .entry-meta --><br \/>\n\t\t\t\t\t\t\t\t<span class=\"penci-social-buttons penci-social-share-footer\"><span class=\"penci-social-share-text\">Compartilhar<\/span><a href=\"#\" class=\"penci-post-like penci_post-meta_item  single-like-button penci-social-item like\" data-post_id=\"437744\" title=\"Like\" data-like=\"Like\" data-unlike=\"Unlike\"><i class=\"fa fa-thumbs-o-up\"\/><span class=\"penci-share-number\">0<\/span><\/a><i class=\"fa fa-facebook\"\/><a class=\"penci-social-item twitter\" target=\"_blank\" rel=\"noopener\" title=\"\" href=\"https:\/\/twitter.com\/intent\/tweet?text=V\u00cdDEO%20-%20Preso%20homem%20que%20furtou%20pr\u00e9dio%20na%20zona%20Sul%20-%20https:\/\/www.tribunaribeirao.com.br\/video-preso-homem-que-furtou-predio-na-zona-sul\/\"><i class=\"fa fa-twitter\"\/><\/a><i class=\"fa fa-linkedin\"\/><i class=\"fa fa-whatsapp\"\/><i class=\"fa fa-telegram\"\/><i class=\"fa fa-envelope\"\/><\/span>\t\t\t\t\t\t\t<\/header>\n<p><!-- .entry-header --><\/p>\n<div class=\"entry-media penci-entry-media\">\n<p><iframe loading=\"lazy\" title=\"Pr\u00e9dio Jd  Iraj\u00e1\" width=\"500\" height=\"281\" src=\"https:\/\/www.youtube.com\/embed\/kXtAN56N5eA?feature=oembed\" frameborder=\"0\" allow=\"accelerometer; autoplay; clipboard-write; encrypted-media; gyroscope; picture-in-picture; web-share\" referrerpolicy=\"strict-origin-when-cross-origin\" allowfullscreen><\/iframe><\/p>\n<\/p><\/div>\n<div class=\"penci-entry-content entry-content\">\n<p>Por: Adalberto Luque<\/p>\n<p>A Pol\u00edcia Civil prendeu, na tarde desta segunda-feira (1\u00ba), um homem suspeito de praticar v\u00e1rios furtos. Entre eles, em um pr\u00e9dio residencial na rua Paulo Barra, Jardim Iraj\u00e1, zona Sul de Ribeir\u00e3o Preto.<\/p>\n<p>O furto ocorreu no dia 26 de agosto e a a\u00e7\u00e3o foi registrada por c\u00e2meras de seguran\u00e7a. O suspeito passou em uma moto. Pouco depois parou e voltou para a frente do pr\u00e9dio. Disfar\u00e7ou enquanto passava um ve\u00edculo. Em seguida, conseguiu arrombar o port\u00e3o eletr\u00f4nico \u2013 o pr\u00e9dio n\u00e3o tem porteiro.<\/p>\n<figure id=\"attachment_437745\" aria-describedby=\"caption-attachment-437745\" style=\"width: 1040px\" class=\"wp-caption alignnone\"><img data-recalc-dims=\"1\" loading=\"lazy\" decoding=\"async\" class=\"size-full wp-image-437745 lazyload\" src=\"https:\/\/i0.wp.com\/www.tribunaribeirao.com.br\/wp-content\/uploads\/2025\/09\/02-set-2025-furtoiraja2-scaled.jpg?resize=1040%2C780&#038;ssl=1\" alt=\"\" width=\"1040\" height=\"780\" srcset=\"https:\/\/www.tribunaribeirao.com.br\/wp-content\/uploads\/2025\/09\/02-set-2025-furtoiraja2-scaled.jpg 1040w, https:\/\/www.tribunaribeirao.com.br\/wp-content\/uploads\/2025\/09\/02-set-2025-furtoiraja2-300x225.jpg 300w, https:\/\/www.tribunaribeirao.com.br\/wp-content\/uploads\/2025\/09\/02-set-2025-furtoiraja2-1024x768.jpg 1024w, https:\/\/www.tribunaribeirao.com.br\/wp-content\/uploads\/2025\/09\/02-set-2025-furtoiraja2-768x576.jpg 768w, https:\/\/www.tribunaribeirao.com.br\/wp-content\/uploads\/2025\/09\/02-set-2025-furtoiraja2-1536x1152.jpg 1536w, https:\/\/www.tribunaribeirao.com.br\/wp-content\/uploads\/2025\/09\/02-set-2025-furtoiraja2-760x570.jpg 760w, https:\/\/www.tribunaribeirao.com.br\/wp-content\/uploads\/2025\/09\/02-set-2025-furtoiraja2-960x720.jpg 960w, https:\/\/www.tribunaribeirao.com.br\/wp-content\/uploads\/2025\/09\/02-set-2025-furtoiraja2-533x400.jpg 533w, https:\/\/www.tribunaribeirao.com.br\/wp-content\/uploads\/2025\/09\/02-set-2025-furtoiraja2-585x439.jpg 585w\" data-sizes=\"(max-width: 1040px) 100vw, 1040px\" style=\"--smush-placeholder-width: 1040px; --smush-placeholder-aspect-ratio: 1040\/780;\"\/><figcaption id=\"caption-attachment-437745\" class=\"wp-caption-text\">Policiais encontraram objetos furtados, roupas usadas pelo suspeito e at\u00e9 uma arma adaptada para calibre maior (Foto: Pol\u00edcia Civil\/Divulga\u00e7\u00e3o)<\/figcaption><\/figure>\n<p>O homem entrou na garagem, arrombou um carro e levou v\u00e1rios objetos, como notebook, \u00f3culos de sol, documentos e cart\u00f5es da v\u00edtima. De acordo com a Pol\u00edcia Civil, o suspeito tinha tr\u00eas mandados de busca e apreens\u00e3o domiciliar expedidos pela Justi\u00e7a.<\/p>\n<p>Segundo o delegado Andr\u00e9 Baldochi, da Divis\u00e3o Especializada de Investiga\u00e7\u00f5es Criminais (DEIC), parte dos objetos furtados foi recuperada. Os policiais civis encontraram na casa do homem preso notebooks, \u00f3culos, dinheiro e roubas que ele usava para praticar os crimes.<\/p>\n<p>Tamb\u00e9m localizaram um rev\u00f3lver calibre 38 carregado e adaptado para suportar calibre maior. O homem foi preso e levado para a sede da DEIC, no Centro de Ribeir\u00e3o Preto. De l\u00e1, seguiu para uma unidade prisional, ficando \u00e0 disposi\u00e7\u00e3o da Justi\u00e7a.<\/p>\n<\/div>\n<p><!-- .entry-content --><\/p>\n<footer class=\"penci-entry-footer\">\n\t\t\t\t\t\t\t\t<span class=\"penci-social-buttons penci-social-share-footer\"><span class=\"penci-social-share-text\">Compartilhar<\/span><a href=\"#\" class=\"penci-post-like penci_post-meta_item  single-like-button penci-social-item like\" data-post_id=\"437744\" title=\"Like\" data-like=\"Like\" data-unlike=\"Unlike\"><i class=\"fa fa-thumbs-o-up\"\/><span class=\"penci-share-number\">0<\/span><\/a><i class=\"fa fa-facebook\"\/><a class=\"penci-social-item twitter\" target=\"_blank\" rel=\"noopener\" title=\"\" href=\"https:\/\/twitter.com\/intent\/tweet?text=V\u00cdDEO%20-%20Preso%20homem%20que%20furtou%20pr\u00e9dio%20na%20zona%20Sul%20-%20https:\/\/www.tribunaribeirao.com.br\/video-preso-homem-que-furtou-predio-na-zona-sul\/\"><i class=\"fa fa-twitter\"\/><\/a><i class=\"fa fa-linkedin\"\/><i class=\"fa fa-whatsapp\"\/><i class=\"fa fa-telegram\"\/><i class=\"fa fa-envelope\"\/><\/span>\t\t\t\t\t\t\t<\/footer>\n<p><!-- .entry-footer -->\n\t\t\t\t\t\t<\/div>\n<p><script async src=\"\/\/platform.twitter.com\/widgets.js\" charset=\"utf-8\"><\/script><br \/>\n<br \/><br \/>\n<br \/><a href=\"https:\/\/www.tribunaribeirao.com.br\/video-preso-homem-que-furtou-predio-na-zona-sul\/\">Source link <\/a><\/p>\n<!-- CONTENT END 1 -->\n","protected":false},"excerpt":{"rendered":"<p>Suspeito invadia condom\u00ednios e arrombava carros, causando preju\u00edzos superiores a R$ 100 mil \u00e0s v\u00edtimas 2 de setembro de 2025 11:352 de setembro de 2025&#8230;<\/p>\n","protected":false},"author":1,"featured_media":76627,"comment_status":"open","ping_status":"open","sticky":false,"template":"","format":"standard","meta":{"advanced_seo_description":"","jetpack_seo_html_title":"","jetpack_seo_noindex":false,"jetpack_post_was_ever_published":false,"_jetpack_newsletter_access":"","_jetpack_dont_email_post_to_subs":false,"_jetpack_newsletter_tier_id":0,"_jetpack_memberships_contains_paywalled_content":false,"_jetpack_memberships_contains_paid_content":false,"footnotes":"","jetpack_publicize_message":"","jetpack_publicize_feature_enabled":true,"jetpack_social_post_already_shared":true,"jetpack_social_options":{"image_generator_settings":{"template":"highway","default_image_id":0,"font":"","enabled":false},"version":2}},"categories":[11],"tags":[],"class_list":["post-76625","post","type-post","status-publish","format-standard","has-post-thumbnail","hentry","category-noticias-de-ribeirao-preto-sp-e-regiao-ismael-colosi"],"jetpack_publicize_connections":[],"jetpack_featured_media_url":"https:\/\/i0.wp.com\/noticiasribeiraopreto.com.br\/wp-content\/uploads\/2025\/09\/02-set-2025-furtoiraja1.jpg?fit=822%2C621&ssl=1","jetpack-related-posts":[{"id":76677,"url":"https:\/\/noticiasribeiraopreto.com.br\/index.php\/2025\/09\/03\/sesc-ribeirao-promove-mostra-com-shows-gratuitos-de-artistas-da-regiao-veja-programacao\/","url_meta":{"origin":76625,"position":0},"title":"Sesc Ribeir\u00e3o promove mostra com shows gratuitos de artistas da regi\u00e3o; Veja programa\u00e7\u00e3o","author":"noticiasribeiraopreto.com.br","date":"3 de September de 2025","format":false,"excerpt":"O Sesc Ribeir\u00e3o Preto promove, durante o m\u00eas de setembro, a segunda edi\u00e7\u00e3o da Mostra Local Total, que conta com shows de diferentes g\u00eaneros musicais de artistas de Ribeir\u00e3o Preto e regi\u00e3o. Todos os shows s\u00e3o gratuitos e com acesso livre. A mostra conta com shows todas as quintas-feiras, durante\u2026","rel":"","context":"In &quot;Not\u00edcias de Ribeir\u00e3o Preto-SP e Regi\u00e3o&quot;","block_context":{"text":"Not\u00edcias de Ribeir\u00e3o Preto-SP e Regi\u00e3o","link":"https:\/\/noticiasribeiraopreto.com.br\/index.php\/category\/noticias-de-ribeirao-preto-sp-e-regiao-ismael-colosi\/"},"img":{"alt_text":"","src":"https:\/\/i0.wp.com\/noticiasribeiraopreto.com.br\/wp-content\/uploads\/2025\/09\/Copia-de-Copia-de-Copia-de-TAMANHO-EXATO-PARA-FOTOS-NO-SISTEMA-NOVO-73_2025-09-03_13-06-23.webp.webp?fit=1200%2C675&ssl=1&resize=350%2C200","width":350,"height":200,"srcset":"https:\/\/i0.wp.com\/noticiasribeiraopreto.com.br\/wp-content\/uploads\/2025\/09\/Copia-de-Copia-de-Copia-de-TAMANHO-EXATO-PARA-FOTOS-NO-SISTEMA-NOVO-73_2025-09-03_13-06-23.webp.webp?fit=1200%2C675&ssl=1&resize=350%2C200 1x, https:\/\/i0.wp.com\/noticiasribeiraopreto.com.br\/wp-content\/uploads\/2025\/09\/Copia-de-Copia-de-Copia-de-TAMANHO-EXATO-PARA-FOTOS-NO-SISTEMA-NOVO-73_2025-09-03_13-06-23.webp.webp?fit=1200%2C675&ssl=1&resize=525%2C300 1.5x, https:\/\/i0.wp.com\/noticiasribeiraopreto.com.br\/wp-content\/uploads\/2025\/09\/Copia-de-Copia-de-Copia-de-TAMANHO-EXATO-PARA-FOTOS-NO-SISTEMA-NOVO-73_2025-09-03_13-06-23.webp.webp?fit=1200%2C675&ssl=1&resize=700%2C400 2x, https:\/\/i0.wp.com\/noticiasribeiraopreto.com.br\/wp-content\/uploads\/2025\/09\/Copia-de-Copia-de-Copia-de-TAMANHO-EXATO-PARA-FOTOS-NO-SISTEMA-NOVO-73_2025-09-03_13-06-23.webp.webp?fit=1200%2C675&ssl=1&resize=1050%2C600 3x"},"classes":[]},{"id":27248,"url":"https:\/\/noticiasribeiraopreto.com.br\/index.php\/2024\/01\/11\/chorinho-na-praca-7-de-setembro-em-ribeirao-preto-retorna-nesta-sexta\/","url_meta":{"origin":76625,"position":1},"title":"Chorinho na Pra\u00e7a 7 de Setembro em Ribeir\u00e3o Preto retorna nesta sexta","author":"noticiasribeiraopreto.com.br","date":"11 de January de 2024","format":false,"excerpt":"O evento \u2018Chorinho na 7\u2019 retorna nesta sexta-feira (12), a partir das 19 horas, ap\u00f3s a pausa para as festas de final de ano. As apresenta\u00e7\u00f5es do Grupo Choro da Casa acontecem na Pra\u00e7a Sete de Setembro, no Centro de Ribeir\u00e3o Preto. Nesta sexta-feira, o grupo vai apresentar obras de\u2026","rel":"","context":"In &quot;Not\u00edcias de Ribeir\u00e3o Preto-SP e Regi\u00e3o&quot;","block_context":{"text":"Not\u00edcias de Ribeir\u00e3o Preto-SP e Regi\u00e3o","link":"https:\/\/noticiasribeiraopreto.com.br\/index.php\/category\/noticias-de-ribeirao-preto-sp-e-regiao-ismael-colosi\/"},"img":{"alt_text":"","src":"https:\/\/i0.wp.com\/noticiasribeiraopreto.com.br\/wp-content\/uploads\/2024\/01\/WhatsApp-Image-2024-01-11-at-08.49.59.jpeg?fit=1200%2C800&ssl=1&resize=350%2C200","width":350,"height":200,"srcset":"https:\/\/i0.wp.com\/noticiasribeiraopreto.com.br\/wp-content\/uploads\/2024\/01\/WhatsApp-Image-2024-01-11-at-08.49.59.jpeg?fit=1200%2C800&ssl=1&resize=350%2C200 1x, https:\/\/i0.wp.com\/noticiasribeiraopreto.com.br\/wp-content\/uploads\/2024\/01\/WhatsApp-Image-2024-01-11-at-08.49.59.jpeg?fit=1200%2C800&ssl=1&resize=525%2C300 1.5x, https:\/\/i0.wp.com\/noticiasribeiraopreto.com.br\/wp-content\/uploads\/2024\/01\/WhatsApp-Image-2024-01-11-at-08.49.59.jpeg?fit=1200%2C800&ssl=1&resize=700%2C400 2x, https:\/\/i0.wp.com\/noticiasribeiraopreto.com.br\/wp-content\/uploads\/2024\/01\/WhatsApp-Image-2024-01-11-at-08.49.59.jpeg?fit=1200%2C800&ssl=1&resize=1050%2C600 3x"},"classes":[]},{"id":7832,"url":"https:\/\/noticiasribeiraopreto.com.br\/index.php\/2023\/11\/28\/ela-profetizou-o-ataque-de-11-de-setembro-deixou-previsoes-assombrosas-para-2024\/","url_meta":{"origin":76625,"position":2},"title":"Ela profetizou o ataque de 11 de setembro deixou previs\u00f5es assombrosas para 2024","author":"noticiasribeiraopreto.com.br","date":"28 de November de 2023","format":false,"excerpt":"Baba Vanga, uma mulher que n\u00e3o enxergava e origin\u00e1ria da Bulg\u00e1ria, alcan\u00e7ou renome como uma figura m\u00edstica de destaque em todo o mundo. Mesmo ap\u00f3s seu falecimento em 1996, as profecias dessa vidente e que tamb\u00e9m atuava como curandeira na localidade onde morava, continuam a ressoar globalmente.Sua notoriedade internacional cresceu\u2026","rel":"","context":"In &quot;Blog&quot;","block_context":{"text":"Blog","link":"https:\/\/noticiasribeiraopreto.com.br\/index.php\/category\/blog\/"},"img":{"alt_text":"","src":"https:\/\/i0.wp.com\/noticiasribeiraopreto.com.br\/wp-content\/uploads\/2023\/11\/postimg-6566879fb1cac1776.jpg?fit=1200%2C628&ssl=1&resize=350%2C200","width":350,"height":200,"srcset":"https:\/\/i0.wp.com\/noticiasribeiraopreto.com.br\/wp-content\/uploads\/2023\/11\/postimg-6566879fb1cac1776.jpg?fit=1200%2C628&ssl=1&resize=350%2C200 1x, https:\/\/i0.wp.com\/noticiasribeiraopreto.com.br\/wp-content\/uploads\/2023\/11\/postimg-6566879fb1cac1776.jpg?fit=1200%2C628&ssl=1&resize=525%2C300 1.5x, https:\/\/i0.wp.com\/noticiasribeiraopreto.com.br\/wp-content\/uploads\/2023\/11\/postimg-6566879fb1cac1776.jpg?fit=1200%2C628&ssl=1&resize=700%2C400 2x, https:\/\/i0.wp.com\/noticiasribeiraopreto.com.br\/wp-content\/uploads\/2023\/11\/postimg-6566879fb1cac1776.jpg?fit=1200%2C628&ssl=1&resize=1050%2C600 3x"},"classes":[]},{"id":37464,"url":"https:\/\/noticiasribeiraopreto.com.br\/index.php\/2024\/02\/16\/choro-da-casa-toca-na-sete-de-setembro\/","url_meta":{"origin":76625,"position":3},"title":"Choro da Casa toca\u00a0na Sete de Setembro\u00a0","author":"noticiasribeiraopreto.com.br","date":"16 de February de 2024","format":false,"excerpt":"16 de fevereiro de 2024 | 12:3016 de fevereiro de 2024 | 8:58 0O projeto Chorinho na 7, realizado pela Secretaria Municipal da Cultura e Turismo, recebe o grupo Choro da Casa nesta sexta-feira, 16 de fevereiro, \u00e0s 19 horas, na pra\u00e7a Sete de Setembro, que fica no quadril\u00e1tero entre\u2026","rel":"","context":"In &quot;Not\u00edcias de Ribeir\u00e3o Preto-SP e Regi\u00e3o&quot;","block_context":{"text":"Not\u00edcias de Ribeir\u00e3o Preto-SP e Regi\u00e3o","link":"https:\/\/noticiasribeiraopreto.com.br\/index.php\/category\/noticias-de-ribeirao-preto-sp-e-regiao-ismael-colosi\/"},"img":{"alt_text":"","src":"https:\/\/i0.wp.com\/noticiasribeiraopreto.com.br\/wp-content\/uploads\/2024\/02\/Choro07-Divulgacao-scaled.jpeg?fit=860%2C645&ssl=1&resize=350%2C200","width":350,"height":200,"srcset":"https:\/\/i0.wp.com\/noticiasribeiraopreto.com.br\/wp-content\/uploads\/2024\/02\/Choro07-Divulgacao-scaled.jpeg?fit=860%2C645&ssl=1&resize=350%2C200 1x, https:\/\/i0.wp.com\/noticiasribeiraopreto.com.br\/wp-content\/uploads\/2024\/02\/Choro07-Divulgacao-scaled.jpeg?fit=860%2C645&ssl=1&resize=525%2C300 1.5x, https:\/\/i0.wp.com\/noticiasribeiraopreto.com.br\/wp-content\/uploads\/2024\/02\/Choro07-Divulgacao-scaled.jpeg?fit=860%2C645&ssl=1&resize=700%2C400 2x"},"classes":[]},{"id":41520,"url":"https:\/\/noticiasribeiraopreto.com.br\/index.php\/2024\/03\/08\/choro-da-casa-toca-na-sete-de-setembro-2\/","url_meta":{"origin":76625,"position":4},"title":"Choro da Casa toca\u00a0na Sete de Setembro\u00a0","author":"noticiasribeiraopreto.com.br","date":"8 de March de 2024","format":false,"excerpt":"8 de mar\u00e7o de 2024 | 16:007 de mar\u00e7o de 2024 | 20:52 0O projeto Chorinho na 7, realizado pela Secretaria Municipal da Cultura e Turismo, recebe o grupo Choro da Casa nesta sexta-feira, 8 de mar\u00e7o, \u00e0s 19 horas, na pra\u00e7a Sete de Setembro, que fica no quadril\u00e1tero entre\u2026","rel":"","context":"In &quot;Not\u00edcias de Ribeir\u00e3o Preto-SP e Regi\u00e3o&quot;","block_context":{"text":"Not\u00edcias de Ribeir\u00e3o Preto-SP e Regi\u00e3o","link":"https:\/\/noticiasribeiraopreto.com.br\/index.php\/category\/noticias-de-ribeirao-preto-sp-e-regiao-ismael-colosi\/"},"img":{"alt_text":"","src":"https:\/\/i0.wp.com\/noticiasribeiraopreto.com.br\/wp-content\/uploads\/2024\/03\/Choro07-Divulgacao-1-scaled.jpeg?fit=860%2C645&ssl=1&resize=350%2C200","width":350,"height":200,"srcset":"https:\/\/i0.wp.com\/noticiasribeiraopreto.com.br\/wp-content\/uploads\/2024\/03\/Choro07-Divulgacao-1-scaled.jpeg?fit=860%2C645&ssl=1&resize=350%2C200 1x, https:\/\/i0.wp.com\/noticiasribeiraopreto.com.br\/wp-content\/uploads\/2024\/03\/Choro07-Divulgacao-1-scaled.jpeg?fit=860%2C645&ssl=1&resize=525%2C300 1.5x, https:\/\/i0.wp.com\/noticiasribeiraopreto.com.br\/wp-content\/uploads\/2024\/03\/Choro07-Divulgacao-1-scaled.jpeg?fit=860%2C645&ssl=1&resize=700%2C400 2x"},"classes":[]},{"id":77413,"url":"https:\/\/noticiasribeiraopreto.com.br\/index.php\/2025\/09\/18\/repasse-do-bolsa-familia-para-rp-sobe-a-r-136-mi\/","url_meta":{"origin":76625,"position":5},"title":"Repasse do Bolsa Fam\u00edlia para RP \u2028sobe a R$ 13,6 mi","author":"noticiasribeiraopreto.com.br","date":"18 de September de 2025","format":false,"excerpt":"Em setembro deste ano, 19.861 fam\u00edlias est\u00e3o sendo atendidas pelo programa de transfer\u00eancia de renda em Ribeir\u00e3o Preto \u2028\u2028Os pagamentos do Programa Bolsa Fam\u00edlia come\u00e7aram nesta quarta-feira, 17 de setembro, e seguem at\u00e9 o dia 3, conforme o \u00faltimo d\u00edgito do N\u00famero de Identifica\u00e7\u00e3o Social (NIS) de cada benefici\u00e1rio. Neste\u2026","rel":"","context":"In &quot;Not\u00edcias de Ribeir\u00e3o Preto-SP e Regi\u00e3o&quot;","block_context":{"text":"Not\u00edcias de Ribeir\u00e3o Preto-SP e Regi\u00e3o","link":"https:\/\/noticiasribeiraopreto.com.br\/index.php\/category\/noticias-de-ribeirao-preto-sp-e-regiao-ismael-colosi\/"},"img":{"alt_text":"","src":"https:\/\/i0.wp.com\/noticiasribeiraopreto.com.br\/wp-content\/uploads\/2025\/09\/672536e9-f803-457f-88a4-bff3b0b6d4b2-scaled.jpeg?fit=800%2C479&ssl=1&resize=350%2C200","width":350,"height":200,"srcset":"https:\/\/i0.wp.com\/noticiasribeiraopreto.com.br\/wp-content\/uploads\/2025\/09\/672536e9-f803-457f-88a4-bff3b0b6d4b2-scaled.jpeg?fit=800%2C479&ssl=1&resize=350%2C200 1x, https:\/\/i0.wp.com\/noticiasribeiraopreto.com.br\/wp-content\/uploads\/2025\/09\/672536e9-f803-457f-88a4-bff3b0b6d4b2-scaled.jpeg?fit=800%2C479&ssl=1&resize=525%2C300 1.5x, https:\/\/i0.wp.com\/noticiasribeiraopreto.com.br\/wp-content\/uploads\/2025\/09\/672536e9-f803-457f-88a4-bff3b0b6d4b2-scaled.jpeg?fit=800%2C479&ssl=1&resize=700%2C400 2x"},"classes":[]}],"jetpack_sharing_enabled":true,"jetpack_shortlink":"https:\/\/wp.me\/peQAOb-jVT","_links":{"self":[{"href":"https:\/\/noticiasribeiraopreto.com.br\/index.php\/wp-json\/wp\/v2\/posts\/76625","targetHints":{"allow":["GET"]}}],"collection":[{"href":"https:\/\/noticiasribeiraopreto.com.br\/index.php\/wp-json\/wp\/v2\/posts"}],"about":[{"href":"https:\/\/noticiasribeiraopreto.com.br\/index.php\/wp-json\/wp\/v2\/types\/post"}],"author":[{"embeddable":true,"href":"https:\/\/noticiasribeiraopreto.com.br\/index.php\/wp-json\/wp\/v2\/users\/1"}],"replies":[{"embeddable":true,"href":"https:\/\/noticiasribeiraopreto.com.br\/index.php\/wp-json\/wp\/v2\/comments?post=76625"}],"version-history":[{"count":0,"href":"https:\/\/noticiasribeiraopreto.com.br\/index.php\/wp-json\/wp\/v2\/posts\/76625\/revisions"}],"wp:featuredmedia":[{"embeddable":true,"href":"https:\/\/noticiasribeiraopreto.com.br\/index.php\/wp-json\/wp\/v2\/media\/76627"}],"wp:attachment":[{"href":"https:\/\/noticiasribeiraopreto.com.br\/index.php\/wp-json\/wp\/v2\/media?parent=76625"}],"wp:term":[{"taxonomy":"category","embeddable":true,"href":"https:\/\/noticiasribeiraopreto.com.br\/index.php\/wp-json\/wp\/v2\/categories?post=76625"},{"taxonomy":"post_tag","embeddable":true,"href":"https:\/\/noticiasribeiraopreto.com.br\/index.php\/wp-json\/wp\/v2\/tags?post=76625"}],"curies":[{"name":"wp","href":"https:\/\/api.w.org\/{rel}","templated":true}]}}