{"id":76628,"date":"2025-09-02T11:42:31","date_gmt":"2025-09-02T14:42:31","guid":{"rendered":"https:\/\/noticiasribeiraopreto.com.br\/index.php\/2025\/09\/02\/eu-nao-sei-de-fato-o-que-aconteceu-diz-brasileiro-que-saiu-do-coma-na-grecia\/"},"modified":"2025-09-02T11:42:31","modified_gmt":"2025-09-02T14:42:31","slug":"eu-nao-sei-de-fato-o-que-aconteceu-diz-brasileiro-que-saiu-do-coma-na-grecia","status":"publish","type":"post","link":"https:\/\/noticiasribeiraopreto.com.br\/index.php\/2025\/09\/02\/eu-nao-sei-de-fato-o-que-aconteceu-diz-brasileiro-que-saiu-do-coma-na-grecia\/","title":{"rendered":"&#8216;Eu n\u00e3o sei de fato o que aconteceu&#8217;, diz brasileiro que saiu do coma na Gr\u00e9cia"},"content":{"rendered":"<div class='code-block code-block-1' style='margin: 8px 0 8px auto; text-align: right; display: block; clear: both;'>\n<p><a href=\"https:\/\/wa.link\/vpicfd\"><img data-recalc-dims=\"1\" class=\"wp-image-4922\" style=\"aspect-ratio: 2.0253164556962027; width: 561px; height: auto;\" src=\"https:\/\/i0.wp.com\/ismaelcolosi.com.br\/wp-content\/uploads\/2023\/11\/grupo-de-empregos-whatsapp-e-facebook-ismael-colosi-vagas.jpg?ssl=1\" alt=\"\" \/><\/a><\/p>\n<!-- \/wp:image -->\n<\/div>\n<p> <br \/>\n<\/p>\n<div>\n<p>O brasileiro <strong>Ryan Silveira<\/strong>, de 23 anos, se pronunciou pela <strong>primeira vez <\/strong>na noite desta segunda-feira (1\u00ba), ap\u00f3s ser <strong>resgatado inconsciente<\/strong> de uma piscina privativa de um hotel na ilha de <strong>Mykonos<\/strong>, na <strong>Gr\u00e9cia<\/strong>.<\/p>\n<p>Pelas redes sociais, o jovem, que tem fam\u00edlia em <strong>Ribeir\u00e3o Preto<\/strong> e <strong>chegou a ficar em coma<\/strong>, apareceu com alguns machucados e pontos, afirmando que est\u00e1 se recuperando, <strong>mas que n\u00e3o se lembra do que aconteceu<\/strong>. <\/p>\n<figure class=\"wp-block-pullquote\">\n<blockquote>\n<p>Eu n\u00e3o sei de fato o que aconteceu. Aquele dia, n\u00f3s t\u00ednhamos chegado em Mykonos, era um s\u00e1bado [23 de agosto], j\u00e1 era uma hora da tarde e tinha uma festa \u00e0s 18h [\u2026] A \u00faltima lembran\u00e7a que eu tenho \u00e9 que eu estava deitado na cama e eu simplesmente apaguei<\/p>\n<\/blockquote>\n<\/figure>\n<p><strong>Ryan <\/strong>estava acompanhado do amigo, <strong>Yago Luiz de Campos e Silva<\/strong>, de 25 anos, que morreu afogado. No v\u00eddeo compartilhado, ele conta que entrou em desespero ao ser informado do acidente e que perguntou pelo colega.<\/p>\n<div class=\"wp-block-image\">\n<figure class=\"aligncenter size-large is-resized\"><img data-recalc-dims=\"1\" fetchpriority=\"high\" decoding=\"async\" width=\"1024\" height=\"576\" src=\"https:\/\/i0.wp.com\/cdn.media-acidadeon.com.br\/ribeiraopreto\/wp-content\/uploads\/sites\/3\/2025\/08\/Copia-de-Copia-de-Copia-de-TAMANHO-EXATO-PARA-FOTOS-NO-SISTEMA-NOVO-2025-08-26T103448.409_2025-08-26_13-35-01-1024x576.webp?resize=1024%2C576&#038;ssl=1\" alt=\"Yago Luiz de Campos e Silva e Ryan Silveira - Foto: reprodu\u00e7\u00e3o\/ redes sociais.\" class=\"wp-image-127147\" style=\"width:654px\" title=\"'Eu n\u00e3o sei de fato o que aconteceu', diz brasileiro que saiu do coma na Gr\u00e9cia 1\" srcset=\"https:\/\/cdn.media-acidadeon.com.br\/ribeiraopreto\/wp-content\/uploads\/sites\/3\/2025\/08\/Copia-de-Copia-de-Copia-de-TAMANHO-EXATO-PARA-FOTOS-NO-SISTEMA-NOVO-2025-08-26T103448.409_2025-08-26_13-35-01-1024x576.webp 1024w, https:\/\/cdn.media-acidadeon.com.br\/ribeiraopreto\/wp-content\/uploads\/sites\/3\/2025\/08\/Copia-de-Copia-de-Copia-de-TAMANHO-EXATO-PARA-FOTOS-NO-SISTEMA-NOVO-2025-08-26T103448.409_2025-08-26_13-35-01-300x169.webp 300w, https:\/\/cdn.media-acidadeon.com.br\/ribeiraopreto\/wp-content\/uploads\/sites\/3\/2025\/08\/Copia-de-Copia-de-Copia-de-TAMANHO-EXATO-PARA-FOTOS-NO-SISTEMA-NOVO-2025-08-26T103448.409_2025-08-26_13-35-01-768x432.webp 768w, https:\/\/cdn.media-acidadeon.com.br\/ribeiraopreto\/wp-content\/uploads\/sites\/3\/2025\/08\/Copia-de-Copia-de-Copia-de-TAMANHO-EXATO-PARA-FOTOS-NO-SISTEMA-NOVO-2025-08-26T103448.409_2025-08-26_13-35-01-696x392.webp 696w, https:\/\/cdn.media-acidadeon.com.br\/ribeiraopreto\/wp-content\/uploads\/sites\/3\/2025\/08\/Copia-de-Copia-de-Copia-de-TAMANHO-EXATO-PARA-FOTOS-NO-SISTEMA-NOVO-2025-08-26T103448.409_2025-08-26_13-35-01-1068x601.webp 1068w, https:\/\/cdn.media-acidadeon.com.br\/ribeiraopreto\/wp-content\/uploads\/sites\/3\/2025\/08\/Copia-de-Copia-de-Copia-de-TAMANHO-EXATO-PARA-FOTOS-NO-SISTEMA-NOVO-2025-08-26T103448.409_2025-08-26_13-35-01.webp 1200w\" sizes=\"(max-width: 1024px) 100vw, 1024px\"\/><figcaption class=\"wp-element-caption\">Yago Luiz de Campos e Silva e Ryan Silveira \u2013 Foto: reprodu\u00e7\u00e3o\/ redes sociais.<\/figcaption><\/figure>\n<\/div>\n<p><strong>Ele ainda afirmou que s\u00f3 descobriu a morte do colega tr\u00eas dias depois<\/strong>. \u201cMinha cabe\u00e7a j\u00e1 come\u00e7ou a entrar em desespero, eu n\u00e3o tinha visto ainda que eu estava machucado, at\u00e9 ent\u00e3o, eu n\u00e3o tinha sentido nada\u201d.<\/p>\n<figure class=\"wp-block-pullquote\">\n<blockquote>\n<p>Quando eu acordei na UTI, perguntava por todo mundo. Falava: \u2018Gente, cad\u00ea o Iago?\u2019. Minha preocupa\u00e7\u00e3o era se ele sabia que eu estava em Atenas e se ele ia entrar em contato. Eu perguntava e a galera falava que n\u00e3o tinha informa\u00e7\u00e3o dele. Depois, na segunda-feira, falavam: \u2018O Iago est\u00e1 aqui no hospital tamb\u00e9m, mas ele ainda n\u00e3o acordou\u2019. Na quarta-feira vieram e me deram a not\u00edcia<\/p>\n<\/blockquote>\n<\/figure>\n<p>Emocionado, o jovem ainda comentou sobre a <strong>amizade que tinha com o brasileiro que morreu<\/strong> e afirma que ele vai fazer muita falta.<\/p>\n<p>\u201c\u00c9 meu melhor amigo. Familiares, amigos sabiam o quanto a gente era pr\u00f3ximos um do outro, estou um pouco traumatizado com tudo isso que aconteceu, em saber que uma escolha que n\u00f3s fizemos teve um final t\u00e3o tr\u00e1gico e triste assim\u201d.<\/p>\n<div class=\"wp-block-image\">\n<figure class=\"aligncenter size-large is-resized\"><img data-recalc-dims=\"1\" loading=\"lazy\" decoding=\"async\" width=\"1024\" height=\"576\" src=\"https:\/\/i0.wp.com\/cdn.media-acidadeon.com.br\/ribeiraopreto\/wp-content\/uploads\/sites\/3\/2025\/08\/Copia-de-Copia-de-Copia-de-TAMANHO-EXATO-PARA-FOTOS-NO-SISTEMA-NOVO-2025-08-27T113014.185_2025-08-27_14-30-32-1024x576.webp?resize=1024%2C576&#038;ssl=1\" alt=\"Ryan Silveira e Yago Campos durante um evento - Foto: reprodu\u00e7\u00e3o\/ redes sociais.\" class=\"wp-image-127245\" style=\"width:654px\" title=\"'Eu n\u00e3o sei de fato o que aconteceu', diz brasileiro que saiu do coma na Gr\u00e9cia 2\" srcset=\"https:\/\/cdn.media-acidadeon.com.br\/ribeiraopreto\/wp-content\/uploads\/sites\/3\/2025\/08\/Copia-de-Copia-de-Copia-de-TAMANHO-EXATO-PARA-FOTOS-NO-SISTEMA-NOVO-2025-08-27T113014.185_2025-08-27_14-30-32-1024x576.webp 1024w, https:\/\/cdn.media-acidadeon.com.br\/ribeiraopreto\/wp-content\/uploads\/sites\/3\/2025\/08\/Copia-de-Copia-de-Copia-de-TAMANHO-EXATO-PARA-FOTOS-NO-SISTEMA-NOVO-2025-08-27T113014.185_2025-08-27_14-30-32-300x169.webp 300w, https:\/\/cdn.media-acidadeon.com.br\/ribeiraopreto\/wp-content\/uploads\/sites\/3\/2025\/08\/Copia-de-Copia-de-Copia-de-TAMANHO-EXATO-PARA-FOTOS-NO-SISTEMA-NOVO-2025-08-27T113014.185_2025-08-27_14-30-32-768x432.webp 768w, https:\/\/cdn.media-acidadeon.com.br\/ribeiraopreto\/wp-content\/uploads\/sites\/3\/2025\/08\/Copia-de-Copia-de-Copia-de-TAMANHO-EXATO-PARA-FOTOS-NO-SISTEMA-NOVO-2025-08-27T113014.185_2025-08-27_14-30-32-696x392.webp 696w, https:\/\/cdn.media-acidadeon.com.br\/ribeiraopreto\/wp-content\/uploads\/sites\/3\/2025\/08\/Copia-de-Copia-de-Copia-de-TAMANHO-EXATO-PARA-FOTOS-NO-SISTEMA-NOVO-2025-08-27T113014.185_2025-08-27_14-30-32-1068x601.webp 1068w, https:\/\/cdn.media-acidadeon.com.br\/ribeiraopreto\/wp-content\/uploads\/sites\/3\/2025\/08\/Copia-de-Copia-de-Copia-de-TAMANHO-EXATO-PARA-FOTOS-NO-SISTEMA-NOVO-2025-08-27T113014.185_2025-08-27_14-30-32.webp 1200w\" sizes=\"auto, (max-width: 1024px) 100vw, 1024px\"\/><figcaption class=\"wp-element-caption\">Ryan Silveira e Yago Campos durante um evento \u2013 Foto: reprodu\u00e7\u00e3o\/ redes sociais.<\/figcaption><\/figure>\n<\/div>\n<h2 class=\"wp-block-heading\"><strong>Infec\u00e7\u00e3o por bact\u00e9ria<\/strong><\/h2>\n<p>No mesmo v\u00eddeo, <strong>Ryan <\/strong>confirmou que <strong>teria contra\u00eddo uma bact\u00e9ria por ingerir muita \u00e1gua durante o afogamento.<\/strong><\/p>\n<p>\u201cEstou muito abalado com tudo isso e preciso estar centrado para poder seguir em frente, porque a vida continua. Como voc\u00eas podem ver, estou um pouco machucado ainda, estava bem pior, meu rosto estava super inchado, levei alguns pontos, tive uma infec\u00e7\u00e3o por conta da quantidade de \u00e1gua que acabou acabei ingerindo da piscina\u201d.<\/p>\n<p><mark style=\"background-color:#fcb900\" class=\"has-inline-color\">Ele ainda informou que segue em observa\u00e7\u00e3o no hospital de Atenas<\/mark>. \u201cNa sexta-feira fui liberado e, desde ent\u00e3o, ainda estou aqui. N\u00e3o tive acesso aos meus pertences ainda, que estavam em Mykonos, roupa, tudo, tudo minhas coisas ainda permanecem l\u00e1, assim como as do Yago tamb\u00e9m, por conta da investiga\u00e7\u00e3o\u201d.<\/p>\n<p>Em nota, a <strong>Embaixada do Brasil em Atenas<\/strong> informou que tem conhecimento do caso envolvendo os brasileiros e que est\u00e1 prestando assist\u00eancia consular aos familiares de <strong>Yago<\/strong>.<\/p>\n<hr class=\"wp-block-separator has-alpha-channel-opacity\"\/>\n<p>SAIBA MAIS<\/p>\n<p>Entenda a rela\u00e7\u00e3o de C\u00e9sar Tralli com a regi\u00e3o de Ribeir\u00e3o Preto<\/p>\n<h2 class=\"wp-block-heading\"><strong>FIQUE ON<\/strong><\/h2>\n<p>Fique ligado em tudo que acontece em Ribeir\u00e3o Preto e regi\u00e3o. Siga os perfis do\u00a0<strong>acidade on<\/strong>\u00a0no\u00a0<strong><a href=\"https:\/\/www.instagram.com\/acidadeonribeirao\" target=\"_blank\" rel=\"noreferrer noopener\">Instagram<\/a><\/strong>\u00a0e no\u00a0<a href=\"https:\/\/www.facebook.com\/acidadeonribeirao\/\" target=\"_blank\" rel=\"noreferrer noopener\"><strong>Facebook<\/strong><\/a>.<\/p>\n<p>Receba not\u00edcias do<strong>\u00a0acidade on<\/strong>\u00a0no WhatsApp. Para entrar no grupo,\u00a0basta\u00a0<a href=\"https:\/\/chat.whatsapp.com\/I4nieTEMKlf50pJ28aMemC?mode=ac_t\" target=\"_blank\" rel=\"noreferrer noopener\">clicar aqui<\/a>. Ou, acesse o nosso\u00a0Canal\u00a0<a href=\"https:\/\/whatsapp.com\/channel\/0029Vb6IQl1JENyAeS57fk2p\" target=\"_blank\" rel=\"noreferrer noopener\">clicando aqui<\/a>.<\/p>\n<p>Fa\u00e7a uma den\u00fancia ou sugira uma reportagem sobre Ribeir\u00e3o Preto e regi\u00e3o pelo WhatsApp: 16 99117 7802.<\/p>\n<p>VEJA TAMB\u00c9M<\/p>\n<p>Por que The Rock emagreceu tanto?<\/p>\n<p><!-- AI CONTENT END 1 -->\n<\/div>\n<p><script async src=\"\/\/www.instagram.com\/embed.js\"><\/script><br \/>\n<br \/><br \/>\n<br \/><a href=\"https:\/\/www.acidadeon.com\/ribeiraopreto\/cotidiano\/eu-nao-sei-de-fato-o-que-aconteceu-diz-brasileiro-que-saiu-do-coma-na-grecia\/\">Source link <\/a><\/p>\n<!-- CONTENT END 1 -->\n","protected":false},"excerpt":{"rendered":"<p>O brasileiro Ryan Silveira, de 23 anos, se pronunciou pela primeira vez na noite desta segunda-feira (1\u00ba), ap\u00f3s ser resgatado inconsciente de uma piscina privativa&#8230;<\/p>\n","protected":false},"author":1,"featured_media":76629,"comment_status":"open","ping_status":"open","sticky":false,"template":"","format":"standard","meta":{"advanced_seo_description":"","jetpack_seo_html_title":"","jetpack_seo_noindex":false,"jetpack_post_was_ever_published":false,"_jetpack_newsletter_access":"","_jetpack_dont_email_post_to_subs":false,"_jetpack_newsletter_tier_id":0,"_jetpack_memberships_contains_paywalled_content":false,"_jetpack_memberships_contains_paid_content":false,"footnotes":"","jetpack_publicize_message":"","jetpack_publicize_feature_enabled":true,"jetpack_social_post_already_shared":true,"jetpack_social_options":{"image_generator_settings":{"template":"highway","default_image_id":0,"font":"","enabled":false},"version":2}},"categories":[11],"tags":[],"class_list":["post-76628","post","type-post","status-publish","format-standard","has-post-thumbnail","hentry","category-noticias-de-ribeirao-preto-sp-e-regiao-ismael-colosi"],"jetpack_publicize_connections":[],"jetpack_featured_media_url":"https:\/\/i0.wp.com\/noticiasribeiraopreto.com.br\/wp-content\/uploads\/2025\/09\/Copia-de-Copia-de-Copia-de-TAMANHO-EXATO-PARA-FOTOS-NO-SISTEMA-NOVO-2025-09-02T090327.861_2025-09-02_12-05-24.webp.webp?fit=1200%2C675&ssl=1","jetpack-related-posts":[{"id":76356,"url":"https:\/\/noticiasribeiraopreto.com.br\/index.php\/2025\/08\/27\/o-que-se-sabe-sobre-morte-de-modelo-do-interior-de-sp-na-grecia\/","url_meta":{"origin":76628,"position":0},"title":"O que se sabe sobre morte de modelo do interior de SP na Gr\u00e9cia","author":"noticiasribeiraopreto.com.br","date":"27 de August de 2025","format":false,"excerpt":"O brasileiro Yago Luiz de Campos e Silva, de 25 anos, foi encontrado morto no \u00faltimo s\u00e1bado (23) em uma piscina privativa de um hotel ilha grega de Mykonos. Ele estava acompanhado do amigo, o criador de conte\u00fado adulto Ryan Silveira, de 23 anos, de Ribeir\u00e3o Preto. Os dois foram\u2026","rel":"","context":"In &quot;Not\u00edcias de Ribeir\u00e3o Preto-SP e Regi\u00e3o&quot;","block_context":{"text":"Not\u00edcias de Ribeir\u00e3o Preto-SP e Regi\u00e3o","link":"https:\/\/noticiasribeiraopreto.com.br\/index.php\/category\/noticias-de-ribeirao-preto-sp-e-regiao-ismael-colosi\/"},"img":{"alt_text":"","src":"https:\/\/i0.wp.com\/noticiasribeiraopreto.com.br\/wp-content\/uploads\/2025\/08\/Copia-de-Copia-de-Copia-de-TAMANHO-EXATO-PARA-FOTOS-NO-SISTEMA-NOVO-2025-08-27T114255.788_2025-08-27_14-43-10.webp.webp?fit=1200%2C675&ssl=1&resize=350%2C200","width":350,"height":200,"srcset":"https:\/\/i0.wp.com\/noticiasribeiraopreto.com.br\/wp-content\/uploads\/2025\/08\/Copia-de-Copia-de-Copia-de-TAMANHO-EXATO-PARA-FOTOS-NO-SISTEMA-NOVO-2025-08-27T114255.788_2025-08-27_14-43-10.webp.webp?fit=1200%2C675&ssl=1&resize=350%2C200 1x, https:\/\/i0.wp.com\/noticiasribeiraopreto.com.br\/wp-content\/uploads\/2025\/08\/Copia-de-Copia-de-Copia-de-TAMANHO-EXATO-PARA-FOTOS-NO-SISTEMA-NOVO-2025-08-27T114255.788_2025-08-27_14-43-10.webp.webp?fit=1200%2C675&ssl=1&resize=525%2C300 1.5x, https:\/\/i0.wp.com\/noticiasribeiraopreto.com.br\/wp-content\/uploads\/2025\/08\/Copia-de-Copia-de-Copia-de-TAMANHO-EXATO-PARA-FOTOS-NO-SISTEMA-NOVO-2025-08-27T114255.788_2025-08-27_14-43-10.webp.webp?fit=1200%2C675&ssl=1&resize=700%2C400 2x, https:\/\/i0.wp.com\/noticiasribeiraopreto.com.br\/wp-content\/uploads\/2025\/08\/Copia-de-Copia-de-Copia-de-TAMANHO-EXATO-PARA-FOTOS-NO-SISTEMA-NOVO-2025-08-27T114255.788_2025-08-27_14-43-10.webp.webp?fit=1200%2C675&ssl=1&resize=1050%2C600 3x"},"classes":[]},{"id":76308,"url":"https:\/\/noticiasribeiraopreto.com.br\/index.php\/2025\/08\/26\/brasileiro-morre-e-outro-fica-inconsciente-em-piscina-de-hotel-na-grecia\/","url_meta":{"origin":76628,"position":1},"title":"Brasileiro morre e outro fica inconsciente em piscina de hotel na Gr\u00e9cia","author":"noticiasribeiraopreto.com.br","date":"26 de August de 2025","format":false,"excerpt":"O brasileiro Yago Luiz de Campos e Silva, de 25 anos, foi encontrado morto em uma piscina privativa de um hotel na ilha de Mykonos, na Gr\u00e9cia. O caso ocorreu no \u00faltimo s\u00e1bado (23) e est\u00e1 sendo investigado pelas autoridades locais. Ao g1 Vale do Para\u00edba, a Embaixada do Brasil\u2026","rel":"","context":"In &quot;Not\u00edcias de Ribeir\u00e3o Preto-SP e Regi\u00e3o&quot;","block_context":{"text":"Not\u00edcias de Ribeir\u00e3o Preto-SP e Regi\u00e3o","link":"https:\/\/noticiasribeiraopreto.com.br\/index.php\/category\/noticias-de-ribeirao-preto-sp-e-regiao-ismael-colosi\/"},"img":{"alt_text":"","src":"https:\/\/i0.wp.com\/noticiasribeiraopreto.com.br\/wp-content\/uploads\/2025\/08\/Copia-de-Copia-de-Copia-de-TAMANHO-EXATO-PARA-FOTOS-NO-SISTEMA-NOVO-2025-08-26T103448.409_2025-08-26_13-35-01.webp.webp?fit=1200%2C675&ssl=1&resize=350%2C200","width":350,"height":200,"srcset":"https:\/\/i0.wp.com\/noticiasribeiraopreto.com.br\/wp-content\/uploads\/2025\/08\/Copia-de-Copia-de-Copia-de-TAMANHO-EXATO-PARA-FOTOS-NO-SISTEMA-NOVO-2025-08-26T103448.409_2025-08-26_13-35-01.webp.webp?fit=1200%2C675&ssl=1&resize=350%2C200 1x, https:\/\/i0.wp.com\/noticiasribeiraopreto.com.br\/wp-content\/uploads\/2025\/08\/Copia-de-Copia-de-Copia-de-TAMANHO-EXATO-PARA-FOTOS-NO-SISTEMA-NOVO-2025-08-26T103448.409_2025-08-26_13-35-01.webp.webp?fit=1200%2C675&ssl=1&resize=525%2C300 1.5x, https:\/\/i0.wp.com\/noticiasribeiraopreto.com.br\/wp-content\/uploads\/2025\/08\/Copia-de-Copia-de-Copia-de-TAMANHO-EXATO-PARA-FOTOS-NO-SISTEMA-NOVO-2025-08-26T103448.409_2025-08-26_13-35-01.webp.webp?fit=1200%2C675&ssl=1&resize=700%2C400 2x, https:\/\/i0.wp.com\/noticiasribeiraopreto.com.br\/wp-content\/uploads\/2025\/08\/Copia-de-Copia-de-Copia-de-TAMANHO-EXATO-PARA-FOTOS-NO-SISTEMA-NOVO-2025-08-26T103448.409_2025-08-26_13-35-01.webp.webp?fit=1200%2C675&ssl=1&resize=1050%2C600 3x"},"classes":[]},{"id":28886,"url":"https:\/\/noticiasribeiraopreto.com.br\/index.php\/2024\/01\/16\/suspeito-de-matar-engenheiro-em-ribeirao-diz-que-nao-quer-ter-outro-homicidio-nas-costas\/","url_meta":{"origin":76628,"position":2},"title":"Suspeito de matar engenheiro em Ribeir\u00e3o diz que &#8216;n\u00e3o quer ter outro homic\u00eddio nas costas&#8217;","author":"noticiasribeiraopreto.com.br","date":"16 de January de 2024","format":false,"excerpt":"A Pol\u00edcia Civil de Ribeir\u00e3o Preto investiga uma liga\u00e7\u00e3o de telefone, obtida com a autoriza\u00e7\u00e3o da Justi\u00e7a, de Gabriel Souza Brito, o principal suspeito de matar o engenheiro Paulo Roberto Carvalho Braga Pena Filho. O homem foi detido pela Pol\u00edcia Civil em Nova Igua\u00e7u, no Rio de Janeiro, na casa\u2026","rel":"","context":"In &quot;Not\u00edcias de Ribeir\u00e3o Preto-SP e Regi\u00e3o&quot;","block_context":{"text":"Not\u00edcias de Ribeir\u00e3o Preto-SP e Regi\u00e3o","link":"https:\/\/noticiasribeiraopreto.com.br\/index.php\/category\/noticias-de-ribeirao-preto-sp-e-regiao-ismael-colosi\/"},"img":{"alt_text":"","src":"https:\/\/i0.wp.com\/noticiasribeiraopreto.com.br\/wp-content\/uploads\/2024\/01\/GABRIEL-SOUZA-BRITO.jpeg?fit=1200%2C675&ssl=1&resize=350%2C200","width":350,"height":200,"srcset":"https:\/\/i0.wp.com\/noticiasribeiraopreto.com.br\/wp-content\/uploads\/2024\/01\/GABRIEL-SOUZA-BRITO.jpeg?fit=1200%2C675&ssl=1&resize=350%2C200 1x, https:\/\/i0.wp.com\/noticiasribeiraopreto.com.br\/wp-content\/uploads\/2024\/01\/GABRIEL-SOUZA-BRITO.jpeg?fit=1200%2C675&ssl=1&resize=525%2C300 1.5x, https:\/\/i0.wp.com\/noticiasribeiraopreto.com.br\/wp-content\/uploads\/2024\/01\/GABRIEL-SOUZA-BRITO.jpeg?fit=1200%2C675&ssl=1&resize=700%2C400 2x, https:\/\/i0.wp.com\/noticiasribeiraopreto.com.br\/wp-content\/uploads\/2024\/01\/GABRIEL-SOUZA-BRITO.jpeg?fit=1200%2C675&ssl=1&resize=1050%2C600 3x"},"classes":[]},{"id":76621,"url":"https:\/\/noticiasribeiraopreto.com.br\/index.php\/2025\/09\/02\/faculdade-de-medicina-de-ribeirao-precisa-de-voluntarias-para-estudos-com-ayahuasca\/","url_meta":{"origin":76628,"position":3},"title":"Faculdade de Medicina de Ribeir\u00e3o precisa de volunt\u00e1rias para estudos com ayahuasca","author":"noticiasribeiraopreto.com.br","date":"2 de September de 2025","format":false,"excerpt":"A Faculdade de Medicina de Ribeir\u00e3o Preto da USP est\u00e1 em busca de volunt\u00e1rias para dois estudos com ayahuasca, bebida feita a partir da chacrona (Psychotria viridis) e do cip\u00f3 jagube ou mariri (Banisteriopsis caapi), e cetamina, um anest\u00e9sico. Efeito no ciclo menstrual O primeiro estudo busca avaliar o efeito\u2026","rel":"","context":"In &quot;Not\u00edcias de Ribeir\u00e3o Preto-SP e Regi\u00e3o&quot;","block_context":{"text":"Not\u00edcias de Ribeir\u00e3o Preto-SP e Regi\u00e3o","link":"https:\/\/noticiasribeiraopreto.com.br\/index.php\/category\/noticias-de-ribeirao-preto-sp-e-regiao-ismael-colosi\/"},"img":{"alt_text":"","src":"https:\/\/i0.wp.com\/noticiasribeiraopreto.com.br\/wp-content\/uploads\/2025\/09\/ayahuasca.jpg?fit=1000%2C751&ssl=1&resize=350%2C200","width":350,"height":200,"srcset":"https:\/\/i0.wp.com\/noticiasribeiraopreto.com.br\/wp-content\/uploads\/2025\/09\/ayahuasca.jpg?fit=1000%2C751&ssl=1&resize=350%2C200 1x, https:\/\/i0.wp.com\/noticiasribeiraopreto.com.br\/wp-content\/uploads\/2025\/09\/ayahuasca.jpg?fit=1000%2C751&ssl=1&resize=525%2C300 1.5x, https:\/\/i0.wp.com\/noticiasribeiraopreto.com.br\/wp-content\/uploads\/2025\/09\/ayahuasca.jpg?fit=1000%2C751&ssl=1&resize=700%2C400 2x"},"classes":[]},{"id":77623,"url":"https:\/\/noticiasribeiraopreto.com.br\/index.php\/2025\/09\/22\/mulher-que-matou-mae-em-ribeirao-preto-apresentou-comportamento-tranquilo-e-frio-diz-delegado\/","url_meta":{"origin":76628,"position":4},"title":"Mulher que matou m\u00e3e em Ribeir\u00e3o Preto apresentou comportamento tranquilo e frio, diz delegado","author":"noticiasribeiraopreto.com.br","date":"22 de September de 2025","format":false,"excerpt":"De acordo com a Pol\u00edcia Civil, Michele Cristina Feliciano, que confessou ter matado a m\u00e3e, a diretora aposentada M\u00e1rcia Cristina Feliciano Costa, de 59 anos, ap\u00f3s uma discuss\u00e3o, demonstrou frieza e tranquilidade ao narrar o crime. Segundo o delegado Jos\u00e9 Carvalho de Ara\u00fajo J\u00fanior, esse comportamento gerou estranheza para os\u2026","rel":"","context":"In &quot;Not\u00edcias de Ribeir\u00e3o Preto-SP e Regi\u00e3o&quot;","block_context":{"text":"Not\u00edcias de Ribeir\u00e3o Preto-SP e Regi\u00e3o","link":"https:\/\/noticiasribeiraopreto.com.br\/index.php\/category\/noticias-de-ribeirao-preto-sp-e-regiao-ismael-colosi\/"},"img":{"alt_text":"","src":"https:\/\/i0.wp.com\/noticiasribeiraopreto.com.br\/wp-content\/uploads\/2025\/09\/Copia-de-Copia-de-Copia-de-TAMANHO-EXATO-PARA-FOTOS-NO-SISTEMA-NOVO-2025-09-19T172611.359_2025-09-19_20-26-19.webp.webp?fit=1200%2C675&ssl=1&resize=350%2C200","width":350,"height":200,"srcset":"https:\/\/i0.wp.com\/noticiasribeiraopreto.com.br\/wp-content\/uploads\/2025\/09\/Copia-de-Copia-de-Copia-de-TAMANHO-EXATO-PARA-FOTOS-NO-SISTEMA-NOVO-2025-09-19T172611.359_2025-09-19_20-26-19.webp.webp?fit=1200%2C675&ssl=1&resize=350%2C200 1x, https:\/\/i0.wp.com\/noticiasribeiraopreto.com.br\/wp-content\/uploads\/2025\/09\/Copia-de-Copia-de-Copia-de-TAMANHO-EXATO-PARA-FOTOS-NO-SISTEMA-NOVO-2025-09-19T172611.359_2025-09-19_20-26-19.webp.webp?fit=1200%2C675&ssl=1&resize=525%2C300 1.5x, https:\/\/i0.wp.com\/noticiasribeiraopreto.com.br\/wp-content\/uploads\/2025\/09\/Copia-de-Copia-de-Copia-de-TAMANHO-EXATO-PARA-FOTOS-NO-SISTEMA-NOVO-2025-09-19T172611.359_2025-09-19_20-26-19.webp.webp?fit=1200%2C675&ssl=1&resize=700%2C400 2x, https:\/\/i0.wp.com\/noticiasribeiraopreto.com.br\/wp-content\/uploads\/2025\/09\/Copia-de-Copia-de-Copia-de-TAMANHO-EXATO-PARA-FOTOS-NO-SISTEMA-NOVO-2025-09-19T172611.359_2025-09-19_20-26-19.webp.webp?fit=1200%2C675&ssl=1&resize=1050%2C600 3x"},"classes":[]},{"id":53355,"url":"https:\/\/noticiasribeiraopreto.com.br\/index.php\/2024\/06\/19\/aniversario-de-ribeirao-preto-musico-mais-antigo-em-atividade-da-orquestra-sinfonica-conta-historias\/","url_meta":{"origin":76628,"position":5},"title":"Anivers\u00e1rio de Ribeir\u00e3o Preto: M\u00fasico mais antigo em atividade da Orquestra Sinf\u00f4nica conta hist\u00f3rias","author":"noticiasribeiraopreto.com.br","date":"19 de June de 2024","format":false,"excerpt":"Ribeir\u00e3o Preto completa 168 nesta quarta-feira (19) e diversas atividades est\u00e3o sendo realizadas. A Orquestra Sinf\u00f4nica de Ribeir\u00e3o Preto realizou o concerto \u201cS\u00e9rie Juventude tem Concerto\u201d no \u00faltimo final de semana no Teatro de Arena \u201cJaime Zeiger\u201d, com reg\u00eancia de Reginaldo Nascimento. Entre os m\u00fasicos que se apresentaram, estava Walter\u2026","rel":"","context":"In &quot;Not\u00edcias de Ribeir\u00e3o Preto-SP e Regi\u00e3o&quot;","block_context":{"text":"Not\u00edcias de Ribeir\u00e3o Preto-SP e Regi\u00e3o","link":"https:\/\/noticiasribeiraopreto.com.br\/index.php\/category\/noticias-de-ribeirao-preto-sp-e-regiao-ismael-colosi\/"},"img":{"alt_text":"","src":"https:\/\/i0.wp.com\/noticiasribeiraopreto.com.br\/wp-content\/uploads\/2024\/06\/Walter-de-Fatima_2024-06-18_14-06-06_png_2024-06-18_14-06-06.webp.webp?fit=1200%2C548&ssl=1&resize=350%2C200","width":350,"height":200,"srcset":"https:\/\/i0.wp.com\/noticiasribeiraopreto.com.br\/wp-content\/uploads\/2024\/06\/Walter-de-Fatima_2024-06-18_14-06-06_png_2024-06-18_14-06-06.webp.webp?fit=1200%2C548&ssl=1&resize=350%2C200 1x, https:\/\/i0.wp.com\/noticiasribeiraopreto.com.br\/wp-content\/uploads\/2024\/06\/Walter-de-Fatima_2024-06-18_14-06-06_png_2024-06-18_14-06-06.webp.webp?fit=1200%2C548&ssl=1&resize=525%2C300 1.5x, https:\/\/i0.wp.com\/noticiasribeiraopreto.com.br\/wp-content\/uploads\/2024\/06\/Walter-de-Fatima_2024-06-18_14-06-06_png_2024-06-18_14-06-06.webp.webp?fit=1200%2C548&ssl=1&resize=700%2C400 2x, https:\/\/i0.wp.com\/noticiasribeiraopreto.com.br\/wp-content\/uploads\/2024\/06\/Walter-de-Fatima_2024-06-18_14-06-06_png_2024-06-18_14-06-06.webp.webp?fit=1200%2C548&ssl=1&resize=1050%2C600 3x"},"classes":[]}],"jetpack_sharing_enabled":true,"jetpack_shortlink":"https:\/\/wp.me\/peQAOb-jVW","_links":{"self":[{"href":"https:\/\/noticiasribeiraopreto.com.br\/index.php\/wp-json\/wp\/v2\/posts\/76628","targetHints":{"allow":["GET"]}}],"collection":[{"href":"https:\/\/noticiasribeiraopreto.com.br\/index.php\/wp-json\/wp\/v2\/posts"}],"about":[{"href":"https:\/\/noticiasribeiraopreto.com.br\/index.php\/wp-json\/wp\/v2\/types\/post"}],"author":[{"embeddable":true,"href":"https:\/\/noticiasribeiraopreto.com.br\/index.php\/wp-json\/wp\/v2\/users\/1"}],"replies":[{"embeddable":true,"href":"https:\/\/noticiasribeiraopreto.com.br\/index.php\/wp-json\/wp\/v2\/comments?post=76628"}],"version-history":[{"count":0,"href":"https:\/\/noticiasribeiraopreto.com.br\/index.php\/wp-json\/wp\/v2\/posts\/76628\/revisions"}],"wp:featuredmedia":[{"embeddable":true,"href":"https:\/\/noticiasribeiraopreto.com.br\/index.php\/wp-json\/wp\/v2\/media\/76629"}],"wp:attachment":[{"href":"https:\/\/noticiasribeiraopreto.com.br\/index.php\/wp-json\/wp\/v2\/media?parent=76628"}],"wp:term":[{"taxonomy":"category","embeddable":true,"href":"https:\/\/noticiasribeiraopreto.com.br\/index.php\/wp-json\/wp\/v2\/categories?post=76628"},{"taxonomy":"post_tag","embeddable":true,"href":"https:\/\/noticiasribeiraopreto.com.br\/index.php\/wp-json\/wp\/v2\/tags?post=76628"}],"curies":[{"name":"wp","href":"https:\/\/api.w.org\/{rel}","templated":true}]}}