{"id":76630,"date":"2025-09-02T11:50:03","date_gmt":"2025-09-02T14:50:03","guid":{"rendered":"https:\/\/noticiasribeiraopreto.com.br\/index.php\/2025\/09\/02\/ao-vivo-veja-o-julgamento-de-bolsonaro-no-stf\/"},"modified":"2025-09-02T11:50:03","modified_gmt":"2025-09-02T14:50:03","slug":"ao-vivo-veja-o-julgamento-de-bolsonaro-no-stf","status":"publish","type":"post","link":"https:\/\/noticiasribeiraopreto.com.br\/index.php\/2025\/09\/02\/ao-vivo-veja-o-julgamento-de-bolsonaro-no-stf\/","title":{"rendered":"AO VIVO: Veja o julgamento de Bolsonaro no STF"},"content":{"rendered":"<div class='code-block code-block-1' style='margin: 8px 0 8px auto; text-align: right; display: block; clear: both;'>\n<p><a href=\"https:\/\/wa.link\/vpicfd\"><img data-recalc-dims=\"1\" class=\"wp-image-4922\" style=\"aspect-ratio: 2.0253164556962027; width: 561px; height: auto;\" src=\"https:\/\/i0.wp.com\/ismaelcolosi.com.br\/wp-content\/uploads\/2023\/11\/grupo-de-empregos-whatsapp-e-facebook-ismael-colosi-vagas.jpg?ssl=1\" alt=\"\" \/><\/a><\/p>\n<!-- \/wp:image -->\n<\/div>\n<p> <br \/>\n<\/p>\n<div>\n<p>A <strong>Primeira Turma do Supremo Tribunal Federal (STF) <\/strong>come\u00e7a nesta segunda-feira (2), \u00e0s 9h, o julgamento que pode condenar o <strong>ex-presidente Jair Bolsonaro<\/strong> e <strong>mais sete aliados<\/strong>, acusados pela Procuradoria-Geral da Rep\u00fablica (PGR) de tentativa de <strong>golpe de Estado <\/strong>no final de 2022.<\/p>\n<p>O grupo faz parte do <strong>n\u00facleo crucial <\/strong>da den\u00fancia apresentada pela <strong>Procuradoria-Geral da Rep\u00fablica (PGR)<\/strong>.<strong> <mark style=\"background-color:#fcb900\" class=\"has-inline-color\">\ud83d\udd34 <em>Assista ao julgamento logo abaixo<\/em><\/mark><\/strong><em><mark style=\"background-color:#fcb900\" class=\"has-inline-color\">.<\/mark><\/em><\/p>\n<p>A expectativa \u00e9 que o primeiro dia do julgamento seja destinado \u00e0s <strong>manifesta\u00e7\u00f5es das defesas<\/strong> e do <strong>procurador-geral da Rep\u00fablica<\/strong>, Paulo Gonet, que far\u00e1 a acusa\u00e7\u00e3o.<\/p>\n<p>A vota\u00e7\u00e3o que vai condenar ou absolver os r\u00e9us deve come\u00e7ar somente nas pr\u00f3ximas sess\u00f5es, marcadas para os dias 3, 9, 10 e 12 de setembro.<\/p>\n<p><iframe loading=\"lazy\" title=\"Primeira Turma do STF -  julgamento da AP 2668 (N\u00facleo 1) - 2\/9\/2025 (manh\u00e3)\" width=\"500\" height=\"281\" src=\"https:\/\/www.youtube.com\/embed\/felfOGKvbuQ?feature=oembed\" frameborder=\"0\" allow=\"accelerometer; autoplay; clipboard-write; encrypted-media; gyroscope; picture-in-picture; web-share\" referrerpolicy=\"strict-origin-when-cross-origin\" allowfullscreen><\/iframe><\/p>\n<h2 class=\"wp-block-heading\"><strong>Quem s\u00e3o os r\u00e9us?<\/strong><\/h2>\n<ul class=\"wp-block-list\">\n<li><strong>Jair Bolsonaro<\/strong> \u2013 ex-presidente da Rep\u00fablica;<\/li>\n<li><strong>Alexandre Ramagem<\/strong> \u2013 ex-diretor da Ag\u00eancia Brasileira de Intelig\u00eancia (Abin);<\/li>\n<li><strong>Almir Garnier<\/strong>\u2013 ex-comandante da Marinha;<\/li>\n<li><strong>Anderson Torres<\/strong> \u2013 ex-ministro da Justi\u00e7a e ex-secret\u00e1rio de Seguran\u00e7a do Distrito Federal;<\/li>\n<li><strong>Augusto Heleno<\/strong> \u2013 ex-ministro do Gabinete de Seguran\u00e7a Institucional (GSI);<\/li>\n<li><strong>Paulo S\u00e9rgio Nogueira<\/strong> \u2013 ex-ministro da Defesa;<\/li>\n<li><strong>Walter Braga Netto<\/strong> \u2013 ex-ministro da Casa Civil e da Defesa e candidato a vice de Bolsonaro na chapa de 2022;<\/li>\n<li><strong>Mauro Cid<\/strong> \u2013 ex-ajudante de ordens de Bolsonaro.Acusa\u00e7\u00f5es<\/li>\n<\/ul>\n<h2 class=\"wp-block-heading\"><strong>Quais s\u00e3o os crimes?<\/strong><\/h2>\n<p>Os r\u00e9us respondem no <strong>Supremo <\/strong>pelos crimes de <strong>organiza\u00e7\u00e3o criminosa armada<\/strong>, <strong>tentativa de aboli\u00e7\u00e3o violenta do Estado Democr\u00e1tico de Direito<\/strong>, <strong>golpe de Estado<\/strong>, <strong>dano qualificado pela viol\u00eancia<\/strong> e <strong>grave amea\u00e7a e deteriora\u00e7\u00e3o de patrim\u00f4nio tombado<\/strong>.<\/p>\n<p><mark style=\"background-color:#fcb900\" class=\"has-inline-color\">A exce\u00e7\u00e3o \u00e9 o caso do ex-diretor da Abin Alexandre Ramagem, que, atualmente, \u00e9 deputado federal<\/mark>. Ele foi beneficiado com a suspens\u00e3o de parte das acusa\u00e7\u00f5es e responde somente a tr\u00eas dos cinco crimes. A possibilidade de suspens\u00e3o est\u00e1 prevista na Constitui\u00e7\u00e3o.<\/p>\n<p>A suspens\u00e3o vale para os crimes de dano qualificado pela viol\u00eancia e grave amea\u00e7a, contra o patrim\u00f4nio da Uni\u00e3o, e com consider\u00e1vel preju\u00edzo para a v\u00edtima e deteriora\u00e7\u00e3o de patrim\u00f4nio tombado, relacionados aos atos golpistas de 8 de janeiro.<\/p>\n<p>Ramagem continua respondendo pelos crimes de golpe de Estado, organiza\u00e7\u00e3o criminosa armada e tentativa de aboli\u00e7\u00e3o do Estado Democr\u00e1tico de Direito.<\/p>\n<h2 class=\"wp-block-heading\"><strong>Quais s\u00e3o as acusa\u00e7\u00f5es?<\/strong><\/h2>\n<p>Os acusados s\u00e3o suspeitos de participa\u00e7\u00e3o na elabora\u00e7\u00e3o do plano \u2018<strong>Punhal Verde e Amarelo<\/strong>\u2018, que teria como objetivo o <strong>sequestro <\/strong>ou <strong>homic\u00eddio<\/strong> do <strong>ministro Alexandre de Moraes<\/strong>, do <strong>presidente Luiz In\u00e1cio Lula da Silva<\/strong> e do <strong>vice-presidente Geraldo Alckmin<\/strong>.<\/p>\n<p>Tamb\u00e9m consta na den\u00fancia da PGR a produ\u00e7\u00e3o da chamada \u201cminuta do golpe\u201d, documento que seria de conhecimento de Jair Bolsonaro e serviria para a decreta\u00e7\u00e3o de medidas de estado de defesa e de s\u00edtio no pa\u00eds para tentar reverter o resultado das elei\u00e7\u00f5es de 2022 e impedir a posse do presidente Lula.<\/p>\n<p><mark style=\"background-color:#fcb900\" class=\"has-inline-color\">A den\u00fancia tamb\u00e9m cita o suposto envolvimento dos acusados com os <strong>atos golpistas de 8 de janeiro de 2023<\/strong>.<\/mark><\/p>\n<div class=\"wp-block-image\">\n<figure class=\"aligncenter size-full is-resized\"><img data-recalc-dims=\"1\" decoding=\"async\" src=\"https:\/\/i0.wp.com\/cdn.media-acidadeon.com.br\/ribeiraopreto\/wp-content\/uploads\/sites\/3\/2023\/08\/manifestacao_mcamgo_abr_080120231818-9.jpg?ssl=1\" alt=\"Den\u00fancia contra Bolsonaro e outros r\u00e9us tamb\u00e9m cita o suposto envolvimento dos acusados com os atos golpistas de 8 de janeiro de 2023 - Foto: Marcelo Camargo \/ Ag\u00eancia Brasil.\" class=\"wp-image-25684\" style=\"width:654px\" title=\"AO VIVO: Veja o julgamento de Bolsonaro no STF 1\"\/><figcaption class=\"wp-element-caption\">Den\u00fancia contra Bolsonaro e outros r\u00e9us tamb\u00e9m cita o suposto envolvimento dos acusados com os atos golpistas de 8 de janeiro de 2023 \u2013 Foto: Marcelo Camargo \/ Ag\u00eancia Brasil.<\/figcaption><\/figure>\n<\/div>\n<h2 class=\"wp-block-heading\"><strong>Como ser\u00e1 a primeira sess\u00e3o?<\/strong><\/h2>\n<p>A sess\u00e3o de hoje ser\u00e1 aberta pelo presidente da Primeira Turma, <strong>ministro Cristiano Zanin<\/strong>. Em seguida, o ministro chamar\u00e1 o processo para julgamento e dar\u00e1 a palavra a <strong>Alexandre de Moraes<\/strong>, <strong>relator do caso<\/strong>, que far\u00e1 a leitura do relat\u00f3rio.<\/p>\n<p>O documento cont\u00e9m o resumo de todas as etapas percorridas no processo, desde as investiga\u00e7\u00f5es at\u00e9 a apresenta\u00e7\u00e3o das alega\u00e7\u00f5es finais, \u00faltima fase antes do julgamento.<\/p>\n<p>Ap\u00f3s a leitura do relat\u00f3rio, <strong>Zanin <\/strong>passar\u00e1 a palavra para a acusa\u00e7\u00e3o e \u00e0s defesas dos r\u00e9us. <mark style=\"background-color:#fcb900\" class=\"has-inline-color\">O procurador-geral da Rep\u00fablica ser\u00e1 respons\u00e1vel pela acusa\u00e7\u00e3o.<\/mark> <strong>Paulo Gonet<\/strong> ter\u00e1 a palavra pelo prazo de at\u00e9 duas horas para defender a condena\u00e7\u00e3o dos r\u00e9us.<\/p>\n<p>Ap\u00f3s a sustenta\u00e7\u00e3o da <strong>PGR<\/strong>, os advogados dos r\u00e9us ser\u00e3o convidados a subir \u00e0 tribuna para as sustenta\u00e7\u00f5es orais em favor de seus clientes. Eles ter\u00e3o prazo de at\u00e9 uma hora para suas considera\u00e7\u00f5es.<\/p>\n<p>O julgamento ser\u00e1 interrompido para o almo\u00e7o por volta das 12h.\u00a0 \u00c0 tarde, a sess\u00e3o ser\u00e1 retomada por volta das 14h.<\/p>\n<p>Al\u00e9m de Moraes, relator do caso, fazem parte da Primeira Turma os ministros Fl\u00e1vio Dino, C\u00e1rmen L\u00facia, Luiz Fux e Cristiano Zanin.<\/p>\n<h2 class=\"wp-block-heading\"><strong>Votos<\/strong><\/h2>\n<p>Nas pr\u00f3ximas sess\u00f5es, o primeiro a votar ser\u00e1 Alexandre de Moraes. Em sua manifesta\u00e7\u00e3o, o ministro vai analisar quest\u00f5es preliminares suscitadas pelas defesas de Bolsonaro e dos demais acusados, como pedidos de nulidade da dela\u00e7\u00e3o premiada de Mauro Cid, ex-ajudante de ordens e um dos r\u00e9us, alega\u00e7\u00f5es de cerceamento de defesa, pedidos para retirar o caso do STF, al\u00e9m das solicita\u00e7\u00f5es de absolvi\u00e7\u00e3o.<\/p>\n<p>Moraes poder\u00e1 solicitar que a turma delibere imediatamente sobre a quest\u00f5es preliminares ou deixar a an\u00e1lise desses quesitos para vota\u00e7\u00e3o conjunta com o m\u00e9rito.<\/p>\n<p>Ap\u00f3s a abordagem das quest\u00f5es preliminares, Moraes se pronunciar\u00e1 sobre o m\u00e9rito do processo, ou seja, se condena ou absolve os acusados e qual o tempo de cumprimento de pena. <strong>A condena\u00e7\u00e3o ou absolvi\u00e7\u00e3o ocorrer\u00e1 com o voto da maioria de tr\u00eas dos cinco ministros da turma.<\/strong><\/p>\n<p><em>*Com informa\u00e7\u00f5es de Andr\u00e9 Richter, rep\u00f3rter da Ag\u00eancia Brasil<\/em><\/p>\n<hr class=\"wp-block-separator has-alpha-channel-opacity\"\/>\n<p>SAIBA  MAIS<\/p>\n<p>RP Mobi quebra contrato com fintech alvo de megaopera\u00e7\u00e3o<\/p>\n<h2 class=\"wp-block-heading\"><strong>FIQUE ON<\/strong><\/h2>\n<p>Fique ligado em tudo que acontece em Ribeir\u00e3o Preto e regi\u00e3o. Siga os perfis do\u00a0<strong>acidade on<\/strong>\u00a0no\u00a0<strong><a href=\"https:\/\/www.instagram.com\/acidadeonribeirao\" target=\"_blank\" rel=\"noreferrer noopener\">Instagram<\/a><\/strong>\u00a0e no\u00a0<a href=\"https:\/\/www.facebook.com\/acidadeonribeirao\/\" target=\"_blank\" rel=\"noreferrer noopener\"><strong>Facebook<\/strong><\/a>.<\/p>\n<p>Receba not\u00edcias do<strong>\u00a0acidade on<\/strong>\u00a0no WhatsApp. Para entrar no grupo,\u00a0basta\u00a0<a href=\"https:\/\/chat.whatsapp.com\/I4nieTEMKlf50pJ28aMemC?mode=ac_t\" target=\"_blank\" rel=\"noreferrer noopener\">clicar aqui<\/a>. Ou, acesse o nosso\u00a0Canal\u00a0<a href=\"https:\/\/whatsapp.com\/channel\/0029Vb6IQl1JENyAeS57fk2p\" target=\"_blank\" rel=\"noreferrer noopener\">clicando aqui<\/a>.<\/p>\n<p>Fa\u00e7a uma den\u00fancia ou sugira uma reportagem sobre Ribeir\u00e3o Preto e regi\u00e3o pelo WhatsApp:\u00a016 99117 7802.<\/p>\n<p>VEJA TAMB\u00c9M<\/p>\n<p>Hor\u00f3scopo: confira a previs\u00e3o para os signos nesta ter\u00e7a (2)<\/p>\n<p><!-- AI CONTENT END 1 -->\n<\/div>\n<p><script async src=\"\/\/www.instagram.com\/embed.js\"><\/script><br \/>\n<br \/><br \/>\n<br \/><a href=\"https:\/\/www.acidadeon.com\/ribeiraopreto\/politica\/ao-vivo-veja-o-julgamento-de-bolsonaro-no-stf\/\">Source link <\/a><\/p>\n<!-- CONTENT END 1 -->\n","protected":false},"excerpt":{"rendered":"<p>A Primeira Turma do Supremo Tribunal Federal (STF) come\u00e7a nesta segunda-feira (2), \u00e0s 9h, o julgamento que pode condenar o ex-presidente Jair Bolsonaro e mais&#8230;<\/p>\n","protected":false},"author":1,"featured_media":76632,"comment_status":"open","ping_status":"open","sticky":false,"template":"","format":"standard","meta":{"advanced_seo_description":"","jetpack_seo_html_title":"","jetpack_seo_noindex":false,"jetpack_post_was_ever_published":false,"_jetpack_newsletter_access":"","_jetpack_dont_email_post_to_subs":false,"_jetpack_newsletter_tier_id":0,"_jetpack_memberships_contains_paywalled_content":false,"_jetpack_memberships_contains_paid_content":false,"footnotes":"","jetpack_publicize_message":"","jetpack_publicize_feature_enabled":true,"jetpack_social_post_already_shared":true,"jetpack_social_options":{"image_generator_settings":{"template":"highway","default_image_id":0,"font":"","enabled":false},"version":2}},"categories":[11],"tags":[],"class_list":["post-76630","post","type-post","status-publish","format-standard","has-post-thumbnail","hentry","category-noticias-de-ribeirao-preto-sp-e-regiao-ismael-colosi"],"jetpack_publicize_connections":[],"jetpack_featured_media_url":"https:\/\/i0.wp.com\/noticiasribeiraopreto.com.br\/wp-content\/uploads\/2025\/09\/lula5925.webp.webp?fit=1170%2C700&ssl=1","jetpack-related-posts":[{"id":76673,"url":"https:\/\/noticiasribeiraopreto.com.br\/index.php\/2025\/09\/03\/tem-inicio-o-segundo-dia-de-julgamento-dos-reus-da-trama-golpista\/","url_meta":{"origin":76630,"position":0},"title":"Tem in\u00edcio o segundo dia de julgamento dos r\u00e9us da trama golpista","author":"noticiasribeiraopreto.com.br","date":"3 de September de 2025","format":false,"excerpt":"3 de setembro de 2025 10:570 Compartilhar0 Nesta quarta-feira (3), a Primeira Turma do\u00a0Supremo Tribunal Federal (STF) d\u00e1 continuidade ao julgamento que pode condenar o ex-presidente Jair Bolsonaro e mais sete aliados pela trama golpista que tentou reverter o resultado das elei\u00e7\u00f5es de 2022.\ufffc\ufffcO grupo faz parte do n\u00facleo crucial\u2026","rel":"","context":"In &quot;Not\u00edcias de Ribeir\u00e3o Preto-SP e Regi\u00e3o&quot;","block_context":{"text":"Not\u00edcias de Ribeir\u00e3o Preto-SP e Regi\u00e3o","link":"https:\/\/noticiasribeiraopreto.com.br\/index.php\/category\/noticias-de-ribeirao-preto-sp-e-regiao-ismael-colosi\/"},"img":{"alt_text":"","src":"https:\/\/i0.wp.com\/noticiasribeiraopreto.com.br\/wp-content\/uploads\/2025\/09\/trama-.webp.webp?fit=1170%2C700&ssl=1&resize=350%2C200","width":350,"height":200,"srcset":"https:\/\/i0.wp.com\/noticiasribeiraopreto.com.br\/wp-content\/uploads\/2025\/09\/trama-.webp.webp?fit=1170%2C700&ssl=1&resize=350%2C200 1x, https:\/\/i0.wp.com\/noticiasribeiraopreto.com.br\/wp-content\/uploads\/2025\/09\/trama-.webp.webp?fit=1170%2C700&ssl=1&resize=525%2C300 1.5x, https:\/\/i0.wp.com\/noticiasribeiraopreto.com.br\/wp-content\/uploads\/2025\/09\/trama-.webp.webp?fit=1170%2C700&ssl=1&resize=700%2C400 2x, https:\/\/i0.wp.com\/noticiasribeiraopreto.com.br\/wp-content\/uploads\/2025\/09\/trama-.webp.webp?fit=1170%2C700&ssl=1&resize=1050%2C600 3x"},"classes":[]},{"id":76611,"url":"https:\/\/noticiasribeiraopreto.com.br\/index.php\/2025\/09\/02\/stf-inicia-julgamento-de-bolsonaro-e-mais-sete-aliados\/","url_meta":{"origin":76630,"position":1},"title":"STF inicia julgamento de Bolsonaro e mais sete aliados","author":"noticiasribeiraopreto.com.br","date":"2 de September de 2025","format":false,"excerpt":"A Primeira Turma do Supremo Tribunal Federal (STF) inicia nesta ter\u00e7a-feira (2), \u00e0s 9h, o julgamento que pode condenar o ex-presidente Jair Bolsonaro e mais sete aliados pela trama golpista para tentar reverter o resultado das elei\u00e7\u00f5es de 2022. O grupo faz parte do n\u00facleo crucial da den\u00fancia apresentada pela\u2026","rel":"","context":"In &quot;Not\u00edcias de Ribeir\u00e3o Preto-SP e Regi\u00e3o&quot;","block_context":{"text":"Not\u00edcias de Ribeir\u00e3o Preto-SP e Regi\u00e3o","link":"https:\/\/noticiasribeiraopreto.com.br\/index.php\/category\/noticias-de-ribeirao-preto-sp-e-regiao-ismael-colosi\/"},"img":{"alt_text":"","src":"https:\/\/i0.wp.com\/noticiasribeiraopreto.com.br\/wp-content\/uploads\/2025\/09\/marques-.webp.webp?fit=1170%2C700&ssl=1&resize=350%2C200","width":350,"height":200,"srcset":"https:\/\/i0.wp.com\/noticiasribeiraopreto.com.br\/wp-content\/uploads\/2025\/09\/marques-.webp.webp?fit=1170%2C700&ssl=1&resize=350%2C200 1x, https:\/\/i0.wp.com\/noticiasribeiraopreto.com.br\/wp-content\/uploads\/2025\/09\/marques-.webp.webp?fit=1170%2C700&ssl=1&resize=525%2C300 1.5x, https:\/\/i0.wp.com\/noticiasribeiraopreto.com.br\/wp-content\/uploads\/2025\/09\/marques-.webp.webp?fit=1170%2C700&ssl=1&resize=700%2C400 2x, https:\/\/i0.wp.com\/noticiasribeiraopreto.com.br\/wp-content\/uploads\/2025\/09\/marques-.webp.webp?fit=1170%2C700&ssl=1&resize=1050%2C600 3x"},"classes":[]},{"id":74049,"url":"https:\/\/noticiasribeiraopreto.com.br\/index.php\/2025\/07\/15\/pgr-pede-condenacao-de-bolsonaro-e-mais-7-reus-por-golpe-de-estado\/","url_meta":{"origin":76630,"position":2},"title":"PGR pede condena\u00e7\u00e3o de Bolsonaro e mais 7 r\u00e9us por golpe de Estado","author":"noticiasribeiraopreto.com.br","date":"15 de July de 2025","format":false,"excerpt":"15 de julho de 2025 09:164 Compartilhar0 A\u00a0Procuradoria-Geral da Rep\u00fablica (PGR) pediu nesta segunda-feira (14) ao Supremo Tribunal Federal (STF) a condena\u00e7\u00e3o do ex-presidente Jair Bolsonaro e de mais sete r\u00e9us do n\u00facleo 1 da trama golpista. A manifesta\u00e7\u00e3o foi enviada ao ministro Alexandre de Moraes, por volta das 23h45,\u2026","rel":"","context":"In &quot;Not\u00edcias de Ribeir\u00e3o Preto-SP e Regi\u00e3o&quot;","block_context":{"text":"Not\u00edcias de Ribeir\u00e3o Preto-SP e Regi\u00e3o","link":"https:\/\/noticiasribeiraopreto.com.br\/index.php\/category\/noticias-de-ribeirao-preto-sp-e-regiao-ismael-colosi\/"},"img":{"alt_text":"","src":"https:\/\/i0.wp.com\/noticiasribeiraopreto.com.br\/wp-content\/uploads\/2025\/07\/bozo.jpeg?fit=1170%2C700&ssl=1&resize=350%2C200","width":350,"height":200,"srcset":"https:\/\/i0.wp.com\/noticiasribeiraopreto.com.br\/wp-content\/uploads\/2025\/07\/bozo.jpeg?fit=1170%2C700&ssl=1&resize=350%2C200 1x, https:\/\/i0.wp.com\/noticiasribeiraopreto.com.br\/wp-content\/uploads\/2025\/07\/bozo.jpeg?fit=1170%2C700&ssl=1&resize=525%2C300 1.5x, https:\/\/i0.wp.com\/noticiasribeiraopreto.com.br\/wp-content\/uploads\/2025\/07\/bozo.jpeg?fit=1170%2C700&ssl=1&resize=700%2C400 2x, https:\/\/i0.wp.com\/noticiasribeiraopreto.com.br\/wp-content\/uploads\/2025\/07\/bozo.jpeg?fit=1170%2C700&ssl=1&resize=1050%2C600 3x"},"classes":[]},{"id":76960,"url":"https:\/\/noticiasribeiraopreto.com.br\/index.php\/2025\/09\/09\/stf-retoma-julgamento-de-bolsonaro-com-voto-de-moraes\/","url_meta":{"origin":76630,"position":3},"title":"STF retoma julgamento de Bolsonaro com voto de Moraes","author":"noticiasribeiraopreto.com.br","date":"9 de September de 2025","format":false,"excerpt":"A Primeira Turma do STF retoma nesta ter\u00e7a-feira (9) o julgamento que pode condenar o ex-presidente Jair Bolsonaro e sete aliados por tentativa de golpe para reverter o resultado das elei\u00e7\u00f5es de 2022. O grupo faz parte do n\u00facleo crucial da den\u00fancia apresentada pela Procuradoria-Geral da Rep\u00fablica (PGR). O julgamento\u2026","rel":"","context":"In &quot;Not\u00edcias de Ribeir\u00e3o Preto-SP e Regi\u00e3o&quot;","block_context":{"text":"Not\u00edcias de Ribeir\u00e3o Preto-SP e Regi\u00e3o","link":"https:\/\/noticiasribeiraopreto.com.br\/index.php\/category\/noticias-de-ribeirao-preto-sp-e-regiao-ismael-colosi\/"},"img":{"alt_text":"","src":"https:\/\/i0.wp.com\/noticiasribeiraopreto.com.br\/wp-content\/uploads\/2025\/09\/Copia-de-Copia-de-Copia-de-TAMANHO-EXATO-PARA-FOTOS-NO-SISTEMA-NOVO-2025-09-09T090856.652_2025-09-09_12-09-15.webp.webp?fit=1200%2C675&ssl=1&resize=350%2C200","width":350,"height":200,"srcset":"https:\/\/i0.wp.com\/noticiasribeiraopreto.com.br\/wp-content\/uploads\/2025\/09\/Copia-de-Copia-de-Copia-de-TAMANHO-EXATO-PARA-FOTOS-NO-SISTEMA-NOVO-2025-09-09T090856.652_2025-09-09_12-09-15.webp.webp?fit=1200%2C675&ssl=1&resize=350%2C200 1x, https:\/\/i0.wp.com\/noticiasribeiraopreto.com.br\/wp-content\/uploads\/2025\/09\/Copia-de-Copia-de-Copia-de-TAMANHO-EXATO-PARA-FOTOS-NO-SISTEMA-NOVO-2025-09-09T090856.652_2025-09-09_12-09-15.webp.webp?fit=1200%2C675&ssl=1&resize=525%2C300 1.5x, https:\/\/i0.wp.com\/noticiasribeiraopreto.com.br\/wp-content\/uploads\/2025\/09\/Copia-de-Copia-de-Copia-de-TAMANHO-EXATO-PARA-FOTOS-NO-SISTEMA-NOVO-2025-09-09T090856.652_2025-09-09_12-09-15.webp.webp?fit=1200%2C675&ssl=1&resize=700%2C400 2x, https:\/\/i0.wp.com\/noticiasribeiraopreto.com.br\/wp-content\/uploads\/2025\/09\/Copia-de-Copia-de-Copia-de-TAMANHO-EXATO-PARA-FOTOS-NO-SISTEMA-NOVO-2025-09-09T090856.652_2025-09-09_12-09-15.webp.webp?fit=1200%2C675&ssl=1&resize=1050%2C600 3x"},"classes":[]},{"id":77113,"url":"https:\/\/noticiasribeiraopreto.com.br\/index.php\/2025\/09\/11\/1a-turma-do-stf-forma-maioria-para-condenar-bolsonaro-assista\/","url_meta":{"origin":76630,"position":4},"title":"1\u00aa Turma do STF forma maioria para condenar Bolsonaro; Assista","author":"noticiasribeiraopreto.com.br","date":"11 de September de 2025","format":false,"excerpt":"A Primeira Turma do STF (Supremo Tribunal Federal) formou na tarde desta quinta-feira (11) maioria para condenar Jair Bolsonaro e os outros sete r\u00e9us por organiza\u00e7\u00e3o criminosa, tentativa de golpe de Estado, tentativa de aboli\u00e7\u00e3o violenta do Estado democr\u00e1tico de direito, dano ao patrim\u00f4nio da Uni\u00e3o e deteriora\u00e7\u00e3o de patrim\u00f4nio\u2026","rel":"","context":"In &quot;Not\u00edcias de Ribeir\u00e3o Preto-SP e Regi\u00e3o&quot;","block_context":{"text":"Not\u00edcias de Ribeir\u00e3o Preto-SP e Regi\u00e3o","link":"https:\/\/noticiasribeiraopreto.com.br\/index.php\/category\/noticias-de-ribeirao-preto-sp-e-regiao-ismael-colosi\/"},"img":{"alt_text":"","src":"https:\/\/i0.wp.com\/noticiasribeiraopreto.com.br\/wp-content\/uploads\/2025\/09\/lula5925.webp.webp?fit=1170%2C700&ssl=1&resize=350%2C200","width":350,"height":200,"srcset":"https:\/\/i0.wp.com\/noticiasribeiraopreto.com.br\/wp-content\/uploads\/2025\/09\/lula5925.webp.webp?fit=1170%2C700&ssl=1&resize=350%2C200 1x, https:\/\/i0.wp.com\/noticiasribeiraopreto.com.br\/wp-content\/uploads\/2025\/09\/lula5925.webp.webp?fit=1170%2C700&ssl=1&resize=525%2C300 1.5x, https:\/\/i0.wp.com\/noticiasribeiraopreto.com.br\/wp-content\/uploads\/2025\/09\/lula5925.webp.webp?fit=1170%2C700&ssl=1&resize=700%2C400 2x, https:\/\/i0.wp.com\/noticiasribeiraopreto.com.br\/wp-content\/uploads\/2025\/09\/lula5925.webp.webp?fit=1170%2C700&ssl=1&resize=1050%2C600 3x"},"classes":[]},{"id":76873,"url":"https:\/\/noticiasribeiraopreto.com.br\/index.php\/2025\/09\/08\/entenda-os-proximos-passos-do-julgamento-de-bolsonaro-no-stf\/","url_meta":{"origin":76630,"position":5},"title":"Entenda os pr\u00f3ximos passos do julgamento de Bolsonaro no STF","author":"noticiasribeiraopreto.com.br","date":"8 de September de 2025","format":false,"excerpt":"Votos come\u00e7ar\u00e3o na sess\u00e3o de ter\u00e7a-feira (9); confira ordem Ag\u00eancia Brasil A Primeira Turma do Supremo Tribunal Federal (STF) retoma na ter\u00e7a-feira (9) o julgamento do n\u00facleo 1 da trama golpista, formado pelo ex-presidente Jair Bolsonaro e mais sete aliados.\u00a0\ufffc\ufffcO julgamento come\u00e7ou na semana passada, quando foram ouvidas as sustenta\u00e7\u00f5es\u2026","rel":"","context":"In &quot;Not\u00edcias de Ribeir\u00e3o Preto-SP e Regi\u00e3o&quot;","block_context":{"text":"Not\u00edcias de Ribeir\u00e3o Preto-SP e Regi\u00e3o","link":"https:\/\/noticiasribeiraopreto.com.br\/index.php\/category\/noticias-de-ribeirao-preto-sp-e-regiao-ismael-colosi\/"},"img":{"alt_text":"","src":"https:\/\/i0.wp.com\/noticiasribeiraopreto.com.br\/wp-content\/uploads\/2025\/09\/fabio-rodrigues-1-1.webp.webp?fit=1170%2C700&ssl=1&resize=350%2C200","width":350,"height":200,"srcset":"https:\/\/i0.wp.com\/noticiasribeiraopreto.com.br\/wp-content\/uploads\/2025\/09\/fabio-rodrigues-1-1.webp.webp?fit=1170%2C700&ssl=1&resize=350%2C200 1x, https:\/\/i0.wp.com\/noticiasribeiraopreto.com.br\/wp-content\/uploads\/2025\/09\/fabio-rodrigues-1-1.webp.webp?fit=1170%2C700&ssl=1&resize=525%2C300 1.5x, https:\/\/i0.wp.com\/noticiasribeiraopreto.com.br\/wp-content\/uploads\/2025\/09\/fabio-rodrigues-1-1.webp.webp?fit=1170%2C700&ssl=1&resize=700%2C400 2x, https:\/\/i0.wp.com\/noticiasribeiraopreto.com.br\/wp-content\/uploads\/2025\/09\/fabio-rodrigues-1-1.webp.webp?fit=1170%2C700&ssl=1&resize=1050%2C600 3x"},"classes":[]}],"jetpack_sharing_enabled":true,"jetpack_shortlink":"https:\/\/wp.me\/peQAOb-jVY","_links":{"self":[{"href":"https:\/\/noticiasribeiraopreto.com.br\/index.php\/wp-json\/wp\/v2\/posts\/76630","targetHints":{"allow":["GET"]}}],"collection":[{"href":"https:\/\/noticiasribeiraopreto.com.br\/index.php\/wp-json\/wp\/v2\/posts"}],"about":[{"href":"https:\/\/noticiasribeiraopreto.com.br\/index.php\/wp-json\/wp\/v2\/types\/post"}],"author":[{"embeddable":true,"href":"https:\/\/noticiasribeiraopreto.com.br\/index.php\/wp-json\/wp\/v2\/users\/1"}],"replies":[{"embeddable":true,"href":"https:\/\/noticiasribeiraopreto.com.br\/index.php\/wp-json\/wp\/v2\/comments?post=76630"}],"version-history":[{"count":0,"href":"https:\/\/noticiasribeiraopreto.com.br\/index.php\/wp-json\/wp\/v2\/posts\/76630\/revisions"}],"wp:featuredmedia":[{"embeddable":true,"href":"https:\/\/noticiasribeiraopreto.com.br\/index.php\/wp-json\/wp\/v2\/media\/76632"}],"wp:attachment":[{"href":"https:\/\/noticiasribeiraopreto.com.br\/index.php\/wp-json\/wp\/v2\/media?parent=76630"}],"wp:term":[{"taxonomy":"category","embeddable":true,"href":"https:\/\/noticiasribeiraopreto.com.br\/index.php\/wp-json\/wp\/v2\/categories?post=76630"},{"taxonomy":"post_tag","embeddable":true,"href":"https:\/\/noticiasribeiraopreto.com.br\/index.php\/wp-json\/wp\/v2\/tags?post=76630"}],"curies":[{"name":"wp","href":"https:\/\/api.w.org\/{rel}","templated":true}]}}