{"id":76633,"date":"2025-09-02T12:08:24","date_gmt":"2025-09-02T15:08:24","guid":{"rendered":"https:\/\/noticiasribeiraopreto.com.br\/index.php\/2025\/09\/02\/der-inicia-operacao-de-39-novos-radares\/"},"modified":"2025-09-02T12:08:24","modified_gmt":"2025-09-02T15:08:24","slug":"der-inicia-operacao-de-39-novos-radares","status":"publish","type":"post","link":"https:\/\/noticiasribeiraopreto.com.br\/index.php\/2025\/09\/02\/der-inicia-operacao-de-39-novos-radares\/","title":{"rendered":"DER inicia opera\u00e7\u00e3o de 39 novos radares"},"content":{"rendered":"<div class='code-block code-block-1' style='margin: 8px 0 8px auto; text-align: right; display: block; clear: both;'>\n<p><a href=\"https:\/\/wa.link\/vpicfd\"><img data-recalc-dims=\"1\" class=\"wp-image-4922\" style=\"aspect-ratio: 2.0253164556962027; width: 561px; height: auto;\" src=\"https:\/\/i0.wp.com\/ismaelcolosi.com.br\/wp-content\/uploads\/2023\/11\/grupo-de-empregos-whatsapp-e-facebook-ismael-colosi-vagas.jpg?ssl=1\" alt=\"\" \/><\/a><\/p>\n<!-- \/wp:image -->\n<\/div>\n<p> <br \/>\n<\/p>\n<div>\n<p><em>DER-SP inicia nesta ter\u00e7a-feira (2) opera\u00e7\u00e3o de 39 radares de fiscaliza\u00e7\u00e3o em rodovias estaduais; j\u00e1 s\u00e3o 151 novos equipamentos desde o dia 12 de agosto<\/em><\/p>\n<p>O Departamento de Estradas de Rodagem de S\u00e3o Paulo (DER-SP) colocou em opera\u00e7\u00e3o, \u00e0 zero hora desta ter\u00e7a-feira, 2 de setembro, mais 39 novos radares de fiscaliza\u00e7\u00e3o eletr\u00f4nica em rodovias sob sua gest\u00e3o. Com os 112 j\u00e1 em funcionamento \u2013 50 desde o dia 12 de agosto, 34 em opera\u00e7\u00e3o desde o dia 20 e 112 desde o dia 26 \u2013, passa a contar com 151 equipamentos ativos de um total de 649 v\u00e3o fiscalizar os motoristas at\u00e9 o final deste ano.<\/p>\n<p>A lista completa pode ser acessada no site do DER-SP. A regi\u00e3o de Ribeir\u00e3o Preto ainda n\u00e3o foi contemplada, mas ser\u00e1. A medida refor\u00e7a a seguran\u00e7a vi\u00e1ria, amplia a preven\u00e7\u00e3o de acidentes e contribui para salvar vidas. Os 39 aparelhos que come\u00e7am a operar hoje ficam no entorno de Jundia\u00ed, Limeira, Vinhedo, S\u00e3o Sebasti\u00e3o, Santa Cruz do Rio Pardo, Capela do Alto, Votuporanga e Ara\u00e7atuba, entre outras cidades.<\/p>\n<p>Todos os 649 equipamentos est\u00e3o sendo instalados em trechos estrat\u00e9gicos e devidamente sinalizados com o limite de velocidade permitido. Com os novos dispositivos, motoristas que trafegam acima da velocidade m\u00e1xima permitida passam a ser autuados, em uma a\u00e7\u00e3o que busca reduzir a acidentalidade nas estradas paulistas.<\/p>\n<p>Os equipamentos fazem parte do contrato firmado a partir do Edital n\u00ba 145\/2023, que prev\u00ea a implanta\u00e7\u00e3o de 649 radares em pontos estrat\u00e9gicos dos mais de doze mil quil\u00f4metros de rodovias estaduais n\u00e3o concedidas. S\u00e3o 14 lotes, um por regi\u00e3o.<\/p>\n<p>A sele\u00e7\u00e3o de cada ponto resulta de mapeamento t\u00e9cnico que considera fatores como altos \u00edndices de acidentalidade, hist\u00f3rico de excesso de velocidade, caracter\u00edsticas geom\u00e9tricas da via, pontos cr\u00edticos e \u00e1reas com travessia de fauna.<\/p>\n<p>Os demais equipamentos previstos seguem em fase de implanta\u00e7\u00e3o, passando por testes e homologa\u00e7\u00e3o antes de entrarem em opera\u00e7\u00e3o. O in\u00edcio efetivo da fiscaliza\u00e7\u00e3o ser\u00e1 amplamente divulgado pelos canais oficiais do governo, imprensa e Di\u00e1rio Oficial do Estado de S\u00e3o Paulo, assim que conclu\u00eddos todos os testes.<\/p>\n<p>A licita\u00e7\u00e3o dos 14 lotes ocorreu em agosto do ano passado. O custo total ser\u00e1 de R$ 83,7 milh\u00f5es. Dos 649 novos radares de controle de velocidade, 536 s\u00e3o equipamentos inteligentes, capazes de fazer a leitura autom\u00e1tica das placas dos autom\u00f3veis e transmitir informa\u00e7\u00f5es em tempo real para o Departamento de Estradas de Rodagem.<\/p>\n<p>Dos 649 novos equipamentos, 67 ser\u00e3o instalados na macrorregi\u00e3o, segundo o edital original, publicado em 25 de novembro de 2023. Ser\u00e3o 30 radares em rodovias no entorno de Ribeir\u00e3o Preto, 22 nas estradas de Barretos e 15 na \u00e1rea de Araraquara.<\/p>\n<p>Os demais aparelhos ser\u00e3o instalados nas regi\u00f5es de Campinas (85), Itapetininga (49), Bauru (29), Cubat\u00e3o (43), Taubat\u00e9 (66), Assis (34), S\u00e3o Jos\u00e9 do Rio Preto (34), Ara\u00e7atuba (14), Presidente Prudente (43) e Rio Claro (61), entre outras.<\/p>\n<p>A novidade \u00e9 que os novos equipamentos s\u00e3o mais modernos e eficientes. Al\u00e9m de fiscalizar a velocidade, ampliando a seguran\u00e7a nas rodovias, os futuros radares far\u00e3o leitura autom\u00e1tica de placas (OCR) e ter\u00e3o, ainda, a fun\u00e7\u00e3o de contagem de ve\u00edculos, com capacidade de transmiss\u00e3o das informa\u00e7\u00f5es em tempo real para o DER.<\/p>\n<p>Atualmente, a fiscaliza\u00e7\u00e3o \u00e9 feita apenas com radares usados nas viaturas pela Pol\u00edcia Militar Rodovi\u00e1ria. Os aparelhos podem denunciar ve\u00edculos furtados ou com irregularidades no registro. Hoje, as rodovias t\u00eam mais de mais de 600 pontos de medi\u00e7\u00e3o de velocidade em estradas de todas as regi\u00f5es do estado, mas os radares fixos n\u00e3o est\u00e3o em opera\u00e7\u00e3o.<\/p>\n<p>Os equipamentos antigos ser\u00e3o retirados. Segundo o policiamento rodovi\u00e1rio, 50% das multas aplicada em rodovias s\u00e3o por excesso de velocidade. O valor da autua\u00e7\u00e3o \u00e9 de R$ 130,16 quando o limite \u00e9 ultrapassado em at\u00e9 20%; de R$ 195,23 quando o limite \u00e9 superado de 20% at\u00e9 50% e de R$ 880,41 acima de 50% do limite<\/p>\n<p>Entre as rodovias da macrorregi\u00e3o de Ribeir\u00e3o Preto que receber\u00e3o novos equipamentos est\u00e3o a Cunha Bueno (SP-253), M\u00e1rio Doneg\u00e1 (SP-291), Abr\u00e3o Assed (SP-333), Carlos Tonani (SP-333), C\u00e2ndido Portinari (SP-334), Engenheiro Renan Rocha (SP-345), Altino Arantes (SP-351) e Dona Genoveva Lima de Carvalho Dias (SP-373).<\/p>\n<p>A lista ainda traz Brigadeiro Faria Lima (SP-326), Rodovia Armando Salles de Oliveira (SP-322), Prefeito F\u00e1bio Talarico (SP-345), Willian Amim (SP-385), Assis Chateaubriand (SP-425), Vicente Botta (SP-215), Professor Maur\u00edcio Antunes Ferraz (SP-317) e Deputado Victor Maida (SP-331), entre outras.<\/p>\n<p>A malha rodovi\u00e1ria do estado de S\u00e3o Paulo possui cerca de 37 mil quil\u00f4metros de extens\u00e3o e \u00e9 considerada uma das mais modernas e bem estruturadas do Brasil. Conecta a capital paulista a diversas regi\u00f5es do estado e do pa\u00eds, atrav\u00e9s de importantes rodovias. S\u00e3o cerca de doze mil de estradas concedidas \u00e0 iniciativa privada, segundo a Ag\u00eancia de Transportes do Estado de S\u00e3o Paulo (Artesp).<\/p>\n<\/div>\n<p><br \/>\n<br \/><a href=\"https:\/\/www.tribunaribeirao.com.br\/der-inicia-operacao-de-39-novos-radares\/\">Source link <\/a><\/p>\n<!-- CONTENT END 1 -->\n","protected":false},"excerpt":{"rendered":"<p>DER-SP inicia nesta ter\u00e7a-feira (2) opera\u00e7\u00e3o de 39 radares de fiscaliza\u00e7\u00e3o em rodovias estaduais; j\u00e1 s\u00e3o 151 novos equipamentos desde o dia 12 de agosto&#8230;<\/p>\n","protected":false},"author":1,"featured_media":76634,"comment_status":"open","ping_status":"open","sticky":false,"template":"","format":"standard","meta":{"advanced_seo_description":"","jetpack_seo_html_title":"","jetpack_seo_noindex":false,"jetpack_post_was_ever_published":false,"_jetpack_newsletter_access":"","_jetpack_dont_email_post_to_subs":false,"_jetpack_newsletter_tier_id":0,"_jetpack_memberships_contains_paywalled_content":false,"_jetpack_memberships_contains_paid_content":false,"footnotes":"","jetpack_publicize_message":"","jetpack_publicize_feature_enabled":true,"jetpack_social_post_already_shared":true,"jetpack_social_options":{"image_generator_settings":{"template":"highway","default_image_id":0,"font":"","enabled":false},"version":2}},"categories":[11],"tags":[],"class_list":["post-76633","post","type-post","status-publish","format-standard","has-post-thumbnail","hentry","category-noticias-de-ribeirao-preto-sp-e-regiao-ismael-colosi"],"jetpack_publicize_connections":[],"jetpack_featured_media_url":"https:\/\/i0.wp.com\/noticiasribeiraopreto.com.br\/wp-content\/uploads\/2025\/09\/25nov2024-novoradar-scaled.jpg?fit=750%2C500&ssl=1","jetpack-related-posts":[{"id":76278,"url":"https:\/\/noticiasribeiraopreto.com.br\/index.php\/2025\/08\/26\/der-inicia-operacao-de-28-novos-radares-em-sp\/","url_meta":{"origin":76633,"position":0},"title":"DER inicia opera\u00e7\u00e3o de 28 novos radares em SP","author":"noticiasribeiraopreto.com.br","date":"26 de August de 2025","format":false,"excerpt":"26 de agosto de 2025 07:3026 de agosto de 2025 07:189 Compartilhar0 O Departamento de Estradas de Rodagem de S\u00e3o Paulo (DER-SP) colocou em opera\u00e7\u00e3o, \u00e0 zero hora desta ter\u00e7a-feira, 26 de agosto, mais 28 novos radares de fiscaliza\u00e7\u00e3o eletr\u00f4nica em rodovias sob sua gest\u00e3o. Com os 84 j\u00e1 em\u2026","rel":"","context":"In &quot;Not\u00edcias de Ribeir\u00e3o Preto-SP e Regi\u00e3o&quot;","block_context":{"text":"Not\u00edcias de Ribeir\u00e3o Preto-SP e Regi\u00e3o","link":"https:\/\/noticiasribeiraopreto.com.br\/index.php\/category\/noticias-de-ribeirao-preto-sp-e-regiao-ismael-colosi\/"},"img":{"alt_text":"","src":"https:\/\/i0.wp.com\/noticiasribeiraopreto.com.br\/wp-content\/uploads\/2025\/08\/RadarDER-28-Divulgacao-DER-SP-scaled.jpeg?fit=1037%2C780&ssl=1&resize=350%2C200","width":350,"height":200,"srcset":"https:\/\/i0.wp.com\/noticiasribeiraopreto.com.br\/wp-content\/uploads\/2025\/08\/RadarDER-28-Divulgacao-DER-SP-scaled.jpeg?fit=1037%2C780&ssl=1&resize=350%2C200 1x, https:\/\/i0.wp.com\/noticiasribeiraopreto.com.br\/wp-content\/uploads\/2025\/08\/RadarDER-28-Divulgacao-DER-SP-scaled.jpeg?fit=1037%2C780&ssl=1&resize=525%2C300 1.5x, https:\/\/i0.wp.com\/noticiasribeiraopreto.com.br\/wp-content\/uploads\/2025\/08\/RadarDER-28-Divulgacao-DER-SP-scaled.jpeg?fit=1037%2C780&ssl=1&resize=700%2C400 2x"},"classes":[]},{"id":77314,"url":"https:\/\/noticiasribeiraopreto.com.br\/index.php\/2025\/09\/16\/rodovias-paulistas-ganham-29-radares\/","url_meta":{"origin":76633,"position":1},"title":"Rodovias paulistas\u2028 ganham 29 radares","author":"noticiasribeiraopreto.com.br","date":"16 de September de 2025","format":false,"excerpt":"Com os 191 j\u00e1 em funcionamento desde 12 de agosto, DER-SP passa a contar com 220 equipamentos ativos \u2028\u2028 \u00c0 zero hora desta ter\u00e7a-feira, 16 de setembro, o Departamento de Estradas de Rodagem de S\u00e3o Paulo (DER-SP), vinculado \u00e0 Secretaria de Meio Ambiente, Infraestrutura e Log\u00edstica (Semil), ativou mais 29\u2026","rel":"","context":"In &quot;Not\u00edcias de Ribeir\u00e3o Preto-SP e Regi\u00e3o&quot;","block_context":{"text":"Not\u00edcias de Ribeir\u00e3o Preto-SP e Regi\u00e3o","link":"https:\/\/noticiasribeiraopreto.com.br\/index.php\/category\/noticias-de-ribeirao-preto-sp-e-regiao-ismael-colosi\/"},"img":{"alt_text":"","src":"https:\/\/i0.wp.com\/noticiasribeiraopreto.com.br\/wp-content\/uploads\/2025\/09\/RadarDER-Alfredo-Risk-scaled.jpg?fit=1200%2C628&ssl=1&resize=350%2C200","width":350,"height":200,"srcset":"https:\/\/i0.wp.com\/noticiasribeiraopreto.com.br\/wp-content\/uploads\/2025\/09\/RadarDER-Alfredo-Risk-scaled.jpg?fit=1200%2C628&ssl=1&resize=350%2C200 1x, https:\/\/i0.wp.com\/noticiasribeiraopreto.com.br\/wp-content\/uploads\/2025\/09\/RadarDER-Alfredo-Risk-scaled.jpg?fit=1200%2C628&ssl=1&resize=525%2C300 1.5x, https:\/\/i0.wp.com\/noticiasribeiraopreto.com.br\/wp-content\/uploads\/2025\/09\/RadarDER-Alfredo-Risk-scaled.jpg?fit=1200%2C628&ssl=1&resize=700%2C400 2x, https:\/\/i0.wp.com\/noticiasribeiraopreto.com.br\/wp-content\/uploads\/2025\/09\/RadarDER-Alfredo-Risk-scaled.jpg?fit=1200%2C628&ssl=1&resize=1050%2C600 3x"},"classes":[]},{"id":75585,"url":"https:\/\/noticiasribeiraopreto.com.br\/index.php\/2025\/08\/12\/der-inicia-operacao-de-50-novos-radares\/","url_meta":{"origin":76633,"position":2},"title":"DER inicia opera\u00e7\u00e3o de 50 novos radares","author":"noticiasribeiraopreto.com.br","date":"12 de August de 2025","format":false,"excerpt":"12 de agosto de 2025 08:341 Compartilhar0 O Departamento de Estradas de Rodagem de S\u00e3o Paulo (DER-SP) coloca em opera\u00e7\u00e3o, \u00e0s sete horas desta ter\u00e7a-feira, 12 de agosto, os primeiros 50 novos radares de fiscaliza\u00e7\u00e3o eletr\u00f4nica de um total de 649 que passar\u00e3o a atuar em rodovias sob sua gest\u00e3o.\u2026","rel":"","context":"In &quot;Not\u00edcias de Ribeir\u00e3o Preto-SP e Regi\u00e3o&quot;","block_context":{"text":"Not\u00edcias de Ribeir\u00e3o Preto-SP e Regi\u00e3o","link":"https:\/\/noticiasribeiraopreto.com.br\/index.php\/category\/noticias-de-ribeirao-preto-sp-e-regiao-ismael-colosi\/"},"img":{"alt_text":"","src":"https:\/\/i0.wp.com\/noticiasribeiraopreto.com.br\/wp-content\/uploads\/2025\/08\/RadarDER-Alfredo-Risk-scaled.jpg?fit=1200%2C625&ssl=1&resize=350%2C200","width":350,"height":200,"srcset":"https:\/\/i0.wp.com\/noticiasribeiraopreto.com.br\/wp-content\/uploads\/2025\/08\/RadarDER-Alfredo-Risk-scaled.jpg?fit=1200%2C625&ssl=1&resize=350%2C200 1x, https:\/\/i0.wp.com\/noticiasribeiraopreto.com.br\/wp-content\/uploads\/2025\/08\/RadarDER-Alfredo-Risk-scaled.jpg?fit=1200%2C625&ssl=1&resize=525%2C300 1.5x, https:\/\/i0.wp.com\/noticiasribeiraopreto.com.br\/wp-content\/uploads\/2025\/08\/RadarDER-Alfredo-Risk-scaled.jpg?fit=1200%2C625&ssl=1&resize=700%2C400 2x, https:\/\/i0.wp.com\/noticiasribeiraopreto.com.br\/wp-content\/uploads\/2025\/08\/RadarDER-Alfredo-Risk-scaled.jpg?fit=1200%2C625&ssl=1&resize=1050%2C600 3x"},"classes":[]},{"id":77640,"url":"https:\/\/noticiasribeiraopreto.com.br\/index.php\/2025\/09\/23\/rodovias-da-regiao-ganham-mais-radares\/","url_meta":{"origin":76633,"position":3},"title":"Rodovias da regi\u00e3o ganham mais radares","author":"noticiasribeiraopreto.com.br","date":"23 de September de 2025","format":false,"excerpt":"Com os 50 ativados nesta ter\u00e7a-feira (23), DER-SP passa a contar com 270 equipamentos em opera\u00e7\u00e3o; cinco dos novos aparelhos est\u00e3o na regi\u00e3o \u2028\u2028\u00c0 zero hora desta ter\u00e7a-feira, 23 de setembro, o Departamento de Estradas de Rodagem de S\u00e3o Paulo (DER-SP), vinculado \u00e0 Secretaria de Meio Ambiente, Infraestrutura e Log\u00edstica\u2026","rel":"","context":"In &quot;Not\u00edcias de Ribeir\u00e3o Preto-SP e Regi\u00e3o&quot;","block_context":{"text":"Not\u00edcias de Ribeir\u00e3o Preto-SP e Regi\u00e3o","link":"https:\/\/noticiasribeiraopreto.com.br\/index.php\/category\/noticias-de-ribeirao-preto-sp-e-regiao-ismael-colosi\/"},"img":{"alt_text":"","src":"https:\/\/i0.wp.com\/noticiasribeiraopreto.com.br\/wp-content\/uploads\/2025\/09\/RadarDER-Alfredo-Risk-2-scaled.jpg?fit=1170%2C780&ssl=1&resize=350%2C200","width":350,"height":200,"srcset":"https:\/\/i0.wp.com\/noticiasribeiraopreto.com.br\/wp-content\/uploads\/2025\/09\/RadarDER-Alfredo-Risk-2-scaled.jpg?fit=1170%2C780&ssl=1&resize=350%2C200 1x, https:\/\/i0.wp.com\/noticiasribeiraopreto.com.br\/wp-content\/uploads\/2025\/09\/RadarDER-Alfredo-Risk-2-scaled.jpg?fit=1170%2C780&ssl=1&resize=525%2C300 1.5x, https:\/\/i0.wp.com\/noticiasribeiraopreto.com.br\/wp-content\/uploads\/2025\/09\/RadarDER-Alfredo-Risk-2-scaled.jpg?fit=1170%2C780&ssl=1&resize=700%2C400 2x, https:\/\/i0.wp.com\/noticiasribeiraopreto.com.br\/wp-content\/uploads\/2025\/09\/RadarDER-Alfredo-Risk-2-scaled.jpg?fit=1170%2C780&ssl=1&resize=1050%2C600 3x"},"classes":[]},{"id":78232,"url":"https:\/\/noticiasribeiraopreto.com.br\/index.php\/2025\/10\/07\/rodovia-da-regiao-ganha-novo-radar\/","url_meta":{"origin":76633,"position":4},"title":"Rodovia da regi\u00e3o \u2028ganha novo radar","author":"noticiasribeiraopreto.com.br","date":"7 de October de 2025","format":false,"excerpt":"\u00c0 zero hora desta ter\u00e7a-feira, 7 de outubro, o Departamento de Estradas de Rodagem de S\u00e3o Paulo (DER-SP), vinculado \u00e0 Secretaria de Meio Ambiente, Infraestrutura e Log\u00edstica (Semil), ativou mais 33 novos radares de fiscaliza\u00e7\u00e3o eletr\u00f4nica em trechos estrat\u00e9gicos de rodovias sob sua gest\u00e3o. Um deles fica no quil\u00f4metro 54,9\u2026","rel":"","context":"In &quot;Not\u00edcias de Ribeir\u00e3o Preto-SP e Regi\u00e3o&quot;","block_context":{"text":"Not\u00edcias de Ribeir\u00e3o Preto-SP e Regi\u00e3o","link":"https:\/\/noticiasribeiraopreto.com.br\/index.php\/category\/noticias-de-ribeirao-preto-sp-e-regiao-ismael-colosi\/"},"img":{"alt_text":"","src":"https:\/\/i0.wp.com\/noticiasribeiraopreto.com.br\/wp-content\/uploads\/2025\/10\/RadarDER-Divulgacao-DER.jpg?fit=800%2C602&ssl=1&resize=350%2C200","width":350,"height":200,"srcset":"https:\/\/i0.wp.com\/noticiasribeiraopreto.com.br\/wp-content\/uploads\/2025\/10\/RadarDER-Divulgacao-DER.jpg?fit=800%2C602&ssl=1&resize=350%2C200 1x, https:\/\/i0.wp.com\/noticiasribeiraopreto.com.br\/wp-content\/uploads\/2025\/10\/RadarDER-Divulgacao-DER.jpg?fit=800%2C602&ssl=1&resize=525%2C300 1.5x, https:\/\/i0.wp.com\/noticiasribeiraopreto.com.br\/wp-content\/uploads\/2025\/10\/RadarDER-Divulgacao-DER.jpg?fit=800%2C602&ssl=1&resize=700%2C400 2x"},"classes":[]},{"id":81650,"url":"https:\/\/noticiasribeiraopreto.com.br\/index.php\/2026\/01\/13\/ribeirao-preto-tem-novo-radar\/","url_meta":{"origin":76633,"position":5},"title":"\u2028Ribeir\u00e3o Preto tem novo radar","author":"noticiasribeiraopreto.com.br","date":"13 de January de 2026","format":false,"excerpt":"DER-SP ativou mais dez novos radares de fiscaliza\u00e7\u00e3o eletr\u00f4nica em trechos estrat\u00e9gicos de rodovias sob sua gest\u00e3o; um deles fica em Ribeir\u00e3o Preto \u00c0 zero hora desta ter\u00e7a-feira, 13 de janeiro, o Departamento de Estradas de Rodagem de S\u00e3o Paulo (DER-SP), vinculado \u00e0 Secretaria de Meio Ambiente, Infraestrutura e Log\u00edstica\u2026","rel":"","context":"In &quot;Not\u00edcias de Ribeir\u00e3o Preto-SP e Regi\u00e3o&quot;","block_context":{"text":"Not\u00edcias de Ribeir\u00e3o Preto-SP e Regi\u00e3o","link":"https:\/\/noticiasribeiraopreto.com.br\/index.php\/category\/noticias-de-ribeirao-preto-sp-e-regiao-ismael-colosi\/"},"img":{"alt_text":"","src":"https:\/\/i0.wp.com\/noticiasribeiraopreto.com.br\/wp-content\/uploads\/2026\/01\/RadarDER-Divulgacao-scaled.jpeg?fit=1170%2C780&ssl=1&resize=350%2C200","width":350,"height":200,"srcset":"https:\/\/i0.wp.com\/noticiasribeiraopreto.com.br\/wp-content\/uploads\/2026\/01\/RadarDER-Divulgacao-scaled.jpeg?fit=1170%2C780&ssl=1&resize=350%2C200 1x, https:\/\/i0.wp.com\/noticiasribeiraopreto.com.br\/wp-content\/uploads\/2026\/01\/RadarDER-Divulgacao-scaled.jpeg?fit=1170%2C780&ssl=1&resize=525%2C300 1.5x, https:\/\/i0.wp.com\/noticiasribeiraopreto.com.br\/wp-content\/uploads\/2026\/01\/RadarDER-Divulgacao-scaled.jpeg?fit=1170%2C780&ssl=1&resize=700%2C400 2x, https:\/\/i0.wp.com\/noticiasribeiraopreto.com.br\/wp-content\/uploads\/2026\/01\/RadarDER-Divulgacao-scaled.jpeg?fit=1170%2C780&ssl=1&resize=1050%2C600 3x"},"classes":[]}],"jetpack_sharing_enabled":true,"jetpack_shortlink":"https:\/\/wp.me\/peQAOb-jW1","_links":{"self":[{"href":"https:\/\/noticiasribeiraopreto.com.br\/index.php\/wp-json\/wp\/v2\/posts\/76633","targetHints":{"allow":["GET"]}}],"collection":[{"href":"https:\/\/noticiasribeiraopreto.com.br\/index.php\/wp-json\/wp\/v2\/posts"}],"about":[{"href":"https:\/\/noticiasribeiraopreto.com.br\/index.php\/wp-json\/wp\/v2\/types\/post"}],"author":[{"embeddable":true,"href":"https:\/\/noticiasribeiraopreto.com.br\/index.php\/wp-json\/wp\/v2\/users\/1"}],"replies":[{"embeddable":true,"href":"https:\/\/noticiasribeiraopreto.com.br\/index.php\/wp-json\/wp\/v2\/comments?post=76633"}],"version-history":[{"count":0,"href":"https:\/\/noticiasribeiraopreto.com.br\/index.php\/wp-json\/wp\/v2\/posts\/76633\/revisions"}],"wp:featuredmedia":[{"embeddable":true,"href":"https:\/\/noticiasribeiraopreto.com.br\/index.php\/wp-json\/wp\/v2\/media\/76634"}],"wp:attachment":[{"href":"https:\/\/noticiasribeiraopreto.com.br\/index.php\/wp-json\/wp\/v2\/media?parent=76633"}],"wp:term":[{"taxonomy":"category","embeddable":true,"href":"https:\/\/noticiasribeiraopreto.com.br\/index.php\/wp-json\/wp\/v2\/categories?post=76633"},{"taxonomy":"post_tag","embeddable":true,"href":"https:\/\/noticiasribeiraopreto.com.br\/index.php\/wp-json\/wp\/v2\/tags?post=76633"}],"curies":[{"name":"wp","href":"https:\/\/api.w.org\/{rel}","templated":true}]}}