{"id":76635,"date":"2025-09-02T12:40:13","date_gmt":"2025-09-02T15:40:13","guid":{"rendered":"https:\/\/noticiasribeiraopreto.com.br\/index.php\/2025\/09\/02\/preso-outro-envolvido-na-morte-de-prefeito-da-regiao\/"},"modified":"2025-09-02T12:40:13","modified_gmt":"2025-09-02T15:40:13","slug":"preso-outro-envolvido-na-morte-de-prefeito-da-regiao","status":"publish","type":"post","link":"https:\/\/noticiasribeiraopreto.com.br\/index.php\/2025\/09\/02\/preso-outro-envolvido-na-morte-de-prefeito-da-regiao\/","title":{"rendered":"Preso outro envolvido na morte de prefeito da regi\u00e3o"},"content":{"rendered":"<div class='code-block code-block-1' style='margin: 8px 0 8px auto; text-align: right; display: block; clear: both;'>\n<p><a href=\"https:\/\/wa.link\/vpicfd\"><img data-recalc-dims=\"1\" class=\"wp-image-4922\" style=\"aspect-ratio: 2.0253164556962027; width: 561px; height: auto;\" src=\"https:\/\/i0.wp.com\/ismaelcolosi.com.br\/wp-content\/uploads\/2023\/11\/grupo-de-empregos-whatsapp-e-facebook-ismael-colosi-vagas.jpg?ssl=1\" alt=\"\" \/><\/a><\/p>\n<!-- \/wp:image -->\n<\/div>\n<p> <br \/>\n<\/p>\n<div id=\"\">\n<h2 class=\"penci-post-subtitle\">Homem negou participa\u00e7\u00e3o, mas impress\u00e3o digital encontrado no carro do ex-prefeito confirma sua presen\u00e7a no crime<\/h2>\n<p>\n\t\t\t\t\t\t\t\t\t<span class=\"entry-meta-item penci-posted-on\"><i class=\"fa fa-clock-o\"\/><time class=\"entry-date published updated\" datetime=\"2025-09-02T12:35:08-03:00\">2 de setembro de 2025 12:35<\/time><\/span><span class=\"entry-meta-item penci-post-countview\"><span class=\"entry-meta-item penci-post-countview penci_post-meta_item\"><i class=\"fa fa-eye\"\/><span class=\"penci-post-countview-number penci-post-countview-p437752\">5<\/span><\/span><\/span>\t\t\t\t\t\t\t\t<\/p>\n<p><!-- .entry-meta --><br \/>\n\t\t\t\t\t\t\t\t<span class=\"penci-social-buttons penci-social-share-footer\"><span class=\"penci-social-share-text\">Compartilhar<\/span><a href=\"#\" class=\"penci-post-like penci_post-meta_item  single-like-button penci-social-item like\" data-post_id=\"437752\" title=\"Like\" data-like=\"Like\" data-unlike=\"Unlike\"><i class=\"fa fa-thumbs-o-up\"\/><span class=\"penci-share-number\">0<\/span><\/a><i class=\"fa fa-facebook\"\/><a class=\"penci-social-item twitter\" target=\"_blank\" rel=\"noopener\" title=\"\" href=\"https:\/\/twitter.com\/intent\/tweet?text=Preso%20outro%20envolvido%20na%20morte%20de%20prefeito%20da%20regi\u00e3o%20-%20https:\/\/www.tribunaribeirao.com.br\/preso-outro-envolvido-na-morte-de-prefeito-da-regiao\/\"><i class=\"fa fa-twitter\"\/><\/a><i class=\"fa fa-linkedin\"\/><i class=\"fa fa-whatsapp\"\/><i class=\"fa fa-telegram\"\/><i class=\"fa fa-envelope\"\/><\/span>\t\t\t\t\t\t\t<\/div>\n<div>\n<p>Por: Adalberto Luque<\/p>\n<p>Um homem foi preso, nesta segunda-feira (1\u00ba), suspeito de ter participado da morte do ex-prefeito de Taquaritinga, Vanderlei Jos\u00e9 M\u00e1rsico, ocorrida em 10 de julho, em sua resid\u00eancia, na cidade de Taquaritinga, distante 85 km de Ribeir\u00e3o Preto.<\/p>\n<p>O suspeito, de 20 anos, foi localizado em sua resid\u00eancia, na Vila S\u00e3o Sebasti\u00e3o, em Taquaritinga. Sua identidade n\u00e3o foi revelada. Segundo o delegado F\u00e1bio Abib Calazans, que coordenou o cumprimento do mandado de busca e apreens\u00e3o, o homem negou participa\u00e7\u00e3o e disse n\u00e3o conhecer os outros envolvidos.<\/p>\n<p>Contudo, impress\u00f5es digitais do homem preso foram encontradas no ve\u00edculo de M\u00e1rsico, que foi encontrado abandonado em uma \u00e1rea rural da cidade cinco dias ap\u00f3s o crime. Calazans disse que isso o coloca na cena do crime.<\/p>\n<figure id=\"attachment_431531\" aria-describedby=\"caption-attachment-431531\" style=\"width: 800px\" class=\"wp-caption alignnone\"><img data-recalc-dims=\"1\" loading=\"lazy\" decoding=\"async\" class=\"size-full wp-image-431531 lazyload\" src=\"https:\/\/i0.wp.com\/www.tribunaribeirao.com.br\/wp-content\/uploads\/2025\/07\/15-jul-2025-carroprefeitotaquaritinga.jpg?resize=800%2C445&#038;ssl=1\" alt=\"\" width=\"800\" height=\"445\" srcset=\"https:\/\/www.tribunaribeirao.com.br\/wp-content\/uploads\/2025\/07\/15-jul-2025-carroprefeitotaquaritinga.jpg 800w, https:\/\/www.tribunaribeirao.com.br\/wp-content\/uploads\/2025\/07\/15-jul-2025-carroprefeitotaquaritinga-300x167.jpg 300w, https:\/\/www.tribunaribeirao.com.br\/wp-content\/uploads\/2025\/07\/15-jul-2025-carroprefeitotaquaritinga-768x427.jpg 768w, https:\/\/www.tribunaribeirao.com.br\/wp-content\/uploads\/2025\/07\/15-jul-2025-carroprefeitotaquaritinga-719x400.jpg 719w, https:\/\/www.tribunaribeirao.com.br\/wp-content\/uploads\/2025\/07\/15-jul-2025-carroprefeitotaquaritinga-585x325.jpg 585w\" data-sizes=\"(max-width: 800px) 100vw, 800px\" style=\"--smush-placeholder-width: 800px; --smush-placeholder-aspect-ratio: 800\/445;\"\/><figcaption id=\"caption-attachment-431531\" class=\"wp-caption-text\">Carro de ex-prefeito estava abandonado em \u00e1rea de mata fechada e foram encontradas impress\u00f5es digitais de suspeito preso (Foto: Divulga\u00e7\u00e3o)<\/figcaption><\/figure>\n<p>Ele deve ser ouvido informalmente nos pr\u00f3ximos dias. O homem \u00e9 o segundo detido, dos tr\u00eas que foram flagrados em imagens de c\u00e2meras de seguran\u00e7a entrando na casa do ex-prefeito na noite de sua morte. Um menor de idade j\u00e1 havia sido apreendido dois dias depois do crime, que segue sendo investigado como latroc\u00ednio, mas pode se tratar de um crime pol\u00edtico.<\/p>\n<p><strong>Relembre o caso<\/strong><\/p>\n<p>O ex-prefeito de Taquaritinga, Vanderlei Jos\u00e9 M\u00e1rsico, 73 anos, foi encontrado morto em 10 de julho em sua resid\u00eancia. Ele estava na cama, com p\u00e9s e m\u00e3os amarrados por fios, coberto por uma manta e com ferimento na boca. A suspeita \u00e9 que tenha sido morto por sufocamento.<\/p>\n<p>C\u00e2meras de seguran\u00e7a registraram a entrada de tr\u00eas homens encapuzados na casa por volta de 00h30. A sa\u00edda n\u00e3o foi filmada. O im\u00f3vel estava revirado, especialmente quartos e escrit\u00f3rio, e um t\u00eanis n\u00e3o pertencente \u00e0 v\u00edtima foi apreendido. O carro e o celular desapareceram, mas carteira e cart\u00f5es permaneceram.<\/p>\n<p>No dia 12, um adolescente de 17 anos foi apreendido em Itapema (SC). Ele confessou participa\u00e7\u00e3o e disse ter agredido o pol\u00edtico com socos e tapas, al\u00e9m de aplicar o golpe \u201cmata-le\u00e3o\u201d. Afirmou que deixou a v\u00edtima amorda\u00e7ada, ainda viva, e alegou vingan\u00e7a porque M\u00e1rsico teria recusado dar-lhe carona dias antes. N\u00e3o revelou quem eram os outros envolvidos.<\/p>\n<figure id=\"attachment_431423\" aria-describedby=\"caption-attachment-431423\" style=\"width: 731px\" class=\"wp-caption alignnone\"><img data-recalc-dims=\"1\" loading=\"lazy\" decoding=\"async\" class=\"wp-image-431423 lazyload\" src=\"https:\/\/i0.wp.com\/www.tribunaribeirao.com.br\/wp-content\/uploads\/2025\/07\/casa_marsico.jpeg?resize=731%2C411&#038;ssl=1\" alt=\"\" width=\"731\" height=\"411\" srcset=\"https:\/\/www.tribunaribeirao.com.br\/wp-content\/uploads\/2025\/07\/casa_marsico.jpeg 640w, https:\/\/www.tribunaribeirao.com.br\/wp-content\/uploads\/2025\/07\/casa_marsico-300x169.jpeg 300w, https:\/\/www.tribunaribeirao.com.br\/wp-content\/uploads\/2025\/07\/casa_marsico-585x329.jpeg 585w\" data-sizes=\"(max-width: 731px) 100vw, 731px\" style=\"--smush-placeholder-width: 731px; --smush-placeholder-aspect-ratio: 731\/411;\"\/><figcaption id=\"caption-attachment-431423\" class=\"wp-caption-text\">C\u00e2meras de seguran\u00e7a registraram a entrada de tr\u00eas homens na casa de M\u00e1rsico, dois dos quais j\u00e1 foram detidos (Foto: Reprodu\u00e7\u00e3o)<\/figcaption><\/figure>\n<p>O delegado Claudemir Pereira da Silva demonstrou ceticismo quanto \u00e0 vers\u00e3o, considerada possivelmente fantasiosa. O menor foi encaminhado \u00e0 Funda\u00e7\u00e3o Casa em Araraquara.<\/p>\n<p>Na manh\u00e3 do dia 15, o carro de M\u00e1rsico foi localizado sem placas em mata da Fazenda Gl\u00f3ria, na zona rural da cidade, ap\u00f3s ser visto por um agricultor. A Pol\u00edcia Militar preservou a \u00e1rea para per\u00edcia.<\/p>\n<p>A Pol\u00edcia Civil trata o caso como latroc\u00ednio, mas n\u00e3o descarta outras linhas de investiga\u00e7\u00e3o, inclusive motiva\u00e7\u00e3o pol\u00edtica.<\/p>\n<p>M\u00e1rsico teve trajet\u00f3ria pol\u00edtica de tr\u00eas mandatos como vereador, chegando \u00e0 presid\u00eancia da C\u00e2mara, e dois mandatos como prefeito (2017-2024). Fundou a R\u00e1dio Canal Um (93.7 FM) e, no fim da carreira, enfrentou processos de improbidade que levaram ao afastamento e bloqueio de bens.<\/p>\n<\/div>\n<p><script async src=\"\/\/platform.twitter.com\/widgets.js\" charset=\"utf-8\"><\/script><br \/>\n<br \/><br \/>\n<br \/><a href=\"https:\/\/www.tribunaribeirao.com.br\/preso-outro-envolvido-na-morte-de-prefeito-da-regiao\/\">Source link <\/a><\/p>\n<!-- CONTENT END 1 -->\n","protected":false},"excerpt":{"rendered":"<p>Homem negou participa\u00e7\u00e3o, mas impress\u00e3o digital encontrado no carro do ex-prefeito confirma sua presen\u00e7a no crime 2 de setembro de 2025 12:355 Compartilhar0 Por: Adalberto&#8230;<\/p>\n","protected":false},"author":1,"featured_media":76636,"comment_status":"open","ping_status":"open","sticky":false,"template":"","format":"standard","meta":{"advanced_seo_description":"","jetpack_seo_html_title":"","jetpack_seo_noindex":false,"jetpack_post_was_ever_published":false,"_jetpack_newsletter_access":"","_jetpack_dont_email_post_to_subs":false,"_jetpack_newsletter_tier_id":0,"_jetpack_memberships_contains_paywalled_content":false,"_jetpack_memberships_contains_paid_content":false,"footnotes":"","jetpack_publicize_message":"","jetpack_publicize_feature_enabled":true,"jetpack_social_post_already_shared":true,"jetpack_social_options":{"image_generator_settings":{"template":"highway","default_image_id":0,"font":"","enabled":false},"version":2}},"categories":[11],"tags":[],"class_list":["post-76635","post","type-post","status-publish","format-standard","has-post-thumbnail","hentry","category-noticias-de-ribeirao-preto-sp-e-regiao-ismael-colosi"],"jetpack_publicize_connections":[],"jetpack_featured_media_url":"https:\/\/i0.wp.com\/noticiasribeiraopreto.com.br\/wp-content\/uploads\/2025\/09\/marsico4.jpeg?fit=640%2C480&ssl=1","jetpack-related-posts":[{"id":58812,"url":"https:\/\/noticiasribeiraopreto.com.br\/index.php\/2024\/10\/06\/eleicoes-2024-itamar-bueno-e-eleito-prefeito-de-cravinhos\/","url_meta":{"origin":76635,"position":0},"title":"Elei\u00e7\u00f5es 2024: Itamar Bueno \u00e9 eleito prefeito de Cravinhos","author":"noticiasribeiraopreto.com.br","date":"6 de October de 2024","format":false,"excerpt":"O candidato Itamar Bueno (MDB) foi eleito prefeito de Cravinhos, cidade na regi\u00e3o de Ribeir\u00e3o Preto, na noite deste domingo (6). Conforme os dados do Tribunal Superior Eleitoral (TSE), com 100% dos votos apurados, Itamar Bueno foi reeleito prefeito de Cravinhos, com 66,36% e 12.159 votos. Curumim (Solidariedade) teve 33,64%\u2026","rel":"","context":"In &quot;Not\u00edcias de Ribeir\u00e3o Preto-SP e Regi\u00e3o&quot;","block_context":{"text":"Not\u00edcias de Ribeir\u00e3o Preto-SP e Regi\u00e3o","link":"https:\/\/noticiasribeiraopreto.com.br\/index.php\/category\/noticias-de-ribeirao-preto-sp-e-regiao-ismael-colosi\/"},"img":{"alt_text":"","src":"https:\/\/i0.wp.com\/noticiasribeiraopreto.com.br\/wp-content\/uploads\/2024\/10\/454476234_1117424409804059_55167205197634569_n_2024-10-06_23-18-16_jpg_2024-10-06_23-18-16.webp.webp?fit=1181%2C777&ssl=1&resize=350%2C200","width":350,"height":200,"srcset":"https:\/\/i0.wp.com\/noticiasribeiraopreto.com.br\/wp-content\/uploads\/2024\/10\/454476234_1117424409804059_55167205197634569_n_2024-10-06_23-18-16_jpg_2024-10-06_23-18-16.webp.webp?fit=1181%2C777&ssl=1&resize=350%2C200 1x, https:\/\/i0.wp.com\/noticiasribeiraopreto.com.br\/wp-content\/uploads\/2024\/10\/454476234_1117424409804059_55167205197634569_n_2024-10-06_23-18-16_jpg_2024-10-06_23-18-16.webp.webp?fit=1181%2C777&ssl=1&resize=525%2C300 1.5x, https:\/\/i0.wp.com\/noticiasribeiraopreto.com.br\/wp-content\/uploads\/2024\/10\/454476234_1117424409804059_55167205197634569_n_2024-10-06_23-18-16_jpg_2024-10-06_23-18-16.webp.webp?fit=1181%2C777&ssl=1&resize=700%2C400 2x, https:\/\/i0.wp.com\/noticiasribeiraopreto.com.br\/wp-content\/uploads\/2024\/10\/454476234_1117424409804059_55167205197634569_n_2024-10-06_23-18-16_jpg_2024-10-06_23-18-16.webp.webp?fit=1181%2C777&ssl=1&resize=1050%2C600 3x"},"classes":[]},{"id":73824,"url":"https:\/\/noticiasribeiraopreto.com.br\/index.php\/2025\/07\/10\/ex-prefeito-e-encontrado-morto-na-regiao-de-ribeirao-preto\/","url_meta":{"origin":76635,"position":1},"title":"Ex-prefeito \u00e9 encontrado morto na regi\u00e3o de Ribeir\u00e3o Preto","author":"noticiasribeiraopreto.com.br","date":"10 de July de 2025","format":false,"excerpt":"O ex-prefeito de Taquaritinga Vanderlei Jos\u00e9 Marsico, de 73 anos, foi encontrado morto nesta quinta-feira (10). Segundo as primeiras informa\u00e7\u00f5es, o pol\u00edtico teria sido achado j\u00e1 sem vida na casa onde morava, no Centro de Taquaritinga, por uma funcion\u00e1ria que trabalha na resid\u00eancia. Equipes de pol\u00edcia est\u00e3o no local, na\u2026","rel":"","context":"In &quot;Not\u00edcias de Ribeir\u00e3o Preto-SP e Regi\u00e3o&quot;","block_context":{"text":"Not\u00edcias de Ribeir\u00e3o Preto-SP e Regi\u00e3o","link":"https:\/\/noticiasribeiraopreto.com.br\/index.php\/category\/noticias-de-ribeirao-preto-sp-e-regiao-ismael-colosi\/"},"img":{"alt_text":"","src":"https:\/\/i0.wp.com\/noticiasribeiraopreto.com.br\/wp-content\/uploads\/2025\/07\/vanderlei_2025-07-10_13-02-22.webp.webp?fit=1200%2C731&ssl=1&resize=350%2C200","width":350,"height":200,"srcset":"https:\/\/i0.wp.com\/noticiasribeiraopreto.com.br\/wp-content\/uploads\/2025\/07\/vanderlei_2025-07-10_13-02-22.webp.webp?fit=1200%2C731&ssl=1&resize=350%2C200 1x, https:\/\/i0.wp.com\/noticiasribeiraopreto.com.br\/wp-content\/uploads\/2025\/07\/vanderlei_2025-07-10_13-02-22.webp.webp?fit=1200%2C731&ssl=1&resize=525%2C300 1.5x, https:\/\/i0.wp.com\/noticiasribeiraopreto.com.br\/wp-content\/uploads\/2025\/07\/vanderlei_2025-07-10_13-02-22.webp.webp?fit=1200%2C731&ssl=1&resize=700%2C400 2x, https:\/\/i0.wp.com\/noticiasribeiraopreto.com.br\/wp-content\/uploads\/2025\/07\/vanderlei_2025-07-10_13-02-22.webp.webp?fit=1200%2C731&ssl=1&resize=1050%2C600 3x"},"classes":[]},{"id":38937,"url":"https:\/\/noticiasribeiraopreto.com.br\/index.php\/2024\/02\/22\/saiba-o-estado-de-saude-do-ex-prefeito-de-ribeirao-preto-welson-gasparini\/","url_meta":{"origin":76635,"position":2},"title":"Saiba o estado de sa\u00fade do ex-prefeito de Ribeir\u00e3o Preto Welson Gasparini","author":"noticiasribeiraopreto.com.br","date":"22 de February de 2024","format":false,"excerpt":"O ex-prefeito de Ribeir\u00e3o Preto Welson Gasparini, de 87 anos, segue internado no Hospital da Unimed, em Bonfim Paulista. De acordo com o vereador Maur\u00edcio Gasparini (Uni\u00e3o), filho do ex-prefeito, Welson est\u00e1 passando por \u201cv\u00e1rios exames\u201d. O parlamentar ainda informou que ainda n\u00e3o h\u00e1 previs\u00e3o de alta. O ex-prefeito foi\u2026","rel":"","context":"In &quot;Not\u00edcias de Ribeir\u00e3o Preto-SP e Regi\u00e3o&quot;","block_context":{"text":"Not\u00edcias de Ribeir\u00e3o Preto-SP e Regi\u00e3o","link":"https:\/\/noticiasribeiraopreto.com.br\/index.php\/category\/noticias-de-ribeirao-preto-sp-e-regiao-ismael-colosi\/"},"img":{"alt_text":"","src":"https:\/\/i0.wp.com\/noticiasribeiraopreto.com.br\/wp-content\/uploads\/2024\/02\/gasparini.jpg?fit=1200%2C800&ssl=1&resize=350%2C200","width":350,"height":200,"srcset":"https:\/\/i0.wp.com\/noticiasribeiraopreto.com.br\/wp-content\/uploads\/2024\/02\/gasparini.jpg?fit=1200%2C800&ssl=1&resize=350%2C200 1x, https:\/\/i0.wp.com\/noticiasribeiraopreto.com.br\/wp-content\/uploads\/2024\/02\/gasparini.jpg?fit=1200%2C800&ssl=1&resize=525%2C300 1.5x, https:\/\/i0.wp.com\/noticiasribeiraopreto.com.br\/wp-content\/uploads\/2024\/02\/gasparini.jpg?fit=1200%2C800&ssl=1&resize=700%2C400 2x, https:\/\/i0.wp.com\/noticiasribeiraopreto.com.br\/wp-content\/uploads\/2024\/02\/gasparini.jpg?fit=1200%2C800&ssl=1&resize=1050%2C600 3x"},"classes":[]},{"id":73994,"url":"https:\/\/noticiasribeiraopreto.com.br\/index.php\/2025\/07\/14\/delegado-revela-detalhes-de-crime-contra-ex-prefeito-na-regiao-de-ribeirao-preto\/","url_meta":{"origin":76635,"position":3},"title":"Delegado revela detalhes de crime contra ex-prefeito na regi\u00e3o de Ribeir\u00e3o Preto","author":"noticiasribeiraopreto.com.br","date":"14 de July de 2025","format":false,"excerpt":"O delegado Claudemir Aparecido Pereira da Silva, respons\u00e1vel pela investiga\u00e7\u00e3o sobre a morte do ex-prefeito de Taquaritinga Vanderlei Jos\u00e9 Marsico, deu detalhes sobre o crime durante uma coletiva de imprensa na manh\u00e3 desta segunda-feira (14), com base nas declara\u00e7\u00f5es do \u00fanico suspeito detido at\u00e9 agora. O jovem apreendido tem 17\u2026","rel":"","context":"In &quot;Not\u00edcias de Ribeir\u00e3o Preto-SP e Regi\u00e3o&quot;","block_context":{"text":"Not\u00edcias de Ribeir\u00e3o Preto-SP e Regi\u00e3o","link":"https:\/\/noticiasribeiraopreto.com.br\/index.php\/category\/noticias-de-ribeirao-preto-sp-e-regiao-ismael-colosi\/"},"img":{"alt_text":"","src":"https:\/\/i0.wp.com\/noticiasribeiraopreto.com.br\/wp-content\/uploads\/2025\/07\/vanderlei_2025-07-10_13-02-22.webp.webp?fit=1200%2C731&ssl=1&resize=350%2C200","width":350,"height":200,"srcset":"https:\/\/i0.wp.com\/noticiasribeiraopreto.com.br\/wp-content\/uploads\/2025\/07\/vanderlei_2025-07-10_13-02-22.webp.webp?fit=1200%2C731&ssl=1&resize=350%2C200 1x, https:\/\/i0.wp.com\/noticiasribeiraopreto.com.br\/wp-content\/uploads\/2025\/07\/vanderlei_2025-07-10_13-02-22.webp.webp?fit=1200%2C731&ssl=1&resize=525%2C300 1.5x, https:\/\/i0.wp.com\/noticiasribeiraopreto.com.br\/wp-content\/uploads\/2025\/07\/vanderlei_2025-07-10_13-02-22.webp.webp?fit=1200%2C731&ssl=1&resize=700%2C400 2x, https:\/\/i0.wp.com\/noticiasribeiraopreto.com.br\/wp-content\/uploads\/2025\/07\/vanderlei_2025-07-10_13-02-22.webp.webp?fit=1200%2C731&ssl=1&resize=1050%2C600 3x"},"classes":[]},{"id":55588,"url":"https:\/\/noticiasribeiraopreto.com.br\/index.php\/2024\/08\/03\/medico-e-ex-prefeito-na-regiao-de-ribeirao-morre-em-acidente-no-interior-de-sp\/","url_meta":{"origin":76635,"position":4},"title":"M\u00e9dico e ex-prefeito na regi\u00e3o de Ribeir\u00e3o morre em acidente no interior de SP","author":"noticiasribeiraopreto.com.br","date":"3 de August de 2024","format":false,"excerpt":"O m\u00e9dico e ex-prefeito de Monte Azul Paulista, cidade na regi\u00e3o de Ribeir\u00e3o Preto, Paulo S\u00e9rgio David, morreu na noite da sexta-feira (2), ap\u00f3s se envolver em um acidente na rodovia Washington Lu\u00eds (SP-310), em S\u00e3o Carlos. Ele tinha 71 anos de idade e conduzia um carro, que bateu na\u2026","rel":"","context":"In &quot;Not\u00edcias de Ribeir\u00e3o Preto-SP e Regi\u00e3o&quot;","block_context":{"text":"Not\u00edcias de Ribeir\u00e3o Preto-SP e Regi\u00e3o","link":"https:\/\/noticiasribeiraopreto.com.br\/index.php\/category\/noticias-de-ribeirao-preto-sp-e-regiao-ismael-colosi\/"},"img":{"alt_text":"","src":"https:\/\/i0.wp.com\/noticiasribeiraopreto.com.br\/wp-content\/uploads\/2024\/08\/WhatsApp-Image-2024-08-03-at-12.08.38_2024-08-03_15-14-10_jpeg_2024-08-03_15-14-10.webp.webp?fit=1200%2C675&ssl=1&resize=350%2C200","width":350,"height":200,"srcset":"https:\/\/i0.wp.com\/noticiasribeiraopreto.com.br\/wp-content\/uploads\/2024\/08\/WhatsApp-Image-2024-08-03-at-12.08.38_2024-08-03_15-14-10_jpeg_2024-08-03_15-14-10.webp.webp?fit=1200%2C675&ssl=1&resize=350%2C200 1x, https:\/\/i0.wp.com\/noticiasribeiraopreto.com.br\/wp-content\/uploads\/2024\/08\/WhatsApp-Image-2024-08-03-at-12.08.38_2024-08-03_15-14-10_jpeg_2024-08-03_15-14-10.webp.webp?fit=1200%2C675&ssl=1&resize=525%2C300 1.5x, https:\/\/i0.wp.com\/noticiasribeiraopreto.com.br\/wp-content\/uploads\/2024\/08\/WhatsApp-Image-2024-08-03-at-12.08.38_2024-08-03_15-14-10_jpeg_2024-08-03_15-14-10.webp.webp?fit=1200%2C675&ssl=1&resize=700%2C400 2x, https:\/\/i0.wp.com\/noticiasribeiraopreto.com.br\/wp-content\/uploads\/2024\/08\/WhatsApp-Image-2024-08-03-at-12.08.38_2024-08-03_15-14-10_jpeg_2024-08-03_15-14-10.webp.webp?fit=1200%2C675&ssl=1&resize=1050%2C600 3x"},"classes":[]},{"id":38644,"url":"https:\/\/noticiasribeiraopreto.com.br\/index.php\/2024\/02\/20\/ex-prefeito-welson-gasparini-esta-internado-em-hospital-de-ribeirao-preto\/","url_meta":{"origin":76635,"position":5},"title":"Ex-prefeito Welson Gasparini est\u00e1 internado em hospital de Ribeir\u00e3o Preto","author":"noticiasribeiraopreto.com.br","date":"20 de February de 2024","format":false,"excerpt":"O ex-prefeito de Ribeir\u00e3o Preto Welson Gasparini, de 87 anos, est\u00e1 internado no Hospital da Unimed, em Ribeir\u00e3o Preto. A informa\u00e7\u00e3o foi confirmada ao portal acidade on, na noite desta ter\u00e7a-feira (20), pelo filho dele, o vereador Mauricio Gasparini (UNI\u00c3O). Durante sess\u00e3o na C\u00e2mara Municipal desta ter\u00e7a, o vereador Igor\u2026","rel":"","context":"In &quot;Not\u00edcias de Ribeir\u00e3o Preto-SP e Regi\u00e3o&quot;","block_context":{"text":"Not\u00edcias de Ribeir\u00e3o Preto-SP e Regi\u00e3o","link":"https:\/\/noticiasribeiraopreto.com.br\/index.php\/category\/noticias-de-ribeirao-preto-sp-e-regiao-ismael-colosi\/"},"img":{"alt_text":"","src":"https:\/\/i0.wp.com\/noticiasribeiraopreto.com.br\/wp-content\/uploads\/2024\/02\/Copia-de-Copia-de-TAMANHO-EXATO-PARA-FOTOS-NO-SISTEMA-NOVO-42.png?fit=1200%2C675&ssl=1&resize=350%2C200","width":350,"height":200,"srcset":"https:\/\/i0.wp.com\/noticiasribeiraopreto.com.br\/wp-content\/uploads\/2024\/02\/Copia-de-Copia-de-TAMANHO-EXATO-PARA-FOTOS-NO-SISTEMA-NOVO-42.png?fit=1200%2C675&ssl=1&resize=350%2C200 1x, https:\/\/i0.wp.com\/noticiasribeiraopreto.com.br\/wp-content\/uploads\/2024\/02\/Copia-de-Copia-de-TAMANHO-EXATO-PARA-FOTOS-NO-SISTEMA-NOVO-42.png?fit=1200%2C675&ssl=1&resize=525%2C300 1.5x, https:\/\/i0.wp.com\/noticiasribeiraopreto.com.br\/wp-content\/uploads\/2024\/02\/Copia-de-Copia-de-TAMANHO-EXATO-PARA-FOTOS-NO-SISTEMA-NOVO-42.png?fit=1200%2C675&ssl=1&resize=700%2C400 2x, https:\/\/i0.wp.com\/noticiasribeiraopreto.com.br\/wp-content\/uploads\/2024\/02\/Copia-de-Copia-de-TAMANHO-EXATO-PARA-FOTOS-NO-SISTEMA-NOVO-42.png?fit=1200%2C675&ssl=1&resize=1050%2C600 3x"},"classes":[]}],"jetpack_sharing_enabled":true,"jetpack_shortlink":"https:\/\/wp.me\/peQAOb-jW3","_links":{"self":[{"href":"https:\/\/noticiasribeiraopreto.com.br\/index.php\/wp-json\/wp\/v2\/posts\/76635","targetHints":{"allow":["GET"]}}],"collection":[{"href":"https:\/\/noticiasribeiraopreto.com.br\/index.php\/wp-json\/wp\/v2\/posts"}],"about":[{"href":"https:\/\/noticiasribeiraopreto.com.br\/index.php\/wp-json\/wp\/v2\/types\/post"}],"author":[{"embeddable":true,"href":"https:\/\/noticiasribeiraopreto.com.br\/index.php\/wp-json\/wp\/v2\/users\/1"}],"replies":[{"embeddable":true,"href":"https:\/\/noticiasribeiraopreto.com.br\/index.php\/wp-json\/wp\/v2\/comments?post=76635"}],"version-history":[{"count":0,"href":"https:\/\/noticiasribeiraopreto.com.br\/index.php\/wp-json\/wp\/v2\/posts\/76635\/revisions"}],"wp:featuredmedia":[{"embeddable":true,"href":"https:\/\/noticiasribeiraopreto.com.br\/index.php\/wp-json\/wp\/v2\/media\/76636"}],"wp:attachment":[{"href":"https:\/\/noticiasribeiraopreto.com.br\/index.php\/wp-json\/wp\/v2\/media?parent=76635"}],"wp:term":[{"taxonomy":"category","embeddable":true,"href":"https:\/\/noticiasribeiraopreto.com.br\/index.php\/wp-json\/wp\/v2\/categories?post=76635"},{"taxonomy":"post_tag","embeddable":true,"href":"https:\/\/noticiasribeiraopreto.com.br\/index.php\/wp-json\/wp\/v2\/tags?post=76635"}],"curies":[{"name":"wp","href":"https:\/\/api.w.org\/{rel}","templated":true}]}}