{"id":76637,"date":"2025-09-02T13:05:52","date_gmt":"2025-09-02T16:05:52","guid":{"rendered":"https:\/\/noticiasribeiraopreto.com.br\/index.php\/2025\/09\/02\/radares-entram-em-operacao-na-castelo-branco\/"},"modified":"2025-09-02T13:05:52","modified_gmt":"2025-09-02T16:05:52","slug":"radares-entram-em-operacao-na-castelo-branco","status":"publish","type":"post","link":"https:\/\/noticiasribeiraopreto.com.br\/index.php\/2025\/09\/02\/radares-entram-em-operacao-na-castelo-branco\/","title":{"rendered":"Radares entram em opera\u00e7\u00e3o na Castelo Branco"},"content":{"rendered":"<div class='code-block code-block-1' style='margin: 8px 0 8px auto; text-align: right; display: block; clear: both;'>\n<p><a href=\"https:\/\/wa.link\/vpicfd\"><img data-recalc-dims=\"1\" class=\"wp-image-4922\" style=\"aspect-ratio: 2.0253164556962027; width: 561px; height: auto;\" src=\"https:\/\/i0.wp.com\/ismaelcolosi.com.br\/wp-content\/uploads\/2023\/11\/grupo-de-empregos-whatsapp-e-facebook-ismael-colosi-vagas.jpg?ssl=1\" alt=\"\" \/><\/a><\/p>\n<!-- \/wp:image -->\n<\/div>\n<p> <br \/>\n<\/p>\n<div id=\"post-437750\">\n<header class=\"entry-header penci-entry-header penci-title-center\">\n<p>\n\t\t\t\t\t\t\t\t\t<span class=\"entry-meta-item penci-posted-on\"><i class=\"fa fa-clock-o\"\/><time class=\"entry-date published\" datetime=\"2025-09-02T12:59:26-03:00\">2 de setembro de 2025 12:59<\/time><time class=\"updated\" datetime=\"2025-09-02T12:30:10-03:00\">2 de setembro de 2025 12:30<\/time><\/span><span class=\"entry-meta-item penci-post-countview\"><span class=\"entry-meta-item penci-post-countview penci_post-meta_item\"><i class=\"fa fa-eye\"\/><span class=\"penci-post-countview-number penci-post-countview-p437750\">9<\/span><\/span><\/span>\t\t\t\t\t\t\t\t<\/p>\n<p><!-- .entry-meta --><br \/>\n\t\t\t\t\t\t\t\t<span class=\"penci-social-buttons penci-social-share-footer\"><span class=\"penci-social-share-text\">Compartilhar<\/span><a href=\"#\" class=\"penci-post-like penci_post-meta_item  single-like-button penci-social-item like\" data-post_id=\"437750\" title=\"Like\" data-like=\"Like\" data-unlike=\"Unlike\"><i class=\"fa fa-thumbs-o-up\"\/><span class=\"penci-share-number\">0<\/span><\/a><i class=\"fa fa-facebook\"\/><a class=\"penci-social-item twitter\" target=\"_blank\" rel=\"noopener\" title=\"\" href=\"https:\/\/twitter.com\/intent\/tweet?text=Radares%20entram%20em%20opera\u00e7\u00e3o%20na%20Castelo%20Branco%20-%20https:\/\/www.tribunaribeirao.com.br\/radares-entram-em-operacao-na-castelo-branco\/\"><i class=\"fa fa-twitter\"\/><\/a><i class=\"fa fa-linkedin\"\/><i class=\"fa fa-whatsapp\"\/><i class=\"fa fa-telegram\"\/><i class=\"fa fa-envelope\"\/><\/span>\t\t\t\t\t\t\t<\/header>\n<p><!-- .entry-header --><\/p>\n<div class=\"penci-entry-content entry-content\">\n<p data-block-key=\"empfo\">A partir da pr\u00f3xima segunda-feira (8), dois radares fixos j\u00e1 implantados anteriormente em car\u00e1ter educativo entrar\u00e3o em opera\u00e7\u00e3o na SPA 307\/330 \u2013 Rodovia Castelo Branco, em Ribeir\u00e3o Preto, via de acesso que faz a interliga\u00e7\u00e3o do munic\u00edpio com a Anhanguera. O limite de velocidade \u00e9 de 70 km\/h para todos os tipos de ve\u00edculos e a via possui sinaliza\u00e7\u00e3o indicativa de fiscaliza\u00e7\u00e3o de velocidade. Os equipamentos medidores de velocidade est\u00e3o localizados no km 02, nos sentidos Leste e Oeste.<\/p>\n<p data-block-key=\"dpc8d\">Os aparelhos foram homologados e aprovados pelo Departamento de Estradas de Rodagem (DER-SP), al\u00e9m de aferidos pelo Instituto de Pesos e Medidas do Estado de S\u00e3o Paulo (Ipem-SP).<\/p>\n<p data-block-key=\"1lsls\">A decis\u00e3o para autoriza\u00e7\u00e3o do in\u00edcio de opera\u00e7\u00e3o foi publicada no Di\u00e1rio Oficial do Estado de S\u00e3o Paulo de ontem (1). A concession\u00e1ria refor\u00e7a que a instala\u00e7\u00e3o dos equipamentos \u00e9 uma determina\u00e7\u00e3o prevista no contrato de concess\u00e3o, mas que a gest\u00e3o dos dados e multas \u00e9 realizada pelo Departamento de Estradas de Rodagem (DER-SP).<\/p>\n<p data-block-key=\"1u49v\">A instala\u00e7\u00e3o dos radares \u00e9 mais uma iniciativa realizada com o objetivo de aumentar a seguran\u00e7a vi\u00e1ria e reduzir acidentes causados pelo excesso de velocidade nas rodovias, constatado por estudos realizados e monitoramento. Os radares s\u00e3o instrumentos utilizados no trabalho preventivo e em conjunto com outras estrat\u00e9gias com foco em redu\u00e7\u00e3o de acidentes.<\/p>\n<p data-block-key=\"bn93j\"><strong>Onde est\u00e3o<\/strong><\/p>\n<p><img data-recalc-dims=\"1\" loading=\"lazy\" decoding=\"async\" class=\"richtext-image full-width lazyload\" src=\"https:\/\/i0.wp.com\/www.arteris.com.br\/media\/images\/novos_radares.width-800.jpg?resize=566%2C58&#038;ssl=1\" alt=\"novos radares\" width=\"566\" height=\"58\" style=\"--smush-placeholder-width: 566px; --smush-placeholder-aspect-ratio: 566\/58;\"\/><\/p>\n<\/div>\n<p><!-- .entry-content --><\/p>\n<footer class=\"penci-entry-footer\">\n\t\t\t\t\t\t\t\t<span class=\"penci-social-buttons penci-social-share-footer\"><span class=\"penci-social-share-text\">Compartilhar<\/span><a href=\"#\" class=\"penci-post-like penci_post-meta_item  single-like-button penci-social-item like\" data-post_id=\"437750\" title=\"Like\" data-like=\"Like\" data-unlike=\"Unlike\"><i class=\"fa fa-thumbs-o-up\"\/><span class=\"penci-share-number\">0<\/span><\/a><i class=\"fa fa-facebook\"\/><a class=\"penci-social-item twitter\" target=\"_blank\" rel=\"noopener\" title=\"\" href=\"https:\/\/twitter.com\/intent\/tweet?text=Radares%20entram%20em%20opera\u00e7\u00e3o%20na%20Castelo%20Branco%20-%20https:\/\/www.tribunaribeirao.com.br\/radares-entram-em-operacao-na-castelo-branco\/\"><i class=\"fa fa-twitter\"\/><\/a><i class=\"fa fa-linkedin\"\/><i class=\"fa fa-whatsapp\"\/><i class=\"fa fa-telegram\"\/><i class=\"fa fa-envelope\"\/><\/span>\t\t\t\t\t\t\t<\/footer>\n<p><!-- .entry-footer -->\n\t\t\t\t\t\t<\/div>\n<p><script async src=\"\/\/platform.twitter.com\/widgets.js\" charset=\"utf-8\"><\/script><br \/>\n<br \/><br \/>\n<br \/><a href=\"https:\/\/www.tribunaribeirao.com.br\/radares-entram-em-operacao-na-castelo-branco\/\">Source link <\/a><\/p>\n<!-- CONTENT END 1 -->\n","protected":false},"excerpt":{"rendered":"<p>2 de setembro de 2025 12:592 de setembro de 2025 12:309 Compartilhar0 A partir da pr\u00f3xima segunda-feira (8), dois radares fixos j\u00e1 implantados anteriormente em&#8230;<\/p>\n","protected":false},"author":1,"featured_media":76638,"comment_status":"open","ping_status":"open","sticky":false,"template":"","format":"standard","meta":{"advanced_seo_description":"","jetpack_seo_html_title":"","jetpack_seo_noindex":false,"jetpack_post_was_ever_published":false,"_jetpack_newsletter_access":"","_jetpack_dont_email_post_to_subs":false,"_jetpack_newsletter_tier_id":0,"_jetpack_memberships_contains_paywalled_content":false,"_jetpack_memberships_contains_paid_content":false,"footnotes":"","jetpack_publicize_message":"","jetpack_publicize_feature_enabled":true,"jetpack_social_post_already_shared":true,"jetpack_social_options":{"image_generator_settings":{"template":"highway","default_image_id":0,"font":"","enabled":false},"version":2}},"categories":[11],"tags":[],"class_list":["post-76637","post","type-post","status-publish","format-standard","has-post-thumbnail","hentry","category-noticias-de-ribeirao-preto-sp-e-regiao-ismael-colosi"],"jetpack_publicize_connections":[],"jetpack_featured_media_url":"https:\/\/i0.wp.com\/noticiasribeiraopreto.com.br\/wp-content\/uploads\/2025\/09\/radar-1-scaled.jpeg?fit=1200%2C540&ssl=1","jetpack-related-posts":[{"id":27248,"url":"https:\/\/noticiasribeiraopreto.com.br\/index.php\/2024\/01\/11\/chorinho-na-praca-7-de-setembro-em-ribeirao-preto-retorna-nesta-sexta\/","url_meta":{"origin":76637,"position":0},"title":"Chorinho na Pra\u00e7a 7 de Setembro em Ribeir\u00e3o Preto retorna nesta sexta","author":"noticiasribeiraopreto.com.br","date":"11 de January de 2024","format":false,"excerpt":"O evento \u2018Chorinho na 7\u2019 retorna nesta sexta-feira (12), a partir das 19 horas, ap\u00f3s a pausa para as festas de final de ano. As apresenta\u00e7\u00f5es do Grupo Choro da Casa acontecem na Pra\u00e7a Sete de Setembro, no Centro de Ribeir\u00e3o Preto. Nesta sexta-feira, o grupo vai apresentar obras de\u2026","rel":"","context":"In &quot;Not\u00edcias de Ribeir\u00e3o Preto-SP e Regi\u00e3o&quot;","block_context":{"text":"Not\u00edcias de Ribeir\u00e3o Preto-SP e Regi\u00e3o","link":"https:\/\/noticiasribeiraopreto.com.br\/index.php\/category\/noticias-de-ribeirao-preto-sp-e-regiao-ismael-colosi\/"},"img":{"alt_text":"","src":"https:\/\/i0.wp.com\/noticiasribeiraopreto.com.br\/wp-content\/uploads\/2024\/01\/WhatsApp-Image-2024-01-11-at-08.49.59.jpeg?fit=1200%2C800&ssl=1&resize=350%2C200","width":350,"height":200,"srcset":"https:\/\/i0.wp.com\/noticiasribeiraopreto.com.br\/wp-content\/uploads\/2024\/01\/WhatsApp-Image-2024-01-11-at-08.49.59.jpeg?fit=1200%2C800&ssl=1&resize=350%2C200 1x, https:\/\/i0.wp.com\/noticiasribeiraopreto.com.br\/wp-content\/uploads\/2024\/01\/WhatsApp-Image-2024-01-11-at-08.49.59.jpeg?fit=1200%2C800&ssl=1&resize=525%2C300 1.5x, https:\/\/i0.wp.com\/noticiasribeiraopreto.com.br\/wp-content\/uploads\/2024\/01\/WhatsApp-Image-2024-01-11-at-08.49.59.jpeg?fit=1200%2C800&ssl=1&resize=700%2C400 2x, https:\/\/i0.wp.com\/noticiasribeiraopreto.com.br\/wp-content\/uploads\/2024\/01\/WhatsApp-Image-2024-01-11-at-08.49.59.jpeg?fit=1200%2C800&ssl=1&resize=1050%2C600 3x"},"classes":[]},{"id":37464,"url":"https:\/\/noticiasribeiraopreto.com.br\/index.php\/2024\/02\/16\/choro-da-casa-toca-na-sete-de-setembro\/","url_meta":{"origin":76637,"position":1},"title":"Choro da Casa toca\u00a0na Sete de Setembro\u00a0","author":"noticiasribeiraopreto.com.br","date":"16 de February de 2024","format":false,"excerpt":"16 de fevereiro de 2024 | 12:3016 de fevereiro de 2024 | 8:58 0O projeto Chorinho na 7, realizado pela Secretaria Municipal da Cultura e Turismo, recebe o grupo Choro da Casa nesta sexta-feira, 16 de fevereiro, \u00e0s 19 horas, na pra\u00e7a Sete de Setembro, que fica no quadril\u00e1tero entre\u2026","rel":"","context":"In &quot;Not\u00edcias de Ribeir\u00e3o Preto-SP e Regi\u00e3o&quot;","block_context":{"text":"Not\u00edcias de Ribeir\u00e3o Preto-SP e Regi\u00e3o","link":"https:\/\/noticiasribeiraopreto.com.br\/index.php\/category\/noticias-de-ribeirao-preto-sp-e-regiao-ismael-colosi\/"},"img":{"alt_text":"","src":"https:\/\/i0.wp.com\/noticiasribeiraopreto.com.br\/wp-content\/uploads\/2024\/02\/Choro07-Divulgacao-scaled.jpeg?fit=860%2C645&ssl=1&resize=350%2C200","width":350,"height":200,"srcset":"https:\/\/i0.wp.com\/noticiasribeiraopreto.com.br\/wp-content\/uploads\/2024\/02\/Choro07-Divulgacao-scaled.jpeg?fit=860%2C645&ssl=1&resize=350%2C200 1x, https:\/\/i0.wp.com\/noticiasribeiraopreto.com.br\/wp-content\/uploads\/2024\/02\/Choro07-Divulgacao-scaled.jpeg?fit=860%2C645&ssl=1&resize=525%2C300 1.5x, https:\/\/i0.wp.com\/noticiasribeiraopreto.com.br\/wp-content\/uploads\/2024\/02\/Choro07-Divulgacao-scaled.jpeg?fit=860%2C645&ssl=1&resize=700%2C400 2x"},"classes":[]},{"id":76951,"url":"https:\/\/noticiasribeiraopreto.com.br\/index.php\/2025\/09\/09\/ribeirao-preto-recebe-9a-edicao-de-festival-nacional-de-teatro-sao-mais-de-20-pecas\/","url_meta":{"origin":76637,"position":2},"title":"Ribeir\u00e3o Preto recebe 9\u00aa edi\u00e7\u00e3o de Festival Nacional de Teatro; s\u00e3o mais de 20 pe\u00e7as","author":"noticiasribeiraopreto.com.br","date":"9 de September de 2025","format":false,"excerpt":"Ribeir\u00e3o Preto recebe entre os dias 12 a 21 de setembro a 9\u00aa edi\u00e7\u00e3o de Festival Nacional de Teatro, que traz 23 apresenta\u00e7\u00f5es gratuitas distribu\u00eddas por diversos espa\u00e7os da cidade. A curadoria deste ano \u00e9 assinada por Diego Ferreira (Porto Alegre), Viccy Ferrari (Araraquara) e Maira Cibele Lima (Rio de\u2026","rel":"","context":"In &quot;Not\u00edcias de Ribeir\u00e3o Preto-SP e Regi\u00e3o&quot;","block_context":{"text":"Not\u00edcias de Ribeir\u00e3o Preto-SP e Regi\u00e3o","link":"https:\/\/noticiasribeiraopreto.com.br\/index.php\/category\/noticias-de-ribeirao-preto-sp-e-regiao-ismael-colosi\/"},"img":{"alt_text":"","src":"https:\/\/i0.wp.com\/noticiasribeiraopreto.com.br\/wp-content\/uploads\/2025\/09\/festivalteatro_2_2025-09-09_13-39-54.webp.webp?fit=1200%2C800&ssl=1&resize=350%2C200","width":350,"height":200,"srcset":"https:\/\/i0.wp.com\/noticiasribeiraopreto.com.br\/wp-content\/uploads\/2025\/09\/festivalteatro_2_2025-09-09_13-39-54.webp.webp?fit=1200%2C800&ssl=1&resize=350%2C200 1x, https:\/\/i0.wp.com\/noticiasribeiraopreto.com.br\/wp-content\/uploads\/2025\/09\/festivalteatro_2_2025-09-09_13-39-54.webp.webp?fit=1200%2C800&ssl=1&resize=525%2C300 1.5x, https:\/\/i0.wp.com\/noticiasribeiraopreto.com.br\/wp-content\/uploads\/2025\/09\/festivalteatro_2_2025-09-09_13-39-54.webp.webp?fit=1200%2C800&ssl=1&resize=700%2C400 2x, https:\/\/i0.wp.com\/noticiasribeiraopreto.com.br\/wp-content\/uploads\/2025\/09\/festivalteatro_2_2025-09-09_13-39-54.webp.webp?fit=1200%2C800&ssl=1&resize=1050%2C600 3x"},"classes":[]},{"id":15604,"url":"https:\/\/noticiasribeiraopreto.com.br\/index.php\/2023\/12\/13\/projeto-chorinho-na-7-recebe-choro-da-casa-nesta-sexta-feira-15\/","url_meta":{"origin":76637,"position":3},"title":"Projeto \u201cChorinho na 7\u201d recebe Choro da Casa nesta sexta-feira, 15 \u2013 Folha de Ribeir\u00e3o","author":"noticiasribeiraopreto.com.br","date":"13 de December de 2023","format":false,"excerpt":"O projeto \u201cChorinho na 7\u201d, realizado pela Secretaria Municipal da Cultura e Turismo, recebe novamente o grupo Choro da Casa para uma apresenta\u00e7\u00e3o especial nesta sexta-feira, dia 15 de dezembro, \u00e0s 19h, na Pra\u00e7a Sete de Setembro, que fica no quadril\u00e1tero entre as ruas Lafaiete, Flor\u00eancio de Abreu, Sete de\u2026","rel":"","context":"In &quot;Not\u00edcias de Ribeir\u00e3o Preto-SP e Regi\u00e3o&quot;","block_context":{"text":"Not\u00edcias de Ribeir\u00e3o Preto-SP e Regi\u00e3o","link":"https:\/\/noticiasribeiraopreto.com.br\/index.php\/category\/noticias-de-ribeirao-preto-sp-e-regiao-ismael-colosi\/"},"img":{"alt_text":"","src":"https:\/\/i0.wp.com\/noticiasribeiraopreto.com.br\/wp-content\/uploads\/2023\/12\/chorinho1312_1.jpeg?fit=1024%2C473&ssl=1&resize=350%2C200","width":350,"height":200,"srcset":"https:\/\/i0.wp.com\/noticiasribeiraopreto.com.br\/wp-content\/uploads\/2023\/12\/chorinho1312_1.jpeg?fit=1024%2C473&ssl=1&resize=350%2C200 1x, https:\/\/i0.wp.com\/noticiasribeiraopreto.com.br\/wp-content\/uploads\/2023\/12\/chorinho1312_1.jpeg?fit=1024%2C473&ssl=1&resize=525%2C300 1.5x, https:\/\/i0.wp.com\/noticiasribeiraopreto.com.br\/wp-content\/uploads\/2023\/12\/chorinho1312_1.jpeg?fit=1024%2C473&ssl=1&resize=700%2C400 2x"},"classes":[]},{"id":77413,"url":"https:\/\/noticiasribeiraopreto.com.br\/index.php\/2025\/09\/18\/repasse-do-bolsa-familia-para-rp-sobe-a-r-136-mi\/","url_meta":{"origin":76637,"position":4},"title":"Repasse do Bolsa Fam\u00edlia para RP \u2028sobe a R$ 13,6 mi","author":"noticiasribeiraopreto.com.br","date":"18 de September de 2025","format":false,"excerpt":"Em setembro deste ano, 19.861 fam\u00edlias est\u00e3o sendo atendidas pelo programa de transfer\u00eancia de renda em Ribeir\u00e3o Preto \u2028\u2028Os pagamentos do Programa Bolsa Fam\u00edlia come\u00e7aram nesta quarta-feira, 17 de setembro, e seguem at\u00e9 o dia 3, conforme o \u00faltimo d\u00edgito do N\u00famero de Identifica\u00e7\u00e3o Social (NIS) de cada benefici\u00e1rio. Neste\u2026","rel":"","context":"In &quot;Not\u00edcias de Ribeir\u00e3o Preto-SP e Regi\u00e3o&quot;","block_context":{"text":"Not\u00edcias de Ribeir\u00e3o Preto-SP e Regi\u00e3o","link":"https:\/\/noticiasribeiraopreto.com.br\/index.php\/category\/noticias-de-ribeirao-preto-sp-e-regiao-ismael-colosi\/"},"img":{"alt_text":"","src":"https:\/\/i0.wp.com\/noticiasribeiraopreto.com.br\/wp-content\/uploads\/2025\/09\/672536e9-f803-457f-88a4-bff3b0b6d4b2-scaled.jpeg?fit=800%2C479&ssl=1&resize=350%2C200","width":350,"height":200,"srcset":"https:\/\/i0.wp.com\/noticiasribeiraopreto.com.br\/wp-content\/uploads\/2025\/09\/672536e9-f803-457f-88a4-bff3b0b6d4b2-scaled.jpeg?fit=800%2C479&ssl=1&resize=350%2C200 1x, https:\/\/i0.wp.com\/noticiasribeiraopreto.com.br\/wp-content\/uploads\/2025\/09\/672536e9-f803-457f-88a4-bff3b0b6d4b2-scaled.jpeg?fit=800%2C479&ssl=1&resize=525%2C300 1.5x, https:\/\/i0.wp.com\/noticiasribeiraopreto.com.br\/wp-content\/uploads\/2025\/09\/672536e9-f803-457f-88a4-bff3b0b6d4b2-scaled.jpeg?fit=800%2C479&ssl=1&resize=700%2C400 2x"},"classes":[]},{"id":77156,"url":"https:\/\/noticiasribeiraopreto.com.br\/index.php\/2025\/09\/12\/fim-de-semana-em-ribeirao-preto-e-regiao-tem-muita-musica-stand-up-e-gastronomia-confira\/","url_meta":{"origin":76637,"position":5},"title":"Fim de semana em Ribeir\u00e3o Preto e regi\u00e3o tem muita m\u00fasica, stand-up e gastronomia; Confira","author":"noticiasribeiraopreto.com.br","date":"12 de September de 2025","format":false,"excerpt":"Shows, espet\u00e1culos teatrais e festivais gastron\u00f4micos est\u00e3o entre as atra\u00e7\u00f5es do fim de semana em Ribeir\u00e3o Preto e regi\u00e3o. A programa\u00e7\u00e3o re\u00fane atividades gratuitas e pagas para quem deseja aproveitar fora de casa. Os destaques s\u00e3o: nesta sexta-feira (12), a banda Lagum se apresenta em Ribeir\u00e3o Preto, a m\u00fasica continua\u2026","rel":"","context":"In &quot;Not\u00edcias de Ribeir\u00e3o Preto-SP e Regi\u00e3o&quot;","block_context":{"text":"Not\u00edcias de Ribeir\u00e3o Preto-SP e Regi\u00e3o","link":"https:\/\/noticiasribeiraopreto.com.br\/index.php\/category\/noticias-de-ribeirao-preto-sp-e-regiao-ismael-colosi\/"},"img":{"alt_text":"","src":"https:\/\/i0.wp.com\/noticiasribeiraopreto.com.br\/wp-content\/uploads\/2025\/09\/Copia-de-Copia-de-Copia-de-TAMANHO-EXATO-PARA-FOTOS-NO-SISTEMA-NOVO-2_2025-09-12_13-06-01.webp.webp?fit=1200%2C675&ssl=1&resize=350%2C200","width":350,"height":200,"srcset":"https:\/\/i0.wp.com\/noticiasribeiraopreto.com.br\/wp-content\/uploads\/2025\/09\/Copia-de-Copia-de-Copia-de-TAMANHO-EXATO-PARA-FOTOS-NO-SISTEMA-NOVO-2_2025-09-12_13-06-01.webp.webp?fit=1200%2C675&ssl=1&resize=350%2C200 1x, https:\/\/i0.wp.com\/noticiasribeiraopreto.com.br\/wp-content\/uploads\/2025\/09\/Copia-de-Copia-de-Copia-de-TAMANHO-EXATO-PARA-FOTOS-NO-SISTEMA-NOVO-2_2025-09-12_13-06-01.webp.webp?fit=1200%2C675&ssl=1&resize=525%2C300 1.5x, https:\/\/i0.wp.com\/noticiasribeiraopreto.com.br\/wp-content\/uploads\/2025\/09\/Copia-de-Copia-de-Copia-de-TAMANHO-EXATO-PARA-FOTOS-NO-SISTEMA-NOVO-2_2025-09-12_13-06-01.webp.webp?fit=1200%2C675&ssl=1&resize=700%2C400 2x, https:\/\/i0.wp.com\/noticiasribeiraopreto.com.br\/wp-content\/uploads\/2025\/09\/Copia-de-Copia-de-Copia-de-TAMANHO-EXATO-PARA-FOTOS-NO-SISTEMA-NOVO-2_2025-09-12_13-06-01.webp.webp?fit=1200%2C675&ssl=1&resize=1050%2C600 3x"},"classes":[]}],"jetpack_sharing_enabled":true,"jetpack_shortlink":"https:\/\/wp.me\/peQAOb-jW5","_links":{"self":[{"href":"https:\/\/noticiasribeiraopreto.com.br\/index.php\/wp-json\/wp\/v2\/posts\/76637","targetHints":{"allow":["GET"]}}],"collection":[{"href":"https:\/\/noticiasribeiraopreto.com.br\/index.php\/wp-json\/wp\/v2\/posts"}],"about":[{"href":"https:\/\/noticiasribeiraopreto.com.br\/index.php\/wp-json\/wp\/v2\/types\/post"}],"author":[{"embeddable":true,"href":"https:\/\/noticiasribeiraopreto.com.br\/index.php\/wp-json\/wp\/v2\/users\/1"}],"replies":[{"embeddable":true,"href":"https:\/\/noticiasribeiraopreto.com.br\/index.php\/wp-json\/wp\/v2\/comments?post=76637"}],"version-history":[{"count":0,"href":"https:\/\/noticiasribeiraopreto.com.br\/index.php\/wp-json\/wp\/v2\/posts\/76637\/revisions"}],"wp:featuredmedia":[{"embeddable":true,"href":"https:\/\/noticiasribeiraopreto.com.br\/index.php\/wp-json\/wp\/v2\/media\/76638"}],"wp:attachment":[{"href":"https:\/\/noticiasribeiraopreto.com.br\/index.php\/wp-json\/wp\/v2\/media?parent=76637"}],"wp:term":[{"taxonomy":"category","embeddable":true,"href":"https:\/\/noticiasribeiraopreto.com.br\/index.php\/wp-json\/wp\/v2\/categories?post=76637"},{"taxonomy":"post_tag","embeddable":true,"href":"https:\/\/noticiasribeiraopreto.com.br\/index.php\/wp-json\/wp\/v2\/tags?post=76637"}],"curies":[{"name":"wp","href":"https:\/\/api.w.org\/{rel}","templated":true}]}}