{"id":76640,"date":"2025-09-02T14:18:23","date_gmt":"2025-09-02T17:18:23","guid":{"rendered":"https:\/\/noticiasribeiraopreto.com.br\/index.php\/2025\/09\/02\/novos-radares-entram-em-operacao-em-ribeirao-preto-saiba-onde\/"},"modified":"2025-09-02T14:18:23","modified_gmt":"2025-09-02T17:18:23","slug":"novos-radares-entram-em-operacao-em-ribeirao-preto-saiba-onde","status":"publish","type":"post","link":"https:\/\/noticiasribeiraopreto.com.br\/index.php\/2025\/09\/02\/novos-radares-entram-em-operacao-em-ribeirao-preto-saiba-onde\/","title":{"rendered":"Novos radares entram em opera\u00e7\u00e3o em Ribeir\u00e3o Preto; Saiba onde"},"content":{"rendered":"<div class='code-block code-block-1' style='margin: 8px 0 8px auto; text-align: right; display: block; clear: both;'>\n<p><a href=\"https:\/\/wa.link\/vpicfd\"><img data-recalc-dims=\"1\" class=\"wp-image-4922\" style=\"aspect-ratio: 2.0253164556962027; width: 561px; height: auto;\" src=\"https:\/\/i0.wp.com\/ismaelcolosi.com.br\/wp-content\/uploads\/2023\/11\/grupo-de-empregos-whatsapp-e-facebook-ismael-colosi-vagas.jpg?ssl=1\" alt=\"\" \/><\/a><\/p>\n<!-- \/wp:image -->\n<\/div>\n<p> <br \/>\n<\/p>\n<div data-td-block-uid=\"tdi_95\">\n<div class=\"tdb-block-inner td-fix-index\">\n<p><strong>Dois novos radares<\/strong> v\u00e3o entrar em opera\u00e7\u00e3o na <strong>rodovia Castelo Branco (SPA 307\/330)<\/strong>, em <strong>Ribeir\u00e3o Preto<\/strong>, via de acesso que faz a interliga\u00e7\u00e3o do munic\u00edpio com a <strong>Anhanguera (SP-330)<\/strong>, a partir da pr\u00f3xima segunda-feira (8).<\/p>\n<p><mark style=\"background-color:#fcb900\" class=\"has-inline-color\"><strong>Os equipamentos j\u00e1 foram instalados e est\u00e3o localizados no km 02, nos sentidos Leste e Oeste<\/strong><\/mark>. O limite de velocidade \u00e9 de <strong>70 km\/h<\/strong> para todos os tipos de ve\u00edculos e a via possui sinaliza\u00e7\u00e3o indicativa de fiscaliza\u00e7\u00e3o de velocidade.<\/p>\n<p>De acordo com a <strong>ViaPaulista<\/strong>, concession\u00e1ria respons\u00e1vel pelo trecho, a decis\u00e3o para autoriza\u00e7\u00e3o do in\u00edcio de opera\u00e7\u00e3o foi publicada no <strong><a href=\"https:\/\/doe.sp.gov.br\/\" target=\"_blank\" data-type=\"link\" data-id=\"https:\/\/doe.sp.gov.br\/\" rel=\"noreferrer noopener\">Di\u00e1rio Oficial do Estado de S\u00e3o Paulo desta segunda-feira (1\u00ba)<\/a><\/strong>.<\/p>\n<figure class=\"wp-block-pullquote\">\n<blockquote>\n<p>A concession\u00e1ria refor\u00e7a que a instala\u00e7\u00e3o dos equipamentos \u00e9 uma determina\u00e7\u00e3o prevista no contrato de concess\u00e3o, mas que a gest\u00e3o dos dados e multas \u00e9 realizada pelo Departamento de Estradas de Rodagem (DER-SP)<\/p>\n<\/blockquote>\n<\/figure>\n<h2 class=\"wp-block-heading\"><strong>Seguran\u00e7a<\/strong><\/h2>\n<p>Conforme a concession\u00e1ria, a instala\u00e7\u00e3o dos radares \u00e9 uma iniciativa realizada com o <strong>objetivo de aumentar a seguran\u00e7a vi\u00e1ria<\/strong> e <strong>reduzir acidentes causados pelo excesso de velocidade nas rodovias<\/strong>, constatado por estudos realizados e monitoramento.<\/p>\n<p>\u201cOs radares s\u00e3o instrumentos utilizados no trabalho preventivo e em conjunto com outras estrat\u00e9gias com foco em redu\u00e7\u00e3o de acidentes\u201d, explicou a <strong>ViaPaulista<\/strong>.<\/p>\n<hr class=\"wp-block-separator has-alpha-channel-opacity\"\/>\n<p>SAIBA MAIS<\/p>\n<p>Concurso p\u00fablico em SP oferece 10 vagas e sal\u00e1rios de R$ 9 mil<\/p>\n<h2 class=\"wp-block-heading\"><strong>FIQUE ON<\/strong><\/h2>\n<p>Fique ligado em tudo que acontece em Ribeir\u00e3o Preto e regi\u00e3o. Siga os perfis do\u00a0<strong>acidade on<\/strong>\u00a0no\u00a0<strong><a href=\"https:\/\/www.instagram.com\/acidadeonribeirao\" target=\"_blank\" rel=\"noreferrer noopener\">Instagram<\/a><\/strong>\u00a0e no\u00a0<a href=\"https:\/\/www.facebook.com\/acidadeonribeirao\/\" target=\"_blank\" rel=\"noreferrer noopener\"><strong>Facebook<\/strong><\/a>.<\/p>\n<p>Receba not\u00edcias do<strong>\u00a0acidade on<\/strong>\u00a0no WhatsApp. Para entrar no grupo,\u00a0basta\u00a0<a href=\"https:\/\/chat.whatsapp.com\/I4nieTEMKlf50pJ28aMemC?mode=ac_t\" target=\"_blank\" rel=\"noreferrer noopener\">clicar aqui<\/a>. Ou, acesse o nosso\u00a0Canal\u00a0<a href=\"https:\/\/whatsapp.com\/channel\/0029Vb6IQl1JENyAeS57fk2p\" target=\"_blank\" rel=\"noreferrer noopener\">clicando aqui<\/a>.<\/p>\n<p>Fa\u00e7a uma den\u00fancia ou sugira uma reportagem sobre Ribeir\u00e3o Preto e regi\u00e3o pelo WhatsApp: 16 99117 7802.<\/p>\n<p>VEJA TAMB\u00c9M<\/p>\n<p>Quem era Mino Carta?<\/p>\n<p><!-- AI CONTENT END 1 -->\n<\/div>\n<\/div>\n<p><script async src=\"\/\/www.instagram.com\/embed.js\"><\/script><br \/>\n<br \/><br \/>\n<br \/><a href=\"https:\/\/www.acidadeon.com\/ribeiraopreto\/cotidiano\/novos-radares-entram-em-operacao-em-ribeirao-preto-saiba-onde\/\">Source link <\/a><\/p>\n<!-- CONTENT END 1 -->\n","protected":false},"excerpt":{"rendered":"<p>Dois novos radares v\u00e3o entrar em opera\u00e7\u00e3o na rodovia Castelo Branco (SPA 307\/330), em Ribeir\u00e3o Preto, via de acesso que faz a interliga\u00e7\u00e3o do munic\u00edpio&#8230;<\/p>\n","protected":false},"author":1,"featured_media":76641,"comment_status":"open","ping_status":"open","sticky":false,"template":"","format":"standard","meta":{"advanced_seo_description":"","jetpack_seo_html_title":"","jetpack_seo_noindex":false,"jetpack_post_was_ever_published":false,"_jetpack_newsletter_access":"","_jetpack_dont_email_post_to_subs":false,"_jetpack_newsletter_tier_id":0,"_jetpack_memberships_contains_paywalled_content":false,"_jetpack_memberships_contains_paid_content":false,"footnotes":"","jetpack_publicize_message":"","jetpack_publicize_feature_enabled":true,"jetpack_social_post_already_shared":true,"jetpack_social_options":{"image_generator_settings":{"template":"highway","default_image_id":0,"font":"","enabled":false},"version":2}},"categories":[11],"tags":[],"class_list":["post-76640","post","type-post","status-publish","format-standard","has-post-thumbnail","hentry","category-noticias-de-ribeirao-preto-sp-e-regiao-ismael-colosi"],"jetpack_publicize_connections":[],"jetpack_featured_media_url":"https:\/\/i0.wp.com\/noticiasribeiraopreto.com.br\/wp-content\/uploads\/2025\/09\/Copia-de-Copia-de-Copia-de-TAMANHO-EXATO-PARA-FOTOS-NO-SISTEMA-NOVO-2025-09-02T133856.495_2025-09-02_16-39-02.webp.webp?fit=1200%2C675&ssl=1","jetpack-related-posts":[{"id":76857,"url":"https:\/\/noticiasribeiraopreto.com.br\/index.php\/2025\/09\/07\/ribeirao-preto-passa-a-ter-dois-novos-radares-nesta-semana\/","url_meta":{"origin":76640,"position":0},"title":"Ribeir\u00e3o Preto passa a ter dois novos radares nesta semana","author":"noticiasribeiraopreto.com.br","date":"7 de September de 2025","format":false,"excerpt":"A partir desta segunda-feira (8), dois novos radares entram em opera\u00e7\u00e3o na rodovia Castelo Branco (SPA 307\/330), em Ribeir\u00e3o Preto, principal via de acesso que liga o munic\u00edpio \u00e0 Anhanguera (SP-330). Os radares est\u00e3o localizados no quil\u00f4metro 2, nos sentidos Leste e Oeste da rodovia. O limite de velocidade \u00e9\u2026","rel":"","context":"In &quot;Not\u00edcias de Ribeir\u00e3o Preto-SP e Regi\u00e3o&quot;","block_context":{"text":"Not\u00edcias de Ribeir\u00e3o Preto-SP e Regi\u00e3o","link":"https:\/\/noticiasribeiraopreto.com.br\/index.php\/category\/noticias-de-ribeirao-preto-sp-e-regiao-ismael-colosi\/"},"img":{"alt_text":"","src":"https:\/\/i0.wp.com\/noticiasribeiraopreto.com.br\/wp-content\/uploads\/2025\/09\/52294108717_0ef80620df_o_2025-09-07_16-50-28.webp.webp?fit=1200%2C799&ssl=1&resize=350%2C200","width":350,"height":200,"srcset":"https:\/\/i0.wp.com\/noticiasribeiraopreto.com.br\/wp-content\/uploads\/2025\/09\/52294108717_0ef80620df_o_2025-09-07_16-50-28.webp.webp?fit=1200%2C799&ssl=1&resize=350%2C200 1x, https:\/\/i0.wp.com\/noticiasribeiraopreto.com.br\/wp-content\/uploads\/2025\/09\/52294108717_0ef80620df_o_2025-09-07_16-50-28.webp.webp?fit=1200%2C799&ssl=1&resize=525%2C300 1.5x, https:\/\/i0.wp.com\/noticiasribeiraopreto.com.br\/wp-content\/uploads\/2025\/09\/52294108717_0ef80620df_o_2025-09-07_16-50-28.webp.webp?fit=1200%2C799&ssl=1&resize=700%2C400 2x, https:\/\/i0.wp.com\/noticiasribeiraopreto.com.br\/wp-content\/uploads\/2025\/09\/52294108717_0ef80620df_o_2025-09-07_16-50-28.webp.webp?fit=1200%2C799&ssl=1&resize=1050%2C600 3x"},"classes":[]},{"id":64053,"url":"https:\/\/noticiasribeiraopreto.com.br\/index.php\/2025\/02\/28\/novos-radares-de-velocidade-entram-em-operacao-no-interior-de-sp-veja-rodovias\/","url_meta":{"origin":76640,"position":1},"title":"Novos radares de velocidade entram em opera\u00e7\u00e3o no interior de SP; Veja rodovias","author":"noticiasribeiraopreto.com.br","date":"28 de February de 2025","format":false,"excerpt":"Cinco novos radares de velocidade devem entrar em opera\u00e7\u00e3o na pr\u00f3xima ter\u00e7a-feira (4), em rodovias no interior de S\u00e3o Paulo, nos munic\u00edpios de Guatapar\u00e1, S\u00e3o Sim\u00e3o, Brodowski, Itirapu\u00e3, na regi\u00e3o de Ribeir\u00e3o Preto, e em Ita\u00ed, na regi\u00e3o de Avar\u00e9. Os trechos s\u00e3o administrados pela concession\u00e1ria Arteris ViaPaulista. Confira a\u2026","rel":"","context":"In &quot;Not\u00edcias de Ribeir\u00e3o Preto-SP e Regi\u00e3o&quot;","block_context":{"text":"Not\u00edcias de Ribeir\u00e3o Preto-SP e Regi\u00e3o","link":"https:\/\/noticiasribeiraopreto.com.br\/index.php\/category\/noticias-de-ribeirao-preto-sp-e-regiao-ismael-colosi\/"},"img":{"alt_text":"","src":"https:\/\/i0.wp.com\/noticiasribeiraopreto.com.br\/wp-content\/uploads\/2025\/02\/RADAR_2025-02-28_11-59-47_jpg_2025-02-28_11-59-47.webp.webp?fit=1200%2C760&ssl=1&resize=350%2C200","width":350,"height":200,"srcset":"https:\/\/i0.wp.com\/noticiasribeiraopreto.com.br\/wp-content\/uploads\/2025\/02\/RADAR_2025-02-28_11-59-47_jpg_2025-02-28_11-59-47.webp.webp?fit=1200%2C760&ssl=1&resize=350%2C200 1x, https:\/\/i0.wp.com\/noticiasribeiraopreto.com.br\/wp-content\/uploads\/2025\/02\/RADAR_2025-02-28_11-59-47_jpg_2025-02-28_11-59-47.webp.webp?fit=1200%2C760&ssl=1&resize=525%2C300 1.5x, https:\/\/i0.wp.com\/noticiasribeiraopreto.com.br\/wp-content\/uploads\/2025\/02\/RADAR_2025-02-28_11-59-47_jpg_2025-02-28_11-59-47.webp.webp?fit=1200%2C760&ssl=1&resize=700%2C400 2x, https:\/\/i0.wp.com\/noticiasribeiraopreto.com.br\/wp-content\/uploads\/2025\/02\/RADAR_2025-02-28_11-59-47_jpg_2025-02-28_11-59-47.webp.webp?fit=1200%2C760&ssl=1&resize=1050%2C600 3x"},"classes":[]},{"id":77703,"url":"https:\/\/noticiasribeiraopreto.com.br\/index.php\/2025\/09\/24\/adares-entram-em-operacao-na-rodovia-anhanguera-em-trecho-de-ribeirao-preto-e-cravinhos\/","url_meta":{"origin":76640,"position":2},"title":"adares entram em opera\u00e7\u00e3o na Rodovia Anhanguera em trecho de Ribeir\u00e3o Preto e Cravinhos","author":"noticiasribeiraopreto.com.br","date":"24 de September de 2025","format":false,"excerpt":"24 de setembro de 2025 12:3824 de setembro de 2025 11:097 Compartilhar0 A partir da pr\u00f3xima segunda-feira (29), dois radares fixos entrar\u00e3o em opera\u00e7\u00e3o em dois trechos da Rodovia Anhanguera (SP-330), ambos no sentido Norte da via (interior). No per\u00edmetro de Ribeir\u00e3o Preto, o radar est\u00e1 instalado no km 302+240.\u2026","rel":"","context":"In &quot;Not\u00edcias de Ribeir\u00e3o Preto-SP e Regi\u00e3o&quot;","block_context":{"text":"Not\u00edcias de Ribeir\u00e3o Preto-SP e Regi\u00e3o","link":"https:\/\/noticiasribeiraopreto.com.br\/index.php\/category\/noticias-de-ribeirao-preto-sp-e-regiao-ismael-colosi\/"},"img":{"alt_text":"","src":"https:\/\/i0.wp.com\/noticiasribeiraopreto.com.br\/wp-content\/uploads\/2025\/09\/radar-arteris.jpg?fit=800%2C600&ssl=1&resize=350%2C200","width":350,"height":200,"srcset":"https:\/\/i0.wp.com\/noticiasribeiraopreto.com.br\/wp-content\/uploads\/2025\/09\/radar-arteris.jpg?fit=800%2C600&ssl=1&resize=350%2C200 1x, https:\/\/i0.wp.com\/noticiasribeiraopreto.com.br\/wp-content\/uploads\/2025\/09\/radar-arteris.jpg?fit=800%2C600&ssl=1&resize=525%2C300 1.5x, https:\/\/i0.wp.com\/noticiasribeiraopreto.com.br\/wp-content\/uploads\/2025\/09\/radar-arteris.jpg?fit=800%2C600&ssl=1&resize=700%2C400 2x"},"classes":[]},{"id":63104,"url":"https:\/\/noticiasribeiraopreto.com.br\/index.php\/2025\/02\/03\/novos-radares-entram-em-operacao-em-tres-rodovias-do-interior-de-sp-veja-locais\/","url_meta":{"origin":76640,"position":3},"title":"Novos radares entram em opera\u00e7\u00e3o em tr\u00eas rodovias do interior de SP; Veja locais","author":"noticiasribeiraopreto.com.br","date":"3 de February de 2025","format":false,"excerpt":"Cinco novos radares entrar\u00e3o em opera\u00e7\u00e3o na quarta-feira (5), em tr\u00eas rodovias no interior de S\u00e3o Paulo \u2013 um deles entre Ribeir\u00e3o Preto e Bonfim Paulista (veja abaixo). De acordo com a Arteris ViaPaulista, o objetivo com a instala\u00e7\u00e3o dos radares \u00e9 aumentar a seguran\u00e7a vi\u00e1ria e reduzir os acidentes\u2026","rel":"","context":"In &quot;Not\u00edcias de Ribeir\u00e3o Preto-SP e Regi\u00e3o&quot;","block_context":{"text":"Not\u00edcias de Ribeir\u00e3o Preto-SP e Regi\u00e3o","link":"https:\/\/noticiasribeiraopreto.com.br\/index.php\/category\/noticias-de-ribeirao-preto-sp-e-regiao-ismael-colosi\/"},"img":{"alt_text":"","src":"https:\/\/i0.wp.com\/noticiasribeiraopreto.com.br\/wp-content\/uploads\/2025\/02\/radar-sp.jpg?fit=1163%2C692&ssl=1&resize=350%2C200","width":350,"height":200,"srcset":"https:\/\/i0.wp.com\/noticiasribeiraopreto.com.br\/wp-content\/uploads\/2025\/02\/radar-sp.jpg?fit=1163%2C692&ssl=1&resize=350%2C200 1x, https:\/\/i0.wp.com\/noticiasribeiraopreto.com.br\/wp-content\/uploads\/2025\/02\/radar-sp.jpg?fit=1163%2C692&ssl=1&resize=525%2C300 1.5x, https:\/\/i0.wp.com\/noticiasribeiraopreto.com.br\/wp-content\/uploads\/2025\/02\/radar-sp.jpg?fit=1163%2C692&ssl=1&resize=700%2C400 2x, https:\/\/i0.wp.com\/noticiasribeiraopreto.com.br\/wp-content\/uploads\/2025\/02\/radar-sp.jpg?fit=1163%2C692&ssl=1&resize=1050%2C600 3x"},"classes":[]},{"id":76637,"url":"https:\/\/noticiasribeiraopreto.com.br\/index.php\/2025\/09\/02\/radares-entram-em-operacao-na-castelo-branco\/","url_meta":{"origin":76640,"position":4},"title":"Radares entram em opera\u00e7\u00e3o na Castelo Branco","author":"noticiasribeiraopreto.com.br","date":"2 de September de 2025","format":false,"excerpt":"2 de setembro de 2025 12:592 de setembro de 2025 12:309 Compartilhar0 A partir da pr\u00f3xima segunda-feira (8), dois radares fixos j\u00e1 implantados anteriormente em car\u00e1ter educativo entrar\u00e3o em opera\u00e7\u00e3o na SPA 307\/330 \u2013 Rodovia Castelo Branco, em Ribeir\u00e3o Preto, via de acesso que faz a interliga\u00e7\u00e3o do munic\u00edpio com\u2026","rel":"","context":"In &quot;Not\u00edcias de Ribeir\u00e3o Preto-SP e Regi\u00e3o&quot;","block_context":{"text":"Not\u00edcias de Ribeir\u00e3o Preto-SP e Regi\u00e3o","link":"https:\/\/noticiasribeiraopreto.com.br\/index.php\/category\/noticias-de-ribeirao-preto-sp-e-regiao-ismael-colosi\/"},"img":{"alt_text":"","src":"https:\/\/i0.wp.com\/noticiasribeiraopreto.com.br\/wp-content\/uploads\/2025\/09\/radar-1-scaled.jpeg?fit=1200%2C540&ssl=1&resize=350%2C200","width":350,"height":200,"srcset":"https:\/\/i0.wp.com\/noticiasribeiraopreto.com.br\/wp-content\/uploads\/2025\/09\/radar-1-scaled.jpeg?fit=1200%2C540&ssl=1&resize=350%2C200 1x, https:\/\/i0.wp.com\/noticiasribeiraopreto.com.br\/wp-content\/uploads\/2025\/09\/radar-1-scaled.jpeg?fit=1200%2C540&ssl=1&resize=525%2C300 1.5x, https:\/\/i0.wp.com\/noticiasribeiraopreto.com.br\/wp-content\/uploads\/2025\/09\/radar-1-scaled.jpeg?fit=1200%2C540&ssl=1&resize=700%2C400 2x, https:\/\/i0.wp.com\/noticiasribeiraopreto.com.br\/wp-content\/uploads\/2025\/09\/radar-1-scaled.jpeg?fit=1200%2C540&ssl=1&resize=1050%2C600 3x"},"classes":[]},{"id":77926,"url":"https:\/\/noticiasribeiraopreto.com.br\/index.php\/2025\/09\/29\/radares-passam-a-operar-hoje-na-anhanguera\/","url_meta":{"origin":76640,"position":5},"title":"Radares passam a operar hoje na Anhanguera \u00a0","author":"noticiasribeiraopreto.com.br","date":"29 de September de 2025","format":false,"excerpt":"A partir da zero hora desta segunda-feira, 29 de setembro, dois novos radares fixos entraram em opera\u00e7\u00e3o em dois trechos da Rodovia Anhanguera (SP-330), ambos no sentido norte da via (capital-interior). No per\u00edmetro de Ribeir\u00e3o Preto, o aparelho est\u00e1 instalado no km 302,2. Em Cravinhos, na regi\u00e3o metropolitana, fica no\u2026","rel":"","context":"In &quot;Not\u00edcias de Ribeir\u00e3o Preto-SP e Regi\u00e3o&quot;","block_context":{"text":"Not\u00edcias de Ribeir\u00e3o Preto-SP e Regi\u00e3o","link":"https:\/\/noticiasribeiraopreto.com.br\/index.php\/category\/noticias-de-ribeirao-preto-sp-e-regiao-ismael-colosi\/"},"img":{"alt_text":"","src":"https:\/\/i0.wp.com\/noticiasribeiraopreto.com.br\/wp-content\/uploads\/2025\/09\/Radar-Divulgacao-Arteris-ViaPaulista.jpg?fit=1200%2C540&ssl=1&resize=350%2C200","width":350,"height":200,"srcset":"https:\/\/i0.wp.com\/noticiasribeiraopreto.com.br\/wp-content\/uploads\/2025\/09\/Radar-Divulgacao-Arteris-ViaPaulista.jpg?fit=1200%2C540&ssl=1&resize=350%2C200 1x, https:\/\/i0.wp.com\/noticiasribeiraopreto.com.br\/wp-content\/uploads\/2025\/09\/Radar-Divulgacao-Arteris-ViaPaulista.jpg?fit=1200%2C540&ssl=1&resize=525%2C300 1.5x, https:\/\/i0.wp.com\/noticiasribeiraopreto.com.br\/wp-content\/uploads\/2025\/09\/Radar-Divulgacao-Arteris-ViaPaulista.jpg?fit=1200%2C540&ssl=1&resize=700%2C400 2x, https:\/\/i0.wp.com\/noticiasribeiraopreto.com.br\/wp-content\/uploads\/2025\/09\/Radar-Divulgacao-Arteris-ViaPaulista.jpg?fit=1200%2C540&ssl=1&resize=1050%2C600 3x"},"classes":[]}],"jetpack_sharing_enabled":true,"jetpack_shortlink":"https:\/\/wp.me\/peQAOb-jW8","_links":{"self":[{"href":"https:\/\/noticiasribeiraopreto.com.br\/index.php\/wp-json\/wp\/v2\/posts\/76640","targetHints":{"allow":["GET"]}}],"collection":[{"href":"https:\/\/noticiasribeiraopreto.com.br\/index.php\/wp-json\/wp\/v2\/posts"}],"about":[{"href":"https:\/\/noticiasribeiraopreto.com.br\/index.php\/wp-json\/wp\/v2\/types\/post"}],"author":[{"embeddable":true,"href":"https:\/\/noticiasribeiraopreto.com.br\/index.php\/wp-json\/wp\/v2\/users\/1"}],"replies":[{"embeddable":true,"href":"https:\/\/noticiasribeiraopreto.com.br\/index.php\/wp-json\/wp\/v2\/comments?post=76640"}],"version-history":[{"count":0,"href":"https:\/\/noticiasribeiraopreto.com.br\/index.php\/wp-json\/wp\/v2\/posts\/76640\/revisions"}],"wp:featuredmedia":[{"embeddable":true,"href":"https:\/\/noticiasribeiraopreto.com.br\/index.php\/wp-json\/wp\/v2\/media\/76641"}],"wp:attachment":[{"href":"https:\/\/noticiasribeiraopreto.com.br\/index.php\/wp-json\/wp\/v2\/media?parent=76640"}],"wp:term":[{"taxonomy":"category","embeddable":true,"href":"https:\/\/noticiasribeiraopreto.com.br\/index.php\/wp-json\/wp\/v2\/categories?post=76640"},{"taxonomy":"post_tag","embeddable":true,"href":"https:\/\/noticiasribeiraopreto.com.br\/index.php\/wp-json\/wp\/v2\/tags?post=76640"}],"curies":[{"name":"wp","href":"https:\/\/api.w.org\/{rel}","templated":true}]}}