{"id":76642,"date":"2025-09-02T14:26:01","date_gmt":"2025-09-02T17:26:01","guid":{"rendered":"https:\/\/noticiasribeiraopreto.com.br\/index.php\/2025\/09\/02\/concurso-publico-em-sp-oferece-10-vagas-e-salarios-de-r-9-mil\/"},"modified":"2025-09-02T14:26:01","modified_gmt":"2025-09-02T17:26:01","slug":"concurso-publico-em-sp-oferece-10-vagas-e-salarios-de-r-9-mil","status":"publish","type":"post","link":"https:\/\/noticiasribeiraopreto.com.br\/index.php\/2025\/09\/02\/concurso-publico-em-sp-oferece-10-vagas-e-salarios-de-r-9-mil\/","title":{"rendered":"Concurso p\u00fablico em SP oferece 10 vagas e sal\u00e1rios de R$ 9 mil"},"content":{"rendered":"<div class='code-block code-block-1' style='margin: 8px 0 8px auto; text-align: right; display: block; clear: both;'>\n<p><a href=\"https:\/\/wa.link\/vpicfd\"><img data-recalc-dims=\"1\" class=\"wp-image-4922\" style=\"aspect-ratio: 2.0253164556962027; width: 561px; height: auto;\" src=\"https:\/\/i0.wp.com\/ismaelcolosi.com.br\/wp-content\/uploads\/2023\/11\/grupo-de-empregos-whatsapp-e-facebook-ismael-colosi-vagas.jpg?ssl=1\" alt=\"\" \/><\/a><\/p>\n<!-- \/wp:image -->\n<\/div>\n<p> <br \/>\n<\/p>\n<div data-td-block-uid=\"tdi_95\">\n<div class=\"tdb-block-inner td-fix-index\">\n<p>O <strong>TJ-SP (Tribunal de Justi\u00e7a de S\u00e3o Paulo)<\/strong> divulgou edital de <strong>concurso p\u00fablico<\/strong> com 10 vagas para o cargo de <strong>Contador Judici\u00e1rio<\/strong> \u2013 veja como se inscrever abaixo.<\/p>\n<p><strong>O sal\u00e1rio para a fun\u00e7\u00e3o \u00e9 de R$ 9.536<\/strong>, al\u00e9m de aux\u00edlios para <strong>alimenta\u00e7\u00e3o<\/strong>, <strong>sa\u00fade <\/strong>e <strong>transporte<\/strong>. <mark style=\"background-color:#fcb900\" class=\"has-inline-color\">Para participar, os interessados devem tem conclu\u00eddo o ensino superior em <strong>Ci\u00eancias Cont\u00e1beis<\/strong>.<\/mark><\/p>\n<h2 class=\"wp-block-heading\"><strong>Como fazer a inscri\u00e7\u00e3o?<\/strong><\/h2>\n<p>As inscri\u00e7\u00f5es devem ser realizadas de <strong>8 de setembro a 10 de outubro<\/strong>, de forma online, no site da <strong>Funda\u00e7\u00e3o Vunesp (<a href=\"https:\/\/www.vunesp.com.br\/TJSP2504\" data-type=\"link\" data-id=\"https:\/\/www.vunesp.com.br\/TJSP2504\" target=\"_blank\" rel=\"noopener\">clique aqui<\/a>)<\/strong>. O valor da taxa de inscri\u00e7\u00e3o \u00e9 <strong>R$ 96<\/strong>.<\/p>\n<p>O concurso ser\u00e1 composto por <strong>duas etapas<\/strong>: a primeira \u00e9 a prova objetiva; a segunda inclui prova de t\u00edtulos, verifica\u00e7\u00e3o da autodeclara\u00e7\u00e3o de negros e ind\u00edgenas e avalia\u00e7\u00e3o de pessoas com defici\u00eancia.<\/p>\n<p>O edital completo pode ser conferido <a href=\"https:\/\/www.vunesp.com.br\/TJSP2504\" target=\"_blank\" data-type=\"link\" data-id=\"https:\/\/www.vunesp.com.br\/TJSP2504\" rel=\"noreferrer noopener\">clicando aqui<\/a>.<\/p>\n<hr class=\"wp-block-separator has-alpha-channel-opacity\"\/>\n<p>SAIBA MAIS<\/p>\n<p>Santa Casa abre processo seletivo para resid\u00eancia m\u00e9dica<\/p>\n<h2 class=\"wp-block-heading\"><strong>FIQUE ON<\/strong><\/h2>\n<p>Fique ligado em tudo que acontece em Ribeir\u00e3o Preto e regi\u00e3o. Siga os perfis do\u00a0<strong>acidade on<\/strong>\u00a0no\u00a0<strong><a href=\"https:\/\/www.instagram.com\/acidadeonribeirao\" target=\"_blank\" rel=\"noreferrer noopener\">Instagram<\/a><\/strong>\u00a0e no\u00a0<a href=\"https:\/\/www.facebook.com\/acidadeonribeirao\/\" target=\"_blank\" rel=\"noreferrer noopener\"><strong>Facebook<\/strong><\/a>.<\/p>\n<p>Receba not\u00edcias do<strong>\u00a0acidade on<\/strong>\u00a0no WhatsApp. Para entrar no grupo,\u00a0basta\u00a0<a href=\"https:\/\/chat.whatsapp.com\/I4nieTEMKlf50pJ28aMemC?mode=ac_t\" target=\"_blank\" rel=\"noreferrer noopener\">clicar aqui<\/a>. Ou, acesse o nosso\u00a0Canal\u00a0<a href=\"https:\/\/whatsapp.com\/channel\/0029Vb6IQl1JENyAeS57fk2p\" target=\"_blank\" rel=\"noreferrer noopener\">clicando aqui<\/a>.<\/p>\n<p>Fa\u00e7a uma den\u00fancia ou sugira uma reportagem sobre Ribeir\u00e3o Preto e regi\u00e3o pelo WhatsApp: 16 99117 7802.<\/p>\n<p>VEJA TAMB\u00c9M<\/p>\n<p>Quem era Mino Carta?<\/p>\n<p><!-- AI CONTENT END 1 -->\n<\/div>\n<\/div>\n<p><script async src=\"\/\/www.instagram.com\/embed.js\"><\/script><br \/>\n<br \/><br \/>\n<br \/><a href=\"https:\/\/www.acidadeon.com\/ribeiraopreto\/economia\/concurso-publico-em-sp-oferece-10-vagas-e-salarios-de-r-9-mil\/\">Source link <\/a><\/p>\n<!-- CONTENT END 1 -->\n","protected":false},"excerpt":{"rendered":"<p>O TJ-SP (Tribunal de Justi\u00e7a de S\u00e3o Paulo) divulgou edital de concurso p\u00fablico com 10 vagas para o cargo de Contador Judici\u00e1rio \u2013 veja como&#8230;<\/p>\n","protected":false},"author":1,"featured_media":76643,"comment_status":"open","ping_status":"open","sticky":false,"template":"","format":"standard","meta":{"advanced_seo_description":"","jetpack_seo_html_title":"","jetpack_seo_noindex":false,"jetpack_post_was_ever_published":false,"_jetpack_newsletter_access":"","_jetpack_dont_email_post_to_subs":false,"_jetpack_newsletter_tier_id":0,"_jetpack_memberships_contains_paywalled_content":false,"_jetpack_memberships_contains_paid_content":false,"footnotes":"","jetpack_publicize_message":"","jetpack_publicize_feature_enabled":true,"jetpack_social_post_already_shared":true,"jetpack_social_options":{"image_generator_settings":{"template":"highway","default_image_id":0,"font":"","enabled":false},"version":2}},"categories":[11],"tags":[],"class_list":["post-76642","post","type-post","status-publish","format-standard","has-post-thumbnail","hentry","category-noticias-de-ribeirao-preto-sp-e-regiao-ismael-colosi"],"jetpack_publicize_connections":[],"jetpack_featured_media_url":"https:\/\/i0.wp.com\/noticiasribeiraopreto.com.br\/wp-content\/uploads\/2025\/09\/Copia-de-Copia-de-TAMANHO-EXATO-PARA-FOTOS-NO-SISTEMA-NOVO-22_2024-07-24_20-00-55_jpg_2024-07-24_20-00-55.webp.webp?fit=1200%2C675&ssl=1","jetpack-related-posts":[{"id":32826,"url":"https:\/\/noticiasribeiraopreto.com.br\/index.php\/2024\/01\/26\/confira-sete-concursos-publicos-em-sp-com-565-vagas-e-salarios-de-r-12-mil\/","url_meta":{"origin":76642,"position":0},"title":"Confira sete concursos p\u00fablicos em SP com 565 vagas e sal\u00e1rios de R$ 12 mil","author":"noticiasribeiraopreto.com.br","date":"26 de January de 2024","format":false,"excerpt":"Al\u00e9m do \u201cEnem dos Concursos\u201d, quem se interessa por oportunidades em concursos p\u00fablicos pode se candidatar por oportunidades em prefeituras do Estado de S\u00e3o Paulo. S\u00e3o 565 vagas dispon\u00edveis em sete editais em cidades como Ribeir\u00e3o Preto, Campinas, Piracicaba e S\u00e3o Bernardo do Campo. Veja os concursos p\u00fablicos Prefeitura de\u2026","rel":"","context":"In &quot;Not\u00edcias de Ribeir\u00e3o Preto-SP e Regi\u00e3o&quot;","block_context":{"text":"Not\u00edcias de Ribeir\u00e3o Preto-SP e Regi\u00e3o","link":"https:\/\/noticiasribeiraopreto.com.br\/index.php\/category\/noticias-de-ribeirao-preto-sp-e-regiao-ismael-colosi\/"},"img":{"alt_text":"","src":"https:\/\/i0.wp.com\/noticiasribeiraopreto.com.br\/wp-content\/uploads\/2024\/01\/concurso-publico-8.jpg?fit=1200%2C800&ssl=1&resize=350%2C200","width":350,"height":200,"srcset":"https:\/\/i0.wp.com\/noticiasribeiraopreto.com.br\/wp-content\/uploads\/2024\/01\/concurso-publico-8.jpg?fit=1200%2C800&ssl=1&resize=350%2C200 1x, https:\/\/i0.wp.com\/noticiasribeiraopreto.com.br\/wp-content\/uploads\/2024\/01\/concurso-publico-8.jpg?fit=1200%2C800&ssl=1&resize=525%2C300 1.5x, https:\/\/i0.wp.com\/noticiasribeiraopreto.com.br\/wp-content\/uploads\/2024\/01\/concurso-publico-8.jpg?fit=1200%2C800&ssl=1&resize=700%2C400 2x, https:\/\/i0.wp.com\/noticiasribeiraopreto.com.br\/wp-content\/uploads\/2024\/01\/concurso-publico-8.jpg?fit=1200%2C800&ssl=1&resize=1050%2C600 3x"},"classes":[]},{"id":61690,"url":"https:\/\/noticiasribeiraopreto.com.br\/index.php\/2024\/12\/19\/concurso-publico-tem-salarios-de-r-14-mil-e-vagas-em-sp-veja-como-participar\/","url_meta":{"origin":76642,"position":1},"title":"Concurso p\u00fablico tem sal\u00e1rios de R$ 14 mil e vagas em SP; Veja como participar","author":"noticiasribeiraopreto.com.br","date":"19 de December de 2024","format":false,"excerpt":"O Minist\u00e9rio da Previd\u00eancia Social publicou edital de concurso p\u00fablico com 250 vagas, incluindo no Estado de S\u00e3o Paulo, e sal\u00e1rios de R$ 14.166,99. As oportunidades s\u00e3o para o cargo de perito m\u00e9dico federal. As inscri\u00e7\u00f5es devem ser realizadas no per\u00edodo entre 23 de dezembro de 2024 e 9 de\u2026","rel":"","context":"In &quot;Not\u00edcias de Ribeir\u00e3o Preto-SP e Regi\u00e3o&quot;","block_context":{"text":"Not\u00edcias de Ribeir\u00e3o Preto-SP e Regi\u00e3o","link":"https:\/\/noticiasribeiraopreto.com.br\/index.php\/category\/noticias-de-ribeirao-preto-sp-e-regiao-ismael-colosi\/"},"img":{"alt_text":"","src":"https:\/\/i0.wp.com\/noticiasribeiraopreto.com.br\/wp-content\/uploads\/2024\/08\/concurso-publico-ribeirao-preto_2024-08-13_10-44-40_jpg_2024-08-13_10-44-40.webp.webp?fit=1200%2C800&ssl=1&resize=350%2C200","width":350,"height":200,"srcset":"https:\/\/i0.wp.com\/noticiasribeiraopreto.com.br\/wp-content\/uploads\/2024\/08\/concurso-publico-ribeirao-preto_2024-08-13_10-44-40_jpg_2024-08-13_10-44-40.webp.webp?fit=1200%2C800&ssl=1&resize=350%2C200 1x, https:\/\/i0.wp.com\/noticiasribeiraopreto.com.br\/wp-content\/uploads\/2024\/08\/concurso-publico-ribeirao-preto_2024-08-13_10-44-40_jpg_2024-08-13_10-44-40.webp.webp?fit=1200%2C800&ssl=1&resize=525%2C300 1.5x, https:\/\/i0.wp.com\/noticiasribeiraopreto.com.br\/wp-content\/uploads\/2024\/08\/concurso-publico-ribeirao-preto_2024-08-13_10-44-40_jpg_2024-08-13_10-44-40.webp.webp?fit=1200%2C800&ssl=1&resize=700%2C400 2x, https:\/\/i0.wp.com\/noticiasribeiraopreto.com.br\/wp-content\/uploads\/2024\/08\/concurso-publico-ribeirao-preto_2024-08-13_10-44-40_jpg_2024-08-13_10-44-40.webp.webp?fit=1200%2C800&ssl=1&resize=1050%2C600 3x"},"classes":[]},{"id":77275,"url":"https:\/\/noticiasribeiraopreto.com.br\/index.php\/2025\/09\/15\/tj-sp-abre-concurso-com-220-vagas-e-salarios-de-r-34-mil-saiba-como-se-inscrever\/","url_meta":{"origin":76642,"position":2},"title":"TJ-SP abre concurso com 220 vagas e sal\u00e1rios de R$ 34 mil; Saiba como se inscrever","author":"noticiasribeiraopreto.com.br","date":"15 de September de 2025","format":false,"excerpt":"O TJ-SP (Tribunal de Justi\u00e7a de S\u00e3o Paulo) publicou um novo edital de concurso p\u00fablico para o cargo de juiz substituto com sal\u00e1rio de R$ 34.083,14. O concurso tem como objetivo preencher 220 vagas, distribu\u00eddas da seguinte forma: 143 para ampla concorr\u00eancia; 11 para pessoas com defici\u00eancia; 55 para pessoas\u2026","rel":"","context":"In &quot;Not\u00edcias de Ribeir\u00e3o Preto-SP e Regi\u00e3o&quot;","block_context":{"text":"Not\u00edcias de Ribeir\u00e3o Preto-SP e Regi\u00e3o","link":"https:\/\/noticiasribeiraopreto.com.br\/index.php\/category\/noticias-de-ribeirao-preto-sp-e-regiao-ismael-colosi\/"},"img":{"alt_text":"","src":"https:\/\/i0.wp.com\/noticiasribeiraopreto.com.br\/wp-content\/uploads\/2025\/09\/concurso_publico_1-1024x683-1_2024-05-09_19-38-33_jpeg_2024-05-09_19-38-33.webp.webp?fit=1024%2C683&ssl=1&resize=350%2C200","width":350,"height":200,"srcset":"https:\/\/i0.wp.com\/noticiasribeiraopreto.com.br\/wp-content\/uploads\/2025\/09\/concurso_publico_1-1024x683-1_2024-05-09_19-38-33_jpeg_2024-05-09_19-38-33.webp.webp?fit=1024%2C683&ssl=1&resize=350%2C200 1x, https:\/\/i0.wp.com\/noticiasribeiraopreto.com.br\/wp-content\/uploads\/2025\/09\/concurso_publico_1-1024x683-1_2024-05-09_19-38-33_jpeg_2024-05-09_19-38-33.webp.webp?fit=1024%2C683&ssl=1&resize=525%2C300 1.5x, https:\/\/i0.wp.com\/noticiasribeiraopreto.com.br\/wp-content\/uploads\/2025\/09\/concurso_publico_1-1024x683-1_2024-05-09_19-38-33_jpeg_2024-05-09_19-38-33.webp.webp?fit=1024%2C683&ssl=1&resize=700%2C400 2x"},"classes":[]},{"id":82563,"url":"https:\/\/noticiasribeiraopreto.com.br\/index.php\/2026\/02\/19\/veja-cinco-concursos-publicos-com-mais-de-500-vagas-e-salarios-de-r-13-mil\/","url_meta":{"origin":76642,"position":3},"title":"Veja cinco concursos p\u00fablicos com mais de 500 vagas e sal\u00e1rios de R$ 13 mil","author":"noticiasribeiraopreto.com.br","date":"19 de February de 2026","format":false,"excerpt":"O Carnaval passou, ent\u00e3o agora 2026 come\u00e7a de vez. Quem est\u00e1 de olho em uma vaga em concurso p\u00fablico pode conferir cinco editais publicados com oportunidades para o estado de S\u00e3o Paulo. S\u00e3o mais de 500 vagas dispon\u00edveis com sal\u00e1rios que chegam a R$ 13 mil. Confira: Prefeitura de Pontal\u2026","rel":"","context":"In &quot;Not\u00edcias de Ribeir\u00e3o Preto-SP e Regi\u00e3o&quot;","block_context":{"text":"Not\u00edcias de Ribeir\u00e3o Preto-SP e Regi\u00e3o","link":"https:\/\/noticiasribeiraopreto.com.br\/index.php\/category\/noticias-de-ribeirao-preto-sp-e-regiao-ismael-colosi\/"},"img":{"alt_text":"","src":"https:\/\/i0.wp.com\/noticiasribeiraopreto.com.br\/wp-content\/uploads\/2025\/07\/concurso_2025-01-07_18-14-44_jpg_2025-01-07_18-14-45.webp.webp?fit=1200%2C800&ssl=1&resize=350%2C200","width":350,"height":200,"srcset":"https:\/\/i0.wp.com\/noticiasribeiraopreto.com.br\/wp-content\/uploads\/2025\/07\/concurso_2025-01-07_18-14-44_jpg_2025-01-07_18-14-45.webp.webp?fit=1200%2C800&ssl=1&resize=350%2C200 1x, https:\/\/i0.wp.com\/noticiasribeiraopreto.com.br\/wp-content\/uploads\/2025\/07\/concurso_2025-01-07_18-14-44_jpg_2025-01-07_18-14-45.webp.webp?fit=1200%2C800&ssl=1&resize=525%2C300 1.5x, https:\/\/i0.wp.com\/noticiasribeiraopreto.com.br\/wp-content\/uploads\/2025\/07\/concurso_2025-01-07_18-14-44_jpg_2025-01-07_18-14-45.webp.webp?fit=1200%2C800&ssl=1&resize=700%2C400 2x, https:\/\/i0.wp.com\/noticiasribeiraopreto.com.br\/wp-content\/uploads\/2025\/07\/concurso_2025-01-07_18-14-44_jpg_2025-01-07_18-14-45.webp.webp?fit=1200%2C800&ssl=1&resize=1050%2C600 3x"},"classes":[]},{"id":75546,"url":"https:\/\/noticiasribeiraopreto.com.br\/index.php\/2025\/08\/11\/mp-sp-abre-concurso-publico-com-salarios-de-r-13-mil-veja-como-participar\/","url_meta":{"origin":76642,"position":4},"title":"MP-SP abre concurso p\u00fablico com sal\u00e1rios de R$ 13 mil; Veja como participar","author":"noticiasribeiraopreto.com.br","date":"11 de August de 2025","format":false,"excerpt":"O MP-SP (Minist\u00e9rio P\u00fablico de S\u00e3o Paulo) publicou edital de concurso p\u00fablico com 15 vagas para o cargo de analista de promotoria, al\u00e9m de oportunidades para o cadastro de reserva. Os sal\u00e1rios para o cargo s\u00e3o de R$ 13.581,75. As inscri\u00e7\u00f5es devem ser realizadas no site da Funda\u00e7\u00e3o Vunesp (clique\u2026","rel":"","context":"In &quot;Not\u00edcias de Ribeir\u00e3o Preto-SP e Regi\u00e3o&quot;","block_context":{"text":"Not\u00edcias de Ribeir\u00e3o Preto-SP e Regi\u00e3o","link":"https:\/\/noticiasribeiraopreto.com.br\/index.php\/category\/noticias-de-ribeirao-preto-sp-e-regiao-ismael-colosi\/"},"img":{"alt_text":"","src":"https:\/\/i0.wp.com\/noticiasribeiraopreto.com.br\/wp-content\/uploads\/2025\/08\/1754926585_concurso-publico.jpg?fit=1200%2C800&ssl=1&resize=350%2C200","width":350,"height":200,"srcset":"https:\/\/i0.wp.com\/noticiasribeiraopreto.com.br\/wp-content\/uploads\/2025\/08\/1754926585_concurso-publico.jpg?fit=1200%2C800&ssl=1&resize=350%2C200 1x, https:\/\/i0.wp.com\/noticiasribeiraopreto.com.br\/wp-content\/uploads\/2025\/08\/1754926585_concurso-publico.jpg?fit=1200%2C800&ssl=1&resize=525%2C300 1.5x, https:\/\/i0.wp.com\/noticiasribeiraopreto.com.br\/wp-content\/uploads\/2025\/08\/1754926585_concurso-publico.jpg?fit=1200%2C800&ssl=1&resize=700%2C400 2x, https:\/\/i0.wp.com\/noticiasribeiraopreto.com.br\/wp-content\/uploads\/2025\/08\/1754926585_concurso-publico.jpg?fit=1200%2C800&ssl=1&resize=1050%2C600 3x"},"classes":[]},{"id":76804,"url":"https:\/\/noticiasribeiraopreto.com.br\/index.php\/2025\/09\/05\/concurso-publico-do-mp-sp-tem-13-vagas-e-salarios-de-r-18-mil-veja-como-participar\/","url_meta":{"origin":76642,"position":5},"title":"Concurso p\u00fablico do MP-SP tem 13 vagas e sal\u00e1rios de R$ 18 mil; Veja como participar","author":"noticiasribeiraopreto.com.br","date":"5 de September de 2025","format":false,"excerpt":"O MP-SP (Minist\u00e9rio P\u00fablico de S\u00e3o Paulo) est\u00e1 com as inscri\u00e7\u00f5es abertas para concurso p\u00fablico com 13 vagas para o cargo de Analista T\u00e9cnico Cient\u00edfico. Os sal\u00e1rios para o cargo s\u00e3o de R$ 18.705,85. Al\u00e9m disso, \u00e9 oferecido aux\u00edlio-alimenta\u00e7\u00e3o mensal de R$ 1.450, aux\u00edlio-sa\u00fade mensal de R$ 2.805,87 e aux\u00edlio-transporte\u2026","rel":"","context":"In &quot;Not\u00edcias de Ribeir\u00e3o Preto-SP e Regi\u00e3o&quot;","block_context":{"text":"Not\u00edcias de Ribeir\u00e3o Preto-SP e Regi\u00e3o","link":"https:\/\/noticiasribeiraopreto.com.br\/index.php\/category\/noticias-de-ribeirao-preto-sp-e-regiao-ismael-colosi\/"},"img":{"alt_text":"","src":"https:\/\/i0.wp.com\/noticiasribeiraopreto.com.br\/wp-content\/uploads\/2025\/07\/concurso-publico_2025-07-09_13-50-45.webp.webp?fit=1200%2C798&ssl=1&resize=350%2C200","width":350,"height":200,"srcset":"https:\/\/i0.wp.com\/noticiasribeiraopreto.com.br\/wp-content\/uploads\/2025\/07\/concurso-publico_2025-07-09_13-50-45.webp.webp?fit=1200%2C798&ssl=1&resize=350%2C200 1x, https:\/\/i0.wp.com\/noticiasribeiraopreto.com.br\/wp-content\/uploads\/2025\/07\/concurso-publico_2025-07-09_13-50-45.webp.webp?fit=1200%2C798&ssl=1&resize=525%2C300 1.5x, https:\/\/i0.wp.com\/noticiasribeiraopreto.com.br\/wp-content\/uploads\/2025\/07\/concurso-publico_2025-07-09_13-50-45.webp.webp?fit=1200%2C798&ssl=1&resize=700%2C400 2x, https:\/\/i0.wp.com\/noticiasribeiraopreto.com.br\/wp-content\/uploads\/2025\/07\/concurso-publico_2025-07-09_13-50-45.webp.webp?fit=1200%2C798&ssl=1&resize=1050%2C600 3x"},"classes":[]}],"jetpack_sharing_enabled":true,"jetpack_shortlink":"https:\/\/wp.me\/peQAOb-jWa","_links":{"self":[{"href":"https:\/\/noticiasribeiraopreto.com.br\/index.php\/wp-json\/wp\/v2\/posts\/76642","targetHints":{"allow":["GET"]}}],"collection":[{"href":"https:\/\/noticiasribeiraopreto.com.br\/index.php\/wp-json\/wp\/v2\/posts"}],"about":[{"href":"https:\/\/noticiasribeiraopreto.com.br\/index.php\/wp-json\/wp\/v2\/types\/post"}],"author":[{"embeddable":true,"href":"https:\/\/noticiasribeiraopreto.com.br\/index.php\/wp-json\/wp\/v2\/users\/1"}],"replies":[{"embeddable":true,"href":"https:\/\/noticiasribeiraopreto.com.br\/index.php\/wp-json\/wp\/v2\/comments?post=76642"}],"version-history":[{"count":0,"href":"https:\/\/noticiasribeiraopreto.com.br\/index.php\/wp-json\/wp\/v2\/posts\/76642\/revisions"}],"wp:featuredmedia":[{"embeddable":true,"href":"https:\/\/noticiasribeiraopreto.com.br\/index.php\/wp-json\/wp\/v2\/media\/76643"}],"wp:attachment":[{"href":"https:\/\/noticiasribeiraopreto.com.br\/index.php\/wp-json\/wp\/v2\/media?parent=76642"}],"wp:term":[{"taxonomy":"category","embeddable":true,"href":"https:\/\/noticiasribeiraopreto.com.br\/index.php\/wp-json\/wp\/v2\/categories?post=76642"},{"taxonomy":"post_tag","embeddable":true,"href":"https:\/\/noticiasribeiraopreto.com.br\/index.php\/wp-json\/wp\/v2\/tags?post=76642"}],"curies":[{"name":"wp","href":"https:\/\/api.w.org\/{rel}","templated":true}]}}