{"id":76644,"date":"2025-09-02T17:23:06","date_gmt":"2025-09-02T20:23:06","guid":{"rendered":"https:\/\/noticiasribeiraopreto.com.br\/index.php\/2025\/09\/02\/motociclista-fica-gravemente-ferido-apos-acidente-com-caminhao-em-ribeirao-preto\/"},"modified":"2025-09-02T17:23:06","modified_gmt":"2025-09-02T20:23:06","slug":"motociclista-fica-gravemente-ferido-apos-acidente-com-caminhao-em-ribeirao-preto","status":"publish","type":"post","link":"https:\/\/noticiasribeiraopreto.com.br\/index.php\/2025\/09\/02\/motociclista-fica-gravemente-ferido-apos-acidente-com-caminhao-em-ribeirao-preto\/","title":{"rendered":"Motociclista fica gravemente ferido ap\u00f3s acidente com caminh\u00e3o em Ribeir\u00e3o Preto"},"content":{"rendered":"<div class='code-block code-block-1' style='margin: 8px 0 8px auto; text-align: right; display: block; clear: both;'>\n<p><a href=\"https:\/\/wa.link\/vpicfd\"><img data-recalc-dims=\"1\" class=\"wp-image-4922\" style=\"aspect-ratio: 2.0253164556962027; width: 561px; height: auto;\" src=\"https:\/\/i0.wp.com\/ismaelcolosi.com.br\/wp-content\/uploads\/2023\/11\/grupo-de-empregos-whatsapp-e-facebook-ismael-colosi-vagas.jpg?ssl=1\" alt=\"\" \/><\/a><\/p>\n<!-- \/wp:image -->\n<\/div>\n<p> <br \/>\n<\/p>\n<div data-td-block-uid=\"tdi_95\">\n<div class=\"tdb-block-inner td-fix-index\">\n<p>Um <strong>motociclista ficou gravemente ferido ap\u00f3s ser atingido por um caminh\u00e3o<\/strong> no cruzamento da avenida 13 de Maio com a rua Batatais, em Ribeir\u00e3o Preto, <strong>na manh\u00e3 desta ter\u00e7a-feira (2)<\/strong>.<\/p>\n<p>Segundo a Guarda Civil Municipal (GCM), o <strong>condutor da motocicleta trafegava pela faixa da direita<\/strong> quando foi atingido por um <strong>caminh\u00e3o que seguia pela faixa central<\/strong> e realizou mudan\u00e7a de dire\u00e7\u00e3o. <strong>O impacto arrastou a v\u00edtima por mais de 15 metros.<\/strong><\/p>\n<p>O motociclista recebeu os primeiros socorros no local. Em seguida, ele foi encaminhado para a UPA 13 de Maio. At\u00e9 a publica\u00e7\u00e3o desta mat\u00e9ria, n\u00e3o h\u00e1 informa\u00e7\u00f5es sobre seu estado de sa\u00fade.<\/p>\n<hr class=\"wp-block-separator has-alpha-channel-opacity\"\/>\n<p>SAIBA MAIS<\/p>\n<p>Entenda por que as obras de revitaliza\u00e7\u00e3o da Catedral de Ribeir\u00e3o ainda n\u00e3o come\u00e7aram<\/p>\n<p><strong>FIQUE ON<\/strong><\/p>\n<p>Fique ligado em tudo que acontece em Ribeir\u00e3o Preto e regi\u00e3o. Siga os perfis do\u00a0<strong>acidade on<\/strong>\u00a0no<a href=\"https:\/\/www.instagram.com\/acidadeonribeirao\" target=\"_blank\" rel=\"noreferrer noopener\">\u00a0Instagram\u00a0<\/a>e no\u00a0<a href=\"https:\/\/www.facebook.com\/acidadeonribeirao\/\" target=\"_blank\" rel=\"noreferrer noopener\">Facebook<\/a>.<\/p>\n<p>Receba not\u00edcias do<strong>\u00a0acidade on<\/strong>\u00a0no WhatsApp. Para entrar no grupo,\u00a0basta\u00a0<a href=\"https:\/\/chat.whatsapp.com\/I4nieTEMKlf50pJ28aMemC?mode=ac_t\" target=\"_blank\" rel=\"noreferrer noopener\">clicar aqui<\/a>. Ou, acesse o nosso\u00a0Canal\u00a0<a href=\"https:\/\/whatsapp.com\/channel\/0029Vb6IQl1JENyAeS57fk2p\" target=\"_blank\" rel=\"noreferrer noopener\">clicando aqui<\/a>.<\/p>\n<p>Fa\u00e7a uma den\u00fancia ou sugira uma reportagem sobre Ribeir\u00e3o Preto e regi\u00e3o pelo WhatsApp: 16 99117 7802.<\/p>\n<p>VEJA TAMB\u00c9M<\/p>\n<p>O que Virginia Fonseca falou sobre poss\u00edvel romance com Vini Jr?<\/p>\n<p><!-- AI CONTENT END 1 -->\n<\/div>\n<\/div>\n<p><script async src=\"\/\/www.instagram.com\/embed.js\"><\/script><br \/>\n<br \/><br \/>\n<br \/><a href=\"https:\/\/www.acidadeon.com\/ribeiraopreto\/cotidiano\/motociclista-fica-gravemente-ferido-apos-acidente-com-caminhao-em-ribeirao-preto\/\">Source link <\/a><\/p>\n<!-- CONTENT END 1 -->\n","protected":false},"excerpt":{"rendered":"<p>Um motociclista ficou gravemente ferido ap\u00f3s ser atingido por um caminh\u00e3o no cruzamento da avenida 13 de Maio com a rua Batatais, em Ribeir\u00e3o Preto,&#8230;<\/p>\n","protected":false},"author":1,"featured_media":76645,"comment_status":"open","ping_status":"open","sticky":false,"template":"","format":"standard","meta":{"advanced_seo_description":"","jetpack_seo_html_title":"","jetpack_seo_noindex":false,"jetpack_post_was_ever_published":false,"_jetpack_newsletter_access":"","_jetpack_dont_email_post_to_subs":false,"_jetpack_newsletter_tier_id":0,"_jetpack_memberships_contains_paywalled_content":false,"_jetpack_memberships_contains_paid_content":false,"footnotes":"","jetpack_publicize_message":"","jetpack_publicize_feature_enabled":true,"jetpack_social_post_already_shared":true,"jetpack_social_options":{"image_generator_settings":{"template":"highway","default_image_id":0,"font":"","enabled":false},"version":2}},"categories":[11],"tags":[],"class_list":["post-76644","post","type-post","status-publish","format-standard","has-post-thumbnail","hentry","category-noticias-de-ribeirao-preto-sp-e-regiao-ismael-colosi"],"jetpack_publicize_connections":[],"jetpack_featured_media_url":"https:\/\/i0.wp.com\/noticiasribeiraopreto.com.br\/wp-content\/uploads\/2025\/09\/Copia-de-Copia-de-Copia-de-TAMANHO-EXATO-PARA-FOTOS-NO-SISTEMA-NOVO-2025-09-02T165947.619_2025-09-02_19-59-58.webp.webp?fit=1200%2C675&ssl=1","jetpack-related-posts":[{"id":62682,"url":"https:\/\/noticiasribeiraopreto.com.br\/index.php\/2025\/01\/21\/moto-pega-fogo-apos-acidente-com-caminhao-veja-video\/","url_meta":{"origin":76644,"position":0},"title":"Moto pega fogo ap\u00f3s acidente com caminh\u00e3o; Veja v\u00eddeo","author":"noticiasribeiraopreto.com.br","date":"21 de January de 2025","format":false,"excerpt":"Um motociclista ficou gravemente ferido ap\u00f3s se envolver em um acidente com um caminh\u00e3o na manh\u00e3 desta ter\u00e7a-feira (21), em Barretos, cidade a cerca de 12 quil\u00f4metros de Ribeir\u00e3o Preto. A moto chegou a pegar fogo com o impacto da colis\u00e3o \u2013 veja o v\u00eddeo abaixo. O acidente aconteceu no\u2026","rel":"","context":"In &quot;Not\u00edcias de Ribeir\u00e3o Preto-SP e Regi\u00e3o&quot;","block_context":{"text":"Not\u00edcias de Ribeir\u00e3o Preto-SP e Regi\u00e3o","link":"https:\/\/noticiasribeiraopreto.com.br\/index.php\/category\/noticias-de-ribeirao-preto-sp-e-regiao-ismael-colosi\/"},"img":{"alt_text":"","src":"https:\/\/i0.wp.com\/noticiasribeiraopreto.com.br\/wp-content\/uploads\/2025\/01\/Copia-de-Copia-de-Copia-de-TAMANHO-EXATO-PARA-FOTOS-NO-SISTEMA-NOVO-2025-01-21T181747.211_2025-01-21_21-17-52_png_2025-01-21_21-17-53.webp.webp?fit=1200%2C675&ssl=1&resize=350%2C200","width":350,"height":200,"srcset":"https:\/\/i0.wp.com\/noticiasribeiraopreto.com.br\/wp-content\/uploads\/2025\/01\/Copia-de-Copia-de-Copia-de-TAMANHO-EXATO-PARA-FOTOS-NO-SISTEMA-NOVO-2025-01-21T181747.211_2025-01-21_21-17-52_png_2025-01-21_21-17-53.webp.webp?fit=1200%2C675&ssl=1&resize=350%2C200 1x, https:\/\/i0.wp.com\/noticiasribeiraopreto.com.br\/wp-content\/uploads\/2025\/01\/Copia-de-Copia-de-Copia-de-TAMANHO-EXATO-PARA-FOTOS-NO-SISTEMA-NOVO-2025-01-21T181747.211_2025-01-21_21-17-52_png_2025-01-21_21-17-53.webp.webp?fit=1200%2C675&ssl=1&resize=525%2C300 1.5x, https:\/\/i0.wp.com\/noticiasribeiraopreto.com.br\/wp-content\/uploads\/2025\/01\/Copia-de-Copia-de-Copia-de-TAMANHO-EXATO-PARA-FOTOS-NO-SISTEMA-NOVO-2025-01-21T181747.211_2025-01-21_21-17-52_png_2025-01-21_21-17-53.webp.webp?fit=1200%2C675&ssl=1&resize=700%2C400 2x, https:\/\/i0.wp.com\/noticiasribeiraopreto.com.br\/wp-content\/uploads\/2025\/01\/Copia-de-Copia-de-Copia-de-TAMANHO-EXATO-PARA-FOTOS-NO-SISTEMA-NOVO-2025-01-21T181747.211_2025-01-21_21-17-52_png_2025-01-21_21-17-53.webp.webp?fit=1200%2C675&ssl=1&resize=1050%2C600 3x"},"classes":[]},{"id":64815,"url":"https:\/\/noticiasribeiraopreto.com.br\/index.php\/2025\/03\/12\/portao-cai-de-caminhao-em-movimento-e-atinge-motociclista-no-interior-de-sp\/","url_meta":{"origin":76644,"position":1},"title":"Port\u00e3o cai de caminh\u00e3o em movimento e atinge motociclista no interior de SP","author":"noticiasribeiraopreto.com.br","date":"12 de March de 2025","format":false,"excerpt":"Na manh\u00e3 desta quarta-feira (12), um motociclista de 24 anos ficou gravemente ferido ap\u00f3s ser atingido por um port\u00e3o basculante que estava sendo transportado por um caminh\u00e3o, em Bebedouro, no interior de S\u00e3o Paulo. Segundo informa\u00e7\u00f5es da Pol\u00edcia Civil, o acidente ocorreu quando a guarda do caminh\u00e3o, localizada ao lado\u2026","rel":"","context":"In &quot;Not\u00edcias de Ribeir\u00e3o Preto-SP e Regi\u00e3o&quot;","block_context":{"text":"Not\u00edcias de Ribeir\u00e3o Preto-SP e Regi\u00e3o","link":"https:\/\/noticiasribeiraopreto.com.br\/index.php\/category\/noticias-de-ribeirao-preto-sp-e-regiao-ismael-colosi\/"},"img":{"alt_text":"","src":"https:\/\/i0.wp.com\/noticiasribeiraopreto.com.br\/wp-content\/uploads\/2025\/03\/Copia-de-Copia-de-Copia-de-TAMANHO-EXATO-PARA-FOTOS-NO-SISTEMA-NOVO-2025-03-12T163121.335_2025-03-12_19-31-48_png_2025-03-12_19-31-48.webp.webp?fit=1200%2C675&ssl=1&resize=350%2C200","width":350,"height":200,"srcset":"https:\/\/i0.wp.com\/noticiasribeiraopreto.com.br\/wp-content\/uploads\/2025\/03\/Copia-de-Copia-de-Copia-de-TAMANHO-EXATO-PARA-FOTOS-NO-SISTEMA-NOVO-2025-03-12T163121.335_2025-03-12_19-31-48_png_2025-03-12_19-31-48.webp.webp?fit=1200%2C675&ssl=1&resize=350%2C200 1x, https:\/\/i0.wp.com\/noticiasribeiraopreto.com.br\/wp-content\/uploads\/2025\/03\/Copia-de-Copia-de-Copia-de-TAMANHO-EXATO-PARA-FOTOS-NO-SISTEMA-NOVO-2025-03-12T163121.335_2025-03-12_19-31-48_png_2025-03-12_19-31-48.webp.webp?fit=1200%2C675&ssl=1&resize=525%2C300 1.5x, https:\/\/i0.wp.com\/noticiasribeiraopreto.com.br\/wp-content\/uploads\/2025\/03\/Copia-de-Copia-de-Copia-de-TAMANHO-EXATO-PARA-FOTOS-NO-SISTEMA-NOVO-2025-03-12T163121.335_2025-03-12_19-31-48_png_2025-03-12_19-31-48.webp.webp?fit=1200%2C675&ssl=1&resize=700%2C400 2x, https:\/\/i0.wp.com\/noticiasribeiraopreto.com.br\/wp-content\/uploads\/2025\/03\/Copia-de-Copia-de-Copia-de-TAMANHO-EXATO-PARA-FOTOS-NO-SISTEMA-NOVO-2025-03-12T163121.335_2025-03-12_19-31-48_png_2025-03-12_19-31-48.webp.webp?fit=1200%2C675&ssl=1&resize=1050%2C600 3x"},"classes":[]},{"id":79191,"url":"https:\/\/noticiasribeiraopreto.com.br\/index.php\/2025\/10\/27\/video-motociclista-fica-gravemente-ferido-apos-ser-atingido-por-carro\/","url_meta":{"origin":76644,"position":2},"title":"V\u00cdDEO &#8211; Motociclista fica gravemente ferido ap\u00f3s ser atingido por carro","author":"noticiasribeiraopreto.com.br","date":"27 de October de 2025","format":false,"excerpt":"Acidente ocorreu na zona Leste e Pol\u00edcia Civil investiga para ver se a colis\u00e3o entre carro e moto foi proposital 27 de outubro de 2025 07:5027 de outubro de 2025 07:506 Compartilhar0 Por: Adalberto Luque Um motociclista ficou gravemente ferido, na manh\u00e3 de s\u00e1bado, 25 de outubro, ap\u00f3s um acidente\u2026","rel":"","context":"In &quot;Not\u00edcias de Ribeir\u00e3o Preto-SP e Regi\u00e3o&quot;","block_context":{"text":"Not\u00edcias de Ribeir\u00e3o Preto-SP e Regi\u00e3o","link":"https:\/\/noticiasribeiraopreto.com.br\/index.php\/category\/noticias-de-ribeirao-preto-sp-e-regiao-ismael-colosi\/"},"img":{"alt_text":"","src":"https:\/\/i0.wp.com\/noticiasribeiraopreto.com.br\/wp-content\/uploads\/2025\/10\/27-out-2025-fechadaribeirania1-scaled.jpg?fit=1200%2C672&ssl=1&resize=350%2C200","width":350,"height":200,"srcset":"https:\/\/i0.wp.com\/noticiasribeiraopreto.com.br\/wp-content\/uploads\/2025\/10\/27-out-2025-fechadaribeirania1-scaled.jpg?fit=1200%2C672&ssl=1&resize=350%2C200 1x, https:\/\/i0.wp.com\/noticiasribeiraopreto.com.br\/wp-content\/uploads\/2025\/10\/27-out-2025-fechadaribeirania1-scaled.jpg?fit=1200%2C672&ssl=1&resize=525%2C300 1.5x, https:\/\/i0.wp.com\/noticiasribeiraopreto.com.br\/wp-content\/uploads\/2025\/10\/27-out-2025-fechadaribeirania1-scaled.jpg?fit=1200%2C672&ssl=1&resize=700%2C400 2x, https:\/\/i0.wp.com\/noticiasribeiraopreto.com.br\/wp-content\/uploads\/2025\/10\/27-out-2025-fechadaribeirania1-scaled.jpg?fit=1200%2C672&ssl=1&resize=1050%2C600 3x"},"classes":[]},{"id":73088,"url":"https:\/\/noticiasribeiraopreto.com.br\/index.php\/2025\/06\/25\/video-motociclista-fica-ferido-apos-acidente-com-caminhao-na-zona-norte\/","url_meta":{"origin":76644,"position":3},"title":"V\u00cdDEO &#8211; Motociclista fica ferido ap\u00f3s acidente com caminh\u00e3o na zona Norte","author":"noticiasribeiraopreto.com.br","date":"25 de June de 2025","format":false,"excerpt":"V\u00edtima foi parar debaixo do ve\u00edculo ap\u00f3s esbarrar em carro; c\u00e2mera registrou o momento da queda 25 de junho de 2025 12:3825 de junho de 2025 12:418 Compartilhar2 Por: Adalberto Luque Um motociclista sofreu ferimentos ao se envolver em um acidente, na manh\u00e3 desta quarta-feira (25), na avenida Presidente Costa\u2026","rel":"","context":"In &quot;Not\u00edcias de Ribeir\u00e3o Preto-SP e Regi\u00e3o&quot;","block_context":{"text":"Not\u00edcias de Ribeir\u00e3o Preto-SP e Regi\u00e3o","link":"https:\/\/noticiasribeiraopreto.com.br\/index.php\/category\/noticias-de-ribeirao-preto-sp-e-regiao-ismael-colosi\/"},"img":{"alt_text":"","src":"https:\/\/i0.wp.com\/noticiasribeiraopreto.com.br\/wp-content\/uploads\/2025\/06\/25-jun-2025-acidentemotoqueiro-scaled.jpg?fit=800%2C488&ssl=1&resize=350%2C200","width":350,"height":200,"srcset":"https:\/\/i0.wp.com\/noticiasribeiraopreto.com.br\/wp-content\/uploads\/2025\/06\/25-jun-2025-acidentemotoqueiro-scaled.jpg?fit=800%2C488&ssl=1&resize=350%2C200 1x, https:\/\/i0.wp.com\/noticiasribeiraopreto.com.br\/wp-content\/uploads\/2025\/06\/25-jun-2025-acidentemotoqueiro-scaled.jpg?fit=800%2C488&ssl=1&resize=525%2C300 1.5x, https:\/\/i0.wp.com\/noticiasribeiraopreto.com.br\/wp-content\/uploads\/2025\/06\/25-jun-2025-acidentemotoqueiro-scaled.jpg?fit=800%2C488&ssl=1&resize=700%2C400 2x"},"classes":[]},{"id":73098,"url":"https:\/\/noticiasribeiraopreto.com.br\/index.php\/2025\/06\/25\/motociclista-quase-e-atropelado-por-caminhao-apos-bater-em-carro-em-ribeirao-video\/","url_meta":{"origin":76644,"position":4},"title":"Motociclista quase \u00e9 atropelado por caminh\u00e3o ap\u00f3s bater em carro em Ribeir\u00e3o; V\u00eddeo","author":"noticiasribeiraopreto.com.br","date":"25 de June de 2025","format":false,"excerpt":"Um motociclista e o garupa ficaram feridos na manh\u00e3 desta quarta-feira (25) ap\u00f3s se envolverem em um acidente na avenida Marechal Costa e Silva, no bairro Campos El\u00edsios, zona Norte de Ribeir\u00e3o Preto. Uma c\u00e2mera de seguran\u00e7a registrou o momento em que o motociclista quase foi atropelado por um caminh\u00e3o\u2026","rel":"","context":"In &quot;Not\u00edcias de Ribeir\u00e3o Preto-SP e Regi\u00e3o&quot;","block_context":{"text":"Not\u00edcias de Ribeir\u00e3o Preto-SP e Regi\u00e3o","link":"https:\/\/noticiasribeiraopreto.com.br\/index.php\/category\/noticias-de-ribeirao-preto-sp-e-regiao-ismael-colosi\/"},"img":{"alt_text":"","src":"https:\/\/i0.wp.com\/noticiasribeiraopreto.com.br\/wp-content\/uploads\/2025\/06\/Copia-de-Copia-de-Copia-de-TAMANHO-EXATO-PARA-FOTOS-NO-SISTEMA-NOVO-2025-06-25T121741.939_2025-06-25_15-17-47.webp.webp?fit=1200%2C675&ssl=1&resize=350%2C200","width":350,"height":200,"srcset":"https:\/\/i0.wp.com\/noticiasribeiraopreto.com.br\/wp-content\/uploads\/2025\/06\/Copia-de-Copia-de-Copia-de-TAMANHO-EXATO-PARA-FOTOS-NO-SISTEMA-NOVO-2025-06-25T121741.939_2025-06-25_15-17-47.webp.webp?fit=1200%2C675&ssl=1&resize=350%2C200 1x, https:\/\/i0.wp.com\/noticiasribeiraopreto.com.br\/wp-content\/uploads\/2025\/06\/Copia-de-Copia-de-Copia-de-TAMANHO-EXATO-PARA-FOTOS-NO-SISTEMA-NOVO-2025-06-25T121741.939_2025-06-25_15-17-47.webp.webp?fit=1200%2C675&ssl=1&resize=525%2C300 1.5x, https:\/\/i0.wp.com\/noticiasribeiraopreto.com.br\/wp-content\/uploads\/2025\/06\/Copia-de-Copia-de-Copia-de-TAMANHO-EXATO-PARA-FOTOS-NO-SISTEMA-NOVO-2025-06-25T121741.939_2025-06-25_15-17-47.webp.webp?fit=1200%2C675&ssl=1&resize=700%2C400 2x, https:\/\/i0.wp.com\/noticiasribeiraopreto.com.br\/wp-content\/uploads\/2025\/06\/Copia-de-Copia-de-Copia-de-TAMANHO-EXATO-PARA-FOTOS-NO-SISTEMA-NOVO-2025-06-25T121741.939_2025-06-25_15-17-47.webp.webp?fit=1200%2C675&ssl=1&resize=1050%2C600 3x"},"classes":[]},{"id":54607,"url":"https:\/\/noticiasribeiraopreto.com.br\/index.php\/2024\/07\/13\/morre-motociclista-socorrido-apos-batida-com-caminhao-guincho-em-ribeirao-preto\/","url_meta":{"origin":76644,"position":5},"title":"Morre motociclista socorrido ap\u00f3s batida com caminh\u00e3o guincho em Ribeir\u00e3o Preto","author":"noticiasribeiraopreto.com.br","date":"13 de July de 2024","format":false,"excerpt":"O motociclista que ficou gravemente ferido na tarde deste s\u00e1bado (13), em Ribeir\u00e3o Preto, depois de se envolver em uma batida de moto com um caminh\u00e3o guincho, n\u00e3o resistiu e morreu. A fam\u00edlia confirmou o falecimento de Jos\u00e9 F\u00e1bio Batista Freire, de 36 anos. A colis\u00e3o ocorreu no cruzamento das\u2026","rel":"","context":"In &quot;Not\u00edcias de Ribeir\u00e3o Preto-SP e Regi\u00e3o&quot;","block_context":{"text":"Not\u00edcias de Ribeir\u00e3o Preto-SP e Regi\u00e3o","link":"https:\/\/noticiasribeiraopreto.com.br\/index.php\/category\/noticias-de-ribeirao-preto-sp-e-regiao-ismael-colosi\/"},"img":{"alt_text":"","src":"https:\/\/i0.wp.com\/noticiasribeiraopreto.com.br\/wp-content\/uploads\/2024\/07\/WhatsApp-Image-2024-07-13-at-18.16.17_2024-07-13_21-20-17_jpeg_2024-07-13_21-20-17.webp.webp?fit=1200%2C675&ssl=1&resize=350%2C200","width":350,"height":200,"srcset":"https:\/\/i0.wp.com\/noticiasribeiraopreto.com.br\/wp-content\/uploads\/2024\/07\/WhatsApp-Image-2024-07-13-at-18.16.17_2024-07-13_21-20-17_jpeg_2024-07-13_21-20-17.webp.webp?fit=1200%2C675&ssl=1&resize=350%2C200 1x, https:\/\/i0.wp.com\/noticiasribeiraopreto.com.br\/wp-content\/uploads\/2024\/07\/WhatsApp-Image-2024-07-13-at-18.16.17_2024-07-13_21-20-17_jpeg_2024-07-13_21-20-17.webp.webp?fit=1200%2C675&ssl=1&resize=525%2C300 1.5x, https:\/\/i0.wp.com\/noticiasribeiraopreto.com.br\/wp-content\/uploads\/2024\/07\/WhatsApp-Image-2024-07-13-at-18.16.17_2024-07-13_21-20-17_jpeg_2024-07-13_21-20-17.webp.webp?fit=1200%2C675&ssl=1&resize=700%2C400 2x, https:\/\/i0.wp.com\/noticiasribeiraopreto.com.br\/wp-content\/uploads\/2024\/07\/WhatsApp-Image-2024-07-13-at-18.16.17_2024-07-13_21-20-17_jpeg_2024-07-13_21-20-17.webp.webp?fit=1200%2C675&ssl=1&resize=1050%2C600 3x"},"classes":[]}],"jetpack_sharing_enabled":true,"jetpack_shortlink":"https:\/\/wp.me\/peQAOb-jWc","_links":{"self":[{"href":"https:\/\/noticiasribeiraopreto.com.br\/index.php\/wp-json\/wp\/v2\/posts\/76644","targetHints":{"allow":["GET"]}}],"collection":[{"href":"https:\/\/noticiasribeiraopreto.com.br\/index.php\/wp-json\/wp\/v2\/posts"}],"about":[{"href":"https:\/\/noticiasribeiraopreto.com.br\/index.php\/wp-json\/wp\/v2\/types\/post"}],"author":[{"embeddable":true,"href":"https:\/\/noticiasribeiraopreto.com.br\/index.php\/wp-json\/wp\/v2\/users\/1"}],"replies":[{"embeddable":true,"href":"https:\/\/noticiasribeiraopreto.com.br\/index.php\/wp-json\/wp\/v2\/comments?post=76644"}],"version-history":[{"count":0,"href":"https:\/\/noticiasribeiraopreto.com.br\/index.php\/wp-json\/wp\/v2\/posts\/76644\/revisions"}],"wp:featuredmedia":[{"embeddable":true,"href":"https:\/\/noticiasribeiraopreto.com.br\/index.php\/wp-json\/wp\/v2\/media\/76645"}],"wp:attachment":[{"href":"https:\/\/noticiasribeiraopreto.com.br\/index.php\/wp-json\/wp\/v2\/media?parent=76644"}],"wp:term":[{"taxonomy":"category","embeddable":true,"href":"https:\/\/noticiasribeiraopreto.com.br\/index.php\/wp-json\/wp\/v2\/categories?post=76644"},{"taxonomy":"post_tag","embeddable":true,"href":"https:\/\/noticiasribeiraopreto.com.br\/index.php\/wp-json\/wp\/v2\/tags?post=76644"}],"curies":[{"name":"wp","href":"https:\/\/api.w.org\/{rel}","templated":true}]}}