{"id":76646,"date":"2025-09-02T17:30:11","date_gmt":"2025-09-02T20:30:11","guid":{"rendered":"https:\/\/noticiasribeiraopreto.com.br\/index.php\/2025\/09\/02\/prefeitura-de-ribeirao-tambem-teve-contrato-com-fintech-investigada-em-megaoperacao\/"},"modified":"2025-09-02T17:30:11","modified_gmt":"2025-09-02T20:30:11","slug":"prefeitura-de-ribeirao-tambem-teve-contrato-com-fintech-investigada-em-megaoperacao","status":"publish","type":"post","link":"https:\/\/noticiasribeiraopreto.com.br\/index.php\/2025\/09\/02\/prefeitura-de-ribeirao-tambem-teve-contrato-com-fintech-investigada-em-megaoperacao\/","title":{"rendered":"Prefeitura de Ribeir\u00e3o tamb\u00e9m teve contrato com fintech investigada em megaopera\u00e7\u00e3o"},"content":{"rendered":"<div class='code-block code-block-1' style='margin: 8px 0 8px auto; text-align: right; display: block; clear: both;'>\n<p><a href=\"https:\/\/wa.link\/vpicfd\"><img data-recalc-dims=\"1\" class=\"wp-image-4922\" style=\"aspect-ratio: 2.0253164556962027; width: 561px; height: auto;\" src=\"https:\/\/i0.wp.com\/ismaelcolosi.com.br\/wp-content\/uploads\/2023\/11\/grupo-de-empregos-whatsapp-e-facebook-ismael-colosi-vagas.jpg?ssl=1\" alt=\"\" \/><\/a><\/p>\n<!-- \/wp:image -->\n<\/div>\n<p> <br \/>\n<\/p>\n<div>\n<p>A <strong>Prefeitura de Ribeir\u00e3o Preto<\/strong> assinou, em <strong>novembro de 2023<\/strong>, um contrato no valor de <strong>R$ 3,1 milh\u00f5es<\/strong> com a <strong>BK Institui\u00e7\u00e3o de Pagamento Ltda<\/strong>, fintech investigada pelo <strong>Minist\u00e9rio P\u00fablico de S\u00e3o Paulo (MP-SP)<\/strong>, pela <strong>Receita Federal<\/strong> e pela <strong>Pol\u00edcia Federal<\/strong> por supostas liga\u00e7\u00f5es com o <strong>PCC<\/strong>.<\/p>\n<p>O acordo previa a <strong>gest\u00e3o e o fornecimento de cart\u00f5es eletr\u00f4nicos do benef\u00edcio \u201cvale fralda\u201d<\/strong>, destinado a atender <strong>decis\u00f5es judiciais para pacientes com necessidades especiais<\/strong>.<\/p>\n<p>O <strong>valor de R$ 3 milh\u00f5es mencionado em reportagens anteriores se refere exatamente a este contrato<\/strong>. Vale ressaltar que a Prefeitura de Ribeir\u00e3o Preto <strong>n\u00e3o \u00e9 alvo da investiga\u00e7\u00e3o<\/strong>. <\/p>\n<h3 class=\"wp-block-heading\"><strong>Como funcionava o contrato?<\/strong><\/h3>\n<p>O documento, registrado sob o n\u00famero <strong>323\/2023<\/strong>, estabelecia que a BK seria respons\u00e1vel por <strong>administrar, implantar e gerenciar cart\u00f5es eletr\u00f4nicos<\/strong> que permitiriam aos benefici\u00e1rios retirar fraldas geri\u00e1tricas e infantis em <strong>estabelecimentos credenciados<\/strong>. <mark style=\"background-color:#fcb900\" class=\"has-inline-color\">N\u00e3o se tratava da compra direta de fraldas pela prefeitura<\/mark>, mas da <strong>gest\u00e3o de cr\u00e9ditos concedidos aos usu\u00e1rios<\/strong>, segundo a administra\u00e7\u00e3o.<\/p>\n<p>O contrato teve valor estimado em <strong>R$ 3.586.680,00<\/strong>, com desconto de <strong>taxa de administra\u00e7\u00e3o negativa de 11,10%<\/strong>, o que reduziu o montante para <strong>R$ 3.188.558,52<\/strong>, conforme o processo de contrata\u00e7\u00e3o. A vig\u00eancia era de <strong>12 meses<\/strong>, a partir da emiss\u00e3o da ordem de servi\u00e7o, com possibilidade de prorroga\u00e7\u00e3o.<\/p>\n<h4 class=\"wp-block-heading\"><strong>O que diz a Prefeitura<\/strong>?<\/h4>\n<p>Por meio de nota, a administra\u00e7\u00e3o municipal informou ao <em><strong>acidade on<\/strong><\/em> que a <strong>BK Institui\u00e7\u00e3o de Pagamento<\/strong> pediu, em <strong>fevereiro de 2025<\/strong>, um <strong>reequil\u00edbrio financeiro<\/strong> para alterar a taxa de manuten\u00e7\u00e3o prevista no contrato. A <strong>Secretaria Municipal da Sa\u00fade<\/strong> recusou o pedido e decidiu <strong>n\u00e3o renovar o acordo<\/strong>, encerrando a rela\u00e7\u00e3o com a empresa.<\/p>\n<p>A Prefeitura destacou que <strong>n\u00e3o comprou fraldas diretamente<\/strong>, mas contratou a empresa para <strong>gerenciar cr\u00e9ditos concedidos a benefici\u00e1rios por determina\u00e7\u00e3o judicial<\/strong>, permitindo a retirada dos produtos em estabelecimentos credenciados.<\/p>\n<h4 class=\"wp-block-heading\"><strong>RP Mobi tamb\u00e9m rompeu contrato com a BK<\/strong><\/h4>\n<p>Al\u00e9m da Secretaria da Sa\u00fade, a <strong>RP Mobi<\/strong> tamb\u00e9m anunciou recentemente o <strong>descredenciamento da BK<\/strong>. A decis\u00e3o foi publicada no <strong>Di\u00e1rio Oficial<\/strong> e comunicada ontem (1\u00ba), conforme mat\u00e9ria anterior.<\/p>\n<p>Segundo a pasta, a medida ser\u00e1 feita <strong>sem pagamento de indeniza\u00e7\u00e3o<\/strong>. <\/p>\n<figure class=\"wp-block-image size-full\"><img data-recalc-dims=\"1\" fetchpriority=\"high\" decoding=\"async\" width=\"947\" height=\"248\" src=\"https:\/\/i0.wp.com\/cdn.media-acidadeon.com.br\/ribeiraopreto\/wp-content\/uploads\/sites\/3\/2025\/09\/te_2025-09-02_18-15-05.webp?resize=947%2C248&#038;ssl=1\" alt=\"te 2025 09 02 18 15 05\" class=\"wp-image-127823\" title=\"Prefeitura de Ribeir\u00e3o tamb\u00e9m teve contrato com fintech investigada em megaopera\u00e7\u00e3o 1\" srcset=\"https:\/\/cdn.media-acidadeon.com.br\/ribeiraopreto\/wp-content\/uploads\/sites\/3\/2025\/09\/te_2025-09-02_18-15-05.webp 947w, https:\/\/cdn.media-acidadeon.com.br\/ribeiraopreto\/wp-content\/uploads\/sites\/3\/2025\/09\/te_2025-09-02_18-15-05-300x79.webp 300w, https:\/\/cdn.media-acidadeon.com.br\/ribeiraopreto\/wp-content\/uploads\/sites\/3\/2025\/09\/te_2025-09-02_18-15-05-768x201.webp 768w, https:\/\/cdn.media-acidadeon.com.br\/ribeiraopreto\/wp-content\/uploads\/sites\/3\/2025\/09\/te_2025-09-02_18-15-05-696x182.webp 696w\" sizes=\"(max-width: 947px) 100vw, 947px\"\/><\/figure>\n<p>O\u00a0<strong>BK Bank<\/strong>, investigado pelo Minist\u00e9rio P\u00fablico de S\u00e3o Paulo (MP-SP), pela Receita Federal e pela Pol\u00edcia Federal por supostas liga\u00e7\u00f5es com o\u00a0<strong>PCC<\/strong>, mantinha um contrato de servi\u00e7os de pagamento, como o fornecimento de m\u00e1quinas de cart\u00e3o, com a<strong>\u00a0RP Mobi<\/strong>. <\/p>\n<p>O acordo de credenciamento com a RP Mobi foi firmado em\u00a0<strong>mar\u00e7o de 2023<\/strong>\u00a0e prorrogado em 2024 (a empresa ganhava sobre a taxa das maquininhas). A RP Mobi\u00a0<strong>n\u00e3o \u00e9 investigada<\/strong>\u00a0nem \u00e9 alvo da megaopera\u00e7\u00e3o que atingiu a fintech na semana passada.<\/p>\n<hr class=\"wp-block-separator has-alpha-channel-opacity\"\/>\n<p>SAIBA MAIS<\/p>\n<p>Entenda por que as obras de revitaliza\u00e7\u00e3o da Catedral de Ribeir\u00e3o ainda n\u00e3o come\u00e7aram<\/p>\n<p><strong>FIQUE ON<\/strong><\/p>\n<p>Fique ligado em tudo que acontece em Ribeir\u00e3o Preto e regi\u00e3o. Siga os perfis do\u00a0<strong>acidade on<\/strong>\u00a0no<a href=\"https:\/\/www.instagram.com\/acidadeonribeirao\" target=\"_blank\" rel=\"noreferrer noopener\">\u00a0Instagram\u00a0<\/a>e no\u00a0<a href=\"https:\/\/www.facebook.com\/acidadeonribeirao\/\" target=\"_blank\" rel=\"noreferrer noopener\">Facebook<\/a>.<\/p>\n<p>Receba not\u00edcias do<strong>\u00a0acidade on<\/strong>\u00a0no WhatsApp. Para entrar no grupo,\u00a0basta\u00a0<a href=\"https:\/\/chat.whatsapp.com\/I4nieTEMKlf50pJ28aMemC?mode=ac_t\" target=\"_blank\" rel=\"noreferrer noopener\">clicar aqui<\/a>. Ou, acesse o nosso\u00a0Canal\u00a0<a href=\"https:\/\/whatsapp.com\/channel\/0029Vb6IQl1JENyAeS57fk2p\" target=\"_blank\" rel=\"noreferrer noopener\">clicando aqui<\/a>.<\/p>\n<p>Fa\u00e7a uma den\u00fancia ou sugira uma reportagem sobre Ribeir\u00e3o Preto e regi\u00e3o pelo WhatsApp: 16 99117 7802.<\/p>\n<p>VEJA TAMB\u00c9M<\/p>\n<p>O que Virginia Fonseca falou sobre poss\u00edvel romance com Vini Jr?<\/p>\n<p><!-- AI CONTENT END 1 -->\n<\/div>\n<p><script async src=\"\/\/www.instagram.com\/embed.js\"><\/script><br \/>\n<br \/><br \/>\n<br \/><a href=\"https:\/\/www.acidadeon.com\/ribeiraopreto\/politica\/prefeitura-de-ribeirao-tambem-teve-contrato-com-fintech-investigada-em-megaoperacao\/\">Source link <\/a><\/p>\n<!-- CONTENT END 1 -->\n","protected":false},"excerpt":{"rendered":"<p>A Prefeitura de Ribeir\u00e3o Preto assinou, em novembro de 2023, um contrato no valor de R$ 3,1 milh\u00f5es com a BK Institui\u00e7\u00e3o de Pagamento Ltda,&#8230;<\/p>\n","protected":false},"author":1,"featured_media":76584,"comment_status":"open","ping_status":"open","sticky":false,"template":"","format":"standard","meta":{"advanced_seo_description":"","jetpack_seo_html_title":"","jetpack_seo_noindex":false,"jetpack_post_was_ever_published":false,"_jetpack_newsletter_access":"","_jetpack_dont_email_post_to_subs":false,"_jetpack_newsletter_tier_id":0,"_jetpack_memberships_contains_paywalled_content":false,"_jetpack_memberships_contains_paid_content":false,"footnotes":"","jetpack_publicize_message":"","jetpack_publicize_feature_enabled":true,"jetpack_social_post_already_shared":true,"jetpack_social_options":{"image_generator_settings":{"template":"highway","default_image_id":0,"font":"","enabled":false},"version":2}},"categories":[11],"tags":[],"class_list":["post-76646","post","type-post","status-publish","format-standard","has-post-thumbnail","hentry","category-noticias-de-ribeirao-preto-sp-e-regiao-ismael-colosi"],"jetpack_publicize_connections":[],"jetpack_featured_media_url":"https:\/\/i0.wp.com\/noticiasribeiraopreto.com.br\/wp-content\/uploads\/2025\/09\/Copia-de-Copia-de-Copia-de-TAMANHO-EXATO-PARA-FOTOS-NO-SISTEMA-NOVO-2025-08-29T104247.907_2025-08-29_13-43-08.webp.webp?fit=1200%2C675&ssl=1","jetpack-related-posts":[{"id":76600,"url":"https:\/\/noticiasribeiraopreto.com.br\/index.php\/2025\/09\/01\/rp-mobi-quebra-contrato-com-empresa-apos-investigacoes-sobre-ligacoes-com-o-pcc\/","url_meta":{"origin":76646,"position":0},"title":"RP Mobi quebra contrato com empresa ap\u00f3s investiga\u00e7\u00f5es sobre liga\u00e7\u00f5es com o PCC","author":"noticiasribeiraopreto.com.br","date":"1 de September de 2025","format":false,"excerpt":"A RP Mobi anunciou o descredenciamento da fintech BK Bank. A decis\u00e3o foi publicada no Di\u00e1rio Oficial desta segunda-feira (1\u00ba) e ocorrer\u00e1 sem direito a indeniza\u00e7\u00e3o. A medida foi assinada pelo Diretor Superintendente da pasta, Marcelo Santos Galli. Contrato de servi\u00e7o O BK Bank, investigado pelo Minist\u00e9rio P\u00fablico de S\u00e3o\u2026","rel":"","context":"In &quot;Not\u00edcias de Ribeir\u00e3o Preto-SP e Regi\u00e3o&quot;","block_context":{"text":"Not\u00edcias de Ribeir\u00e3o Preto-SP e Regi\u00e3o","link":"https:\/\/noticiasribeiraopreto.com.br\/index.php\/category\/noticias-de-ribeirao-preto-sp-e-regiao-ismael-colosi\/"},"img":{"alt_text":"","src":"https:\/\/i0.wp.com\/noticiasribeiraopreto.com.br\/wp-content\/uploads\/2025\/08\/WhatsApp-Image-2025-08-28-at-10.13.52_2025-08-28_15-26-35.webp.webp?fit=1200%2C900&ssl=1&resize=350%2C200","width":350,"height":200,"srcset":"https:\/\/i0.wp.com\/noticiasribeiraopreto.com.br\/wp-content\/uploads\/2025\/08\/WhatsApp-Image-2025-08-28-at-10.13.52_2025-08-28_15-26-35.webp.webp?fit=1200%2C900&ssl=1&resize=350%2C200 1x, https:\/\/i0.wp.com\/noticiasribeiraopreto.com.br\/wp-content\/uploads\/2025\/08\/WhatsApp-Image-2025-08-28-at-10.13.52_2025-08-28_15-26-35.webp.webp?fit=1200%2C900&ssl=1&resize=525%2C300 1.5x, https:\/\/i0.wp.com\/noticiasribeiraopreto.com.br\/wp-content\/uploads\/2025\/08\/WhatsApp-Image-2025-08-28-at-10.13.52_2025-08-28_15-26-35.webp.webp?fit=1200%2C900&ssl=1&resize=700%2C400 2x, https:\/\/i0.wp.com\/noticiasribeiraopreto.com.br\/wp-content\/uploads\/2025\/08\/WhatsApp-Image-2025-08-28-at-10.13.52_2025-08-28_15-26-35.webp.webp?fit=1200%2C900&ssl=1&resize=1050%2C600 3x"},"classes":[]},{"id":76583,"url":"https:\/\/noticiasribeiraopreto.com.br\/index.php\/2025\/09\/01\/fintech-alvo-de-megaoperacao-mantem-contrato-com-a-rp-mobi\/","url_meta":{"origin":76646,"position":1},"title":"Fintech alvo de megaopera\u00e7\u00e3o mant\u00e9m contrato com a RP Mobi","author":"noticiasribeiraopreto.com.br","date":"1 de September de 2025","format":false,"excerpt":"O BK Bank, fintech investigada pelo MP-SP, pela Receita Federal e pela Pol\u00edcia Federal por liga\u00e7\u00f5es com o PCC, mant\u00e9m um contrato de servi\u00e7os de pagamento com a RP Mobi, empresa respons\u00e1vel pelo gerenciamento do tr\u00e2nsito em Ribeir\u00e3o Preto. A fintech foi um dos alvos da megaopera\u00e7\u00e3o realizada na semana\u2026","rel":"","context":"In &quot;Not\u00edcias de Ribeir\u00e3o Preto-SP e Regi\u00e3o&quot;","block_context":{"text":"Not\u00edcias de Ribeir\u00e3o Preto-SP e Regi\u00e3o","link":"https:\/\/noticiasribeiraopreto.com.br\/index.php\/category\/noticias-de-ribeirao-preto-sp-e-regiao-ismael-colosi\/"},"img":{"alt_text":"","src":"https:\/\/i0.wp.com\/noticiasribeiraopreto.com.br\/wp-content\/uploads\/2025\/09\/Copia-de-Copia-de-Copia-de-TAMANHO-EXATO-PARA-FOTOS-NO-SISTEMA-NOVO-2025-08-29T104247.907_2025-08-29_13-43-08.webp.webp?fit=1200%2C675&ssl=1&resize=350%2C200","width":350,"height":200,"srcset":"https:\/\/i0.wp.com\/noticiasribeiraopreto.com.br\/wp-content\/uploads\/2025\/09\/Copia-de-Copia-de-Copia-de-TAMANHO-EXATO-PARA-FOTOS-NO-SISTEMA-NOVO-2025-08-29T104247.907_2025-08-29_13-43-08.webp.webp?fit=1200%2C675&ssl=1&resize=350%2C200 1x, https:\/\/i0.wp.com\/noticiasribeiraopreto.com.br\/wp-content\/uploads\/2025\/09\/Copia-de-Copia-de-Copia-de-TAMANHO-EXATO-PARA-FOTOS-NO-SISTEMA-NOVO-2025-08-29T104247.907_2025-08-29_13-43-08.webp.webp?fit=1200%2C675&ssl=1&resize=525%2C300 1.5x, https:\/\/i0.wp.com\/noticiasribeiraopreto.com.br\/wp-content\/uploads\/2025\/09\/Copia-de-Copia-de-Copia-de-TAMANHO-EXATO-PARA-FOTOS-NO-SISTEMA-NOVO-2025-08-29T104247.907_2025-08-29_13-43-08.webp.webp?fit=1200%2C675&ssl=1&resize=700%2C400 2x, https:\/\/i0.wp.com\/noticiasribeiraopreto.com.br\/wp-content\/uploads\/2025\/09\/Copia-de-Copia-de-Copia-de-TAMANHO-EXATO-PARA-FOTOS-NO-SISTEMA-NOVO-2025-08-29T104247.907_2025-08-29_13-43-08.webp.webp?fit=1200%2C675&ssl=1&resize=1050%2C600 3x"},"classes":[]},{"id":76615,"url":"https:\/\/noticiasribeiraopreto.com.br\/index.php\/2025\/09\/02\/rp-mobi-rompe-contrato-com-fintech-suspeita\/","url_meta":{"origin":76646,"position":2},"title":"RP Mobi rompe contrato com fintech suspeita","author":"noticiasribeiraopreto.com.br","date":"2 de September de 2025","format":false,"excerpt":"2 de setembro de 2025 08:400 Compartilhar0 \u00a0De acordo com o Portal de Transpar\u00eancia da prefeitura de Ribeir\u00e3o Preto, entre dezembro de 2023 e fevereiro de 2025, a BK Bank recebeu do munic\u00edpio R$ 3.036.481,15\u00a0\u00a0A RP Mobi \u2013 Empresa de Mobilidade Urbana de Ribeir\u00e3o Preto S.A, a antiga Transerp, respons\u00e1vel\u2026","rel":"","context":"In &quot;Not\u00edcias de Ribeir\u00e3o Preto-SP e Regi\u00e3o&quot;","block_context":{"text":"Not\u00edcias de Ribeir\u00e3o Preto-SP e Regi\u00e3o","link":"https:\/\/noticiasribeiraopreto.com.br\/index.php\/category\/noticias-de-ribeirao-preto-sp-e-regiao-ismael-colosi\/"},"img":{"alt_text":"","src":"https:\/\/i0.wp.com\/noticiasribeiraopreto.com.br\/wp-content\/uploads\/2025\/09\/Transerp-Alfredo-Risk-Arquivo-scaled.jpg?fit=1170%2C780&ssl=1&resize=350%2C200","width":350,"height":200,"srcset":"https:\/\/i0.wp.com\/noticiasribeiraopreto.com.br\/wp-content\/uploads\/2025\/09\/Transerp-Alfredo-Risk-Arquivo-scaled.jpg?fit=1170%2C780&ssl=1&resize=350%2C200 1x, https:\/\/i0.wp.com\/noticiasribeiraopreto.com.br\/wp-content\/uploads\/2025\/09\/Transerp-Alfredo-Risk-Arquivo-scaled.jpg?fit=1170%2C780&ssl=1&resize=525%2C300 1.5x, https:\/\/i0.wp.com\/noticiasribeiraopreto.com.br\/wp-content\/uploads\/2025\/09\/Transerp-Alfredo-Risk-Arquivo-scaled.jpg?fit=1170%2C780&ssl=1&resize=700%2C400 2x, https:\/\/i0.wp.com\/noticiasribeiraopreto.com.br\/wp-content\/uploads\/2025\/09\/Transerp-Alfredo-Risk-Arquivo-scaled.jpg?fit=1170%2C780&ssl=1&resize=1050%2C600 3x"},"classes":[]},{"id":32894,"url":"https:\/\/noticiasribeiraopreto.com.br\/index.php\/2024\/01\/26\/repasses-da-prefeitura-de-ribeirao-para-o-prourbano-saltam-de-r-4-milhoes-para-r-86-milhoes\/","url_meta":{"origin":76646,"position":3},"title":"Repasses da Prefeitura de Ribeir\u00e3o para o Pr\u00f3Urbano saltam de R$ 4 milh\u00f5es para R$ 86 milh\u00f5es","author":"noticiasribeiraopreto.com.br","date":"26 de January de 2024","format":false,"excerpt":"Desde 2020, a Prefeitura de Ribeir\u00e3o Preto aumentou em 21 vezes o valor do repasse para o cons\u00f3rcio Pr\u00f3Urbano, respons\u00e1vel pelo transporte coletivo na cidade. O montante saltou de R$ 4.231.954,70, em 2020, para R$ 86.114.328,59, em 2023. Os n\u00fameros s\u00e3o do Portal da Transpar\u00eancia, que apontam que em 2024,\u2026","rel":"","context":"In &quot;Not\u00edcias de Ribeir\u00e3o Preto-SP e Regi\u00e3o&quot;","block_context":{"text":"Not\u00edcias de Ribeir\u00e3o Preto-SP e Regi\u00e3o","link":"https:\/\/noticiasribeiraopreto.com.br\/index.php\/category\/noticias-de-ribeirao-preto-sp-e-regiao-ismael-colosi\/"},"img":{"alt_text":"","src":"https:\/\/i0.wp.com\/noticiasribeiraopreto.com.br\/wp-content\/uploads\/2024\/01\/1706307643_onibus-ribeirao-preto.jpg?fit=1200%2C675&ssl=1&resize=350%2C200","width":350,"height":200,"srcset":"https:\/\/i0.wp.com\/noticiasribeiraopreto.com.br\/wp-content\/uploads\/2024\/01\/1706307643_onibus-ribeirao-preto.jpg?fit=1200%2C675&ssl=1&resize=350%2C200 1x, https:\/\/i0.wp.com\/noticiasribeiraopreto.com.br\/wp-content\/uploads\/2024\/01\/1706307643_onibus-ribeirao-preto.jpg?fit=1200%2C675&ssl=1&resize=525%2C300 1.5x, https:\/\/i0.wp.com\/noticiasribeiraopreto.com.br\/wp-content\/uploads\/2024\/01\/1706307643_onibus-ribeirao-preto.jpg?fit=1200%2C675&ssl=1&resize=700%2C400 2x, https:\/\/i0.wp.com\/noticiasribeiraopreto.com.br\/wp-content\/uploads\/2024\/01\/1706307643_onibus-ribeirao-preto.jpg?fit=1200%2C675&ssl=1&resize=1050%2C600 3x"},"classes":[]},{"id":28000,"url":"https:\/\/noticiasribeiraopreto.com.br\/index.php\/2024\/01\/14\/passagem-do-onibus-custa-r-845-em-ribeirao-preto-entenda\/","url_meta":{"origin":76646,"position":4},"title":"Passagem do \u00f4nibus custa R$ 8,45 em Ribeir\u00e3o Preto? Entenda","author":"noticiasribeiraopreto.com.br","date":"14 de January de 2024","format":false,"excerpt":"A tarifa do transporte coletivo de Ribeir\u00e3o Preto vai passar para R$ 8,45 a partir de 1\u00ba de fevereiro. Contudo, o valor cobrado do usu\u00e1rio comum que embarcar nos \u00f4nibus da cidade continuar\u00e1 a ser de R$ 5, pelo terceiro ano consecutivo. Os outros R$ 3,45, por passageiro, ser\u00e3o pagos\u2026","rel":"","context":"In &quot;Not\u00edcias de Ribeir\u00e3o Preto-SP e Regi\u00e3o&quot;","block_context":{"text":"Not\u00edcias de Ribeir\u00e3o Preto-SP e Regi\u00e3o","link":"https:\/\/noticiasribeiraopreto.com.br\/index.php\/category\/noticias-de-ribeirao-preto-sp-e-regiao-ismael-colosi\/"},"img":{"alt_text":"","src":"https:\/\/i0.wp.com\/noticiasribeiraopreto.com.br\/wp-content\/uploads\/2024\/01\/novos-onibus-ribeirao-preto.jpg?fit=1200%2C800&ssl=1&resize=350%2C200","width":350,"height":200,"srcset":"https:\/\/i0.wp.com\/noticiasribeiraopreto.com.br\/wp-content\/uploads\/2024\/01\/novos-onibus-ribeirao-preto.jpg?fit=1200%2C800&ssl=1&resize=350%2C200 1x, https:\/\/i0.wp.com\/noticiasribeiraopreto.com.br\/wp-content\/uploads\/2024\/01\/novos-onibus-ribeirao-preto.jpg?fit=1200%2C800&ssl=1&resize=525%2C300 1.5x, https:\/\/i0.wp.com\/noticiasribeiraopreto.com.br\/wp-content\/uploads\/2024\/01\/novos-onibus-ribeirao-preto.jpg?fit=1200%2C800&ssl=1&resize=700%2C400 2x, https:\/\/i0.wp.com\/noticiasribeiraopreto.com.br\/wp-content\/uploads\/2024\/01\/novos-onibus-ribeirao-preto.jpg?fit=1200%2C800&ssl=1&resize=1050%2C600 3x"},"classes":[]},{"id":68791,"url":"https:\/\/noticiasribeiraopreto.com.br\/index.php\/2025\/04\/29\/publicada-advertencia-a-consorcio\/","url_meta":{"origin":76646,"position":5},"title":"Publicada advert\u00eancia a cons\u00f3rcio \u00a0","author":"noticiasribeiraopreto.com.br","date":"29 de April de 2025","format":false,"excerpt":"29 de abril de 2025 08:3028 de abril de 2025 19:541 Compartilhar0 A prefeitura de Ribeir\u00e3o Preto publicou, no Di\u00e1rio Oficial do Munic\u00edpio (DOM), advert\u00eancia para o consorcio Conecta RP. A empresa, respons\u00e1vel pela manuten\u00e7\u00e3o e moderniza\u00e7\u00e3o do parque de ilumina\u00e7\u00e3o p\u00fablica por meio de uma parceria p\u00fablico-privada (PPP) tem\u2026","rel":"","context":"In &quot;Not\u00edcias de Ribeir\u00e3o Preto-SP e Regi\u00e3o&quot;","block_context":{"text":"Not\u00edcias de Ribeir\u00e3o Preto-SP e Regi\u00e3o","link":"https:\/\/noticiasribeiraopreto.com.br\/index.php\/category\/noticias-de-ribeirao-preto-sp-e-regiao-ismael-colosi\/"},"img":{"alt_text":"","src":"https:\/\/i0.wp.com\/noticiasribeiraopreto.com.br\/wp-content\/uploads\/2025\/04\/Iluminacao-Alfredo-Risk-Arquivo-scaled.jpg?fit=750%2C500&ssl=1&resize=350%2C200","width":350,"height":200,"srcset":"https:\/\/i0.wp.com\/noticiasribeiraopreto.com.br\/wp-content\/uploads\/2025\/04\/Iluminacao-Alfredo-Risk-Arquivo-scaled.jpg?fit=750%2C500&ssl=1&resize=350%2C200 1x, https:\/\/i0.wp.com\/noticiasribeiraopreto.com.br\/wp-content\/uploads\/2025\/04\/Iluminacao-Alfredo-Risk-Arquivo-scaled.jpg?fit=750%2C500&ssl=1&resize=525%2C300 1.5x, https:\/\/i0.wp.com\/noticiasribeiraopreto.com.br\/wp-content\/uploads\/2025\/04\/Iluminacao-Alfredo-Risk-Arquivo-scaled.jpg?fit=750%2C500&ssl=1&resize=700%2C400 2x"},"classes":[]}],"jetpack_sharing_enabled":true,"jetpack_shortlink":"https:\/\/wp.me\/peQAOb-jWe","_links":{"self":[{"href":"https:\/\/noticiasribeiraopreto.com.br\/index.php\/wp-json\/wp\/v2\/posts\/76646","targetHints":{"allow":["GET"]}}],"collection":[{"href":"https:\/\/noticiasribeiraopreto.com.br\/index.php\/wp-json\/wp\/v2\/posts"}],"about":[{"href":"https:\/\/noticiasribeiraopreto.com.br\/index.php\/wp-json\/wp\/v2\/types\/post"}],"author":[{"embeddable":true,"href":"https:\/\/noticiasribeiraopreto.com.br\/index.php\/wp-json\/wp\/v2\/users\/1"}],"replies":[{"embeddable":true,"href":"https:\/\/noticiasribeiraopreto.com.br\/index.php\/wp-json\/wp\/v2\/comments?post=76646"}],"version-history":[{"count":0,"href":"https:\/\/noticiasribeiraopreto.com.br\/index.php\/wp-json\/wp\/v2\/posts\/76646\/revisions"}],"wp:featuredmedia":[{"embeddable":true,"href":"https:\/\/noticiasribeiraopreto.com.br\/index.php\/wp-json\/wp\/v2\/media\/76584"}],"wp:attachment":[{"href":"https:\/\/noticiasribeiraopreto.com.br\/index.php\/wp-json\/wp\/v2\/media?parent=76646"}],"wp:term":[{"taxonomy":"category","embeddable":true,"href":"https:\/\/noticiasribeiraopreto.com.br\/index.php\/wp-json\/wp\/v2\/categories?post=76646"},{"taxonomy":"post_tag","embeddable":true,"href":"https:\/\/noticiasribeiraopreto.com.br\/index.php\/wp-json\/wp\/v2\/tags?post=76646"}],"curies":[{"name":"wp","href":"https:\/\/api.w.org\/{rel}","templated":true}]}}