{"id":76647,"date":"2025-09-02T17:39:36","date_gmt":"2025-09-02T20:39:36","guid":{"rendered":"https:\/\/noticiasribeiraopreto.com.br\/index.php\/2025\/09\/02\/casacor-ribeirao-apresenta-5-tendencias-que-traduzem-o-morar-contemporaneo\/"},"modified":"2025-09-02T17:39:36","modified_gmt":"2025-09-02T20:39:36","slug":"casacor-ribeirao-apresenta-5-tendencias-que-traduzem-o-morar-contemporaneo","status":"publish","type":"post","link":"https:\/\/noticiasribeiraopreto.com.br\/index.php\/2025\/09\/02\/casacor-ribeirao-apresenta-5-tendencias-que-traduzem-o-morar-contemporaneo\/","title":{"rendered":"Casacor Ribeir\u00e3o apresenta 5 tend\u00eancias que traduzem o &#8216;morar contempor\u00e2neo&#8217;"},"content":{"rendered":"<div class='code-block code-block-1' style='margin: 8px 0 8px auto; text-align: right; display: block; clear: both;'>\n<p><a href=\"https:\/\/wa.link\/vpicfd\"><img data-recalc-dims=\"1\" class=\"wp-image-4922\" style=\"aspect-ratio: 2.0253164556962027; width: 561px; height: auto;\" src=\"https:\/\/i0.wp.com\/ismaelcolosi.com.br\/wp-content\/uploads\/2023\/11\/grupo-de-empregos-whatsapp-e-facebook-ismael-colosi-vagas.jpg?ssl=1\" alt=\"\" \/><\/a><\/p>\n<!-- \/wp:image -->\n<\/div>\n<p> <br \/>\n<\/p>\n<div>\n<p>A <strong>7\u00aa edi\u00e7\u00e3o da Casacor Ribeir\u00e3o Preto<\/strong> j\u00e1 come\u00e7ou e segue aberta ao p\u00fablico at\u00e9 o <strong>dia 12 de outubro<\/strong>, apresentando 36 ambientes assinados por grandes especialistas.<\/p>\n<p>Neste ano, o evento re\u00fane 45 profissionais, entre <strong>arquitetos<\/strong>, <strong>designers de interiores <\/strong>e <strong>paisagistas<\/strong>, para cria\u00e7\u00e3o dos ambientes.<\/p>\n<p>Os espa\u00e7os est\u00e3o distribu\u00eddos em <strong>dois im\u00f3veis integrados no bairro Alto da Boa Vista<\/strong>, promovendo uma imers\u00e3o criativa para os visitantes com o tema \u201c<strong>Semear Sonhos<\/strong>\u201d.<\/p>\n<p>Os ingressos est\u00e3o dispon\u00edveis e podem ser adquiridos de<strong> forma on-line (<a href=\"https:\/\/casacor.abril.com.br\/pt-BR\/mostras\/ribeirao-preto-2025\" target=\"_blank\" data-type=\"link\" data-id=\"https:\/\/casacor.abril.com.br\/pt-BR\/mostras\/ribeirao-preto-2025\" rel=\"noreferrer noopener\">clique aqui<\/a>)<\/strong>.<\/p>\n<h2 class=\"wp-block-heading\"><strong>Caminhos do \u2018morar contempor\u00e2neo\u2019<\/strong><\/h2>\n<p>De acordo com a organiza\u00e7\u00e3o, os projetos traduzem solu\u00e7\u00f5es que v\u00eam se fortalecendo no setor e revelam caminhos do \u201c<strong>morar contempor\u00e2neo<\/strong>\u201d em 5 tend\u00eancias. Confira:<\/p>\n<h3 class=\"wp-block-heading\"><strong>Materiais naturais e sustent\u00e1veis<\/strong><\/h3>\n<ol class=\"wp-block-list\"\/>\n<p>A sustentabilidade deixou de ser apenas um diferencial e tornou-se um elemento central nos projetos de interiores e arquitetura. Na mostra, \u00e9 poss\u00edvel observar o uso de materiais como pedras naturais, palha, bambu e madeira em estado bruto, que refor\u00e7am a busca por ambientes de baixo impacto ambiental e est\u00e9tica mais org\u00e2nica.<\/p>\n<p>Na Cozinha do Chef, assinada por Eloisa Mondi e Rose Ara\u00fajo, a inspira\u00e7\u00e3o vem da Amaz\u00f4nia: os acabamentos em madeira e fibras remetem \u00e0 cultura brasileira e \u00e0 valoriza\u00e7\u00e3o do regional.<\/p>\n<p>J\u00e1 o Espa\u00e7o \u00c1gua, de M\u00f4nica Costa, prop\u00f5e um olhar para a permeabilidade do solo por meio do uso de piso drenante, enquanto a vegeta\u00e7\u00e3o exerce papel de reguladora natural do microclima, aproximando arquitetura e natureza de forma pr\u00e1tica e sensorial.<\/p>\n<figure class=\"wp-block-gallery has-nested-images columns-default is-cropped wp-block-gallery-1 is-layout-flex wp-block-gallery-is-layout-flex\">\n<figure class=\"wp-block-image size-large\"><img data-recalc-dims=\"1\" fetchpriority=\"high\" decoding=\"async\" width=\"1024\" height=\"576\" data-id=\"127810\" src=\"https:\/\/i0.wp.com\/cdn.media-acidadeon.com.br\/ribeiraopreto\/wp-content\/uploads\/sites\/3\/2025\/09\/Copia-de-Copia-de-Copia-de-TAMANHO-EXATO-PARA-FOTOS-NO-SISTEMA-NOVO-2025-09-02T144425.579_2025-09-02_17-44-32-1024x576.webp?resize=1024%2C576&#038;ssl=1\" alt=\"Cozinha Chef - Foto: Felipe Cuine.\" class=\"wp-image-127810\" title=\"Casacor Ribeir\u00e3o apresenta 5 tend\u00eancias que traduzem o 'morar contempor\u00e2neo' 1\" srcset=\"https:\/\/cdn.media-acidadeon.com.br\/ribeiraopreto\/wp-content\/uploads\/sites\/3\/2025\/09\/Copia-de-Copia-de-Copia-de-TAMANHO-EXATO-PARA-FOTOS-NO-SISTEMA-NOVO-2025-09-02T144425.579_2025-09-02_17-44-32-1024x576.webp 1024w, https:\/\/cdn.media-acidadeon.com.br\/ribeiraopreto\/wp-content\/uploads\/sites\/3\/2025\/09\/Copia-de-Copia-de-Copia-de-TAMANHO-EXATO-PARA-FOTOS-NO-SISTEMA-NOVO-2025-09-02T144425.579_2025-09-02_17-44-32-300x169.webp 300w, https:\/\/cdn.media-acidadeon.com.br\/ribeiraopreto\/wp-content\/uploads\/sites\/3\/2025\/09\/Copia-de-Copia-de-Copia-de-TAMANHO-EXATO-PARA-FOTOS-NO-SISTEMA-NOVO-2025-09-02T144425.579_2025-09-02_17-44-32-768x432.webp 768w, https:\/\/cdn.media-acidadeon.com.br\/ribeiraopreto\/wp-content\/uploads\/sites\/3\/2025\/09\/Copia-de-Copia-de-Copia-de-TAMANHO-EXATO-PARA-FOTOS-NO-SISTEMA-NOVO-2025-09-02T144425.579_2025-09-02_17-44-32-696x392.webp 696w, https:\/\/cdn.media-acidadeon.com.br\/ribeiraopreto\/wp-content\/uploads\/sites\/3\/2025\/09\/Copia-de-Copia-de-Copia-de-TAMANHO-EXATO-PARA-FOTOS-NO-SISTEMA-NOVO-2025-09-02T144425.579_2025-09-02_17-44-32-1068x601.webp 1068w, https:\/\/cdn.media-acidadeon.com.br\/ribeiraopreto\/wp-content\/uploads\/sites\/3\/2025\/09\/Copia-de-Copia-de-Copia-de-TAMANHO-EXATO-PARA-FOTOS-NO-SISTEMA-NOVO-2025-09-02T144425.579_2025-09-02_17-44-32.webp 1200w\" sizes=\"(max-width: 1024px) 100vw, 1024px\"\/><figcaption class=\"wp-element-caption\">Cozinha Chef \u2013 Foto: Felipe Cuine.<\/figcaption><\/figure>\n<figure class=\"wp-block-image size-large\"><img data-recalc-dims=\"1\" loading=\"lazy\" decoding=\"async\" width=\"1024\" height=\"576\" data-id=\"127811\" src=\"https:\/\/i0.wp.com\/cdn.media-acidadeon.com.br\/ribeiraopreto\/wp-content\/uploads\/sites\/3\/2025\/09\/Copia-de-Copia-de-Copia-de-TAMANHO-EXATO-PARA-FOTOS-NO-SISTEMA-NOVO-2025-09-02T144411.835_2025-09-02_17-44-34-1024x576.webp?resize=1024%2C576&#038;ssl=1\" alt=\"Copia de Copia de Copia de TAMANHO EXATO PARA FOTOS NO SISTEMA NOVO 2025 09 02T144411.835 2025 09 02 17 44 34\" class=\"wp-image-127811\" title=\"Casacor Ribeir\u00e3o apresenta 5 tend\u00eancias que traduzem o 'morar contempor\u00e2neo' 2\" srcset=\"https:\/\/cdn.media-acidadeon.com.br\/ribeiraopreto\/wp-content\/uploads\/sites\/3\/2025\/09\/Copia-de-Copia-de-Copia-de-TAMANHO-EXATO-PARA-FOTOS-NO-SISTEMA-NOVO-2025-09-02T144411.835_2025-09-02_17-44-34-1024x576.webp 1024w, https:\/\/cdn.media-acidadeon.com.br\/ribeiraopreto\/wp-content\/uploads\/sites\/3\/2025\/09\/Copia-de-Copia-de-Copia-de-TAMANHO-EXATO-PARA-FOTOS-NO-SISTEMA-NOVO-2025-09-02T144411.835_2025-09-02_17-44-34-300x169.webp 300w, https:\/\/cdn.media-acidadeon.com.br\/ribeiraopreto\/wp-content\/uploads\/sites\/3\/2025\/09\/Copia-de-Copia-de-Copia-de-TAMANHO-EXATO-PARA-FOTOS-NO-SISTEMA-NOVO-2025-09-02T144411.835_2025-09-02_17-44-34-768x432.webp 768w, https:\/\/cdn.media-acidadeon.com.br\/ribeiraopreto\/wp-content\/uploads\/sites\/3\/2025\/09\/Copia-de-Copia-de-Copia-de-TAMANHO-EXATO-PARA-FOTOS-NO-SISTEMA-NOVO-2025-09-02T144411.835_2025-09-02_17-44-34-696x392.webp 696w, https:\/\/cdn.media-acidadeon.com.br\/ribeiraopreto\/wp-content\/uploads\/sites\/3\/2025\/09\/Copia-de-Copia-de-Copia-de-TAMANHO-EXATO-PARA-FOTOS-NO-SISTEMA-NOVO-2025-09-02T144411.835_2025-09-02_17-44-34-1068x601.webp 1068w, https:\/\/cdn.media-acidadeon.com.br\/ribeiraopreto\/wp-content\/uploads\/sites\/3\/2025\/09\/Copia-de-Copia-de-Copia-de-TAMANHO-EXATO-PARA-FOTOS-NO-SISTEMA-NOVO-2025-09-02T144411.835_2025-09-02_17-44-34.webp 1200w\" sizes=\"auto, (max-width: 1024px) 100vw, 1024px\"\/><figcaption class=\"wp-element-caption\">Espa\u00e7o \u00c1gua \u2013 Foto: Keniche Santos.<\/figcaption><\/figure>\n<\/figure>\n<h3 class=\"wp-block-heading\"><strong>Formas curvas e org\u00e2nicas<\/strong><\/h3>\n<ol class=\"wp-block-list\"\/>\n<p>A est\u00e9tica das linhas retas d\u00e1 espa\u00e7o a projetos que exploram a fluidez das formas curvas. Essa tend\u00eancia, al\u00e9m de est\u00e9tica, resgata uma sensa\u00e7\u00e3o de acolhimento e movimento nos ambientes.<\/p>\n<p>O Banheiro Ressonare, de Andresa Tostes e Fabio Grile, traduz esse conceito em elementos que remetem a ondas sonoras, conectando arquitetura e experi\u00eancia sensorial.<\/p>\n<p>J\u00e1 o Living Raiz e Asa, de Camila Duarte, Caroline Sousa, Claudia Souza e Vitor Cunha, mistura tra\u00e7os curvos com linhas geom\u00e9tricas, equilibrando tradi\u00e7\u00e3o e modernidade em um mesmo espa\u00e7o.<\/p>\n<figure class=\"wp-block-gallery has-nested-images columns-default is-cropped wp-block-gallery-2 is-layout-flex wp-block-gallery-is-layout-flex\">\n<figure class=\"wp-block-image size-large\"><img data-recalc-dims=\"1\" loading=\"lazy\" decoding=\"async\" width=\"1024\" height=\"576\" data-id=\"127812\" src=\"https:\/\/i0.wp.com\/cdn.media-acidadeon.com.br\/ribeiraopreto\/wp-content\/uploads\/sites\/3\/2025\/09\/Copia-de-Copia-de-Copia-de-TAMANHO-EXATO-PARA-FOTOS-NO-SISTEMA-NOVO-2025-09-02T144715.704_2025-09-02_17-47-32-1024x576.webp?resize=1024%2C576&#038;ssl=1\" alt=\"Copia de Copia de Copia de TAMANHO EXATO PARA FOTOS NO SISTEMA NOVO 2025 09 02T144715.704 2025 09 02 17 47 32\" class=\"wp-image-127812\" title=\"Casacor Ribeir\u00e3o apresenta 5 tend\u00eancias que traduzem o 'morar contempor\u00e2neo' 3\" srcset=\"https:\/\/cdn.media-acidadeon.com.br\/ribeiraopreto\/wp-content\/uploads\/sites\/3\/2025\/09\/Copia-de-Copia-de-Copia-de-TAMANHO-EXATO-PARA-FOTOS-NO-SISTEMA-NOVO-2025-09-02T144715.704_2025-09-02_17-47-32-1024x576.webp 1024w, https:\/\/cdn.media-acidadeon.com.br\/ribeiraopreto\/wp-content\/uploads\/sites\/3\/2025\/09\/Copia-de-Copia-de-Copia-de-TAMANHO-EXATO-PARA-FOTOS-NO-SISTEMA-NOVO-2025-09-02T144715.704_2025-09-02_17-47-32-300x169.webp 300w, https:\/\/cdn.media-acidadeon.com.br\/ribeiraopreto\/wp-content\/uploads\/sites\/3\/2025\/09\/Copia-de-Copia-de-Copia-de-TAMANHO-EXATO-PARA-FOTOS-NO-SISTEMA-NOVO-2025-09-02T144715.704_2025-09-02_17-47-32-768x432.webp 768w, https:\/\/cdn.media-acidadeon.com.br\/ribeiraopreto\/wp-content\/uploads\/sites\/3\/2025\/09\/Copia-de-Copia-de-Copia-de-TAMANHO-EXATO-PARA-FOTOS-NO-SISTEMA-NOVO-2025-09-02T144715.704_2025-09-02_17-47-32-696x392.webp 696w, https:\/\/cdn.media-acidadeon.com.br\/ribeiraopreto\/wp-content\/uploads\/sites\/3\/2025\/09\/Copia-de-Copia-de-Copia-de-TAMANHO-EXATO-PARA-FOTOS-NO-SISTEMA-NOVO-2025-09-02T144715.704_2025-09-02_17-47-32-1068x601.webp 1068w, https:\/\/cdn.media-acidadeon.com.br\/ribeiraopreto\/wp-content\/uploads\/sites\/3\/2025\/09\/Copia-de-Copia-de-Copia-de-TAMANHO-EXATO-PARA-FOTOS-NO-SISTEMA-NOVO-2025-09-02T144715.704_2025-09-02_17-47-32.webp 1200w\" sizes=\"auto, (max-width: 1024px) 100vw, 1024px\"\/><figcaption class=\"wp-element-caption\">Living Raiz e Asas \u2013 Foto: Felipe Cuine.<\/figcaption><\/figure>\n<figure class=\"wp-block-image size-large\"><img data-recalc-dims=\"1\" loading=\"lazy\" decoding=\"async\" width=\"1024\" height=\"576\" data-id=\"127813\" src=\"https:\/\/i0.wp.com\/cdn.media-acidadeon.com.br\/ribeiraopreto\/wp-content\/uploads\/sites\/3\/2025\/09\/Copia-de-Copia-de-Copia-de-TAMANHO-EXATO-PARA-FOTOS-NO-SISTEMA-NOVO-2025-09-02T144626.291_2025-09-02_17-47-34-1024x576.webp?resize=1024%2C576&#038;ssl=1\" alt=\"Banheiro Ressonare - Foto: Keniche Santos\" class=\"wp-image-127813\" title=\"Casacor Ribeir\u00e3o apresenta 5 tend\u00eancias que traduzem o 'morar contempor\u00e2neo' 4\" srcset=\"https:\/\/cdn.media-acidadeon.com.br\/ribeiraopreto\/wp-content\/uploads\/sites\/3\/2025\/09\/Copia-de-Copia-de-Copia-de-TAMANHO-EXATO-PARA-FOTOS-NO-SISTEMA-NOVO-2025-09-02T144626.291_2025-09-02_17-47-34-1024x576.webp 1024w, https:\/\/cdn.media-acidadeon.com.br\/ribeiraopreto\/wp-content\/uploads\/sites\/3\/2025\/09\/Copia-de-Copia-de-Copia-de-TAMANHO-EXATO-PARA-FOTOS-NO-SISTEMA-NOVO-2025-09-02T144626.291_2025-09-02_17-47-34-300x169.webp 300w, https:\/\/cdn.media-acidadeon.com.br\/ribeiraopreto\/wp-content\/uploads\/sites\/3\/2025\/09\/Copia-de-Copia-de-Copia-de-TAMANHO-EXATO-PARA-FOTOS-NO-SISTEMA-NOVO-2025-09-02T144626.291_2025-09-02_17-47-34-768x432.webp 768w, https:\/\/cdn.media-acidadeon.com.br\/ribeiraopreto\/wp-content\/uploads\/sites\/3\/2025\/09\/Copia-de-Copia-de-Copia-de-TAMANHO-EXATO-PARA-FOTOS-NO-SISTEMA-NOVO-2025-09-02T144626.291_2025-09-02_17-47-34-696x392.webp 696w, https:\/\/cdn.media-acidadeon.com.br\/ribeiraopreto\/wp-content\/uploads\/sites\/3\/2025\/09\/Copia-de-Copia-de-Copia-de-TAMANHO-EXATO-PARA-FOTOS-NO-SISTEMA-NOVO-2025-09-02T144626.291_2025-09-02_17-47-34-1068x601.webp 1068w, https:\/\/cdn.media-acidadeon.com.br\/ribeiraopreto\/wp-content\/uploads\/sites\/3\/2025\/09\/Copia-de-Copia-de-Copia-de-TAMANHO-EXATO-PARA-FOTOS-NO-SISTEMA-NOVO-2025-09-02T144626.291_2025-09-02_17-47-34.webp 1200w\" sizes=\"auto, (max-width: 1024px) 100vw, 1024px\"\/><figcaption class=\"wp-element-caption\">Banheiro Ressonare \u2013 Foto: Keniche Santos.<\/figcaption><\/figure>\n<\/figure>\n<h3 class=\"wp-block-heading\"><strong>Biofilia e integra\u00e7\u00e3o com o verde<\/strong><\/h3>\n<p>A rela\u00e7\u00e3o entre bem-estar e contato com a natureza aparece em diversos ambientes da mostra, refor\u00e7ando a tend\u00eancia da biofilia como recurso de sa\u00fade e qualidade de vida.<\/p>\n<p>Jardins internos, fontes de \u00e1gua e a escolha de materiais que remetem ao natural comp\u00f5em espa\u00e7os como o Espa\u00e7o Reconecta, de Joel Pereira, Marina Moro e Vivian Cantarino, pensado para estimular o relaxamento e equil\u00edbrio.<\/p>\n<p>No Restaurante Brisa, de Carina Rezende e Ma\u00edsa Andrade, a vegeta\u00e7\u00e3o ocupa a varanda e se integra ao mobili\u00e1rio, transformando a experi\u00eancia gastron\u00f4mica em um convite \u00e0 contempla\u00e7\u00e3o e \u00e0 viv\u00eancia ao ar livre.<\/p>\n<figure class=\"wp-block-gallery has-nested-images columns-default is-cropped wp-block-gallery-3 is-layout-flex wp-block-gallery-is-layout-flex\">\n<figure class=\"wp-block-image size-large\"><img data-recalc-dims=\"1\" loading=\"lazy\" decoding=\"async\" width=\"1024\" height=\"576\" data-id=\"127814\" src=\"https:\/\/i0.wp.com\/cdn.media-acidadeon.com.br\/ribeiraopreto\/wp-content\/uploads\/sites\/3\/2025\/09\/Copia-de-Copia-de-Copia-de-TAMANHO-EXATO-PARA-FOTOS-NO-SISTEMA-NOVO-2025-09-02T145017.880_2025-09-02_17-50-34-1024x576.webp?resize=1024%2C576&#038;ssl=1\" alt=\"Restaurante Brisa \u2013 Foto: Felipe Cuine.\" class=\"wp-image-127814\" title=\"Casacor Ribeir\u00e3o apresenta 5 tend\u00eancias que traduzem o 'morar contempor\u00e2neo' 5\" srcset=\"https:\/\/cdn.media-acidadeon.com.br\/ribeiraopreto\/wp-content\/uploads\/sites\/3\/2025\/09\/Copia-de-Copia-de-Copia-de-TAMANHO-EXATO-PARA-FOTOS-NO-SISTEMA-NOVO-2025-09-02T145017.880_2025-09-02_17-50-34-1024x576.webp 1024w, https:\/\/cdn.media-acidadeon.com.br\/ribeiraopreto\/wp-content\/uploads\/sites\/3\/2025\/09\/Copia-de-Copia-de-Copia-de-TAMANHO-EXATO-PARA-FOTOS-NO-SISTEMA-NOVO-2025-09-02T145017.880_2025-09-02_17-50-34-300x169.webp 300w, https:\/\/cdn.media-acidadeon.com.br\/ribeiraopreto\/wp-content\/uploads\/sites\/3\/2025\/09\/Copia-de-Copia-de-Copia-de-TAMANHO-EXATO-PARA-FOTOS-NO-SISTEMA-NOVO-2025-09-02T145017.880_2025-09-02_17-50-34-768x432.webp 768w, https:\/\/cdn.media-acidadeon.com.br\/ribeiraopreto\/wp-content\/uploads\/sites\/3\/2025\/09\/Copia-de-Copia-de-Copia-de-TAMANHO-EXATO-PARA-FOTOS-NO-SISTEMA-NOVO-2025-09-02T145017.880_2025-09-02_17-50-34-696x392.webp 696w, https:\/\/cdn.media-acidadeon.com.br\/ribeiraopreto\/wp-content\/uploads\/sites\/3\/2025\/09\/Copia-de-Copia-de-Copia-de-TAMANHO-EXATO-PARA-FOTOS-NO-SISTEMA-NOVO-2025-09-02T145017.880_2025-09-02_17-50-34-1068x601.webp 1068w, https:\/\/cdn.media-acidadeon.com.br\/ribeiraopreto\/wp-content\/uploads\/sites\/3\/2025\/09\/Copia-de-Copia-de-Copia-de-TAMANHO-EXATO-PARA-FOTOS-NO-SISTEMA-NOVO-2025-09-02T145017.880_2025-09-02_17-50-34.webp 1200w\" sizes=\"auto, (max-width: 1024px) 100vw, 1024px\"\/><figcaption class=\"wp-element-caption\">Restaurante Brisa \u2013 Foto: Felipe Cuine.<\/figcaption><\/figure>\n<figure class=\"wp-block-image size-large\"><img data-recalc-dims=\"1\" loading=\"lazy\" decoding=\"async\" width=\"1024\" height=\"576\" data-id=\"127815\" src=\"https:\/\/i0.wp.com\/cdn.media-acidadeon.com.br\/ribeiraopreto\/wp-content\/uploads\/sites\/3\/2025\/09\/Copia-de-Copia-de-Copia-de-TAMANHO-EXATO-PARA-FOTOS-NO-SISTEMA-NOVO-2025-09-02T144939.939_2025-09-02_17-50-36-1024x576.webp?resize=1024%2C576&#038;ssl=1\" alt=\"Espa\u00e7o Reconecta \u2013 Foto: Keniche Santos.\" class=\"wp-image-127815\" title=\"Casacor Ribeir\u00e3o apresenta 5 tend\u00eancias que traduzem o 'morar contempor\u00e2neo' 6\" srcset=\"https:\/\/cdn.media-acidadeon.com.br\/ribeiraopreto\/wp-content\/uploads\/sites\/3\/2025\/09\/Copia-de-Copia-de-Copia-de-TAMANHO-EXATO-PARA-FOTOS-NO-SISTEMA-NOVO-2025-09-02T144939.939_2025-09-02_17-50-36-1024x576.webp 1024w, https:\/\/cdn.media-acidadeon.com.br\/ribeiraopreto\/wp-content\/uploads\/sites\/3\/2025\/09\/Copia-de-Copia-de-Copia-de-TAMANHO-EXATO-PARA-FOTOS-NO-SISTEMA-NOVO-2025-09-02T144939.939_2025-09-02_17-50-36-300x169.webp 300w, https:\/\/cdn.media-acidadeon.com.br\/ribeiraopreto\/wp-content\/uploads\/sites\/3\/2025\/09\/Copia-de-Copia-de-Copia-de-TAMANHO-EXATO-PARA-FOTOS-NO-SISTEMA-NOVO-2025-09-02T144939.939_2025-09-02_17-50-36-768x432.webp 768w, https:\/\/cdn.media-acidadeon.com.br\/ribeiraopreto\/wp-content\/uploads\/sites\/3\/2025\/09\/Copia-de-Copia-de-Copia-de-TAMANHO-EXATO-PARA-FOTOS-NO-SISTEMA-NOVO-2025-09-02T144939.939_2025-09-02_17-50-36-696x392.webp 696w, https:\/\/cdn.media-acidadeon.com.br\/ribeiraopreto\/wp-content\/uploads\/sites\/3\/2025\/09\/Copia-de-Copia-de-Copia-de-TAMANHO-EXATO-PARA-FOTOS-NO-SISTEMA-NOVO-2025-09-02T144939.939_2025-09-02_17-50-36-1068x601.webp 1068w, https:\/\/cdn.media-acidadeon.com.br\/ribeiraopreto\/wp-content\/uploads\/sites\/3\/2025\/09\/Copia-de-Copia-de-Copia-de-TAMANHO-EXATO-PARA-FOTOS-NO-SISTEMA-NOVO-2025-09-02T144939.939_2025-09-02_17-50-36.webp 1200w\" sizes=\"auto, (max-width: 1024px) 100vw, 1024px\"\/><figcaption class=\"wp-element-caption\">Espa\u00e7o Reconecta \u2013 Foto: Keniche Santos.<\/figcaption><\/figure>\n<\/figure>\n<h3 class=\"wp-block-heading\"><strong>Cores como elemento central<\/strong><\/h3>\n<p>Se antes as cores eram coadjuvantes, agora elas assumem protagonismo e transformam os ambientes em experi\u00eancias visuais marcantes.<\/p>\n<p>O Pimenta Ardida Bar by Manhattan, de Adriana Fontana, aposta no vermelho intenso aplicado na piscina e no container, resultando em um espa\u00e7o vibrante e moderno, que traduz energia e ousadia.<\/p>\n<p>J\u00e1 o Lavabo Futurista, de Nat\u00e1lia Hetem, utiliza a cor violeta inspirada em imagens de gal\u00e1xias, trazendo para o ambiente uma atmosfera c\u00f3smica e tecnol\u00f3gica. A tend\u00eancia evidencia como a cor pode deixar de ser detalhe e se transformar no ponto de partida para o conceito de um projeto.<\/p>\n<figure class=\"wp-block-gallery has-nested-images columns-default is-cropped wp-block-gallery-4 is-layout-flex wp-block-gallery-is-layout-flex\">\n<figure class=\"wp-block-image size-large\"><img data-recalc-dims=\"1\" loading=\"lazy\" decoding=\"async\" width=\"1024\" height=\"576\" data-id=\"127817\" src=\"https:\/\/i0.wp.com\/cdn.media-acidadeon.com.br\/ribeiraopreto\/wp-content\/uploads\/sites\/3\/2025\/09\/Copia-de-Copia-de-Copia-de-TAMANHO-EXATO-PARA-FOTOS-NO-SISTEMA-NOVO-2025-09-02T145241.191_2025-09-02_17-53-11-1024x576.webp?resize=1024%2C576&#038;ssl=1\" alt=\"Lavabo Futurista \u2013 Foto: Felipe Cuine.\" class=\"wp-image-127817\" title=\"Casacor Ribeir\u00e3o apresenta 5 tend\u00eancias que traduzem o 'morar contempor\u00e2neo' 7\" srcset=\"https:\/\/cdn.media-acidadeon.com.br\/ribeiraopreto\/wp-content\/uploads\/sites\/3\/2025\/09\/Copia-de-Copia-de-Copia-de-TAMANHO-EXATO-PARA-FOTOS-NO-SISTEMA-NOVO-2025-09-02T145241.191_2025-09-02_17-53-11-1024x576.webp 1024w, https:\/\/cdn.media-acidadeon.com.br\/ribeiraopreto\/wp-content\/uploads\/sites\/3\/2025\/09\/Copia-de-Copia-de-Copia-de-TAMANHO-EXATO-PARA-FOTOS-NO-SISTEMA-NOVO-2025-09-02T145241.191_2025-09-02_17-53-11-300x169.webp 300w, https:\/\/cdn.media-acidadeon.com.br\/ribeiraopreto\/wp-content\/uploads\/sites\/3\/2025\/09\/Copia-de-Copia-de-Copia-de-TAMANHO-EXATO-PARA-FOTOS-NO-SISTEMA-NOVO-2025-09-02T145241.191_2025-09-02_17-53-11-768x432.webp 768w, https:\/\/cdn.media-acidadeon.com.br\/ribeiraopreto\/wp-content\/uploads\/sites\/3\/2025\/09\/Copia-de-Copia-de-Copia-de-TAMANHO-EXATO-PARA-FOTOS-NO-SISTEMA-NOVO-2025-09-02T145241.191_2025-09-02_17-53-11-696x392.webp 696w, https:\/\/cdn.media-acidadeon.com.br\/ribeiraopreto\/wp-content\/uploads\/sites\/3\/2025\/09\/Copia-de-Copia-de-Copia-de-TAMANHO-EXATO-PARA-FOTOS-NO-SISTEMA-NOVO-2025-09-02T145241.191_2025-09-02_17-53-11-1068x601.webp 1068w, https:\/\/cdn.media-acidadeon.com.br\/ribeiraopreto\/wp-content\/uploads\/sites\/3\/2025\/09\/Copia-de-Copia-de-Copia-de-TAMANHO-EXATO-PARA-FOTOS-NO-SISTEMA-NOVO-2025-09-02T145241.191_2025-09-02_17-53-11.webp 1200w\" sizes=\"auto, (max-width: 1024px) 100vw, 1024px\"\/><figcaption class=\"wp-element-caption\">Lavabo Futurista \u2013 Foto: Felipe Cuine.<\/figcaption><\/figure>\n<figure class=\"wp-block-image size-large\"><img data-recalc-dims=\"1\" loading=\"lazy\" decoding=\"async\" width=\"1024\" height=\"576\" data-id=\"127818\" src=\"https:\/\/i0.wp.com\/cdn.media-acidadeon.com.br\/ribeiraopreto\/wp-content\/uploads\/sites\/3\/2025\/09\/Copia-de-Copia-de-Copia-de-TAMANHO-EXATO-PARA-FOTOS-NO-SISTEMA-NOVO-2025-09-02T145211.373_2025-09-02_17-53-13-1024x576.webp?resize=1024%2C576&#038;ssl=1\" alt=\"Pimenta Ardida \u2013 Foto: Felipe Cuine.\" class=\"wp-image-127818\" title=\"Casacor Ribeir\u00e3o apresenta 5 tend\u00eancias que traduzem o 'morar contempor\u00e2neo' 8\" srcset=\"https:\/\/cdn.media-acidadeon.com.br\/ribeiraopreto\/wp-content\/uploads\/sites\/3\/2025\/09\/Copia-de-Copia-de-Copia-de-TAMANHO-EXATO-PARA-FOTOS-NO-SISTEMA-NOVO-2025-09-02T145211.373_2025-09-02_17-53-13-1024x576.webp 1024w, https:\/\/cdn.media-acidadeon.com.br\/ribeiraopreto\/wp-content\/uploads\/sites\/3\/2025\/09\/Copia-de-Copia-de-Copia-de-TAMANHO-EXATO-PARA-FOTOS-NO-SISTEMA-NOVO-2025-09-02T145211.373_2025-09-02_17-53-13-300x169.webp 300w, https:\/\/cdn.media-acidadeon.com.br\/ribeiraopreto\/wp-content\/uploads\/sites\/3\/2025\/09\/Copia-de-Copia-de-Copia-de-TAMANHO-EXATO-PARA-FOTOS-NO-SISTEMA-NOVO-2025-09-02T145211.373_2025-09-02_17-53-13-768x432.webp 768w, https:\/\/cdn.media-acidadeon.com.br\/ribeiraopreto\/wp-content\/uploads\/sites\/3\/2025\/09\/Copia-de-Copia-de-Copia-de-TAMANHO-EXATO-PARA-FOTOS-NO-SISTEMA-NOVO-2025-09-02T145211.373_2025-09-02_17-53-13-696x392.webp 696w, https:\/\/cdn.media-acidadeon.com.br\/ribeiraopreto\/wp-content\/uploads\/sites\/3\/2025\/09\/Copia-de-Copia-de-Copia-de-TAMANHO-EXATO-PARA-FOTOS-NO-SISTEMA-NOVO-2025-09-02T145211.373_2025-09-02_17-53-13-1068x601.webp 1068w, https:\/\/cdn.media-acidadeon.com.br\/ribeiraopreto\/wp-content\/uploads\/sites\/3\/2025\/09\/Copia-de-Copia-de-Copia-de-TAMANHO-EXATO-PARA-FOTOS-NO-SISTEMA-NOVO-2025-09-02T145211.373_2025-09-02_17-53-13.webp 1200w\" sizes=\"auto, (max-width: 1024px) 100vw, 1024px\"\/><figcaption class=\"wp-element-caption\">Pimenta Ardida \u2013 Foto: Felipe Cuine.<\/figcaption><\/figure>\n<\/figure>\n<h3 class=\"wp-block-heading\"><strong>Ilumina\u00e7\u00e3o como recurso arquitet\u00f4nico<\/strong><\/h3>\n<p>Mais do que funcional, a ilumina\u00e7\u00e3o se consolida como elemento de linguagem arquitet\u00f4nica. Na mostra, os projetos exploram a luz para criar atmosferas, valorizar materiais e provocar sensa\u00e7\u00f5es.<\/p>\n<p>No Lavabo Tropic\u00e1lia, desenvolvido por estudantes do Senac Ribeir\u00e3o Preto, a ilumina\u00e7\u00e3o focada refor\u00e7a a est\u00e9tica psicod\u00e9lica, destacando cores intensas e formas inusitadas que estimulam os sentidos.<\/p>\n<p>J\u00e1 na Varanda Ref\u00fagio, de Wallace Oliveira, a luz c\u00eanica dialoga com a vegeta\u00e7\u00e3o, criando jogos de sombra que conferem ao espa\u00e7o um car\u00e1ter intimista e contemplativo.<\/p>\n<figure class=\"wp-block-gallery has-nested-images columns-default is-cropped wp-block-gallery-5 is-layout-flex wp-block-gallery-is-layout-flex\">\n<figure class=\"wp-block-image size-large\"><img data-recalc-dims=\"1\" loading=\"lazy\" decoding=\"async\" width=\"1024\" height=\"576\" data-id=\"127819\" src=\"https:\/\/i0.wp.com\/cdn.media-acidadeon.com.br\/ribeiraopreto\/wp-content\/uploads\/sites\/3\/2025\/09\/Copia-de-Copia-de-Copia-de-TAMANHO-EXATO-PARA-FOTOS-NO-SISTEMA-NOVO-2025-09-02T145452.498_2025-09-02_17-55-11-1024x576.webp?resize=1024%2C576&#038;ssl=1\" alt=\"Lavabo Tropic\u00e1lia \u2013 Foto: Felipe Cuine.\" class=\"wp-image-127819\" title=\"Casacor Ribeir\u00e3o apresenta 5 tend\u00eancias que traduzem o 'morar contempor\u00e2neo' 9\" srcset=\"https:\/\/cdn.media-acidadeon.com.br\/ribeiraopreto\/wp-content\/uploads\/sites\/3\/2025\/09\/Copia-de-Copia-de-Copia-de-TAMANHO-EXATO-PARA-FOTOS-NO-SISTEMA-NOVO-2025-09-02T145452.498_2025-09-02_17-55-11-1024x576.webp 1024w, https:\/\/cdn.media-acidadeon.com.br\/ribeiraopreto\/wp-content\/uploads\/sites\/3\/2025\/09\/Copia-de-Copia-de-Copia-de-TAMANHO-EXATO-PARA-FOTOS-NO-SISTEMA-NOVO-2025-09-02T145452.498_2025-09-02_17-55-11-300x169.webp 300w, https:\/\/cdn.media-acidadeon.com.br\/ribeiraopreto\/wp-content\/uploads\/sites\/3\/2025\/09\/Copia-de-Copia-de-Copia-de-TAMANHO-EXATO-PARA-FOTOS-NO-SISTEMA-NOVO-2025-09-02T145452.498_2025-09-02_17-55-11-768x432.webp 768w, https:\/\/cdn.media-acidadeon.com.br\/ribeiraopreto\/wp-content\/uploads\/sites\/3\/2025\/09\/Copia-de-Copia-de-Copia-de-TAMANHO-EXATO-PARA-FOTOS-NO-SISTEMA-NOVO-2025-09-02T145452.498_2025-09-02_17-55-11-696x392.webp 696w, https:\/\/cdn.media-acidadeon.com.br\/ribeiraopreto\/wp-content\/uploads\/sites\/3\/2025\/09\/Copia-de-Copia-de-Copia-de-TAMANHO-EXATO-PARA-FOTOS-NO-SISTEMA-NOVO-2025-09-02T145452.498_2025-09-02_17-55-11-1068x601.webp 1068w, https:\/\/cdn.media-acidadeon.com.br\/ribeiraopreto\/wp-content\/uploads\/sites\/3\/2025\/09\/Copia-de-Copia-de-Copia-de-TAMANHO-EXATO-PARA-FOTOS-NO-SISTEMA-NOVO-2025-09-02T145452.498_2025-09-02_17-55-11.webp 1200w\" sizes=\"auto, (max-width: 1024px) 100vw, 1024px\"\/><figcaption class=\"wp-element-caption\">Lavabo Tropic\u00e1lia \u2013 Foto: Felipe Cuine.<\/figcaption><\/figure>\n<figure class=\"wp-block-image size-large\"><img data-recalc-dims=\"1\" loading=\"lazy\" decoding=\"async\" width=\"1024\" height=\"576\" data-id=\"127820\" src=\"https:\/\/i0.wp.com\/cdn.media-acidadeon.com.br\/ribeiraopreto\/wp-content\/uploads\/sites\/3\/2025\/09\/Copia-de-Copia-de-Copia-de-TAMANHO-EXATO-PARA-FOTOS-NO-SISTEMA-NOVO-2025-09-02T145428.698_2025-09-02_17-55-14-1024x576.webp?resize=1024%2C576&#038;ssl=1\" alt=\"Varanda Ref\u00fagio \u2013 Foto: Felipe Cuine.\" class=\"wp-image-127820\" title=\"Casacor Ribeir\u00e3o apresenta 5 tend\u00eancias que traduzem o 'morar contempor\u00e2neo' 10\" srcset=\"https:\/\/cdn.media-acidadeon.com.br\/ribeiraopreto\/wp-content\/uploads\/sites\/3\/2025\/09\/Copia-de-Copia-de-Copia-de-TAMANHO-EXATO-PARA-FOTOS-NO-SISTEMA-NOVO-2025-09-02T145428.698_2025-09-02_17-55-14-1024x576.webp 1024w, https:\/\/cdn.media-acidadeon.com.br\/ribeiraopreto\/wp-content\/uploads\/sites\/3\/2025\/09\/Copia-de-Copia-de-Copia-de-TAMANHO-EXATO-PARA-FOTOS-NO-SISTEMA-NOVO-2025-09-02T145428.698_2025-09-02_17-55-14-300x169.webp 300w, https:\/\/cdn.media-acidadeon.com.br\/ribeiraopreto\/wp-content\/uploads\/sites\/3\/2025\/09\/Copia-de-Copia-de-Copia-de-TAMANHO-EXATO-PARA-FOTOS-NO-SISTEMA-NOVO-2025-09-02T145428.698_2025-09-02_17-55-14-768x432.webp 768w, https:\/\/cdn.media-acidadeon.com.br\/ribeiraopreto\/wp-content\/uploads\/sites\/3\/2025\/09\/Copia-de-Copia-de-Copia-de-TAMANHO-EXATO-PARA-FOTOS-NO-SISTEMA-NOVO-2025-09-02T145428.698_2025-09-02_17-55-14-696x392.webp 696w, https:\/\/cdn.media-acidadeon.com.br\/ribeiraopreto\/wp-content\/uploads\/sites\/3\/2025\/09\/Copia-de-Copia-de-Copia-de-TAMANHO-EXATO-PARA-FOTOS-NO-SISTEMA-NOVO-2025-09-02T145428.698_2025-09-02_17-55-14-1068x601.webp 1068w, https:\/\/cdn.media-acidadeon.com.br\/ribeiraopreto\/wp-content\/uploads\/sites\/3\/2025\/09\/Copia-de-Copia-de-Copia-de-TAMANHO-EXATO-PARA-FOTOS-NO-SISTEMA-NOVO-2025-09-02T145428.698_2025-09-02_17-55-14.webp 1200w\" sizes=\"auto, (max-width: 1024px) 100vw, 1024px\"\/><figcaption class=\"wp-element-caption\">Varanda Ref\u00fagio \u2013 Foto: Felipe Cuine.<\/figcaption><\/figure>\n<\/figure>\n<h2 class=\"wp-block-heading\"><strong>Servi\u00e7o<\/strong><\/h2>\n<p><em>CASACOR Ribeir\u00e3o Preto<\/em><\/p>\n<p>Quando: at\u00e9 12 de outubro<\/p>\n<p>Hor\u00e1rio: de ter\u00e7a a sexta-feira, das 15h \u00e0s 21h<\/p>\n<p>De s\u00e1bado, das 15h \u00e0s 22h<\/p>\n<p>De domingo, das 15h \u00e0s 20h<\/p>\n<p>Local: Avenida Anhanguera, 790 \u2013 Alto da Boa Vista<\/p>\n<hr class=\"wp-block-separator has-alpha-channel-opacity\"\/>\n<p>SAIBA MAIS<\/p>\n<p>Entenda por que as obras de revitaliza\u00e7\u00e3o da Catedral de Ribeir\u00e3o ainda n\u00e3o come\u00e7aram<\/p>\n<p><strong>FIQUE ON<\/strong><\/p>\n<p>Fique ligado em tudo que acontece em Ribeir\u00e3o Preto e regi\u00e3o. Siga os perfis do\u00a0<strong>acidade on<\/strong>\u00a0no<a href=\"https:\/\/www.instagram.com\/acidadeonribeirao\" target=\"_blank\" rel=\"noreferrer noopener\">\u00a0Instagram\u00a0<\/a>e no\u00a0<a href=\"https:\/\/www.facebook.com\/acidadeonribeirao\/\" target=\"_blank\" rel=\"noreferrer noopener\">Facebook<\/a>.<\/p>\n<p>Receba not\u00edcias do<strong>\u00a0acidade on<\/strong>\u00a0no WhatsApp. Para entrar no grupo,\u00a0basta\u00a0<a href=\"https:\/\/chat.whatsapp.com\/I4nieTEMKlf50pJ28aMemC?mode=ac_t\" target=\"_blank\" rel=\"noreferrer noopener\">clicar aqui<\/a>. Ou, acesse o nosso\u00a0Canal\u00a0<a href=\"https:\/\/whatsapp.com\/channel\/0029Vb6IQl1JENyAeS57fk2p\" target=\"_blank\" rel=\"noreferrer noopener\">clicando aqui<\/a>.<\/p>\n<p>Fa\u00e7a uma den\u00fancia ou sugira uma reportagem sobre Ribeir\u00e3o Preto e regi\u00e3o pelo WhatsApp: 16 99117 7802.<\/p>\n<p>VEJA TAMB\u00c9M<\/p>\n<p>O que Virginia Fonseca falou sobre poss\u00edvel romance com Vini Jr?<\/p>\n<p><!-- AI CONTENT END 1 -->\n<\/div>\n<p><script async src=\"\/\/www.instagram.com\/embed.js\"><\/script><br \/>\n<br \/><br \/>\n<br \/><a href=\"https:\/\/www.acidadeon.com\/ribeiraopreto\/lazer-e-cultura\/giro-lazer-e-cultura\/casacor-ribeirao-apresenta-5-tendencias-que-traduzem-o-morar-contemporaneo\/\">Source link <\/a><\/p>\n<!-- CONTENT END 1 -->\n","protected":false},"excerpt":{"rendered":"<p>A 7\u00aa edi\u00e7\u00e3o da Casacor Ribeir\u00e3o Preto j\u00e1 come\u00e7ou e segue aberta ao p\u00fablico at\u00e9 o dia 12 de outubro, apresentando 36 ambientes assinados por&#8230;<\/p>\n","protected":false},"author":1,"featured_media":76648,"comment_status":"open","ping_status":"open","sticky":false,"template":"","format":"standard","meta":{"advanced_seo_description":"","jetpack_seo_html_title":"","jetpack_seo_noindex":false,"jetpack_post_was_ever_published":false,"_jetpack_newsletter_access":"","_jetpack_dont_email_post_to_subs":false,"_jetpack_newsletter_tier_id":0,"_jetpack_memberships_contains_paywalled_content":false,"_jetpack_memberships_contains_paid_content":false,"footnotes":"","jetpack_publicize_message":"","jetpack_publicize_feature_enabled":true,"jetpack_social_post_already_shared":true,"jetpack_social_options":{"image_generator_settings":{"template":"highway","default_image_id":0,"font":"","enabled":false},"version":2}},"categories":[11],"tags":[],"class_list":["post-76647","post","type-post","status-publish","format-standard","has-post-thumbnail","hentry","category-noticias-de-ribeirao-preto-sp-e-regiao-ismael-colosi"],"jetpack_publicize_connections":[],"jetpack_featured_media_url":"https:\/\/i0.wp.com\/noticiasribeiraopreto.com.br\/wp-content\/uploads\/2025\/09\/Copia-de-Copia-de-Copia-de-TAMANHO-EXATO-PARA-FOTOS-NO-SISTEMA-NOVO-2025-09-02T144425.579_2025-09-02_17-44-32.webp.webp?fit=1200%2C675&ssl=1","jetpack-related-posts":[{"id":78562,"url":"https:\/\/noticiasribeiraopreto.com.br\/index.php\/2025\/10\/13\/casacor-ribeirao-preto-encerra-edicao-com-premiacao-dos-melhores-ambientes-e-profissionais-confira\/","url_meta":{"origin":76647,"position":0},"title":"Casacor Ribeir\u00e3o Preto encerra edi\u00e7\u00e3o com premia\u00e7\u00e3o dos melhores ambientes e profissionais; Confira","author":"noticiasribeiraopreto.com.br","date":"13 de October de 2025","format":false,"excerpt":"A 7\u00aa edi\u00e7\u00e3o da Casacor Ribeir\u00e3o Preto terminou neste final e reuniu cerca de 15 mil visitantes, segundo a organiza\u00e7\u00e3o. O evento aconteceu em dois im\u00f3veis integrados no bairro Alto da Boa Vista, na zona Sul da cidade. A mostra apresentou o tema \u201cSemear Sonhos\u201d, reunindo mais de 45 profissionais\u2026","rel":"","context":"In &quot;Not\u00edcias de Ribeir\u00e3o Preto-SP e Regi\u00e3o&quot;","block_context":{"text":"Not\u00edcias de Ribeir\u00e3o Preto-SP e Regi\u00e3o","link":"https:\/\/noticiasribeiraopreto.com.br\/index.php\/category\/noticias-de-ribeirao-preto-sp-e-regiao-ismael-colosi\/"},"img":{"alt_text":"","src":"https:\/\/i0.wp.com\/noticiasribeiraopreto.com.br\/wp-content\/uploads\/2025\/10\/d85aa5fa4f75d62098d4cde53283db42_2025-10-13_20-32-35.webp.webp?fit=1200%2C800&ssl=1&resize=350%2C200","width":350,"height":200,"srcset":"https:\/\/i0.wp.com\/noticiasribeiraopreto.com.br\/wp-content\/uploads\/2025\/10\/d85aa5fa4f75d62098d4cde53283db42_2025-10-13_20-32-35.webp.webp?fit=1200%2C800&ssl=1&resize=350%2C200 1x, https:\/\/i0.wp.com\/noticiasribeiraopreto.com.br\/wp-content\/uploads\/2025\/10\/d85aa5fa4f75d62098d4cde53283db42_2025-10-13_20-32-35.webp.webp?fit=1200%2C800&ssl=1&resize=525%2C300 1.5x, https:\/\/i0.wp.com\/noticiasribeiraopreto.com.br\/wp-content\/uploads\/2025\/10\/d85aa5fa4f75d62098d4cde53283db42_2025-10-13_20-32-35.webp.webp?fit=1200%2C800&ssl=1&resize=700%2C400 2x, https:\/\/i0.wp.com\/noticiasribeiraopreto.com.br\/wp-content\/uploads\/2025\/10\/d85aa5fa4f75d62098d4cde53283db42_2025-10-13_20-32-35.webp.webp?fit=1200%2C800&ssl=1&resize=1050%2C600 3x"},"classes":[]},{"id":55516,"url":"https:\/\/noticiasribeiraopreto.com.br\/index.php\/2024\/08\/02\/veja-como-comprar-ingressos-com-descontos-para-a-casacor-ribeirao-preto\/","url_meta":{"origin":76647,"position":1},"title":"Veja como comprar ingressos com descontos para a Casacor Ribeir\u00e3o Preto","author":"noticiasribeiraopreto.com.br","date":"2 de August de 2024","format":false,"excerpt":"Os ingressos para a Casacor Ribeir\u00e3o Preto, que acontece entre os dias 20 de agosto e 20 de outubro, podem ser adquiridos de forma on-line e com desconto, a partir desta sexta-feira (2). Os interessados em visitar o evento, que apresenta inspira\u00e7\u00f5es nos segmentos de arquitetura, paisagismo, arte e design\u2026","rel":"","context":"In &quot;Not\u00edcias de Ribeir\u00e3o Preto-SP e Regi\u00e3o&quot;","block_context":{"text":"Not\u00edcias de Ribeir\u00e3o Preto-SP e Regi\u00e3o","link":"https:\/\/noticiasribeiraopreto.com.br\/index.php\/category\/noticias-de-ribeirao-preto-sp-e-regiao-ismael-colosi\/"},"img":{"alt_text":"","src":"https:\/\/i0.wp.com\/noticiasribeiraopreto.com.br\/wp-content\/uploads\/2024\/08\/Copia-de-Copia-de-TAMANHO-EXATO-PARA-FOTOS-NO-SISTEMA-NOVO-2024-08-02T155836.169_2024-08-02_18-58-41_png_2024-08-02_18-58-41.webp.webp?fit=1200%2C675&ssl=1&resize=350%2C200","width":350,"height":200,"srcset":"https:\/\/i0.wp.com\/noticiasribeiraopreto.com.br\/wp-content\/uploads\/2024\/08\/Copia-de-Copia-de-TAMANHO-EXATO-PARA-FOTOS-NO-SISTEMA-NOVO-2024-08-02T155836.169_2024-08-02_18-58-41_png_2024-08-02_18-58-41.webp.webp?fit=1200%2C675&ssl=1&resize=350%2C200 1x, https:\/\/i0.wp.com\/noticiasribeiraopreto.com.br\/wp-content\/uploads\/2024\/08\/Copia-de-Copia-de-TAMANHO-EXATO-PARA-FOTOS-NO-SISTEMA-NOVO-2024-08-02T155836.169_2024-08-02_18-58-41_png_2024-08-02_18-58-41.webp.webp?fit=1200%2C675&ssl=1&resize=525%2C300 1.5x, https:\/\/i0.wp.com\/noticiasribeiraopreto.com.br\/wp-content\/uploads\/2024\/08\/Copia-de-Copia-de-TAMANHO-EXATO-PARA-FOTOS-NO-SISTEMA-NOVO-2024-08-02T155836.169_2024-08-02_18-58-41_png_2024-08-02_18-58-41.webp.webp?fit=1200%2C675&ssl=1&resize=700%2C400 2x, https:\/\/i0.wp.com\/noticiasribeiraopreto.com.br\/wp-content\/uploads\/2024\/08\/Copia-de-Copia-de-TAMANHO-EXATO-PARA-FOTOS-NO-SISTEMA-NOVO-2024-08-02T155836.169_2024-08-02_18-58-41_png_2024-08-02_18-58-41.webp.webp?fit=1200%2C675&ssl=1&resize=1050%2C600 3x"},"classes":[]},{"id":77859,"url":"https:\/\/noticiasribeiraopreto.com.br\/index.php\/2025\/09\/26\/casacor-ribeirao-preto-entra-na-reta-final-com-destaques-na-gastronomia\/","url_meta":{"origin":76647,"position":2},"title":"Casacor Ribeir\u00e3o Preto entra na reta final com destaques na gastronomia","author":"noticiasribeiraopreto.com.br","date":"26 de September de 2025","format":false,"excerpt":"A Casacor Ribeir\u00e3o Preto 2025 entra em sua reta final. A mostra de arquitetura e decora\u00e7\u00e3o segue at\u00e9 o dia 12 de outubro e re\u00fane mais de 30 ambientes que exploram o tema \u201cSemear Sonhos\u201d. A gastronomia \u00e9 um dos destaques da edi\u00e7\u00e3o. S\u00e3o tr\u00eas opera\u00e7\u00f5es exclusivas: o Restaurante Brisa,\u2026","rel":"","context":"In &quot;Not\u00edcias de Ribeir\u00e3o Preto-SP e Regi\u00e3o&quot;","block_context":{"text":"Not\u00edcias de Ribeir\u00e3o Preto-SP e Regi\u00e3o","link":"https:\/\/noticiasribeiraopreto.com.br\/index.php\/category\/noticias-de-ribeirao-preto-sp-e-regiao-ismael-colosi\/"},"img":{"alt_text":"","src":"https:\/\/i0.wp.com\/noticiasribeiraopreto.com.br\/wp-content\/uploads\/2025\/09\/carina-maisa_2025-09-26_17-43-17.webp.webp?fit=1200%2C800&ssl=1&resize=350%2C200","width":350,"height":200,"srcset":"https:\/\/i0.wp.com\/noticiasribeiraopreto.com.br\/wp-content\/uploads\/2025\/09\/carina-maisa_2025-09-26_17-43-17.webp.webp?fit=1200%2C800&ssl=1&resize=350%2C200 1x, https:\/\/i0.wp.com\/noticiasribeiraopreto.com.br\/wp-content\/uploads\/2025\/09\/carina-maisa_2025-09-26_17-43-17.webp.webp?fit=1200%2C800&ssl=1&resize=525%2C300 1.5x, https:\/\/i0.wp.com\/noticiasribeiraopreto.com.br\/wp-content\/uploads\/2025\/09\/carina-maisa_2025-09-26_17-43-17.webp.webp?fit=1200%2C800&ssl=1&resize=700%2C400 2x, https:\/\/i0.wp.com\/noticiasribeiraopreto.com.br\/wp-content\/uploads\/2025\/09\/carina-maisa_2025-09-26_17-43-17.webp.webp?fit=1200%2C800&ssl=1&resize=1050%2C600 3x"},"classes":[]},{"id":56973,"url":"https:\/\/noticiasribeiraopreto.com.br\/index.php\/2024\/08\/19\/mostra-casacor-ribeirao-preto-2024-comeca-nesta-terca-feira\/","url_meta":{"origin":76647,"position":3},"title":"Mostra Casacor Ribeir\u00e3o Preto 2024 come\u00e7a nesta ter\u00e7a-feira","author":"noticiasribeiraopreto.com.br","date":"19 de August de 2024","format":false,"excerpt":"Expondo mais de 30 ambientes com tend\u00eancias de arquitetura, design de interiores e paisagismo, a edi\u00e7\u00e3o 2024 da Casacor Ribeir\u00e3o Preto ser\u00e1 aberta nesta ter\u00e7a-feira (20). A mostra, que tem como tema \u201cDe Presente o Agora\u201d, segue at\u00e9 o dia 20 de outubro. Solu\u00e7\u00f5es sustent\u00e1veis, tecnol\u00f3gicas, arte e paisagismo tamb\u00e9m\u2026","rel":"","context":"In &quot;Not\u00edcias de Ribeir\u00e3o Preto-SP e Regi\u00e3o&quot;","block_context":{"text":"Not\u00edcias de Ribeir\u00e3o Preto-SP e Regi\u00e3o","link":"https:\/\/noticiasribeiraopreto.com.br\/index.php\/category\/noticias-de-ribeirao-preto-sp-e-regiao-ismael-colosi\/"},"img":{"alt_text":"","src":"https:\/\/i0.wp.com\/noticiasribeiraopreto.com.br\/wp-content\/uploads\/2024\/08\/casacor_2024-08-19_20-15-08_jpeg_2024-08-19_20-15-08.webp.webp?fit=1200%2C800&ssl=1&resize=350%2C200","width":350,"height":200,"srcset":"https:\/\/i0.wp.com\/noticiasribeiraopreto.com.br\/wp-content\/uploads\/2024\/08\/casacor_2024-08-19_20-15-08_jpeg_2024-08-19_20-15-08.webp.webp?fit=1200%2C800&ssl=1&resize=350%2C200 1x, https:\/\/i0.wp.com\/noticiasribeiraopreto.com.br\/wp-content\/uploads\/2024\/08\/casacor_2024-08-19_20-15-08_jpeg_2024-08-19_20-15-08.webp.webp?fit=1200%2C800&ssl=1&resize=525%2C300 1.5x, https:\/\/i0.wp.com\/noticiasribeiraopreto.com.br\/wp-content\/uploads\/2024\/08\/casacor_2024-08-19_20-15-08_jpeg_2024-08-19_20-15-08.webp.webp?fit=1200%2C800&ssl=1&resize=700%2C400 2x, https:\/\/i0.wp.com\/noticiasribeiraopreto.com.br\/wp-content\/uploads\/2024\/08\/casacor_2024-08-19_20-15-08_jpeg_2024-08-19_20-15-08.webp.webp?fit=1200%2C800&ssl=1&resize=1050%2C600 3x"},"classes":[]},{"id":65876,"url":"https:\/\/noticiasribeiraopreto.com.br\/index.php\/2025\/03\/25\/casacor-revela-sede-da-proxima-edicao-em-ribeirao-preto-confira\/","url_meta":{"origin":76647,"position":4},"title":"Casacor revela sede da pr\u00f3xima edi\u00e7\u00e3o em Ribeir\u00e3o Preto; Confira","author":"noticiasribeiraopreto.com.br","date":"25 de March de 2025","format":false,"excerpt":"A Casacor Ribeir\u00e3o Preto divulgou nesta ter\u00e7a-feira (25) o im\u00f3vel que sediar\u00e1 a 7\u00aa edi\u00e7\u00e3o. O evento est\u00e1 previsto para acontecer entre os dias 19 de agosto e 12 de outubro, no bairro Alto da Boa Vista, na zona Sul de Ribeir\u00e3o Preto. As casas est\u00e3o localizadas na avenida Anhanguera,\u2026","rel":"","context":"In &quot;Not\u00edcias de Ribeir\u00e3o Preto-SP e Regi\u00e3o&quot;","block_context":{"text":"Not\u00edcias de Ribeir\u00e3o Preto-SP e Regi\u00e3o","link":"https:\/\/noticiasribeiraopreto.com.br\/index.php\/category\/noticias-de-ribeirao-preto-sp-e-regiao-ismael-colosi\/"},"img":{"alt_text":"","src":"https:\/\/i0.wp.com\/noticiasribeiraopreto.com.br\/wp-content\/uploads\/2025\/03\/Copia-de-Copia-de-Copia-de-TAMANHO-EXATO-PARA-FOTOS-NO-SISTEMA-NOVO-34_2025-03-25_16-30-11_jpg_2025-03-25_16-30-11.webp.webp?fit=1200%2C675&ssl=1&resize=350%2C200","width":350,"height":200,"srcset":"https:\/\/i0.wp.com\/noticiasribeiraopreto.com.br\/wp-content\/uploads\/2025\/03\/Copia-de-Copia-de-Copia-de-TAMANHO-EXATO-PARA-FOTOS-NO-SISTEMA-NOVO-34_2025-03-25_16-30-11_jpg_2025-03-25_16-30-11.webp.webp?fit=1200%2C675&ssl=1&resize=350%2C200 1x, https:\/\/i0.wp.com\/noticiasribeiraopreto.com.br\/wp-content\/uploads\/2025\/03\/Copia-de-Copia-de-Copia-de-TAMANHO-EXATO-PARA-FOTOS-NO-SISTEMA-NOVO-34_2025-03-25_16-30-11_jpg_2025-03-25_16-30-11.webp.webp?fit=1200%2C675&ssl=1&resize=525%2C300 1.5x, https:\/\/i0.wp.com\/noticiasribeiraopreto.com.br\/wp-content\/uploads\/2025\/03\/Copia-de-Copia-de-Copia-de-TAMANHO-EXATO-PARA-FOTOS-NO-SISTEMA-NOVO-34_2025-03-25_16-30-11_jpg_2025-03-25_16-30-11.webp.webp?fit=1200%2C675&ssl=1&resize=700%2C400 2x, https:\/\/i0.wp.com\/noticiasribeiraopreto.com.br\/wp-content\/uploads\/2025\/03\/Copia-de-Copia-de-Copia-de-TAMANHO-EXATO-PARA-FOTOS-NO-SISTEMA-NOVO-34_2025-03-25_16-30-11_jpg_2025-03-25_16-30-11.webp.webp?fit=1200%2C675&ssl=1&resize=1050%2C600 3x"},"classes":[]},{"id":55402,"url":"https:\/\/noticiasribeiraopreto.com.br\/index.php\/2024\/08\/01\/gastronomia-na-casacor-ribeirao-preto-mostra-ganha-cardapios-especiais\/","url_meta":{"origin":76647,"position":5},"title":"Gastronomia na Casacor Ribeir\u00e3o Preto; mostra ganha card\u00e1pios especiais","author":"noticiasribeiraopreto.com.br","date":"1 de August de 2024","format":false,"excerpt":"A gastronomia tamb\u00e9m marca presen\u00e7a na Casacor Ribeir\u00e3o Preto, que acontece entre os dias 20 de agosto e 20 de outubro. O evento que apresenta inspira\u00e7\u00f5es nos segmentos de arquitetura, paisagismo, arte e design de interiores, vai ganhar card\u00e1pios especiais com espa\u00e7os operados por estabelecimentos da cidade. O Latulia Restaurante\u2026","rel":"","context":"In &quot;Not\u00edcias de Ribeir\u00e3o Preto-SP e Regi\u00e3o&quot;","block_context":{"text":"Not\u00edcias de Ribeir\u00e3o Preto-SP e Regi\u00e3o","link":"https:\/\/noticiasribeiraopreto.com.br\/index.php\/category\/noticias-de-ribeirao-preto-sp-e-regiao-ismael-colosi\/"},"img":{"alt_text":"","src":"https:\/\/i0.wp.com\/noticiasribeiraopreto.com.br\/wp-content\/uploads\/2024\/08\/casacor_2024-08-01_17-57-53_jpeg_2024-08-01_17-57-53.webp.webp?fit=1200%2C900&ssl=1&resize=350%2C200","width":350,"height":200,"srcset":"https:\/\/i0.wp.com\/noticiasribeiraopreto.com.br\/wp-content\/uploads\/2024\/08\/casacor_2024-08-01_17-57-53_jpeg_2024-08-01_17-57-53.webp.webp?fit=1200%2C900&ssl=1&resize=350%2C200 1x, https:\/\/i0.wp.com\/noticiasribeiraopreto.com.br\/wp-content\/uploads\/2024\/08\/casacor_2024-08-01_17-57-53_jpeg_2024-08-01_17-57-53.webp.webp?fit=1200%2C900&ssl=1&resize=525%2C300 1.5x, https:\/\/i0.wp.com\/noticiasribeiraopreto.com.br\/wp-content\/uploads\/2024\/08\/casacor_2024-08-01_17-57-53_jpeg_2024-08-01_17-57-53.webp.webp?fit=1200%2C900&ssl=1&resize=700%2C400 2x, https:\/\/i0.wp.com\/noticiasribeiraopreto.com.br\/wp-content\/uploads\/2024\/08\/casacor_2024-08-01_17-57-53_jpeg_2024-08-01_17-57-53.webp.webp?fit=1200%2C900&ssl=1&resize=1050%2C600 3x"},"classes":[]}],"jetpack_sharing_enabled":true,"jetpack_shortlink":"https:\/\/wp.me\/peQAOb-jWf","_links":{"self":[{"href":"https:\/\/noticiasribeiraopreto.com.br\/index.php\/wp-json\/wp\/v2\/posts\/76647","targetHints":{"allow":["GET"]}}],"collection":[{"href":"https:\/\/noticiasribeiraopreto.com.br\/index.php\/wp-json\/wp\/v2\/posts"}],"about":[{"href":"https:\/\/noticiasribeiraopreto.com.br\/index.php\/wp-json\/wp\/v2\/types\/post"}],"author":[{"embeddable":true,"href":"https:\/\/noticiasribeiraopreto.com.br\/index.php\/wp-json\/wp\/v2\/users\/1"}],"replies":[{"embeddable":true,"href":"https:\/\/noticiasribeiraopreto.com.br\/index.php\/wp-json\/wp\/v2\/comments?post=76647"}],"version-history":[{"count":0,"href":"https:\/\/noticiasribeiraopreto.com.br\/index.php\/wp-json\/wp\/v2\/posts\/76647\/revisions"}],"wp:featuredmedia":[{"embeddable":true,"href":"https:\/\/noticiasribeiraopreto.com.br\/index.php\/wp-json\/wp\/v2\/media\/76648"}],"wp:attachment":[{"href":"https:\/\/noticiasribeiraopreto.com.br\/index.php\/wp-json\/wp\/v2\/media?parent=76647"}],"wp:term":[{"taxonomy":"category","embeddable":true,"href":"https:\/\/noticiasribeiraopreto.com.br\/index.php\/wp-json\/wp\/v2\/categories?post=76647"},{"taxonomy":"post_tag","embeddable":true,"href":"https:\/\/noticiasribeiraopreto.com.br\/index.php\/wp-json\/wp\/v2\/tags?post=76647"}],"curies":[{"name":"wp","href":"https:\/\/api.w.org\/{rel}","templated":true}]}}