{"id":76649,"date":"2025-09-02T17:48:07","date_gmt":"2025-09-02T20:48:07","guid":{"rendered":"https:\/\/noticiasribeiraopreto.com.br\/index.php\/2025\/09\/02\/entenda-por-que-as-obras-de-revitalizacao-da-catedral-de-ribeirao-ainda-nao-comecaram\/"},"modified":"2025-09-02T17:48:07","modified_gmt":"2025-09-02T20:48:07","slug":"entenda-por-que-as-obras-de-revitalizacao-da-catedral-de-ribeirao-ainda-nao-comecaram","status":"publish","type":"post","link":"https:\/\/noticiasribeiraopreto.com.br\/index.php\/2025\/09\/02\/entenda-por-que-as-obras-de-revitalizacao-da-catedral-de-ribeirao-ainda-nao-comecaram\/","title":{"rendered":"Entenda por que as obras de revitaliza\u00e7\u00e3o da Catedral de Ribeir\u00e3o ainda n\u00e3o come\u00e7aram"},"content":{"rendered":"<div class='code-block code-block-1' style='margin: 8px 0 8px auto; text-align: right; display: block; clear: both;'>\n<p><a href=\"https:\/\/wa.link\/vpicfd\"><img data-recalc-dims=\"1\" class=\"wp-image-4922\" style=\"aspect-ratio: 2.0253164556962027; width: 561px; height: auto;\" src=\"https:\/\/i0.wp.com\/ismaelcolosi.com.br\/wp-content\/uploads\/2023\/11\/grupo-de-empregos-whatsapp-e-facebook-ismael-colosi-vagas.jpg?ssl=1\" alt=\"\" \/><\/a><\/p>\n<!-- \/wp:image -->\n<\/div>\n<p> <br \/>\n<\/p>\n<div>\n<p>As obras de revitaliza\u00e7\u00e3o da <strong>Catedral Metropolitana de Ribeir\u00e3o Preto<\/strong>, localizada no Centro do munic\u00edpio, ainda n\u00e3o come\u00e7aram porque <strong>dependem da conclus\u00e3o de tr\u00e2mites legais<\/strong> para a aplica\u00e7\u00e3o de recursos p\u00fablicos.<\/p>\n<p>Segundo a <strong>Comiss\u00e3o de Preserva\u00e7\u00e3o e Restaura\u00e7\u00e3o da Catedral<\/strong>, o cronograma precisou ser ajustado, mas os valores j\u00e1 captados <mark style=\"background-color:#fcb900\" class=\"has-inline-color\">asseguram as primeiras fases da interven\u00e7\u00e3o<\/mark>.<\/p>\n<p>Grande parte da arrecada\u00e7\u00e3o da campanha \u201c<strong>Salve a Catedral<\/strong>\u201d foi viabilizada pela <strong>Lei Federal de Incentivo \u00e0 Cultura (Lei Rouanet)<\/strong>, que exige etapas adicionais de an\u00e1lise e aprova\u00e7\u00e3o antes do in\u00edcio das obras.<\/p>\n<div class=\"wp-block-image\">\n<figure class=\"aligncenter size-large is-resized\"><img data-recalc-dims=\"1\" fetchpriority=\"high\" decoding=\"async\" width=\"1024\" height=\"576\" src=\"https:\/\/i0.wp.com\/cdn.media-acidadeon.com.br\/ribeiraopreto\/wp-content\/uploads\/sites\/3\/2025\/03\/Copia-de-Copia-de-Copia-de-TAMANHO-EXATO-PARA-FOTOS-NO-SISTEMA-NOVO-2025-03-05T192136.743_2025-03-05_22-22-28_png_2025-03-05_22-22-28-1024x576.webp?resize=1024%2C576&#038;ssl=1\" alt=\"Copia de Copia de Copia de TAMANHO EXATO PARA FOTOS NO SISTEMA NOVO 2025 03 05T192136.743 2025 03 05 22 22 28 png 2025 03 05 22 22 28\" class=\"wp-image-109684\" style=\"width:793px;height:auto\" title=\"Entenda por que as obras de revitaliza\u00e7\u00e3o da Catedral de Ribeir\u00e3o ainda n\u00e3o come\u00e7aram 1\" srcset=\"https:\/\/cdn.media-acidadeon.com.br\/ribeiraopreto\/wp-content\/uploads\/sites\/3\/2025\/03\/Copia-de-Copia-de-Copia-de-TAMANHO-EXATO-PARA-FOTOS-NO-SISTEMA-NOVO-2025-03-05T192136.743_2025-03-05_22-22-28_png_2025-03-05_22-22-28-1024x576.webp 1024w, https:\/\/cdn.media-acidadeon.com.br\/ribeiraopreto\/wp-content\/uploads\/sites\/3\/2025\/03\/Copia-de-Copia-de-Copia-de-TAMANHO-EXATO-PARA-FOTOS-NO-SISTEMA-NOVO-2025-03-05T192136.743_2025-03-05_22-22-28_png_2025-03-05_22-22-28-300x169.webp 300w, https:\/\/cdn.media-acidadeon.com.br\/ribeiraopreto\/wp-content\/uploads\/sites\/3\/2025\/03\/Copia-de-Copia-de-Copia-de-TAMANHO-EXATO-PARA-FOTOS-NO-SISTEMA-NOVO-2025-03-05T192136.743_2025-03-05_22-22-28_png_2025-03-05_22-22-28-768x432.webp 768w, https:\/\/cdn.media-acidadeon.com.br\/ribeiraopreto\/wp-content\/uploads\/sites\/3\/2025\/03\/Copia-de-Copia-de-Copia-de-TAMANHO-EXATO-PARA-FOTOS-NO-SISTEMA-NOVO-2025-03-05T192136.743_2025-03-05_22-22-28_png_2025-03-05_22-22-28-696x392.webp 696w, https:\/\/cdn.media-acidadeon.com.br\/ribeiraopreto\/wp-content\/uploads\/sites\/3\/2025\/03\/Copia-de-Copia-de-Copia-de-TAMANHO-EXATO-PARA-FOTOS-NO-SISTEMA-NOVO-2025-03-05T192136.743_2025-03-05_22-22-28_png_2025-03-05_22-22-28-1068x601.webp 1068w, https:\/\/cdn.media-acidadeon.com.br\/ribeiraopreto\/wp-content\/uploads\/sites\/3\/2025\/03\/Copia-de-Copia-de-Copia-de-TAMANHO-EXATO-PARA-FOTOS-NO-SISTEMA-NOVO-2025-03-05T192136.743_2025-03-05_22-22-28_png_2025-03-05_22-22-28.webp 1200w\" sizes=\"(max-width: 1024px) 100vw, 1024px\"\/><figcaption class=\"wp-element-caption\">Catedral de Ribeir\u00e3o Preto \u2013 Foto: Divulga\u00e7\u00e3o <\/figcaption><\/figure>\n<\/div>\n<h2 class=\"wp-block-heading\"><strong>Recursos<\/strong><\/h2>\n<p>Desde o lan\u00e7amento da campanha, no final de <strong>2024<\/strong>, foram captados <strong>R$ 1,2 milh\u00e3o pela Lei Rouanet<\/strong>, valor suficiente para iniciar a recupera\u00e7\u00e3o.<\/p>\n<p>Al\u00e9m disso, eventos e doa\u00e7\u00f5es arrecadaram <strong>R$ 1,6 milh\u00e3o<\/strong>. O valor total estimado para a restaura\u00e7\u00e3o completa da <strong>Catedral de Ribeir\u00e3o Preto<\/strong> \u00e9 de cerca de <strong>R$ 14 milh\u00f5es<\/strong>.<\/p>\n<p>Para a execu\u00e7\u00e3o das obras, \u00e9 necess\u00e1rio apresentar or\u00e7amentos de empresas especializadas reconhecidas pelo <strong>Instituto do Patrim\u00f4nio Hist\u00f3rico e Art\u00edstico Nacional (IPHAN)<\/strong> e aguardar o parecer t\u00e9cnico do <strong>Minist\u00e9rio da Cultura<\/strong>. A expectativa \u00e9 que a autoriza\u00e7\u00e3o seja liberada em breve, permitindo o in\u00edcio das interven\u00e7\u00f5es.<\/p>\n<h2 class=\"wp-block-heading\"><strong>Obras<\/strong><\/h2>\n<p>As primeiras fases consideram a <strong>recupera\u00e7\u00e3o das funda\u00e7\u00f5es<\/strong> e, em seguida, as <strong>obras estruturais no telhado<\/strong>, consideradas urgentes diante da deteriora\u00e7\u00e3o do edif\u00edcio hist\u00f3rico h\u00e1 mais de uma d\u00e9cada.<\/p>\n<p>A expectativa \u00e9 que as interven\u00e7\u00f5es tenham in\u00edcio assim que o <strong>Minist\u00e9rio da Cultura <\/strong>concluir a an\u00e1lise e autorizar formalmente a execu\u00e7\u00e3o.<\/p>\n<figure class=\"wp-block-pullquote\">\n<blockquote>\n<p>\u201cAcredito que n\u00e3o exista ningu\u00e9m com mais pressa de come\u00e7ar essa obra do que eu. Mas, por se tratar de recursos p\u00fablicos, as exig\u00eancias s\u00e3o maiores \u2013 e isso \u00e9 correto. Assim que tivermos a autoriza\u00e7\u00e3o, come\u00e7aremos imediatamente as interven\u00e7\u00f5es.\u201d<\/p>\n<p><cite>P\u00e1roco da Catedral, padre Francisco Jaber Zanardo Moussa<\/cite><\/p><\/blockquote>\n<\/figure>\n<hr class=\"wp-block-separator has-alpha-channel-opacity\"\/>\n<p>SAIBA MAIS<br \/>Professora fica ferida ap\u00f3s capotamento em avenida de Ribeir\u00e3o Preto<\/p>\n<h2 class=\"wp-block-heading\"><strong>FIQUE ON<\/strong><\/h2>\n<p>Fique ligado em tudo que acontece em Ribeir\u00e3o Preto e regi\u00e3o. Siga os perfis do\u00a0<strong>acidade on<\/strong>\u00a0no<a href=\"https:\/\/www.instagram.com\/acidadeonribeirao\" target=\"_blank\" rel=\"noreferrer noopener\">\u00a0Instagram\u00a0<\/a>e no\u00a0<a href=\"https:\/\/www.facebook.com\/acidadeonribeirao\/\" target=\"_blank\" rel=\"noreferrer noopener\">Facebook<\/a>.<\/p>\n<p>Receba not\u00edcias do<strong>\u00a0acidade on<\/strong>\u00a0no WhatsApp. Para entrar no grupo,\u00a0basta\u00a0<a href=\"https:\/\/chat.whatsapp.com\/I4nieTEMKlf50pJ28aMemC?mode=ac_t\" target=\"_blank\" rel=\"noreferrer noopener\">clicar aqui<\/a>. Ou, acesse o nosso\u00a0Canal\u00a0<a href=\"https:\/\/whatsapp.com\/channel\/0029Vb6IQl1JENyAeS57fk2p\" target=\"_blank\" rel=\"noreferrer noopener\">clicando aqui<\/a>.<\/p>\n<p>Fa\u00e7a uma den\u00fancia ou sugira uma reportagem sobre Ribeir\u00e3o Preto e regi\u00e3o pelo WhatsApp: 16 99117 7802.<\/p>\n<p>VEJA TAMB\u00c9M<br \/>Para onde vai William Bonner?<\/p>\n<p><!-- AI CONTENT END 1 -->\n<\/div>\n<p><script async src=\"\/\/www.instagram.com\/embed.js\"><\/script><br \/>\n<br \/><br \/>\n<br \/><a href=\"https:\/\/www.acidadeon.com\/ribeiraopreto\/cotidiano\/entenda-por-que-as-obras-de-revitalizacao-da-catedral-de-ribeirao-ainda-nao-comecaram\/\">Source link <\/a><\/p>\n<!-- CONTENT END 1 -->\n","protected":false},"excerpt":{"rendered":"<p>As obras de revitaliza\u00e7\u00e3o da Catedral Metropolitana de Ribeir\u00e3o Preto, localizada no Centro do munic\u00edpio, ainda n\u00e3o come\u00e7aram porque dependem da conclus\u00e3o de tr\u00e2mites legais&#8230;<\/p>\n","protected":false},"author":1,"featured_media":76650,"comment_status":"open","ping_status":"open","sticky":false,"template":"","format":"standard","meta":{"advanced_seo_description":"","jetpack_seo_html_title":"","jetpack_seo_noindex":false,"jetpack_post_was_ever_published":false,"_jetpack_newsletter_access":"","_jetpack_dont_email_post_to_subs":false,"_jetpack_newsletter_tier_id":0,"_jetpack_memberships_contains_paywalled_content":false,"_jetpack_memberships_contains_paid_content":false,"footnotes":"","jetpack_publicize_message":"","jetpack_publicize_feature_enabled":true,"jetpack_social_post_already_shared":true,"jetpack_social_options":{"image_generator_settings":{"template":"highway","default_image_id":0,"font":"","enabled":false},"version":2}},"categories":[11],"tags":[],"class_list":["post-76649","post","type-post","status-publish","format-standard","has-post-thumbnail","hentry","category-noticias-de-ribeirao-preto-sp-e-regiao-ismael-colosi"],"jetpack_publicize_connections":[],"jetpack_featured_media_url":"https:\/\/i0.wp.com\/noticiasribeiraopreto.com.br\/wp-content\/uploads\/2025\/09\/d86b3ae7-8d76-4449-8e0b-7a354771b4a4_2025-09-02_15-13-23.webp.webp?fit=1200%2C800&ssl=1","jetpack-related-posts":[{"id":76667,"url":"https:\/\/noticiasribeiraopreto.com.br\/index.php\/2025\/09\/03\/catedral-aguarda-liberacao-oficial-tribuna-ribeirao\/","url_meta":{"origin":76649,"position":0},"title":"Catedral aguarda libera\u00e7\u00e3o oficial &#8211; Tribuna Ribeir\u00e3o","author":"noticiasribeiraopreto.com.br","date":"3 de September de 2025","format":false,"excerpt":"3 de setembro de 2025 08:212 Compartilhar0 A Comiss\u00e3o de Preserva\u00e7\u00e3o e Restaura\u00e7\u00e3o da Catedral Metropolitana de S\u00e3o Sebasti\u00e3o informa que o in\u00edcio das obras de revitaliza\u00e7\u00e3o do monumento hist\u00f3rico passa por um ajuste de cronograma em fun\u00e7\u00e3o dos tr\u00e2mites legais necess\u00e1rios para a aplica\u00e7\u00e3o de recursos p\u00fablicos.\u2028\u2028Parte significativa da\u2026","rel":"","context":"In &quot;Not\u00edcias de Ribeir\u00e3o Preto-SP e Regi\u00e3o&quot;","block_context":{"text":"Not\u00edcias de Ribeir\u00e3o Preto-SP e Regi\u00e3o","link":"https:\/\/noticiasribeiraopreto.com.br\/index.php\/category\/noticias-de-ribeirao-preto-sp-e-regiao-ismael-colosi\/"},"img":{"alt_text":"","src":"https:\/\/i0.wp.com\/noticiasribeiraopreto.com.br\/wp-content\/uploads\/2025\/09\/Catedral-Pra-Luan-Porto-scaled.jpg?fit=1170%2C780&ssl=1&resize=350%2C200","width":350,"height":200,"srcset":"https:\/\/i0.wp.com\/noticiasribeiraopreto.com.br\/wp-content\/uploads\/2025\/09\/Catedral-Pra-Luan-Porto-scaled.jpg?fit=1170%2C780&ssl=1&resize=350%2C200 1x, https:\/\/i0.wp.com\/noticiasribeiraopreto.com.br\/wp-content\/uploads\/2025\/09\/Catedral-Pra-Luan-Porto-scaled.jpg?fit=1170%2C780&ssl=1&resize=525%2C300 1.5x, https:\/\/i0.wp.com\/noticiasribeiraopreto.com.br\/wp-content\/uploads\/2025\/09\/Catedral-Pra-Luan-Porto-scaled.jpg?fit=1170%2C780&ssl=1&resize=700%2C400 2x, https:\/\/i0.wp.com\/noticiasribeiraopreto.com.br\/wp-content\/uploads\/2025\/09\/Catedral-Pra-Luan-Porto-scaled.jpg?fit=1170%2C780&ssl=1&resize=1050%2C600 3x"},"classes":[]},{"id":78087,"url":"https:\/\/noticiasribeiraopreto.com.br\/index.php\/2025\/10\/01\/acordo-judicial-garante-quase-r-1-milhao-para-reforma-da-catedral-de-ribeirao-entenda\/","url_meta":{"origin":76649,"position":1},"title":"Acordo judicial garante quase R$ 1 milh\u00e3o para reforma da Catedral de Ribeir\u00e3o; Entenda","author":"noticiasribeiraopreto.com.br","date":"1 de October de 2025","format":false,"excerpt":"A Prefeitura de Ribeir\u00e3o Preto informou que aproximadamente R$ 1 milh\u00e3o ser\u00e1 destinado \u00e0 recupera\u00e7\u00e3o da Catedral Metropolitana. O an\u00fancio aconteceu na tarde desta quarta-feira (1\u00ba), durante solenidade no Centro Administrativo \u201cPrefeito Jos\u00e9 de Magalh\u00e3es\u201d. O repasse ser\u00e1 feito \u00e0 igreja por meio de um acordo judicial envolvendo as construtoras\u2026","rel":"","context":"In &quot;Not\u00edcias de Ribeir\u00e3o Preto-SP e Regi\u00e3o&quot;","block_context":{"text":"Not\u00edcias de Ribeir\u00e3o Preto-SP e Regi\u00e3o","link":"https:\/\/noticiasribeiraopreto.com.br\/index.php\/category\/noticias-de-ribeirao-preto-sp-e-regiao-ismael-colosi\/"},"img":{"alt_text":"","src":"https:\/\/i0.wp.com\/noticiasribeiraopreto.com.br\/wp-content\/uploads\/2025\/10\/catedral_2024-09-04_19-26-26_jpg_2024-09-04_19-26-26.webp.webp?fit=1200%2C900&ssl=1&resize=350%2C200","width":350,"height":200,"srcset":"https:\/\/i0.wp.com\/noticiasribeiraopreto.com.br\/wp-content\/uploads\/2025\/10\/catedral_2024-09-04_19-26-26_jpg_2024-09-04_19-26-26.webp.webp?fit=1200%2C900&ssl=1&resize=350%2C200 1x, https:\/\/i0.wp.com\/noticiasribeiraopreto.com.br\/wp-content\/uploads\/2025\/10\/catedral_2024-09-04_19-26-26_jpg_2024-09-04_19-26-26.webp.webp?fit=1200%2C900&ssl=1&resize=525%2C300 1.5x, https:\/\/i0.wp.com\/noticiasribeiraopreto.com.br\/wp-content\/uploads\/2025\/10\/catedral_2024-09-04_19-26-26_jpg_2024-09-04_19-26-26.webp.webp?fit=1200%2C900&ssl=1&resize=700%2C400 2x, https:\/\/i0.wp.com\/noticiasribeiraopreto.com.br\/wp-content\/uploads\/2025\/10\/catedral_2024-09-04_19-26-26_jpg_2024-09-04_19-26-26.webp.webp?fit=1200%2C900&ssl=1&resize=1050%2C600 3x"},"classes":[]},{"id":61679,"url":"https:\/\/noticiasribeiraopreto.com.br\/index.php\/2024\/12\/18\/projeto-de-revitalizacao-da-catedral-de-ribeirao-inicia-captacao-de-recursos\/","url_meta":{"origin":76649,"position":2},"title":"Projeto de revitaliza\u00e7\u00e3o da Catedral de Ribeir\u00e3o inicia capta\u00e7\u00e3o de recursos","author":"noticiasribeiraopreto.com.br","date":"18 de December de 2024","format":false,"excerpt":"A Catedral Metropolitana de Ribeir\u00e3o Preto avan\u00e7ou em seu processo de preserva\u00e7\u00e3o com a recente aprova\u00e7\u00e3o do projeto \u201cRevitaliza\u00e7\u00e3o da Catedral de S\u00e3o Sebasti\u00e3o \u2013 Fase 1\u201d. O projeto, que recebeu apoio da Lei Federal de Incentivo \u00e0 Cultura (Lei Rouanet), faz parte da campanha \u201cSalve a Catedral\u201d, uma mobiliza\u00e7\u00e3o\u2026","rel":"","context":"In &quot;Not\u00edcias de Ribeir\u00e3o Preto-SP e Regi\u00e3o&quot;","block_context":{"text":"Not\u00edcias de Ribeir\u00e3o Preto-SP e Regi\u00e3o","link":"https:\/\/noticiasribeiraopreto.com.br\/index.php\/category\/noticias-de-ribeirao-preto-sp-e-regiao-ismael-colosi\/"},"img":{"alt_text":"","src":"https:\/\/i0.wp.com\/noticiasribeiraopreto.com.br\/wp-content\/uploads\/2024\/12\/1734562246_20220618_024226476_catedral_sao_1200x675_17062022004910-1.jpg?fit=1200%2C675&ssl=1&resize=350%2C200","width":350,"height":200,"srcset":"https:\/\/i0.wp.com\/noticiasribeiraopreto.com.br\/wp-content\/uploads\/2024\/12\/1734562246_20220618_024226476_catedral_sao_1200x675_17062022004910-1.jpg?fit=1200%2C675&ssl=1&resize=350%2C200 1x, https:\/\/i0.wp.com\/noticiasribeiraopreto.com.br\/wp-content\/uploads\/2024\/12\/1734562246_20220618_024226476_catedral_sao_1200x675_17062022004910-1.jpg?fit=1200%2C675&ssl=1&resize=525%2C300 1.5x, https:\/\/i0.wp.com\/noticiasribeiraopreto.com.br\/wp-content\/uploads\/2024\/12\/1734562246_20220618_024226476_catedral_sao_1200x675_17062022004910-1.jpg?fit=1200%2C675&ssl=1&resize=700%2C400 2x, https:\/\/i0.wp.com\/noticiasribeiraopreto.com.br\/wp-content\/uploads\/2024\/12\/1734562246_20220618_024226476_catedral_sao_1200x675_17062022004910-1.jpg?fit=1200%2C675&ssl=1&resize=1050%2C600 3x"},"classes":[]},{"id":61683,"url":"https:\/\/noticiasribeiraopreto.com.br\/index.php\/2024\/12\/18\/projeto-de-revitalizacao-da-catedral-de-ribeirao-inicia-captacao-de-recursos-2\/","url_meta":{"origin":76649,"position":3},"title":"Projeto de revitaliza\u00e7\u00e3o da Catedral de Ribeir\u00e3o inicia capta\u00e7\u00e3o de recursos","author":"noticiasribeiraopreto.com.br","date":"18 de December de 2024","format":false,"excerpt":"A Catedral Metropolitana de Ribeir\u00e3o Preto avan\u00e7ou em seu processo de preserva\u00e7\u00e3o com a recente aprova\u00e7\u00e3o do projeto \u201cRevitaliza\u00e7\u00e3o da Catedral de S\u00e3o Sebasti\u00e3o \u2013 Fase 1\u201d. O projeto, que recebeu apoio da Lei Federal de Incentivo \u00e0 Cultura (Lei Rouanet), faz parte da campanha \u201cSalve a Catedral\u201d, uma mobiliza\u00e7\u00e3o\u2026","rel":"","context":"In &quot;Not\u00edcias de Ribeir\u00e3o Preto-SP e Regi\u00e3o&quot;","block_context":{"text":"Not\u00edcias de Ribeir\u00e3o Preto-SP e Regi\u00e3o","link":"https:\/\/noticiasribeiraopreto.com.br\/index.php\/category\/noticias-de-ribeirao-preto-sp-e-regiao-ismael-colosi\/"},"img":{"alt_text":"","src":"https:\/\/i0.wp.com\/noticiasribeiraopreto.com.br\/wp-content\/uploads\/2024\/12\/1734571712_20220618_024226476_catedral_sao_1200x675_17062022004910-1.jpg?fit=1200%2C675&ssl=1&resize=350%2C200","width":350,"height":200,"srcset":"https:\/\/i0.wp.com\/noticiasribeiraopreto.com.br\/wp-content\/uploads\/2024\/12\/1734571712_20220618_024226476_catedral_sao_1200x675_17062022004910-1.jpg?fit=1200%2C675&ssl=1&resize=350%2C200 1x, https:\/\/i0.wp.com\/noticiasribeiraopreto.com.br\/wp-content\/uploads\/2024\/12\/1734571712_20220618_024226476_catedral_sao_1200x675_17062022004910-1.jpg?fit=1200%2C675&ssl=1&resize=525%2C300 1.5x, https:\/\/i0.wp.com\/noticiasribeiraopreto.com.br\/wp-content\/uploads\/2024\/12\/1734571712_20220618_024226476_catedral_sao_1200x675_17062022004910-1.jpg?fit=1200%2C675&ssl=1&resize=700%2C400 2x, https:\/\/i0.wp.com\/noticiasribeiraopreto.com.br\/wp-content\/uploads\/2024\/12\/1734571712_20220618_024226476_catedral_sao_1200x675_17062022004910-1.jpg?fit=1200%2C675&ssl=1&resize=1050%2C600 3x"},"classes":[]},{"id":80400,"url":"https:\/\/noticiasribeiraopreto.com.br\/index.php\/2025\/12\/03\/catedral-de-ribeirao-preto-recebe-concerto-especial-de-natal-no-final-de-semana\/","url_meta":{"origin":76649,"position":4},"title":"Catedral de Ribeir\u00e3o Preto recebe concerto especial de Natal no final de semana","author":"noticiasribeiraopreto.com.br","date":"3 de December de 2025","format":false,"excerpt":"A Catedral Metropolitana de Ribeir\u00e3o Preto recebe no domingo (7), uma apresenta\u00e7\u00e3o especial do Coral da Unaerp (Universidade de Ribeir\u00e3o Preto), \u00e0s 20h. O concerto \u00e9 gratuito e aberto ao p\u00fablico. A apresenta\u00e7\u00e3o faz parte da programa\u00e7\u00e3o natalina organizada pela Comiss\u00e3o de Preserva\u00e7\u00e3o e Restaura\u00e7\u00e3o da Catedral em prol da\u2026","rel":"","context":"In &quot;Not\u00edcias de Ribeir\u00e3o Preto-SP e Regi\u00e3o&quot;","block_context":{"text":"Not\u00edcias de Ribeir\u00e3o Preto-SP e Regi\u00e3o","link":"https:\/\/noticiasribeiraopreto.com.br\/index.php\/category\/noticias-de-ribeirao-preto-sp-e-regiao-ismael-colosi\/"},"img":{"alt_text":"","src":"https:\/\/i0.wp.com\/noticiasribeiraopreto.com.br\/wp-content\/uploads\/2025\/12\/Tratadas_Solenidade-100-Anos-Unaerp-50_2025-12-02_23-26-19.webp.webp?fit=1200%2C800&ssl=1&resize=350%2C200","width":350,"height":200,"srcset":"https:\/\/i0.wp.com\/noticiasribeiraopreto.com.br\/wp-content\/uploads\/2025\/12\/Tratadas_Solenidade-100-Anos-Unaerp-50_2025-12-02_23-26-19.webp.webp?fit=1200%2C800&ssl=1&resize=350%2C200 1x, https:\/\/i0.wp.com\/noticiasribeiraopreto.com.br\/wp-content\/uploads\/2025\/12\/Tratadas_Solenidade-100-Anos-Unaerp-50_2025-12-02_23-26-19.webp.webp?fit=1200%2C800&ssl=1&resize=525%2C300 1.5x, https:\/\/i0.wp.com\/noticiasribeiraopreto.com.br\/wp-content\/uploads\/2025\/12\/Tratadas_Solenidade-100-Anos-Unaerp-50_2025-12-02_23-26-19.webp.webp?fit=1200%2C800&ssl=1&resize=700%2C400 2x, https:\/\/i0.wp.com\/noticiasribeiraopreto.com.br\/wp-content\/uploads\/2025\/12\/Tratadas_Solenidade-100-Anos-Unaerp-50_2025-12-02_23-26-19.webp.webp?fit=1200%2C800&ssl=1&resize=1050%2C600 3x"},"classes":[]},{"id":57237,"url":"https:\/\/noticiasribeiraopreto.com.br\/index.php\/2024\/08\/26\/saerpinho-catedral-reclama-de-falta-dagua-no-centro-de-ribeirao-preto\/","url_meta":{"origin":76649,"position":5},"title":"\u2018Saerpinho\u2019: Catedral reclama de falta d\u2019\u00e1gua no Centro de Ribeir\u00e3o Preto","author":"noticiasribeiraopreto.com.br","date":"26 de August de 2024","format":false,"excerpt":"A Catedral de S\u00e3o Sebasti\u00e3o, em Ribeir\u00e3o Preto, usou o perfil nas redes sociais, nesta segunda-feira (26), para reclamar da falta d\u2019\u00e1gua no Centro. O templo est\u00e1 sofrendo com oscila\u00e7\u00f5es na rede de abastecimento de \u00e1gua h\u00e1, pelo menos, 30 dias. A publica\u00e7\u00e3o no perfil do Instagram da Catedral diz:\u2026","rel":"","context":"In &quot;Not\u00edcias de Ribeir\u00e3o Preto-SP e Regi\u00e3o&quot;","block_context":{"text":"Not\u00edcias de Ribeir\u00e3o Preto-SP e Regi\u00e3o","link":"https:\/\/noticiasribeiraopreto.com.br\/index.php\/category\/noticias-de-ribeirao-preto-sp-e-regiao-ismael-colosi\/"},"img":{"alt_text":"","src":"https:\/\/i0.wp.com\/noticiasribeiraopreto.com.br\/wp-content\/uploads\/2024\/08\/20220618_024226476_catedral_sao_1200x675_17062022004910-1.jpg?fit=1200%2C675&ssl=1&resize=350%2C200","width":350,"height":200,"srcset":"https:\/\/i0.wp.com\/noticiasribeiraopreto.com.br\/wp-content\/uploads\/2024\/08\/20220618_024226476_catedral_sao_1200x675_17062022004910-1.jpg?fit=1200%2C675&ssl=1&resize=350%2C200 1x, https:\/\/i0.wp.com\/noticiasribeiraopreto.com.br\/wp-content\/uploads\/2024\/08\/20220618_024226476_catedral_sao_1200x675_17062022004910-1.jpg?fit=1200%2C675&ssl=1&resize=525%2C300 1.5x, https:\/\/i0.wp.com\/noticiasribeiraopreto.com.br\/wp-content\/uploads\/2024\/08\/20220618_024226476_catedral_sao_1200x675_17062022004910-1.jpg?fit=1200%2C675&ssl=1&resize=700%2C400 2x, https:\/\/i0.wp.com\/noticiasribeiraopreto.com.br\/wp-content\/uploads\/2024\/08\/20220618_024226476_catedral_sao_1200x675_17062022004910-1.jpg?fit=1200%2C675&ssl=1&resize=1050%2C600 3x"},"classes":[]}],"jetpack_sharing_enabled":true,"jetpack_shortlink":"https:\/\/wp.me\/peQAOb-jWh","_links":{"self":[{"href":"https:\/\/noticiasribeiraopreto.com.br\/index.php\/wp-json\/wp\/v2\/posts\/76649","targetHints":{"allow":["GET"]}}],"collection":[{"href":"https:\/\/noticiasribeiraopreto.com.br\/index.php\/wp-json\/wp\/v2\/posts"}],"about":[{"href":"https:\/\/noticiasribeiraopreto.com.br\/index.php\/wp-json\/wp\/v2\/types\/post"}],"author":[{"embeddable":true,"href":"https:\/\/noticiasribeiraopreto.com.br\/index.php\/wp-json\/wp\/v2\/users\/1"}],"replies":[{"embeddable":true,"href":"https:\/\/noticiasribeiraopreto.com.br\/index.php\/wp-json\/wp\/v2\/comments?post=76649"}],"version-history":[{"count":0,"href":"https:\/\/noticiasribeiraopreto.com.br\/index.php\/wp-json\/wp\/v2\/posts\/76649\/revisions"}],"wp:featuredmedia":[{"embeddable":true,"href":"https:\/\/noticiasribeiraopreto.com.br\/index.php\/wp-json\/wp\/v2\/media\/76650"}],"wp:attachment":[{"href":"https:\/\/noticiasribeiraopreto.com.br\/index.php\/wp-json\/wp\/v2\/media?parent=76649"}],"wp:term":[{"taxonomy":"category","embeddable":true,"href":"https:\/\/noticiasribeiraopreto.com.br\/index.php\/wp-json\/wp\/v2\/categories?post=76649"},{"taxonomy":"post_tag","embeddable":true,"href":"https:\/\/noticiasribeiraopreto.com.br\/index.php\/wp-json\/wp\/v2\/tags?post=76649"}],"curies":[{"name":"wp","href":"https:\/\/api.w.org\/{rel}","templated":true}]}}