{"id":76651,"date":"2025-09-02T20:33:28","date_gmt":"2025-09-02T23:33:28","guid":{"rendered":"https:\/\/noticiasribeiraopreto.com.br\/index.php\/2025\/09\/02\/campea-olimpica-participa-de-documentario-sobre-maria-zeferina-em-ribeirao-preto\/"},"modified":"2025-09-02T20:33:28","modified_gmt":"2025-09-02T23:33:28","slug":"campea-olimpica-participa-de-documentario-sobre-maria-zeferina-em-ribeirao-preto","status":"publish","type":"post","link":"https:\/\/noticiasribeiraopreto.com.br\/index.php\/2025\/09\/02\/campea-olimpica-participa-de-documentario-sobre-maria-zeferina-em-ribeirao-preto\/","title":{"rendered":"Campe\u00e3 ol\u00edmpica participa de document\u00e1rio sobre\u00a0Maria\u00a0Zeferina em Ribeir\u00e3o Preto"},"content":{"rendered":"<div class='code-block code-block-1' style='margin: 8px 0 8px auto; text-align: right; display: block; clear: both;'>\n<p><a href=\"https:\/\/wa.link\/vpicfd\"><img data-recalc-dims=\"1\" class=\"wp-image-4922\" style=\"aspect-ratio: 2.0253164556962027; width: 561px; height: auto;\" src=\"https:\/\/i0.wp.com\/ismaelcolosi.com.br\/wp-content\/uploads\/2023\/11\/grupo-de-empregos-whatsapp-e-facebook-ismael-colosi-vagas.jpg?ssl=1\" alt=\"\" \/><\/a><\/p>\n<!-- \/wp:image -->\n<\/div>\n<p> <br \/>\n<\/p>\n<div data-td-block-uid=\"tdi_95\">\n<div class=\"tdb-block-inner td-fix-index\">\n<p>A<strong> campe\u00e3 ol\u00edmpica Rosa Mota<\/strong> participou das grava\u00e7\u00f5es do document\u00e1rio <strong>\u201cZeferina \u2013 Maria Brasileira\u201d<\/strong>, em Ribeir\u00e3o Preto. A atleta portuguesa, <mark style=\"background-color:#fcb900\" class=\"has-inline-color\">vencedora da maratona nos Jogos Ol\u00edmpicos de Seul em 1988 e seis vezes campe\u00e3 da Corrida de S\u00e3o Silvestre<\/mark>, gravou cenas em locais simb\u00f3licos da cidade, como o <strong>Teatro de Arena Jaime Zeiger<\/strong>.<\/p>\n<div class=\"wp-block-image\">\n<figure class=\"aligncenter size-full\"><img data-recalc-dims=\"1\" fetchpriority=\"high\" decoding=\"async\" width=\"984\" height=\"554\" src=\"https:\/\/i0.wp.com\/cdn.media-acidadeon.com.br\/ribeiraopreto\/wp-content\/uploads\/sites\/3\/2025\/09\/image_2025-09-02_23-05-34.webp?resize=984%2C554&#038;ssl=1\" alt=\"image 2025 09 02 23 05 34\" class=\"wp-image-127851\" title=\"Campe\u00e3 ol\u00edmpica participa de document\u00e1rio sobre\u00a0Maria\u00a0Zeferina em Ribeir\u00e3o Preto 1\" srcset=\"https:\/\/cdn.media-acidadeon.com.br\/ribeiraopreto\/wp-content\/uploads\/sites\/3\/2025\/09\/image_2025-09-02_23-05-34.webp 984w, https:\/\/cdn.media-acidadeon.com.br\/ribeiraopreto\/wp-content\/uploads\/sites\/3\/2025\/09\/image_2025-09-02_23-05-34-300x169.webp 300w, https:\/\/cdn.media-acidadeon.com.br\/ribeiraopreto\/wp-content\/uploads\/sites\/3\/2025\/09\/image_2025-09-02_23-05-34-768x432.webp 768w, https:\/\/cdn.media-acidadeon.com.br\/ribeiraopreto\/wp-content\/uploads\/sites\/3\/2025\/09\/image_2025-09-02_23-05-34-696x392.webp 696w\" sizes=\"(max-width: 984px) 100vw, 984px\"\/><figcaption class=\"wp-element-caption\">Maria Zeferina em uma de suas participa\u00e7\u00f5es na S\u00e3o Silvestre \u2014 Foto: Divulga\u00e7\u00e3o\/Grattitude Films<\/figcaption><\/figure>\n<\/div>\n<h3 class=\"wp-block-heading\"><strong>Conex\u00e3o entre Rosa Mota e Maria Zeferina<\/strong><\/h3>\n<p>A hist\u00f3ria de<strong> Maria Zeferina Baldaia<\/strong> se cruzou com a de Rosa Mota de forma inspiradora. Ao assistir pela televis\u00e3o a vit\u00f3ria da portuguesa na S\u00e3o Silvestre, <strong>Maria decidiu seguir carreira no atletismo<\/strong>. <\/p>\n<p>Em 2001, <strong>Rosa enviou uma carta para parabenizar a brasileira por vencer a tradicional corrida de S\u00e3o Paulo.<\/strong> Agora, quase 25 anos depois, Rosa entregou uma nova carta durante as grava\u00e7\u00f5es do document\u00e1rio.<\/p>\n<h3 class=\"wp-block-heading\"><strong>Lan\u00e7amento do document\u00e1rio<\/strong><\/h3>\n<p>O filme estreia em <strong>dezembro de 2025<\/strong>, ano da 100\u00aa edi\u00e7\u00e3o da Corrida de S\u00e3o Silvestre. A produ\u00e7\u00e3o retrata a trajet\u00f3ria de Maria Zeferina, conhecida como a <strong>\u201cCorredora dos Canaviais\u201d<\/strong>, desde sua origem no interior paulista at\u00e9 as conquistas nas competi\u00e7\u00f5es.<\/p>\n<p>A obra tamb\u00e9m mostra a rela\u00e7\u00e3o da atleta com refer\u00eancias do atletismo mundial, como Rosa Mota e Margarete Okayo.<\/p>\n<hr class=\"wp-block-separator has-alpha-channel-opacity\"\/>\n<p>SAIBA MAIS<\/p>\n<p>Entenda por que as obras de revitaliza\u00e7\u00e3o da Catedral de Ribeir\u00e3o ainda n\u00e3o come\u00e7aram<\/p>\n<p><strong>FIQUE ON<\/strong><\/p>\n<p>Fique ligado em tudo que acontece em Ribeir\u00e3o Preto e regi\u00e3o. Siga os perfis do\u00a0<strong>acidade on<\/strong>\u00a0no<a href=\"https:\/\/www.instagram.com\/acidadeonribeirao\" target=\"_blank\" rel=\"noreferrer noopener\">\u00a0Instagram\u00a0<\/a>e no\u00a0<a href=\"https:\/\/www.facebook.com\/acidadeonribeirao\/\" target=\"_blank\" rel=\"noreferrer noopener\">Facebook<\/a>.<\/p>\n<p>Receba not\u00edcias do<strong>\u00a0acidade on<\/strong>\u00a0no WhatsApp. Para entrar no grupo,\u00a0basta\u00a0<a href=\"https:\/\/chat.whatsapp.com\/I4nieTEMKlf50pJ28aMemC?mode=ac_t\" target=\"_blank\" rel=\"noreferrer noopener\">clicar aqui<\/a>. Ou, acesse o nosso\u00a0Canal\u00a0<a href=\"https:\/\/whatsapp.com\/channel\/0029Vb6IQl1JENyAeS57fk2p\" target=\"_blank\" rel=\"noreferrer noopener\">clicando aqui<\/a>.<\/p>\n<p>Fa\u00e7a uma den\u00fancia ou sugira uma reportagem sobre Ribeir\u00e3o Preto e regi\u00e3o pelo WhatsApp: 16 99117 7802.<\/p>\n<p>VEJA TAMB\u00c9M<\/p>\n<p>O que Virginia Fonseca falou sobre poss\u00edvel romance com Vini Jr?<\/p>\n<p><!-- AI CONTENT END 1 -->\n<\/div>\n<\/div>\n<p><script async src=\"\/\/www.instagram.com\/embed.js\"><\/script><br \/>\n<br \/><br \/>\n<br \/><a href=\"https:\/\/www.acidadeon.com\/ribeiraopreto\/esportes\/campea-olimpica-participa-de-documentario-sobre-maria-zeferina-em-ribeirao-preto\/\">Source link <\/a><\/p>\n<!-- CONTENT END 1 -->\n","protected":false},"excerpt":{"rendered":"<p>A campe\u00e3 ol\u00edmpica Rosa Mota participou das grava\u00e7\u00f5es do document\u00e1rio \u201cZeferina \u2013 Maria Brasileira\u201d, em Ribeir\u00e3o Preto. A atleta portuguesa, vencedora da maratona nos Jogos&#8230;<\/p>\n","protected":false},"author":1,"featured_media":76652,"comment_status":"open","ping_status":"open","sticky":false,"template":"","format":"standard","meta":{"advanced_seo_description":"","jetpack_seo_html_title":"","jetpack_seo_noindex":false,"jetpack_post_was_ever_published":false,"_jetpack_newsletter_access":"","_jetpack_dont_email_post_to_subs":false,"_jetpack_newsletter_tier_id":0,"_jetpack_memberships_contains_paywalled_content":false,"_jetpack_memberships_contains_paid_content":false,"footnotes":"","jetpack_publicize_message":"","jetpack_publicize_feature_enabled":true,"jetpack_social_post_already_shared":true,"jetpack_social_options":{"image_generator_settings":{"template":"highway","default_image_id":0,"font":"","enabled":false},"version":2}},"categories":[11],"tags":[],"class_list":["post-76651","post","type-post","status-publish","format-standard","has-post-thumbnail","hentry","category-noticias-de-ribeirao-preto-sp-e-regiao-ismael-colosi"],"jetpack_publicize_connections":[],"jetpack_featured_media_url":"https:\/\/i0.wp.com\/noticiasribeiraopreto.com.br\/wp-content\/uploads\/2025\/09\/Copia-de-Copia-de-Copia-de-TAMANHO-EXATO-PARA-FOTOS-NO-SISTEMA-NOVO-2025-09-02T200651.584_2025-09-02_23-08-37.webp.webp?fit=1200%2C675&ssl=1","jetpack-related-posts":[{"id":80885,"url":"https:\/\/noticiasribeiraopreto.com.br\/index.php\/2025\/12\/17\/documentario-zeferina-maria-brasileira-tem-pre-estreia-nesta-terca-em-ribeirao-preto\/","url_meta":{"origin":76651,"position":0},"title":"Document\u00e1rio &#8216;Zeferina \u2013 Maria Brasileira&#8217; tem pr\u00e9-estreia nesta ter\u00e7a em Ribeir\u00e3o Preto","author":"noticiasribeiraopreto.com.br","date":"17 de December de 2025","format":false,"excerpt":"A trajet\u00f3ria de Maria Zeferina Baldaia, atleta brasileira que saiu do trabalho como boia-fria para vencer a Corrida Internacional de S\u00e3o Silvestre, chega \u00e0s telas de Ribeir\u00e3o Preto nesta ter\u00e7a-feira (16). O document\u00e1rio \u201cZeferina \u2013 Maria Brasileira\u201d ter\u00e1 pr\u00e9-estreia gratuita \u00e0s 19h, no Audit\u00f3rio do Senai Ribeir\u00e3o Preto. O filme\u2026","rel":"","context":"In &quot;Not\u00edcias de Ribeir\u00e3o Preto-SP e Regi\u00e3o&quot;","block_context":{"text":"Not\u00edcias de Ribeir\u00e3o Preto-SP e Regi\u00e3o","link":"https:\/\/noticiasribeiraopreto.com.br\/index.php\/category\/noticias-de-ribeirao-preto-sp-e-regiao-ismael-colosi\/"},"img":{"alt_text":"","src":"https:\/\/i0.wp.com\/noticiasribeiraopreto.com.br\/wp-content\/uploads\/2025\/12\/167242145363af204d5c641_1672421453_3x2_md_2025-12-16_17-37-19.webp.webp?fit=768%2C512&ssl=1&resize=350%2C200","width":350,"height":200,"srcset":"https:\/\/i0.wp.com\/noticiasribeiraopreto.com.br\/wp-content\/uploads\/2025\/12\/167242145363af204d5c641_1672421453_3x2_md_2025-12-16_17-37-19.webp.webp?fit=768%2C512&ssl=1&resize=350%2C200 1x, https:\/\/i0.wp.com\/noticiasribeiraopreto.com.br\/wp-content\/uploads\/2025\/12\/167242145363af204d5c641_1672421453_3x2_md_2025-12-16_17-37-19.webp.webp?fit=768%2C512&ssl=1&resize=525%2C300 1.5x, https:\/\/i0.wp.com\/noticiasribeiraopreto.com.br\/wp-content\/uploads\/2025\/12\/167242145363af204d5c641_1672421453_3x2_md_2025-12-16_17-37-19.webp.webp?fit=768%2C512&ssl=1&resize=700%2C400 2x"},"classes":[]},{"id":72424,"url":"https:\/\/noticiasribeiraopreto.com.br\/index.php\/2025\/06\/17\/filme-sobre-a-maratonista-maria-zeferina-seleciona-figurantes\/","url_meta":{"origin":76651,"position":1},"title":"Filme sobre a maratonista Maria Zeferina seleciona figurantes","author":"noticiasribeiraopreto.com.br","date":"17 de June de 2025","format":false,"excerpt":"16 de junho de 2025 15:2217 de junho de 2025 01:0658 Compartilhar0 A Grattitude Films produtora do longa-metragem documental \u201cZeferina \u2013 Maria Brasileira\u201d, que retrata a trajet\u00f3ria da ex-boia-fria e maratonista Maria Zeferina Baldaia, abriu inscri\u00e7\u00f5es para figurantes volunt\u00e1rios. Maria Zeferina foi a terceira brasileira a vencer uma edi\u00e7\u00e3o Corrida\u2026","rel":"","context":"In &quot;Not\u00edcias de Ribeir\u00e3o Preto-SP e Regi\u00e3o&quot;","block_context":{"text":"Not\u00edcias de Ribeir\u00e3o Preto-SP e Regi\u00e3o","link":"https:\/\/noticiasribeiraopreto.com.br\/index.php\/category\/noticias-de-ribeirao-preto-sp-e-regiao-ismael-colosi\/"},"img":{"alt_text":"","src":"https:\/\/i0.wp.com\/noticiasribeiraopreto.com.br\/wp-content\/uploads\/2025\/06\/zeferina-scaled.jpeg?fit=668%2C500&ssl=1&resize=350%2C200","width":350,"height":200,"srcset":"https:\/\/i0.wp.com\/noticiasribeiraopreto.com.br\/wp-content\/uploads\/2025\/06\/zeferina-scaled.jpeg?fit=668%2C500&ssl=1&resize=350%2C200 1x, https:\/\/i0.wp.com\/noticiasribeiraopreto.com.br\/wp-content\/uploads\/2025\/06\/zeferina-scaled.jpeg?fit=668%2C500&ssl=1&resize=525%2C300 1.5x"},"classes":[]},{"id":72380,"url":"https:\/\/noticiasribeiraopreto.com.br\/index.php\/2025\/06\/16\/filme-sobre-maria-zeferina-entra-em-nova-fase-de-gravacoes-e-inscreve-figurantes-voluntarios\/","url_meta":{"origin":76651,"position":2},"title":"Filme sobre Maria Zeferina entra em nova fase de grava\u00e7\u00f5es e inscreve figurantes volunt\u00e1rios","author":"noticiasribeiraopreto.com.br","date":"16 de June de 2025","format":false,"excerpt":"O longa-metragem documental \u201cZeferina \u2013 Maria Brasileira\u201d, que retrata a trajet\u00f3ria da ex-boia-fria e maratonista Maria Zeferina Baldaia, terceira brasileira a vencer uma edi\u00e7\u00e3o Corrida de S\u00e3o Silvestre, em 2001, entra em uma nova fase de grava\u00e7\u00f5es, nas cidades do interior paulista, passando por Sert\u00e3ozinho, Juruc\u00ea e Ribeir\u00e3o Preto. Com\u2026","rel":"","context":"In &quot;Not\u00edcias de Ribeir\u00e3o Preto-SP e Regi\u00e3o&quot;","block_context":{"text":"Not\u00edcias de Ribeir\u00e3o Preto-SP e Regi\u00e3o","link":"https:\/\/noticiasribeiraopreto.com.br\/index.php\/category\/noticias-de-ribeirao-preto-sp-e-regiao-ismael-colosi\/"},"img":{"alt_text":"","src":"https:\/\/i0.wp.com\/noticiasribeiraopreto.com.br\/wp-content\/uploads\/2025\/06\/Gravacao-Zeferina.-2_2025-06-16_16-47-01.webp.webp?fit=1200%2C898&ssl=1&resize=350%2C200","width":350,"height":200,"srcset":"https:\/\/i0.wp.com\/noticiasribeiraopreto.com.br\/wp-content\/uploads\/2025\/06\/Gravacao-Zeferina.-2_2025-06-16_16-47-01.webp.webp?fit=1200%2C898&ssl=1&resize=350%2C200 1x, https:\/\/i0.wp.com\/noticiasribeiraopreto.com.br\/wp-content\/uploads\/2025\/06\/Gravacao-Zeferina.-2_2025-06-16_16-47-01.webp.webp?fit=1200%2C898&ssl=1&resize=525%2C300 1.5x, https:\/\/i0.wp.com\/noticiasribeiraopreto.com.br\/wp-content\/uploads\/2025\/06\/Gravacao-Zeferina.-2_2025-06-16_16-47-01.webp.webp?fit=1200%2C898&ssl=1&resize=700%2C400 2x, https:\/\/i0.wp.com\/noticiasribeiraopreto.com.br\/wp-content\/uploads\/2025\/06\/Gravacao-Zeferina.-2_2025-06-16_16-47-01.webp.webp?fit=1200%2C898&ssl=1&resize=1050%2C600 3x"},"classes":[]},{"id":84854,"url":"https:\/\/noticiasribeiraopreto.com.br\/index.php\/2026\/04\/16\/17a-corrida-do-trabalhador\/","url_meta":{"origin":76651,"position":3},"title":"17\u00aa Corrida do Trabalhador:","author":"noticiasribeiraopreto.com.br","date":"16 de April de 2026","format":false,"excerpt":"Preparados para a 17\u00aa Corrida do Trabalhador? No Momento da Fam\u00edlia, Andr\u00e9a Vitaliano bate papo com a campe\u00e3 Maria Zeferina Baldaia direto da pista! O post 17\u00aa Corrida do Trabalhador: apareceu primeiro em ACidade ON Ribeir\u00e3o Preto. Source link","rel":"","context":"In &quot;Not\u00edcias de Ribeir\u00e3o Preto-SP e Regi\u00e3o&quot;","block_context":{"text":"Not\u00edcias de Ribeir\u00e3o Preto-SP e Regi\u00e3o","link":"https:\/\/noticiasribeiraopreto.com.br\/index.php\/category\/noticias-de-ribeirao-preto-sp-e-regiao-ismael-colosi\/"},"img":{"alt_text":"","src":"https:\/\/i0.wp.com\/noticiasribeiraopreto.com.br\/wp-content\/uploads\/2026\/04\/capa_2026-04-16_18-39-10.webp.webp?fit=1168%2C658&ssl=1&resize=350%2C200","width":350,"height":200,"srcset":"https:\/\/i0.wp.com\/noticiasribeiraopreto.com.br\/wp-content\/uploads\/2026\/04\/capa_2026-04-16_18-39-10.webp.webp?fit=1168%2C658&ssl=1&resize=350%2C200 1x, https:\/\/i0.wp.com\/noticiasribeiraopreto.com.br\/wp-content\/uploads\/2026\/04\/capa_2026-04-16_18-39-10.webp.webp?fit=1168%2C658&ssl=1&resize=525%2C300 1.5x, https:\/\/i0.wp.com\/noticiasribeiraopreto.com.br\/wp-content\/uploads\/2026\/04\/capa_2026-04-16_18-39-10.webp.webp?fit=1168%2C658&ssl=1&resize=700%2C400 2x, https:\/\/i0.wp.com\/noticiasribeiraopreto.com.br\/wp-content\/uploads\/2026\/04\/capa_2026-04-16_18-39-10.webp.webp?fit=1168%2C658&ssl=1&resize=1050%2C600 3x"},"classes":[]},{"id":82941,"url":"https:\/\/noticiasribeiraopreto.com.br\/index.php\/2026\/03\/04\/mulheres-que-inspiram-maria-zeferina-no-pod\/","url_meta":{"origin":76651,"position":4},"title":"Mulheres que Inspiram: Maria Zeferina no POD","author":"noticiasribeiraopreto.com.br","date":"4 de March de 2026","format":false,"excerpt":"No especial de M\u00eas da Mulher, o POD Com Elas recebe uma convidada que \u00e9 sin\u00f4nimo de garra e supera\u00e7\u00e3o: Maria Zeferina Baldaia. Com uma trajet\u00f3ria marcada por desafios, Maria Zeferina saiu do trabalho na ro\u00e7a e conquistou espa\u00e7o no atletismo brasileiro, mostrando que a determina\u00e7\u00e3o pode transformar qualquer realidade.\u2026","rel":"","context":"In &quot;Not\u00edcias de Ribeir\u00e3o Preto-SP e Regi\u00e3o&quot;","block_context":{"text":"Not\u00edcias de Ribeir\u00e3o Preto-SP e Regi\u00e3o","link":"https:\/\/noticiasribeiraopreto.com.br\/index.php\/category\/noticias-de-ribeirao-preto-sp-e-regiao-ismael-colosi\/"},"img":{"alt_text":"","src":"https:\/\/i0.wp.com\/noticiasribeiraopreto.com.br\/wp-content\/uploads\/2026\/03\/informe-g1-17_2026-03-03_20-50-03.webp.webp?fit=1200%2C675&ssl=1&resize=350%2C200","width":350,"height":200,"srcset":"https:\/\/i0.wp.com\/noticiasribeiraopreto.com.br\/wp-content\/uploads\/2026\/03\/informe-g1-17_2026-03-03_20-50-03.webp.webp?fit=1200%2C675&ssl=1&resize=350%2C200 1x, https:\/\/i0.wp.com\/noticiasribeiraopreto.com.br\/wp-content\/uploads\/2026\/03\/informe-g1-17_2026-03-03_20-50-03.webp.webp?fit=1200%2C675&ssl=1&resize=525%2C300 1.5x, https:\/\/i0.wp.com\/noticiasribeiraopreto.com.br\/wp-content\/uploads\/2026\/03\/informe-g1-17_2026-03-03_20-50-03.webp.webp?fit=1200%2C675&ssl=1&resize=700%2C400 2x, https:\/\/i0.wp.com\/noticiasribeiraopreto.com.br\/wp-content\/uploads\/2026\/03\/informe-g1-17_2026-03-03_20-50-03.webp.webp?fit=1200%2C675&ssl=1&resize=1050%2C600 3x"},"classes":[]},{"id":23569,"url":"https:\/\/noticiasribeiraopreto.com.br\/index.php\/2024\/01\/02\/sesc-ribeirao-preto-recebe-atleta-olimpica-para-aula-gratuita\/","url_meta":{"origin":76651,"position":5},"title":"Sesc Ribeir\u00e3o Preto recebe atleta ol\u00edmpica para aula gratuita","author":"noticiasribeiraopreto.com.br","date":"2 de January de 2024","format":false,"excerpt":"O Sesc Ribeir\u00e3o Preto recebe no pr\u00f3ximo s\u00e1bado (6) a Fabiana da Silva, que representou o Brasil na disputa do badminton nos Jogos Ol\u00edmpicos de T\u00f3quio 2020. Fabiana participa de uma aula gratuita aberta ao p\u00fablico. A aula aberta faz parte do Sesc Ver\u00e3o e acontece a partir das 14h.\u2026","rel":"","context":"In &quot;Not\u00edcias de Ribeir\u00e3o Preto-SP e Regi\u00e3o&quot;","block_context":{"text":"Not\u00edcias de Ribeir\u00e3o Preto-SP e Regi\u00e3o","link":"https:\/\/noticiasribeiraopreto.com.br\/index.php\/category\/noticias-de-ribeirao-preto-sp-e-regiao-ismael-colosi\/"},"img":{"alt_text":"","src":"https:\/\/i0.wp.com\/noticiasribeiraopreto.com.br\/wp-content\/uploads\/2024\/01\/fabiana-da-silva.jpg?fit=902%2C770&ssl=1&resize=350%2C200","width":350,"height":200,"srcset":"https:\/\/i0.wp.com\/noticiasribeiraopreto.com.br\/wp-content\/uploads\/2024\/01\/fabiana-da-silva.jpg?fit=902%2C770&ssl=1&resize=350%2C200 1x, https:\/\/i0.wp.com\/noticiasribeiraopreto.com.br\/wp-content\/uploads\/2024\/01\/fabiana-da-silva.jpg?fit=902%2C770&ssl=1&resize=525%2C300 1.5x, https:\/\/i0.wp.com\/noticiasribeiraopreto.com.br\/wp-content\/uploads\/2024\/01\/fabiana-da-silva.jpg?fit=902%2C770&ssl=1&resize=700%2C400 2x"},"classes":[]}],"jetpack_sharing_enabled":true,"jetpack_shortlink":"https:\/\/wp.me\/peQAOb-jWj","_links":{"self":[{"href":"https:\/\/noticiasribeiraopreto.com.br\/index.php\/wp-json\/wp\/v2\/posts\/76651","targetHints":{"allow":["GET"]}}],"collection":[{"href":"https:\/\/noticiasribeiraopreto.com.br\/index.php\/wp-json\/wp\/v2\/posts"}],"about":[{"href":"https:\/\/noticiasribeiraopreto.com.br\/index.php\/wp-json\/wp\/v2\/types\/post"}],"author":[{"embeddable":true,"href":"https:\/\/noticiasribeiraopreto.com.br\/index.php\/wp-json\/wp\/v2\/users\/1"}],"replies":[{"embeddable":true,"href":"https:\/\/noticiasribeiraopreto.com.br\/index.php\/wp-json\/wp\/v2\/comments?post=76651"}],"version-history":[{"count":0,"href":"https:\/\/noticiasribeiraopreto.com.br\/index.php\/wp-json\/wp\/v2\/posts\/76651\/revisions"}],"wp:featuredmedia":[{"embeddable":true,"href":"https:\/\/noticiasribeiraopreto.com.br\/index.php\/wp-json\/wp\/v2\/media\/76652"}],"wp:attachment":[{"href":"https:\/\/noticiasribeiraopreto.com.br\/index.php\/wp-json\/wp\/v2\/media?parent=76651"}],"wp:term":[{"taxonomy":"category","embeddable":true,"href":"https:\/\/noticiasribeiraopreto.com.br\/index.php\/wp-json\/wp\/v2\/categories?post=76651"},{"taxonomy":"post_tag","embeddable":true,"href":"https:\/\/noticiasribeiraopreto.com.br\/index.php\/wp-json\/wp\/v2\/tags?post=76651"}],"curies":[{"name":"wp","href":"https:\/\/api.w.org\/{rel}","templated":true}]}}