{"id":76653,"date":"2025-09-02T20:42:42","date_gmt":"2025-09-02T23:42:42","guid":{"rendered":"https:\/\/noticiasribeiraopreto.com.br\/index.php\/2025\/09\/02\/ribeirao-preto-recebe-evento-sobre-recarga-de-carros-eletricos-em-condominios\/"},"modified":"2025-09-02T20:42:42","modified_gmt":"2025-09-02T23:42:42","slug":"ribeirao-preto-recebe-evento-sobre-recarga-de-carros-eletricos-em-condominios","status":"publish","type":"post","link":"https:\/\/noticiasribeiraopreto.com.br\/index.php\/2025\/09\/02\/ribeirao-preto-recebe-evento-sobre-recarga-de-carros-eletricos-em-condominios\/","title":{"rendered":"Ribeir\u00e3o Preto recebe evento sobre recarga de carros el\u00e9tricos em condom\u00ednios"},"content":{"rendered":"<div class='code-block code-block-1' style='margin: 8px 0 8px auto; text-align: right; display: block; clear: both;'>\n<p><a href=\"https:\/\/wa.link\/vpicfd\"><img data-recalc-dims=\"1\" class=\"wp-image-4922\" style=\"aspect-ratio: 2.0253164556962027; width: 561px; height: auto;\" src=\"https:\/\/i0.wp.com\/ismaelcolosi.com.br\/wp-content\/uploads\/2023\/11\/grupo-de-empregos-whatsapp-e-facebook-ismael-colosi-vagas.jpg?ssl=1\" alt=\"\" \/><\/a><\/p>\n<!-- \/wp:image -->\n<\/div>\n<p> <br \/>\n<\/p>\n<div data-td-block-uid=\"tdi_95\">\n<div class=\"tdb-block-inner td-fix-index\">\n<p>A <strong>Associa\u00e7\u00e3o Comercial e Industrial de Ribeir\u00e3o Preto (Acirp)<\/strong> promove nesta quarta-feira (3), a partir das 18h30, um <strong>evento sobre os desafios da eletromobilidade em condom\u00ednios<\/strong>, com <strong>foco em infraestrutura<\/strong> e <strong>seguran\u00e7a <\/strong>para<strong> instala\u00e7\u00e3o de pontos de recarga de ve\u00edculos el\u00e9tricos em residenciais<\/strong>.<\/p>\n<p>A palestra ser\u00e1 conduzida pelo engenheiro civil e tenente do Corpo de Bombeiros de S\u00e3o Paulo, <strong>Roberto Ferven\u00e7a<\/strong>, diretor de opera\u00e7\u00f5es do Grupo HDR Preven\u00e7\u00e3o Contra Inc\u00eandio.<\/p>\n<p>Ser\u00e3o abordados temas como as exig\u00eancias t\u00e9cnicas e os cuidados necess\u00e1rios para garantir a seguran\u00e7a no processo de instala\u00e7\u00e3o e utiliza\u00e7\u00e3o dos carregadores.<\/p>\n<p>O encontro ser\u00e1 realizado na<strong> sede da Acirp,<\/strong> na rua Visconde de Inha\u00fama, 489, no Centro de Ribeir\u00e3o Preto, das 18h30 \u00e0s 21h30. A entrada \u00e9 solid\u00e1ria, <strong>mediante a doa\u00e7\u00e3o de 1 kg de alimento n\u00e3o perec\u00edvel<\/strong>. As inscri\u00e7\u00f5es e mais informa\u00e7\u00f5es est\u00e3o dispon\u00edveis no site \u2013 <a href=\"https:\/\/www.acirp.com.br\/eventos\/evento-detalhe\/1872\" data-type=\"link\" data-id=\"https:\/\/www.acirp.com.br\/eventos\/evento-detalhe\/1872\" target=\"_blank\" rel=\"noopener\">clique aqui<\/a>. <\/p>\n<hr class=\"wp-block-separator has-alpha-channel-opacity\"\/>\n<p>SAIBA MAIS<\/p>\n<p>Entenda por que as obras de revitaliza\u00e7\u00e3o da Catedral de Ribeir\u00e3o ainda n\u00e3o come\u00e7aram<\/p>\n<p><strong>FIQUE ON<\/strong><\/p>\n<p>Fique ligado em tudo que acontece em Ribeir\u00e3o Preto e regi\u00e3o. Siga os perfis do\u00a0<strong>acidade on<\/strong>\u00a0no<a href=\"https:\/\/www.instagram.com\/acidadeonribeirao\" target=\"_blank\" rel=\"noreferrer noopener\">\u00a0Instagram\u00a0<\/a>e no\u00a0<a href=\"https:\/\/www.facebook.com\/acidadeonribeirao\/\" target=\"_blank\" rel=\"noreferrer noopener\">Facebook<\/a>.<\/p>\n<p>Receba not\u00edcias do<strong>\u00a0acidade on<\/strong>\u00a0no WhatsApp. Para entrar no grupo,\u00a0basta\u00a0<a href=\"https:\/\/chat.whatsapp.com\/I4nieTEMKlf50pJ28aMemC?mode=ac_t\" target=\"_blank\" rel=\"noreferrer noopener\">clicar aqui<\/a>. Ou, acesse o nosso\u00a0Canal\u00a0<a href=\"https:\/\/whatsapp.com\/channel\/0029Vb6IQl1JENyAeS57fk2p\" target=\"_blank\" rel=\"noreferrer noopener\">clicando aqui<\/a>.<\/p>\n<p>Fa\u00e7a uma den\u00fancia ou sugira uma reportagem sobre Ribeir\u00e3o Preto e regi\u00e3o pelo WhatsApp: 16 99117 7802.<\/p>\n<p>VEJA TAMB\u00c9M<\/p>\n<p>O que Virginia Fonseca falou sobre poss\u00edvel romance com Vini Jr?<\/p>\n<p><!-- AI CONTENT END 1 -->\n<\/div>\n<\/div>\n<p><script async src=\"\/\/www.instagram.com\/embed.js\"><\/script><br \/>\n<br \/><br \/>\n<br \/><a href=\"https:\/\/www.acidadeon.com\/ribeiraopreto\/cotidiano\/ribeirao-preto-recebe-evento-sobre-recarga-de-carros-eletricos-em-condominios\/\">Source link <\/a><\/p>\n<!-- CONTENT END 1 -->\n","protected":false},"excerpt":{"rendered":"<p>A Associa\u00e7\u00e3o Comercial e Industrial de Ribeir\u00e3o Preto (Acirp) promove nesta quarta-feira (3), a partir das 18h30, um evento sobre os desafios da eletromobilidade em&#8230;<\/p>\n","protected":false},"author":1,"featured_media":76654,"comment_status":"open","ping_status":"open","sticky":false,"template":"","format":"standard","meta":{"advanced_seo_description":"","jetpack_seo_html_title":"","jetpack_seo_noindex":false,"jetpack_post_was_ever_published":false,"_jetpack_newsletter_access":"","_jetpack_dont_email_post_to_subs":false,"_jetpack_newsletter_tier_id":0,"_jetpack_memberships_contains_paywalled_content":false,"_jetpack_memberships_contains_paid_content":false,"footnotes":"","jetpack_publicize_message":"","jetpack_publicize_feature_enabled":true,"jetpack_social_post_already_shared":true,"jetpack_social_options":{"image_generator_settings":{"template":"highway","default_image_id":0,"font":"","enabled":false},"version":2}},"categories":[11],"tags":[],"class_list":["post-76653","post","type-post","status-publish","format-standard","has-post-thumbnail","hentry","category-noticias-de-ribeirao-preto-sp-e-regiao-ismael-colosi"],"jetpack_publicize_connections":[],"jetpack_featured_media_url":"https:\/\/i0.wp.com\/noticiasribeiraopreto.com.br\/wp-content\/uploads\/2025\/09\/Copia-de-Copia-de-Copia-de-TAMANHO-EXATO-PARA-FOTOS-NO-SISTEMA-NOVO-2025-09-02T194227.096_2025-09-02_22-42-58.webp.webp?fit=1200%2C675&ssl=1","jetpack-related-posts":[{"id":53410,"url":"https:\/\/noticiasribeiraopreto.com.br\/index.php\/2024\/06\/19\/carros-eletricos-em-condominios-o-que-voce-precisa-saber\/","url_meta":{"origin":76653,"position":0},"title":"Carros el\u00e9tricos em condom\u00ednios: O que voc\u00ea precisa saber","author":"noticiasribeiraopreto.com.br","date":"19 de June de 2024","format":false,"excerpt":"Os n\u00fameros de compras de carros el\u00e9tricos no Brasil est\u00e3o crescendo. Segundo o relat\u00f3rio LongTerm-Eletric Vehicle Outlook (EVO) da Blomberg NEF, o mercado de eletromobilidade pode atingir US$ 9 trilh\u00f5es at\u00e9 2030 em todo o mundo, e as vendas de carros el\u00e9tricos devem quintuplicar no Brasil at\u00e9 2027. Em maio\u2026","rel":"","context":"In &quot;Not\u00edcias de Ribeir\u00e3o Preto-SP e Regi\u00e3o&quot;","block_context":{"text":"Not\u00edcias de Ribeir\u00e3o Preto-SP e Regi\u00e3o","link":"https:\/\/noticiasribeiraopreto.com.br\/index.php\/category\/noticias-de-ribeirao-preto-sp-e-regiao-ismael-colosi\/"},"img":{"alt_text":"","src":"https:\/\/i0.wp.com\/noticiasribeiraopreto.com.br\/wp-content\/uploads\/2024\/03\/AnyConv.com__WhatsApp-Image-2024-02-29-at-15.18.26.webp.webp?fit=640%2C405&ssl=1&resize=350%2C200","width":350,"height":200,"srcset":"https:\/\/i0.wp.com\/noticiasribeiraopreto.com.br\/wp-content\/uploads\/2024\/03\/AnyConv.com__WhatsApp-Image-2024-02-29-at-15.18.26.webp.webp?fit=640%2C405&ssl=1&resize=350%2C200 1x, https:\/\/i0.wp.com\/noticiasribeiraopreto.com.br\/wp-content\/uploads\/2024\/03\/AnyConv.com__WhatsApp-Image-2024-02-29-at-15.18.26.webp.webp?fit=640%2C405&ssl=1&resize=525%2C300 1.5x"},"classes":[]},{"id":79932,"url":"https:\/\/noticiasribeiraopreto.com.br\/index.php\/2025\/11\/11\/como-aumentar-a-seguranca-no-condominio-palestra-em-ribeirao-preto-traz-orientacoes\/","url_meta":{"origin":76653,"position":1},"title":"Como aumentar a seguran\u00e7a no condom\u00ednio? Palestra em Ribeir\u00e3o Preto traz orienta\u00e7\u00f5es","author":"noticiasribeiraopreto.com.br","date":"11 de November de 2025","format":false,"excerpt":"A Associa\u00e7\u00e3o Comercial e Industrial de Ribeir\u00e3o Preto (Acirp) promove, no dia 24 de novembro, \u00e0s 18h30, uma palestra e roda de conversa sobre seguran\u00e7a em condom\u00ednios. O evento faz parte das a\u00e7\u00f5es em comemora\u00e7\u00e3o ao Dia do S\u00edndico, celebrado em 30 de novembro. Preven\u00e7\u00e3o e responsabilidade condominial A atividade\u2026","rel":"","context":"In &quot;Not\u00edcias de Ribeir\u00e3o Preto-SP e Regi\u00e3o&quot;","block_context":{"text":"Not\u00edcias de Ribeir\u00e3o Preto-SP e Regi\u00e3o","link":"https:\/\/noticiasribeiraopreto.com.br\/index.php\/category\/noticias-de-ribeirao-preto-sp-e-regiao-ismael-colosi\/"},"img":{"alt_text":"","src":"https:\/\/i0.wp.com\/noticiasribeiraopreto.com.br\/wp-content\/uploads\/2025\/11\/1280-x-659-header-Foto-Acirp-13-_2025-11-11_15-32-25.webp.webp?fit=1200%2C618&ssl=1&resize=350%2C200","width":350,"height":200,"srcset":"https:\/\/i0.wp.com\/noticiasribeiraopreto.com.br\/wp-content\/uploads\/2025\/11\/1280-x-659-header-Foto-Acirp-13-_2025-11-11_15-32-25.webp.webp?fit=1200%2C618&ssl=1&resize=350%2C200 1x, https:\/\/i0.wp.com\/noticiasribeiraopreto.com.br\/wp-content\/uploads\/2025\/11\/1280-x-659-header-Foto-Acirp-13-_2025-11-11_15-32-25.webp.webp?fit=1200%2C618&ssl=1&resize=525%2C300 1.5x, https:\/\/i0.wp.com\/noticiasribeiraopreto.com.br\/wp-content\/uploads\/2025\/11\/1280-x-659-header-Foto-Acirp-13-_2025-11-11_15-32-25.webp.webp?fit=1200%2C618&ssl=1&resize=700%2C400 2x, https:\/\/i0.wp.com\/noticiasribeiraopreto.com.br\/wp-content\/uploads\/2025\/11\/1280-x-659-header-Foto-Acirp-13-_2025-11-11_15-32-25.webp.webp?fit=1200%2C618&ssl=1&resize=1050%2C600 3x"},"classes":[]},{"id":65121,"url":"https:\/\/noticiasribeiraopreto.com.br\/index.php\/2025\/03\/16\/projeto-de-lei-158-25-pode-revolucionar-a-recarga-de-carros-eletricos-em-condominios-no-brasil\/","url_meta":{"origin":76653,"position":2},"title":"Projeto de Lei 158\/25 pode revolucionar a recarga de carros el\u00e9tricos em condom\u00ednios no Brasil","author":"noticiasribeiraopreto.com.br","date":"16 de March de 2025","format":false,"excerpt":"Proposta em tramita\u00e7\u00e3o na C\u00e2mara dos Deputados busca eliminar barreiras \u00e0 mobilidade el\u00e9trica e alinhar o pa\u00eds \u00e0s metas globais de sustentabilidade. Enquanto o mercado de ve\u00edculos el\u00e9tricos (VEs) cresce a taxas recordes no Brasil \u2013 com vendas saltando\u00a067% em 2024, segundo a Associa\u00e7\u00e3o Brasileira de Ve\u00edculos El\u00e9tricos (ABVE) \u2013,\u2026","rel":"","context":"In &quot;Not\u00edcias de Ribeir\u00e3o Preto-SP e Regi\u00e3o&quot;","block_context":{"text":"Not\u00edcias de Ribeir\u00e3o Preto-SP e Regi\u00e3o","link":"https:\/\/noticiasribeiraopreto.com.br\/index.php\/category\/noticias-de-ribeirao-preto-sp-e-regiao-ismael-colosi\/"},"img":{"alt_text":"","src":"https:\/\/i0.wp.com\/noticiasribeiraopreto.com.br\/wp-content\/uploads\/2025\/02\/marcio-spimpolo_2025-02-14_21-18-47_jpeg_2025-02-14_21-18-47.webp.webp?fit=1200%2C675&ssl=1&resize=350%2C200","width":350,"height":200,"srcset":"https:\/\/i0.wp.com\/noticiasribeiraopreto.com.br\/wp-content\/uploads\/2025\/02\/marcio-spimpolo_2025-02-14_21-18-47_jpeg_2025-02-14_21-18-47.webp.webp?fit=1200%2C675&ssl=1&resize=350%2C200 1x, https:\/\/i0.wp.com\/noticiasribeiraopreto.com.br\/wp-content\/uploads\/2025\/02\/marcio-spimpolo_2025-02-14_21-18-47_jpeg_2025-02-14_21-18-47.webp.webp?fit=1200%2C675&ssl=1&resize=525%2C300 1.5x, https:\/\/i0.wp.com\/noticiasribeiraopreto.com.br\/wp-content\/uploads\/2025\/02\/marcio-spimpolo_2025-02-14_21-18-47_jpeg_2025-02-14_21-18-47.webp.webp?fit=1200%2C675&ssl=1&resize=700%2C400 2x, https:\/\/i0.wp.com\/noticiasribeiraopreto.com.br\/wp-content\/uploads\/2025\/02\/marcio-spimpolo_2025-02-14_21-18-47_jpeg_2025-02-14_21-18-47.webp.webp?fit=1200%2C675&ssl=1&resize=1050%2C600 3x"},"classes":[]},{"id":82652,"url":"https:\/\/noticiasribeiraopreto.com.br\/index.php\/2026\/02\/22\/o-fim-do-veto-aos-carros-eletricos-nos-condominios-do-estado-de-sp\/","url_meta":{"origin":76653,"position":3},"title":"O Fim do &#8216;Veto&#8217; aos Carros El\u00e9tricos nos Condom\u00ednios do Estado de SP","author":"noticiasribeiraopreto.com.br","date":"22 de February de 2026","format":false,"excerpt":"O Estado de S\u00e3o Paulo acaba de consolidar um novo cap\u00edtulo na hist\u00f3ria do Direito Condominial e da sustentabilidade urbana. No dia 19 de fevereiro de 2026, foi publicada a Lei Estadual n\u00ba 18.403, que garante ao cond\u00f4mino o direito de instalar esta\u00e7\u00f5es de recarga individual para ve\u00edculos el\u00e9tricos em\u2026","rel":"","context":"In &quot;Not\u00edcias de Ribeir\u00e3o Preto-SP e Regi\u00e3o&quot;","block_context":{"text":"Not\u00edcias de Ribeir\u00e3o Preto-SP e Regi\u00e3o","link":"https:\/\/noticiasribeiraopreto.com.br\/index.php\/category\/noticias-de-ribeirao-preto-sp-e-regiao-ismael-colosi\/"},"img":{"alt_text":"","src":"https:\/\/i0.wp.com\/noticiasribeiraopreto.com.br\/wp-content\/uploads\/2025\/07\/DR-MARCIO-SPIMPOLO_2025-05-16_17-40-37.webp.webp?fit=997%2C718&ssl=1&resize=350%2C200","width":350,"height":200,"srcset":"https:\/\/i0.wp.com\/noticiasribeiraopreto.com.br\/wp-content\/uploads\/2025\/07\/DR-MARCIO-SPIMPOLO_2025-05-16_17-40-37.webp.webp?fit=997%2C718&ssl=1&resize=350%2C200 1x, https:\/\/i0.wp.com\/noticiasribeiraopreto.com.br\/wp-content\/uploads\/2025\/07\/DR-MARCIO-SPIMPOLO_2025-05-16_17-40-37.webp.webp?fit=997%2C718&ssl=1&resize=525%2C300 1.5x, https:\/\/i0.wp.com\/noticiasribeiraopreto.com.br\/wp-content\/uploads\/2025\/07\/DR-MARCIO-SPIMPOLO_2025-05-16_17-40-37.webp.webp?fit=997%2C718&ssl=1&resize=700%2C400 2x"},"classes":[]},{"id":79525,"url":"https:\/\/noticiasribeiraopreto.com.br\/index.php\/2025\/11\/03\/evento-em-ribeirao-discute-seguranca-e-boas-praticas-em-condominios-saiba-como-participar\/","url_meta":{"origin":76653,"position":4},"title":"Evento em Ribeir\u00e3o discute seguran\u00e7a e boas pr\u00e1ticas em condom\u00ednios; Saiba como participar","author":"noticiasribeiraopreto.com.br","date":"3 de November de 2025","format":false,"excerpt":"Acidentes em pr\u00e9dios brasileiros nos \u00faltimos anos refor\u00e7am a necessidade de manuten\u00e7\u00e3o predial e da presen\u00e7a de profissionais habilitados na gest\u00e3o de condom\u00ednios. Para discutir o tema, Ribeir\u00e3o Preto recebe nesta quinta-feira (6), a partir das 18h, na sede da Associa\u00e7\u00e3o de Engenharia, Arquitetura e Agronomia de Ribeir\u00e3o Preto (AEAARP),\u2026","rel":"","context":"In &quot;Not\u00edcias de Ribeir\u00e3o Preto-SP e Regi\u00e3o&quot;","block_context":{"text":"Not\u00edcias de Ribeir\u00e3o Preto-SP e Regi\u00e3o","link":"https:\/\/noticiasribeiraopreto.com.br\/index.php\/category\/noticias-de-ribeirao-preto-sp-e-regiao-ismael-colosi\/"},"img":{"alt_text":"","src":"https:\/\/i0.wp.com\/noticiasribeiraopreto.com.br\/wp-content\/uploads\/2025\/11\/WhatsApp-Image-2024-06-13-at-10.11.31_2024-06-13_13-22-04_jpeg_2024-06-13_13-22-05-1024x576.webp.webp?fit=1024%2C576&ssl=1&resize=350%2C200","width":350,"height":200,"srcset":"https:\/\/i0.wp.com\/noticiasribeiraopreto.com.br\/wp-content\/uploads\/2025\/11\/WhatsApp-Image-2024-06-13-at-10.11.31_2024-06-13_13-22-04_jpeg_2024-06-13_13-22-05-1024x576.webp.webp?fit=1024%2C576&ssl=1&resize=350%2C200 1x, https:\/\/i0.wp.com\/noticiasribeiraopreto.com.br\/wp-content\/uploads\/2025\/11\/WhatsApp-Image-2024-06-13-at-10.11.31_2024-06-13_13-22-04_jpeg_2024-06-13_13-22-05-1024x576.webp.webp?fit=1024%2C576&ssl=1&resize=525%2C300 1.5x, https:\/\/i0.wp.com\/noticiasribeiraopreto.com.br\/wp-content\/uploads\/2025\/11\/WhatsApp-Image-2024-06-13-at-10.11.31_2024-06-13_13-22-04_jpeg_2024-06-13_13-22-05-1024x576.webp.webp?fit=1024%2C576&ssl=1&resize=700%2C400 2x"},"classes":[]},{"id":76166,"url":"https:\/\/noticiasribeiraopreto.com.br\/index.php\/2025\/08\/23\/ribeirao-preto-recebe-palestra-sobre-leis-no-setor-de-alimentos-e-bebidas\/","url_meta":{"origin":76653,"position":5},"title":"Ribeir\u00e3o Preto recebe palestra sobre leis no setor de alimentos e bebidas","author":"noticiasribeiraopreto.com.br","date":"23 de August de 2025","format":false,"excerpt":"A Associa\u00e7\u00e3o Comercial e Industrial de Ribeir\u00e3o Preto (Acirp) promove na pr\u00f3xima segunda-feira (25), \u00e0s 18h30, uma palestra voltada para empres\u00e1rios do setor de alimentos e bebidas. O evento, organizado pelo N\u00facleo Especializado em Seguran\u00e7a dos Alimentos (Tecmentar), faz parte do Programa Empreender da Acirp. A palestra abordar\u00e1 legisla\u00e7\u00e3o, fiscaliza\u00e7\u00e3o\u2026","rel":"","context":"In &quot;Not\u00edcias de Ribeir\u00e3o Preto-SP e Regi\u00e3o&quot;","block_context":{"text":"Not\u00edcias de Ribeir\u00e3o Preto-SP e Regi\u00e3o","link":"https:\/\/noticiasribeiraopreto.com.br\/index.php\/category\/noticias-de-ribeirao-preto-sp-e-regiao-ismael-colosi\/"},"img":{"alt_text":"","src":"https:\/\/i0.wp.com\/noticiasribeiraopreto.com.br\/wp-content\/uploads\/2025\/08\/1280-x-659-header-Foto-Acirp-1-1_2025-08-23_14-49-12.webp.webp?fit=1200%2C618&ssl=1&resize=350%2C200","width":350,"height":200,"srcset":"https:\/\/i0.wp.com\/noticiasribeiraopreto.com.br\/wp-content\/uploads\/2025\/08\/1280-x-659-header-Foto-Acirp-1-1_2025-08-23_14-49-12.webp.webp?fit=1200%2C618&ssl=1&resize=350%2C200 1x, https:\/\/i0.wp.com\/noticiasribeiraopreto.com.br\/wp-content\/uploads\/2025\/08\/1280-x-659-header-Foto-Acirp-1-1_2025-08-23_14-49-12.webp.webp?fit=1200%2C618&ssl=1&resize=525%2C300 1.5x, https:\/\/i0.wp.com\/noticiasribeiraopreto.com.br\/wp-content\/uploads\/2025\/08\/1280-x-659-header-Foto-Acirp-1-1_2025-08-23_14-49-12.webp.webp?fit=1200%2C618&ssl=1&resize=700%2C400 2x, https:\/\/i0.wp.com\/noticiasribeiraopreto.com.br\/wp-content\/uploads\/2025\/08\/1280-x-659-header-Foto-Acirp-1-1_2025-08-23_14-49-12.webp.webp?fit=1200%2C618&ssl=1&resize=1050%2C600 3x"},"classes":[]}],"jetpack_sharing_enabled":true,"jetpack_shortlink":"https:\/\/wp.me\/peQAOb-jWl","_links":{"self":[{"href":"https:\/\/noticiasribeiraopreto.com.br\/index.php\/wp-json\/wp\/v2\/posts\/76653","targetHints":{"allow":["GET"]}}],"collection":[{"href":"https:\/\/noticiasribeiraopreto.com.br\/index.php\/wp-json\/wp\/v2\/posts"}],"about":[{"href":"https:\/\/noticiasribeiraopreto.com.br\/index.php\/wp-json\/wp\/v2\/types\/post"}],"author":[{"embeddable":true,"href":"https:\/\/noticiasribeiraopreto.com.br\/index.php\/wp-json\/wp\/v2\/users\/1"}],"replies":[{"embeddable":true,"href":"https:\/\/noticiasribeiraopreto.com.br\/index.php\/wp-json\/wp\/v2\/comments?post=76653"}],"version-history":[{"count":0,"href":"https:\/\/noticiasribeiraopreto.com.br\/index.php\/wp-json\/wp\/v2\/posts\/76653\/revisions"}],"wp:featuredmedia":[{"embeddable":true,"href":"https:\/\/noticiasribeiraopreto.com.br\/index.php\/wp-json\/wp\/v2\/media\/76654"}],"wp:attachment":[{"href":"https:\/\/noticiasribeiraopreto.com.br\/index.php\/wp-json\/wp\/v2\/media?parent=76653"}],"wp:term":[{"taxonomy":"category","embeddable":true,"href":"https:\/\/noticiasribeiraopreto.com.br\/index.php\/wp-json\/wp\/v2\/categories?post=76653"},{"taxonomy":"post_tag","embeddable":true,"href":"https:\/\/noticiasribeiraopreto.com.br\/index.php\/wp-json\/wp\/v2\/tags?post=76653"}],"curies":[{"name":"wp","href":"https:\/\/api.w.org\/{rel}","templated":true}]}}