{"id":76657,"date":"2025-09-02T20:56:36","date_gmt":"2025-09-02T23:56:36","guid":{"rendered":"https:\/\/noticiasribeiraopreto.com.br\/index.php\/2025\/09\/02\/ribeirao-preto-amplia-vacinacao-contra-hpv-saiba-quem-pode-se-vacinar\/"},"modified":"2025-09-02T20:56:36","modified_gmt":"2025-09-02T23:56:36","slug":"ribeirao-preto-amplia-vacinacao-contra-hpv-saiba-quem-pode-se-vacinar","status":"publish","type":"post","link":"https:\/\/noticiasribeiraopreto.com.br\/index.php\/2025\/09\/02\/ribeirao-preto-amplia-vacinacao-contra-hpv-saiba-quem-pode-se-vacinar\/","title":{"rendered":"Ribeir\u00e3o Preto amplia vacina\u00e7\u00e3o contra HPV; saiba quem pode se vacinar"},"content":{"rendered":"<div class='code-block code-block-1' style='margin: 8px 0 8px auto; text-align: right; display: block; clear: both;'>\n<p><a href=\"https:\/\/wa.link\/vpicfd\"><img data-recalc-dims=\"1\" class=\"wp-image-4922\" style=\"aspect-ratio: 2.0253164556962027; width: 561px; height: auto;\" src=\"https:\/\/i0.wp.com\/ismaelcolosi.com.br\/wp-content\/uploads\/2023\/11\/grupo-de-empregos-whatsapp-e-facebook-ismael-colosi-vagas.jpg?ssl=1\" alt=\"\" \/><\/a><\/p>\n<!-- \/wp:image -->\n<\/div>\n<p> <br \/>\n<\/p>\n<div data-td-block-uid=\"tdi_95\">\n<div class=\"tdb-block-inner td-fix-index\">\n<p>Adolescentes de <strong>15 a 19 anos<\/strong> j\u00e1 podem receber a <strong>vacina contra o HPV<\/strong> em Ribeir\u00e3o Preto. Antes dispon\u00edvel apenas para jovens de <strong>9 a 14 anos<\/strong>, a amplia\u00e7\u00e3o segue a diretriz do <strong>Minist\u00e9rio da Sa\u00fade<\/strong>.<\/p>\n<h3 class=\"wp-block-heading\"><strong>Quem pode se vacinar?<\/strong><\/h3>\n<p>O imunizante est\u00e1 dispon\u00edvel para adolescentes que nunca receberam a <strong>vacina contra o HPV<\/strong>. As doses s\u00e3o aplicadas em todas as <strong>47 salas de vacina do munic\u00edpio<\/strong>, sem necessidade de agendamento. \u00c9 preciso apresentar <strong>documento de identidade<\/strong> e, se houver, a <strong>carteira de vacina\u00e7\u00e3o<\/strong>.<\/p>\n<h3 class=\"wp-block-heading\"><strong>Vacina\u00e7\u00e3o nas escolas<\/strong><\/h3>\n<p>Em breve, a prefeitura informou que vai implementar um <strong>cronograma de vacina\u00e7\u00e3o nas escolas estaduais<\/strong>, facilitando o acesso dos jovens e ampliando a cobertura vacinal.<\/p>\n<hr class=\"wp-block-separator has-alpha-channel-opacity\"\/>\n<p>SAIBA MAIS<\/p>\n<p>Entenda por que as obras de revitaliza\u00e7\u00e3o da Catedral de Ribeir\u00e3o ainda n\u00e3o come\u00e7aram<\/p>\n<p><strong>FIQUE ON<\/strong><\/p>\n<p>Fique ligado em tudo que acontece em Ribeir\u00e3o Preto e regi\u00e3o. Siga os perfis do\u00a0<strong>acidade on<\/strong>\u00a0no<a href=\"https:\/\/www.instagram.com\/acidadeonribeirao\" target=\"_blank\" rel=\"noreferrer noopener\">\u00a0Instagram\u00a0<\/a>e no\u00a0<a href=\"https:\/\/www.facebook.com\/acidadeonribeirao\/\" target=\"_blank\" rel=\"noreferrer noopener\">Facebook<\/a>.<\/p>\n<p>Receba not\u00edcias do<strong>\u00a0acidade on<\/strong>\u00a0no WhatsApp. Para entrar no grupo,\u00a0basta\u00a0<a href=\"https:\/\/chat.whatsapp.com\/I4nieTEMKlf50pJ28aMemC?mode=ac_t\" target=\"_blank\" rel=\"noreferrer noopener\">clicar aqui<\/a>. Ou, acesse o nosso\u00a0Canal\u00a0<a href=\"https:\/\/whatsapp.com\/channel\/0029Vb6IQl1JENyAeS57fk2p\" target=\"_blank\" rel=\"noreferrer noopener\">clicando aqui<\/a>.<\/p>\n<p>Fa\u00e7a uma den\u00fancia ou sugira uma reportagem sobre Ribeir\u00e3o Preto e regi\u00e3o pelo WhatsApp: 16 99117 7802.<\/p>\n<p>VEJA TAMB\u00c9M<\/p>\n<p>O que Virginia Fonseca falou sobre poss\u00edvel romance com Vini Jr?<\/p>\n<p><!-- AI CONTENT END 1 -->\n<\/div>\n<\/div>\n<p><script async src=\"\/\/www.instagram.com\/embed.js\"><\/script><br \/>\n<br \/><br \/>\n<br \/><a href=\"https:\/\/www.acidadeon.com\/ribeiraopreto\/cotidiano\/ribeirao-preto-amplia-vacinacao-contra-hpv-saiba-quem-pode-se-vacinar\/\">Source link <\/a><\/p>\n<!-- CONTENT END 1 -->\n","protected":false},"excerpt":{"rendered":"<p>Adolescentes de 15 a 19 anos j\u00e1 podem receber a vacina contra o HPV em Ribeir\u00e3o Preto. Antes dispon\u00edvel apenas para jovens de 9 a&#8230;<\/p>\n","protected":false},"author":1,"featured_media":76658,"comment_status":"open","ping_status":"open","sticky":false,"template":"","format":"standard","meta":{"advanced_seo_description":"","jetpack_seo_html_title":"","jetpack_seo_noindex":false,"jetpack_post_was_ever_published":false,"_jetpack_newsletter_access":"","_jetpack_dont_email_post_to_subs":false,"_jetpack_newsletter_tier_id":0,"_jetpack_memberships_contains_paywalled_content":false,"_jetpack_memberships_contains_paid_content":false,"footnotes":"","jetpack_publicize_message":"","jetpack_publicize_feature_enabled":true,"jetpack_social_post_already_shared":true,"jetpack_social_options":{"image_generator_settings":{"template":"highway","default_image_id":0,"font":"","enabled":false},"version":2}},"categories":[11],"tags":[],"class_list":["post-76657","post","type-post","status-publish","format-standard","has-post-thumbnail","hentry","category-noticias-de-ribeirao-preto-sp-e-regiao-ismael-colosi"],"jetpack_publicize_connections":[],"jetpack_featured_media_url":"https:\/\/i0.wp.com\/noticiasribeiraopreto.com.br\/wp-content\/uploads\/2025\/09\/Copia-de-Copia-de-Copia-de-TAMANHO-EXATO-PARA-FOTOS-NO-SISTEMA-NOVO-2025-09-02T175736.162_2025-09-02_20-57-51.webp.webp?fit=1200%2C675&ssl=1","jetpack-related-posts":[{"id":81165,"url":"https:\/\/noticiasribeiraopreto.com.br\/index.php\/2025\/12\/26\/ribeirao-prorroga-vacinacao-contra-hpv-para-jovens-de-15-a-19-anos\/","url_meta":{"origin":76657,"position":0},"title":"Ribeir\u00e3o prorroga vacina\u00e7\u00e3o contra HPV para jovens de 15 a 19 anos","author":"noticiasribeiraopreto.com.br","date":"26 de December de 2025","format":false,"excerpt":"A Prefeitura de Ribeir\u00e3o Preto informou que foi prorrogada at\u00e9 junho de 2026, a vacina\u00e7\u00e3o contra o HPV para adolescentes de 15 a 19 anos no munic\u00edpio. Atualmente, a cobertura vacinal em Ribeir\u00e3o entre as meninas \u00e9 de 75,45% e entre os meninos, 62,94%, segundo a Administra\u00e7\u00e3o. A medida segue\u2026","rel":"","context":"In &quot;Not\u00edcias de Ribeir\u00e3o Preto-SP e Regi\u00e3o&quot;","block_context":{"text":"Not\u00edcias de Ribeir\u00e3o Preto-SP e Regi\u00e3o","link":"https:\/\/noticiasribeiraopreto.com.br\/index.php\/category\/noticias-de-ribeirao-preto-sp-e-regiao-ismael-colosi\/"},"img":{"alt_text":"","src":"https:\/\/i0.wp.com\/noticiasribeiraopreto.com.br\/wp-content\/uploads\/2025\/11\/vacinacao_h1n1_-_foto_fernando_gonzaga_1_2025-11-04_16-59-11.webp.webp?fit=1200%2C800&ssl=1&resize=350%2C200","width":350,"height":200,"srcset":"https:\/\/i0.wp.com\/noticiasribeiraopreto.com.br\/wp-content\/uploads\/2025\/11\/vacinacao_h1n1_-_foto_fernando_gonzaga_1_2025-11-04_16-59-11.webp.webp?fit=1200%2C800&ssl=1&resize=350%2C200 1x, https:\/\/i0.wp.com\/noticiasribeiraopreto.com.br\/wp-content\/uploads\/2025\/11\/vacinacao_h1n1_-_foto_fernando_gonzaga_1_2025-11-04_16-59-11.webp.webp?fit=1200%2C800&ssl=1&resize=525%2C300 1.5x, https:\/\/i0.wp.com\/noticiasribeiraopreto.com.br\/wp-content\/uploads\/2025\/11\/vacinacao_h1n1_-_foto_fernando_gonzaga_1_2025-11-04_16-59-11.webp.webp?fit=1200%2C800&ssl=1&resize=700%2C400 2x, https:\/\/i0.wp.com\/noticiasribeiraopreto.com.br\/wp-content\/uploads\/2025\/11\/vacinacao_h1n1_-_foto_fernando_gonzaga_1_2025-11-04_16-59-11.webp.webp?fit=1200%2C800&ssl=1&resize=1050%2C600 3x"},"classes":[]},{"id":81007,"url":"https:\/\/noticiasribeiraopreto.com.br\/index.php\/2025\/12\/20\/vacinacao-contra-hpv-e-prorrogada-ate-junho\/","url_meta":{"origin":76657,"position":1},"title":"Vacina\u00e7\u00e3o contra HPV \u00e9 prorrogada at\u00e9 junho","author":"noticiasribeiraopreto.com.br","date":"20 de December de 2025","format":false,"excerpt":"\r \r \r 20 de dezembro de 2025 11:1120 de dezembro de 2025 02:01 \r Compartilhar0 A vacina\u00e7\u00e3o contra o HPV para adolescentes de 15 a 19 anos foi prorrogada at\u00e9 junho de 2026 em Ribeir\u00e3o Preto. A medida segue diretriz do Minist\u00e9rio da Sa\u00fade e busca ampliar a cobertura\u2026","rel":"","context":"In &quot;Not\u00edcias de Ribeir\u00e3o Preto-SP e Regi\u00e3o&quot;","block_context":{"text":"Not\u00edcias de Ribeir\u00e3o Preto-SP e Regi\u00e3o","link":"https:\/\/noticiasribeiraopreto.com.br\/index.php\/category\/noticias-de-ribeirao-preto-sp-e-regiao-ismael-colosi\/"},"img":{"alt_text":"","src":"https:\/\/i0.wp.com\/noticiasribeiraopreto.com.br\/wp-content\/uploads\/2025\/12\/VacinaHPV-Guilherme-Sircili-scaled.jpg?fit=1171%2C780&ssl=1&resize=350%2C200","width":350,"height":200,"srcset":"https:\/\/i0.wp.com\/noticiasribeiraopreto.com.br\/wp-content\/uploads\/2025\/12\/VacinaHPV-Guilherme-Sircili-scaled.jpg?fit=1171%2C780&ssl=1&resize=350%2C200 1x, https:\/\/i0.wp.com\/noticiasribeiraopreto.com.br\/wp-content\/uploads\/2025\/12\/VacinaHPV-Guilherme-Sircili-scaled.jpg?fit=1171%2C780&ssl=1&resize=525%2C300 1.5x, https:\/\/i0.wp.com\/noticiasribeiraopreto.com.br\/wp-content\/uploads\/2025\/12\/VacinaHPV-Guilherme-Sircili-scaled.jpg?fit=1171%2C780&ssl=1&resize=700%2C400 2x, https:\/\/i0.wp.com\/noticiasribeiraopreto.com.br\/wp-content\/uploads\/2025\/12\/VacinaHPV-Guilherme-Sircili-scaled.jpg?fit=1171%2C780&ssl=1&resize=1050%2C600 3x"},"classes":[]},{"id":79601,"url":"https:\/\/noticiasribeiraopreto.com.br\/index.php\/2025\/11\/04\/ribeirao-preto-tem-dia-d-de-vacinacao-contra-dengue-e-hpv-saiba-quando\/","url_meta":{"origin":76657,"position":2},"title":"Ribeir\u00e3o Preto tem Dia D de vacina\u00e7\u00e3o contra dengue e HPV; Saiba quando","author":"noticiasribeiraopreto.com.br","date":"4 de November de 2025","format":false,"excerpt":"Ribeir\u00e3o Preto promove o Dia D de vacina\u00e7\u00e3o contra a dengue e o HPV, para crian\u00e7as e adolescentes. A a\u00e7\u00e3o acontece no pr\u00f3ximo s\u00e1bado (8) em todas as 38 salas de vacina do munic\u00edpio, das 8h \u00e0s 16h30. Clique aqui e veja os endere\u00e7os. Para a imuniza\u00e7\u00e3o \u00e9 necess\u00e1rio apresentar\u2026","rel":"","context":"In &quot;Not\u00edcias de Ribeir\u00e3o Preto-SP e Regi\u00e3o&quot;","block_context":{"text":"Not\u00edcias de Ribeir\u00e3o Preto-SP e Regi\u00e3o","link":"https:\/\/noticiasribeiraopreto.com.br\/index.php\/category\/noticias-de-ribeirao-preto-sp-e-regiao-ismael-colosi\/"},"img":{"alt_text":"","src":"https:\/\/i0.wp.com\/noticiasribeiraopreto.com.br\/wp-content\/uploads\/2025\/11\/vacinacao_h1n1_-_foto_fernando_gonzaga_1_2025-11-04_16-59-11.webp.webp?fit=1200%2C800&ssl=1&resize=350%2C200","width":350,"height":200,"srcset":"https:\/\/i0.wp.com\/noticiasribeiraopreto.com.br\/wp-content\/uploads\/2025\/11\/vacinacao_h1n1_-_foto_fernando_gonzaga_1_2025-11-04_16-59-11.webp.webp?fit=1200%2C800&ssl=1&resize=350%2C200 1x, https:\/\/i0.wp.com\/noticiasribeiraopreto.com.br\/wp-content\/uploads\/2025\/11\/vacinacao_h1n1_-_foto_fernando_gonzaga_1_2025-11-04_16-59-11.webp.webp?fit=1200%2C800&ssl=1&resize=525%2C300 1.5x, https:\/\/i0.wp.com\/noticiasribeiraopreto.com.br\/wp-content\/uploads\/2025\/11\/vacinacao_h1n1_-_foto_fernando_gonzaga_1_2025-11-04_16-59-11.webp.webp?fit=1200%2C800&ssl=1&resize=700%2C400 2x, https:\/\/i0.wp.com\/noticiasribeiraopreto.com.br\/wp-content\/uploads\/2025\/11\/vacinacao_h1n1_-_foto_fernando_gonzaga_1_2025-11-04_16-59-11.webp.webp?fit=1200%2C800&ssl=1&resize=1050%2C600 3x"},"classes":[]},{"id":78779,"url":"https:\/\/noticiasribeiraopreto.com.br\/index.php\/2025\/10\/18\/saude-tem-38-salas-abertas-neste-dia-d-de-vacinacao\/","url_meta":{"origin":76657,"position":3},"title":"Sa\u00fade tem 38 salas abertas neste \u2018Dia D\u2019 de vacina\u00e7\u00e3o","author":"noticiasribeiraopreto.com.br","date":"18 de October de 2025","format":false,"excerpt":"O Minist\u00e9rio da Sa\u00fade promove neste s\u00e1bado, 18 de outubro, o Dia D de mobiliza\u00e7\u00e3o nacional pela vacina\u00e7\u00e3o. Tradi\u00e7\u00e3o da Funda\u00e7\u00e3o Oswaldo Cruz (Fiocruz), o evento celebra a sa\u00fade e a cidadania, oferecendo gratuitamente vacinas para crian\u00e7as e adultos, al\u00e9m de atividades culturais, a\u00e7\u00f5es de divulga\u00e7\u00e3o cient\u00edfica e iniciativas de\u2026","rel":"","context":"In &quot;Not\u00edcias de Ribeir\u00e3o Preto-SP e Regi\u00e3o&quot;","block_context":{"text":"Not\u00edcias de Ribeir\u00e3o Preto-SP e Regi\u00e3o","link":"https:\/\/noticiasribeiraopreto.com.br\/index.php\/category\/noticias-de-ribeirao-preto-sp-e-regiao-ismael-colosi\/"},"img":{"alt_text":"","src":"https:\/\/i0.wp.com\/noticiasribeiraopreto.com.br\/wp-content\/uploads\/2025\/10\/2021_06_08_-_vacinacao_comorbidades_-_foto_fernando_gonzaga_6.jpg?fit=1200%2C799&ssl=1&resize=350%2C200","width":350,"height":200,"srcset":"https:\/\/i0.wp.com\/noticiasribeiraopreto.com.br\/wp-content\/uploads\/2025\/10\/2021_06_08_-_vacinacao_comorbidades_-_foto_fernando_gonzaga_6.jpg?fit=1200%2C799&ssl=1&resize=350%2C200 1x, https:\/\/i0.wp.com\/noticiasribeiraopreto.com.br\/wp-content\/uploads\/2025\/10\/2021_06_08_-_vacinacao_comorbidades_-_foto_fernando_gonzaga_6.jpg?fit=1200%2C799&ssl=1&resize=525%2C300 1.5x, https:\/\/i0.wp.com\/noticiasribeiraopreto.com.br\/wp-content\/uploads\/2025\/10\/2021_06_08_-_vacinacao_comorbidades_-_foto_fernando_gonzaga_6.jpg?fit=1200%2C799&ssl=1&resize=700%2C400 2x, https:\/\/i0.wp.com\/noticiasribeiraopreto.com.br\/wp-content\/uploads\/2025\/10\/2021_06_08_-_vacinacao_comorbidades_-_foto_fernando_gonzaga_6.jpg?fit=1200%2C799&ssl=1&resize=1050%2C600 3x"},"classes":[]},{"id":45299,"url":"https:\/\/noticiasribeiraopreto.com.br\/index.php\/2024\/04\/03\/hpv-quem-tem-uma-dose-esta-plenamente-vacinado-diz-ministerio\/","url_meta":{"origin":76657,"position":4},"title":"HPV: quem tem uma dose est\u00e1 plenamente vacinado, diz minist\u00e9rio","author":"noticiasribeiraopreto.com.br","date":"3 de April de 2024","format":false,"excerpt":"Crian\u00e7as e adolescentes com idade entre 9 e 14 anos que receberam apenas uma dose da vacina contra o HPV passam a ser classificados pelo Minist\u00e9rio da Sa\u00fade, a partir de agora, como plenamente vacinados. A afirma\u00e7\u00e3o \u00e9 do diretor do Programa Nacional de Imuniza\u00e7\u00e3o do Minist\u00e9rio da Sa\u00fade, Eder\u2026","rel":"","context":"In &quot;Not\u00edcias de Ribeir\u00e3o Preto-SP e Regi\u00e3o&quot;","block_context":{"text":"Not\u00edcias de Ribeir\u00e3o Preto-SP e Regi\u00e3o","link":"https:\/\/noticiasribeiraopreto.com.br\/index.php\/category\/noticias-de-ribeirao-preto-sp-e-regiao-ismael-colosi\/"},"img":{"alt_text":"","src":"https:\/\/i0.wp.com\/noticiasribeiraopreto.com.br\/wp-content\/uploads\/2024\/04\/hpv.jpg?fit=800%2C500&ssl=1&resize=350%2C200","width":350,"height":200,"srcset":"https:\/\/i0.wp.com\/noticiasribeiraopreto.com.br\/wp-content\/uploads\/2024\/04\/hpv.jpg?fit=800%2C500&ssl=1&resize=350%2C200 1x, https:\/\/i0.wp.com\/noticiasribeiraopreto.com.br\/wp-content\/uploads\/2024\/04\/hpv.jpg?fit=800%2C500&ssl=1&resize=525%2C300 1.5x, https:\/\/i0.wp.com\/noticiasribeiraopreto.com.br\/wp-content\/uploads\/2024\/04\/hpv.jpg?fit=800%2C500&ssl=1&resize=700%2C400 2x"},"classes":[]},{"id":69751,"url":"https:\/\/noticiasribeiraopreto.com.br\/index.php\/2025\/05\/08\/dia-d-de-vacinacao-contra-gripe-acontece-em-ribeirao-veja-quando-e-locais-para-se-vacinar\/","url_meta":{"origin":76657,"position":5},"title":"&#8216;Dia D&#8217; de vacina\u00e7\u00e3o contra gripe acontece em Ribeir\u00e3o; Veja quando e locais para se vacinar","author":"noticiasribeiraopreto.com.br","date":"8 de May de 2025","format":false,"excerpt":"O \u201cDia D\u201d de vacina\u00e7\u00e3o contra gripe acontece neste s\u00e1bado (10), em Ribeir\u00e3o Preto, das 8h \u00e0s 16h30, em diferentes UBSs (Unidades B\u00e1sicas de Sa\u00fade) e UBDS (Unidade B\u00e1sica Distrital de Sa\u00fade) \u2013 veja abaixo. A a\u00e7\u00e3o faz parte da campanha nacional de imuniza\u00e7\u00e3o e \u00e9 voltada a pessoas pertencentes\u2026","rel":"","context":"In &quot;Not\u00edcias de Ribeir\u00e3o Preto-SP e Regi\u00e3o&quot;","block_context":{"text":"Not\u00edcias de Ribeir\u00e3o Preto-SP e Regi\u00e3o","link":"https:\/\/noticiasribeiraopreto.com.br\/index.php\/category\/noticias-de-ribeirao-preto-sp-e-regiao-ismael-colosi\/"},"img":{"alt_text":"","src":"https:\/\/i0.wp.com\/noticiasribeiraopreto.com.br\/wp-content\/uploads\/2025\/05\/vacinacao_h1n1_-_foto_fernando_gonzaga_2_2025-05-08_20-40-07.webp.webp?fit=1200%2C800&ssl=1&resize=350%2C200","width":350,"height":200,"srcset":"https:\/\/i0.wp.com\/noticiasribeiraopreto.com.br\/wp-content\/uploads\/2025\/05\/vacinacao_h1n1_-_foto_fernando_gonzaga_2_2025-05-08_20-40-07.webp.webp?fit=1200%2C800&ssl=1&resize=350%2C200 1x, https:\/\/i0.wp.com\/noticiasribeiraopreto.com.br\/wp-content\/uploads\/2025\/05\/vacinacao_h1n1_-_foto_fernando_gonzaga_2_2025-05-08_20-40-07.webp.webp?fit=1200%2C800&ssl=1&resize=525%2C300 1.5x, https:\/\/i0.wp.com\/noticiasribeiraopreto.com.br\/wp-content\/uploads\/2025\/05\/vacinacao_h1n1_-_foto_fernando_gonzaga_2_2025-05-08_20-40-07.webp.webp?fit=1200%2C800&ssl=1&resize=700%2C400 2x, https:\/\/i0.wp.com\/noticiasribeiraopreto.com.br\/wp-content\/uploads\/2025\/05\/vacinacao_h1n1_-_foto_fernando_gonzaga_2_2025-05-08_20-40-07.webp.webp?fit=1200%2C800&ssl=1&resize=1050%2C600 3x"},"classes":[]}],"jetpack_sharing_enabled":true,"jetpack_shortlink":"https:\/\/wp.me\/peQAOb-jWp","_links":{"self":[{"href":"https:\/\/noticiasribeiraopreto.com.br\/index.php\/wp-json\/wp\/v2\/posts\/76657","targetHints":{"allow":["GET"]}}],"collection":[{"href":"https:\/\/noticiasribeiraopreto.com.br\/index.php\/wp-json\/wp\/v2\/posts"}],"about":[{"href":"https:\/\/noticiasribeiraopreto.com.br\/index.php\/wp-json\/wp\/v2\/types\/post"}],"author":[{"embeddable":true,"href":"https:\/\/noticiasribeiraopreto.com.br\/index.php\/wp-json\/wp\/v2\/users\/1"}],"replies":[{"embeddable":true,"href":"https:\/\/noticiasribeiraopreto.com.br\/index.php\/wp-json\/wp\/v2\/comments?post=76657"}],"version-history":[{"count":0,"href":"https:\/\/noticiasribeiraopreto.com.br\/index.php\/wp-json\/wp\/v2\/posts\/76657\/revisions"}],"wp:featuredmedia":[{"embeddable":true,"href":"https:\/\/noticiasribeiraopreto.com.br\/index.php\/wp-json\/wp\/v2\/media\/76658"}],"wp:attachment":[{"href":"https:\/\/noticiasribeiraopreto.com.br\/index.php\/wp-json\/wp\/v2\/media?parent=76657"}],"wp:term":[{"taxonomy":"category","embeddable":true,"href":"https:\/\/noticiasribeiraopreto.com.br\/index.php\/wp-json\/wp\/v2\/categories?post=76657"},{"taxonomy":"post_tag","embeddable":true,"href":"https:\/\/noticiasribeiraopreto.com.br\/index.php\/wp-json\/wp\/v2\/tags?post=76657"}],"curies":[{"name":"wp","href":"https:\/\/api.w.org\/{rel}","templated":true}]}}