{"id":76659,"date":"2025-09-02T21:04:10","date_gmt":"2025-09-03T00:04:10","guid":{"rendered":"https:\/\/noticiasribeiraopreto.com.br\/index.php\/2025\/09\/02\/programa-distribui-leite-gratis-em-ribeirao-preto-veja-quem-pode-participar\/"},"modified":"2025-09-02T21:04:10","modified_gmt":"2025-09-03T00:04:10","slug":"programa-distribui-leite-gratis-em-ribeirao-preto-veja-quem-pode-participar","status":"publish","type":"post","link":"https:\/\/noticiasribeiraopreto.com.br\/index.php\/2025\/09\/02\/programa-distribui-leite-gratis-em-ribeirao-preto-veja-quem-pode-participar\/","title":{"rendered":"Programa distribui leite gr\u00e1tis em Ribeir\u00e3o Preto; veja quem pode participar"},"content":{"rendered":"<div class='code-block code-block-1' style='margin: 8px 0 8px auto; text-align: right; display: block; clear: both;'>\n<p><a href=\"https:\/\/wa.link\/vpicfd\"><img data-recalc-dims=\"1\" class=\"wp-image-4922\" style=\"aspect-ratio: 2.0253164556962027; width: 561px; height: auto;\" src=\"https:\/\/i0.wp.com\/ismaelcolosi.com.br\/wp-content\/uploads\/2023\/11\/grupo-de-empregos-whatsapp-e-facebook-ismael-colosi-vagas.jpg?ssl=1\" alt=\"\" \/><\/a><\/p>\n<!-- \/wp:image -->\n<\/div>\n<p> <br \/>\n<\/p>\n<div data-td-block-uid=\"tdi_95\">\n<div class=\"tdb-block-inner td-fix-index\">\n<p>O <strong>Projeto Vivaleite<\/strong>, do Governo de S\u00e3o Paulo, <mark style=\"background-color:#fcb900\" class=\"has-inline-color\">distribui leite pasteurizado fortificado com ferro e vitaminas A e D para crian\u00e7as e idosos de fam\u00edlias de baixa renda.<\/mark> A partir de 1\u00ba de setembro, o programa ampliou o atendimento na <strong>regi\u00e3o de Ribeir\u00e3o Preto<\/strong>, incluindo <strong>953 novas crian\u00e7as<\/strong>.<\/p>\n<h3 class=\"wp-block-heading\"><strong>Quem pode receber?<\/strong><\/h3>\n<p>O programa atende <strong>crian\u00e7as de 6 meses a 6 anos<\/strong> e <strong>idosos em situa\u00e7\u00e3o de vulnerabilidade<\/strong>, de acordo com os crit\u00e9rios definidos pelos munic\u00edpios. Fam\u00edlias j\u00e1 cadastradas podem <strong>incluir uma segunda crian\u00e7a<\/strong> que se enquadre nos crit\u00e9rios e receber a quantidade proporcional de leite.<\/p>\n<p>Para participar, as fam\u00edlias devem estar <strong>cadastradas em programas sociais<\/strong> ou<strong> comprovar renda compat\u00edvel com os crit\u00e9rios do munic\u00edpio<\/strong>. As prefeituras conveniadas e entidades parceiras realizam a inclus\u00e3o e a distribui\u00e7\u00e3o do leite.<\/p>\n<h3 class=\"wp-block-heading\"><strong>Como funciona a distribui\u00e7\u00e3o?<\/strong><\/h3>\n<p>Cada crian\u00e7a recebe <strong>15 litros de leite por m\u00eas<\/strong>. Fam\u00edlias com duas crian\u00e7as passam a receber <strong>30 litros mensais<\/strong>. O leite contribui para o <strong>crescimento e desenvolvimento das crian\u00e7as<\/strong> e auxilia na <strong>sa\u00fade \u00f3ssea e manuten\u00e7\u00e3o da massa muscular dos idosos<\/strong>.<\/p>\n<p>Atualmente, o programa atende <strong>280 mil pessoas no estado<\/strong>, distribuindo aproximadamente <strong>4,18 milh\u00f5es de litros de leite por m\u00eas<\/strong>.<\/p>\n<hr class=\"wp-block-separator has-alpha-channel-opacity\"\/>\n<p>SAIBA MAIS<\/p>\n<p>Entenda por que as obras de revitaliza\u00e7\u00e3o da Catedral de Ribeir\u00e3o ainda n\u00e3o come\u00e7aram<\/p>\n<p><strong>FIQUE ON<\/strong><\/p>\n<p>Fique ligado em tudo que acontece em Ribeir\u00e3o Preto e regi\u00e3o. Siga os perfis do\u00a0<strong>acidade on<\/strong>\u00a0no<a href=\"https:\/\/www.instagram.com\/acidadeonribeirao\" target=\"_blank\" rel=\"noreferrer noopener\">\u00a0Instagram\u00a0<\/a>e no\u00a0<a href=\"https:\/\/www.facebook.com\/acidadeonribeirao\/\" target=\"_blank\" rel=\"noreferrer noopener\">Facebook<\/a>.<\/p>\n<p>Receba not\u00edcias do<strong>\u00a0acidade on<\/strong>\u00a0no WhatsApp. Para entrar no grupo,\u00a0basta\u00a0<a href=\"https:\/\/chat.whatsapp.com\/I4nieTEMKlf50pJ28aMemC?mode=ac_t\" target=\"_blank\" rel=\"noreferrer noopener\">clicar aqui<\/a>. Ou, acesse o nosso\u00a0Canal\u00a0<a href=\"https:\/\/whatsapp.com\/channel\/0029Vb6IQl1JENyAeS57fk2p\" target=\"_blank\" rel=\"noreferrer noopener\">clicando aqui<\/a>.<\/p>\n<p>Fa\u00e7a uma den\u00fancia ou sugira uma reportagem sobre Ribeir\u00e3o Preto e regi\u00e3o pelo WhatsApp: 16 99117 7802.<\/p>\n<p>VEJA TAMB\u00c9M<\/p>\n<p>O que Virginia Fonseca falou sobre poss\u00edvel romance com Vini Jr?<\/p>\n<p><!-- AI CONTENT END 1 -->\n<\/div>\n<\/div>\n<p><script async src=\"\/\/www.instagram.com\/embed.js\"><\/script><br \/>\n<br \/><br \/>\n<br \/><a href=\"https:\/\/www.acidadeon.com\/ribeiraopreto\/cotidiano\/programa-distribui-leite-gratis-em-ribeirao-preto-veja-quem-pode-participar\/\">Source link <\/a><\/p>\n<!-- CONTENT END 1 -->\n","protected":false},"excerpt":{"rendered":"<p>O Projeto Vivaleite, do Governo de S\u00e3o Paulo, distribui leite pasteurizado fortificado com ferro e vitaminas A e D para crian\u00e7as e idosos de fam\u00edlias&#8230;<\/p>\n","protected":false},"author":1,"featured_media":76660,"comment_status":"open","ping_status":"open","sticky":false,"template":"","format":"standard","meta":{"advanced_seo_description":"","jetpack_seo_html_title":"","jetpack_seo_noindex":false,"jetpack_post_was_ever_published":false,"_jetpack_newsletter_access":"","_jetpack_dont_email_post_to_subs":false,"_jetpack_newsletter_tier_id":0,"_jetpack_memberships_contains_paywalled_content":false,"_jetpack_memberships_contains_paid_content":false,"footnotes":"","jetpack_publicize_message":"","jetpack_publicize_feature_enabled":true,"jetpack_social_post_already_shared":true,"jetpack_social_options":{"image_generator_settings":{"template":"highway","default_image_id":0,"font":"","enabled":false},"version":2}},"categories":[11],"tags":[],"class_list":["post-76659","post","type-post","status-publish","format-standard","has-post-thumbnail","hentry","category-noticias-de-ribeirao-preto-sp-e-regiao-ismael-colosi"],"jetpack_publicize_connections":[],"jetpack_featured_media_url":"https:\/\/i0.wp.com\/noticiasribeiraopreto.com.br\/wp-content\/uploads\/2025\/09\/Copia-de-Copia-de-Copia-de-TAMANHO-EXATO-PARA-FOTOS-NO-SISTEMA-NOVO-2025-09-02T173400.313_2025-09-02_20-34-28.webp.webp?fit=1200%2C675&ssl=1","jetpack-related-posts":[{"id":36104,"url":"https:\/\/noticiasribeiraopreto.com.br\/index.php\/2024\/02\/08\/governo-federal-define-o-valor-do-programa-bolsa-familia-para-quem-tem-2-filhos-confira\/","url_meta":{"origin":76659,"position":0},"title":"Governo Federal define o valor do Programa Bolsa Fam\u00edlia para quem tem 2 filhos; Confira!","author":"noticiasribeiraopreto.com.br","date":"8 de February de 2024","format":false,"excerpt":"Atendendo mais de 21 milh\u00f5es de domic\u00edlios em todo o Brasil, o programa Bolsa Fam\u00edlia paga uma mensalidade m\u00ednima de 600 reais \u00e0s fam\u00edlias cadastradas. No entanto, se voc\u00ea \u00e9 uma fam\u00edlia com dois filhos, voc\u00ea pode aumentar esse valor. Isso porque o programa federal faz uma s\u00e9rie de pagamentos\u2026","rel":"","context":"In &quot;Dinheiro e Investimento&quot;","block_context":{"text":"Dinheiro e Investimento","link":"https:\/\/noticiasribeiraopreto.com.br\/index.php\/category\/dinheiro-e-investimento-como-fazer-como-ganhar\/"},"img":{"alt_text":"","src":"https:\/\/i0.wp.com\/noticiasribeiraopreto.com.br\/wp-content\/uploads\/2024\/02\/Familia.png?fit=1200%2C630&ssl=1&resize=350%2C200","width":350,"height":200,"srcset":"https:\/\/i0.wp.com\/noticiasribeiraopreto.com.br\/wp-content\/uploads\/2024\/02\/Familia.png?fit=1200%2C630&ssl=1&resize=350%2C200 1x, https:\/\/i0.wp.com\/noticiasribeiraopreto.com.br\/wp-content\/uploads\/2024\/02\/Familia.png?fit=1200%2C630&ssl=1&resize=525%2C300 1.5x, https:\/\/i0.wp.com\/noticiasribeiraopreto.com.br\/wp-content\/uploads\/2024\/02\/Familia.png?fit=1200%2C630&ssl=1&resize=700%2C400 2x, https:\/\/i0.wp.com\/noticiasribeiraopreto.com.br\/wp-content\/uploads\/2024\/02\/Familia.png?fit=1200%2C630&ssl=1&resize=1050%2C600 3x"},"classes":[]},{"id":38779,"url":"https:\/\/noticiasribeiraopreto.com.br\/index.php\/2024\/02\/21\/meu-filho-estuda-em-escola-particular-posso-receber-o-bolsa-familia-saiba-detalhes\/","url_meta":{"origin":76659,"position":1},"title":"Meu filho estuda em Escola particular, posso receber o Bolsa Fam\u00edlia? Saiba detalhes","author":"noticiasribeiraopreto.com.br","date":"21 de February de 2024","format":false,"excerpt":"O Bolsa Fam\u00edlia \u00e9 um programa brasileiro de transfer\u00eancia de renda para fam\u00edlias em situa\u00e7\u00e3o de pobreza ou extrema pobreza. Uma das regras desse benef\u00edcio social \u00e9 a exig\u00eancia de frequentar a escola. No entanto, surge a d\u00favida se uma pessoa que recebeu o Bolsa Fam\u00edlia pode estudar em uma\u2026","rel":"","context":"In &quot;Dinheiro e Investimento&quot;","block_context":{"text":"Dinheiro e Investimento","link":"https:\/\/noticiasribeiraopreto.com.br\/index.php\/category\/dinheiro-e-investimento-como-fazer-como-ganhar\/"},"img":{"alt_text":"","src":"https:\/\/i0.wp.com\/noticiasribeiraopreto.com.br\/wp-content\/uploads\/2024\/02\/acao-8.webp.jpeg?fit=1200%2C630&ssl=1&resize=350%2C200","width":350,"height":200,"srcset":"https:\/\/i0.wp.com\/noticiasribeiraopreto.com.br\/wp-content\/uploads\/2024\/02\/acao-8.webp.jpeg?fit=1200%2C630&ssl=1&resize=350%2C200 1x, https:\/\/i0.wp.com\/noticiasribeiraopreto.com.br\/wp-content\/uploads\/2024\/02\/acao-8.webp.jpeg?fit=1200%2C630&ssl=1&resize=525%2C300 1.5x, https:\/\/i0.wp.com\/noticiasribeiraopreto.com.br\/wp-content\/uploads\/2024\/02\/acao-8.webp.jpeg?fit=1200%2C630&ssl=1&resize=700%2C400 2x, https:\/\/i0.wp.com\/noticiasribeiraopreto.com.br\/wp-content\/uploads\/2024\/02\/acao-8.webp.jpeg?fit=1200%2C630&ssl=1&resize=1050%2C600 3x"},"classes":[]},{"id":63182,"url":"https:\/\/noticiasribeiraopreto.com.br\/index.php\/2025\/02\/05\/ribeirao-abre-inscricoes-para-venda-de-moradias-a-preco-social-veja-como-participar\/","url_meta":{"origin":76659,"position":2},"title":"Ribeir\u00e3o abre inscri\u00e7\u00f5es para venda de moradias a pre\u00e7o social; Veja como participar","author":"noticiasribeiraopreto.com.br","date":"5 de February de 2025","format":false,"excerpt":"A Secretaria de Planejamento e Desenvolvimento de Ribeir\u00e3o Preto publicou edital para inscri\u00e7\u00f5es de pessoas interessas na compra de moradias a pre\u00e7o social. Ao todo, s\u00e3o ofertadas 182 unidades habitacionais em Ribeir\u00e3o Preto. Quem pode participar? O cadastro deve ser realizado no site do Programa Casa Paulista (clique aqui) no\u2026","rel":"","context":"In &quot;Not\u00edcias de Ribeir\u00e3o Preto-SP e Regi\u00e3o&quot;","block_context":{"text":"Not\u00edcias de Ribeir\u00e3o Preto-SP e Regi\u00e3o","link":"https:\/\/noticiasribeiraopreto.com.br\/index.php\/category\/noticias-de-ribeirao-preto-sp-e-regiao-ismael-colosi\/"},"img":{"alt_text":"","src":"https:\/\/i0.wp.com\/noticiasribeiraopreto.com.br\/wp-content\/uploads\/2025\/02\/minha-casa-minha-vida.jpeg?fit=768%2C441&ssl=1&resize=350%2C200","width":350,"height":200,"srcset":"https:\/\/i0.wp.com\/noticiasribeiraopreto.com.br\/wp-content\/uploads\/2025\/02\/minha-casa-minha-vida.jpeg?fit=768%2C441&ssl=1&resize=350%2C200 1x, https:\/\/i0.wp.com\/noticiasribeiraopreto.com.br\/wp-content\/uploads\/2025\/02\/minha-casa-minha-vida.jpeg?fit=768%2C441&ssl=1&resize=525%2C300 1.5x, https:\/\/i0.wp.com\/noticiasribeiraopreto.com.br\/wp-content\/uploads\/2025\/02\/minha-casa-minha-vida.jpeg?fit=768%2C441&ssl=1&resize=700%2C400 2x"},"classes":[]},{"id":22966,"url":"https:\/\/noticiasribeiraopreto.com.br\/index.php\/2023\/12\/31\/cadastro-unico-veja-lista-de-beneficios-garantidos-para-o-ano-de-2024\/","url_meta":{"origin":76659,"position":3},"title":"Cadastro \u00danico: Veja lista de benef\u00edcios garantidos para o ano de 2024","author":"noticiasribeiraopreto.com.br","date":"31 de December de 2023","format":false,"excerpt":"O Governo Federal criou o Cadastro \u00danico para reunir os dados dos benefici\u00e1rios dos programas sociais do Brasil. Quando um cidad\u00e3o \u00e9 inclu\u00eddo nesse cadastro, ele passa a fazer parte da lista de pessoas contempladas se atender aos crit\u00e9rios dos benef\u00edcios existentes. Em 2024, o Cadastro \u00danico continuar\u00e1 desempenhando seu\u2026","rel":"","context":"In &quot;Vagas de Emprego em Ribeir\u00e3o Preto-SP&quot;","block_context":{"text":"Vagas de Emprego em Ribeir\u00e3o Preto-SP","link":"https:\/\/noticiasribeiraopreto.com.br\/index.php\/category\/empregos-classificados-vagas-trabalho\/vagas-de-empregos-em-ribeirao-preto-regiao-brasil\/"},"img":{"alt_text":"","src":"","width":0,"height":0},"classes":[]},{"id":22956,"url":"https:\/\/noticiasribeiraopreto.com.br\/index.php\/2023\/12\/31\/bolsa-familia-2024-os-criterios-de-exclusao-no-programa-foram-divulgados\/","url_meta":{"origin":76659,"position":4},"title":"Bolsa Fam\u00edlia 2024: os crit\u00e9rios de exclus\u00e3o no programa foram divulgados","author":"noticiasribeiraopreto.com.br","date":"31 de December de 2023","format":false,"excerpt":"Por fim, sara se manter no Bolsa Fam\u00edlia 2024, \u00e9 imperativo que os benefici\u00e1rios cumpram estritamente as regras estabelecidas pelo programa. O n\u00e3o cumprimento destas normas resultar\u00e1 no bloqueio do benef\u00edcio para regulariza\u00e7\u00e3o, sendo que ap\u00f3s um per\u00edodo de 6 meses, ocorrer\u00e1 a exclus\u00e3o definitiva. Entretanto, existem circunst\u00e2ncias espec\u00edficas que\u2026","rel":"","context":"In &quot;Vagas de Emprego em Ribeir\u00e3o Preto-SP&quot;","block_context":{"text":"Vagas de Emprego em Ribeir\u00e3o Preto-SP","link":"https:\/\/noticiasribeiraopreto.com.br\/index.php\/category\/empregos-classificados-vagas-trabalho\/vagas-de-empregos-em-ribeirao-preto-regiao-brasil\/"},"img":{"alt_text":"","src":"","width":0,"height":0},"classes":[]},{"id":23117,"url":"https:\/\/noticiasribeiraopreto.com.br\/index.php\/2024\/01\/01\/cadunico-2024-confira-o-passo-a-passo-e-realize-a-sua-inscricao\/","url_meta":{"origin":76659,"position":5},"title":"CAD\u00daNICO 2024: Confira o passo a passo e realize a sua inscri\u00e7\u00e3o!","author":"noticiasribeiraopreto.com.br","date":"1 de January de 2024","format":false,"excerpt":"O Cad\u00danico, ou Cadastro \u00danico, \u00e9 um servi\u00e7o do Minist\u00e9rio do Desenvolvimento e Assist\u00eancia Social, Fam\u00edlia e Combate \u00e0 Fome, cujo objetivo \u00e9 obter informa\u00e7\u00f5es sobre fam\u00edlias de baixa renda e \u00e9 um requisito para diversos programas sociais do Governo Federal. Neste artigo, vamos explicar como se inscrever no Cad\u00danico\u2026","rel":"","context":"In &quot;Vagas de Emprego em Ribeir\u00e3o Preto-SP&quot;","block_context":{"text":"Vagas de Emprego em Ribeir\u00e3o Preto-SP","link":"https:\/\/noticiasribeiraopreto.com.br\/index.php\/category\/empregos-classificados-vagas-trabalho\/vagas-de-empregos-em-ribeirao-preto-regiao-brasil\/"},"img":{"alt_text":"","src":"","width":0,"height":0},"classes":[]}],"jetpack_sharing_enabled":true,"jetpack_shortlink":"https:\/\/wp.me\/peQAOb-jWr","_links":{"self":[{"href":"https:\/\/noticiasribeiraopreto.com.br\/index.php\/wp-json\/wp\/v2\/posts\/76659","targetHints":{"allow":["GET"]}}],"collection":[{"href":"https:\/\/noticiasribeiraopreto.com.br\/index.php\/wp-json\/wp\/v2\/posts"}],"about":[{"href":"https:\/\/noticiasribeiraopreto.com.br\/index.php\/wp-json\/wp\/v2\/types\/post"}],"author":[{"embeddable":true,"href":"https:\/\/noticiasribeiraopreto.com.br\/index.php\/wp-json\/wp\/v2\/users\/1"}],"replies":[{"embeddable":true,"href":"https:\/\/noticiasribeiraopreto.com.br\/index.php\/wp-json\/wp\/v2\/comments?post=76659"}],"version-history":[{"count":0,"href":"https:\/\/noticiasribeiraopreto.com.br\/index.php\/wp-json\/wp\/v2\/posts\/76659\/revisions"}],"wp:featuredmedia":[{"embeddable":true,"href":"https:\/\/noticiasribeiraopreto.com.br\/index.php\/wp-json\/wp\/v2\/media\/76660"}],"wp:attachment":[{"href":"https:\/\/noticiasribeiraopreto.com.br\/index.php\/wp-json\/wp\/v2\/media?parent=76659"}],"wp:term":[{"taxonomy":"category","embeddable":true,"href":"https:\/\/noticiasribeiraopreto.com.br\/index.php\/wp-json\/wp\/v2\/categories?post=76659"},{"taxonomy":"post_tag","embeddable":true,"href":"https:\/\/noticiasribeiraopreto.com.br\/index.php\/wp-json\/wp\/v2\/tags?post=76659"}],"curies":[{"name":"wp","href":"https:\/\/api.w.org\/{rel}","templated":true}]}}